{"id":3646,"date":"2009-12-31T11:04:23","date_gmt":"2009-12-31T08:04:23","guid":{"rendered":"http:\/\/localhost\/wordpress\/2009\/12\/31\/turkiyedeki-rock-muzigin-gelisiminin-onemli-onculerinden-bulutsuzluk-ozlemi-narteksnette\/"},"modified":"2009-12-31T11:04:23","modified_gmt":"2009-12-31T08:04:23","slug":"turkiyedeki-rock-muzigin-gelisiminin-onemli-onculerinden-bulutsuzluk-ozlemi-narteksnette","status":"publish","type":"post","link":"https:\/\/narteks.net\/index.php\/2009\/12\/31\/turkiyedeki-rock-muzigin-gelisiminin-onemli-onculerinden-bulutsuzluk-ozlemi-narteksnette\/","title":{"rendered":"T\u00fcrkiye&#8217;deki rock m\u00fczi\u011fin geli\u015fiminin \u00f6nemli \u00f6nc\u00fclerinden Bulutsuzluk \u00d6zlemi Narteks.net&#8217;te"},"content":{"rendered":"<p><strong><img loading=\"lazy\" decoding=\"async\" src=\"images\/stories\/bulutsuzluk_ozlemi.jpg\" border=\"0\" width=\"155\" height=\"205\" style=\"float: left;\" \/><\/strong><\/p>\n<p style=\"text-align: justify;\"><strong> <\/strong><\/p>\n<p style=\"text-align: justify;\">Bulutsuzluk \u00d6zlemi 1980li y\u0131llarda kurulmu\u015f ve ilk alb\u00fcm\u00fcn\u00fc  1986 y\u0131l\u0131nda \u00e7\u0131karm\u0131\u015ft\u0131r. T\u00fcrkiye rock grubu dendi\u011finde ilk akla gelen gruplardand\u0131r. Genellikle &#8220;protest m\u00fczik&#8221; yapmaktad\u0131r. 1990&#8217;lardaki \u00e7al\u0131\u015fmalar\u0131 ile T\u00fcrkiye&#8217;deki rock m\u00fczi\u011fin geli\u015fimine olanak sa\u011flayan Bulutsuzluk \u00d6zlemi, kendi t\u00fcrlerinin de ilklerinden biridir.Grup ad\u0131n\u0131 M\u00fcmtaz Soysal&#8217;\u0131n bir makalesinin ba\u015fl\u0131\u011f\u0131ndan alm\u0131\u015ft\u0131r. T\u00fcrkiye&#8217;nin ilk T\u00fcrk\u00e7e s\u00f6zl\u00fc alternatif rock yapan grubudur. Tarzlar\u0131, <span class=\"mw-redirect\">Anadolu Rock<\/span>&#8216;\u0131n d\u0131\u015f\u0131nda, &#8220;T\u00fcrk\u00e7e s\u00f6zl\u00fc rock yap\u0131labilir mi&#8221; sorusuna kar\u015f\u0131 tepki olarak geli\u015fmi\u015f, Bat\u0131 kaynakl\u0131 <span class=\"mw-redirect\">rock<\/span> melodi ve ritimleriyle Anadolu melodilerinin b\u00fct\u00fcnle\u015ftirilmesinden olu\u015fmu\u015ftur.Grup, \u015fark\u0131 s\u00f6zlerinde \u00f6zellikle sosyolojik, psikolojik, ekonomik ve politik konular\u0131 i\u015flemi\u015ftir. Grubun de\u011fi\u015fmeyen \u00fcyeleri; Nejat Yava\u015fo\u011fullar\u0131 ve Sina Kolo\u011flu&#8217;dur.<\/p>\n<p style=\"text-align: justify;\">Grup \u015fark\u0131 s\u00f6zlerinde <span class=\"mw-redirect\">sosyolojik<\/span>, <span class=\"mw-redirect\">psikolojik<\/span>, <span class=\"mw-redirect\">ekonomik<\/span> ve <span class=\"mw-redirect\">politik<\/span> konular\u0131 dikkate alm\u0131\u015ft\u0131r. Grupta Nejat Yava\u015fo\u011fullar\u0131, Sina Kolo\u011flu, Ak\u0131n Eldes, Sunay \u00d6zg\u00fcr, <span class=\"new\">Utku \u00dcnal<\/span>, Deniz Demir\u00f6z, Berke \u00d6zg\u00fcm\u00fc\u015f, Burak G\u00fcven, Serdar \u00d6ztop,<span class=\"new\">Kan\u00f6z Ozan<\/span> gibi m\u00fczisyenler yer alm\u0131\u015ft\u0131r.Irak Sava\u015f\u0131 s\u0131ras\u0131nda Nejat Yava\u015fo\u011fullar\u0131&#8217;n\u0131n gitar\u0131n\u0131n \u00fczerindeki &#8220;Sava\u015fa Hay\u0131r&#8221; yaz\u0131s\u0131 <span class=\"mw-redirect\">Power T\u00fcrk<\/span> televizyon kanal\u0131 taraf\u0131ndan silikle\u015ftirilmi\u015ftir. S\u00f6z konusu kanalda sonra yay\u0131ndan da kald\u0131r\u0131lan klip, gelen tepkiler \u00fczerine sans\u00fcrs\u00fcz olarak tekrar yay\u0131nlanm\u0131\u015ft\u0131r.<\/p>\n<div>\n<object width=\"480\" height=\"398\" data=\"http:\/\/www.dailymotion.com\/swf\/x1um1l&amp;related=0\" type=\"application\/x-shockwave-flash\"><param name=\"allowFullScreen\" value=\"true\" \/><param name=\"allowScriptAccess\" value=\"always\" \/><param name=\"src\" value=\"http:\/\/www.dailymotion.com\/swf\/x1um1l&amp;related=0\" \/><param name=\"allowfullscreen\" value=\"true\" \/><\/object><br \/>\n<br \/><strong><a href=\"http:\/\/www.dailymotion.com\/video\/x1um1l_bulutsuzluk-ozlemi-sozlerimi-geri_music\">Bulutsuzluk Ozlemi &#8211; Sozlerimi Geri<\/a><\/strong><br \/><em><a href=\"http:\/\/www.dailymotion.com\/tr\/channel\/music\"><br \/><\/a><\/em><\/div>\n<p><span class=\"image\">Alb\u00fcmleri:<br \/><\/span><\/p>\n<ul>\n<li><span class=\"mw-redirect\">Bulutsuzluk \u00f6zlemi<\/span> 1986<\/li>\n<li><span class=\"new\">U\u00e7tu u\u00e7tu<\/span> 1990<\/li>\n<li><span class=\"new\">G\u00fcne\u015fimden ka\u00e7<\/span> 1992<\/li>\n<li><span class=\"new\">Ya\u015famaya mecbursun<\/span> 1996<\/li>\n<li>Yol 1998<\/li>\n<li><span class=\"new\">Numara<\/span> 2001<\/li>\n<li><span class=\"mw-redirect\">Bulutsuzluk Senfoni<\/span> 2004<\/li>\n<li><span class=\"new\">Felluche\/Ba\u011fdat Kafe<\/span> 2005<\/li>\n<li><span class=\"new\">Bulutsuzluk \u00d6zlemi Box Set<\/span> 2006<\/li>\n<li>Bulutsuzluk 20 Ya\u015f\u0131nda (CD ve DVD) 2007<\/li>\n<li><span class=\"mw-redirect\">Bulutsuzluk Senfoni<\/span> DVD 2008<\/li>\n<li><span class=\"new\">Zamska<\/span> 2009<\/li>\n<\/ul>\n<div>\n<object width=\"480\" height=\"365\" data=\"http:\/\/www.dailymotion.com\/swf\/xabvh9&amp;related=0\" type=\"application\/x-shockwave-flash\"><param name=\"allowFullScreen\" value=\"true\" \/><param name=\"allowScriptAccess\" value=\"always\" \/><param name=\"src\" value=\"http:\/\/www.dailymotion.com\/swf\/xabvh9&amp;related=0\" \/><param name=\"allowfullscreen\" value=\"true\" \/><\/object><br \/>\n<br \/><strong><a href=\"http:\/\/www.dailymotion.com\/video\/xabvh9_bulutsuzluk-ozlemi-ruzgar-klibi_music\">Bulutsuzluk \u00d6zlemi R\u00fczgar klibi<\/a><\/strong><br \/><em><a href=\"http:\/\/www.dailymotion.com\/tr\/channel\/music\"><br \/><\/a><\/em><\/div>\n<p><strong><span id=\"G.C3.BCn.C3.BCm.C3.BCzdeki_.C3.9Cyeleri\" class=\"mw-headline\">G\u00fcn\u00fcm\u00fczdeki \u00dcyeleri<\/span><\/strong><span class=\"editsection\" style=\"font-size: x-small; font-weight: normal; float: none; margin-left: 0px;\"> <\/span><\/p>\n<ul>\n<li>Nejat Yava\u015fo\u011fullar\u0131 (Vokal Gitar)<\/li>\n<li><span class=\"new\">Gencay K\u0131ymaz<\/span> (davul)<\/li>\n<li>Sunay \u00d6zg\u00fcr (Bas gitar)<\/li>\n<li>Sina Kolo\u011flu (Klavye)<\/li>\n<li>Deniz Demir\u00f6z (solo gitar)<\/li>\n<\/ul>\n<p>\n<object width=\"400\" height=\"315\" data=\"http:\/\/www.humyo.com\/E\/10044311-281475153959347\/10044311-281475153961363\/10044311-281475153972867\/10044311-281475153978415\/10044311-281475153962765\/10044311-281475153982071\/10044311-281475153963145\/10044311-281475153964053\/10044311-281475153964901\/10044311-281475154000173\/10044311-281475153990597\/10044311-281475154005203\/10044311-281475154035845\/10044311-281475154011135\/10044311-281475154019777\/10044311-281475153965623\/10044311-281475153966473\/10044311-281475154029653\/10044311-281475154040747\" type=\"application\/x-shockwave-flash\"><param name=\"flashvars\" value=\"autostart=true&amp;imagestart=true&amp;displayheight=236\" \/><param name=\"src\" value=\"http:\/\/www.humyo.com\/E\/10044311-281475153959347\/10044311-281475153961363\/10044311-281475153972867\/10044311-281475153978415\/10044311-281475153962765\/10044311-281475153982071\/10044311-281475153963145\/10044311-281475153964053\/10044311-281475153964901\/10044311-281475154000173\/10044311-281475153990597\/10044311-281475154005203\/10044311-281475154035845\/10044311-281475154011135\/10044311-281475154019777\/10044311-281475153965623\/10044311-281475153966473\/10044311-281475154029653\/10044311-281475154040747\" \/><\/object><\/p>\n","protected":false},"excerpt":{"rendered":"<p>Bulutsuzluk \u00d6zlemi 1980li y\u0131llarda kurulmu\u015f ve ilk alb\u00fcm\u00fcn\u00fc 1986 y\u0131l\u0131nda \u00e7\u0131karm\u0131\u015ft\u0131r. T\u00fcrkiye rock grubu dendi\u011finde ilk akla gelen gruplardand\u0131r. Genellikle &#8220;protest m\u00fczik&#8221; yapmaktad\u0131r. 1990&#8217;lardaki \u00e7al\u0131\u015fmalar\u0131 ile T\u00fcrkiye&#8217;deki rock m\u00fczi\u011fin geli\u015fimine olanak sa\u011flayan Bulutsuzluk \u00d6zlemi, kendi t\u00fcrlerinin de ilklerinden biridir.Grup ad\u0131n\u0131 M\u00fcmtaz Soysal&#8217;\u0131n bir makalesinin ba\u015fl\u0131\u011f\u0131ndan alm\u0131\u015ft\u0131r. T\u00fcrkiye&#8217;nin ilk T\u00fcrk\u00e7e s\u00f6zl\u00fc alternatif rock yapan grubudur. Tarzlar\u0131, [&hellip;]<\/p>\n","protected":false},"author":1,"featured_media":0,"comment_status":"open","ping_status":"open","sticky":false,"template":"","format":"standard","meta":{"footnotes":""},"categories":[127],"tags":[],"class_list":{"0":"post-3646","1":"post","2":"type-post","3":"status-publish","4":"format-standard","6":"category-muzik-gruplari"},"yoast_head":"<!-- This site is optimized with the Yoast SEO Premium plugin v24.9 (Yoast SEO v24.9) - https:\/\/yoast.com\/wordpress\/plugins\/seo\/ -->\n<title>T\u00fcrkiye&#039;deki rock m\u00fczi\u011fin geli\u015fiminin \u00f6nemli \u00f6nc\u00fclerinden Bulutsuzluk \u00d6zlemi Narteks.net&#039;te - narteks.net<\/title>\n<meta name=\"robots\" content=\"index, follow, max-snippet:-1, max-image-preview:large, max-video-preview:-1\" \/>\n<link rel=\"canonical\" href=\"https:\/\/narteks.net\/index.php\/2009\/12\/31\/turkiyedeki-rock-muzigin-gelisiminin-onemli-onculerinden-bulutsuzluk-ozlemi-narteksnette\/\" \/>\n<meta property=\"og:locale\" content=\"tr_TR\" \/>\n<meta property=\"og:type\" content=\"article\" \/>\n<meta property=\"og:title\" content=\"T\u00fcrkiye&#039;deki rock m\u00fczi\u011fin geli\u015fiminin \u00f6nemli \u00f6nc\u00fclerinden Bulutsuzluk \u00d6zlemi Narteks.net&#039;te\" \/>\n<meta property=\"og:description\" content=\"Bulutsuzluk \u00d6zlemi 1980li y\u0131llarda kurulmu\u015f ve ilk alb\u00fcm\u00fcn\u00fc 1986 y\u0131l\u0131nda \u00e7\u0131karm\u0131\u015ft\u0131r. T\u00fcrkiye rock grubu dendi\u011finde ilk akla gelen gruplardand\u0131r. Genellikle &#8220;protest m\u00fczik&#8221; yapmaktad\u0131r. 1990&#8217;lardaki \u00e7al\u0131\u015fmalar\u0131 ile T\u00fcrkiye&#8217;deki rock m\u00fczi\u011fin geli\u015fimine olanak sa\u011flayan Bulutsuzluk \u00d6zlemi, kendi t\u00fcrlerinin de ilklerinden biridir.Grup ad\u0131n\u0131 M\u00fcmtaz Soysal&#8217;\u0131n bir makalesinin ba\u015fl\u0131\u011f\u0131ndan alm\u0131\u015ft\u0131r. T\u00fcrkiye&#8217;nin ilk T\u00fcrk\u00e7e s\u00f6zl\u00fc alternatif rock yapan grubudur. Tarzlar\u0131, [&hellip;]\" \/>\n<meta property=\"og:url\" content=\"https:\/\/narteks.net\/index.php\/2009\/12\/31\/turkiyedeki-rock-muzigin-gelisiminin-onemli-onculerinden-bulutsuzluk-ozlemi-narteksnette\/\" \/>\n<meta property=\"og:site_name\" content=\"narteks.net\" \/>\n<meta property=\"article:published_time\" content=\"2009-12-31T08:04:23+00:00\" \/>\n<meta property=\"og:image\" content=\"https:\/\/narteks.net\/wp-content\/uploads\/narteks.png\" \/>\n\t<meta property=\"og:image:width\" content=\"300\" \/>\n\t<meta property=\"og:image:height\" content=\"90\" \/>\n\t<meta property=\"og:image:type\" content=\"image\/png\" \/>\n<meta name=\"author\" content=\"Tar\u0131k\" \/>\n<meta name=\"twitter:card\" content=\"summary_large_image\" \/>\n<meta name=\"twitter:creator\" content=\"@narteks\" \/>\n<meta name=\"twitter:site\" content=\"@narteks\" \/>\n<meta name=\"twitter:label1\" content=\"Yazan:\" \/>\n\t<meta name=\"twitter:data1\" content=\"Tar\u0131k\" \/>\n\t<meta name=\"twitter:label2\" content=\"Tahmini okuma s\u00fcresi\" \/>\n\t<meta name=\"twitter:data2\" content=\"2 dakika\" \/>\n<script type=\"application\/ld+json\" class=\"yoast-schema-graph\">{\"@context\":\"https:\/\/schema.org\",\"@graph\":[{\"@type\":\"Article\",\"@id\":\"https:\/\/narteks.net\/index.php\/2009\/12\/31\/turkiyedeki-rock-muzigin-gelisiminin-onemli-onculerinden-bulutsuzluk-ozlemi-narteksnette\/#article\",\"isPartOf\":{\"@id\":\"https:\/\/narteks.net\/index.php\/2009\/12\/31\/turkiyedeki-rock-muzigin-gelisiminin-onemli-onculerinden-bulutsuzluk-ozlemi-narteksnette\/\"},\"author\":{\"name\":\"Tar\u0131k\",\"@id\":\"https:\/\/narteks.net\/#\/schema\/person\/61f37d9834294b72d31d274e7ed79bca\"},\"headline\":\"T\u00fcrkiye&#8217;deki rock m\u00fczi\u011fin geli\u015fiminin \u00f6nemli \u00f6nc\u00fclerinden Bulutsuzluk \u00d6zlemi Narteks.net&#8217;te\",\"datePublished\":\"2009-12-31T08:04:23+00:00\",\"mainEntityOfPage\":{\"@id\":\"https:\/\/narteks.net\/index.php\/2009\/12\/31\/turkiyedeki-rock-muzigin-gelisiminin-onemli-onculerinden-bulutsuzluk-ozlemi-narteksnette\/\"},\"wordCount\":344,\"commentCount\":0,\"publisher\":{\"@id\":\"https:\/\/narteks.net\/#organization\"},\"articleSection\":[\"M\u00fczik Gruplar\u0131\"],\"inLanguage\":\"tr\",\"potentialAction\":[{\"@type\":\"CommentAction\",\"name\":\"Comment\",\"target\":[\"https:\/\/narteks.net\/index.php\/2009\/12\/31\/turkiyedeki-rock-muzigin-gelisiminin-onemli-onculerinden-bulutsuzluk-ozlemi-narteksnette\/#respond\"]}]},{\"@type\":\"WebPage\",\"@id\":\"https:\/\/narteks.net\/index.php\/2009\/12\/31\/turkiyedeki-rock-muzigin-gelisiminin-onemli-onculerinden-bulutsuzluk-ozlemi-narteksnette\/\",\"url\":\"https:\/\/narteks.net\/index.php\/2009\/12\/31\/turkiyedeki-rock-muzigin-gelisiminin-onemli-onculerinden-bulutsuzluk-ozlemi-narteksnette\/\",\"name\":\"T\u00fcrkiye'deki rock m\u00fczi\u011fin geli\u015fiminin \u00f6nemli \u00f6nc\u00fclerinden Bulutsuzluk \u00d6zlemi Narteks.net'te - narteks.net\",\"isPartOf\":{\"@id\":\"https:\/\/narteks.net\/#website\"},\"datePublished\":\"2009-12-31T08:04:23+00:00\",\"breadcrumb\":{\"@id\":\"https:\/\/narteks.net\/index.php\/2009\/12\/31\/turkiyedeki-rock-muzigin-gelisiminin-onemli-onculerinden-bulutsuzluk-ozlemi-narteksnette\/#breadcrumb\"},\"inLanguage\":\"tr\",\"potentialAction\":[{\"@type\":\"ReadAction\",\"target\":[\"https:\/\/narteks.net\/index.php\/2009\/12\/31\/turkiyedeki-rock-muzigin-gelisiminin-onemli-onculerinden-bulutsuzluk-ozlemi-narteksnette\/\"]}]},{\"@type\":\"BreadcrumbList\",\"@id\":\"https:\/\/narteks.net\/index.php\/2009\/12\/31\/turkiyedeki-rock-muzigin-gelisiminin-onemli-onculerinden-bulutsuzluk-ozlemi-narteksnette\/#breadcrumb\",\"itemListElement\":[{\"@type\":\"ListItem\",\"position\":1,\"name\":\"Anasayfa\",\"item\":\"https:\/\/narteks.net\/\"},{\"@type\":\"ListItem\",\"position\":2,\"name\":\"T\u00fcrkiye&#8217;deki rock m\u00fczi\u011fin geli\u015fiminin \u00f6nemli \u00f6nc\u00fclerinden Bulutsuzluk \u00d6zlemi Narteks.net&#8217;te\"}]},{\"@type\":\"WebSite\",\"@id\":\"https:\/\/narteks.net\/#website\",\"url\":\"https:\/\/narteks.net\/\",\"name\":\"narteks.net\",\"description\":\"K\u00fclt\u00fcr Sanat Edebiyat Felsefe\",\"publisher\":{\"@id\":\"https:\/\/narteks.net\/#organization\"},\"alternateName\":\"K\u00fclt\u00fcr Sanat Edebiyat Felsefe\",\"potentialAction\":[{\"@type\":\"SearchAction\",\"target\":{\"@type\":\"EntryPoint\",\"urlTemplate\":\"https:\/\/narteks.net\/?s={search_term_string}\"},\"query-input\":{\"@type\":\"PropertyValueSpecification\",\"valueRequired\":true,\"valueName\":\"search_term_string\"}}],\"inLanguage\":\"tr\"},{\"@type\":\"Organization\",\"@id\":\"https:\/\/narteks.net\/#organization\",\"name\":\"narteks.net\",\"url\":\"https:\/\/narteks.net\/\",\"logo\":{\"@type\":\"ImageObject\",\"inLanguage\":\"tr\",\"@id\":\"https:\/\/narteks.net\/#\/schema\/logo\/image\/\",\"url\":\"https:\/\/narteks.net\/wp-content\/uploads\/narteks.png\",\"contentUrl\":\"https:\/\/narteks.net\/wp-content\/uploads\/narteks.png\",\"width\":300,\"height\":90,\"caption\":\"narteks.net\"},\"image\":{\"@id\":\"https:\/\/narteks.net\/#\/schema\/logo\/image\/\"},\"sameAs\":[\"https:\/\/x.com\/narteks\",\"https:\/\/instagram.com\/narteksnet\"]},{\"@type\":\"Person\",\"@id\":\"https:\/\/narteks.net\/#\/schema\/person\/61f37d9834294b72d31d274e7ed79bca\",\"name\":\"Tar\u0131k\",\"image\":{\"@type\":\"ImageObject\",\"inLanguage\":\"tr\",\"@id\":\"https:\/\/narteks.net\/#\/schema\/person\/image\/\",\"url\":\"https:\/\/secure.gravatar.com\/avatar\/50865afb55632c4ae467e0af0930f6510aa2297d8014be502a55b14f3b7550cf?s=96&d=mm&r=g\",\"contentUrl\":\"https:\/\/secure.gravatar.com\/avatar\/50865afb55632c4ae467e0af0930f6510aa2297d8014be502a55b14f3b7550cf?s=96&d=mm&r=g\",\"caption\":\"Tar\u0131k\"},\"sameAs\":[\"http:\/\/narteks.net\"],\"url\":\"https:\/\/narteks.net\/index.php\/author\/narbak\/\"}]}<\/script>\n<!-- \/ Yoast SEO Premium plugin. -->","yoast_head_json":{"title":"T\u00fcrkiye'deki rock m\u00fczi\u011fin geli\u015fiminin \u00f6nemli \u00f6nc\u00fclerinden Bulutsuzluk \u00d6zlemi Narteks.net'te - narteks.net","robots":{"index":"index","follow":"follow","max-snippet":"max-snippet:-1","max-image-preview":"max-image-preview:large","max-video-preview":"max-video-preview:-1"},"canonical":"https:\/\/narteks.net\/index.php\/2009\/12\/31\/turkiyedeki-rock-muzigin-gelisiminin-onemli-onculerinden-bulutsuzluk-ozlemi-narteksnette\/","og_locale":"tr_TR","og_type":"article","og_title":"T\u00fcrkiye'deki rock m\u00fczi\u011fin geli\u015fiminin \u00f6nemli \u00f6nc\u00fclerinden Bulutsuzluk \u00d6zlemi Narteks.net'te","og_description":"Bulutsuzluk \u00d6zlemi 1980li y\u0131llarda kurulmu\u015f ve ilk alb\u00fcm\u00fcn\u00fc 1986 y\u0131l\u0131nda \u00e7\u0131karm\u0131\u015ft\u0131r. T\u00fcrkiye rock grubu dendi\u011finde ilk akla gelen gruplardand\u0131r. Genellikle &#8220;protest m\u00fczik&#8221; yapmaktad\u0131r. 1990&#8217;lardaki \u00e7al\u0131\u015fmalar\u0131 ile T\u00fcrkiye&#8217;deki rock m\u00fczi\u011fin geli\u015fimine olanak sa\u011flayan Bulutsuzluk \u00d6zlemi, kendi t\u00fcrlerinin de ilklerinden biridir.Grup ad\u0131n\u0131 M\u00fcmtaz Soysal&#8217;\u0131n bir makalesinin ba\u015fl\u0131\u011f\u0131ndan alm\u0131\u015ft\u0131r. T\u00fcrkiye&#8217;nin ilk T\u00fcrk\u00e7e s\u00f6zl\u00fc alternatif rock yapan grubudur. Tarzlar\u0131, [&hellip;]","og_url":"https:\/\/narteks.net\/index.php\/2009\/12\/31\/turkiyedeki-rock-muzigin-gelisiminin-onemli-onculerinden-bulutsuzluk-ozlemi-narteksnette\/","og_site_name":"narteks.net","article_published_time":"2009-12-31T08:04:23+00:00","og_image":[{"width":300,"height":90,"url":"https:\/\/narteks.net\/wp-content\/uploads\/narteks.png","type":"image\/png"}],"author":"Tar\u0131k","twitter_card":"summary_large_image","twitter_creator":"@narteks","twitter_site":"@narteks","twitter_misc":{"Yazan:":"Tar\u0131k","Tahmini okuma s\u00fcresi":"2 dakika"},"schema":{"@context":"https:\/\/schema.org","@graph":[{"@type":"Article","@id":"https:\/\/narteks.net\/index.php\/2009\/12\/31\/turkiyedeki-rock-muzigin-gelisiminin-onemli-onculerinden-bulutsuzluk-ozlemi-narteksnette\/#article","isPartOf":{"@id":"https:\/\/narteks.net\/index.php\/2009\/12\/31\/turkiyedeki-rock-muzigin-gelisiminin-onemli-onculerinden-bulutsuzluk-ozlemi-narteksnette\/"},"author":{"name":"Tar\u0131k","@id":"https:\/\/narteks.net\/#\/schema\/person\/61f37d9834294b72d31d274e7ed79bca"},"headline":"T\u00fcrkiye&#8217;deki rock m\u00fczi\u011fin geli\u015fiminin \u00f6nemli \u00f6nc\u00fclerinden Bulutsuzluk \u00d6zlemi Narteks.net&#8217;te","datePublished":"2009-12-31T08:04:23+00:00","mainEntityOfPage":{"@id":"https:\/\/narteks.net\/index.php\/2009\/12\/31\/turkiyedeki-rock-muzigin-gelisiminin-onemli-onculerinden-bulutsuzluk-ozlemi-narteksnette\/"},"wordCount":344,"commentCount":0,"publisher":{"@id":"https:\/\/narteks.net\/#organization"},"articleSection":["M\u00fczik Gruplar\u0131"],"inLanguage":"tr","potentialAction":[{"@type":"CommentAction","name":"Comment","target":["https:\/\/narteks.net\/index.php\/2009\/12\/31\/turkiyedeki-rock-muzigin-gelisiminin-onemli-onculerinden-bulutsuzluk-ozlemi-narteksnette\/#respond"]}]},{"@type":"WebPage","@id":"https:\/\/narteks.net\/index.php\/2009\/12\/31\/turkiyedeki-rock-muzigin-gelisiminin-onemli-onculerinden-bulutsuzluk-ozlemi-narteksnette\/","url":"https:\/\/narteks.net\/index.php\/2009\/12\/31\/turkiyedeki-rock-muzigin-gelisiminin-onemli-onculerinden-bulutsuzluk-ozlemi-narteksnette\/","name":"T\u00fcrkiye'deki rock m\u00fczi\u011fin geli\u015fiminin \u00f6nemli \u00f6nc\u00fclerinden Bulutsuzluk \u00d6zlemi Narteks.net'te - narteks.net","isPartOf":{"@id":"https:\/\/narteks.net\/#website"},"datePublished":"2009-12-31T08:04:23+00:00","breadcrumb":{"@id":"https:\/\/narteks.net\/index.php\/2009\/12\/31\/turkiyedeki-rock-muzigin-gelisiminin-onemli-onculerinden-bulutsuzluk-ozlemi-narteksnette\/#breadcrumb"},"inLanguage":"tr","potentialAction":[{"@type":"ReadAction","target":["https:\/\/narteks.net\/index.php\/2009\/12\/31\/turkiyedeki-rock-muzigin-gelisiminin-onemli-onculerinden-bulutsuzluk-ozlemi-narteksnette\/"]}]},{"@type":"BreadcrumbList","@id":"https:\/\/narteks.net\/index.php\/2009\/12\/31\/turkiyedeki-rock-muzigin-gelisiminin-onemli-onculerinden-bulutsuzluk-ozlemi-narteksnette\/#breadcrumb","itemListElement":[{"@type":"ListItem","position":1,"name":"Anasayfa","item":"https:\/\/narteks.net\/"},{"@type":"ListItem","position":2,"name":"T\u00fcrkiye&#8217;deki rock m\u00fczi\u011fin geli\u015fiminin \u00f6nemli \u00f6nc\u00fclerinden Bulutsuzluk \u00d6zlemi Narteks.net&#8217;te"}]},{"@type":"WebSite","@id":"https:\/\/narteks.net\/#website","url":"https:\/\/narteks.net\/","name":"narteks.net","description":"K\u00fclt\u00fcr Sanat Edebiyat Felsefe","publisher":{"@id":"https:\/\/narteks.net\/#organization"},"alternateName":"K\u00fclt\u00fcr Sanat Edebiyat Felsefe","potentialAction":[{"@type":"SearchAction","target":{"@type":"EntryPoint","urlTemplate":"https:\/\/narteks.net\/?s={search_term_string}"},"query-input":{"@type":"PropertyValueSpecification","valueRequired":true,"valueName":"search_term_string"}}],"inLanguage":"tr"},{"@type":"Organization","@id":"https:\/\/narteks.net\/#organization","name":"narteks.net","url":"https:\/\/narteks.net\/","logo":{"@type":"ImageObject","inLanguage":"tr","@id":"https:\/\/narteks.net\/#\/schema\/logo\/image\/","url":"https:\/\/narteks.net\/wp-content\/uploads\/narteks.png","contentUrl":"https:\/\/narteks.net\/wp-content\/uploads\/narteks.png","width":300,"height":90,"caption":"narteks.net"},"image":{"@id":"https:\/\/narteks.net\/#\/schema\/logo\/image\/"},"sameAs":["https:\/\/x.com\/narteks","https:\/\/instagram.com\/narteksnet"]},{"@type":"Person","@id":"https:\/\/narteks.net\/#\/schema\/person\/61f37d9834294b72d31d274e7ed79bca","name":"Tar\u0131k","image":{"@type":"ImageObject","inLanguage":"tr","@id":"https:\/\/narteks.net\/#\/schema\/person\/image\/","url":"https:\/\/secure.gravatar.com\/avatar\/50865afb55632c4ae467e0af0930f6510aa2297d8014be502a55b14f3b7550cf?s=96&d=mm&r=g","contentUrl":"https:\/\/secure.gravatar.com\/avatar\/50865afb55632c4ae467e0af0930f6510aa2297d8014be502a55b14f3b7550cf?s=96&d=mm&r=g","caption":"Tar\u0131k"},"sameAs":["http:\/\/narteks.net"],"url":"https:\/\/narteks.net\/index.php\/author\/narbak\/"}]}},"_links":{"self":[{"href":"https:\/\/narteks.net\/index.php\/wp-json\/wp\/v2\/posts\/3646","targetHints":{"allow":["GET"]}}],"collection":[{"href":"https:\/\/narteks.net\/index.php\/wp-json\/wp\/v2\/posts"}],"about":[{"href":"https:\/\/narteks.net\/index.php\/wp-json\/wp\/v2\/types\/post"}],"author":[{"embeddable":true,"href":"https:\/\/narteks.net\/index.php\/wp-json\/wp\/v2\/users\/1"}],"replies":[{"embeddable":true,"href":"https:\/\/narteks.net\/index.php\/wp-json\/wp\/v2\/comments?post=3646"}],"version-history":[{"count":0,"href":"https:\/\/narteks.net\/index.php\/wp-json\/wp\/v2\/posts\/3646\/revisions"}],"wp:attachment":[{"href":"https:\/\/narteks.net\/index.php\/wp-json\/wp\/v2\/media?parent=3646"}],"wp:term":[{"taxonomy":"category","embeddable":true,"href":"https:\/\/narteks.net\/index.php\/wp-json\/wp\/v2\/categories?post=3646"},{"taxonomy":"post_tag","embeddable":true,"href":"https:\/\/narteks.net\/index.php\/wp-json\/wp\/v2\/tags?post=3646"}],"curies":[{"name":"wp","href":"https:\/\/api.w.org\/{rel}","templated":true}]}}