{"id":365,"date":"2009-03-02T14:41:38","date_gmt":"2009-03-02T11:41:38","guid":{"rendered":"http:\/\/localhost\/wordpress\/2009\/03\/02\/hapishanede-bir-sabah-turkusu\/"},"modified":"2009-03-02T14:41:38","modified_gmt":"2009-03-02T11:41:38","slug":"hapishanede-bir-sabah-turkusu","status":"publish","type":"post","link":"https:\/\/narteks.net\/index.php\/2009\/03\/02\/hapishanede-bir-sabah-turkusu\/","title":{"rendered":"Hapishanede Bir Sabah T\u00fcrk\u00fcs\u00fc"},"content":{"rendered":"<p>\u00a0<\/p>\n<p>Maltepe Askeri cezaevinin avlusunda<br \/>Sisler i\u00e7indeki B\u00fcy\u00fckada`n\u0131n kar\u015f\u0131s\u0131nda<br \/>Oturmu\u015f yazar\u0131m bu \u015fiiri<\/p>\n<p>Eyl\u00fcl ba\u015flar\u0131nda bir cumartesi sabah\u0131<br \/>Lodos titretiyor a\u011fa\u00e7lar\u0131<br \/>Ya\u011fmur geceden y\u0131kam\u0131\u015f \u00e7i\u00e7ekleri<\/p>\n<p>G\u00f6ky\u00fcz\u00fc mavi,bulutlar beyaz<br \/>Ard\u0131ndan bahar\u0131n ge\u00e7ti koca bir yaz<br \/>Hapisteyiz hala ve g\u00fcz\u00fcn ilk serinlikleri<\/p>\n<p>Avlunun d\u00f6rt yan\u0131 dikenli teller<br \/>Tellerin gerisinde n\u00f6bet\u00e7iler bekler<br \/>Kapan\u0131r uykusuzluktan g\u00f6zleri<\/p>\n<p>On g\u00fcnd\u00fcr \u00e7ocuk sesi duymad\u0131m<br \/>\u00d6zledim `baba` deyi\u015fini k\u0131z\u0131m\u0131n<br \/>\u00d6zledim beni g\u00f6r\u00fcnceki sevincini&#8230;<\/p>\n<p>Hayat\u0131m benim, k\u0131rk y\u0131ll\u0131k hayat\u0131m<br \/>Seni ba\u015farabildi\u011fimce d\u00fcr\u00fcst ya\u015fad\u0131m<br \/>\u0130\u00e7im burada da p\u0131r\u0131l p\u0131r\u0131l \u015fimdi<\/p>\n<p>Ge\u00e7er,g\u00fczelim,bu g\u00fcnler de ge\u00e7er<br \/>S\u00f6k\u00fcl\u00fcp at\u0131l\u0131r dikenli teller<br \/>Kopar\u0131r halk bir g\u00fcn zincirlerini<\/p>\n<p>Ataol BEHRAMO\u011eLU<\/p>\n","protected":false},"excerpt":{"rendered":"<p>\u00a0 Maltepe Askeri cezaevinin avlusundaSisler i\u00e7indeki B\u00fcy\u00fckada`n\u0131n kar\u015f\u0131s\u0131ndaOturmu\u015f yazar\u0131m bu \u015fiiri Eyl\u00fcl ba\u015flar\u0131nda bir cumartesi sabah\u0131Lodos titretiyor a\u011fa\u00e7lar\u0131Ya\u011fmur geceden y\u0131kam\u0131\u015f \u00e7i\u00e7ekleri G\u00f6ky\u00fcz\u00fc mavi,bulutlar beyazArd\u0131ndan bahar\u0131n ge\u00e7ti koca bir yazHapisteyiz hala ve g\u00fcz\u00fcn ilk serinlikleri Avlunun d\u00f6rt yan\u0131 dikenli tellerTellerin gerisinde n\u00f6bet\u00e7iler beklerKapan\u0131r uykusuzluktan g\u00f6zleri On g\u00fcnd\u00fcr \u00e7ocuk sesi duymad\u0131m\u00d6zledim `baba` deyi\u015fini k\u0131z\u0131m\u0131n\u00d6zledim beni g\u00f6r\u00fcnceki sevincini&#8230; [&hellip;]<\/p>\n","protected":false},"author":1,"featured_media":0,"comment_status":"open","ping_status":"open","sticky":false,"template":"","format":"standard","meta":{"footnotes":""},"categories":[10],"tags":[],"class_list":{"0":"post-365","1":"post","2":"type-post","3":"status-publish","4":"format-standard","6":"category-ataol-behramoglu"},"yoast_head":"<!-- This site is optimized with the Yoast SEO Premium plugin v24.9 (Yoast SEO v24.9) - https:\/\/yoast.com\/wordpress\/plugins\/seo\/ -->\n<title>Hapishanede Bir Sabah T\u00fcrk\u00fcs\u00fc - narteks.net<\/title>\n<meta name=\"robots\" content=\"index, follow, max-snippet:-1, max-image-preview:large, max-video-preview:-1\" \/>\n<link rel=\"canonical\" href=\"https:\/\/narteks.net\/index.php\/2009\/03\/02\/hapishanede-bir-sabah-turkusu\/\" \/>\n<meta property=\"og:locale\" content=\"tr_TR\" \/>\n<meta property=\"og:type\" content=\"article\" \/>\n<meta property=\"og:title\" content=\"Hapishanede Bir Sabah T\u00fcrk\u00fcs\u00fc\" \/>\n<meta property=\"og:description\" content=\"\u00a0 Maltepe Askeri cezaevinin avlusundaSisler i\u00e7indeki B\u00fcy\u00fckada`n\u0131n kar\u015f\u0131s\u0131ndaOturmu\u015f yazar\u0131m bu \u015fiiri Eyl\u00fcl ba\u015flar\u0131nda bir cumartesi sabah\u0131Lodos titretiyor a\u011fa\u00e7lar\u0131Ya\u011fmur geceden y\u0131kam\u0131\u015f \u00e7i\u00e7ekleri G\u00f6ky\u00fcz\u00fc mavi,bulutlar beyazArd\u0131ndan bahar\u0131n ge\u00e7ti koca bir yazHapisteyiz hala ve g\u00fcz\u00fcn ilk serinlikleri Avlunun d\u00f6rt yan\u0131 dikenli tellerTellerin gerisinde n\u00f6bet\u00e7iler beklerKapan\u0131r uykusuzluktan g\u00f6zleri On g\u00fcnd\u00fcr \u00e7ocuk sesi duymad\u0131m\u00d6zledim `baba` deyi\u015fini k\u0131z\u0131m\u0131n\u00d6zledim beni g\u00f6r\u00fcnceki sevincini&#8230; [&hellip;]\" \/>\n<meta property=\"og:url\" content=\"https:\/\/narteks.net\/index.php\/2009\/03\/02\/hapishanede-bir-sabah-turkusu\/\" \/>\n<meta property=\"og:site_name\" content=\"narteks.net\" \/>\n<meta property=\"article:published_time\" content=\"2009-03-02T11:41:38+00:00\" \/>\n<meta property=\"og:image\" content=\"https:\/\/narteks.net\/wp-content\/uploads\/narteks.png\" \/>\n\t<meta property=\"og:image:width\" content=\"300\" \/>\n\t<meta property=\"og:image:height\" content=\"90\" \/>\n\t<meta property=\"og:image:type\" content=\"image\/png\" \/>\n<meta name=\"author\" content=\"Tar\u0131k\" \/>\n<meta name=\"twitter:card\" content=\"summary_large_image\" \/>\n<meta name=\"twitter:creator\" content=\"@narteks\" \/>\n<meta name=\"twitter:site\" content=\"@narteks\" \/>\n<meta name=\"twitter:label1\" content=\"Yazan:\" \/>\n\t<meta name=\"twitter:data1\" content=\"Tar\u0131k\" \/>\n\t<meta name=\"twitter:label2\" content=\"Tahmini okuma s\u00fcresi\" \/>\n\t<meta name=\"twitter:data2\" content=\"1 dakika\" \/>\n<script type=\"application\/ld+json\" class=\"yoast-schema-graph\">{\"@context\":\"https:\/\/schema.org\",\"@graph\":[{\"@type\":\"Article\",\"@id\":\"https:\/\/narteks.net\/index.php\/2009\/03\/02\/hapishanede-bir-sabah-turkusu\/#article\",\"isPartOf\":{\"@id\":\"https:\/\/narteks.net\/index.php\/2009\/03\/02\/hapishanede-bir-sabah-turkusu\/\"},\"author\":{\"name\":\"Tar\u0131k\",\"@id\":\"https:\/\/narteks.net\/#\/schema\/person\/61f37d9834294b72d31d274e7ed79bca\"},\"headline\":\"Hapishanede Bir Sabah T\u00fcrk\u00fcs\u00fc\",\"datePublished\":\"2009-03-02T11:41:38+00:00\",\"mainEntityOfPage\":{\"@id\":\"https:\/\/narteks.net\/index.php\/2009\/03\/02\/hapishanede-bir-sabah-turkusu\/\"},\"wordCount\":158,\"commentCount\":0,\"publisher\":{\"@id\":\"https:\/\/narteks.net\/#organization\"},\"articleSection\":[\"Ataol BEHRAMOGLU\"],\"inLanguage\":\"tr\",\"potentialAction\":[{\"@type\":\"CommentAction\",\"name\":\"Comment\",\"target\":[\"https:\/\/narteks.net\/index.php\/2009\/03\/02\/hapishanede-bir-sabah-turkusu\/#respond\"]}]},{\"@type\":\"WebPage\",\"@id\":\"https:\/\/narteks.net\/index.php\/2009\/03\/02\/hapishanede-bir-sabah-turkusu\/\",\"url\":\"https:\/\/narteks.net\/index.php\/2009\/03\/02\/hapishanede-bir-sabah-turkusu\/\",\"name\":\"Hapishanede Bir Sabah T\u00fcrk\u00fcs\u00fc - narteks.net\",\"isPartOf\":{\"@id\":\"https:\/\/narteks.net\/#website\"},\"datePublished\":\"2009-03-02T11:41:38+00:00\",\"breadcrumb\":{\"@id\":\"https:\/\/narteks.net\/index.php\/2009\/03\/02\/hapishanede-bir-sabah-turkusu\/#breadcrumb\"},\"inLanguage\":\"tr\",\"potentialAction\":[{\"@type\":\"ReadAction\",\"target\":[\"https:\/\/narteks.net\/index.php\/2009\/03\/02\/hapishanede-bir-sabah-turkusu\/\"]}]},{\"@type\":\"BreadcrumbList\",\"@id\":\"https:\/\/narteks.net\/index.php\/2009\/03\/02\/hapishanede-bir-sabah-turkusu\/#breadcrumb\",\"itemListElement\":[{\"@type\":\"ListItem\",\"position\":1,\"name\":\"Anasayfa\",\"item\":\"https:\/\/narteks.net\/\"},{\"@type\":\"ListItem\",\"position\":2,\"name\":\"Hapishanede Bir Sabah T\u00fcrk\u00fcs\u00fc\"}]},{\"@type\":\"WebSite\",\"@id\":\"https:\/\/narteks.net\/#website\",\"url\":\"https:\/\/narteks.net\/\",\"name\":\"narteks.net\",\"description\":\"K\u00fclt\u00fcr Sanat Edebiyat Felsefe\",\"publisher\":{\"@id\":\"https:\/\/narteks.net\/#organization\"},\"alternateName\":\"K\u00fclt\u00fcr Sanat Edebiyat Felsefe\",\"potentialAction\":[{\"@type\":\"SearchAction\",\"target\":{\"@type\":\"EntryPoint\",\"urlTemplate\":\"https:\/\/narteks.net\/?s={search_term_string}\"},\"query-input\":{\"@type\":\"PropertyValueSpecification\",\"valueRequired\":true,\"valueName\":\"search_term_string\"}}],\"inLanguage\":\"tr\"},{\"@type\":\"Organization\",\"@id\":\"https:\/\/narteks.net\/#organization\",\"name\":\"narteks.net\",\"url\":\"https:\/\/narteks.net\/\",\"logo\":{\"@type\":\"ImageObject\",\"inLanguage\":\"tr\",\"@id\":\"https:\/\/narteks.net\/#\/schema\/logo\/image\/\",\"url\":\"https:\/\/narteks.net\/wp-content\/uploads\/narteks.png\",\"contentUrl\":\"https:\/\/narteks.net\/wp-content\/uploads\/narteks.png\",\"width\":300,\"height\":90,\"caption\":\"narteks.net\"},\"image\":{\"@id\":\"https:\/\/narteks.net\/#\/schema\/logo\/image\/\"},\"sameAs\":[\"https:\/\/x.com\/narteks\",\"https:\/\/instagram.com\/narteksnet\"]},{\"@type\":\"Person\",\"@id\":\"https:\/\/narteks.net\/#\/schema\/person\/61f37d9834294b72d31d274e7ed79bca\",\"name\":\"Tar\u0131k\",\"image\":{\"@type\":\"ImageObject\",\"inLanguage\":\"tr\",\"@id\":\"https:\/\/narteks.net\/#\/schema\/person\/image\/\",\"url\":\"https:\/\/secure.gravatar.com\/avatar\/50865afb55632c4ae467e0af0930f6510aa2297d8014be502a55b14f3b7550cf?s=96&d=mm&r=g\",\"contentUrl\":\"https:\/\/secure.gravatar.com\/avatar\/50865afb55632c4ae467e0af0930f6510aa2297d8014be502a55b14f3b7550cf?s=96&d=mm&r=g\",\"caption\":\"Tar\u0131k\"},\"sameAs\":[\"http:\/\/narteks.net\"],\"url\":\"https:\/\/narteks.net\/index.php\/author\/narbak\/\"}]}<\/script>\n<!-- \/ Yoast SEO Premium plugin. -->","yoast_head_json":{"title":"Hapishanede Bir Sabah T\u00fcrk\u00fcs\u00fc - narteks.net","robots":{"index":"index","follow":"follow","max-snippet":"max-snippet:-1","max-image-preview":"max-image-preview:large","max-video-preview":"max-video-preview:-1"},"canonical":"https:\/\/narteks.net\/index.php\/2009\/03\/02\/hapishanede-bir-sabah-turkusu\/","og_locale":"tr_TR","og_type":"article","og_title":"Hapishanede Bir Sabah T\u00fcrk\u00fcs\u00fc","og_description":"\u00a0 Maltepe Askeri cezaevinin avlusundaSisler i\u00e7indeki B\u00fcy\u00fckada`n\u0131n kar\u015f\u0131s\u0131ndaOturmu\u015f yazar\u0131m bu \u015fiiri Eyl\u00fcl ba\u015flar\u0131nda bir cumartesi sabah\u0131Lodos titretiyor a\u011fa\u00e7lar\u0131Ya\u011fmur geceden y\u0131kam\u0131\u015f \u00e7i\u00e7ekleri G\u00f6ky\u00fcz\u00fc mavi,bulutlar beyazArd\u0131ndan bahar\u0131n ge\u00e7ti koca bir yazHapisteyiz hala ve g\u00fcz\u00fcn ilk serinlikleri Avlunun d\u00f6rt yan\u0131 dikenli tellerTellerin gerisinde n\u00f6bet\u00e7iler beklerKapan\u0131r uykusuzluktan g\u00f6zleri On g\u00fcnd\u00fcr \u00e7ocuk sesi duymad\u0131m\u00d6zledim `baba` deyi\u015fini k\u0131z\u0131m\u0131n\u00d6zledim beni g\u00f6r\u00fcnceki sevincini&#8230; [&hellip;]","og_url":"https:\/\/narteks.net\/index.php\/2009\/03\/02\/hapishanede-bir-sabah-turkusu\/","og_site_name":"narteks.net","article_published_time":"2009-03-02T11:41:38+00:00","og_image":[{"width":300,"height":90,"url":"https:\/\/narteks.net\/wp-content\/uploads\/narteks.png","type":"image\/png"}],"author":"Tar\u0131k","twitter_card":"summary_large_image","twitter_creator":"@narteks","twitter_site":"@narteks","twitter_misc":{"Yazan:":"Tar\u0131k","Tahmini okuma s\u00fcresi":"1 dakika"},"schema":{"@context":"https:\/\/schema.org","@graph":[{"@type":"Article","@id":"https:\/\/narteks.net\/index.php\/2009\/03\/02\/hapishanede-bir-sabah-turkusu\/#article","isPartOf":{"@id":"https:\/\/narteks.net\/index.php\/2009\/03\/02\/hapishanede-bir-sabah-turkusu\/"},"author":{"name":"Tar\u0131k","@id":"https:\/\/narteks.net\/#\/schema\/person\/61f37d9834294b72d31d274e7ed79bca"},"headline":"Hapishanede Bir Sabah T\u00fcrk\u00fcs\u00fc","datePublished":"2009-03-02T11:41:38+00:00","mainEntityOfPage":{"@id":"https:\/\/narteks.net\/index.php\/2009\/03\/02\/hapishanede-bir-sabah-turkusu\/"},"wordCount":158,"commentCount":0,"publisher":{"@id":"https:\/\/narteks.net\/#organization"},"articleSection":["Ataol BEHRAMOGLU"],"inLanguage":"tr","potentialAction":[{"@type":"CommentAction","name":"Comment","target":["https:\/\/narteks.net\/index.php\/2009\/03\/02\/hapishanede-bir-sabah-turkusu\/#respond"]}]},{"@type":"WebPage","@id":"https:\/\/narteks.net\/index.php\/2009\/03\/02\/hapishanede-bir-sabah-turkusu\/","url":"https:\/\/narteks.net\/index.php\/2009\/03\/02\/hapishanede-bir-sabah-turkusu\/","name":"Hapishanede Bir Sabah T\u00fcrk\u00fcs\u00fc - narteks.net","isPartOf":{"@id":"https:\/\/narteks.net\/#website"},"datePublished":"2009-03-02T11:41:38+00:00","breadcrumb":{"@id":"https:\/\/narteks.net\/index.php\/2009\/03\/02\/hapishanede-bir-sabah-turkusu\/#breadcrumb"},"inLanguage":"tr","potentialAction":[{"@type":"ReadAction","target":["https:\/\/narteks.net\/index.php\/2009\/03\/02\/hapishanede-bir-sabah-turkusu\/"]}]},{"@type":"BreadcrumbList","@id":"https:\/\/narteks.net\/index.php\/2009\/03\/02\/hapishanede-bir-sabah-turkusu\/#breadcrumb","itemListElement":[{"@type":"ListItem","position":1,"name":"Anasayfa","item":"https:\/\/narteks.net\/"},{"@type":"ListItem","position":2,"name":"Hapishanede Bir Sabah T\u00fcrk\u00fcs\u00fc"}]},{"@type":"WebSite","@id":"https:\/\/narteks.net\/#website","url":"https:\/\/narteks.net\/","name":"narteks.net","description":"K\u00fclt\u00fcr Sanat Edebiyat Felsefe","publisher":{"@id":"https:\/\/narteks.net\/#organization"},"alternateName":"K\u00fclt\u00fcr Sanat Edebiyat Felsefe","potentialAction":[{"@type":"SearchAction","target":{"@type":"EntryPoint","urlTemplate":"https:\/\/narteks.net\/?s={search_term_string}"},"query-input":{"@type":"PropertyValueSpecification","valueRequired":true,"valueName":"search_term_string"}}],"inLanguage":"tr"},{"@type":"Organization","@id":"https:\/\/narteks.net\/#organization","name":"narteks.net","url":"https:\/\/narteks.net\/","logo":{"@type":"ImageObject","inLanguage":"tr","@id":"https:\/\/narteks.net\/#\/schema\/logo\/image\/","url":"https:\/\/narteks.net\/wp-content\/uploads\/narteks.png","contentUrl":"https:\/\/narteks.net\/wp-content\/uploads\/narteks.png","width":300,"height":90,"caption":"narteks.net"},"image":{"@id":"https:\/\/narteks.net\/#\/schema\/logo\/image\/"},"sameAs":["https:\/\/x.com\/narteks","https:\/\/instagram.com\/narteksnet"]},{"@type":"Person","@id":"https:\/\/narteks.net\/#\/schema\/person\/61f37d9834294b72d31d274e7ed79bca","name":"Tar\u0131k","image":{"@type":"ImageObject","inLanguage":"tr","@id":"https:\/\/narteks.net\/#\/schema\/person\/image\/","url":"https:\/\/secure.gravatar.com\/avatar\/50865afb55632c4ae467e0af0930f6510aa2297d8014be502a55b14f3b7550cf?s=96&d=mm&r=g","contentUrl":"https:\/\/secure.gravatar.com\/avatar\/50865afb55632c4ae467e0af0930f6510aa2297d8014be502a55b14f3b7550cf?s=96&d=mm&r=g","caption":"Tar\u0131k"},"sameAs":["http:\/\/narteks.net"],"url":"https:\/\/narteks.net\/index.php\/author\/narbak\/"}]}},"_links":{"self":[{"href":"https:\/\/narteks.net\/index.php\/wp-json\/wp\/v2\/posts\/365","targetHints":{"allow":["GET"]}}],"collection":[{"href":"https:\/\/narteks.net\/index.php\/wp-json\/wp\/v2\/posts"}],"about":[{"href":"https:\/\/narteks.net\/index.php\/wp-json\/wp\/v2\/types\/post"}],"author":[{"embeddable":true,"href":"https:\/\/narteks.net\/index.php\/wp-json\/wp\/v2\/users\/1"}],"replies":[{"embeddable":true,"href":"https:\/\/narteks.net\/index.php\/wp-json\/wp\/v2\/comments?post=365"}],"version-history":[{"count":0,"href":"https:\/\/narteks.net\/index.php\/wp-json\/wp\/v2\/posts\/365\/revisions"}],"wp:attachment":[{"href":"https:\/\/narteks.net\/index.php\/wp-json\/wp\/v2\/media?parent=365"}],"wp:term":[{"taxonomy":"category","embeddable":true,"href":"https:\/\/narteks.net\/index.php\/wp-json\/wp\/v2\/categories?post=365"},{"taxonomy":"post_tag","embeddable":true,"href":"https:\/\/narteks.net\/index.php\/wp-json\/wp\/v2\/tags?post=365"}],"curies":[{"name":"wp","href":"https:\/\/api.w.org\/{rel}","templated":true}]}}