{"id":3652,"date":"2010-01-01T21:25:16","date_gmt":"2010-01-01T18:25:16","guid":{"rendered":"http:\/\/localhost\/wordpress\/2010\/01\/01\/grup-yorumun-efsane-solisti-hilmi-yarayici-ve-sarkilari\/"},"modified":"2010-01-01T21:25:16","modified_gmt":"2010-01-01T18:25:16","slug":"grup-yorumun-efsane-solisti-hilmi-yarayici-ve-sarkilari","status":"publish","type":"post","link":"https:\/\/narteks.net\/index.php\/2010\/01\/01\/grup-yorumun-efsane-solisti-hilmi-yarayici-ve-sarkilari\/","title":{"rendered":"Grup Yorum&#8217;un efsane solisti | Hilmi Yaray\u0131c\u0131 ve \u015fark\u0131lar\u0131"},"content":{"rendered":"<p style=\"text-align: justify;\"><strong><img loading=\"lazy\" decoding=\"async\" src=\"images\/stories\/hilmiyarayici2.jpg\" border=\"0\" alt=\"hilmiyarayici\" width=\"155\" height=\"205\" style=\"float: left; border: 0;\" \/>Hilmi Yaray\u0131c\u0131<\/strong> (d. 1968, <span class=\"mw-redirect\">Antakya<\/span>), Antakya do\u011fumlu <span class=\"mw-redirect\">T\u00fcrk halk m\u00fczi\u011fi<\/span> ve <span class=\"new\">\u00f6zg\u00fcn m\u00fczik<\/span> sanat\u00e7\u0131s\u0131d\u0131r. 1988-1995 y\u0131llar\u0131 aras\u0131nda Grup Yorum&#8217;la \u00e7al\u0131\u015ft\u0131 bu tarihten sonra gruptan ayr\u0131lsa da konser ve alb\u00fcm \u00e7al\u0131\u015fmalar\u0131na destek verdi.Grup Yorumun efsane solisti olarak bilinir. 1993&#8217;de \u0130T\u00dc T\u00fcrk M\u00fczi\u011fi Devlet Konservatuvar\u0131&#8217;na girdi. \u0130T\u00dc \u00c7oksesli Bat\u0131 M\u00fczi\u011fi korosunda yer ald\u0131. Konservatuvar \u00f6ncesinde ve sonras\u0131nda opera hocalar\u0131ndan <span class=\"new\">\u015fan<\/span> dersleri ald\u0131.Alb\u00fcm \u00e7al\u0131\u015fmalar\u0131n\u0131n d\u0131\u015f\u0131nda &#8220;Seher Vakti&#8221; ve &#8220;\u0130lk G\u00f6z A\u011fr\u0131s\u0131&#8221; adl\u0131 tv dizilerinin ayr\u0131ca &#8220;A\u015fk Yolu&#8221; adl\u0131 televizyon filminin m\u00fcziklerini haz\u0131rlad\u0131.Ayr\u0131ca ba\u015frollerini Altan Erkekli,G\u00f6ksel Arsoy ve Nevra Serezli&#8217;nin payla\u015ft\u0131\u011f\u0131 &#8216;Unutulmayanlar&#8217; adl\u0131 filmin m\u00fcziklerini yapm\u0131\u015ft\u0131r.Halen kas\u0131mpa\u015fa \u00e7ok programl\u0131 lisesinde m\u00fczik \u00f6\u011fretmenli\u011fi yapmaktad\u0131r.<\/p>\n<h5><strong><span id=\"Alb.C3.BCmleri\" class=\"mw-headline\">Alb\u00fcmleri<\/span><\/strong><span class=\"editsection\" style=\"font-size: x-small; font-weight: normal; float: none; margin-left: 0px;\"> <\/span><\/h5>\n<p><strong>S\u00fcrg\u00fcn<\/strong><span class=\"editsection\" style=\"font-size: x-small; font-weight: normal; float: none; margin-left: 0px;\"> <\/span><\/p>\n<ol>\n<li>Gudileke<\/li>\n<li>Aya Bak Nice Gider<\/li>\n<li>K\u0131z\u0131l\u0131rmak<\/li>\n<li>Oy Bah\u00e7enize Ben Giremedim<\/li>\n<li>Burdur Bo\u011faz Havas\u0131<\/li>\n<li>Nereye<\/li>\n<li>Leylim Leylim<\/li>\n<li>Hanc\u0131<\/li>\n<li>K\u00f6pr\u00fcler Yapt\u0131rd\u0131m<\/li>\n<li>S\u00fcrg\u00fcn<\/li>\n<li>Bir \u00c7ift Turna<\/li>\n<li>Ay Han\u0131m<\/li>\n<li>Ta\u015fa \u00c7ald\u0131m Ayvam ile Nar\u0131m\u0131<\/li>\n<li>Remiks (Aya Bak Nice Gider)<\/li>\n<\/ol>\n<p><strong><span id=\"Sevdadan_Yana\" class=\"mw-headline\">Sevdadan Yana<\/span><\/strong><\/p>\n<h3><span class=\"editsection\" style=\"font-size: x-small; font-weight: normal; float: none; margin-left: 0px;\"> <\/span><\/h3>\n<ol>\n<li>Sevdadan Yana<\/li>\n<li>U\u011furlama<\/li>\n<li>Dersim<\/li>\n<li>Sevme Derim<\/li>\n<li>Kalanlara<\/li>\n<li>Ceren K\u0131z<\/li>\n<li>Mapushane<\/li>\n<li>Binti\u015f \u015eelebiya (Beyrut&#8217;lu Sanat\u00e7\u0131 Feyruz&#8217;un da s\u00f6yledi\u011fi Arap halk \u015fark\u0131s\u0131)<\/li>\n<li>Da\u011flar\u0131n T\u00fcrk\u00fcs\u00fc<\/li>\n<li>Yitik \u00dclke<\/li>\n<\/ol>\n<p><strong><span id=\"Salk.C4.B1m_S.C3.B6.C4.9F.C3.BCt_3\" class=\"mw-headline\">Salk\u0131m S\u00f6\u011f\u00fct 3<\/span><\/strong><\/p>\n<ol>\n<li>Leylican<\/li>\n<li>Erzurum&#8217;dan \u00c7evirdiler Yolumu<\/li>\n<li>Kerimo\u011flu<\/li>\n<li>Albeni Yar<\/li>\n<li>Emmo<\/li>\n<li>Sesimi \u015een B\u00fclb\u00fcllere Katsalar<\/li>\n<li>Da\u011flar<\/li>\n<\/ol>\n<p><embed type=\"application\/x-shockwave-flash\" width=\"400\" height=\"300\" src=\"http:\/\/www.humyo.com\/E\/10422871-281475393216691\/10422871-281475393217521\/10422871-281475393218553\/10422871-281475393219407\/10422871-281475393220419\/10422871-281475393221077\/10422871-281475393221889\/10422871-281475393222873\/10422871-281475393223907\/10422871-281475393224771\/10422871-281475393226055\/10422871-281475393227621\/10422871-281475393228755\/10422871-281475393229661\/10422871-281475393230885\/10422871-281475393231953?a=eLK1HVcoXyY%2Ciuh8f731Tt0%2CVB3a-t-NtC4%2C3jUoRwhQJKU%2CR4gb7AjHBMk%2CePtZaCEqe2Y%2CZQWV1X_FYxw%2Coi8ZtPXJlIk%2CKLwoeZBuWEE%2CH8qrc5Q_61s%2CL4-m4cYTaAo%2CwTDvfGyFexA%2CV4u1g8i09_4%2CMvv-aVtn_cI%2C9smLy5m1EMg%2Ckeo0DUozuqc\" flashvars=\"autostart=true&amp;\"><\/embed><\/p>\n","protected":false},"excerpt":{"rendered":"<p>Hilmi Yaray\u0131c\u0131 (d. 1968, Antakya), Antakya do\u011fumlu T\u00fcrk halk m\u00fczi\u011fi ve \u00f6zg\u00fcn m\u00fczik sanat\u00e7\u0131s\u0131d\u0131r. 1988-1995 y\u0131llar\u0131 aras\u0131nda Grup Yorum&#8217;la \u00e7al\u0131\u015ft\u0131 bu tarihten sonra gruptan ayr\u0131lsa da konser ve alb\u00fcm \u00e7al\u0131\u015fmalar\u0131na destek verdi.Grup Yorumun efsane solisti olarak bilinir. 1993&#8217;de \u0130T\u00dc T\u00fcrk M\u00fczi\u011fi Devlet Konservatuvar\u0131&#8217;na girdi. \u0130T\u00dc \u00c7oksesli Bat\u0131 M\u00fczi\u011fi korosunda yer ald\u0131. Konservatuvar \u00f6ncesinde ve sonras\u0131nda [&hellip;]<\/p>\n","protected":false},"author":1,"featured_media":0,"comment_status":"open","ping_status":"open","sticky":false,"template":"","format":"standard","meta":{"footnotes":""},"categories":[100],"tags":[],"class_list":["post-3652","post","type-post","status-publish","format-standard","category-muzisyenler"],"yoast_head":"<!-- This site is optimized with the Yoast SEO Premium plugin v24.9 (Yoast SEO v24.9) - https:\/\/yoast.com\/wordpress\/plugins\/seo\/ -->\n<title>Grup Yorum&#039;un efsane solisti | Hilmi Yaray\u0131c\u0131 ve \u015fark\u0131lar\u0131 - narteks.net<\/title>\n<meta name=\"robots\" content=\"index, follow, max-snippet:-1, max-image-preview:large, max-video-preview:-1\" \/>\n<link rel=\"canonical\" href=\"https:\/\/narteks.net\/index.php\/2010\/01\/01\/grup-yorumun-efsane-solisti-hilmi-yarayici-ve-sarkilari\/\" \/>\n<meta property=\"og:locale\" content=\"tr_TR\" \/>\n<meta property=\"og:type\" content=\"article\" \/>\n<meta property=\"og:title\" content=\"Grup Yorum&#039;un efsane solisti | Hilmi Yaray\u0131c\u0131 ve \u015fark\u0131lar\u0131\" \/>\n<meta property=\"og:description\" content=\"Hilmi Yaray\u0131c\u0131 (d. 1968, Antakya), Antakya do\u011fumlu T\u00fcrk halk m\u00fczi\u011fi ve \u00f6zg\u00fcn m\u00fczik sanat\u00e7\u0131s\u0131d\u0131r. 1988-1995 y\u0131llar\u0131 aras\u0131nda Grup Yorum&#8217;la \u00e7al\u0131\u015ft\u0131 bu tarihten sonra gruptan ayr\u0131lsa da konser ve alb\u00fcm \u00e7al\u0131\u015fmalar\u0131na destek verdi.Grup Yorumun efsane solisti olarak bilinir. 1993&#8217;de \u0130T\u00dc T\u00fcrk M\u00fczi\u011fi Devlet Konservatuvar\u0131&#8217;na girdi. \u0130T\u00dc \u00c7oksesli Bat\u0131 M\u00fczi\u011fi korosunda yer ald\u0131. Konservatuvar \u00f6ncesinde ve sonras\u0131nda [&hellip;]\" \/>\n<meta property=\"og:url\" content=\"https:\/\/narteks.net\/index.php\/2010\/01\/01\/grup-yorumun-efsane-solisti-hilmi-yarayici-ve-sarkilari\/\" \/>\n<meta property=\"og:site_name\" content=\"narteks.net\" \/>\n<meta property=\"article:published_time\" content=\"2010-01-01T18:25:16+00:00\" \/>\n<meta property=\"og:image\" content=\"https:\/\/narteks.net\/wp-content\/uploads\/narteks.png\" \/>\n\t<meta property=\"og:image:width\" content=\"300\" \/>\n\t<meta property=\"og:image:height\" content=\"90\" \/>\n\t<meta property=\"og:image:type\" content=\"image\/png\" \/>\n<meta name=\"author\" content=\"Tar\u0131k\" \/>\n<meta name=\"twitter:card\" content=\"summary_large_image\" \/>\n<meta name=\"twitter:creator\" content=\"@narteks\" \/>\n<meta name=\"twitter:site\" content=\"@narteks\" \/>\n<meta name=\"twitter:label1\" content=\"Yazan:\" \/>\n\t<meta name=\"twitter:data1\" content=\"Tar\u0131k\" \/>\n\t<meta name=\"twitter:label2\" content=\"Tahmini okuma s\u00fcresi\" \/>\n\t<meta name=\"twitter:data2\" content=\"1 dakika\" \/>\n<script type=\"application\/ld+json\" class=\"yoast-schema-graph\">{\"@context\":\"https:\/\/schema.org\",\"@graph\":[{\"@type\":\"Article\",\"@id\":\"https:\/\/narteks.net\/index.php\/2010\/01\/01\/grup-yorumun-efsane-solisti-hilmi-yarayici-ve-sarkilari\/#article\",\"isPartOf\":{\"@id\":\"https:\/\/narteks.net\/index.php\/2010\/01\/01\/grup-yorumun-efsane-solisti-hilmi-yarayici-ve-sarkilari\/\"},\"author\":{\"name\":\"Tar\u0131k\",\"@id\":\"https:\/\/narteks.net\/#\/schema\/person\/61f37d9834294b72d31d274e7ed79bca\"},\"headline\":\"Grup Yorum&#8217;un efsane solisti | Hilmi Yaray\u0131c\u0131 ve \u015fark\u0131lar\u0131\",\"datePublished\":\"2010-01-01T18:25:16+00:00\",\"mainEntityOfPage\":{\"@id\":\"https:\/\/narteks.net\/index.php\/2010\/01\/01\/grup-yorumun-efsane-solisti-hilmi-yarayici-ve-sarkilari\/\"},\"wordCount\":273,\"commentCount\":0,\"publisher\":{\"@id\":\"https:\/\/narteks.net\/#organization\"},\"articleSection\":[\"M\u00fczisyenler\"],\"inLanguage\":\"tr\",\"potentialAction\":[{\"@type\":\"CommentAction\",\"name\":\"Comment\",\"target\":[\"https:\/\/narteks.net\/index.php\/2010\/01\/01\/grup-yorumun-efsane-solisti-hilmi-yarayici-ve-sarkilari\/#respond\"]}]},{\"@type\":\"WebPage\",\"@id\":\"https:\/\/narteks.net\/index.php\/2010\/01\/01\/grup-yorumun-efsane-solisti-hilmi-yarayici-ve-sarkilari\/\",\"url\":\"https:\/\/narteks.net\/index.php\/2010\/01\/01\/grup-yorumun-efsane-solisti-hilmi-yarayici-ve-sarkilari\/\",\"name\":\"Grup Yorum'un efsane solisti | Hilmi Yaray\u0131c\u0131 ve \u015fark\u0131lar\u0131 - narteks.net\",\"isPartOf\":{\"@id\":\"https:\/\/narteks.net\/#website\"},\"datePublished\":\"2010-01-01T18:25:16+00:00\",\"breadcrumb\":{\"@id\":\"https:\/\/narteks.net\/index.php\/2010\/01\/01\/grup-yorumun-efsane-solisti-hilmi-yarayici-ve-sarkilari\/#breadcrumb\"},\"inLanguage\":\"tr\",\"potentialAction\":[{\"@type\":\"ReadAction\",\"target\":[\"https:\/\/narteks.net\/index.php\/2010\/01\/01\/grup-yorumun-efsane-solisti-hilmi-yarayici-ve-sarkilari\/\"]}]},{\"@type\":\"BreadcrumbList\",\"@id\":\"https:\/\/narteks.net\/index.php\/2010\/01\/01\/grup-yorumun-efsane-solisti-hilmi-yarayici-ve-sarkilari\/#breadcrumb\",\"itemListElement\":[{\"@type\":\"ListItem\",\"position\":1,\"name\":\"Anasayfa\",\"item\":\"https:\/\/narteks.net\/\"},{\"@type\":\"ListItem\",\"position\":2,\"name\":\"Grup Yorum&#8217;un efsane solisti | Hilmi Yaray\u0131c\u0131 ve \u015fark\u0131lar\u0131\"}]},{\"@type\":\"WebSite\",\"@id\":\"https:\/\/narteks.net\/#website\",\"url\":\"https:\/\/narteks.net\/\",\"name\":\"narteks.net\",\"description\":\"K\u00fclt\u00fcr Sanat Edebiyat Felsefe\",\"publisher\":{\"@id\":\"https:\/\/narteks.net\/#organization\"},\"alternateName\":\"K\u00fclt\u00fcr Sanat Edebiyat Felsefe\",\"potentialAction\":[{\"@type\":\"SearchAction\",\"target\":{\"@type\":\"EntryPoint\",\"urlTemplate\":\"https:\/\/narteks.net\/?s={search_term_string}\"},\"query-input\":{\"@type\":\"PropertyValueSpecification\",\"valueRequired\":true,\"valueName\":\"search_term_string\"}}],\"inLanguage\":\"tr\"},{\"@type\":\"Organization\",\"@id\":\"https:\/\/narteks.net\/#organization\",\"name\":\"narteks.net\",\"url\":\"https:\/\/narteks.net\/\",\"logo\":{\"@type\":\"ImageObject\",\"inLanguage\":\"tr\",\"@id\":\"https:\/\/narteks.net\/#\/schema\/logo\/image\/\",\"url\":\"https:\/\/narteks.net\/wp-content\/uploads\/narteks.png\",\"contentUrl\":\"https:\/\/narteks.net\/wp-content\/uploads\/narteks.png\",\"width\":300,\"height\":90,\"caption\":\"narteks.net\"},\"image\":{\"@id\":\"https:\/\/narteks.net\/#\/schema\/logo\/image\/\"},\"sameAs\":[\"https:\/\/x.com\/narteks\",\"https:\/\/instagram.com\/narteksnet\"]},{\"@type\":\"Person\",\"@id\":\"https:\/\/narteks.net\/#\/schema\/person\/61f37d9834294b72d31d274e7ed79bca\",\"name\":\"Tar\u0131k\",\"image\":{\"@type\":\"ImageObject\",\"inLanguage\":\"tr\",\"@id\":\"https:\/\/narteks.net\/#\/schema\/person\/image\/\",\"url\":\"https:\/\/secure.gravatar.com\/avatar\/50865afb55632c4ae467e0af0930f6510aa2297d8014be502a55b14f3b7550cf?s=96&d=mm&r=g\",\"contentUrl\":\"https:\/\/secure.gravatar.com\/avatar\/50865afb55632c4ae467e0af0930f6510aa2297d8014be502a55b14f3b7550cf?s=96&d=mm&r=g\",\"caption\":\"Tar\u0131k\"},\"sameAs\":[\"http:\/\/narteks.net\"],\"url\":\"https:\/\/narteks.net\/index.php\/author\/narbak\/\"}]}<\/script>\n<!-- \/ Yoast SEO Premium plugin. -->","yoast_head_json":{"title":"Grup Yorum'un efsane solisti | Hilmi Yaray\u0131c\u0131 ve \u015fark\u0131lar\u0131 - narteks.net","robots":{"index":"index","follow":"follow","max-snippet":"max-snippet:-1","max-image-preview":"max-image-preview:large","max-video-preview":"max-video-preview:-1"},"canonical":"https:\/\/narteks.net\/index.php\/2010\/01\/01\/grup-yorumun-efsane-solisti-hilmi-yarayici-ve-sarkilari\/","og_locale":"tr_TR","og_type":"article","og_title":"Grup Yorum'un efsane solisti | Hilmi Yaray\u0131c\u0131 ve \u015fark\u0131lar\u0131","og_description":"Hilmi Yaray\u0131c\u0131 (d. 1968, Antakya), Antakya do\u011fumlu T\u00fcrk halk m\u00fczi\u011fi ve \u00f6zg\u00fcn m\u00fczik sanat\u00e7\u0131s\u0131d\u0131r. 1988-1995 y\u0131llar\u0131 aras\u0131nda Grup Yorum&#8217;la \u00e7al\u0131\u015ft\u0131 bu tarihten sonra gruptan ayr\u0131lsa da konser ve alb\u00fcm \u00e7al\u0131\u015fmalar\u0131na destek verdi.Grup Yorumun efsane solisti olarak bilinir. 1993&#8217;de \u0130T\u00dc T\u00fcrk M\u00fczi\u011fi Devlet Konservatuvar\u0131&#8217;na girdi. \u0130T\u00dc \u00c7oksesli Bat\u0131 M\u00fczi\u011fi korosunda yer ald\u0131. Konservatuvar \u00f6ncesinde ve sonras\u0131nda [&hellip;]","og_url":"https:\/\/narteks.net\/index.php\/2010\/01\/01\/grup-yorumun-efsane-solisti-hilmi-yarayici-ve-sarkilari\/","og_site_name":"narteks.net","article_published_time":"2010-01-01T18:25:16+00:00","og_image":[{"width":300,"height":90,"url":"https:\/\/narteks.net\/wp-content\/uploads\/narteks.png","type":"image\/png"}],"author":"Tar\u0131k","twitter_card":"summary_large_image","twitter_creator":"@narteks","twitter_site":"@narteks","twitter_misc":{"Yazan:":"Tar\u0131k","Tahmini okuma s\u00fcresi":"1 dakika"},"schema":{"@context":"https:\/\/schema.org","@graph":[{"@type":"Article","@id":"https:\/\/narteks.net\/index.php\/2010\/01\/01\/grup-yorumun-efsane-solisti-hilmi-yarayici-ve-sarkilari\/#article","isPartOf":{"@id":"https:\/\/narteks.net\/index.php\/2010\/01\/01\/grup-yorumun-efsane-solisti-hilmi-yarayici-ve-sarkilari\/"},"author":{"name":"Tar\u0131k","@id":"https:\/\/narteks.net\/#\/schema\/person\/61f37d9834294b72d31d274e7ed79bca"},"headline":"Grup Yorum&#8217;un efsane solisti | Hilmi Yaray\u0131c\u0131 ve \u015fark\u0131lar\u0131","datePublished":"2010-01-01T18:25:16+00:00","mainEntityOfPage":{"@id":"https:\/\/narteks.net\/index.php\/2010\/01\/01\/grup-yorumun-efsane-solisti-hilmi-yarayici-ve-sarkilari\/"},"wordCount":273,"commentCount":0,"publisher":{"@id":"https:\/\/narteks.net\/#organization"},"articleSection":["M\u00fczisyenler"],"inLanguage":"tr","potentialAction":[{"@type":"CommentAction","name":"Comment","target":["https:\/\/narteks.net\/index.php\/2010\/01\/01\/grup-yorumun-efsane-solisti-hilmi-yarayici-ve-sarkilari\/#respond"]}]},{"@type":"WebPage","@id":"https:\/\/narteks.net\/index.php\/2010\/01\/01\/grup-yorumun-efsane-solisti-hilmi-yarayici-ve-sarkilari\/","url":"https:\/\/narteks.net\/index.php\/2010\/01\/01\/grup-yorumun-efsane-solisti-hilmi-yarayici-ve-sarkilari\/","name":"Grup Yorum'un efsane solisti | Hilmi Yaray\u0131c\u0131 ve \u015fark\u0131lar\u0131 - narteks.net","isPartOf":{"@id":"https:\/\/narteks.net\/#website"},"datePublished":"2010-01-01T18:25:16+00:00","breadcrumb":{"@id":"https:\/\/narteks.net\/index.php\/2010\/01\/01\/grup-yorumun-efsane-solisti-hilmi-yarayici-ve-sarkilari\/#breadcrumb"},"inLanguage":"tr","potentialAction":[{"@type":"ReadAction","target":["https:\/\/narteks.net\/index.php\/2010\/01\/01\/grup-yorumun-efsane-solisti-hilmi-yarayici-ve-sarkilari\/"]}]},{"@type":"BreadcrumbList","@id":"https:\/\/narteks.net\/index.php\/2010\/01\/01\/grup-yorumun-efsane-solisti-hilmi-yarayici-ve-sarkilari\/#breadcrumb","itemListElement":[{"@type":"ListItem","position":1,"name":"Anasayfa","item":"https:\/\/narteks.net\/"},{"@type":"ListItem","position":2,"name":"Grup Yorum&#8217;un efsane solisti | Hilmi Yaray\u0131c\u0131 ve \u015fark\u0131lar\u0131"}]},{"@type":"WebSite","@id":"https:\/\/narteks.net\/#website","url":"https:\/\/narteks.net\/","name":"narteks.net","description":"K\u00fclt\u00fcr Sanat Edebiyat Felsefe","publisher":{"@id":"https:\/\/narteks.net\/#organization"},"alternateName":"K\u00fclt\u00fcr Sanat Edebiyat Felsefe","potentialAction":[{"@type":"SearchAction","target":{"@type":"EntryPoint","urlTemplate":"https:\/\/narteks.net\/?s={search_term_string}"},"query-input":{"@type":"PropertyValueSpecification","valueRequired":true,"valueName":"search_term_string"}}],"inLanguage":"tr"},{"@type":"Organization","@id":"https:\/\/narteks.net\/#organization","name":"narteks.net","url":"https:\/\/narteks.net\/","logo":{"@type":"ImageObject","inLanguage":"tr","@id":"https:\/\/narteks.net\/#\/schema\/logo\/image\/","url":"https:\/\/narteks.net\/wp-content\/uploads\/narteks.png","contentUrl":"https:\/\/narteks.net\/wp-content\/uploads\/narteks.png","width":300,"height":90,"caption":"narteks.net"},"image":{"@id":"https:\/\/narteks.net\/#\/schema\/logo\/image\/"},"sameAs":["https:\/\/x.com\/narteks","https:\/\/instagram.com\/narteksnet"]},{"@type":"Person","@id":"https:\/\/narteks.net\/#\/schema\/person\/61f37d9834294b72d31d274e7ed79bca","name":"Tar\u0131k","image":{"@type":"ImageObject","inLanguage":"tr","@id":"https:\/\/narteks.net\/#\/schema\/person\/image\/","url":"https:\/\/secure.gravatar.com\/avatar\/50865afb55632c4ae467e0af0930f6510aa2297d8014be502a55b14f3b7550cf?s=96&d=mm&r=g","contentUrl":"https:\/\/secure.gravatar.com\/avatar\/50865afb55632c4ae467e0af0930f6510aa2297d8014be502a55b14f3b7550cf?s=96&d=mm&r=g","caption":"Tar\u0131k"},"sameAs":["http:\/\/narteks.net"],"url":"https:\/\/narteks.net\/index.php\/author\/narbak\/"}]}},"_links":{"self":[{"href":"https:\/\/narteks.net\/index.php\/wp-json\/wp\/v2\/posts\/3652","targetHints":{"allow":["GET"]}}],"collection":[{"href":"https:\/\/narteks.net\/index.php\/wp-json\/wp\/v2\/posts"}],"about":[{"href":"https:\/\/narteks.net\/index.php\/wp-json\/wp\/v2\/types\/post"}],"author":[{"embeddable":true,"href":"https:\/\/narteks.net\/index.php\/wp-json\/wp\/v2\/users\/1"}],"replies":[{"embeddable":true,"href":"https:\/\/narteks.net\/index.php\/wp-json\/wp\/v2\/comments?post=3652"}],"version-history":[{"count":0,"href":"https:\/\/narteks.net\/index.php\/wp-json\/wp\/v2\/posts\/3652\/revisions"}],"wp:attachment":[{"href":"https:\/\/narteks.net\/index.php\/wp-json\/wp\/v2\/media?parent=3652"}],"wp:term":[{"taxonomy":"category","embeddable":true,"href":"https:\/\/narteks.net\/index.php\/wp-json\/wp\/v2\/categories?post=3652"},{"taxonomy":"post_tag","embeddable":true,"href":"https:\/\/narteks.net\/index.php\/wp-json\/wp\/v2\/tags?post=3652"}],"curies":[{"name":"wp","href":"https:\/\/api.w.org\/{rel}","templated":true}]}}