{"id":3655,"date":"2010-01-02T14:03:34","date_gmt":"2010-01-02T11:03:34","guid":{"rendered":"http:\/\/localhost\/wordpress\/2010\/01\/02\/koma-amed-tum-albumleriyle-narteksnet-sayfalarinda\/"},"modified":"2010-01-02T14:03:34","modified_gmt":"2010-01-02T11:03:34","slug":"koma-amed-tum-albumleriyle-narteksnet-sayfalarinda","status":"publish","type":"post","link":"https:\/\/narteks.net\/index.php\/2010\/01\/02\/koma-amed-tum-albumleriyle-narteksnet-sayfalarinda\/","title":{"rendered":"Koma AMED T\u00fcm alb\u00fcmleriyle narteks.net sayfalar\u0131nda"},"content":{"rendered":"<p><img loading=\"lazy\" decoding=\"async\" src=\"images\/stories\/komaamed.jpg\" border=\"0\" width=\"155\" height=\"205\" style=\"float: left;\" \/><strong> <\/strong>1988.\u00a0\u00a0 Ankara<\/p>\n<p style=\"text-align: justify;\">K\u00fcrt kimli\u011finin,dili ve m\u00fczi\u011finin kendini ifade etme olanaklar\u0131ndan tamamen yoksun oldu\u011fu,ola\u011fan\u00fcst\u00fc zor \u015fartlar\u0131n h\u00fck\u00fcm s\u00fcrd\u00fc\u011f\u00fc y\u0131llar. T\u0131p fak\u00fcltesinde \u00f6\u011frenim g\u00f6ren bir grup \u00fcniversite \u00f6\u011frencisi m\u00fczik grubu olu\u015fturma d\u00fc\u015f\u00fcncesiyle bir araya gelir. Bu grup, T\u00fcrkiye&#8217;de ya\u015fayan K\u00fcrtlerin,amat\u00f6r bir d\u00fczey fakat profesyonel yakla\u015f\u0131mlarla olu\u015fturulmu\u015f &#8220;ilk m\u00fczik grubu&#8221; say\u0131labilir.1990 y\u0131l\u0131nda b\u00fcy\u00fck s\u0131k\u0131nt\u0131larla yarat\u0131lan teknik olanaklarla, ilk alb\u00fcm\u00fcn kayd\u0131n\u0131 yaparlar.Grup kendi ismini Koma AMED olarak kararla\u015ft\u0131r\u0131r. ve ard\u0131ndan Kulilka Azadi adl\u0131 ilk alb\u00fcmlerini \u00e7\u0131kar\u0131rlar 1991 y\u0131l\u0131nda k\u00fcrt\u00e7e hala yasakl\u0131d\u0131r. ve tabi ki alb\u00fcmde yasaklan\u0131r. Kulilka Azadi,k\u00fc\u00e7\u00fck bir teyple yap\u0131lan kopyalarla \u00e7o\u011falt\u0131larak elden ele halka ula\u015ft\u0131r\u0131l\u0131r. 1992 y\u0131l\u0131nda Kulilka Azadi &#8220;Yeni D\u00fcnya M\u00fczik&#8221; ten \u00e7\u0131kar.<\/p>\n<p>\u00a0<\/p>\n<p style=\"text-align: justify;\"><img loading=\"lazy\" decoding=\"async\" src=\"http:\/\/www.kommuzik.com.tr\/tr\/wp-content\/uploads\/2007\/12\/koma_amed_kulilka_azadi.jpg\" border=\"0\" width=\"155\" height=\"205\" style=\"float: left;\" \/><strong>KUL\u0130LKA AZAD\u0130<\/strong>: Derlemeler grup elemanlar\u0131n\u0131n kendilerine ait ve a\u011f\u0131rl\u0131kla Orta Anadolu&#8217;da ya\u015fayan K\u00fcrtlerin geleneksel ezgilerinden olu\u015fuyor.<br \/>Orijinali K\u00fcrt\u00e7e&#8217;nin Sorani leh\u00e7esinde s\u00f6ylenen ve T\u00fcrk\u00e7e&#8217;ye &#8220;A\u011flama Yar&#8221; ad\u0131yla d\u00f6n\u00fc\u015ft\u00fcr\u00fclen halk ezgisi &#8220;Seyran Mangi&#8221;de grubun derlemeleri aras\u0131nda yer al\u0131yor.<br \/>Beste \u00e7al\u0131\u015fmalar\u0131 i\u00e7inde kendi yazd\u0131klar\u0131 s\u00f6zler d\u0131\u015f\u0131nda Muzaffer \u0130lhan ERDOST&#8217; un &#8220;\u00d6zg\u00fcrl\u00fck G\u00fcl\u00fc &#8221; \u015fiirinin K\u00fcrt\u00e7e \u00e7evirisiyle bir C\u0130GERXW\u0130N \u015fiiri yer al\u0131yor.<br \/>\u0130talyan Halk Ezgisi &#8220;\u00c7av Bella&#8221; ilk kez bu alb\u00fcmde ve Koma Amed \u00e7evirisiyle K\u00fcrt\u00e7e&#8217;ye uyarland\u0131.<br \/>Grubun alb\u00fcm\u00fcnde yer alan bir ba\u015fka uyarlama, &#8220;Telli Telli&#8221; M. MUNGAN \/ M. LOIZOS imzalar\u0131n\u0131 ta\u015f\u0131yor. Bu \u015fark\u0131n\u0131n bir \u00f6zelli\u011fi de alb\u00fcm kay\u0131tlar\u0131n\u0131n yap\u0131labilmesi i\u00e7in st\u00fcdyo sahiplerini ikna etmeye olduk\u00e7a yard\u0131mc\u0131 olmu\u015f olmas\u0131.Kulilka Azadi i\u00e7inde; Evd\u0131lmelik \u015eexbekir, G\u00fcl\u015fen \u00c7etin, Sava\u015f \u00c7akmak, Rohat Kutlay, Fikri Kutlay, Ahmet Kaya ve Kart yer ald\u0131lar.Alb\u00fcmde s\u00f6z, m\u00fczik, derleme, \u00e7eviri ve uyarlamalara imza atm\u0131\u015f ve a\u011f\u0131rl\u0131kl\u0131 solist olarak yer alan Evd\u0131lmelik \u015eEXBEK\u0130R ayn\u0131 zamanda K\u00fcrt M\u00fczi\u011finde bir\u00e7ok &#8220;ilk&#8221; e imza atarak 1992 y\u0131l\u0131nda \u00f6zg\u00fcrle\u015fme m\u00fccadelesi i\u00e7inde ya\u015fama veda etti.<\/p>\n<p>1993<br \/>Istanbul- K\u00fcrt dili, k\u00fclt\u00fcr\u00fc ve m\u00fczi\u011finin geli\u015fimi i\u00e7in kurumla\u015fmalar\u0131n geli\u015fti\u011fi y\u0131llar.Koma Amed \u00e7al\u0131\u015fmalar\u0131n\u0131 \u0130stanbul&#8217; a &#8221; Mezopotamya K\u00fclt\u00fcr Merkezi &#8220;ne ta\u015f\u0131d\u0131.Ve daha yo\u011fun bir \u00e7al\u0131\u015fma d\u00f6nemi ba\u015flad\u0131.Koma Amed ge\u00e7irdi\u011fi bu y\u0131llar i\u00e7inde hi\u00e7 sahneye \u00e7\u0131kmad\u0131, \u00e7\u0131kamad\u0131.Baz\u0131 k\u00fc\u00e7\u00fck kitlesel bulu\u015fmalarda ve yaln\u0131zca bir d\u00fc\u011f\u00fcnde (1991) halkla y\u00fcz y\u00fcze ezgilerini sunabildi.<br \/>1994<br \/>Koma Amed&#8217;in sahne prati\u011fi i\u00e7in ilk ve olduk\u00e7a \u00f6nemli tecr\u00fcbelerin ya\u015fand\u0131\u011f\u0131 bir y\u0131l.Grubun Haziran ay\u0131nda halka a\u00e7\u0131k olarak verdi\u011fi konser K\u00fcrt m\u00fczi\u011finin (kendi kurumlar\u0131 d\u0131\u015f\u0131nda)T\u00fcrkiye co\u011frafyas\u0131nda verilen &#8221; ilk solo konser&#8221; iydi.\u0130zin al\u0131nmas\u0131 gereken hi\u00e7bir etkinlik ba\u015fvurusu K\u00fcrt isimli gruplara a\u00e7\u0131k de\u011fildi .Koma Amed, birka\u00e7 Avrupa \u00fclkesinde K\u00fcrtlerin b\u00fcy\u00fck kitlesel kat\u0131l\u0131mlar g\u00f6sterdi\u011fi politik ve k\u00fclt\u00fcrel bulu\u015fmalar\u0131na \u00e7a\u011fr\u0131larak sahne ald\u0131.<br \/>1995<br \/>K\u00fcrtlerin sosyal, siyasal, ve k\u00fclt\u00fcrel ifadelerinin daha g\u00fc\u00e7l\u00fc hayat buldu\u011fu bir d\u00f6nem.K\u00fcrt m\u00fczi\u011fi kaynaklar\u0131 daha olanakl\u0131 ve yo\u011fun \u00e7abalarla a\u00e7\u0131\u011fa \u00e7\u0131kar\u0131l\u0131yor, giderek yeni ve \u00e7ok \u00e7e\u015fitli yorumlarla bulu\u015fuyor.Birey ve ekip \u00e7al\u0131\u015fmalar\u0131nda tecr\u00fcbeler geli\u015fiyor, deneysel yorumlar zenginle\u015fiyor.Koma Amed, gruba kat\u0131lan yeni elemanlar\u0131yla yeni bir alb\u00fcm haz\u0131rlad\u0131.&#8221;Ag\u0131r u M\u0131rov&#8221; ad\u0131 verilen alb\u00fcm, 1995 de Anadolu M\u00fczik&#8217;ten Kom M\u00fczik&#8217;den \u00e7\u0131kt\u0131.<br \/><img loading=\"lazy\" decoding=\"async\" src=\"http:\/\/www.kommuzik.com.tr\/tr\/wp-content\/uploads\/2007\/12\/koma_amed_agiru_mirov.jpg\" border=\"0\" width=\"155\" height=\"205\" style=\"float: left;\" \/><strong>AGIR \u00db MIROV<\/strong><br \/>Farkl\u0131 renk ve g\u0131rtlak \u00f6zellikli seslerin bulu\u015ftu\u011fu grup, bir\u00e7ok b\u00f6lgeden derlemelerini ve beste \u00e7al\u0131\u015fmalar\u0131n\u0131 yorumlad\u0131.Koma Amed, d\u00fczenlemelerine imza att\u0131klar\u0131 bu ikinci alb\u00fcmlerinde K\u00fcrt\u00e7e&#8217;nin \u00fc\u00e7 leh\u00e7esine de yer verdi.Serhat, Mardin, Malatya ve Urmiye&#8217;den se\u00e7ilen 6 halk ezgisinin 4 \u00fc Koma Amed derlemesi.Grup,d\u00f6nemin t\u00fcm yak\u0131c\u0131l\u0131\u011f\u0131 i\u00e7inden olu\u015fturdu\u011fu m\u00fczikal duyarl\u0131l\u0131\u011f\u0131n\u0131 da 5 beste \u00e7al\u0131\u015fmas\u0131yla alb\u00fcm\u00fcne yans\u0131tt\u0131.Alb\u00fcmde H.KAYTAN imzas\u0131yla K\u00fcrt\u00e7e&#8217;ye uyarlanm\u0131\u015f bir Fars mar\u015f\u0131 da yer al\u0131yor.Ag\u0131r u M\u0131rov i\u00e7inde; Serhat , Merdan, Birkan, Fikri, Memo, Ahmet, Mehmet, Evin ve S\u00fcleyman yer ald\u0131lar.Ayn\u0131 y\u0131l\u0131n \u015eubat ay\u0131nda \u0130talya&#8217;daki bir grup belediyenin \u00e7a\u011fr\u0131s\u0131 \u00fczerine 13 \u015fehri kapsayan &#8220;SERHILDAN&#8221; adl\u0131 turnesini ger\u00e7ekle\u015ftirdi.<br \/>Bu, Avrupal\u0131lar\u0131n bir K\u00fcrt m\u00fczik grubuna yapt\u0131\u011f\u0131 &#8220;ilk turne \u00e7a\u011fr\u0131s\u0131&#8221;yd\u0131.Koma Amed ve K\u00fcrt dilini kullanan t\u00fcm m\u00fczisyenler, politik dengeler nedeniyle ekonomik ve sosyal olarak hi\u00e7bir zaman profesyonel \u00e7al\u0131\u015fma olanaklar\u0131na sahip olamad\u0131lar.Bu profesyonel bak\u0131\u015fa engel olmasa da, \u00f6zg\u00fcr yarat\u0131m ve sunum hakk\u0131n\u0131 ortadan kald\u0131ran bir ger\u00e7ek olarak halen ya\u015fan\u0131yor.Bu ko\u015fullar Koma Amed elemanlar\u0131nda da s\u00fcrekli bir ak\u0131\u015f\u0131 ve de\u011fi\u015fikli\u011fi mecbur k\u0131ld\u0131.<br \/>1997<br \/>Bu y\u0131llarda bir\u00e7ok Avrupa \u00fclkesinde, T\u00fcrkiye metropollerinde \u00e7e\u015fitli konser ve etkinliklerde ezgilerini sunan Koma Amed&#8217; in yeni d\u00fc\u015f\u00fcncesi uzun s\u00fcreden beri derledikleri ve sahne repertuarlar\u0131nda yo\u011funca yer verdikleri halk ezgilerini bir alb\u00fcmde toparlamak \u00fczerinde geli\u015fti.Yar\u0131s\u0131 \u0130stanbul yar\u0131s\u0131 Avrupa&#8217; da ya\u015famak zorunda b\u0131rak\u0131lm\u0131\u015f elemanlar\u0131yla Koma Amed, iki ayr\u0131 st\u00fcdyo kayd\u0131yla &#8221; Dergu\u015f &#8221; ismini verdi\u011fi \u00e7al\u0131\u015fmas\u0131n\u0131 tamamlad\u0131.Alb\u00fcm 1997 y\u0131l\u0131nda Ses Plak&#8217; tan 1998 de Kom M\u00fczik&#8217; ten \u00e7\u0131kt\u0131.<br \/><img loading=\"lazy\" decoding=\"async\" src=\"http:\/\/www.kommuzik.com.tr\/tr\/wp-content\/uploads\/2007\/12\/koma_admed_dergus.jpg\" border=\"0\" width=\"155\" height=\"205\" style=\"float: left;\" \/><strong>DERGU\u015e<\/strong><br \/>Derleme ve d\u00fczenlemeleri Koma Amed imzas\u0131 ta\u015f\u0131yan bu alb\u00fcmde Serhat ve Botan b\u00f6lgesi ezgileri yer ald\u0131.Vokal ve enstruman d\u00fczenlemelerinde \u00f6nceki alb\u00fcmlerden farkl\u0131 deneysel yakla\u015f\u0131mlarla bulu\u015fturulan K\u00fcrt halk ezgilerini bu alb\u00fcmde 5 ayr\u0131 solo ses yorumlad\u0131.Grubun, K\u00fcrt m\u00fczi\u011fi kayna\u011f\u0131na ve bu kayna\u011f\u0131 yorumlay\u0131\u015f\u0131na i\u015faret etmesi a\u00e7\u0131s\u0131ndan \u00f6zel bir \u00e7al\u0131\u015fma olan Dergu\u015f, \u00e7ok \u00e7e\u015fitli kesimler \/ kimlikler taraf\u0131ndan da ilgiyle kar\u015f\u0131land\u0131.Ya\u015fanan mecburi ayr\u0131l\u0131klar grubun \u00e7al\u0131\u015fmalar\u0131n\u0131 zorla\u015ft\u0131r\u0131p a\u011f\u0131rla\u015ft\u0131rsa da, Koma Amed her d\u00f6nem yeniden toparlan\u0131yor ve yaratt\u0131\u011f\u0131 m\u00fczikal gelene\u011fi s\u00fcrd\u00fcr\u00fcyor.<br \/>1998<br \/>Grup, A\u011fustos ay\u0131nda yeni elemanlar\u0131nda kat\u0131l\u0131m\u0131yla uzun aradan sonra tekrar sahneye d\u00f6nd\u00fc.<br \/>1999<br \/>Mart ay\u0131nda Rusya turnesine \u00e7\u0131kt\u0131.Bu tarihten sonra T\u00fcrkiye&#8217;nin ve Avrupa \u00fclkelerinin bir\u00e7ok \u015fehrinde konser ve etkinliklere \u00e7\u0131kan Koma Amed K\u00fcrt co\u011frafyas\u0131nda da etkinliklere kat\u0131lma imkan\u0131 bulabildi.<br \/>2000<br \/>Mart ay\u0131nda Ad\u0131yaman&#8217;da, ya\u015fad\u0131\u011f\u0131 co\u011frafyadaki &#8221; ilk -izinli- K\u00fcrt m\u00fczi\u011fi konseri&#8221; ni ger\u00e7ekle\u015ftirdi.2000 Newroz kutlamalar\u0131nda Amed ( Diyarbak\u0131r )de sahne ald\u0131 ve hakk\u0131nda soru\u015fturma a\u00e7\u0131ld\u0131&#8230; \u015eimdi Koma Amed, ad\u0131n\u0131 ald\u0131\u011f\u0131 \u015fehirde, Amed&#8217; de bildik yasaklardan daha \u00f6zel bir yakla\u015f\u0131m sonucu konser veremiyor.Eyl\u00fcl ay\u0131nda \u0130stanbul&#8217;daki &#8221; ilk -izinli -K\u00fcrt m\u00fczi\u011fi konseri&#8221; ni sundu.<br \/>Grup daha sonralar\u0131 siyasi nedenlerle da\u011f\u0131ld\u0131.Grubun baz\u0131 elemanlar\u0131 \u201c\u00c7ar Newa \u2013 D\u00f6rt Ezgi\u201d ad\u0131 ile yeni bir grup kurup\u00a0 \u201cSi \u2013 G\u00f6lge\u201d ad\u0131nda bir alb\u00fcm \u00e7\u0131kard\u0131.<\/p>\n<p>\n<object width=\"400\" height=\"300\" data=\"http:\/\/www.humyo.com\/E\/10422871-281475396192281\/10422871-281475396192663\/10422871-281475396193059\/10422871-281475396193529\/10422871-281475396194059\/10422871-281475396194261\/10422871-281475396194937\/10422871-281475396195199\/10422871-281475396195691\/10422871-281475396196299\/10422871-281475396196499\/10422871-281475396196947\/10422871-281475396197325\/10422871-281475396197805\/10422871-281475396198197\/10422871-281475396198601\/10422871-281475396199113\/10422871-281475396199547\/10422871-281475396199981\/10422871-281475396200523\/10422871-281475396201149\/10422871-281475396201409\/10422871-281475396201981\/10422871-281475396202721\/10422871-281475396203181\/10422871-281475396203503\/10422871-281475396203997\/10422871-281475396204421\/10422871-281475396205063\/10422871-281475396205493\/10422871-281475396205811\/10422871-281475396206383\/10422871-281475396206741\/10422871-281475396207245?a=X6oF0W8bOa4%2CVLn2CuSyJMI%2C21GemVo-R2g%2CQ6Ts9dbajH8%2Che-9cUeBqf0%2CczZXfAWXx4U%2CYzbr1fC1oc4%2Crg4jE5PdbhY%2CeLYDF1XItaA%2CWKFap_9vGGI%2CTROny_S5wEw%2CSy5_PeMlr98%2CKl9xfWiep-c%2CTX0gm8J65qU%2Cw9VUY3Yrm4Y%2CDi_GSgcYv9E%2CniDwU9VbZf0%2CdOnw5VunQd8%2C5aKumrE_AfY%2C-dnwvOyK6fU%2CX1Z8YeESepo%2CF9CNfty_GXU%2CCbzMaSu6FVE%2C0cypgwlihJ0%2CNEIfHfkPjuc%2CwIS79NWl_Q8%2CpVeFYUtP5YI%2CYCeOkmjOrcY%2CrND0dHHi_U0%2CEciN5Z-aZnI%2CIcgi7XutX5A%2C82n2tKtU0FQ%2CaEYlfAKjNLA%2C1UUnH7kHCbI\" type=\"application\/x-shockwave-flash\"><param name=\"flashvars\" value=\"autostart=true&amp;usefullscreen=true&amp;\" \/><param name=\"src\" value=\"http:\/\/www.humyo.com\/E\/10422871-281475396192281\/10422871-281475396192663\/10422871-281475396193059\/10422871-281475396193529\/10422871-281475396194059\/10422871-281475396194261\/10422871-281475396194937\/10422871-281475396195199\/10422871-281475396195691\/10422871-281475396196299\/10422871-281475396196499\/10422871-281475396196947\/10422871-281475396197325\/10422871-281475396197805\/10422871-281475396198197\/10422871-281475396198601\/10422871-281475396199113\/10422871-281475396199547\/10422871-281475396199981\/10422871-281475396200523\/10422871-281475396201149\/10422871-281475396201409\/10422871-281475396201981\/10422871-281475396202721\/10422871-281475396203181\/10422871-281475396203503\/10422871-281475396203997\/10422871-281475396204421\/10422871-281475396205063\/10422871-281475396205493\/10422871-281475396205811\/10422871-281475396206383\/10422871-281475396206741\/10422871-281475396207245?a=X6oF0W8bOa4%2CVLn2CuSyJMI%2C21GemVo-R2g%2CQ6Ts9dbajH8%2Che-9cUeBqf0%2CczZXfAWXx4U%2CYzbr1fC1oc4%2Crg4jE5PdbhY%2CeLYDF1XItaA%2CWKFap_9vGGI%2CTROny_S5wEw%2CSy5_PeMlr98%2CKl9xfWiep-c%2CTX0gm8J65qU%2Cw9VUY3Yrm4Y%2CDi_GSgcYv9E%2CniDwU9VbZf0%2CdOnw5VunQd8%2C5aKumrE_AfY%2C-dnwvOyK6fU%2CX1Z8YeESepo%2CF9CNfty_GXU%2CCbzMaSu6FVE%2C0cypgwlihJ0%2CNEIfHfkPjuc%2CwIS79NWl_Q8%2CpVeFYUtP5YI%2CYCeOkmjOrcY%2CrND0dHHi_U0%2CEciN5Z-aZnI%2CIcgi7XutX5A%2C82n2tKtU0FQ%2CaEYlfAKjNLA%2C1UUnH7kHCbI\" \/><param name=\"allowfullscreen\" value=\"true\" \/><\/object><\/p>\n","protected":false},"excerpt":{"rendered":"<p>1988.\u00a0\u00a0 Ankara K\u00fcrt kimli\u011finin,dili ve m\u00fczi\u011finin kendini ifade etme olanaklar\u0131ndan tamamen yoksun oldu\u011fu,ola\u011fan\u00fcst\u00fc zor \u015fartlar\u0131n h\u00fck\u00fcm s\u00fcrd\u00fc\u011f\u00fc y\u0131llar. T\u0131p fak\u00fcltesinde \u00f6\u011frenim g\u00f6ren bir grup \u00fcniversite \u00f6\u011frencisi m\u00fczik grubu olu\u015fturma d\u00fc\u015f\u00fcncesiyle bir araya gelir. Bu grup, T\u00fcrkiye&#8217;de ya\u015fayan K\u00fcrtlerin,amat\u00f6r bir d\u00fczey fakat profesyonel yakla\u015f\u0131mlarla olu\u015fturulmu\u015f &#8220;ilk m\u00fczik grubu&#8221; say\u0131labilir.1990 y\u0131l\u0131nda b\u00fcy\u00fck s\u0131k\u0131nt\u0131larla yarat\u0131lan teknik olanaklarla, ilk [&hellip;]<\/p>\n","protected":false},"author":1,"featured_media":0,"comment_status":"open","ping_status":"open","sticky":false,"template":"","format":"standard","meta":{"footnotes":""},"categories":[127],"tags":[],"class_list":{"0":"post-3655","1":"post","2":"type-post","3":"status-publish","4":"format-standard","6":"category-muzik-gruplari"},"yoast_head":"<!-- This site is optimized with the Yoast SEO Premium plugin v24.9 (Yoast SEO v24.9) - https:\/\/yoast.com\/wordpress\/plugins\/seo\/ -->\n<title>Koma AMED T\u00fcm alb\u00fcmleriyle narteks.net sayfalar\u0131nda - narteks.net<\/title>\n<meta name=\"robots\" content=\"index, follow, max-snippet:-1, max-image-preview:large, max-video-preview:-1\" \/>\n<link rel=\"canonical\" href=\"https:\/\/narteks.net\/index.php\/2010\/01\/02\/koma-amed-tum-albumleriyle-narteksnet-sayfalarinda\/\" \/>\n<meta property=\"og:locale\" content=\"tr_TR\" \/>\n<meta property=\"og:type\" content=\"article\" \/>\n<meta property=\"og:title\" content=\"Koma AMED T\u00fcm alb\u00fcmleriyle narteks.net sayfalar\u0131nda\" \/>\n<meta property=\"og:description\" content=\"1988.\u00a0\u00a0 Ankara K\u00fcrt kimli\u011finin,dili ve m\u00fczi\u011finin kendini ifade etme olanaklar\u0131ndan tamamen yoksun oldu\u011fu,ola\u011fan\u00fcst\u00fc zor \u015fartlar\u0131n h\u00fck\u00fcm s\u00fcrd\u00fc\u011f\u00fc y\u0131llar. T\u0131p fak\u00fcltesinde \u00f6\u011frenim g\u00f6ren bir grup \u00fcniversite \u00f6\u011frencisi m\u00fczik grubu olu\u015fturma d\u00fc\u015f\u00fcncesiyle bir araya gelir. Bu grup, T\u00fcrkiye&#8217;de ya\u015fayan K\u00fcrtlerin,amat\u00f6r bir d\u00fczey fakat profesyonel yakla\u015f\u0131mlarla olu\u015fturulmu\u015f &#8220;ilk m\u00fczik grubu&#8221; say\u0131labilir.1990 y\u0131l\u0131nda b\u00fcy\u00fck s\u0131k\u0131nt\u0131larla yarat\u0131lan teknik olanaklarla, ilk [&hellip;]\" \/>\n<meta property=\"og:url\" content=\"https:\/\/narteks.net\/index.php\/2010\/01\/02\/koma-amed-tum-albumleriyle-narteksnet-sayfalarinda\/\" \/>\n<meta property=\"og:site_name\" content=\"narteks.net\" \/>\n<meta property=\"article:published_time\" content=\"2010-01-02T11:03:34+00:00\" \/>\n<meta property=\"og:image\" content=\"http:\/\/www.kommuzik.com.tr\/tr\/wp-content\/uploads\/2007\/12\/koma_amed_kulilka_azadi.jpg\" \/>\n<meta name=\"author\" content=\"Tar\u0131k\" \/>\n<meta name=\"twitter:card\" content=\"summary_large_image\" \/>\n<meta name=\"twitter:creator\" content=\"@narteks\" \/>\n<meta name=\"twitter:site\" content=\"@narteks\" \/>\n<meta name=\"twitter:label1\" content=\"Yazan:\" \/>\n\t<meta name=\"twitter:data1\" content=\"Tar\u0131k\" \/>\n\t<meta name=\"twitter:label2\" content=\"Tahmini okuma s\u00fcresi\" \/>\n\t<meta name=\"twitter:data2\" content=\"6 dakika\" \/>\n<script type=\"application\/ld+json\" class=\"yoast-schema-graph\">{\"@context\":\"https:\/\/schema.org\",\"@graph\":[{\"@type\":\"Article\",\"@id\":\"https:\/\/narteks.net\/index.php\/2010\/01\/02\/koma-amed-tum-albumleriyle-narteksnet-sayfalarinda\/#article\",\"isPartOf\":{\"@id\":\"https:\/\/narteks.net\/index.php\/2010\/01\/02\/koma-amed-tum-albumleriyle-narteksnet-sayfalarinda\/\"},\"author\":{\"name\":\"Tar\u0131k\",\"@id\":\"https:\/\/narteks.net\/#\/schema\/person\/61f37d9834294b72d31d274e7ed79bca\"},\"headline\":\"Koma AMED T\u00fcm alb\u00fcmleriyle narteks.net sayfalar\u0131nda\",\"datePublished\":\"2010-01-02T11:03:34+00:00\",\"mainEntityOfPage\":{\"@id\":\"https:\/\/narteks.net\/index.php\/2010\/01\/02\/koma-amed-tum-albumleriyle-narteksnet-sayfalarinda\/\"},\"wordCount\":1280,\"commentCount\":0,\"publisher\":{\"@id\":\"https:\/\/narteks.net\/#organization\"},\"image\":{\"@id\":\"https:\/\/narteks.net\/index.php\/2010\/01\/02\/koma-amed-tum-albumleriyle-narteksnet-sayfalarinda\/#primaryimage\"},\"thumbnailUrl\":\"http:\/\/www.kommuzik.com.tr\/tr\/wp-content\/uploads\/2007\/12\/koma_amed_kulilka_azadi.jpg\",\"articleSection\":[\"M\u00fczik Gruplar\u0131\"],\"inLanguage\":\"tr\",\"potentialAction\":[{\"@type\":\"CommentAction\",\"name\":\"Comment\",\"target\":[\"https:\/\/narteks.net\/index.php\/2010\/01\/02\/koma-amed-tum-albumleriyle-narteksnet-sayfalarinda\/#respond\"]}]},{\"@type\":\"WebPage\",\"@id\":\"https:\/\/narteks.net\/index.php\/2010\/01\/02\/koma-amed-tum-albumleriyle-narteksnet-sayfalarinda\/\",\"url\":\"https:\/\/narteks.net\/index.php\/2010\/01\/02\/koma-amed-tum-albumleriyle-narteksnet-sayfalarinda\/\",\"name\":\"Koma AMED T\u00fcm alb\u00fcmleriyle narteks.net sayfalar\u0131nda - narteks.net\",\"isPartOf\":{\"@id\":\"https:\/\/narteks.net\/#website\"},\"primaryImageOfPage\":{\"@id\":\"https:\/\/narteks.net\/index.php\/2010\/01\/02\/koma-amed-tum-albumleriyle-narteksnet-sayfalarinda\/#primaryimage\"},\"image\":{\"@id\":\"https:\/\/narteks.net\/index.php\/2010\/01\/02\/koma-amed-tum-albumleriyle-narteksnet-sayfalarinda\/#primaryimage\"},\"thumbnailUrl\":\"http:\/\/www.kommuzik.com.tr\/tr\/wp-content\/uploads\/2007\/12\/koma_amed_kulilka_azadi.jpg\",\"datePublished\":\"2010-01-02T11:03:34+00:00\",\"breadcrumb\":{\"@id\":\"https:\/\/narteks.net\/index.php\/2010\/01\/02\/koma-amed-tum-albumleriyle-narteksnet-sayfalarinda\/#breadcrumb\"},\"inLanguage\":\"tr\",\"potentialAction\":[{\"@type\":\"ReadAction\",\"target\":[\"https:\/\/narteks.net\/index.php\/2010\/01\/02\/koma-amed-tum-albumleriyle-narteksnet-sayfalarinda\/\"]}]},{\"@type\":\"ImageObject\",\"inLanguage\":\"tr\",\"@id\":\"https:\/\/narteks.net\/index.php\/2010\/01\/02\/koma-amed-tum-albumleriyle-narteksnet-sayfalarinda\/#primaryimage\",\"url\":\"http:\/\/www.kommuzik.com.tr\/tr\/wp-content\/uploads\/2007\/12\/koma_amed_kulilka_azadi.jpg\",\"contentUrl\":\"http:\/\/www.kommuzik.com.tr\/tr\/wp-content\/uploads\/2007\/12\/koma_amed_kulilka_azadi.jpg\"},{\"@type\":\"BreadcrumbList\",\"@id\":\"https:\/\/narteks.net\/index.php\/2010\/01\/02\/koma-amed-tum-albumleriyle-narteksnet-sayfalarinda\/#breadcrumb\",\"itemListElement\":[{\"@type\":\"ListItem\",\"position\":1,\"name\":\"Anasayfa\",\"item\":\"https:\/\/narteks.net\/\"},{\"@type\":\"ListItem\",\"position\":2,\"name\":\"Koma AMED T\u00fcm alb\u00fcmleriyle narteks.net sayfalar\u0131nda\"}]},{\"@type\":\"WebSite\",\"@id\":\"https:\/\/narteks.net\/#website\",\"url\":\"https:\/\/narteks.net\/\",\"name\":\"narteks.net\",\"description\":\"K\u00fclt\u00fcr Sanat Edebiyat Felsefe\",\"publisher\":{\"@id\":\"https:\/\/narteks.net\/#organization\"},\"alternateName\":\"K\u00fclt\u00fcr Sanat Edebiyat Felsefe\",\"potentialAction\":[{\"@type\":\"SearchAction\",\"target\":{\"@type\":\"EntryPoint\",\"urlTemplate\":\"https:\/\/narteks.net\/?s={search_term_string}\"},\"query-input\":{\"@type\":\"PropertyValueSpecification\",\"valueRequired\":true,\"valueName\":\"search_term_string\"}}],\"inLanguage\":\"tr\"},{\"@type\":\"Organization\",\"@id\":\"https:\/\/narteks.net\/#organization\",\"name\":\"narteks.net\",\"url\":\"https:\/\/narteks.net\/\",\"logo\":{\"@type\":\"ImageObject\",\"inLanguage\":\"tr\",\"@id\":\"https:\/\/narteks.net\/#\/schema\/logo\/image\/\",\"url\":\"https:\/\/narteks.net\/wp-content\/uploads\/narteks.png\",\"contentUrl\":\"https:\/\/narteks.net\/wp-content\/uploads\/narteks.png\",\"width\":300,\"height\":90,\"caption\":\"narteks.net\"},\"image\":{\"@id\":\"https:\/\/narteks.net\/#\/schema\/logo\/image\/\"},\"sameAs\":[\"https:\/\/x.com\/narteks\",\"https:\/\/instagram.com\/narteksnet\"]},{\"@type\":\"Person\",\"@id\":\"https:\/\/narteks.net\/#\/schema\/person\/61f37d9834294b72d31d274e7ed79bca\",\"name\":\"Tar\u0131k\",\"image\":{\"@type\":\"ImageObject\",\"inLanguage\":\"tr\",\"@id\":\"https:\/\/narteks.net\/#\/schema\/person\/image\/\",\"url\":\"https:\/\/secure.gravatar.com\/avatar\/50865afb55632c4ae467e0af0930f6510aa2297d8014be502a55b14f3b7550cf?s=96&d=mm&r=g\",\"contentUrl\":\"https:\/\/secure.gravatar.com\/avatar\/50865afb55632c4ae467e0af0930f6510aa2297d8014be502a55b14f3b7550cf?s=96&d=mm&r=g\",\"caption\":\"Tar\u0131k\"},\"sameAs\":[\"http:\/\/narteks.net\"],\"url\":\"https:\/\/narteks.net\/index.php\/author\/narbak\/\"}]}<\/script>\n<!-- \/ Yoast SEO Premium plugin. -->","yoast_head_json":{"title":"Koma AMED T\u00fcm alb\u00fcmleriyle narteks.net sayfalar\u0131nda - narteks.net","robots":{"index":"index","follow":"follow","max-snippet":"max-snippet:-1","max-image-preview":"max-image-preview:large","max-video-preview":"max-video-preview:-1"},"canonical":"https:\/\/narteks.net\/index.php\/2010\/01\/02\/koma-amed-tum-albumleriyle-narteksnet-sayfalarinda\/","og_locale":"tr_TR","og_type":"article","og_title":"Koma AMED T\u00fcm alb\u00fcmleriyle narteks.net sayfalar\u0131nda","og_description":"1988.\u00a0\u00a0 Ankara K\u00fcrt kimli\u011finin,dili ve m\u00fczi\u011finin kendini ifade etme olanaklar\u0131ndan tamamen yoksun oldu\u011fu,ola\u011fan\u00fcst\u00fc zor \u015fartlar\u0131n h\u00fck\u00fcm s\u00fcrd\u00fc\u011f\u00fc y\u0131llar. T\u0131p fak\u00fcltesinde \u00f6\u011frenim g\u00f6ren bir grup \u00fcniversite \u00f6\u011frencisi m\u00fczik grubu olu\u015fturma d\u00fc\u015f\u00fcncesiyle bir araya gelir. Bu grup, T\u00fcrkiye&#8217;de ya\u015fayan K\u00fcrtlerin,amat\u00f6r bir d\u00fczey fakat profesyonel yakla\u015f\u0131mlarla olu\u015fturulmu\u015f &#8220;ilk m\u00fczik grubu&#8221; say\u0131labilir.1990 y\u0131l\u0131nda b\u00fcy\u00fck s\u0131k\u0131nt\u0131larla yarat\u0131lan teknik olanaklarla, ilk [&hellip;]","og_url":"https:\/\/narteks.net\/index.php\/2010\/01\/02\/koma-amed-tum-albumleriyle-narteksnet-sayfalarinda\/","og_site_name":"narteks.net","article_published_time":"2010-01-02T11:03:34+00:00","og_image":[{"url":"http:\/\/www.kommuzik.com.tr\/tr\/wp-content\/uploads\/2007\/12\/koma_amed_kulilka_azadi.jpg","type":"","width":"","height":""}],"author":"Tar\u0131k","twitter_card":"summary_large_image","twitter_creator":"@narteks","twitter_site":"@narteks","twitter_misc":{"Yazan:":"Tar\u0131k","Tahmini okuma s\u00fcresi":"6 dakika"},"schema":{"@context":"https:\/\/schema.org","@graph":[{"@type":"Article","@id":"https:\/\/narteks.net\/index.php\/2010\/01\/02\/koma-amed-tum-albumleriyle-narteksnet-sayfalarinda\/#article","isPartOf":{"@id":"https:\/\/narteks.net\/index.php\/2010\/01\/02\/koma-amed-tum-albumleriyle-narteksnet-sayfalarinda\/"},"author":{"name":"Tar\u0131k","@id":"https:\/\/narteks.net\/#\/schema\/person\/61f37d9834294b72d31d274e7ed79bca"},"headline":"Koma AMED T\u00fcm alb\u00fcmleriyle narteks.net sayfalar\u0131nda","datePublished":"2010-01-02T11:03:34+00:00","mainEntityOfPage":{"@id":"https:\/\/narteks.net\/index.php\/2010\/01\/02\/koma-amed-tum-albumleriyle-narteksnet-sayfalarinda\/"},"wordCount":1280,"commentCount":0,"publisher":{"@id":"https:\/\/narteks.net\/#organization"},"image":{"@id":"https:\/\/narteks.net\/index.php\/2010\/01\/02\/koma-amed-tum-albumleriyle-narteksnet-sayfalarinda\/#primaryimage"},"thumbnailUrl":"http:\/\/www.kommuzik.com.tr\/tr\/wp-content\/uploads\/2007\/12\/koma_amed_kulilka_azadi.jpg","articleSection":["M\u00fczik Gruplar\u0131"],"inLanguage":"tr","potentialAction":[{"@type":"CommentAction","name":"Comment","target":["https:\/\/narteks.net\/index.php\/2010\/01\/02\/koma-amed-tum-albumleriyle-narteksnet-sayfalarinda\/#respond"]}]},{"@type":"WebPage","@id":"https:\/\/narteks.net\/index.php\/2010\/01\/02\/koma-amed-tum-albumleriyle-narteksnet-sayfalarinda\/","url":"https:\/\/narteks.net\/index.php\/2010\/01\/02\/koma-amed-tum-albumleriyle-narteksnet-sayfalarinda\/","name":"Koma AMED T\u00fcm alb\u00fcmleriyle narteks.net sayfalar\u0131nda - narteks.net","isPartOf":{"@id":"https:\/\/narteks.net\/#website"},"primaryImageOfPage":{"@id":"https:\/\/narteks.net\/index.php\/2010\/01\/02\/koma-amed-tum-albumleriyle-narteksnet-sayfalarinda\/#primaryimage"},"image":{"@id":"https:\/\/narteks.net\/index.php\/2010\/01\/02\/koma-amed-tum-albumleriyle-narteksnet-sayfalarinda\/#primaryimage"},"thumbnailUrl":"http:\/\/www.kommuzik.com.tr\/tr\/wp-content\/uploads\/2007\/12\/koma_amed_kulilka_azadi.jpg","datePublished":"2010-01-02T11:03:34+00:00","breadcrumb":{"@id":"https:\/\/narteks.net\/index.php\/2010\/01\/02\/koma-amed-tum-albumleriyle-narteksnet-sayfalarinda\/#breadcrumb"},"inLanguage":"tr","potentialAction":[{"@type":"ReadAction","target":["https:\/\/narteks.net\/index.php\/2010\/01\/02\/koma-amed-tum-albumleriyle-narteksnet-sayfalarinda\/"]}]},{"@type":"ImageObject","inLanguage":"tr","@id":"https:\/\/narteks.net\/index.php\/2010\/01\/02\/koma-amed-tum-albumleriyle-narteksnet-sayfalarinda\/#primaryimage","url":"http:\/\/www.kommuzik.com.tr\/tr\/wp-content\/uploads\/2007\/12\/koma_amed_kulilka_azadi.jpg","contentUrl":"http:\/\/www.kommuzik.com.tr\/tr\/wp-content\/uploads\/2007\/12\/koma_amed_kulilka_azadi.jpg"},{"@type":"BreadcrumbList","@id":"https:\/\/narteks.net\/index.php\/2010\/01\/02\/koma-amed-tum-albumleriyle-narteksnet-sayfalarinda\/#breadcrumb","itemListElement":[{"@type":"ListItem","position":1,"name":"Anasayfa","item":"https:\/\/narteks.net\/"},{"@type":"ListItem","position":2,"name":"Koma AMED T\u00fcm alb\u00fcmleriyle narteks.net sayfalar\u0131nda"}]},{"@type":"WebSite","@id":"https:\/\/narteks.net\/#website","url":"https:\/\/narteks.net\/","name":"narteks.net","description":"K\u00fclt\u00fcr Sanat Edebiyat Felsefe","publisher":{"@id":"https:\/\/narteks.net\/#organization"},"alternateName":"K\u00fclt\u00fcr Sanat Edebiyat Felsefe","potentialAction":[{"@type":"SearchAction","target":{"@type":"EntryPoint","urlTemplate":"https:\/\/narteks.net\/?s={search_term_string}"},"query-input":{"@type":"PropertyValueSpecification","valueRequired":true,"valueName":"search_term_string"}}],"inLanguage":"tr"},{"@type":"Organization","@id":"https:\/\/narteks.net\/#organization","name":"narteks.net","url":"https:\/\/narteks.net\/","logo":{"@type":"ImageObject","inLanguage":"tr","@id":"https:\/\/narteks.net\/#\/schema\/logo\/image\/","url":"https:\/\/narteks.net\/wp-content\/uploads\/narteks.png","contentUrl":"https:\/\/narteks.net\/wp-content\/uploads\/narteks.png","width":300,"height":90,"caption":"narteks.net"},"image":{"@id":"https:\/\/narteks.net\/#\/schema\/logo\/image\/"},"sameAs":["https:\/\/x.com\/narteks","https:\/\/instagram.com\/narteksnet"]},{"@type":"Person","@id":"https:\/\/narteks.net\/#\/schema\/person\/61f37d9834294b72d31d274e7ed79bca","name":"Tar\u0131k","image":{"@type":"ImageObject","inLanguage":"tr","@id":"https:\/\/narteks.net\/#\/schema\/person\/image\/","url":"https:\/\/secure.gravatar.com\/avatar\/50865afb55632c4ae467e0af0930f6510aa2297d8014be502a55b14f3b7550cf?s=96&d=mm&r=g","contentUrl":"https:\/\/secure.gravatar.com\/avatar\/50865afb55632c4ae467e0af0930f6510aa2297d8014be502a55b14f3b7550cf?s=96&d=mm&r=g","caption":"Tar\u0131k"},"sameAs":["http:\/\/narteks.net"],"url":"https:\/\/narteks.net\/index.php\/author\/narbak\/"}]}},"_links":{"self":[{"href":"https:\/\/narteks.net\/index.php\/wp-json\/wp\/v2\/posts\/3655","targetHints":{"allow":["GET"]}}],"collection":[{"href":"https:\/\/narteks.net\/index.php\/wp-json\/wp\/v2\/posts"}],"about":[{"href":"https:\/\/narteks.net\/index.php\/wp-json\/wp\/v2\/types\/post"}],"author":[{"embeddable":true,"href":"https:\/\/narteks.net\/index.php\/wp-json\/wp\/v2\/users\/1"}],"replies":[{"embeddable":true,"href":"https:\/\/narteks.net\/index.php\/wp-json\/wp\/v2\/comments?post=3655"}],"version-history":[{"count":0,"href":"https:\/\/narteks.net\/index.php\/wp-json\/wp\/v2\/posts\/3655\/revisions"}],"wp:attachment":[{"href":"https:\/\/narteks.net\/index.php\/wp-json\/wp\/v2\/media?parent=3655"}],"wp:term":[{"taxonomy":"category","embeddable":true,"href":"https:\/\/narteks.net\/index.php\/wp-json\/wp\/v2\/categories?post=3655"},{"taxonomy":"post_tag","embeddable":true,"href":"https:\/\/narteks.net\/index.php\/wp-json\/wp\/v2\/tags?post=3655"}],"curies":[{"name":"wp","href":"https:\/\/api.w.org\/{rel}","templated":true}]}}