{"id":3656,"date":"2010-01-02T16:59:20","date_gmt":"2010-01-02T13:59:20","guid":{"rendered":"http:\/\/localhost\/wordpress\/2010\/01\/02\/orhan-kemal-oyku-odulu-2010\/"},"modified":"2010-01-02T16:59:20","modified_gmt":"2010-01-02T13:59:20","slug":"orhan-kemal-oyku-odulu-2010","status":"publish","type":"post","link":"https:\/\/narteks.net\/index.php\/2010\/01\/02\/orhan-kemal-oyku-odulu-2010\/","title":{"rendered":"Orhan Kemal \u00d6yk\u00fc \u00d6d\u00fcl\u00fc 2010"},"content":{"rendered":"<p><strong>ORHAN KEMAL 2010 \u00d6YK\u00dc \u00d6D\u00dcL\u00dc <\/strong><br \/>\u00c7ukurova Edebiyat\u00e7\u0131lar Derne\u011fi taraf\u0131ndan d\u00fczenlenen ve Ceyhan Belediyesinin katk\u0131da bulundu\u011fu Orhan Kemal \u00d6yk\u00fc Yar\u0131\u015fmas\u0131n\u0131n 2010 y\u0131l\u0131 ba\u015fvurular\u0131 ba\u015flam\u0131\u015ft\u0131r. Yar\u0131\u015fma, Orhan Kemal an\u0131s\u0131na d\u00fczenlenmekte ve yaz\u0131n d\u00fcnyas\u0131na \u00f6yk\u00fc dal\u0131nda \u00f6zg\u00fcn yap\u0131tlar kazand\u0131rmay\u0131 ama\u00e7lamaktad\u0131r. \u00d6yk\u00fclerin kitap halinde yay\u0131mlanmam\u0131\u015f ve daha \u00f6nce ba\u015fka bir yar\u0131\u015fmaya kat\u0131lmam\u0131\u015f olmas\u0131 \u00f6n ko\u015fuldur. Bu y\u00f6nde bir saptama \u00f6d\u00fcl\u00fcn geri al\u0131nmas\u0131 nedenidir. <br \/> <strong>YARI\u015eMA KO\u015eULLARI<\/strong><br \/>1-) \u00d6yk\u00fcler 12 punto, 6 kopya, bilgisayarda iki aral\u0131kl\u0131 yaz\u0131lm\u0131\u015f olacak, en az 50, en fazla 65 sayfadan olu\u015fan dosya halinde g\u00f6nderilecektir.<br \/>2-) \u00d6yk\u00fclerin yaz\u0131l\u0131 oldu\u011fu dosyan\u0131n sa\u011f \u00fcst k\u00f6\u015fesine b\u00fcy\u00fck harflerle RUMUZ yaz\u0131lacak, ger\u00e7ek ad ve soyad\u0131 belirtilmeyecektir. Ayr\u0131ca \u00fcst\u00fcnde RUMUZ yaz\u0131l\u0131 kapal\u0131 bir zarfa yazar\u0131n \u00f6zge\u00e7mi\u015fi ve ileti\u015fim bilgileri yaz\u0131l\u0131p, dosyaya eklenecektir. Aksi durumda \u00f6yk\u00fcler de\u011ferlendirmeye al\u0131nmayacakt\u0131r.<br \/>3-) Se\u00e7im iki a\u015famada ger\u00e7ekle\u015fecektir. \u00d6n Se\u00e7ici Kurul \u015eartnameye uygunlu\u011funu belirledikten sonra yap\u0131tlar\u0131 De\u011ferlendirme Se\u00e7ici Kuruluna g\u00f6nderecektir. <br \/>\u00d6n Se\u00e7ici Kurul:<br \/>Dr. \u00d6mer ULU\u00c7AY<br \/>\u0130brahim ALP<br \/>H.H\u00fcseyin \u00c7ABUK<\/p>\n<p>De\u011ferlendirme Se\u00e7ici Kurulu: <br \/>\u0130nci Aral<br \/>Hasan \u00d6zk\u0131l\u0131\u00e7<br \/>Zeynep Aliye<br \/>Kemal G\u00fcnd\u00fczalp<br \/>Zafer Doruk<\/p>\n<p>4-) Son ba\u015fvuru tarihi 12 \u015eubat 2010 Cuma ak\u015fam\u0131na kadard\u0131r.<br \/>5-) Sonu\u00e7lar 2010 Nisan&#8217;\u0131n\u0131n son haftas\u0131nda a\u00e7\u0131klanacakt\u0131r. <br \/>6-) \u00d6d\u00fcller:<br \/> 1. \u00f6d\u00fcl\u00fc 1000 TL.<br \/> 2. \u00f6d\u00fcl\u00fc 750 TL. <br \/> 3. \u00f6d\u00fcl\u00fc 500 TL.<br \/> \u00c7.E.D. \u00d6zel \u00d6d\u00fcl\u00fc: Plaket ve kitap seti<\/p>\n<p>7-) \u00d6yk\u00fc dosyalar\u0131n\u0131n g\u00f6nderilece\u011fi adres: \u00c7ukurova Edebiyat\u00e7\u0131lar Derne\u011fi (\u00c7ED) Cemalpa\u015fa Mah. 7 Sk. Karabucak \u0130\u015f Merkezi Zemin Kat. No 90 (015073) Seyhan\/Adana <br \/>(Tel: 0536.854 12 79 e-mail: halisetekbas@hotmail.com) ile ba\u011flant\u0131 kurulabilir.<\/p>\n<p><strong>Halise Tekba\u015f<br \/>Ba\u015fkan<br \/>\u00c7ukurova Edebiyat\u00e7\u0131lar Derne\u011fi<\/strong><\/p>\n","protected":false},"excerpt":{"rendered":"<p>ORHAN KEMAL 2010 \u00d6YK\u00dc \u00d6D\u00dcL\u00dc \u00c7ukurova Edebiyat\u00e7\u0131lar Derne\u011fi taraf\u0131ndan d\u00fczenlenen ve Ceyhan Belediyesinin katk\u0131da bulundu\u011fu Orhan Kemal \u00d6yk\u00fc Yar\u0131\u015fmas\u0131n\u0131n 2010 y\u0131l\u0131 ba\u015fvurular\u0131 ba\u015flam\u0131\u015ft\u0131r. Yar\u0131\u015fma, Orhan Kemal an\u0131s\u0131na d\u00fczenlenmekte ve yaz\u0131n d\u00fcnyas\u0131na \u00f6yk\u00fc dal\u0131nda \u00f6zg\u00fcn yap\u0131tlar kazand\u0131rmay\u0131 ama\u00e7lamaktad\u0131r. \u00d6yk\u00fclerin kitap halinde yay\u0131mlanmam\u0131\u015f ve daha \u00f6nce ba\u015fka bir yar\u0131\u015fmaya kat\u0131lmam\u0131\u015f olmas\u0131 \u00f6n ko\u015fuldur. Bu y\u00f6nde bir saptama [&hellip;]<\/p>\n","protected":false},"author":1,"featured_media":0,"comment_status":"open","ping_status":"open","sticky":false,"template":"","format":"standard","meta":{"footnotes":""},"categories":[124],"tags":[],"class_list":{"0":"post-3656","1":"post","2":"type-post","3":"status-publish","4":"format-standard","6":"category-haberler-duyurular"},"yoast_head":"<!-- This site is optimized with the Yoast SEO Premium plugin v24.9 (Yoast SEO v24.9) - https:\/\/yoast.com\/wordpress\/plugins\/seo\/ -->\n<title>Orhan Kemal \u00d6yk\u00fc \u00d6d\u00fcl\u00fc 2010 - narteks.net<\/title>\n<meta name=\"robots\" content=\"index, follow, max-snippet:-1, max-image-preview:large, max-video-preview:-1\" \/>\n<link rel=\"canonical\" href=\"https:\/\/narteks.net\/index.php\/2010\/01\/02\/orhan-kemal-oyku-odulu-2010\/\" \/>\n<meta property=\"og:locale\" content=\"tr_TR\" \/>\n<meta property=\"og:type\" content=\"article\" \/>\n<meta property=\"og:title\" content=\"Orhan Kemal \u00d6yk\u00fc \u00d6d\u00fcl\u00fc 2010\" \/>\n<meta property=\"og:description\" content=\"ORHAN KEMAL 2010 \u00d6YK\u00dc \u00d6D\u00dcL\u00dc \u00c7ukurova Edebiyat\u00e7\u0131lar Derne\u011fi taraf\u0131ndan d\u00fczenlenen ve Ceyhan Belediyesinin katk\u0131da bulundu\u011fu Orhan Kemal \u00d6yk\u00fc Yar\u0131\u015fmas\u0131n\u0131n 2010 y\u0131l\u0131 ba\u015fvurular\u0131 ba\u015flam\u0131\u015ft\u0131r. Yar\u0131\u015fma, Orhan Kemal an\u0131s\u0131na d\u00fczenlenmekte ve yaz\u0131n d\u00fcnyas\u0131na \u00f6yk\u00fc dal\u0131nda \u00f6zg\u00fcn yap\u0131tlar kazand\u0131rmay\u0131 ama\u00e7lamaktad\u0131r. \u00d6yk\u00fclerin kitap halinde yay\u0131mlanmam\u0131\u015f ve daha \u00f6nce ba\u015fka bir yar\u0131\u015fmaya kat\u0131lmam\u0131\u015f olmas\u0131 \u00f6n ko\u015fuldur. Bu y\u00f6nde bir saptama [&hellip;]\" \/>\n<meta property=\"og:url\" content=\"https:\/\/narteks.net\/index.php\/2010\/01\/02\/orhan-kemal-oyku-odulu-2010\/\" \/>\n<meta property=\"og:site_name\" content=\"narteks.net\" \/>\n<meta property=\"article:published_time\" content=\"2010-01-02T13:59:20+00:00\" \/>\n<meta property=\"og:image\" content=\"https:\/\/narteks.net\/wp-content\/uploads\/narteks.png\" \/>\n\t<meta property=\"og:image:width\" content=\"300\" \/>\n\t<meta property=\"og:image:height\" content=\"90\" \/>\n\t<meta property=\"og:image:type\" content=\"image\/png\" \/>\n<meta name=\"author\" content=\"Tar\u0131k\" \/>\n<meta name=\"twitter:card\" content=\"summary_large_image\" \/>\n<meta name=\"twitter:creator\" content=\"@narteks\" \/>\n<meta name=\"twitter:site\" content=\"@narteks\" \/>\n<meta name=\"twitter:label1\" content=\"Yazan:\" \/>\n\t<meta name=\"twitter:data1\" content=\"Tar\u0131k\" \/>\n\t<meta name=\"twitter:label2\" content=\"Tahmini okuma s\u00fcresi\" \/>\n\t<meta name=\"twitter:data2\" content=\"2 dakika\" \/>\n<script type=\"application\/ld+json\" class=\"yoast-schema-graph\">{\"@context\":\"https:\/\/schema.org\",\"@graph\":[{\"@type\":\"Article\",\"@id\":\"https:\/\/narteks.net\/index.php\/2010\/01\/02\/orhan-kemal-oyku-odulu-2010\/#article\",\"isPartOf\":{\"@id\":\"https:\/\/narteks.net\/index.php\/2010\/01\/02\/orhan-kemal-oyku-odulu-2010\/\"},\"author\":{\"name\":\"Tar\u0131k\",\"@id\":\"https:\/\/narteks.net\/#\/schema\/person\/61f37d9834294b72d31d274e7ed79bca\"},\"headline\":\"Orhan Kemal \u00d6yk\u00fc \u00d6d\u00fcl\u00fc 2010\",\"datePublished\":\"2010-01-02T13:59:20+00:00\",\"mainEntityOfPage\":{\"@id\":\"https:\/\/narteks.net\/index.php\/2010\/01\/02\/orhan-kemal-oyku-odulu-2010\/\"},\"wordCount\":330,\"commentCount\":0,\"publisher\":{\"@id\":\"https:\/\/narteks.net\/#organization\"},\"articleSection\":[\"Haberler ve Duyurular\"],\"inLanguage\":\"tr\",\"potentialAction\":[{\"@type\":\"CommentAction\",\"name\":\"Comment\",\"target\":[\"https:\/\/narteks.net\/index.php\/2010\/01\/02\/orhan-kemal-oyku-odulu-2010\/#respond\"]}]},{\"@type\":\"WebPage\",\"@id\":\"https:\/\/narteks.net\/index.php\/2010\/01\/02\/orhan-kemal-oyku-odulu-2010\/\",\"url\":\"https:\/\/narteks.net\/index.php\/2010\/01\/02\/orhan-kemal-oyku-odulu-2010\/\",\"name\":\"Orhan Kemal \u00d6yk\u00fc \u00d6d\u00fcl\u00fc 2010 - narteks.net\",\"isPartOf\":{\"@id\":\"https:\/\/narteks.net\/#website\"},\"datePublished\":\"2010-01-02T13:59:20+00:00\",\"breadcrumb\":{\"@id\":\"https:\/\/narteks.net\/index.php\/2010\/01\/02\/orhan-kemal-oyku-odulu-2010\/#breadcrumb\"},\"inLanguage\":\"tr\",\"potentialAction\":[{\"@type\":\"ReadAction\",\"target\":[\"https:\/\/narteks.net\/index.php\/2010\/01\/02\/orhan-kemal-oyku-odulu-2010\/\"]}]},{\"@type\":\"BreadcrumbList\",\"@id\":\"https:\/\/narteks.net\/index.php\/2010\/01\/02\/orhan-kemal-oyku-odulu-2010\/#breadcrumb\",\"itemListElement\":[{\"@type\":\"ListItem\",\"position\":1,\"name\":\"Anasayfa\",\"item\":\"https:\/\/narteks.net\/\"},{\"@type\":\"ListItem\",\"position\":2,\"name\":\"Orhan Kemal \u00d6yk\u00fc \u00d6d\u00fcl\u00fc 2010\"}]},{\"@type\":\"WebSite\",\"@id\":\"https:\/\/narteks.net\/#website\",\"url\":\"https:\/\/narteks.net\/\",\"name\":\"narteks.net\",\"description\":\"K\u00fclt\u00fcr Sanat Edebiyat Felsefe\",\"publisher\":{\"@id\":\"https:\/\/narteks.net\/#organization\"},\"alternateName\":\"K\u00fclt\u00fcr Sanat Edebiyat Felsefe\",\"potentialAction\":[{\"@type\":\"SearchAction\",\"target\":{\"@type\":\"EntryPoint\",\"urlTemplate\":\"https:\/\/narteks.net\/?s={search_term_string}\"},\"query-input\":{\"@type\":\"PropertyValueSpecification\",\"valueRequired\":true,\"valueName\":\"search_term_string\"}}],\"inLanguage\":\"tr\"},{\"@type\":\"Organization\",\"@id\":\"https:\/\/narteks.net\/#organization\",\"name\":\"narteks.net\",\"url\":\"https:\/\/narteks.net\/\",\"logo\":{\"@type\":\"ImageObject\",\"inLanguage\":\"tr\",\"@id\":\"https:\/\/narteks.net\/#\/schema\/logo\/image\/\",\"url\":\"https:\/\/narteks.net\/wp-content\/uploads\/narteks.png\",\"contentUrl\":\"https:\/\/narteks.net\/wp-content\/uploads\/narteks.png\",\"width\":300,\"height\":90,\"caption\":\"narteks.net\"},\"image\":{\"@id\":\"https:\/\/narteks.net\/#\/schema\/logo\/image\/\"},\"sameAs\":[\"https:\/\/x.com\/narteks\",\"https:\/\/instagram.com\/narteksnet\"]},{\"@type\":\"Person\",\"@id\":\"https:\/\/narteks.net\/#\/schema\/person\/61f37d9834294b72d31d274e7ed79bca\",\"name\":\"Tar\u0131k\",\"image\":{\"@type\":\"ImageObject\",\"inLanguage\":\"tr\",\"@id\":\"https:\/\/narteks.net\/#\/schema\/person\/image\/\",\"url\":\"https:\/\/secure.gravatar.com\/avatar\/50865afb55632c4ae467e0af0930f6510aa2297d8014be502a55b14f3b7550cf?s=96&d=mm&r=g\",\"contentUrl\":\"https:\/\/secure.gravatar.com\/avatar\/50865afb55632c4ae467e0af0930f6510aa2297d8014be502a55b14f3b7550cf?s=96&d=mm&r=g\",\"caption\":\"Tar\u0131k\"},\"sameAs\":[\"http:\/\/narteks.net\"],\"url\":\"https:\/\/narteks.net\/index.php\/author\/narbak\/\"}]}<\/script>\n<!-- \/ Yoast SEO Premium plugin. -->","yoast_head_json":{"title":"Orhan Kemal \u00d6yk\u00fc \u00d6d\u00fcl\u00fc 2010 - narteks.net","robots":{"index":"index","follow":"follow","max-snippet":"max-snippet:-1","max-image-preview":"max-image-preview:large","max-video-preview":"max-video-preview:-1"},"canonical":"https:\/\/narteks.net\/index.php\/2010\/01\/02\/orhan-kemal-oyku-odulu-2010\/","og_locale":"tr_TR","og_type":"article","og_title":"Orhan Kemal \u00d6yk\u00fc \u00d6d\u00fcl\u00fc 2010","og_description":"ORHAN KEMAL 2010 \u00d6YK\u00dc \u00d6D\u00dcL\u00dc \u00c7ukurova Edebiyat\u00e7\u0131lar Derne\u011fi taraf\u0131ndan d\u00fczenlenen ve Ceyhan Belediyesinin katk\u0131da bulundu\u011fu Orhan Kemal \u00d6yk\u00fc Yar\u0131\u015fmas\u0131n\u0131n 2010 y\u0131l\u0131 ba\u015fvurular\u0131 ba\u015flam\u0131\u015ft\u0131r. Yar\u0131\u015fma, Orhan Kemal an\u0131s\u0131na d\u00fczenlenmekte ve yaz\u0131n d\u00fcnyas\u0131na \u00f6yk\u00fc dal\u0131nda \u00f6zg\u00fcn yap\u0131tlar kazand\u0131rmay\u0131 ama\u00e7lamaktad\u0131r. \u00d6yk\u00fclerin kitap halinde yay\u0131mlanmam\u0131\u015f ve daha \u00f6nce ba\u015fka bir yar\u0131\u015fmaya kat\u0131lmam\u0131\u015f olmas\u0131 \u00f6n ko\u015fuldur. Bu y\u00f6nde bir saptama [&hellip;]","og_url":"https:\/\/narteks.net\/index.php\/2010\/01\/02\/orhan-kemal-oyku-odulu-2010\/","og_site_name":"narteks.net","article_published_time":"2010-01-02T13:59:20+00:00","og_image":[{"width":300,"height":90,"url":"https:\/\/narteks.net\/wp-content\/uploads\/narteks.png","type":"image\/png"}],"author":"Tar\u0131k","twitter_card":"summary_large_image","twitter_creator":"@narteks","twitter_site":"@narteks","twitter_misc":{"Yazan:":"Tar\u0131k","Tahmini okuma s\u00fcresi":"2 dakika"},"schema":{"@context":"https:\/\/schema.org","@graph":[{"@type":"Article","@id":"https:\/\/narteks.net\/index.php\/2010\/01\/02\/orhan-kemal-oyku-odulu-2010\/#article","isPartOf":{"@id":"https:\/\/narteks.net\/index.php\/2010\/01\/02\/orhan-kemal-oyku-odulu-2010\/"},"author":{"name":"Tar\u0131k","@id":"https:\/\/narteks.net\/#\/schema\/person\/61f37d9834294b72d31d274e7ed79bca"},"headline":"Orhan Kemal \u00d6yk\u00fc \u00d6d\u00fcl\u00fc 2010","datePublished":"2010-01-02T13:59:20+00:00","mainEntityOfPage":{"@id":"https:\/\/narteks.net\/index.php\/2010\/01\/02\/orhan-kemal-oyku-odulu-2010\/"},"wordCount":330,"commentCount":0,"publisher":{"@id":"https:\/\/narteks.net\/#organization"},"articleSection":["Haberler ve Duyurular"],"inLanguage":"tr","potentialAction":[{"@type":"CommentAction","name":"Comment","target":["https:\/\/narteks.net\/index.php\/2010\/01\/02\/orhan-kemal-oyku-odulu-2010\/#respond"]}]},{"@type":"WebPage","@id":"https:\/\/narteks.net\/index.php\/2010\/01\/02\/orhan-kemal-oyku-odulu-2010\/","url":"https:\/\/narteks.net\/index.php\/2010\/01\/02\/orhan-kemal-oyku-odulu-2010\/","name":"Orhan Kemal \u00d6yk\u00fc \u00d6d\u00fcl\u00fc 2010 - narteks.net","isPartOf":{"@id":"https:\/\/narteks.net\/#website"},"datePublished":"2010-01-02T13:59:20+00:00","breadcrumb":{"@id":"https:\/\/narteks.net\/index.php\/2010\/01\/02\/orhan-kemal-oyku-odulu-2010\/#breadcrumb"},"inLanguage":"tr","potentialAction":[{"@type":"ReadAction","target":["https:\/\/narteks.net\/index.php\/2010\/01\/02\/orhan-kemal-oyku-odulu-2010\/"]}]},{"@type":"BreadcrumbList","@id":"https:\/\/narteks.net\/index.php\/2010\/01\/02\/orhan-kemal-oyku-odulu-2010\/#breadcrumb","itemListElement":[{"@type":"ListItem","position":1,"name":"Anasayfa","item":"https:\/\/narteks.net\/"},{"@type":"ListItem","position":2,"name":"Orhan Kemal \u00d6yk\u00fc \u00d6d\u00fcl\u00fc 2010"}]},{"@type":"WebSite","@id":"https:\/\/narteks.net\/#website","url":"https:\/\/narteks.net\/","name":"narteks.net","description":"K\u00fclt\u00fcr Sanat Edebiyat Felsefe","publisher":{"@id":"https:\/\/narteks.net\/#organization"},"alternateName":"K\u00fclt\u00fcr Sanat Edebiyat Felsefe","potentialAction":[{"@type":"SearchAction","target":{"@type":"EntryPoint","urlTemplate":"https:\/\/narteks.net\/?s={search_term_string}"},"query-input":{"@type":"PropertyValueSpecification","valueRequired":true,"valueName":"search_term_string"}}],"inLanguage":"tr"},{"@type":"Organization","@id":"https:\/\/narteks.net\/#organization","name":"narteks.net","url":"https:\/\/narteks.net\/","logo":{"@type":"ImageObject","inLanguage":"tr","@id":"https:\/\/narteks.net\/#\/schema\/logo\/image\/","url":"https:\/\/narteks.net\/wp-content\/uploads\/narteks.png","contentUrl":"https:\/\/narteks.net\/wp-content\/uploads\/narteks.png","width":300,"height":90,"caption":"narteks.net"},"image":{"@id":"https:\/\/narteks.net\/#\/schema\/logo\/image\/"},"sameAs":["https:\/\/x.com\/narteks","https:\/\/instagram.com\/narteksnet"]},{"@type":"Person","@id":"https:\/\/narteks.net\/#\/schema\/person\/61f37d9834294b72d31d274e7ed79bca","name":"Tar\u0131k","image":{"@type":"ImageObject","inLanguage":"tr","@id":"https:\/\/narteks.net\/#\/schema\/person\/image\/","url":"https:\/\/secure.gravatar.com\/avatar\/50865afb55632c4ae467e0af0930f6510aa2297d8014be502a55b14f3b7550cf?s=96&d=mm&r=g","contentUrl":"https:\/\/secure.gravatar.com\/avatar\/50865afb55632c4ae467e0af0930f6510aa2297d8014be502a55b14f3b7550cf?s=96&d=mm&r=g","caption":"Tar\u0131k"},"sameAs":["http:\/\/narteks.net"],"url":"https:\/\/narteks.net\/index.php\/author\/narbak\/"}]}},"_links":{"self":[{"href":"https:\/\/narteks.net\/index.php\/wp-json\/wp\/v2\/posts\/3656","targetHints":{"allow":["GET"]}}],"collection":[{"href":"https:\/\/narteks.net\/index.php\/wp-json\/wp\/v2\/posts"}],"about":[{"href":"https:\/\/narteks.net\/index.php\/wp-json\/wp\/v2\/types\/post"}],"author":[{"embeddable":true,"href":"https:\/\/narteks.net\/index.php\/wp-json\/wp\/v2\/users\/1"}],"replies":[{"embeddable":true,"href":"https:\/\/narteks.net\/index.php\/wp-json\/wp\/v2\/comments?post=3656"}],"version-history":[{"count":0,"href":"https:\/\/narteks.net\/index.php\/wp-json\/wp\/v2\/posts\/3656\/revisions"}],"wp:attachment":[{"href":"https:\/\/narteks.net\/index.php\/wp-json\/wp\/v2\/media?parent=3656"}],"wp:term":[{"taxonomy":"category","embeddable":true,"href":"https:\/\/narteks.net\/index.php\/wp-json\/wp\/v2\/categories?post=3656"},{"taxonomy":"post_tag","embeddable":true,"href":"https:\/\/narteks.net\/index.php\/wp-json\/wp\/v2\/tags?post=3656"}],"curies":[{"name":"wp","href":"https:\/\/api.w.org\/{rel}","templated":true}]}}