{"id":366,"date":"2009-03-02T14:42:26","date_gmt":"2009-03-02T11:42:26","guid":{"rendered":"http:\/\/localhost\/wordpress\/2009\/03\/02\/sana-seslenmek-icin\/"},"modified":"2009-03-02T14:42:26","modified_gmt":"2009-03-02T11:42:26","slug":"sana-seslenmek-icin","status":"publish","type":"post","link":"https:\/\/narteks.net\/index.php\/2009\/03\/02\/sana-seslenmek-icin\/","title":{"rendered":"Sana Seslenmek \u0130\u00e7in"},"content":{"rendered":"<p>\u00a0<\/p>\n<p>Gece sessizce ba\u015fl\u0131yor ve \u0131rma\u011f\u0131n<br \/>\u00d6te yakas\u0131na ge\u00e7iyor atl\u0131lar.<br \/>Bir papatyan\u0131n ac\u0131s\u0131n\u0131 dinliyorum.<br \/>G\u00f6ky\u00fcz\u00fc gitgide geni\u015fliyor.<br \/>Islak yapraklar\u0131n derin ye\u015filli\u011fi<br \/>Islak da\u011flar\u0131n uyand\u0131rd\u0131\u011f\u0131 keder.<br \/>Kendime bir demet \u00e7i\u00e7ek topluyorum<br \/>\u00d6\u011fretmenimin ilikledi\u011fi g\u00f6\u011fs\u00fcm<br \/>Ne kadar gen\u00e7<br \/>A\u011fz\u0131mda taptaze bir t\u00fct\u00fcn kokusu<br \/>Ve taze ceviz kabuklar\u0131n\u0131n karartt\u0131\u011f\u0131 parmaklar\u0131mda<br \/>Bir a\u011f\u0131z m\u0131z\u0131kas\u0131.<br \/>\u00d6\u011frendi\u011fim ilk \u015fark\u0131lar<br \/>Yollar yollar yollar boyunca<br \/>S\u00f6yledi\u011fim ilk \u015fark\u0131lar<br \/>Sevgilim olan b\u00fct\u00fcn k\u0131zlar<br \/>Siyah \u00f6nl\u00fckleri ve<br \/>Ka\u00e7amak bak\u0131\u015flar\u0131yla ge\u00e7ip gittiler<br \/>\u0130lk foto\u011fraflar\u0131mdaki yak\u0131\u015f\u0131kl\u0131 sa\u00e7\u0131m&#8230;<br \/>Ey ak\u015fam, ey bir a\u015fk\u0131n<br \/>Ba\u015flamas\u0131 ve bitmesi<br \/>Ey turuncu ak\u015fam, b\u00fct\u00fcn ak\u015famlar\u0131n ak\u015fam\u0131<br \/>Ey mor ak\u015fam, dudaklar\u0131m gibi moraran.<br \/>Gece evleri sard\u0131\u011f\u0131nda<br \/>Ve bah\u00e7eleri<br \/>I\u015f\u0131klar i\u00e7inde ka\u00e7\u0131p giden<br \/>Bir tav\u015fan gibi yaln\u0131z\u0131m.<br \/>Yolun iki yan\u0131nda kalan<br \/>Karanl\u0131k da\u011flar\u0131n \u00f6tesinde<br \/>Neler olup biter<br \/>Ve girdi\u011fimiz uykulu kasabada<br \/>Lokantadaki uykulu \u00e7ocuk<br \/>Olgun \u0131\u015f\u0131kl\u0131 lokantada<br \/>Olgun patatesler.<br \/>Bir adam\u0131n<br \/>Do\u011fmas\u0131 ve \u00f6lmesi<br \/>Ve baz\u0131 i\u015flemeler yapmas\u0131 hayat\u0131nda<br \/>Baz\u0131 ba\u011flardan<br \/>\u00dcz\u00fcm toplamas\u0131<br \/>Baz\u0131 sinemalara gitmesi<br \/>Baz\u0131 k\u0131zlar\u0131 sevmesi<br \/>Ve \u00f6lesiye yaln\u0131zl\u0131k \u00e7ekmesi<br \/>Baz\u0131 \u015fehirlerde.<br \/>Ey ak\u015fam, turuncu ve mor ak\u015fam<br \/>Ey g\u00f6ky\u00fcz\u00fc, ey benim<br \/>Gittik\u00e7e esmerle\u015fen kalbim.<br \/>\u015eimdi beyaz bir k\u0131z\u0131n<br \/>Yan\u0131nda olabilmek i\u00e7in<br \/>Baz\u0131 \u00e7\u0131lg\u0131nl\u0131klar yapabilirim<br \/>Onu boynundan \u00f6psem ve onunla<br \/>D\u00f6nyada olup bitenleri konu\u015fsak<br \/>\u0130ngiliz birahanelerinde<br \/>Damal\u0131 kasketleri<br \/>Ve \u015fa\u015f\u0131lacak kadar yorgun y\u00fczleriyle<br \/>Ve b\u00fct\u00fcn emek\u00e7iler gibi<br \/>\u00c7ocuksu g\u00f6zleri<br \/>Partal elleriyle oturan<br \/>\u0130\u015f\u00e7ilerden konu\u015fsak<br \/>Zencilerden konu\u015fsak sonra<br \/>G\u00fcl\u00fcnce b\u00fct\u00fcn y\u00fczleriyle g\u00fclen<br \/>Yak\u0131\u015f\u0131kl\u0131 ve hazin<br \/>Zencilerden.<br \/>Gece d\u00fcnyan\u0131n her yerinde<br \/>Geliyor ve her yerde<br \/>Ayn\u0131 duygu uyan\u0131yor kalbimizde.<br \/>Sen \u015fimdi<br \/>Duvar\u0131na bir \u015fiirimi asm\u0131\u015fs\u0131nd\u0131r<br \/>Uyuyorsundur<br \/>Belki d\u00fc\u015f\u00fcn\u00fcyorsundur<br \/>Sonuncu kattaki odandan<br \/>Y\u0131ld\u0131zlara bakarak.<br \/>Ve y\u0131ld\u0131zlar her zaman<br \/>Eski ve tan\u0131d\u0131kt\u0131r.<br \/>\u00d6zellikle bir tren penceresinden bak\u0131ld\u0131\u011f\u0131nda.<br \/>\u0130\u00e7imiz nedensiz bir h\u00fcz\u00fcnle doldu\u011funda<br \/>S\u0131rt\u00fcst\u00fc uzan\u0131p topra\u011fa<br \/>Bakt\u0131\u011f\u0131m\u0131z y\u0131ld\u0131zlar.<br \/>Bir harman yerinde ya da<br \/>D\u00fcz bir damda.<br \/>Uzaktan<br \/>B\u00fct\u00fcn t\u00fcrk\u00fcler gibi<br \/>Yan\u0131k bir t\u00fcrk\u00fc gelirken<br \/>S\u0131caktan bunal\u0131rken<br \/>Evler ve yollar;<br \/>Ve ya\u015fl\u0131 kad\u0131nlar<br \/>Uyuklar gibi b\u00fcz\u00fcl\u00fcp minderlerine<br \/>D\u00fc\u015f\u00fcn\u00fcrlerken eskisini<br \/>Ola\u011fan\u00fcst\u00fc g\u00fcnlerini<br \/>Gece sesizce ba\u015fl\u0131yor ve \u0131rma\u011f\u0131n<br \/>\u00d6te yakas\u0131na ge\u00e7iyor atl\u0131lar<br \/>\u00c7al\u0131lar\u0131n h\u0131\u015f\u0131rt\u0131s\u0131n\u0131 dinliyorum.<br \/>Sana seslenmek i\u00e7in<br \/>Yeni \u015fiirler tasarl\u0131yorum..<\/p>\n<p>Ataol BEHRAMO\u011eLU<\/p>\n","protected":false},"excerpt":{"rendered":"<p>\u00a0 Gece sessizce ba\u015fl\u0131yor ve \u0131rma\u011f\u0131n\u00d6te yakas\u0131na ge\u00e7iyor atl\u0131lar.Bir papatyan\u0131n ac\u0131s\u0131n\u0131 dinliyorum.G\u00f6ky\u00fcz\u00fc gitgide geni\u015fliyor.Islak yapraklar\u0131n derin ye\u015filli\u011fiIslak da\u011flar\u0131n uyand\u0131rd\u0131\u011f\u0131 keder.Kendime bir demet \u00e7i\u00e7ek topluyorum\u00d6\u011fretmenimin ilikledi\u011fi g\u00f6\u011fs\u00fcmNe kadar gen\u00e7A\u011fz\u0131mda taptaze bir t\u00fct\u00fcn kokusuVe taze ceviz kabuklar\u0131n\u0131n karartt\u0131\u011f\u0131 parmaklar\u0131mdaBir a\u011f\u0131z m\u0131z\u0131kas\u0131.\u00d6\u011frendi\u011fim ilk \u015fark\u0131larYollar yollar yollar boyuncaS\u00f6yledi\u011fim ilk \u015fark\u0131larSevgilim olan b\u00fct\u00fcn k\u0131zlarSiyah \u00f6nl\u00fckleri veKa\u00e7amak bak\u0131\u015flar\u0131yla ge\u00e7ip gittiler\u0130lk foto\u011fraflar\u0131mdaki [&hellip;]<\/p>\n","protected":false},"author":1,"featured_media":0,"comment_status":"open","ping_status":"open","sticky":false,"template":"","format":"standard","meta":{"footnotes":""},"categories":[10],"tags":[],"class_list":{"0":"post-366","1":"post","2":"type-post","3":"status-publish","4":"format-standard","6":"category-ataol-behramoglu"},"yoast_head":"<!-- This site is optimized with the Yoast SEO Premium plugin v24.9 (Yoast SEO v24.9) - https:\/\/yoast.com\/wordpress\/plugins\/seo\/ -->\n<title>Sana Seslenmek \u0130\u00e7in - narteks.net<\/title>\n<meta name=\"robots\" content=\"index, follow, max-snippet:-1, max-image-preview:large, max-video-preview:-1\" \/>\n<link rel=\"canonical\" href=\"https:\/\/narteks.net\/index.php\/2009\/03\/02\/sana-seslenmek-icin\/\" \/>\n<meta property=\"og:locale\" content=\"tr_TR\" \/>\n<meta property=\"og:type\" content=\"article\" \/>\n<meta property=\"og:title\" content=\"Sana Seslenmek \u0130\u00e7in\" \/>\n<meta property=\"og:description\" content=\"\u00a0 Gece sessizce ba\u015fl\u0131yor ve \u0131rma\u011f\u0131n\u00d6te yakas\u0131na ge\u00e7iyor atl\u0131lar.Bir papatyan\u0131n ac\u0131s\u0131n\u0131 dinliyorum.G\u00f6ky\u00fcz\u00fc gitgide geni\u015fliyor.Islak yapraklar\u0131n derin ye\u015filli\u011fiIslak da\u011flar\u0131n uyand\u0131rd\u0131\u011f\u0131 keder.Kendime bir demet \u00e7i\u00e7ek topluyorum\u00d6\u011fretmenimin ilikledi\u011fi g\u00f6\u011fs\u00fcmNe kadar gen\u00e7A\u011fz\u0131mda taptaze bir t\u00fct\u00fcn kokusuVe taze ceviz kabuklar\u0131n\u0131n karartt\u0131\u011f\u0131 parmaklar\u0131mdaBir a\u011f\u0131z m\u0131z\u0131kas\u0131.\u00d6\u011frendi\u011fim ilk \u015fark\u0131larYollar yollar yollar boyuncaS\u00f6yledi\u011fim ilk \u015fark\u0131larSevgilim olan b\u00fct\u00fcn k\u0131zlarSiyah \u00f6nl\u00fckleri veKa\u00e7amak bak\u0131\u015flar\u0131yla ge\u00e7ip gittiler\u0130lk foto\u011fraflar\u0131mdaki [&hellip;]\" \/>\n<meta property=\"og:url\" content=\"https:\/\/narteks.net\/index.php\/2009\/03\/02\/sana-seslenmek-icin\/\" \/>\n<meta property=\"og:site_name\" content=\"narteks.net\" \/>\n<meta property=\"article:published_time\" content=\"2009-03-02T11:42:26+00:00\" \/>\n<meta property=\"og:image\" content=\"https:\/\/narteks.net\/wp-content\/uploads\/narteks.png\" \/>\n\t<meta property=\"og:image:width\" content=\"300\" \/>\n\t<meta property=\"og:image:height\" content=\"90\" \/>\n\t<meta property=\"og:image:type\" content=\"image\/png\" \/>\n<meta name=\"author\" content=\"Tar\u0131k\" \/>\n<meta name=\"twitter:card\" content=\"summary_large_image\" \/>\n<meta name=\"twitter:creator\" content=\"@narteks\" \/>\n<meta name=\"twitter:site\" content=\"@narteks\" \/>\n<meta name=\"twitter:label1\" content=\"Yazan:\" \/>\n\t<meta name=\"twitter:data1\" content=\"Tar\u0131k\" \/>\n\t<meta name=\"twitter:label2\" content=\"Tahmini okuma s\u00fcresi\" \/>\n\t<meta name=\"twitter:data2\" content=\"2 dakika\" \/>\n<script type=\"application\/ld+json\" class=\"yoast-schema-graph\">{\"@context\":\"https:\/\/schema.org\",\"@graph\":[{\"@type\":\"Article\",\"@id\":\"https:\/\/narteks.net\/index.php\/2009\/03\/02\/sana-seslenmek-icin\/#article\",\"isPartOf\":{\"@id\":\"https:\/\/narteks.net\/index.php\/2009\/03\/02\/sana-seslenmek-icin\/\"},\"author\":{\"name\":\"Tar\u0131k\",\"@id\":\"https:\/\/narteks.net\/#\/schema\/person\/61f37d9834294b72d31d274e7ed79bca\"},\"headline\":\"Sana Seslenmek \u0130\u00e7in\",\"datePublished\":\"2009-03-02T11:42:26+00:00\",\"mainEntityOfPage\":{\"@id\":\"https:\/\/narteks.net\/index.php\/2009\/03\/02\/sana-seslenmek-icin\/\"},\"wordCount\":435,\"commentCount\":0,\"publisher\":{\"@id\":\"https:\/\/narteks.net\/#organization\"},\"articleSection\":[\"Ataol BEHRAMOGLU\"],\"inLanguage\":\"tr\",\"potentialAction\":[{\"@type\":\"CommentAction\",\"name\":\"Comment\",\"target\":[\"https:\/\/narteks.net\/index.php\/2009\/03\/02\/sana-seslenmek-icin\/#respond\"]}]},{\"@type\":\"WebPage\",\"@id\":\"https:\/\/narteks.net\/index.php\/2009\/03\/02\/sana-seslenmek-icin\/\",\"url\":\"https:\/\/narteks.net\/index.php\/2009\/03\/02\/sana-seslenmek-icin\/\",\"name\":\"Sana Seslenmek \u0130\u00e7in - narteks.net\",\"isPartOf\":{\"@id\":\"https:\/\/narteks.net\/#website\"},\"datePublished\":\"2009-03-02T11:42:26+00:00\",\"breadcrumb\":{\"@id\":\"https:\/\/narteks.net\/index.php\/2009\/03\/02\/sana-seslenmek-icin\/#breadcrumb\"},\"inLanguage\":\"tr\",\"potentialAction\":[{\"@type\":\"ReadAction\",\"target\":[\"https:\/\/narteks.net\/index.php\/2009\/03\/02\/sana-seslenmek-icin\/\"]}]},{\"@type\":\"BreadcrumbList\",\"@id\":\"https:\/\/narteks.net\/index.php\/2009\/03\/02\/sana-seslenmek-icin\/#breadcrumb\",\"itemListElement\":[{\"@type\":\"ListItem\",\"position\":1,\"name\":\"Anasayfa\",\"item\":\"https:\/\/narteks.net\/\"},{\"@type\":\"ListItem\",\"position\":2,\"name\":\"Sana Seslenmek \u0130\u00e7in\"}]},{\"@type\":\"WebSite\",\"@id\":\"https:\/\/narteks.net\/#website\",\"url\":\"https:\/\/narteks.net\/\",\"name\":\"narteks.net\",\"description\":\"K\u00fclt\u00fcr Sanat Edebiyat Felsefe\",\"publisher\":{\"@id\":\"https:\/\/narteks.net\/#organization\"},\"alternateName\":\"K\u00fclt\u00fcr Sanat Edebiyat Felsefe\",\"potentialAction\":[{\"@type\":\"SearchAction\",\"target\":{\"@type\":\"EntryPoint\",\"urlTemplate\":\"https:\/\/narteks.net\/?s={search_term_string}\"},\"query-input\":{\"@type\":\"PropertyValueSpecification\",\"valueRequired\":true,\"valueName\":\"search_term_string\"}}],\"inLanguage\":\"tr\"},{\"@type\":\"Organization\",\"@id\":\"https:\/\/narteks.net\/#organization\",\"name\":\"narteks.net\",\"url\":\"https:\/\/narteks.net\/\",\"logo\":{\"@type\":\"ImageObject\",\"inLanguage\":\"tr\",\"@id\":\"https:\/\/narteks.net\/#\/schema\/logo\/image\/\",\"url\":\"https:\/\/narteks.net\/wp-content\/uploads\/narteks.png\",\"contentUrl\":\"https:\/\/narteks.net\/wp-content\/uploads\/narteks.png\",\"width\":300,\"height\":90,\"caption\":\"narteks.net\"},\"image\":{\"@id\":\"https:\/\/narteks.net\/#\/schema\/logo\/image\/\"},\"sameAs\":[\"https:\/\/x.com\/narteks\",\"https:\/\/instagram.com\/narteksnet\"]},{\"@type\":\"Person\",\"@id\":\"https:\/\/narteks.net\/#\/schema\/person\/61f37d9834294b72d31d274e7ed79bca\",\"name\":\"Tar\u0131k\",\"image\":{\"@type\":\"ImageObject\",\"inLanguage\":\"tr\",\"@id\":\"https:\/\/narteks.net\/#\/schema\/person\/image\/\",\"url\":\"https:\/\/secure.gravatar.com\/avatar\/50865afb55632c4ae467e0af0930f6510aa2297d8014be502a55b14f3b7550cf?s=96&d=mm&r=g\",\"contentUrl\":\"https:\/\/secure.gravatar.com\/avatar\/50865afb55632c4ae467e0af0930f6510aa2297d8014be502a55b14f3b7550cf?s=96&d=mm&r=g\",\"caption\":\"Tar\u0131k\"},\"sameAs\":[\"http:\/\/narteks.net\"],\"url\":\"https:\/\/narteks.net\/index.php\/author\/narbak\/\"}]}<\/script>\n<!-- \/ Yoast SEO Premium plugin. -->","yoast_head_json":{"title":"Sana Seslenmek \u0130\u00e7in - narteks.net","robots":{"index":"index","follow":"follow","max-snippet":"max-snippet:-1","max-image-preview":"max-image-preview:large","max-video-preview":"max-video-preview:-1"},"canonical":"https:\/\/narteks.net\/index.php\/2009\/03\/02\/sana-seslenmek-icin\/","og_locale":"tr_TR","og_type":"article","og_title":"Sana Seslenmek \u0130\u00e7in","og_description":"\u00a0 Gece sessizce ba\u015fl\u0131yor ve \u0131rma\u011f\u0131n\u00d6te yakas\u0131na ge\u00e7iyor atl\u0131lar.Bir papatyan\u0131n ac\u0131s\u0131n\u0131 dinliyorum.G\u00f6ky\u00fcz\u00fc gitgide geni\u015fliyor.Islak yapraklar\u0131n derin ye\u015filli\u011fiIslak da\u011flar\u0131n uyand\u0131rd\u0131\u011f\u0131 keder.Kendime bir demet \u00e7i\u00e7ek topluyorum\u00d6\u011fretmenimin ilikledi\u011fi g\u00f6\u011fs\u00fcmNe kadar gen\u00e7A\u011fz\u0131mda taptaze bir t\u00fct\u00fcn kokusuVe taze ceviz kabuklar\u0131n\u0131n karartt\u0131\u011f\u0131 parmaklar\u0131mdaBir a\u011f\u0131z m\u0131z\u0131kas\u0131.\u00d6\u011frendi\u011fim ilk \u015fark\u0131larYollar yollar yollar boyuncaS\u00f6yledi\u011fim ilk \u015fark\u0131larSevgilim olan b\u00fct\u00fcn k\u0131zlarSiyah \u00f6nl\u00fckleri veKa\u00e7amak bak\u0131\u015flar\u0131yla ge\u00e7ip gittiler\u0130lk foto\u011fraflar\u0131mdaki [&hellip;]","og_url":"https:\/\/narteks.net\/index.php\/2009\/03\/02\/sana-seslenmek-icin\/","og_site_name":"narteks.net","article_published_time":"2009-03-02T11:42:26+00:00","og_image":[{"width":300,"height":90,"url":"https:\/\/narteks.net\/wp-content\/uploads\/narteks.png","type":"image\/png"}],"author":"Tar\u0131k","twitter_card":"summary_large_image","twitter_creator":"@narteks","twitter_site":"@narteks","twitter_misc":{"Yazan:":"Tar\u0131k","Tahmini okuma s\u00fcresi":"2 dakika"},"schema":{"@context":"https:\/\/schema.org","@graph":[{"@type":"Article","@id":"https:\/\/narteks.net\/index.php\/2009\/03\/02\/sana-seslenmek-icin\/#article","isPartOf":{"@id":"https:\/\/narteks.net\/index.php\/2009\/03\/02\/sana-seslenmek-icin\/"},"author":{"name":"Tar\u0131k","@id":"https:\/\/narteks.net\/#\/schema\/person\/61f37d9834294b72d31d274e7ed79bca"},"headline":"Sana Seslenmek \u0130\u00e7in","datePublished":"2009-03-02T11:42:26+00:00","mainEntityOfPage":{"@id":"https:\/\/narteks.net\/index.php\/2009\/03\/02\/sana-seslenmek-icin\/"},"wordCount":435,"commentCount":0,"publisher":{"@id":"https:\/\/narteks.net\/#organization"},"articleSection":["Ataol BEHRAMOGLU"],"inLanguage":"tr","potentialAction":[{"@type":"CommentAction","name":"Comment","target":["https:\/\/narteks.net\/index.php\/2009\/03\/02\/sana-seslenmek-icin\/#respond"]}]},{"@type":"WebPage","@id":"https:\/\/narteks.net\/index.php\/2009\/03\/02\/sana-seslenmek-icin\/","url":"https:\/\/narteks.net\/index.php\/2009\/03\/02\/sana-seslenmek-icin\/","name":"Sana Seslenmek \u0130\u00e7in - narteks.net","isPartOf":{"@id":"https:\/\/narteks.net\/#website"},"datePublished":"2009-03-02T11:42:26+00:00","breadcrumb":{"@id":"https:\/\/narteks.net\/index.php\/2009\/03\/02\/sana-seslenmek-icin\/#breadcrumb"},"inLanguage":"tr","potentialAction":[{"@type":"ReadAction","target":["https:\/\/narteks.net\/index.php\/2009\/03\/02\/sana-seslenmek-icin\/"]}]},{"@type":"BreadcrumbList","@id":"https:\/\/narteks.net\/index.php\/2009\/03\/02\/sana-seslenmek-icin\/#breadcrumb","itemListElement":[{"@type":"ListItem","position":1,"name":"Anasayfa","item":"https:\/\/narteks.net\/"},{"@type":"ListItem","position":2,"name":"Sana Seslenmek \u0130\u00e7in"}]},{"@type":"WebSite","@id":"https:\/\/narteks.net\/#website","url":"https:\/\/narteks.net\/","name":"narteks.net","description":"K\u00fclt\u00fcr Sanat Edebiyat Felsefe","publisher":{"@id":"https:\/\/narteks.net\/#organization"},"alternateName":"K\u00fclt\u00fcr Sanat Edebiyat Felsefe","potentialAction":[{"@type":"SearchAction","target":{"@type":"EntryPoint","urlTemplate":"https:\/\/narteks.net\/?s={search_term_string}"},"query-input":{"@type":"PropertyValueSpecification","valueRequired":true,"valueName":"search_term_string"}}],"inLanguage":"tr"},{"@type":"Organization","@id":"https:\/\/narteks.net\/#organization","name":"narteks.net","url":"https:\/\/narteks.net\/","logo":{"@type":"ImageObject","inLanguage":"tr","@id":"https:\/\/narteks.net\/#\/schema\/logo\/image\/","url":"https:\/\/narteks.net\/wp-content\/uploads\/narteks.png","contentUrl":"https:\/\/narteks.net\/wp-content\/uploads\/narteks.png","width":300,"height":90,"caption":"narteks.net"},"image":{"@id":"https:\/\/narteks.net\/#\/schema\/logo\/image\/"},"sameAs":["https:\/\/x.com\/narteks","https:\/\/instagram.com\/narteksnet"]},{"@type":"Person","@id":"https:\/\/narteks.net\/#\/schema\/person\/61f37d9834294b72d31d274e7ed79bca","name":"Tar\u0131k","image":{"@type":"ImageObject","inLanguage":"tr","@id":"https:\/\/narteks.net\/#\/schema\/person\/image\/","url":"https:\/\/secure.gravatar.com\/avatar\/50865afb55632c4ae467e0af0930f6510aa2297d8014be502a55b14f3b7550cf?s=96&d=mm&r=g","contentUrl":"https:\/\/secure.gravatar.com\/avatar\/50865afb55632c4ae467e0af0930f6510aa2297d8014be502a55b14f3b7550cf?s=96&d=mm&r=g","caption":"Tar\u0131k"},"sameAs":["http:\/\/narteks.net"],"url":"https:\/\/narteks.net\/index.php\/author\/narbak\/"}]}},"_links":{"self":[{"href":"https:\/\/narteks.net\/index.php\/wp-json\/wp\/v2\/posts\/366","targetHints":{"allow":["GET"]}}],"collection":[{"href":"https:\/\/narteks.net\/index.php\/wp-json\/wp\/v2\/posts"}],"about":[{"href":"https:\/\/narteks.net\/index.php\/wp-json\/wp\/v2\/types\/post"}],"author":[{"embeddable":true,"href":"https:\/\/narteks.net\/index.php\/wp-json\/wp\/v2\/users\/1"}],"replies":[{"embeddable":true,"href":"https:\/\/narteks.net\/index.php\/wp-json\/wp\/v2\/comments?post=366"}],"version-history":[{"count":0,"href":"https:\/\/narteks.net\/index.php\/wp-json\/wp\/v2\/posts\/366\/revisions"}],"wp:attachment":[{"href":"https:\/\/narteks.net\/index.php\/wp-json\/wp\/v2\/media?parent=366"}],"wp:term":[{"taxonomy":"category","embeddable":true,"href":"https:\/\/narteks.net\/index.php\/wp-json\/wp\/v2\/categories?post=366"},{"taxonomy":"post_tag","embeddable":true,"href":"https:\/\/narteks.net\/index.php\/wp-json\/wp\/v2\/tags?post=366"}],"curies":[{"name":"wp","href":"https:\/\/api.w.org\/{rel}","templated":true}]}}