{"id":3660,"date":"2010-01-04T12:47:17","date_gmt":"2010-01-04T09:47:17","guid":{"rendered":"http:\/\/localhost\/wordpress\/2010\/01\/04\/mor-ve-otesi-sarkilariyla-narteksnette\/"},"modified":"2010-01-04T12:47:17","modified_gmt":"2010-01-04T09:47:17","slug":"mor-ve-otesi-sarkilariyla-narteksnette","status":"publish","type":"post","link":"https:\/\/narteks.net\/index.php\/2010\/01\/04\/mor-ve-otesi-sarkilariyla-narteksnette\/","title":{"rendered":"Mor ve \u00d6tesi \u015fark\u0131lar\u0131yla Narteks.net&#8217;te"},"content":{"rendered":"<p><img loading=\"lazy\" decoding=\"async\" src=\"images\/stories\/mor-ve-otesi.jpg\" border=\"0\" width=\"155\" height=\"205\" style=\"float: left;\" \/><\/p>\n<p><strong> <\/strong><\/p>\n<p style=\"text-align: justify;\">Mor ve \u00d6tesi, 1995 y\u0131l\u0131n\u0131n Ocak ay\u0131nda Kerem Kabaday\u0131 (davul), Harun Tekin (vokal\/gitar), Derin Esmer (vokal\/gitar) ve Alper Tekin (bas) taraf\u0131ndan kurulan T\u00fcrk alternatif rock m\u00fczik grubudur.Kendi bestelerinden olu\u015fan ilk alb\u00fcm\u00fcn\u00fc 1995 y\u0131l\u0131n\u0131n a\u011fustos ay\u0131nda St\u00fcdyo Spectrum&#8217;da kaydeden grup, 1996&#8217;n\u0131n Ocak ay\u0131nda \u00e7al\u0131\u015fmaya son halini verdi ve &#8220;\u015eehir&#8221;, 1996&#8217;n\u0131n Eyl\u00fcl ay\u0131nda m\u00fczik sahnesine \u00e7\u0131kt\u0131. Grup ayni alb\u00fcm i\u00e7erisinde yer alan ve ilk video klibi olan &#8220;Yaln\u0131z \u015eark\u0131&#8221;, \u015fark\u0131s\u0131na klip \u00e7ekti.<\/p>\n<p style=\"text-align: justify;\">Mor ve \u00d6tesi grubu, T\u00fcrkiye&#8217;yi 2008 Eurovision \u015eark\u0131 Yar\u0131\u015fmas\u0131&#8217;nda s\u00f6z ve m\u00fczi\u011fi kendilerine ait olan Deli (\u015fark\u0131) adl\u0131 T\u00fcrk\u00e7e s\u00f6zl\u00fc \u015fark\u0131 ile temsil etmi\u015ftir. \u0130kinci yar\u0131 finade yar\u0131\u015fan grup, ilk 10&#8217;a girmeyi ba\u015far\u0131nca 24 May\u0131s&#8217;taki Eurovision finaline kat\u0131lmaya hak kazan\u0131m\u0131\u015ft\u0131r. Rusya&#8217;n\u0131n birinci oldu\u011fu yar\u0131\u015fmada finalinde 12. s\u0131rada sahneye \u00e7\u0131k\u0131p, yar\u0131\u015fmay\u0131 138 puanla 7. olarak tamamlam\u0131\u015ft\u0131r.<\/p>\n<p style=\"text-align: justify;\">Grup Eurovision sonras\u0131, 24 Kas\u0131m 2008&#8217;de Ba\u015f\u0131bozuk (alb\u00fcm) isimli alb\u00fcm\u00fc \u00e7\u0131kard\u0131. Eurovision i\u00e7in kaydedilen \u00fc\u00e7 \u015fark\u0131 Deli (\u015fark\u0131),\u0130ddia (\u015fark\u0131) ve Sonbahar (\u015fark\u0131)&#8217;n\u0131n yan\u0131 s\u0131ra eski \u015fark\u0131lar\u0131n\u0131n remixleri ve canl\u0131 performanslar\u0131 bu alb\u00fcmde yerald\u0131.<\/p>\n<p>1996 \u00a0\u00a0 \u00a0\u015eehir \u00a0\u00a0 \u00a0<br \/>1999 \u00a0\u00a0 \u00a0B\u0131rak Zaman Aks\u0131n <br \/>2001 \u00a0\u00a0 \u00a0G\u00fcl Kendine \u00a0\u00a0 \u00a0<br \/>2003 \u00a0\u00a0 \u00a0Yaz EP \u00a0\u00a0 \u00a0<br \/>2004 \u00a0\u00a0 \u00a0D\u00fcnya Yalan S\u00f6yl\u00fcyor \u00a0\u00a0 \u00a0<br \/>2006 \u00a0\u00a0 \u00a0B\u00fcy\u00fck D\u00fc\u015fler \u00a0\u00a0 \u00a0<br \/>2008 \u00a0\u00a0 \u00a0Ba\u015f\u0131bozuk \u00a0\u00a0 \u00a0<\/p>\n<p><strong>Katk\u0131da bulundu\u011fu ortak alb\u00fcmler<\/strong><br \/>\u015eark\u0131lar Bir Oyundur (2000)<\/p>\n<p>&#8220;B\u00fclent Orta\u00e7gil i\u00e7in S\u00f6ylenmi\u015f B\u00fclent Orta\u00e7gil \u015eark\u0131lar\u0131&#8221; olarak da an\u0131lan alb\u00fcmde Mor ve \u00d6tesi &#8216;Sen Vars\u0131n&#8217; yorumuyla yer ald\u0131.<br \/>Sular Y\u00fckseliyor (1996)<\/p>\n<p>90&#8217;lar\u0131n ortas\u0131nda Ada M\u00fczik etiketiyle yay\u0131nlanan 14 rock alb\u00fcm\u00fcnden birer \u015fark\u0131n\u0131n yer ald\u0131\u011f\u0131 bu toplamaya mor ve \u00f6tesi de &#8216;Yaln\u0131z \u015eark\u0131&#8217; ile kat\u0131ld\u0131.<br \/>Sava\u015fa Hi\u00e7 Gerek Yok (2003)<\/p>\n<p>Athena, Aylin Asl\u0131m, B\u00fclent Orta\u00e7gil, Feridun D\u00fcza\u011fa\u00e7, Koray Candemir, Mor Ve \u00d6tesi, Nejat Yava\u015fo\u011fullar\u0131 ve Vega bu single ile Irak&#8217;ta ba\u015flat\u0131lmak istenen sava\u015fa kar\u015f\u0131 bir araya geldiler. Mor Ve \u00d6tesi&#8217;nin &#8216;Sava\u015fa Hi\u00e7 Gerek Yok&#8217; adl\u0131 bestesinin hep birlikte seslendirildi\u011fi bu \u00e7al\u0131\u015fmada \u015fark\u0131n\u0131n \u00fc\u00e7 farkl\u0131 versiyonu bulunuyor.<br \/>S\u00f6z Vermi\u015f \u015eark\u0131lar (2004)<\/p>\n<p>Murathan Mungan&#8217;\u0131n s\u00f6zlerini yazd\u0131\u011f\u0131 \u015fark\u0131lardan olu\u015fan bu proje i\u00e7in Mor ve \u00d6tesi Telli Telli&#8217;yi yorumlad\u0131.<br \/>Onno Tun\u00e7 \u015eark\u0131lar\u0131 (2007)<\/p>\n<p>Grubun Onno Tun\u00e7 ad\u0131na yarat\u0131lan bir anma alb\u00fcm\u00fcnde yer almak \u00fczere yorumlad\u0131\u011f\u0131, 80&#8217;li y\u0131llarda Sezen Aksu taraf\u0131ndan s\u00f6ylenmi\u015f olan &#8220;1945&#8221; \u015fark\u0131s\u0131 CD olarak Kolaj isimli plak \u015firketince May\u0131s 2007\u2019de yay\u0131mland\u0131.<br \/>Rakun Rolling Stone (2008)<\/p>\n<p> Bir (Canl\u0131 &#8211; Akustik)<br \/> Gece (Canl\u0131 &#8211; Akustik)<br \/> Sevda \u00c7i\u00e7egi (Canl\u0131 &#8211; Akustik)<br \/> B\u00fcy\u00fck D\u00fc\u015fler (Canl\u0131 &#8211; Akustik)<\/p>\n<p>\n<object width=\"400\" height=\"315\" data=\"http:\/\/www.humyo.com\/E\/10044311-281475168873405\/10044311-281475168877203\/10044311-281475168904857\/10044311-281475168880723\/10044311-281475168881195\/10044311-281475168887195\/10044311-281475168907703\/10044311-281475168890545\/10044311-281475168891373\/10044311-281475168891945\/10044311-281475168894145\/10044311-281475168901099\/10044311-281475168909861\/10044311-281475168912795\/10044311-281475168917437\/10044311-281475168920345\/10044311-281475168925279\" type=\"application\/x-shockwave-flash\"><param name=\"flashvars\" value=\"autostart=true&amp;imagestart=true&amp;displayheight=236\" \/><param name=\"src\" value=\"http:\/\/www.humyo.com\/E\/10044311-281475168873405\/10044311-281475168877203\/10044311-281475168904857\/10044311-281475168880723\/10044311-281475168881195\/10044311-281475168887195\/10044311-281475168907703\/10044311-281475168890545\/10044311-281475168891373\/10044311-281475168891945\/10044311-281475168894145\/10044311-281475168901099\/10044311-281475168909861\/10044311-281475168912795\/10044311-281475168917437\/10044311-281475168920345\/10044311-281475168925279\" \/><\/object><\/p>\n","protected":false},"excerpt":{"rendered":"<p>Mor ve \u00d6tesi, 1995 y\u0131l\u0131n\u0131n Ocak ay\u0131nda Kerem Kabaday\u0131 (davul), Harun Tekin (vokal\/gitar), Derin Esmer (vokal\/gitar) ve Alper Tekin (bas) taraf\u0131ndan kurulan T\u00fcrk alternatif rock m\u00fczik grubudur.Kendi bestelerinden olu\u015fan ilk alb\u00fcm\u00fcn\u00fc 1995 y\u0131l\u0131n\u0131n a\u011fustos ay\u0131nda St\u00fcdyo Spectrum&#8217;da kaydeden grup, 1996&#8217;n\u0131n Ocak ay\u0131nda \u00e7al\u0131\u015fmaya son halini verdi ve &#8220;\u015eehir&#8221;, 1996&#8217;n\u0131n Eyl\u00fcl ay\u0131nda m\u00fczik sahnesine \u00e7\u0131kt\u0131. Grup [&hellip;]<\/p>\n","protected":false},"author":1,"featured_media":0,"comment_status":"open","ping_status":"open","sticky":false,"template":"","format":"standard","meta":{"footnotes":""},"categories":[127],"tags":[],"class_list":{"0":"post-3660","1":"post","2":"type-post","3":"status-publish","4":"format-standard","6":"category-muzik-gruplari"},"yoast_head":"<!-- This site is optimized with the Yoast SEO Premium plugin v24.9 (Yoast SEO v24.9) - https:\/\/yoast.com\/wordpress\/plugins\/seo\/ -->\n<title>Mor ve \u00d6tesi \u015fark\u0131lar\u0131yla Narteks.net&#039;te - narteks.net<\/title>\n<meta name=\"robots\" content=\"index, follow, max-snippet:-1, max-image-preview:large, max-video-preview:-1\" \/>\n<link rel=\"canonical\" href=\"https:\/\/narteks.net\/index.php\/2010\/01\/04\/mor-ve-otesi-sarkilariyla-narteksnette\/\" \/>\n<meta property=\"og:locale\" content=\"tr_TR\" \/>\n<meta property=\"og:type\" content=\"article\" \/>\n<meta property=\"og:title\" content=\"Mor ve \u00d6tesi \u015fark\u0131lar\u0131yla Narteks.net&#039;te\" \/>\n<meta property=\"og:description\" content=\"Mor ve \u00d6tesi, 1995 y\u0131l\u0131n\u0131n Ocak ay\u0131nda Kerem Kabaday\u0131 (davul), Harun Tekin (vokal\/gitar), Derin Esmer (vokal\/gitar) ve Alper Tekin (bas) taraf\u0131ndan kurulan T\u00fcrk alternatif rock m\u00fczik grubudur.Kendi bestelerinden olu\u015fan ilk alb\u00fcm\u00fcn\u00fc 1995 y\u0131l\u0131n\u0131n a\u011fustos ay\u0131nda St\u00fcdyo Spectrum&#8217;da kaydeden grup, 1996&#8217;n\u0131n Ocak ay\u0131nda \u00e7al\u0131\u015fmaya son halini verdi ve &#8220;\u015eehir&#8221;, 1996&#8217;n\u0131n Eyl\u00fcl ay\u0131nda m\u00fczik sahnesine \u00e7\u0131kt\u0131. Grup [&hellip;]\" \/>\n<meta property=\"og:url\" content=\"https:\/\/narteks.net\/index.php\/2010\/01\/04\/mor-ve-otesi-sarkilariyla-narteksnette\/\" \/>\n<meta property=\"og:site_name\" content=\"narteks.net\" \/>\n<meta property=\"article:published_time\" content=\"2010-01-04T09:47:17+00:00\" \/>\n<meta property=\"og:image\" content=\"https:\/\/narteks.net\/wp-content\/uploads\/narteks.png\" \/>\n\t<meta property=\"og:image:width\" content=\"300\" \/>\n\t<meta property=\"og:image:height\" content=\"90\" \/>\n\t<meta property=\"og:image:type\" content=\"image\/png\" \/>\n<meta name=\"author\" content=\"Tar\u0131k\" \/>\n<meta name=\"twitter:card\" content=\"summary_large_image\" \/>\n<meta name=\"twitter:creator\" content=\"@narteks\" \/>\n<meta name=\"twitter:site\" content=\"@narteks\" \/>\n<meta name=\"twitter:label1\" content=\"Yazan:\" \/>\n\t<meta name=\"twitter:data1\" content=\"Tar\u0131k\" \/>\n\t<meta name=\"twitter:label2\" content=\"Tahmini okuma s\u00fcresi\" \/>\n\t<meta name=\"twitter:data2\" content=\"2 dakika\" \/>\n<script type=\"application\/ld+json\" class=\"yoast-schema-graph\">{\"@context\":\"https:\/\/schema.org\",\"@graph\":[{\"@type\":\"Article\",\"@id\":\"https:\/\/narteks.net\/index.php\/2010\/01\/04\/mor-ve-otesi-sarkilariyla-narteksnette\/#article\",\"isPartOf\":{\"@id\":\"https:\/\/narteks.net\/index.php\/2010\/01\/04\/mor-ve-otesi-sarkilariyla-narteksnette\/\"},\"author\":{\"name\":\"Tar\u0131k\",\"@id\":\"https:\/\/narteks.net\/#\/schema\/person\/61f37d9834294b72d31d274e7ed79bca\"},\"headline\":\"Mor ve \u00d6tesi \u015fark\u0131lar\u0131yla Narteks.net&#8217;te\",\"datePublished\":\"2010-01-04T09:47:17+00:00\",\"mainEntityOfPage\":{\"@id\":\"https:\/\/narteks.net\/index.php\/2010\/01\/04\/mor-ve-otesi-sarkilariyla-narteksnette\/\"},\"wordCount\":485,\"commentCount\":0,\"publisher\":{\"@id\":\"https:\/\/narteks.net\/#organization\"},\"articleSection\":[\"M\u00fczik Gruplar\u0131\"],\"inLanguage\":\"tr\",\"potentialAction\":[{\"@type\":\"CommentAction\",\"name\":\"Comment\",\"target\":[\"https:\/\/narteks.net\/index.php\/2010\/01\/04\/mor-ve-otesi-sarkilariyla-narteksnette\/#respond\"]}]},{\"@type\":\"WebPage\",\"@id\":\"https:\/\/narteks.net\/index.php\/2010\/01\/04\/mor-ve-otesi-sarkilariyla-narteksnette\/\",\"url\":\"https:\/\/narteks.net\/index.php\/2010\/01\/04\/mor-ve-otesi-sarkilariyla-narteksnette\/\",\"name\":\"Mor ve \u00d6tesi \u015fark\u0131lar\u0131yla Narteks.net'te - narteks.net\",\"isPartOf\":{\"@id\":\"https:\/\/narteks.net\/#website\"},\"datePublished\":\"2010-01-04T09:47:17+00:00\",\"breadcrumb\":{\"@id\":\"https:\/\/narteks.net\/index.php\/2010\/01\/04\/mor-ve-otesi-sarkilariyla-narteksnette\/#breadcrumb\"},\"inLanguage\":\"tr\",\"potentialAction\":[{\"@type\":\"ReadAction\",\"target\":[\"https:\/\/narteks.net\/index.php\/2010\/01\/04\/mor-ve-otesi-sarkilariyla-narteksnette\/\"]}]},{\"@type\":\"BreadcrumbList\",\"@id\":\"https:\/\/narteks.net\/index.php\/2010\/01\/04\/mor-ve-otesi-sarkilariyla-narteksnette\/#breadcrumb\",\"itemListElement\":[{\"@type\":\"ListItem\",\"position\":1,\"name\":\"Anasayfa\",\"item\":\"https:\/\/narteks.net\/\"},{\"@type\":\"ListItem\",\"position\":2,\"name\":\"Mor ve \u00d6tesi \u015fark\u0131lar\u0131yla Narteks.net&#8217;te\"}]},{\"@type\":\"WebSite\",\"@id\":\"https:\/\/narteks.net\/#website\",\"url\":\"https:\/\/narteks.net\/\",\"name\":\"narteks.net\",\"description\":\"K\u00fclt\u00fcr Sanat Edebiyat Felsefe\",\"publisher\":{\"@id\":\"https:\/\/narteks.net\/#organization\"},\"alternateName\":\"K\u00fclt\u00fcr Sanat Edebiyat Felsefe\",\"potentialAction\":[{\"@type\":\"SearchAction\",\"target\":{\"@type\":\"EntryPoint\",\"urlTemplate\":\"https:\/\/narteks.net\/?s={search_term_string}\"},\"query-input\":{\"@type\":\"PropertyValueSpecification\",\"valueRequired\":true,\"valueName\":\"search_term_string\"}}],\"inLanguage\":\"tr\"},{\"@type\":\"Organization\",\"@id\":\"https:\/\/narteks.net\/#organization\",\"name\":\"narteks.net\",\"url\":\"https:\/\/narteks.net\/\",\"logo\":{\"@type\":\"ImageObject\",\"inLanguage\":\"tr\",\"@id\":\"https:\/\/narteks.net\/#\/schema\/logo\/image\/\",\"url\":\"https:\/\/narteks.net\/wp-content\/uploads\/narteks.png\",\"contentUrl\":\"https:\/\/narteks.net\/wp-content\/uploads\/narteks.png\",\"width\":300,\"height\":90,\"caption\":\"narteks.net\"},\"image\":{\"@id\":\"https:\/\/narteks.net\/#\/schema\/logo\/image\/\"},\"sameAs\":[\"https:\/\/x.com\/narteks\",\"https:\/\/instagram.com\/narteksnet\"]},{\"@type\":\"Person\",\"@id\":\"https:\/\/narteks.net\/#\/schema\/person\/61f37d9834294b72d31d274e7ed79bca\",\"name\":\"Tar\u0131k\",\"image\":{\"@type\":\"ImageObject\",\"inLanguage\":\"tr\",\"@id\":\"https:\/\/narteks.net\/#\/schema\/person\/image\/\",\"url\":\"https:\/\/secure.gravatar.com\/avatar\/50865afb55632c4ae467e0af0930f6510aa2297d8014be502a55b14f3b7550cf?s=96&d=mm&r=g\",\"contentUrl\":\"https:\/\/secure.gravatar.com\/avatar\/50865afb55632c4ae467e0af0930f6510aa2297d8014be502a55b14f3b7550cf?s=96&d=mm&r=g\",\"caption\":\"Tar\u0131k\"},\"sameAs\":[\"http:\/\/narteks.net\"],\"url\":\"https:\/\/narteks.net\/index.php\/author\/narbak\/\"}]}<\/script>\n<!-- \/ Yoast SEO Premium plugin. -->","yoast_head_json":{"title":"Mor ve \u00d6tesi \u015fark\u0131lar\u0131yla Narteks.net'te - narteks.net","robots":{"index":"index","follow":"follow","max-snippet":"max-snippet:-1","max-image-preview":"max-image-preview:large","max-video-preview":"max-video-preview:-1"},"canonical":"https:\/\/narteks.net\/index.php\/2010\/01\/04\/mor-ve-otesi-sarkilariyla-narteksnette\/","og_locale":"tr_TR","og_type":"article","og_title":"Mor ve \u00d6tesi \u015fark\u0131lar\u0131yla Narteks.net'te","og_description":"Mor ve \u00d6tesi, 1995 y\u0131l\u0131n\u0131n Ocak ay\u0131nda Kerem Kabaday\u0131 (davul), Harun Tekin (vokal\/gitar), Derin Esmer (vokal\/gitar) ve Alper Tekin (bas) taraf\u0131ndan kurulan T\u00fcrk alternatif rock m\u00fczik grubudur.Kendi bestelerinden olu\u015fan ilk alb\u00fcm\u00fcn\u00fc 1995 y\u0131l\u0131n\u0131n a\u011fustos ay\u0131nda St\u00fcdyo Spectrum&#8217;da kaydeden grup, 1996&#8217;n\u0131n Ocak ay\u0131nda \u00e7al\u0131\u015fmaya son halini verdi ve &#8220;\u015eehir&#8221;, 1996&#8217;n\u0131n Eyl\u00fcl ay\u0131nda m\u00fczik sahnesine \u00e7\u0131kt\u0131. Grup [&hellip;]","og_url":"https:\/\/narteks.net\/index.php\/2010\/01\/04\/mor-ve-otesi-sarkilariyla-narteksnette\/","og_site_name":"narteks.net","article_published_time":"2010-01-04T09:47:17+00:00","og_image":[{"width":300,"height":90,"url":"https:\/\/narteks.net\/wp-content\/uploads\/narteks.png","type":"image\/png"}],"author":"Tar\u0131k","twitter_card":"summary_large_image","twitter_creator":"@narteks","twitter_site":"@narteks","twitter_misc":{"Yazan:":"Tar\u0131k","Tahmini okuma s\u00fcresi":"2 dakika"},"schema":{"@context":"https:\/\/schema.org","@graph":[{"@type":"Article","@id":"https:\/\/narteks.net\/index.php\/2010\/01\/04\/mor-ve-otesi-sarkilariyla-narteksnette\/#article","isPartOf":{"@id":"https:\/\/narteks.net\/index.php\/2010\/01\/04\/mor-ve-otesi-sarkilariyla-narteksnette\/"},"author":{"name":"Tar\u0131k","@id":"https:\/\/narteks.net\/#\/schema\/person\/61f37d9834294b72d31d274e7ed79bca"},"headline":"Mor ve \u00d6tesi \u015fark\u0131lar\u0131yla Narteks.net&#8217;te","datePublished":"2010-01-04T09:47:17+00:00","mainEntityOfPage":{"@id":"https:\/\/narteks.net\/index.php\/2010\/01\/04\/mor-ve-otesi-sarkilariyla-narteksnette\/"},"wordCount":485,"commentCount":0,"publisher":{"@id":"https:\/\/narteks.net\/#organization"},"articleSection":["M\u00fczik Gruplar\u0131"],"inLanguage":"tr","potentialAction":[{"@type":"CommentAction","name":"Comment","target":["https:\/\/narteks.net\/index.php\/2010\/01\/04\/mor-ve-otesi-sarkilariyla-narteksnette\/#respond"]}]},{"@type":"WebPage","@id":"https:\/\/narteks.net\/index.php\/2010\/01\/04\/mor-ve-otesi-sarkilariyla-narteksnette\/","url":"https:\/\/narteks.net\/index.php\/2010\/01\/04\/mor-ve-otesi-sarkilariyla-narteksnette\/","name":"Mor ve \u00d6tesi \u015fark\u0131lar\u0131yla Narteks.net'te - narteks.net","isPartOf":{"@id":"https:\/\/narteks.net\/#website"},"datePublished":"2010-01-04T09:47:17+00:00","breadcrumb":{"@id":"https:\/\/narteks.net\/index.php\/2010\/01\/04\/mor-ve-otesi-sarkilariyla-narteksnette\/#breadcrumb"},"inLanguage":"tr","potentialAction":[{"@type":"ReadAction","target":["https:\/\/narteks.net\/index.php\/2010\/01\/04\/mor-ve-otesi-sarkilariyla-narteksnette\/"]}]},{"@type":"BreadcrumbList","@id":"https:\/\/narteks.net\/index.php\/2010\/01\/04\/mor-ve-otesi-sarkilariyla-narteksnette\/#breadcrumb","itemListElement":[{"@type":"ListItem","position":1,"name":"Anasayfa","item":"https:\/\/narteks.net\/"},{"@type":"ListItem","position":2,"name":"Mor ve \u00d6tesi \u015fark\u0131lar\u0131yla Narteks.net&#8217;te"}]},{"@type":"WebSite","@id":"https:\/\/narteks.net\/#website","url":"https:\/\/narteks.net\/","name":"narteks.net","description":"K\u00fclt\u00fcr Sanat Edebiyat Felsefe","publisher":{"@id":"https:\/\/narteks.net\/#organization"},"alternateName":"K\u00fclt\u00fcr Sanat Edebiyat Felsefe","potentialAction":[{"@type":"SearchAction","target":{"@type":"EntryPoint","urlTemplate":"https:\/\/narteks.net\/?s={search_term_string}"},"query-input":{"@type":"PropertyValueSpecification","valueRequired":true,"valueName":"search_term_string"}}],"inLanguage":"tr"},{"@type":"Organization","@id":"https:\/\/narteks.net\/#organization","name":"narteks.net","url":"https:\/\/narteks.net\/","logo":{"@type":"ImageObject","inLanguage":"tr","@id":"https:\/\/narteks.net\/#\/schema\/logo\/image\/","url":"https:\/\/narteks.net\/wp-content\/uploads\/narteks.png","contentUrl":"https:\/\/narteks.net\/wp-content\/uploads\/narteks.png","width":300,"height":90,"caption":"narteks.net"},"image":{"@id":"https:\/\/narteks.net\/#\/schema\/logo\/image\/"},"sameAs":["https:\/\/x.com\/narteks","https:\/\/instagram.com\/narteksnet"]},{"@type":"Person","@id":"https:\/\/narteks.net\/#\/schema\/person\/61f37d9834294b72d31d274e7ed79bca","name":"Tar\u0131k","image":{"@type":"ImageObject","inLanguage":"tr","@id":"https:\/\/narteks.net\/#\/schema\/person\/image\/","url":"https:\/\/secure.gravatar.com\/avatar\/50865afb55632c4ae467e0af0930f6510aa2297d8014be502a55b14f3b7550cf?s=96&d=mm&r=g","contentUrl":"https:\/\/secure.gravatar.com\/avatar\/50865afb55632c4ae467e0af0930f6510aa2297d8014be502a55b14f3b7550cf?s=96&d=mm&r=g","caption":"Tar\u0131k"},"sameAs":["http:\/\/narteks.net"],"url":"https:\/\/narteks.net\/index.php\/author\/narbak\/"}]}},"_links":{"self":[{"href":"https:\/\/narteks.net\/index.php\/wp-json\/wp\/v2\/posts\/3660","targetHints":{"allow":["GET"]}}],"collection":[{"href":"https:\/\/narteks.net\/index.php\/wp-json\/wp\/v2\/posts"}],"about":[{"href":"https:\/\/narteks.net\/index.php\/wp-json\/wp\/v2\/types\/post"}],"author":[{"embeddable":true,"href":"https:\/\/narteks.net\/index.php\/wp-json\/wp\/v2\/users\/1"}],"replies":[{"embeddable":true,"href":"https:\/\/narteks.net\/index.php\/wp-json\/wp\/v2\/comments?post=3660"}],"version-history":[{"count":0,"href":"https:\/\/narteks.net\/index.php\/wp-json\/wp\/v2\/posts\/3660\/revisions"}],"wp:attachment":[{"href":"https:\/\/narteks.net\/index.php\/wp-json\/wp\/v2\/media?parent=3660"}],"wp:term":[{"taxonomy":"category","embeddable":true,"href":"https:\/\/narteks.net\/index.php\/wp-json\/wp\/v2\/categories?post=3660"},{"taxonomy":"post_tag","embeddable":true,"href":"https:\/\/narteks.net\/index.php\/wp-json\/wp\/v2\/tags?post=3660"}],"curies":[{"name":"wp","href":"https:\/\/api.w.org\/{rel}","templated":true}]}}