{"id":3661,"date":"2010-01-04T13:06:22","date_gmt":"2010-01-04T10:06:22","guid":{"rendered":"http:\/\/localhost\/wordpress\/2010\/01\/04\/mavi-sakal-ve-sarkilari-narteksnette\/"},"modified":"2010-01-04T13:06:22","modified_gmt":"2010-01-04T10:06:22","slug":"mavi-sakal-ve-sarkilari-narteksnette","status":"publish","type":"post","link":"https:\/\/narteks.net\/index.php\/2010\/01\/04\/mavi-sakal-ve-sarkilari-narteksnette\/","title":{"rendered":"Mavi Sakal ve \u015fark\u0131lar\u0131 Narteks.net&#8217;te"},"content":{"rendered":"<p><img loading=\"lazy\" decoding=\"async\" src=\"images\/stories\/mavisakal.jpg\" border=\"0\" width=\"155\" height=\"205\" style=\"float: left;\" \/><\/p>\n<p><strong> <\/strong><\/p>\n<p style=\"text-align: justify;\">Mavi Sakal 1979 senesinde Tarsus Amerikan Lisesi&#8217;nde \u00f6\u011frenci olan Murat T\u00fcmer (Davul), Kaan Altan (Gitar), Tibet A\u011f\u0131rtan (Gitar, Vokal) taraf\u0131ndan kuruldu.1984 y\u0131l\u0131nda grup elemanlar\u0131 \u00fcniversite e\u011fitimlerine devam etmek i\u00e7in \u0130stanbul&#8217;a gelerek m\u00fczik \u00e7al\u0131\u015fmalar\u0131n\u0131 s\u00fcrd\u00fcrd\u00fcler.1984 &#8211; 1992 seneleri aras\u0131nda T\u00fcrkiye \u00e7ap\u0131nda bir\u00e7ok solo konser d\u00fczenleyen grup ayn\u0131 zamanda uluslararas\u0131 \u00c7e\u015fme ve Antalya festivallerinde de konserler verdi.Mavi Sakal &#8220;\u00c7ektir Git&#8221; ad\u0131n\u0131 verdi\u011fi ilk kasetini 1992 y\u0131l\u0131nda piyasaya \u00e7\u0131kartt\u0131. Alb\u00fcm grup \u00fcyeleri taraf\u0131ndan Bo\u011fazi\u00e7i \u00dcniversitesi St\u00fcdyolar\u0131nda kay\u0131t edilmi\u015fti. Mavi Sakal ilk alb\u00fcmleri ile hayran kitlesi toplamay\u0131 ba\u015fard\u0131. Bunun \u00fczerine 6 ay sonra st\u00fcdyo&#8217;ya giren Mavi Sakal 1993 \u015eubat ay\u0131nda &#8220;Mavi Sakal 2&#8221; yi piyasaya s\u00fcrd\u00fc. Alb\u00fcm\u00fcn a\u00e7\u0131l\u0131\u015f par\u00e7as\u0131 &#8220;\u015eA\u015eKIN&#8221; \u00e7ok k\u0131sa s\u00fcrede t\u00fcm radyo ve televizyonlarda boy g\u00f6stermeye ve listeleri zorlamaya ba\u015flad\u0131. Bunun \u00fczerine plak \u015firketleri &#8220;Mavi Sakal 2&#8221; yi CD olarak piyasaya s\u00fcrd\u00fc. Bu yay\u0131mlanan ilk T\u00fcrk Rock CD&#8217;si oluyordu. Grup 1993 Nisan &#8211; May\u0131s aylar\u0131nda 35 konserlik bir T\u00fcrkiye turnesi ger\u00e7ekle\u015ftirerek 116.000 izleyiciye ula\u015ft\u0131. Ayn\u0131 zamanda alb\u00fcm\u00fcn hit par\u00e7as\u0131 &#8220;\u00c7ektir Git&#8221; t\u00fcm radyolarda en\u00e7ok istek alan par\u00e7alar\u0131n aras\u0131na girerek grubu listelerde \u00fcst s\u0131ralara \u00e7\u0131kart\u0131yordu.<\/p>\n<p>1993 y\u0131l\u0131n\u0131n Aral\u0131k ay\u0131nda Mavi Sakal bir a\u00e7\u0131klama yaparak solistleri Tibet A\u011eIRTAN&#8217;\u0131n gruptan ayr\u0131ld\u0131\u011f\u0131n\u0131 ve m\u00fczik \u00e7al\u0131\u015fmalar\u0131na tek ba\u015f\u0131na devam edece\u011fini a\u00e7\u0131kl\u0131yordu.<\/p>\n<p>Uzun bir sessizlik d\u00f6neminden sonra Mavi Sakal davulda Murat T\u00fcmer, gitarda Kaan ALTAN birlikteli\u011fine 1996 Ekim ay\u0131nda vokalde Gen\u00e7 Osman YAVA\u015e, bas gitarda Andy WAND&#8217;un kat\u0131l\u0131m\u0131 ile yeni bir \u015fekil verdi. Grup elemanlar\u0131 8 ayl\u0131k provalar sonucunda Temmuz ve A\u011fustos aylar\u0131nda st\u00fcdyo&#8217;ya girerek &#8220;Mavi Sakal 97\/ \u0130ki Yol&#8221; ad\u0131n\u0131 verdikleri \u00fc\u00e7\u00fcnc\u00fc alb\u00fcmlerini haz\u0131rlad\u0131lar.<\/p>\n<p>Alb\u00fcm\u00fcn yap\u0131m\u0131n\u0131 T\u00fcmer &amp; T\u00fcmer \u00fcstlenerek d\u00fcnya standartlar\u0131nda bir yap\u0131m ortaya \u00e7\u0131kartmay\u0131 ama\u00e7lad\u0131. Kay\u0131tlar Finlandiya&#8217;da Finnvox St\u00fcdyolar\u0131 ile Londra&#8217;da Batman, 007 Goldeneye, Evita, The Saint ve Les Miserables gibi d\u00fcnyaca \u00fcnl\u00fc film m\u00fcziklerinin kay\u0131t edildi\u011fi CTS st\u00fcdyolar\u0131nda ger\u00e7ekle\u015ftirildi.<\/p>\n<p>Mavi Sakal &#8220;Mavi Sakal 97\/ \u0130ki Yol&#8221; ad\u0131n\u0131 verdi\u011fi alb\u00fcm\u00fcnde Status Quo, Moody Blues, Jose Feliciano ve Brian Johnson (AC\/DC) gibi d\u00fcnyaca \u00fcnl\u00fc sanat\u00e7\u0131lara say\u0131s\u0131z platin ve alt\u0131n plak kazand\u0131rm\u0131\u015f, \u00fc\u00e7 Grammy sahibi bir prod\u00fckt\u00f6rle, Pip Williams ile \u00e7al\u0131\u015ft\u0131. Ayn\u0131 zamanda ikinci prod\u00fckt\u00f6r, Waltari ve Staratovarius gibi \u00f6nemli heavy metal topluluklar\u0131 ile alt\u0131n plaklar kazanm\u0131\u015f Mikko Karmila alb\u00fcmde 5 \u015fark\u0131n\u0131n prod\u00fckt\u00f6rl\u00fc\u011f\u00fcn\u00fc ve ses m\u00fchendisli\u011fini \u00fcstlendi.<\/p>\n<p>Gruba Hammond Org&#8217;da Finli sanat\u00e7\u0131 Pate Kivinen ve kontrbas&#8217;da bir ba\u015fka Finli Juho Martikainen e\u015flik etti. Ayn\u0131 zamanda alb\u00fcm\u00fcn \u00fc\u00e7 par\u00e7as\u0131na Moody Blues toplulu\u011funun piyanisti Bias Boshell katk\u0131da bulundu. Grubun eski solisti Tibet A\u011f\u0131rtan alb\u00fcmde geri vokallerde Mavi Sakal&#8217;a destek verdi.<\/p>\n<p>Mavi Sakal 97\/ \u0130ki Yol&#8217;da ayr\u0131ca senfonik par\u00e7alarda Londra Senfoni, Londra Filarmoni ve ST.Martin In The Fields orkestralar\u0131ndan se\u00e7ilen 40 m\u00fczisyenden olu\u015fan London Session Orchestra gruba e\u015flik etti. Senfonik par\u00e7alar\u0131n orkestrasyonu Pip Williams taraf\u0131ndan yaz\u0131l\u0131rken, orkestra organizasyonu yine konunun uzman\u0131 Isobel Griffiths taraf\u0131ndan yap\u0131ld\u0131. B\u00fcy\u00fck orkestran\u0131n \u015fefli\u011fini Gavyn Wright yaparken James Shearman y\u00f6netti. Senfoni kay\u0131tlar\u0131 Jamess Collins taraf\u0131ndan ger\u00e7ekle\u015ftirilerek mixler \u0130ngiltere&#8217;de Chapel Studios&#8217;da yap\u0131ld\u0131.<\/p>\n<p>Mavi Sakal 13-14 Aral\u0131k 1997 tarihlerinde STATUS QUO grubunun davetlisi olarak Londra WEMBLEY ARENA&#8217;da iki konser verdi.<\/p>\n<p>Mavi Sakal alb\u00fcmle ayn\u0131 ad\u0131 ta\u015f\u0131yan \u0130ki Yol adl\u0131 par\u00e7an\u0131n klibini Amerika&#8217;l\u0131 gen\u00e7 y\u00f6netmen Charles Richards ile 15 &#8211; 18 Ekim tarihleri aras\u0131nda \u00e7ekerek Kas\u0131m ay\u0131nda d\u00fczenlenecek ve grubun uluslararas\u0131 projelerinin a\u00e7\u0131klanaca\u011f\u0131 bas\u0131n toplant\u0131s\u0131 ile m\u00fczikseverleriyle bulu\u015ftu.<\/p>\n<p>\n<object width=\"400\" height=\"315\" data=\"http:\/\/www.humyo.com\/E\/10044311-281475168988997\/10044311-281475168992223\/10044311-281475168992495\/10044311-281475168992927\/10044311-281475168993283\/10044311-281475168993835\/10044311-281475168996443\/10044311-281475168994469\/10044311-281475168995137\/10044311-281475168995985\/10044311-281475168997229\" type=\"application\/x-shockwave-flash\"><param name=\"flashvars\" value=\"autostart=true&amp;imagestart=true&amp;displayheight=236\" \/><param name=\"src\" value=\"http:\/\/www.humyo.com\/E\/10044311-281475168988997\/10044311-281475168992223\/10044311-281475168992495\/10044311-281475168992927\/10044311-281475168993283\/10044311-281475168993835\/10044311-281475168996443\/10044311-281475168994469\/10044311-281475168995137\/10044311-281475168995985\/10044311-281475168997229\" \/><\/object><\/p>\n","protected":false},"excerpt":{"rendered":"<p>Mavi Sakal 1979 senesinde Tarsus Amerikan Lisesi&#8217;nde \u00f6\u011frenci olan Murat T\u00fcmer (Davul), Kaan Altan (Gitar), Tibet A\u011f\u0131rtan (Gitar, Vokal) taraf\u0131ndan kuruldu.1984 y\u0131l\u0131nda grup elemanlar\u0131 \u00fcniversite e\u011fitimlerine devam etmek i\u00e7in \u0130stanbul&#8217;a gelerek m\u00fczik \u00e7al\u0131\u015fmalar\u0131n\u0131 s\u00fcrd\u00fcrd\u00fcler.1984 &#8211; 1992 seneleri aras\u0131nda T\u00fcrkiye \u00e7ap\u0131nda bir\u00e7ok solo konser d\u00fczenleyen grup ayn\u0131 zamanda uluslararas\u0131 \u00c7e\u015fme ve Antalya festivallerinde de konserler verdi.Mavi [&hellip;]<\/p>\n","protected":false},"author":1,"featured_media":0,"comment_status":"open","ping_status":"open","sticky":false,"template":"","format":"standard","meta":{"footnotes":""},"categories":[127],"tags":[],"class_list":{"0":"post-3661","1":"post","2":"type-post","3":"status-publish","4":"format-standard","6":"category-muzik-gruplari"},"yoast_head":"<!-- This site is optimized with the Yoast SEO Premium plugin v24.9 (Yoast SEO v24.9) - https:\/\/yoast.com\/wordpress\/plugins\/seo\/ -->\n<title>Mavi Sakal ve \u015fark\u0131lar\u0131 Narteks.net&#039;te - narteks.net<\/title>\n<meta name=\"robots\" content=\"index, follow, max-snippet:-1, max-image-preview:large, max-video-preview:-1\" \/>\n<link rel=\"canonical\" href=\"https:\/\/narteks.net\/index.php\/2010\/01\/04\/mavi-sakal-ve-sarkilari-narteksnette\/\" \/>\n<meta property=\"og:locale\" content=\"tr_TR\" \/>\n<meta property=\"og:type\" content=\"article\" \/>\n<meta property=\"og:title\" content=\"Mavi Sakal ve \u015fark\u0131lar\u0131 Narteks.net&#039;te\" \/>\n<meta property=\"og:description\" content=\"Mavi Sakal 1979 senesinde Tarsus Amerikan Lisesi&#8217;nde \u00f6\u011frenci olan Murat T\u00fcmer (Davul), Kaan Altan (Gitar), Tibet A\u011f\u0131rtan (Gitar, Vokal) taraf\u0131ndan kuruldu.1984 y\u0131l\u0131nda grup elemanlar\u0131 \u00fcniversite e\u011fitimlerine devam etmek i\u00e7in \u0130stanbul&#8217;a gelerek m\u00fczik \u00e7al\u0131\u015fmalar\u0131n\u0131 s\u00fcrd\u00fcrd\u00fcler.1984 &#8211; 1992 seneleri aras\u0131nda T\u00fcrkiye \u00e7ap\u0131nda bir\u00e7ok solo konser d\u00fczenleyen grup ayn\u0131 zamanda uluslararas\u0131 \u00c7e\u015fme ve Antalya festivallerinde de konserler verdi.Mavi [&hellip;]\" \/>\n<meta property=\"og:url\" content=\"https:\/\/narteks.net\/index.php\/2010\/01\/04\/mavi-sakal-ve-sarkilari-narteksnette\/\" \/>\n<meta property=\"og:site_name\" content=\"narteks.net\" \/>\n<meta property=\"article:published_time\" content=\"2010-01-04T10:06:22+00:00\" \/>\n<meta property=\"og:image\" content=\"https:\/\/narteks.net\/wp-content\/uploads\/narteks.png\" \/>\n\t<meta property=\"og:image:width\" content=\"300\" \/>\n\t<meta property=\"og:image:height\" content=\"90\" \/>\n\t<meta property=\"og:image:type\" content=\"image\/png\" \/>\n<meta name=\"author\" content=\"Tar\u0131k\" \/>\n<meta name=\"twitter:card\" content=\"summary_large_image\" \/>\n<meta name=\"twitter:creator\" content=\"@narteks\" \/>\n<meta name=\"twitter:site\" content=\"@narteks\" \/>\n<meta name=\"twitter:label1\" content=\"Yazan:\" \/>\n\t<meta name=\"twitter:data1\" content=\"Tar\u0131k\" \/>\n\t<meta name=\"twitter:label2\" content=\"Tahmini okuma s\u00fcresi\" \/>\n\t<meta name=\"twitter:data2\" content=\"3 dakika\" \/>\n<script type=\"application\/ld+json\" class=\"yoast-schema-graph\">{\"@context\":\"https:\/\/schema.org\",\"@graph\":[{\"@type\":\"Article\",\"@id\":\"https:\/\/narteks.net\/index.php\/2010\/01\/04\/mavi-sakal-ve-sarkilari-narteksnette\/#article\",\"isPartOf\":{\"@id\":\"https:\/\/narteks.net\/index.php\/2010\/01\/04\/mavi-sakal-ve-sarkilari-narteksnette\/\"},\"author\":{\"name\":\"Tar\u0131k\",\"@id\":\"https:\/\/narteks.net\/#\/schema\/person\/61f37d9834294b72d31d274e7ed79bca\"},\"headline\":\"Mavi Sakal ve \u015fark\u0131lar\u0131 Narteks.net&#8217;te\",\"datePublished\":\"2010-01-04T10:06:22+00:00\",\"mainEntityOfPage\":{\"@id\":\"https:\/\/narteks.net\/index.php\/2010\/01\/04\/mavi-sakal-ve-sarkilari-narteksnette\/\"},\"wordCount\":685,\"commentCount\":0,\"publisher\":{\"@id\":\"https:\/\/narteks.net\/#organization\"},\"articleSection\":[\"M\u00fczik Gruplar\u0131\"],\"inLanguage\":\"tr\",\"potentialAction\":[{\"@type\":\"CommentAction\",\"name\":\"Comment\",\"target\":[\"https:\/\/narteks.net\/index.php\/2010\/01\/04\/mavi-sakal-ve-sarkilari-narteksnette\/#respond\"]}]},{\"@type\":\"WebPage\",\"@id\":\"https:\/\/narteks.net\/index.php\/2010\/01\/04\/mavi-sakal-ve-sarkilari-narteksnette\/\",\"url\":\"https:\/\/narteks.net\/index.php\/2010\/01\/04\/mavi-sakal-ve-sarkilari-narteksnette\/\",\"name\":\"Mavi Sakal ve \u015fark\u0131lar\u0131 Narteks.net'te - narteks.net\",\"isPartOf\":{\"@id\":\"https:\/\/narteks.net\/#website\"},\"datePublished\":\"2010-01-04T10:06:22+00:00\",\"breadcrumb\":{\"@id\":\"https:\/\/narteks.net\/index.php\/2010\/01\/04\/mavi-sakal-ve-sarkilari-narteksnette\/#breadcrumb\"},\"inLanguage\":\"tr\",\"potentialAction\":[{\"@type\":\"ReadAction\",\"target\":[\"https:\/\/narteks.net\/index.php\/2010\/01\/04\/mavi-sakal-ve-sarkilari-narteksnette\/\"]}]},{\"@type\":\"BreadcrumbList\",\"@id\":\"https:\/\/narteks.net\/index.php\/2010\/01\/04\/mavi-sakal-ve-sarkilari-narteksnette\/#breadcrumb\",\"itemListElement\":[{\"@type\":\"ListItem\",\"position\":1,\"name\":\"Anasayfa\",\"item\":\"https:\/\/narteks.net\/\"},{\"@type\":\"ListItem\",\"position\":2,\"name\":\"Mavi Sakal ve \u015fark\u0131lar\u0131 Narteks.net&#8217;te\"}]},{\"@type\":\"WebSite\",\"@id\":\"https:\/\/narteks.net\/#website\",\"url\":\"https:\/\/narteks.net\/\",\"name\":\"narteks.net\",\"description\":\"K\u00fclt\u00fcr Sanat Edebiyat Felsefe\",\"publisher\":{\"@id\":\"https:\/\/narteks.net\/#organization\"},\"alternateName\":\"K\u00fclt\u00fcr Sanat Edebiyat Felsefe\",\"potentialAction\":[{\"@type\":\"SearchAction\",\"target\":{\"@type\":\"EntryPoint\",\"urlTemplate\":\"https:\/\/narteks.net\/?s={search_term_string}\"},\"query-input\":{\"@type\":\"PropertyValueSpecification\",\"valueRequired\":true,\"valueName\":\"search_term_string\"}}],\"inLanguage\":\"tr\"},{\"@type\":\"Organization\",\"@id\":\"https:\/\/narteks.net\/#organization\",\"name\":\"narteks.net\",\"url\":\"https:\/\/narteks.net\/\",\"logo\":{\"@type\":\"ImageObject\",\"inLanguage\":\"tr\",\"@id\":\"https:\/\/narteks.net\/#\/schema\/logo\/image\/\",\"url\":\"https:\/\/narteks.net\/wp-content\/uploads\/narteks.png\",\"contentUrl\":\"https:\/\/narteks.net\/wp-content\/uploads\/narteks.png\",\"width\":300,\"height\":90,\"caption\":\"narteks.net\"},\"image\":{\"@id\":\"https:\/\/narteks.net\/#\/schema\/logo\/image\/\"},\"sameAs\":[\"https:\/\/x.com\/narteks\",\"https:\/\/instagram.com\/narteksnet\"]},{\"@type\":\"Person\",\"@id\":\"https:\/\/narteks.net\/#\/schema\/person\/61f37d9834294b72d31d274e7ed79bca\",\"name\":\"Tar\u0131k\",\"image\":{\"@type\":\"ImageObject\",\"inLanguage\":\"tr\",\"@id\":\"https:\/\/narteks.net\/#\/schema\/person\/image\/\",\"url\":\"https:\/\/secure.gravatar.com\/avatar\/50865afb55632c4ae467e0af0930f6510aa2297d8014be502a55b14f3b7550cf?s=96&d=mm&r=g\",\"contentUrl\":\"https:\/\/secure.gravatar.com\/avatar\/50865afb55632c4ae467e0af0930f6510aa2297d8014be502a55b14f3b7550cf?s=96&d=mm&r=g\",\"caption\":\"Tar\u0131k\"},\"sameAs\":[\"http:\/\/narteks.net\"],\"url\":\"https:\/\/narteks.net\/index.php\/author\/narbak\/\"}]}<\/script>\n<!-- \/ Yoast SEO Premium plugin. -->","yoast_head_json":{"title":"Mavi Sakal ve \u015fark\u0131lar\u0131 Narteks.net'te - narteks.net","robots":{"index":"index","follow":"follow","max-snippet":"max-snippet:-1","max-image-preview":"max-image-preview:large","max-video-preview":"max-video-preview:-1"},"canonical":"https:\/\/narteks.net\/index.php\/2010\/01\/04\/mavi-sakal-ve-sarkilari-narteksnette\/","og_locale":"tr_TR","og_type":"article","og_title":"Mavi Sakal ve \u015fark\u0131lar\u0131 Narteks.net'te","og_description":"Mavi Sakal 1979 senesinde Tarsus Amerikan Lisesi&#8217;nde \u00f6\u011frenci olan Murat T\u00fcmer (Davul), Kaan Altan (Gitar), Tibet A\u011f\u0131rtan (Gitar, Vokal) taraf\u0131ndan kuruldu.1984 y\u0131l\u0131nda grup elemanlar\u0131 \u00fcniversite e\u011fitimlerine devam etmek i\u00e7in \u0130stanbul&#8217;a gelerek m\u00fczik \u00e7al\u0131\u015fmalar\u0131n\u0131 s\u00fcrd\u00fcrd\u00fcler.1984 &#8211; 1992 seneleri aras\u0131nda T\u00fcrkiye \u00e7ap\u0131nda bir\u00e7ok solo konser d\u00fczenleyen grup ayn\u0131 zamanda uluslararas\u0131 \u00c7e\u015fme ve Antalya festivallerinde de konserler verdi.Mavi [&hellip;]","og_url":"https:\/\/narteks.net\/index.php\/2010\/01\/04\/mavi-sakal-ve-sarkilari-narteksnette\/","og_site_name":"narteks.net","article_published_time":"2010-01-04T10:06:22+00:00","og_image":[{"width":300,"height":90,"url":"https:\/\/narteks.net\/wp-content\/uploads\/narteks.png","type":"image\/png"}],"author":"Tar\u0131k","twitter_card":"summary_large_image","twitter_creator":"@narteks","twitter_site":"@narteks","twitter_misc":{"Yazan:":"Tar\u0131k","Tahmini okuma s\u00fcresi":"3 dakika"},"schema":{"@context":"https:\/\/schema.org","@graph":[{"@type":"Article","@id":"https:\/\/narteks.net\/index.php\/2010\/01\/04\/mavi-sakal-ve-sarkilari-narteksnette\/#article","isPartOf":{"@id":"https:\/\/narteks.net\/index.php\/2010\/01\/04\/mavi-sakal-ve-sarkilari-narteksnette\/"},"author":{"name":"Tar\u0131k","@id":"https:\/\/narteks.net\/#\/schema\/person\/61f37d9834294b72d31d274e7ed79bca"},"headline":"Mavi Sakal ve \u015fark\u0131lar\u0131 Narteks.net&#8217;te","datePublished":"2010-01-04T10:06:22+00:00","mainEntityOfPage":{"@id":"https:\/\/narteks.net\/index.php\/2010\/01\/04\/mavi-sakal-ve-sarkilari-narteksnette\/"},"wordCount":685,"commentCount":0,"publisher":{"@id":"https:\/\/narteks.net\/#organization"},"articleSection":["M\u00fczik Gruplar\u0131"],"inLanguage":"tr","potentialAction":[{"@type":"CommentAction","name":"Comment","target":["https:\/\/narteks.net\/index.php\/2010\/01\/04\/mavi-sakal-ve-sarkilari-narteksnette\/#respond"]}]},{"@type":"WebPage","@id":"https:\/\/narteks.net\/index.php\/2010\/01\/04\/mavi-sakal-ve-sarkilari-narteksnette\/","url":"https:\/\/narteks.net\/index.php\/2010\/01\/04\/mavi-sakal-ve-sarkilari-narteksnette\/","name":"Mavi Sakal ve \u015fark\u0131lar\u0131 Narteks.net'te - narteks.net","isPartOf":{"@id":"https:\/\/narteks.net\/#website"},"datePublished":"2010-01-04T10:06:22+00:00","breadcrumb":{"@id":"https:\/\/narteks.net\/index.php\/2010\/01\/04\/mavi-sakal-ve-sarkilari-narteksnette\/#breadcrumb"},"inLanguage":"tr","potentialAction":[{"@type":"ReadAction","target":["https:\/\/narteks.net\/index.php\/2010\/01\/04\/mavi-sakal-ve-sarkilari-narteksnette\/"]}]},{"@type":"BreadcrumbList","@id":"https:\/\/narteks.net\/index.php\/2010\/01\/04\/mavi-sakal-ve-sarkilari-narteksnette\/#breadcrumb","itemListElement":[{"@type":"ListItem","position":1,"name":"Anasayfa","item":"https:\/\/narteks.net\/"},{"@type":"ListItem","position":2,"name":"Mavi Sakal ve \u015fark\u0131lar\u0131 Narteks.net&#8217;te"}]},{"@type":"WebSite","@id":"https:\/\/narteks.net\/#website","url":"https:\/\/narteks.net\/","name":"narteks.net","description":"K\u00fclt\u00fcr Sanat Edebiyat Felsefe","publisher":{"@id":"https:\/\/narteks.net\/#organization"},"alternateName":"K\u00fclt\u00fcr Sanat Edebiyat Felsefe","potentialAction":[{"@type":"SearchAction","target":{"@type":"EntryPoint","urlTemplate":"https:\/\/narteks.net\/?s={search_term_string}"},"query-input":{"@type":"PropertyValueSpecification","valueRequired":true,"valueName":"search_term_string"}}],"inLanguage":"tr"},{"@type":"Organization","@id":"https:\/\/narteks.net\/#organization","name":"narteks.net","url":"https:\/\/narteks.net\/","logo":{"@type":"ImageObject","inLanguage":"tr","@id":"https:\/\/narteks.net\/#\/schema\/logo\/image\/","url":"https:\/\/narteks.net\/wp-content\/uploads\/narteks.png","contentUrl":"https:\/\/narteks.net\/wp-content\/uploads\/narteks.png","width":300,"height":90,"caption":"narteks.net"},"image":{"@id":"https:\/\/narteks.net\/#\/schema\/logo\/image\/"},"sameAs":["https:\/\/x.com\/narteks","https:\/\/instagram.com\/narteksnet"]},{"@type":"Person","@id":"https:\/\/narteks.net\/#\/schema\/person\/61f37d9834294b72d31d274e7ed79bca","name":"Tar\u0131k","image":{"@type":"ImageObject","inLanguage":"tr","@id":"https:\/\/narteks.net\/#\/schema\/person\/image\/","url":"https:\/\/secure.gravatar.com\/avatar\/50865afb55632c4ae467e0af0930f6510aa2297d8014be502a55b14f3b7550cf?s=96&d=mm&r=g","contentUrl":"https:\/\/secure.gravatar.com\/avatar\/50865afb55632c4ae467e0af0930f6510aa2297d8014be502a55b14f3b7550cf?s=96&d=mm&r=g","caption":"Tar\u0131k"},"sameAs":["http:\/\/narteks.net"],"url":"https:\/\/narteks.net\/index.php\/author\/narbak\/"}]}},"_links":{"self":[{"href":"https:\/\/narteks.net\/index.php\/wp-json\/wp\/v2\/posts\/3661","targetHints":{"allow":["GET"]}}],"collection":[{"href":"https:\/\/narteks.net\/index.php\/wp-json\/wp\/v2\/posts"}],"about":[{"href":"https:\/\/narteks.net\/index.php\/wp-json\/wp\/v2\/types\/post"}],"author":[{"embeddable":true,"href":"https:\/\/narteks.net\/index.php\/wp-json\/wp\/v2\/users\/1"}],"replies":[{"embeddable":true,"href":"https:\/\/narteks.net\/index.php\/wp-json\/wp\/v2\/comments?post=3661"}],"version-history":[{"count":0,"href":"https:\/\/narteks.net\/index.php\/wp-json\/wp\/v2\/posts\/3661\/revisions"}],"wp:attachment":[{"href":"https:\/\/narteks.net\/index.php\/wp-json\/wp\/v2\/media?parent=3661"}],"wp:term":[{"taxonomy":"category","embeddable":true,"href":"https:\/\/narteks.net\/index.php\/wp-json\/wp\/v2\/categories?post=3661"},{"taxonomy":"post_tag","embeddable":true,"href":"https:\/\/narteks.net\/index.php\/wp-json\/wp\/v2\/tags?post=3661"}],"curies":[{"name":"wp","href":"https:\/\/api.w.org\/{rel}","templated":true}]}}