{"id":3662,"date":"2010-01-04T14:10:43","date_gmt":"2010-01-04T11:10:43","guid":{"rendered":"http:\/\/localhost\/wordpress\/2010\/01\/04\/siliden-dogan-kizil-bir-gunes-inti-illimani-sarkilariyla-narteksnette\/"},"modified":"2010-01-04T14:10:43","modified_gmt":"2010-01-04T11:10:43","slug":"siliden-dogan-kizil-bir-gunes-inti-illimani-sarkilariyla-narteksnette","status":"publish","type":"post","link":"https:\/\/narteks.net\/index.php\/2010\/01\/04\/siliden-dogan-kizil-bir-gunes-inti-illimani-sarkilariyla-narteksnette\/","title":{"rendered":"\u015eili&#8217;den do\u011fan k\u0131z\u0131l bir g\u00fcne\u015f ; \u0130nti \u0130llimani \u015fark\u0131lar\u0131yla narteks.net&#8217;te"},"content":{"rendered":"<p><img loading=\"lazy\" decoding=\"async\" src=\"images\/stories\/intiillimani.jpg\" border=\"0\" width=\"155\" height=\"205\" style=\"float: left;\" \/><\/p>\n<p><strong> <\/strong><\/p>\n<p style=\"text-align: justify;\">Inti-Illimani ad\u0131 Aymara dilinden gelir: &#8220;Inti&#8221;, ayn\u0131 zamanda atalar\u0131 sayd\u0131klar\u0131 yarat\u0131c\u0131 tanr\u0131 Viracocha&#8217;n\u0131n o\u011flu <span class=\"mw-redirect\">\u0130nka<\/span> G\u00fcne\u015f Tanr\u0131s\u0131 ve G\u00fcne\u015f, &#8220;Illimani&#8221; de bir ku\u015f olan kondor ve La Paz, Bolivya dolaylar\u0131nda Illimani Da\u011f\u0131 anlam\u0131na gelmektedir. Dolay\u0131s\u0131yla kelimelerin birle\u015fmesi &#8220;Illimani Da\u011f\u0131&#8217;n\u0131n g\u00fcne\u015fi&#8221; veya &#8220;G\u00fcne\u015fin kondorlar\u0131&#8221; demektir.<\/p>\n<p style=\"text-align: justify;\">1967 y\u0131l\u0131n\u0131n May\u0131s ay\u0131nda eski Santiago Teknik \u00dcniversitesi&#8217;nde okuyan gen\u00e7lerce kuruldu. 1973 y\u0131l\u0131nda \u015eili diktat\u00f6r\u00fc Pinochet&#8217;nin Salvador Allende&#8217;ye y\u00f6nelik darbesi s\u0131ras\u0131nda Avrupa&#8217;da konser vermekteydiler. Bu darbenin ba\u015far\u0131ya ula\u015fmas\u0131 sonucu 14 y\u0131l boyunca \u00fclkelerine geri d\u00f6nemediler.<\/p>\n<p style=\"text-align: justify;\">Gruba y\u0131llar boyunca\u00a0 \u0130talya evsahipli\u011fi yapt\u0131. 1988`de yasaklar\u0131 kalkt\u0131ktan k\u0131sa s\u00fcre sonra \u015eili&#8217;yi turlayarak konser vermeye ba\u015flad\u0131lar. \u015eili k\u00fclt\u00fcr\u00fcn\u00fcn temsilcileri olarak g\u00f6r\u00fcl\u00fcrler. 2002 y\u0131l\u0131 tarihli Viva Italia alb\u00fcm\u00fc, kendilerine kucak a\u00e7an \u00fclkeye bir te\u015fekk\u00fcr mahiyetindedir.<\/p>\n<p style=\"text-align: justify;\">Grupta m\u00fczikal anlamda Horacio Salinas etkisi g\u00f6r\u00fclmekteydi, 2001 y\u0131l\u0131nda ya\u015fanan b\u00f6l\u00fcnme sonucunda \u00fc\u00e7 \u00f6nemli \u00fcye (Jos\u00e9 Seves, Horacio Dur\u00e1n ve Horacio Salinas) gruptan ayr\u0131ld\u0131. Yerlerine Manuel Meri\u00f1o, Cristi\u00e1n Gonz\u00e1lez ve Juan Flores geldi. Eski elemanlar\u0131n ayr\u0131lmas\u0131ndan sonra grubun ayn\u0131 ismi kullan\u0131p kullanamayaca\u011f\u0131 tart\u0131\u015fma yaratt\u0131. Bu s\u00fcre\u00e7te ayr\u0131lan \u00fc\u00e7 eleman ayn\u0131 isimle yeni bir grup kurdu. 2005`ten beri bu ismi ta\u015f\u0131yan iki grup vard\u0131r: Inti Illimani Historico (Jos\u00e9 Seves, Horacio Dur\u00e1n ve Horacio Salinas), Inti-Illimani (Coulon karde\u015fler).<\/p>\n<p style=\"text-align: justify;\">Inti Illimani pop\u00fcler m\u00fczik gelene\u011finden gelen chitarra, tiple colombiano, charango, quatro venezolano, sikus, quena, rondador, bombo leguero, zampo\u00f1a, maracas, guiro, quijada ve pandereta gibi \u00e7e\u015fitli enstr\u00fcmanlarla viyolonsel, kontrbas ve keman gibi klasik m\u00fczik enstr\u00fcmanlar\u0131n\u0131 birlikte kullan\u0131r.<\/p>\n<p style=\"text-align: justify;\">Grup ilk d\u00f6nemlerde geleneksel m\u00fcziklerin yan\u0131s\u0131ra, Violeta Parra ve Victor Jara gibi bestecilerin eserlerini de seslendirmi\u015ftir. Daha sonralar\u0131 kendi bestelerini yaparken Pablo Neruda ve Rafael Alberti gibi \u015fairlerden yararlanm\u0131\u015flard\u0131r.<\/p>\n<p><strong>1968`te kurulan ilk hali<\/strong><\/p>\n<p> Max Berr\u00fa<br \/> Jorge Coulon<br \/> Horacio Dur\u00e1n<br \/> Pedro Y\u00e1\u00f1ez<br \/> Horacio Salinas<br \/> Ernesto Perez de Arce<\/p>\n<p><strong>&#8220;Inti Illimani Historico&#8221; \u00fcyeleri<\/strong><\/p>\n<p> Horacio Salinas<br \/> Horacio Dur\u00e1n<br \/> Jos\u00e9 Seves<br \/> Jorge Ball<br \/> Fernando Julio<br \/> Camilo Salinas<br \/> Danilo Donoso<\/p>\n<p><strong>Inti Illimani \u00fcyeleri<\/strong><\/p>\n<p> Jorge Coulon<br \/> Christian Gonz\u00e1lez<br \/> Daniel Cantillana<br \/> Juan Flores<br \/> Efren Viera<br \/> Marcelo Coulon<br \/> Manuel Meri\u00f1o<br \/> C\u00e9sar Jara<\/p>\n<ul>\n<br \/> \n<\/ul>\n<p>\n<object width=\"400\" height=\"315\" data=\"http:\/\/www.humyo.com\/E\/10044311-281475169019137\/10044311-281475169019755\/10044311-281475169020239\/10044311-281475169021817\/10044311-281475169022467\/10044311-281475169022923\/10044311-281475169023555\/10044311-281475169025021\/10044311-281475169025823\/10044311-281475169026517\/10044311-281475169027255\/10044311-281475169028369\/10044311-281475169029291\/10044311-281475169029899\/10044311-281475169030547\/10044311-281475169031065\/10044311-281475169031725\/10044311-281475169032535\/10044311-281475169033327\/10044311-281475169034003\/10044311-281475169034621\/10044311-281475169035383\/10044311-281475169036135\/10044311-281475169036681\/10044311-281475169037377\/10044311-281475169038151\/10044311-281475169039037\" type=\"application\/x-shockwave-flash\"><param name=\"flashvars\" value=\"autostart=true&amp;imagestart=true&amp;displayheight=236\" \/><param name=\"src\" value=\"http:\/\/www.humyo.com\/E\/10044311-281475169019137\/10044311-281475169019755\/10044311-281475169020239\/10044311-281475169021817\/10044311-281475169022467\/10044311-281475169022923\/10044311-281475169023555\/10044311-281475169025021\/10044311-281475169025823\/10044311-281475169026517\/10044311-281475169027255\/10044311-281475169028369\/10044311-281475169029291\/10044311-281475169029899\/10044311-281475169030547\/10044311-281475169031065\/10044311-281475169031725\/10044311-281475169032535\/10044311-281475169033327\/10044311-281475169034003\/10044311-281475169034621\/10044311-281475169035383\/10044311-281475169036135\/10044311-281475169036681\/10044311-281475169037377\/10044311-281475169038151\/10044311-281475169039037\" \/><\/object>\n<\/p>\n<p>Alb\u00fcmler<\/p>\n<p> Si somos americanos (1969)<br \/> A la revolution mexicana (1969)<br \/> Inti Illimani (1969)<br \/> Inti Illimani (1970)<br \/> Canto al programma (1970)<br \/> Autores chilenos (1971)<br \/> Canto per una semilla (1972)<br \/> Canto de pueblos andinos (1973)<br \/> Viva Chile (1973)<br \/> La nueva cancion chilena (1974)<br \/> Canto de pueblos andinos (1975)<br \/> Hacia la libertad (1975)<br \/> Canto de pueblos andinos 2 (1976)<br \/> Inti-illimani 6 (1977)<br \/> Canto per un seme (1978)<br \/> Cancion para matar una culebra (1979)<br \/> Gracias a la vida (1980)<br \/> Inti-Illimani en directo (1980)<br \/> Palimpsesto (1981)<br \/> The fly of the condor (1982)<br \/> Con la razon y la fuerza (1982)<br \/> Imaginacion (1984)<br \/> Sing to me the dream (1984)<br \/> Return of the condor (1985)<br \/> La muerte non va conmigo (1985)<br \/> Chant pour une semence (1985)<br \/> De canto y baile (1986)<br \/> Fragmentos de un sue\u00f1o (1987)<br \/> Leyenda (1990)<br \/> Conciertos Italia&#8217;92 (1992)<br \/> Andadas (1993)<br \/> Arriesgares la piel (1996)<br \/> En el monumental (1997)<br \/> Lejania (1998)<br \/> Amar de nuevo (1998)<br \/> La rosa de los vientos (1999)<br \/> Inti-Illimani sinfonico (1999)<br \/> Inti-Illimani performs Victor Jara (1999)<br \/> Antologia en vivo (2000)<br \/> Lugares comunes (2002)<br \/> Viva Italia (2003)<br \/> Peque\u00f1o Mundo (2006)<\/p>\n<ul>\n<\/ul>\n","protected":false},"excerpt":{"rendered":"<p>Inti-Illimani ad\u0131 Aymara dilinden gelir: &#8220;Inti&#8221;, ayn\u0131 zamanda atalar\u0131 sayd\u0131klar\u0131 yarat\u0131c\u0131 tanr\u0131 Viracocha&#8217;n\u0131n o\u011flu \u0130nka G\u00fcne\u015f Tanr\u0131s\u0131 ve G\u00fcne\u015f, &#8220;Illimani&#8221; de bir ku\u015f olan kondor ve La Paz, Bolivya dolaylar\u0131nda Illimani Da\u011f\u0131 anlam\u0131na gelmektedir. Dolay\u0131s\u0131yla kelimelerin birle\u015fmesi &#8220;Illimani Da\u011f\u0131&#8217;n\u0131n g\u00fcne\u015fi&#8221; veya &#8220;G\u00fcne\u015fin kondorlar\u0131&#8221; demektir. 1967 y\u0131l\u0131n\u0131n May\u0131s ay\u0131nda eski Santiago Teknik \u00dcniversitesi&#8217;nde okuyan gen\u00e7lerce kuruldu. [&hellip;]<\/p>\n","protected":false},"author":1,"featured_media":0,"comment_status":"open","ping_status":"open","sticky":false,"template":"","format":"standard","meta":{"footnotes":""},"categories":[127],"tags":[],"class_list":{"0":"post-3662","1":"post","2":"type-post","3":"status-publish","4":"format-standard","6":"category-muzik-gruplari"},"yoast_head":"<!-- This site is optimized with the Yoast SEO Premium plugin v24.9 (Yoast SEO v24.9) - https:\/\/yoast.com\/wordpress\/plugins\/seo\/ -->\n<title>\u015eili&#039;den do\u011fan k\u0131z\u0131l bir g\u00fcne\u015f ; \u0130nti \u0130llimani \u015fark\u0131lar\u0131yla narteks.net&#039;te - narteks.net<\/title>\n<meta name=\"robots\" content=\"index, follow, max-snippet:-1, max-image-preview:large, max-video-preview:-1\" \/>\n<link rel=\"canonical\" href=\"https:\/\/narteks.net\/index.php\/2010\/01\/04\/siliden-dogan-kizil-bir-gunes-inti-illimani-sarkilariyla-narteksnette\/\" \/>\n<meta property=\"og:locale\" content=\"tr_TR\" \/>\n<meta property=\"og:type\" content=\"article\" \/>\n<meta property=\"og:title\" content=\"\u015eili&#039;den do\u011fan k\u0131z\u0131l bir g\u00fcne\u015f ; \u0130nti \u0130llimani \u015fark\u0131lar\u0131yla narteks.net&#039;te\" \/>\n<meta property=\"og:description\" content=\"Inti-Illimani ad\u0131 Aymara dilinden gelir: &#8220;Inti&#8221;, ayn\u0131 zamanda atalar\u0131 sayd\u0131klar\u0131 yarat\u0131c\u0131 tanr\u0131 Viracocha&#8217;n\u0131n o\u011flu \u0130nka G\u00fcne\u015f Tanr\u0131s\u0131 ve G\u00fcne\u015f, &#8220;Illimani&#8221; de bir ku\u015f olan kondor ve La Paz, Bolivya dolaylar\u0131nda Illimani Da\u011f\u0131 anlam\u0131na gelmektedir. Dolay\u0131s\u0131yla kelimelerin birle\u015fmesi &#8220;Illimani Da\u011f\u0131&#8217;n\u0131n g\u00fcne\u015fi&#8221; veya &#8220;G\u00fcne\u015fin kondorlar\u0131&#8221; demektir. 1967 y\u0131l\u0131n\u0131n May\u0131s ay\u0131nda eski Santiago Teknik \u00dcniversitesi&#8217;nde okuyan gen\u00e7lerce kuruldu. [&hellip;]\" \/>\n<meta property=\"og:url\" content=\"https:\/\/narteks.net\/index.php\/2010\/01\/04\/siliden-dogan-kizil-bir-gunes-inti-illimani-sarkilariyla-narteksnette\/\" \/>\n<meta property=\"og:site_name\" content=\"narteks.net\" \/>\n<meta property=\"article:published_time\" content=\"2010-01-04T11:10:43+00:00\" \/>\n<meta property=\"og:image\" content=\"https:\/\/narteks.net\/wp-content\/uploads\/narteks.png\" \/>\n\t<meta property=\"og:image:width\" content=\"300\" \/>\n\t<meta property=\"og:image:height\" content=\"90\" \/>\n\t<meta property=\"og:image:type\" content=\"image\/png\" \/>\n<meta name=\"author\" content=\"Tar\u0131k\" \/>\n<meta name=\"twitter:card\" content=\"summary_large_image\" \/>\n<meta name=\"twitter:creator\" content=\"@narteks\" \/>\n<meta name=\"twitter:site\" content=\"@narteks\" \/>\n<meta name=\"twitter:label1\" content=\"Yazan:\" \/>\n\t<meta name=\"twitter:data1\" content=\"Tar\u0131k\" \/>\n\t<meta name=\"twitter:label2\" content=\"Tahmini okuma s\u00fcresi\" \/>\n\t<meta name=\"twitter:data2\" content=\"3 dakika\" \/>\n<script type=\"application\/ld+json\" class=\"yoast-schema-graph\">{\"@context\":\"https:\/\/schema.org\",\"@graph\":[{\"@type\":\"Article\",\"@id\":\"https:\/\/narteks.net\/index.php\/2010\/01\/04\/siliden-dogan-kizil-bir-gunes-inti-illimani-sarkilariyla-narteksnette\/#article\",\"isPartOf\":{\"@id\":\"https:\/\/narteks.net\/index.php\/2010\/01\/04\/siliden-dogan-kizil-bir-gunes-inti-illimani-sarkilariyla-narteksnette\/\"},\"author\":{\"name\":\"Tar\u0131k\",\"@id\":\"https:\/\/narteks.net\/#\/schema\/person\/61f37d9834294b72d31d274e7ed79bca\"},\"headline\":\"\u015eili&#8217;den do\u011fan k\u0131z\u0131l bir g\u00fcne\u015f ; \u0130nti \u0130llimani \u015fark\u0131lar\u0131yla narteks.net&#8217;te\",\"datePublished\":\"2010-01-04T11:10:43+00:00\",\"mainEntityOfPage\":{\"@id\":\"https:\/\/narteks.net\/index.php\/2010\/01\/04\/siliden-dogan-kizil-bir-gunes-inti-illimani-sarkilariyla-narteksnette\/\"},\"wordCount\":556,\"commentCount\":0,\"publisher\":{\"@id\":\"https:\/\/narteks.net\/#organization\"},\"articleSection\":[\"M\u00fczik Gruplar\u0131\"],\"inLanguage\":\"tr\",\"potentialAction\":[{\"@type\":\"CommentAction\",\"name\":\"Comment\",\"target\":[\"https:\/\/narteks.net\/index.php\/2010\/01\/04\/siliden-dogan-kizil-bir-gunes-inti-illimani-sarkilariyla-narteksnette\/#respond\"]}]},{\"@type\":\"WebPage\",\"@id\":\"https:\/\/narteks.net\/index.php\/2010\/01\/04\/siliden-dogan-kizil-bir-gunes-inti-illimani-sarkilariyla-narteksnette\/\",\"url\":\"https:\/\/narteks.net\/index.php\/2010\/01\/04\/siliden-dogan-kizil-bir-gunes-inti-illimani-sarkilariyla-narteksnette\/\",\"name\":\"\u015eili'den do\u011fan k\u0131z\u0131l bir g\u00fcne\u015f ; \u0130nti \u0130llimani \u015fark\u0131lar\u0131yla narteks.net'te - narteks.net\",\"isPartOf\":{\"@id\":\"https:\/\/narteks.net\/#website\"},\"datePublished\":\"2010-01-04T11:10:43+00:00\",\"breadcrumb\":{\"@id\":\"https:\/\/narteks.net\/index.php\/2010\/01\/04\/siliden-dogan-kizil-bir-gunes-inti-illimani-sarkilariyla-narteksnette\/#breadcrumb\"},\"inLanguage\":\"tr\",\"potentialAction\":[{\"@type\":\"ReadAction\",\"target\":[\"https:\/\/narteks.net\/index.php\/2010\/01\/04\/siliden-dogan-kizil-bir-gunes-inti-illimani-sarkilariyla-narteksnette\/\"]}]},{\"@type\":\"BreadcrumbList\",\"@id\":\"https:\/\/narteks.net\/index.php\/2010\/01\/04\/siliden-dogan-kizil-bir-gunes-inti-illimani-sarkilariyla-narteksnette\/#breadcrumb\",\"itemListElement\":[{\"@type\":\"ListItem\",\"position\":1,\"name\":\"Anasayfa\",\"item\":\"https:\/\/narteks.net\/\"},{\"@type\":\"ListItem\",\"position\":2,\"name\":\"\u015eili&#8217;den do\u011fan k\u0131z\u0131l bir g\u00fcne\u015f ; \u0130nti \u0130llimani \u015fark\u0131lar\u0131yla narteks.net&#8217;te\"}]},{\"@type\":\"WebSite\",\"@id\":\"https:\/\/narteks.net\/#website\",\"url\":\"https:\/\/narteks.net\/\",\"name\":\"narteks.net\",\"description\":\"K\u00fclt\u00fcr Sanat Edebiyat Felsefe\",\"publisher\":{\"@id\":\"https:\/\/narteks.net\/#organization\"},\"alternateName\":\"K\u00fclt\u00fcr Sanat Edebiyat Felsefe\",\"potentialAction\":[{\"@type\":\"SearchAction\",\"target\":{\"@type\":\"EntryPoint\",\"urlTemplate\":\"https:\/\/narteks.net\/?s={search_term_string}\"},\"query-input\":{\"@type\":\"PropertyValueSpecification\",\"valueRequired\":true,\"valueName\":\"search_term_string\"}}],\"inLanguage\":\"tr\"},{\"@type\":\"Organization\",\"@id\":\"https:\/\/narteks.net\/#organization\",\"name\":\"narteks.net\",\"url\":\"https:\/\/narteks.net\/\",\"logo\":{\"@type\":\"ImageObject\",\"inLanguage\":\"tr\",\"@id\":\"https:\/\/narteks.net\/#\/schema\/logo\/image\/\",\"url\":\"https:\/\/narteks.net\/wp-content\/uploads\/narteks.png\",\"contentUrl\":\"https:\/\/narteks.net\/wp-content\/uploads\/narteks.png\",\"width\":300,\"height\":90,\"caption\":\"narteks.net\"},\"image\":{\"@id\":\"https:\/\/narteks.net\/#\/schema\/logo\/image\/\"},\"sameAs\":[\"https:\/\/x.com\/narteks\",\"https:\/\/instagram.com\/narteksnet\"]},{\"@type\":\"Person\",\"@id\":\"https:\/\/narteks.net\/#\/schema\/person\/61f37d9834294b72d31d274e7ed79bca\",\"name\":\"Tar\u0131k\",\"image\":{\"@type\":\"ImageObject\",\"inLanguage\":\"tr\",\"@id\":\"https:\/\/narteks.net\/#\/schema\/person\/image\/\",\"url\":\"https:\/\/secure.gravatar.com\/avatar\/50865afb55632c4ae467e0af0930f6510aa2297d8014be502a55b14f3b7550cf?s=96&d=mm&r=g\",\"contentUrl\":\"https:\/\/secure.gravatar.com\/avatar\/50865afb55632c4ae467e0af0930f6510aa2297d8014be502a55b14f3b7550cf?s=96&d=mm&r=g\",\"caption\":\"Tar\u0131k\"},\"sameAs\":[\"http:\/\/narteks.net\"],\"url\":\"https:\/\/narteks.net\/index.php\/author\/narbak\/\"}]}<\/script>\n<!-- \/ Yoast SEO Premium plugin. -->","yoast_head_json":{"title":"\u015eili'den do\u011fan k\u0131z\u0131l bir g\u00fcne\u015f ; \u0130nti \u0130llimani \u015fark\u0131lar\u0131yla narteks.net'te - narteks.net","robots":{"index":"index","follow":"follow","max-snippet":"max-snippet:-1","max-image-preview":"max-image-preview:large","max-video-preview":"max-video-preview:-1"},"canonical":"https:\/\/narteks.net\/index.php\/2010\/01\/04\/siliden-dogan-kizil-bir-gunes-inti-illimani-sarkilariyla-narteksnette\/","og_locale":"tr_TR","og_type":"article","og_title":"\u015eili'den do\u011fan k\u0131z\u0131l bir g\u00fcne\u015f ; \u0130nti \u0130llimani \u015fark\u0131lar\u0131yla narteks.net'te","og_description":"Inti-Illimani ad\u0131 Aymara dilinden gelir: &#8220;Inti&#8221;, ayn\u0131 zamanda atalar\u0131 sayd\u0131klar\u0131 yarat\u0131c\u0131 tanr\u0131 Viracocha&#8217;n\u0131n o\u011flu \u0130nka G\u00fcne\u015f Tanr\u0131s\u0131 ve G\u00fcne\u015f, &#8220;Illimani&#8221; de bir ku\u015f olan kondor ve La Paz, Bolivya dolaylar\u0131nda Illimani Da\u011f\u0131 anlam\u0131na gelmektedir. Dolay\u0131s\u0131yla kelimelerin birle\u015fmesi &#8220;Illimani Da\u011f\u0131&#8217;n\u0131n g\u00fcne\u015fi&#8221; veya &#8220;G\u00fcne\u015fin kondorlar\u0131&#8221; demektir. 1967 y\u0131l\u0131n\u0131n May\u0131s ay\u0131nda eski Santiago Teknik \u00dcniversitesi&#8217;nde okuyan gen\u00e7lerce kuruldu. [&hellip;]","og_url":"https:\/\/narteks.net\/index.php\/2010\/01\/04\/siliden-dogan-kizil-bir-gunes-inti-illimani-sarkilariyla-narteksnette\/","og_site_name":"narteks.net","article_published_time":"2010-01-04T11:10:43+00:00","og_image":[{"width":300,"height":90,"url":"https:\/\/narteks.net\/wp-content\/uploads\/narteks.png","type":"image\/png"}],"author":"Tar\u0131k","twitter_card":"summary_large_image","twitter_creator":"@narteks","twitter_site":"@narteks","twitter_misc":{"Yazan:":"Tar\u0131k","Tahmini okuma s\u00fcresi":"3 dakika"},"schema":{"@context":"https:\/\/schema.org","@graph":[{"@type":"Article","@id":"https:\/\/narteks.net\/index.php\/2010\/01\/04\/siliden-dogan-kizil-bir-gunes-inti-illimani-sarkilariyla-narteksnette\/#article","isPartOf":{"@id":"https:\/\/narteks.net\/index.php\/2010\/01\/04\/siliden-dogan-kizil-bir-gunes-inti-illimani-sarkilariyla-narteksnette\/"},"author":{"name":"Tar\u0131k","@id":"https:\/\/narteks.net\/#\/schema\/person\/61f37d9834294b72d31d274e7ed79bca"},"headline":"\u015eili&#8217;den do\u011fan k\u0131z\u0131l bir g\u00fcne\u015f ; \u0130nti \u0130llimani \u015fark\u0131lar\u0131yla narteks.net&#8217;te","datePublished":"2010-01-04T11:10:43+00:00","mainEntityOfPage":{"@id":"https:\/\/narteks.net\/index.php\/2010\/01\/04\/siliden-dogan-kizil-bir-gunes-inti-illimani-sarkilariyla-narteksnette\/"},"wordCount":556,"commentCount":0,"publisher":{"@id":"https:\/\/narteks.net\/#organization"},"articleSection":["M\u00fczik Gruplar\u0131"],"inLanguage":"tr","potentialAction":[{"@type":"CommentAction","name":"Comment","target":["https:\/\/narteks.net\/index.php\/2010\/01\/04\/siliden-dogan-kizil-bir-gunes-inti-illimani-sarkilariyla-narteksnette\/#respond"]}]},{"@type":"WebPage","@id":"https:\/\/narteks.net\/index.php\/2010\/01\/04\/siliden-dogan-kizil-bir-gunes-inti-illimani-sarkilariyla-narteksnette\/","url":"https:\/\/narteks.net\/index.php\/2010\/01\/04\/siliden-dogan-kizil-bir-gunes-inti-illimani-sarkilariyla-narteksnette\/","name":"\u015eili'den do\u011fan k\u0131z\u0131l bir g\u00fcne\u015f ; \u0130nti \u0130llimani \u015fark\u0131lar\u0131yla narteks.net'te - narteks.net","isPartOf":{"@id":"https:\/\/narteks.net\/#website"},"datePublished":"2010-01-04T11:10:43+00:00","breadcrumb":{"@id":"https:\/\/narteks.net\/index.php\/2010\/01\/04\/siliden-dogan-kizil-bir-gunes-inti-illimani-sarkilariyla-narteksnette\/#breadcrumb"},"inLanguage":"tr","potentialAction":[{"@type":"ReadAction","target":["https:\/\/narteks.net\/index.php\/2010\/01\/04\/siliden-dogan-kizil-bir-gunes-inti-illimani-sarkilariyla-narteksnette\/"]}]},{"@type":"BreadcrumbList","@id":"https:\/\/narteks.net\/index.php\/2010\/01\/04\/siliden-dogan-kizil-bir-gunes-inti-illimani-sarkilariyla-narteksnette\/#breadcrumb","itemListElement":[{"@type":"ListItem","position":1,"name":"Anasayfa","item":"https:\/\/narteks.net\/"},{"@type":"ListItem","position":2,"name":"\u015eili&#8217;den do\u011fan k\u0131z\u0131l bir g\u00fcne\u015f ; \u0130nti \u0130llimani \u015fark\u0131lar\u0131yla narteks.net&#8217;te"}]},{"@type":"WebSite","@id":"https:\/\/narteks.net\/#website","url":"https:\/\/narteks.net\/","name":"narteks.net","description":"K\u00fclt\u00fcr Sanat Edebiyat Felsefe","publisher":{"@id":"https:\/\/narteks.net\/#organization"},"alternateName":"K\u00fclt\u00fcr Sanat Edebiyat Felsefe","potentialAction":[{"@type":"SearchAction","target":{"@type":"EntryPoint","urlTemplate":"https:\/\/narteks.net\/?s={search_term_string}"},"query-input":{"@type":"PropertyValueSpecification","valueRequired":true,"valueName":"search_term_string"}}],"inLanguage":"tr"},{"@type":"Organization","@id":"https:\/\/narteks.net\/#organization","name":"narteks.net","url":"https:\/\/narteks.net\/","logo":{"@type":"ImageObject","inLanguage":"tr","@id":"https:\/\/narteks.net\/#\/schema\/logo\/image\/","url":"https:\/\/narteks.net\/wp-content\/uploads\/narteks.png","contentUrl":"https:\/\/narteks.net\/wp-content\/uploads\/narteks.png","width":300,"height":90,"caption":"narteks.net"},"image":{"@id":"https:\/\/narteks.net\/#\/schema\/logo\/image\/"},"sameAs":["https:\/\/x.com\/narteks","https:\/\/instagram.com\/narteksnet"]},{"@type":"Person","@id":"https:\/\/narteks.net\/#\/schema\/person\/61f37d9834294b72d31d274e7ed79bca","name":"Tar\u0131k","image":{"@type":"ImageObject","inLanguage":"tr","@id":"https:\/\/narteks.net\/#\/schema\/person\/image\/","url":"https:\/\/secure.gravatar.com\/avatar\/50865afb55632c4ae467e0af0930f6510aa2297d8014be502a55b14f3b7550cf?s=96&d=mm&r=g","contentUrl":"https:\/\/secure.gravatar.com\/avatar\/50865afb55632c4ae467e0af0930f6510aa2297d8014be502a55b14f3b7550cf?s=96&d=mm&r=g","caption":"Tar\u0131k"},"sameAs":["http:\/\/narteks.net"],"url":"https:\/\/narteks.net\/index.php\/author\/narbak\/"}]}},"_links":{"self":[{"href":"https:\/\/narteks.net\/index.php\/wp-json\/wp\/v2\/posts\/3662","targetHints":{"allow":["GET"]}}],"collection":[{"href":"https:\/\/narteks.net\/index.php\/wp-json\/wp\/v2\/posts"}],"about":[{"href":"https:\/\/narteks.net\/index.php\/wp-json\/wp\/v2\/types\/post"}],"author":[{"embeddable":true,"href":"https:\/\/narteks.net\/index.php\/wp-json\/wp\/v2\/users\/1"}],"replies":[{"embeddable":true,"href":"https:\/\/narteks.net\/index.php\/wp-json\/wp\/v2\/comments?post=3662"}],"version-history":[{"count":0,"href":"https:\/\/narteks.net\/index.php\/wp-json\/wp\/v2\/posts\/3662\/revisions"}],"wp:attachment":[{"href":"https:\/\/narteks.net\/index.php\/wp-json\/wp\/v2\/media?parent=3662"}],"wp:term":[{"taxonomy":"category","embeddable":true,"href":"https:\/\/narteks.net\/index.php\/wp-json\/wp\/v2\/categories?post=3662"},{"taxonomy":"post_tag","embeddable":true,"href":"https:\/\/narteks.net\/index.php\/wp-json\/wp\/v2\/tags?post=3662"}],"curies":[{"name":"wp","href":"https:\/\/api.w.org\/{rel}","templated":true}]}}