{"id":3663,"date":"2010-01-04T21:46:14","date_gmt":"2010-01-04T18:46:14","guid":{"rendered":"http:\/\/localhost\/wordpress\/2010\/01\/04\/bizler-cahili-bilgisiz-biri-gibi-dusunuruz-bu-bir-yanilsamadir-cahilligin-guzelligi-afsar-timucin\/"},"modified":"2010-01-04T21:46:14","modified_gmt":"2010-01-04T18:46:14","slug":"bizler-cahili-bilgisiz-biri-gibi-dusunuruz-bu-bir-yanilsamadir-cahilligin-guzelligi-afsar-timucin","status":"publish","type":"post","link":"https:\/\/narteks.net\/index.php\/2010\/01\/04\/bizler-cahili-bilgisiz-biri-gibi-dusunuruz-bu-bir-yanilsamadir-cahilligin-guzelligi-afsar-timucin\/","title":{"rendered":"Bizler cahili bilgisiz biri gibi d\u00fc\u015f\u00fcn\u00fcr\u00fcz. Bu bir yan\u0131lsamad\u0131r | Cahilli\u011fin g\u00fczelli\u011fi &#8211; Af\u015far Timu\u00e7in"},"content":{"rendered":"<p style=\"text-align: justify;\"><img loading=\"lazy\" decoding=\"async\" style=\"float: left;\" src=\"http:\/\/t2.gstatic.com\/images?q=tbn:A6piCsM8QcbiWM:http:\/\/1.bp.blogspot.com\/_lMDRhlG07eY\/SSkRLLvxF2I\/AAAAAAAAAVE\/L_SvnXNUE5Y\/s400\/mertindefterinekitapokumama.jpg\" alt=\"\" width=\"141\" height=\"205\" \/>Cahilli\u011fin g\u00fczelli\u011fi kendine inanma kolayl\u0131\u011f\u0131ndad\u0131r. Bizler cahili bilgisiz biri gibi d\u00fc\u015f\u00fcn\u00fcr\u00fcz. Bu bir yan\u0131lsamad\u0131r: cahil ger\u00e7ekte bir bilgi insan\u0131d\u0131r, bilgi k\u00fcp\u00fcd\u00fcr, her \u015feyi bilir. De\u011fme bilin\u00e7li bireylerin belleklerinde yeri olmayan bilgiler cahilin belle\u011finde istemedi\u011finiz kadar \u00e7oktur. Sizin bilincinizde kar\u015f\u0131l\u0131\u011f\u0131 olmayan pek\u00e7ok sorun onun bilincinde hem de \u00e7\u00f6z\u00fclm\u00fc\u015f olarak vard\u0131r. Siz \u00fc\u00e7 f\u0131kra bilirseniz cahil yedi y\u00fcz f\u0131kra bilir. Biri size bir g\u00fcn muhabbet olsun diye karn\u0131yar\u0131\u011f\u0131n m\u0131 imambay\u0131ld\u0131n\u0131n m\u0131 daha yararl\u0131 oldu\u011funu, han\u0131mg\u00f6be\u011finin mi vezirparma\u011f\u0131n\u0131n m\u0131 daha besleyici oldu\u011funu sorsa durup kalmaz m\u0131s\u0131n\u0131z? Cahilin bu noktada s\u00f6yleyecek \u00e7ok s\u00f6z\u00fc vard\u0131r.<\/p>\n<p style=\"text-align: justify;\">Han\u0131mg\u00f6be\u011fini hi\u00e7 bilmiyor ve vezirparma\u011f\u0131n\u0131 hi\u00e7 g\u00f6rmemi\u015f de olsa, \u00e7ocuklu\u011fundan beri \u00e7ok \u015feyi yanl\u0131\u015f bildi\u011fi gibi karn\u0131yar\u0131\u011f\u0131 imambay\u0131ld\u0131 ve imambay\u0131ld\u0131y\u0131 karn\u0131yar\u0131k diye biliyor da olsa ba\u015flar ikisini kar\u015f\u0131la\u015ft\u0131rmaya.<\/p>\n<p style=\"text-align: justify;\">Tarih\u00e7i oldu\u011funa kesin g\u00f6z\u00fcyle bak\u0131lan \u00fcst kesimden bir karde\u015fimizin tarihi bir \u00f6yk\u00fcler toplam\u0131 olarak g\u00f6rd\u00fc\u011f\u00fcn\u00fc \u00f6\u011frendi\u011finizde \u015fa\u015fmazs\u0131n\u0131z. \u00c7oklar\u0131n\u0131n tarih bilmeden tarihe tutkun olu\u015flar\u0131 anla\u015f\u0131lmaz bir i\u015f de\u011fildir.\u00a0 Septimus Severimus\u2019u k\u0131saca ve elbette frans\u0131zca \u00fczerinden Septim Severim diye terimlendirerek Roma tarihi denen o korkun\u00e7 denize bal\u0131klama dalm\u0131\u015f olan ya\u015f\u0131n\u0131 ba\u015f\u0131n\u0131 alm\u0131\u015f bir bilge ki\u015fiyi dinlerken k\u00fc\u00e7\u00fck dilinizi yutar gibi olursunuz. A\u011fz\u0131ndan bal ak\u0131t\u0131r. Ama hazrete \u015f\u00f6yle bir soru sormayag\u00f6r\u00fcn: Roma\u2019n\u0131n \u00e7\u00f6k\u00fc\u015f\u00fcnde bir tar\u0131m imparatorlu\u011fu olarak \u00e7ok\u00e7a b\u00fcy\u00fcmenin ve bu arada ticaret toplumuna d\u00f6n\u00fc\u015fememenin etkisi olmu\u015f mudur? Bu olmad\u0131 i\u015fte. Siz kendinizi ne san\u0131yorsunuz? Tarihin b\u00f6yle sa\u00e7ma sorularla ne ilgisi olabilir? Ya da toplum sorunlar\u0131 \u00fczerine ilerici a\u00e7\u0131dan \u00e7ok g\u00fczel yaz\u0131c\u0131klar yazan bir gazete yazar\u0131n\u0131n bir g\u00fcn \u00e7ok \u00f6nemli bir sorunu tart\u0131\u015fmaya a\u00e7t\u0131\u011f\u0131n\u0131 g\u00f6r\u00fcrs\u00fcn\u00fcz. Nedir o sorun?\u00a0 Mahmutpa\u015fa\u2019da manifaturac\u0131 Haymana\u2019l\u0131 Kutbettin\u2019in yan\u0131nda \u00e7al\u0131\u015fan Necmi mi daha \u00f6zg\u00fcrd\u00fcr, Adliye\u2019de getir g\u00f6t\u00fcr i\u015flerine bakan Zara\u2019l\u0131 Selami mi daha \u00f6zg\u00fcrd\u00fcr? \u00dcstada bu sorunu yanl\u0131\u015f koydu\u011funu, \u00f6zelde olsun devlette olsun \u00f6zg\u00fcrl\u00fcklerin ve ona ba\u011fl\u0131 olarak g\u00fcvencelerin ancak belli ko\u015fullarda s\u00f6zkonusu olabilece\u011fini anlatmak istedi\u011finizde ba\u015f\u0131n\u0131za neler gelece\u011fini bilemezsiniz. Adam \u00f6yle bir \u00f6fkelenir ki Zeus\u2019un gazab\u0131 s\u0131f\u0131r kal\u0131r onunkinin yan\u0131nda. An\u0131nda terbiyesizle\u015fir. G\u00fclmekle a\u011flamak aras\u0131nda bir yerde durup kal\u0131rs\u0131n\u0131z.<\/p>\n<p style=\"text-align: justify;\">\u0130nsanlar bu \u00fclkede her \u015feyi bilirler ama bilgilerini gevezeliklerden \u00f6teye pek ge\u00e7iremezler. Adam\u0131 bir konuda ele\u015ftirmeye kalk\u0131n da bak\u0131n ne yap\u0131yor sizi. Cahilli\u011fimiz tembelli\u011fimizin garantisi alt\u0131ndad\u0131r. Cahillik bir t\u00fcr yerle\u015fik k\u00f6rl\u00fckt\u00fcr. \u201cCahil g\u00f6rmez, g\u00f6z\u00fcn\u00fcn \u00f6n\u00fcndekini bile\u201d diyen atas\u00f6z\u00fcne hak vermemek elde mi? Cahil \u00f6n\u00fcndekini g\u00f6rmez ama g\u00f6remeyece\u011fi \u015feyleri pek g\u00fczel g\u00f6r\u00fcr. En b\u00fcy\u00fck dile\u011fimiz ya da g\u00fcvencemiz cahilli\u011fin yuvas\u0131nda kalmas\u0131, kafesinden \u00e7\u0131kmamas\u0131d\u0131r. Bu da olacak \u015fey de\u011fildir. \u00c7\u00fcnk\u00fc cahil kendine alabildi\u011fine g\u00fcvenir ve dehas\u0131n\u0131n \u0131\u015f\u0131\u011f\u0131nda biriktirdi\u011fi ya da depolad\u0131\u011f\u0131 yalan yanl\u0131\u015f d\u00fc\u015f\u00fcnceleri ortal\u0131\u011fa sa\u00e7maya can atar. Bu kadar de\u011ferli fikirler elbette \u00e7\u00fcr\u00fcy\u00fcp kalmamal\u0131d\u0131r. Goethe b\u00fcy\u00fc\u011f\u00fcm\u00fcz \u201cEyleme ge\u00e7mi\u015f cahillikten daha korkun\u00e7 bir \u015fey yoktur\u201d derken ne kadar hakl\u0131d\u0131r. \u0130ngilizler cahilli\u011fi kartal kanatl\u0131 ve yarasa g\u00f6zl\u00fc garip bir ku\u015f olarak tan\u0131mlam\u0131\u015flard\u0131r. \u00c7inliler yaln\u0131zca \u015fu s\u00f6z\u00fc s\u00f6yledikleri i\u00e7in g\u00f6z\u00fcmde b\u00fcy\u00fcd\u00fcler de b\u00fcy\u00fcd\u00fcler: \u201cCahillik ruhun gecesidir, o gecede ne ay vard\u0131r ne y\u0131ld\u0131zlar.\u201d Bu i\u015f bir bak\u0131ma g\u00fczel i\u015ftir: hi\u00e7bir \u015fey bilmeyen, do\u011fru d\u00fcr\u00fcst hi\u00e7bir \u015fey d\u00fc\u015f\u00fcnmeyen insanlar hi\u00e7bir \u015feyden ku\u015fkuya d\u00fc\u015fmezler, \u00f6zellikle de kendi bilgilerinden.<\/p>\n<p style=\"text-align: justify;\">Belli bir bilin\u00e7 \u00e7izgisinin alt\u0131nda tak\u0131l\u0131p kalm\u0131\u015f olmakla birlikte kendine hayran olan nice insan tan\u0131d\u0131m. Bunlar kendilerinden ho\u015fnuttular. Kafalar\u0131ndaki bilgi kal\u0131plar\u0131yla pek g\u00fczel ya\u015fay\u0131p gidiyorlard\u0131. \u00c7ok zaman ba\u015fkalar\u0131yla ortakla\u015ft\u0131klar\u0131 bu kal\u0131plar onlara ger\u00e7ek anlamda bir toplumsalla\u015fm\u0131\u015fl\u0131k duygusu da veriyordu. Onlar en do\u011fru yerde durman\u0131n, buna g\u00f6re b\u00fct\u00fcn temel insan sorunlar\u0131n\u0131 \u00e7\u00f6zm\u00fc\u015f olman\u0131n \u201cgurur\u201dunu ya\u015f\u0131yorlard\u0131. Hele cahilliklerini bir de \u00fcnle ya da unvanla s\u00fcslediklerinde de\u011fme a\u011falar\u0131n keyfine. Neler biliyorlard\u0131 neler! Y\u00fcz b\u00fcy\u00fc\u011f\u00fcm\u00fcz\u00fcn ad\u0131n\u0131, ayn\u0131 ilkokul \u00e7ocuklar\u0131 gibi \u015f\u0131p diye say\u0131yorlar, bu y\u00fczl\u00fck liste \u00fczerinde uyu\u015famay\u0131nca takaza \u00e7\u0131kar\u0131yorlard\u0131. Olsun, bu da ya\u015fam\u0131n tad\u0131 tuzudur art\u0131k. Bunu s\u00f6ylemek toplumsal ya\u015fam ger\u00e7e\u011finde hi\u00e7 de kolay de\u011fildir biliyorum ama siz siz olun cahil insandan uzak durun dostlar\u0131m. \u00d6zellikle de kafesini k\u0131r\u0131p \u00e7\u0131km\u0131\u015f sald\u0131rgan cahil insandan. Benim gibi yap\u0131n, okumam\u0131\u015f etmemi\u015f s\u0131radan insanlarla \u015f\u00f6yle ayak\u00fcst\u00fc de olsa muhabbet edin ama cahili ya\u015fam\u0131n\u0131za sokmay\u0131n.<\/p>\n","protected":false},"excerpt":{"rendered":"<p>Cahilli\u011fin g\u00fczelli\u011fi kendine inanma kolayl\u0131\u011f\u0131ndad\u0131r. Bizler cahili bilgisiz biri gibi d\u00fc\u015f\u00fcn\u00fcr\u00fcz. Bu bir yan\u0131lsamad\u0131r: cahil ger\u00e7ekte bir bilgi insan\u0131d\u0131r, bilgi k\u00fcp\u00fcd\u00fcr, her \u015feyi bilir. De\u011fme bilin\u00e7li bireylerin belleklerinde yeri olmayan bilgiler cahilin belle\u011finde istemedi\u011finiz kadar \u00e7oktur. Sizin bilincinizde kar\u015f\u0131l\u0131\u011f\u0131 olmayan pek\u00e7ok sorun onun bilincinde hem de \u00e7\u00f6z\u00fclm\u00fc\u015f olarak vard\u0131r. Siz \u00fc\u00e7 f\u0131kra bilirseniz cahil yedi [&hellip;]<\/p>\n","protected":false},"author":1,"featured_media":0,"comment_status":"open","ping_status":"open","sticky":false,"template":"","format":"standard","meta":{"footnotes":""},"categories":[79],"tags":[],"class_list":{"0":"post-3663","1":"post","2":"type-post","3":"status-publish","4":"format-standard","6":"category-afsar-timucin"},"yoast_head":"<!-- This site is optimized with the Yoast SEO Premium plugin v24.9 (Yoast SEO v24.9) - https:\/\/yoast.com\/wordpress\/plugins\/seo\/ -->\n<title>Bizler cahili bilgisiz biri gibi d\u00fc\u015f\u00fcn\u00fcr\u00fcz. Bu bir yan\u0131lsamad\u0131r | Cahilli\u011fin g\u00fczelli\u011fi - Af\u015far Timu\u00e7in - narteks.net<\/title>\n<meta name=\"robots\" content=\"index, follow, max-snippet:-1, max-image-preview:large, max-video-preview:-1\" \/>\n<link rel=\"canonical\" href=\"https:\/\/narteks.net\/index.php\/2010\/01\/04\/bizler-cahili-bilgisiz-biri-gibi-dusunuruz-bu-bir-yanilsamadir-cahilligin-guzelligi-afsar-timucin\/\" \/>\n<meta property=\"og:locale\" content=\"tr_TR\" \/>\n<meta property=\"og:type\" content=\"article\" \/>\n<meta property=\"og:title\" content=\"Bizler cahili bilgisiz biri gibi d\u00fc\u015f\u00fcn\u00fcr\u00fcz. Bu bir yan\u0131lsamad\u0131r | Cahilli\u011fin g\u00fczelli\u011fi - Af\u015far Timu\u00e7in\" \/>\n<meta property=\"og:description\" content=\"Cahilli\u011fin g\u00fczelli\u011fi kendine inanma kolayl\u0131\u011f\u0131ndad\u0131r. Bizler cahili bilgisiz biri gibi d\u00fc\u015f\u00fcn\u00fcr\u00fcz. Bu bir yan\u0131lsamad\u0131r: cahil ger\u00e7ekte bir bilgi insan\u0131d\u0131r, bilgi k\u00fcp\u00fcd\u00fcr, her \u015feyi bilir. De\u011fme bilin\u00e7li bireylerin belleklerinde yeri olmayan bilgiler cahilin belle\u011finde istemedi\u011finiz kadar \u00e7oktur. Sizin bilincinizde kar\u015f\u0131l\u0131\u011f\u0131 olmayan pek\u00e7ok sorun onun bilincinde hem de \u00e7\u00f6z\u00fclm\u00fc\u015f olarak vard\u0131r. Siz \u00fc\u00e7 f\u0131kra bilirseniz cahil yedi [&hellip;]\" \/>\n<meta property=\"og:url\" content=\"https:\/\/narteks.net\/index.php\/2010\/01\/04\/bizler-cahili-bilgisiz-biri-gibi-dusunuruz-bu-bir-yanilsamadir-cahilligin-guzelligi-afsar-timucin\/\" \/>\n<meta property=\"og:site_name\" content=\"narteks.net\" \/>\n<meta property=\"article:published_time\" content=\"2010-01-04T18:46:14+00:00\" \/>\n<meta property=\"og:image\" content=\"http:\/\/t2.gstatic.com\/images?q=tbn:A6piCsM8QcbiWM:http:\/\/1.bp.blogspot.com\/_lMDRhlG07eY\/SSkRLLvxF2I\/AAAAAAAAAVE\/L_SvnXNUE5Y\/s400\/mertindefterinekitapokumama.jpg\" \/>\n<meta name=\"author\" content=\"Tar\u0131k\" \/>\n<meta name=\"twitter:card\" content=\"summary_large_image\" \/>\n<meta name=\"twitter:creator\" content=\"@narteks\" \/>\n<meta name=\"twitter:site\" content=\"@narteks\" \/>\n<meta name=\"twitter:label1\" content=\"Yazan:\" \/>\n\t<meta name=\"twitter:data1\" content=\"Tar\u0131k\" \/>\n\t<meta name=\"twitter:label2\" content=\"Tahmini okuma s\u00fcresi\" \/>\n\t<meta name=\"twitter:data2\" content=\"5 dakika\" \/>\n<script type=\"application\/ld+json\" class=\"yoast-schema-graph\">{\"@context\":\"https:\/\/schema.org\",\"@graph\":[{\"@type\":\"Article\",\"@id\":\"https:\/\/narteks.net\/index.php\/2010\/01\/04\/bizler-cahili-bilgisiz-biri-gibi-dusunuruz-bu-bir-yanilsamadir-cahilligin-guzelligi-afsar-timucin\/#article\",\"isPartOf\":{\"@id\":\"https:\/\/narteks.net\/index.php\/2010\/01\/04\/bizler-cahili-bilgisiz-biri-gibi-dusunuruz-bu-bir-yanilsamadir-cahilligin-guzelligi-afsar-timucin\/\"},\"author\":{\"name\":\"Tar\u0131k\",\"@id\":\"https:\/\/narteks.net\/#\/schema\/person\/61f37d9834294b72d31d274e7ed79bca\"},\"headline\":\"Bizler cahili bilgisiz biri gibi d\u00fc\u015f\u00fcn\u00fcr\u00fcz. Bu bir yan\u0131lsamad\u0131r | Cahilli\u011fin g\u00fczelli\u011fi &#8211; Af\u015far Timu\u00e7in\",\"datePublished\":\"2010-01-04T18:46:14+00:00\",\"mainEntityOfPage\":{\"@id\":\"https:\/\/narteks.net\/index.php\/2010\/01\/04\/bizler-cahili-bilgisiz-biri-gibi-dusunuruz-bu-bir-yanilsamadir-cahilligin-guzelligi-afsar-timucin\/\"},\"wordCount\":947,\"commentCount\":0,\"publisher\":{\"@id\":\"https:\/\/narteks.net\/#organization\"},\"image\":{\"@id\":\"https:\/\/narteks.net\/index.php\/2010\/01\/04\/bizler-cahili-bilgisiz-biri-gibi-dusunuruz-bu-bir-yanilsamadir-cahilligin-guzelligi-afsar-timucin\/#primaryimage\"},\"thumbnailUrl\":\"http:\/\/t2.gstatic.com\/images?q=tbn:A6piCsM8QcbiWM:http:\/\/1.bp.blogspot.com\/_lMDRhlG07eY\/SSkRLLvxF2I\/AAAAAAAAAVE\/L_SvnXNUE5Y\/s400\/mertindefterinekitapokumama.jpg\",\"articleSection\":[\"Af\u015far T\u0130MU\u00c7\u0130N\"],\"inLanguage\":\"tr\",\"potentialAction\":[{\"@type\":\"CommentAction\",\"name\":\"Comment\",\"target\":[\"https:\/\/narteks.net\/index.php\/2010\/01\/04\/bizler-cahili-bilgisiz-biri-gibi-dusunuruz-bu-bir-yanilsamadir-cahilligin-guzelligi-afsar-timucin\/#respond\"]}]},{\"@type\":\"WebPage\",\"@id\":\"https:\/\/narteks.net\/index.php\/2010\/01\/04\/bizler-cahili-bilgisiz-biri-gibi-dusunuruz-bu-bir-yanilsamadir-cahilligin-guzelligi-afsar-timucin\/\",\"url\":\"https:\/\/narteks.net\/index.php\/2010\/01\/04\/bizler-cahili-bilgisiz-biri-gibi-dusunuruz-bu-bir-yanilsamadir-cahilligin-guzelligi-afsar-timucin\/\",\"name\":\"Bizler cahili bilgisiz biri gibi d\u00fc\u015f\u00fcn\u00fcr\u00fcz. Bu bir yan\u0131lsamad\u0131r | Cahilli\u011fin g\u00fczelli\u011fi - Af\u015far Timu\u00e7in - narteks.net\",\"isPartOf\":{\"@id\":\"https:\/\/narteks.net\/#website\"},\"primaryImageOfPage\":{\"@id\":\"https:\/\/narteks.net\/index.php\/2010\/01\/04\/bizler-cahili-bilgisiz-biri-gibi-dusunuruz-bu-bir-yanilsamadir-cahilligin-guzelligi-afsar-timucin\/#primaryimage\"},\"image\":{\"@id\":\"https:\/\/narteks.net\/index.php\/2010\/01\/04\/bizler-cahili-bilgisiz-biri-gibi-dusunuruz-bu-bir-yanilsamadir-cahilligin-guzelligi-afsar-timucin\/#primaryimage\"},\"thumbnailUrl\":\"http:\/\/t2.gstatic.com\/images?q=tbn:A6piCsM8QcbiWM:http:\/\/1.bp.blogspot.com\/_lMDRhlG07eY\/SSkRLLvxF2I\/AAAAAAAAAVE\/L_SvnXNUE5Y\/s400\/mertindefterinekitapokumama.jpg\",\"datePublished\":\"2010-01-04T18:46:14+00:00\",\"breadcrumb\":{\"@id\":\"https:\/\/narteks.net\/index.php\/2010\/01\/04\/bizler-cahili-bilgisiz-biri-gibi-dusunuruz-bu-bir-yanilsamadir-cahilligin-guzelligi-afsar-timucin\/#breadcrumb\"},\"inLanguage\":\"tr\",\"potentialAction\":[{\"@type\":\"ReadAction\",\"target\":[\"https:\/\/narteks.net\/index.php\/2010\/01\/04\/bizler-cahili-bilgisiz-biri-gibi-dusunuruz-bu-bir-yanilsamadir-cahilligin-guzelligi-afsar-timucin\/\"]}]},{\"@type\":\"ImageObject\",\"inLanguage\":\"tr\",\"@id\":\"https:\/\/narteks.net\/index.php\/2010\/01\/04\/bizler-cahili-bilgisiz-biri-gibi-dusunuruz-bu-bir-yanilsamadir-cahilligin-guzelligi-afsar-timucin\/#primaryimage\",\"url\":\"http:\/\/t2.gstatic.com\/images?q=tbn:A6piCsM8QcbiWM:http:\/\/1.bp.blogspot.com\/_lMDRhlG07eY\/SSkRLLvxF2I\/AAAAAAAAAVE\/L_SvnXNUE5Y\/s400\/mertindefterinekitapokumama.jpg\",\"contentUrl\":\"http:\/\/t2.gstatic.com\/images?q=tbn:A6piCsM8QcbiWM:http:\/\/1.bp.blogspot.com\/_lMDRhlG07eY\/SSkRLLvxF2I\/AAAAAAAAAVE\/L_SvnXNUE5Y\/s400\/mertindefterinekitapokumama.jpg\"},{\"@type\":\"BreadcrumbList\",\"@id\":\"https:\/\/narteks.net\/index.php\/2010\/01\/04\/bizler-cahili-bilgisiz-biri-gibi-dusunuruz-bu-bir-yanilsamadir-cahilligin-guzelligi-afsar-timucin\/#breadcrumb\",\"itemListElement\":[{\"@type\":\"ListItem\",\"position\":1,\"name\":\"Anasayfa\",\"item\":\"https:\/\/narteks.net\/\"},{\"@type\":\"ListItem\",\"position\":2,\"name\":\"Bizler cahili bilgisiz biri gibi d\u00fc\u015f\u00fcn\u00fcr\u00fcz. Bu bir yan\u0131lsamad\u0131r | Cahilli\u011fin g\u00fczelli\u011fi &#8211; Af\u015far Timu\u00e7in\"}]},{\"@type\":\"WebSite\",\"@id\":\"https:\/\/narteks.net\/#website\",\"url\":\"https:\/\/narteks.net\/\",\"name\":\"narteks.net\",\"description\":\"K\u00fclt\u00fcr Sanat Edebiyat Felsefe\",\"publisher\":{\"@id\":\"https:\/\/narteks.net\/#organization\"},\"alternateName\":\"K\u00fclt\u00fcr Sanat Edebiyat Felsefe\",\"potentialAction\":[{\"@type\":\"SearchAction\",\"target\":{\"@type\":\"EntryPoint\",\"urlTemplate\":\"https:\/\/narteks.net\/?s={search_term_string}\"},\"query-input\":{\"@type\":\"PropertyValueSpecification\",\"valueRequired\":true,\"valueName\":\"search_term_string\"}}],\"inLanguage\":\"tr\"},{\"@type\":\"Organization\",\"@id\":\"https:\/\/narteks.net\/#organization\",\"name\":\"narteks.net\",\"url\":\"https:\/\/narteks.net\/\",\"logo\":{\"@type\":\"ImageObject\",\"inLanguage\":\"tr\",\"@id\":\"https:\/\/narteks.net\/#\/schema\/logo\/image\/\",\"url\":\"https:\/\/narteks.net\/wp-content\/uploads\/narteks.png\",\"contentUrl\":\"https:\/\/narteks.net\/wp-content\/uploads\/narteks.png\",\"width\":300,\"height\":90,\"caption\":\"narteks.net\"},\"image\":{\"@id\":\"https:\/\/narteks.net\/#\/schema\/logo\/image\/\"},\"sameAs\":[\"https:\/\/x.com\/narteks\",\"https:\/\/instagram.com\/narteksnet\"]},{\"@type\":\"Person\",\"@id\":\"https:\/\/narteks.net\/#\/schema\/person\/61f37d9834294b72d31d274e7ed79bca\",\"name\":\"Tar\u0131k\",\"image\":{\"@type\":\"ImageObject\",\"inLanguage\":\"tr\",\"@id\":\"https:\/\/narteks.net\/#\/schema\/person\/image\/\",\"url\":\"https:\/\/secure.gravatar.com\/avatar\/50865afb55632c4ae467e0af0930f6510aa2297d8014be502a55b14f3b7550cf?s=96&d=mm&r=g\",\"contentUrl\":\"https:\/\/secure.gravatar.com\/avatar\/50865afb55632c4ae467e0af0930f6510aa2297d8014be502a55b14f3b7550cf?s=96&d=mm&r=g\",\"caption\":\"Tar\u0131k\"},\"sameAs\":[\"http:\/\/narteks.net\"],\"url\":\"https:\/\/narteks.net\/index.php\/author\/narbak\/\"}]}<\/script>\n<!-- \/ Yoast SEO Premium plugin. -->","yoast_head_json":{"title":"Bizler cahili bilgisiz biri gibi d\u00fc\u015f\u00fcn\u00fcr\u00fcz. Bu bir yan\u0131lsamad\u0131r | Cahilli\u011fin g\u00fczelli\u011fi - Af\u015far Timu\u00e7in - narteks.net","robots":{"index":"index","follow":"follow","max-snippet":"max-snippet:-1","max-image-preview":"max-image-preview:large","max-video-preview":"max-video-preview:-1"},"canonical":"https:\/\/narteks.net\/index.php\/2010\/01\/04\/bizler-cahili-bilgisiz-biri-gibi-dusunuruz-bu-bir-yanilsamadir-cahilligin-guzelligi-afsar-timucin\/","og_locale":"tr_TR","og_type":"article","og_title":"Bizler cahili bilgisiz biri gibi d\u00fc\u015f\u00fcn\u00fcr\u00fcz. Bu bir yan\u0131lsamad\u0131r | Cahilli\u011fin g\u00fczelli\u011fi - Af\u015far Timu\u00e7in","og_description":"Cahilli\u011fin g\u00fczelli\u011fi kendine inanma kolayl\u0131\u011f\u0131ndad\u0131r. Bizler cahili bilgisiz biri gibi d\u00fc\u015f\u00fcn\u00fcr\u00fcz. Bu bir yan\u0131lsamad\u0131r: cahil ger\u00e7ekte bir bilgi insan\u0131d\u0131r, bilgi k\u00fcp\u00fcd\u00fcr, her \u015feyi bilir. De\u011fme bilin\u00e7li bireylerin belleklerinde yeri olmayan bilgiler cahilin belle\u011finde istemedi\u011finiz kadar \u00e7oktur. Sizin bilincinizde kar\u015f\u0131l\u0131\u011f\u0131 olmayan pek\u00e7ok sorun onun bilincinde hem de \u00e7\u00f6z\u00fclm\u00fc\u015f olarak vard\u0131r. Siz \u00fc\u00e7 f\u0131kra bilirseniz cahil yedi [&hellip;]","og_url":"https:\/\/narteks.net\/index.php\/2010\/01\/04\/bizler-cahili-bilgisiz-biri-gibi-dusunuruz-bu-bir-yanilsamadir-cahilligin-guzelligi-afsar-timucin\/","og_site_name":"narteks.net","article_published_time":"2010-01-04T18:46:14+00:00","og_image":[{"url":"http:\/\/t2.gstatic.com\/images?q=tbn:A6piCsM8QcbiWM:http:\/\/1.bp.blogspot.com\/_lMDRhlG07eY\/SSkRLLvxF2I\/AAAAAAAAAVE\/L_SvnXNUE5Y\/s400\/mertindefterinekitapokumama.jpg","type":"","width":"","height":""}],"author":"Tar\u0131k","twitter_card":"summary_large_image","twitter_creator":"@narteks","twitter_site":"@narteks","twitter_misc":{"Yazan:":"Tar\u0131k","Tahmini okuma s\u00fcresi":"5 dakika"},"schema":{"@context":"https:\/\/schema.org","@graph":[{"@type":"Article","@id":"https:\/\/narteks.net\/index.php\/2010\/01\/04\/bizler-cahili-bilgisiz-biri-gibi-dusunuruz-bu-bir-yanilsamadir-cahilligin-guzelligi-afsar-timucin\/#article","isPartOf":{"@id":"https:\/\/narteks.net\/index.php\/2010\/01\/04\/bizler-cahili-bilgisiz-biri-gibi-dusunuruz-bu-bir-yanilsamadir-cahilligin-guzelligi-afsar-timucin\/"},"author":{"name":"Tar\u0131k","@id":"https:\/\/narteks.net\/#\/schema\/person\/61f37d9834294b72d31d274e7ed79bca"},"headline":"Bizler cahili bilgisiz biri gibi d\u00fc\u015f\u00fcn\u00fcr\u00fcz. Bu bir yan\u0131lsamad\u0131r | Cahilli\u011fin g\u00fczelli\u011fi &#8211; Af\u015far Timu\u00e7in","datePublished":"2010-01-04T18:46:14+00:00","mainEntityOfPage":{"@id":"https:\/\/narteks.net\/index.php\/2010\/01\/04\/bizler-cahili-bilgisiz-biri-gibi-dusunuruz-bu-bir-yanilsamadir-cahilligin-guzelligi-afsar-timucin\/"},"wordCount":947,"commentCount":0,"publisher":{"@id":"https:\/\/narteks.net\/#organization"},"image":{"@id":"https:\/\/narteks.net\/index.php\/2010\/01\/04\/bizler-cahili-bilgisiz-biri-gibi-dusunuruz-bu-bir-yanilsamadir-cahilligin-guzelligi-afsar-timucin\/#primaryimage"},"thumbnailUrl":"http:\/\/t2.gstatic.com\/images?q=tbn:A6piCsM8QcbiWM:http:\/\/1.bp.blogspot.com\/_lMDRhlG07eY\/SSkRLLvxF2I\/AAAAAAAAAVE\/L_SvnXNUE5Y\/s400\/mertindefterinekitapokumama.jpg","articleSection":["Af\u015far T\u0130MU\u00c7\u0130N"],"inLanguage":"tr","potentialAction":[{"@type":"CommentAction","name":"Comment","target":["https:\/\/narteks.net\/index.php\/2010\/01\/04\/bizler-cahili-bilgisiz-biri-gibi-dusunuruz-bu-bir-yanilsamadir-cahilligin-guzelligi-afsar-timucin\/#respond"]}]},{"@type":"WebPage","@id":"https:\/\/narteks.net\/index.php\/2010\/01\/04\/bizler-cahili-bilgisiz-biri-gibi-dusunuruz-bu-bir-yanilsamadir-cahilligin-guzelligi-afsar-timucin\/","url":"https:\/\/narteks.net\/index.php\/2010\/01\/04\/bizler-cahili-bilgisiz-biri-gibi-dusunuruz-bu-bir-yanilsamadir-cahilligin-guzelligi-afsar-timucin\/","name":"Bizler cahili bilgisiz biri gibi d\u00fc\u015f\u00fcn\u00fcr\u00fcz. Bu bir yan\u0131lsamad\u0131r | Cahilli\u011fin g\u00fczelli\u011fi - Af\u015far Timu\u00e7in - narteks.net","isPartOf":{"@id":"https:\/\/narteks.net\/#website"},"primaryImageOfPage":{"@id":"https:\/\/narteks.net\/index.php\/2010\/01\/04\/bizler-cahili-bilgisiz-biri-gibi-dusunuruz-bu-bir-yanilsamadir-cahilligin-guzelligi-afsar-timucin\/#primaryimage"},"image":{"@id":"https:\/\/narteks.net\/index.php\/2010\/01\/04\/bizler-cahili-bilgisiz-biri-gibi-dusunuruz-bu-bir-yanilsamadir-cahilligin-guzelligi-afsar-timucin\/#primaryimage"},"thumbnailUrl":"http:\/\/t2.gstatic.com\/images?q=tbn:A6piCsM8QcbiWM:http:\/\/1.bp.blogspot.com\/_lMDRhlG07eY\/SSkRLLvxF2I\/AAAAAAAAAVE\/L_SvnXNUE5Y\/s400\/mertindefterinekitapokumama.jpg","datePublished":"2010-01-04T18:46:14+00:00","breadcrumb":{"@id":"https:\/\/narteks.net\/index.php\/2010\/01\/04\/bizler-cahili-bilgisiz-biri-gibi-dusunuruz-bu-bir-yanilsamadir-cahilligin-guzelligi-afsar-timucin\/#breadcrumb"},"inLanguage":"tr","potentialAction":[{"@type":"ReadAction","target":["https:\/\/narteks.net\/index.php\/2010\/01\/04\/bizler-cahili-bilgisiz-biri-gibi-dusunuruz-bu-bir-yanilsamadir-cahilligin-guzelligi-afsar-timucin\/"]}]},{"@type":"ImageObject","inLanguage":"tr","@id":"https:\/\/narteks.net\/index.php\/2010\/01\/04\/bizler-cahili-bilgisiz-biri-gibi-dusunuruz-bu-bir-yanilsamadir-cahilligin-guzelligi-afsar-timucin\/#primaryimage","url":"http:\/\/t2.gstatic.com\/images?q=tbn:A6piCsM8QcbiWM:http:\/\/1.bp.blogspot.com\/_lMDRhlG07eY\/SSkRLLvxF2I\/AAAAAAAAAVE\/L_SvnXNUE5Y\/s400\/mertindefterinekitapokumama.jpg","contentUrl":"http:\/\/t2.gstatic.com\/images?q=tbn:A6piCsM8QcbiWM:http:\/\/1.bp.blogspot.com\/_lMDRhlG07eY\/SSkRLLvxF2I\/AAAAAAAAAVE\/L_SvnXNUE5Y\/s400\/mertindefterinekitapokumama.jpg"},{"@type":"BreadcrumbList","@id":"https:\/\/narteks.net\/index.php\/2010\/01\/04\/bizler-cahili-bilgisiz-biri-gibi-dusunuruz-bu-bir-yanilsamadir-cahilligin-guzelligi-afsar-timucin\/#breadcrumb","itemListElement":[{"@type":"ListItem","position":1,"name":"Anasayfa","item":"https:\/\/narteks.net\/"},{"@type":"ListItem","position":2,"name":"Bizler cahili bilgisiz biri gibi d\u00fc\u015f\u00fcn\u00fcr\u00fcz. Bu bir yan\u0131lsamad\u0131r | Cahilli\u011fin g\u00fczelli\u011fi &#8211; Af\u015far Timu\u00e7in"}]},{"@type":"WebSite","@id":"https:\/\/narteks.net\/#website","url":"https:\/\/narteks.net\/","name":"narteks.net","description":"K\u00fclt\u00fcr Sanat Edebiyat Felsefe","publisher":{"@id":"https:\/\/narteks.net\/#organization"},"alternateName":"K\u00fclt\u00fcr Sanat Edebiyat Felsefe","potentialAction":[{"@type":"SearchAction","target":{"@type":"EntryPoint","urlTemplate":"https:\/\/narteks.net\/?s={search_term_string}"},"query-input":{"@type":"PropertyValueSpecification","valueRequired":true,"valueName":"search_term_string"}}],"inLanguage":"tr"},{"@type":"Organization","@id":"https:\/\/narteks.net\/#organization","name":"narteks.net","url":"https:\/\/narteks.net\/","logo":{"@type":"ImageObject","inLanguage":"tr","@id":"https:\/\/narteks.net\/#\/schema\/logo\/image\/","url":"https:\/\/narteks.net\/wp-content\/uploads\/narteks.png","contentUrl":"https:\/\/narteks.net\/wp-content\/uploads\/narteks.png","width":300,"height":90,"caption":"narteks.net"},"image":{"@id":"https:\/\/narteks.net\/#\/schema\/logo\/image\/"},"sameAs":["https:\/\/x.com\/narteks","https:\/\/instagram.com\/narteksnet"]},{"@type":"Person","@id":"https:\/\/narteks.net\/#\/schema\/person\/61f37d9834294b72d31d274e7ed79bca","name":"Tar\u0131k","image":{"@type":"ImageObject","inLanguage":"tr","@id":"https:\/\/narteks.net\/#\/schema\/person\/image\/","url":"https:\/\/secure.gravatar.com\/avatar\/50865afb55632c4ae467e0af0930f6510aa2297d8014be502a55b14f3b7550cf?s=96&d=mm&r=g","contentUrl":"https:\/\/secure.gravatar.com\/avatar\/50865afb55632c4ae467e0af0930f6510aa2297d8014be502a55b14f3b7550cf?s=96&d=mm&r=g","caption":"Tar\u0131k"},"sameAs":["http:\/\/narteks.net"],"url":"https:\/\/narteks.net\/index.php\/author\/narbak\/"}]}},"_links":{"self":[{"href":"https:\/\/narteks.net\/index.php\/wp-json\/wp\/v2\/posts\/3663","targetHints":{"allow":["GET"]}}],"collection":[{"href":"https:\/\/narteks.net\/index.php\/wp-json\/wp\/v2\/posts"}],"about":[{"href":"https:\/\/narteks.net\/index.php\/wp-json\/wp\/v2\/types\/post"}],"author":[{"embeddable":true,"href":"https:\/\/narteks.net\/index.php\/wp-json\/wp\/v2\/users\/1"}],"replies":[{"embeddable":true,"href":"https:\/\/narteks.net\/index.php\/wp-json\/wp\/v2\/comments?post=3663"}],"version-history":[{"count":0,"href":"https:\/\/narteks.net\/index.php\/wp-json\/wp\/v2\/posts\/3663\/revisions"}],"wp:attachment":[{"href":"https:\/\/narteks.net\/index.php\/wp-json\/wp\/v2\/media?parent=3663"}],"wp:term":[{"taxonomy":"category","embeddable":true,"href":"https:\/\/narteks.net\/index.php\/wp-json\/wp\/v2\/categories?post=3663"},{"taxonomy":"post_tag","embeddable":true,"href":"https:\/\/narteks.net\/index.php\/wp-json\/wp\/v2\/tags?post=3663"}],"curies":[{"name":"wp","href":"https:\/\/api.w.org\/{rel}","templated":true}]}}