{"id":3666,"date":"2010-01-04T22:08:23","date_gmt":"2010-01-04T19:08:23","guid":{"rendered":"http:\/\/localhost\/wordpress\/2010\/01\/04\/afsar-timucin-kim-kimin-kurbani\/"},"modified":"2010-01-04T22:08:23","modified_gmt":"2010-01-04T19:08:23","slug":"afsar-timucin-kim-kimin-kurbani","status":"publish","type":"post","link":"https:\/\/narteks.net\/index.php\/2010\/01\/04\/afsar-timucin-kim-kimin-kurbani\/","title":{"rendered":"Af\u015far Timu\u00e7in;  Kim Kimin Kurban\u0131?"},"content":{"rendered":"<p><img loading=\"lazy\" decoding=\"async\" style=\"float: left;\" src=\"http:\/\/www.toplumdusmani.net\/v2\/images\/stories\/users\/atimucin.jpg\" width=\"155\" height=\"203\" border=\"0\" \/><\/p>\n<p style=\"text-align: justify;\">Do\u011frulardan korkan, d\u00fc\u015f\u00fcnmeyi sevmeyen, her konudan anlayan, ak\u0131ll\u0131 oldu\u011funa inanan, gemisini kurtarma kurnaz\u0131, saplant\u0131lar\u0131yla ve \u00f6nyarg\u0131lar\u0131yla mutlu olan, k\u00fclt\u00fcr d\u00fczeyi s\u0131f\u0131r\u0131n alt\u0131nda duran, paradan ba\u015fka de\u011fer tan\u0131mayan, g\u00fcndelik ya\u015fayan insanlar\u0131n \u00e7o\u011funlukta oldu\u011fu bu toplumda kimin cani kimin kurban oldu\u011funu kestirebilmek g\u00fc\u00e7 i\u015f dostlar\u0131m.\u00a0 Bir \u015feyler kay\u0131p gidiyor ama g\u00f6ren kim! Kimilerine g\u00f6re her \u015fey yolundad\u0131r, gidi\u015ften tedirgin olanlar k\u00f6t\u00fc niyetlilerdir. Kolay yollardan ya\u015fam\u0131 s\u00fcrd\u00fcrme d\u00fczenbazl\u0131\u011f\u0131 bu toplumun de\u011ferlerini kemiriyor. Gen\u00e7ler de\u011fer tan\u0131mayan ortamlarda yeti\u015fiyorlar, kurumla\u015famam\u0131\u015f ailelerde, korkun\u00e7 okullarda tam bir bilin\u00e7 bulan\u0131kl\u0131\u011f\u0131 i\u00e7inde yeti\u015fiyorlar.<\/p>\n<p style=\"text-align: justify;\">Bilgiden nefret eden insanlar\u0131n ortam\u0131nda \u00f6rne\u011fin y\u0131lda ka\u00e7 gencin uyu\u015fturucuya kurban gitti\u011fini bilmiyoruz. Televizyonlar ancak ad\u0131 bilinen birilerinin \u00e7ocuklar\u0131 uyu\u015fturucudan \u00f6l\u00fcnce kollar\u0131 s\u0131v\u0131yorlar. (Fonda ac\u0131 ezgiler!) Gazeteler de \u00f6yle. Bu arada ruhtan iyi anlayan hekimler g\u00f6z kama\u015ft\u0131ran yorumlar yap\u0131yorlar. Uyu\u015fturucudan \u00f6len gen\u00e7 onlar\u0131n g\u00f6z\u00fcnde do\u011frudan arkada\u015f kurban\u0131\u2019d\u0131r. Bu arada bu de\u011ferli insanlar b\u00fct\u00fcn iyilik\u00e7i yanlar\u0131yla bizi uyarma g\u00f6revini de y\u00fcklenmi\u015f olarak \u015fu bilinen \u00f6\u011f\u00fcd\u00fc yineliyorlar: \u201c\u00c7ocu\u011fun ya\u015fam\u0131na dikkat edin. Onun kiminle ya da kimlerle arkada\u015f oldu\u011funu iyi bilin. Ola\u011fan\u00fcst\u00fc bir durum var gibi gelirse size, ge\u00e7 kalmadan uyu\u015fturucu kullan\u0131p kullanmad\u0131\u011f\u0131n\u0131 ara\u015ft\u0131r\u0131n.\u201d Ne yani, \u015f\u00f6yle mi y\u00f6neleceksiniz \u00e7ocu\u011funuza: \u201cYavrum Or\u00e7uncan, bana k\u0131zma, senin arkada\u015flar\u0131ndan baz\u0131lar\u0131n\u0131 hi\u00e7 be\u011fenmiyorum. Senin durumunu da rezalet! Gel gidip sa\u00e7 k\u0131l\u0131 ara\u015ft\u0131rmas\u0131 yapt\u0131ral\u0131m benim g\u00fczel yavrum\u2026\u201d O zaman \u00e7ocu\u011funuzla ili\u015fkiniz ne duruma gelir?<\/p>\n<p style=\"text-align: justify;\">\u00c7a\u011fda\u015f toplumda ili\u015fkilerin ancak g\u00fcven duygusuyla y\u00fcr\u00fcyebilece\u011fine inanmak gerekiyor. Yapaca\u011f\u0131n\u0131z \u015fey \u00e7ocu\u011funuza g\u00fcvenmektir. Gen\u00e7leri uyu\u015fturucuya iten arkada\u015f ili\u015fkileri de\u011fildir: iyi yeti\u015fmi\u015f insanlar ba\u015fkalar\u0131n\u0131n etkisiyle ya\u015famlar\u0131n\u0131 u\u00e7uruma atmazlar. Uyu\u015fturucu diye bir sorun varsa insan ili\u015fkilerinde aksayan bir \u015feyler var demektir. Hi\u00e7bir de\u011fer tan\u0131madan, insan sayg\u0131s\u0131 nedir bilmeden yaln\u0131zca para i\u00e7in ya da d\u00fcnya zevkleri i\u00e7in b\u00fcy\u00fct\u00fcl\u00fcp ortal\u0131\u011fa sal\u0131nm\u0131\u015f \u00e7ocuklar kesinlikle arkada\u015f kurban\u0131 falan de\u011filler, onlar\u0131 kurban edenler \u00f6ncelikle anneleri ve babalar\u0131d\u0131r, hatta \u00f6b\u00fcr yak\u0131nlar\u0131d\u0131r. Burjuva aileleri genellikle b\u00fct\u00fcn gerilikleri i\u00e7inde \u00e7ocuklar\u0131 e\u015fsiz varl\u0131klar olarak g\u00f6rmek ve g\u00f6stermek gibi bir aptall\u0131\u011f\u0131 eksiksiz ya\u015farlar. Aman ne kadar zekidir Fi\u015ffi\u015f han\u0131m\u0131n torunu. Cahilliklerinden gelen bir g\u00fc\u00e7le zeki olmay\u0131 \u00f6nemli bir \u015fey san\u0131rlar. Oysa ortal\u0131k ipini koparm\u0131\u015f zekilerle doludur, hatta bunlar\u0131n bir b\u00f6l\u00fcm\u00fc Zeki ad\u0131n\u0131 ta\u015f\u0131r. Sorun sevgisiz b\u00fcy\u00fcm\u00fc\u015fl\u00fck sorunudur, de\u011fer diye bir \u015fey bilmeden b\u00fcy\u00fcm\u00fc\u015fl\u00fck sorunudur.<\/p>\n<p style=\"text-align: justify;\">Daha \u00f6nce anlatm\u0131\u015f\u0131md\u0131r, konservatuarda \u00f6\u011fretmenlik yapt\u0131\u011f\u0131m y\u0131llarda bir g\u00fcn bir \u00f6\u011frencimizin annesi benimle g\u00f6r\u00fc\u015fmek istedi. K\u0131z\u0131ndan yak\u0131nd\u0131: \u201cNe yapsak memnun olmuyor. Babas\u0131 da ben de etraf\u0131nda pervaneyiz. Var m\u0131 yok mu bilmeden onu bunu istiyor. Hemen iste\u011fini yerine getiriyoruz. Odas\u0131ndaki e\u015fyalar\u0131 de\u011fi\u015ftirmemizi istedi. De\u011fi\u015ftirdik. Sevinece\u011fini sand\u0131k. Yan\u0131lm\u0131\u015f\u0131z. Ne desek tersliyor bizi.\u201d Ben de dedim ki: \u201cSevginizi yetersiz buluyor olmas\u0131n? Siz ona sevginizi belki de yeterince g\u00f6steremiyorsunuz. Onunla y\u00fcr\u00fcy\u00fc\u015fe \u00e7\u0131kt\u0131\u011f\u0131n\u0131z oluyor mu? Bir ak\u015fam kar\u015f\u0131l\u0131kl\u0131 birer kadeh \u015farap i\u00e7ti\u011finiz oluyor mu? Beklemedi\u011fi bir anda sa\u00e7\u0131n\u0131 ok\u015fuyor musunuz, sar\u0131l\u0131p \u00f6p\u00fcyor musunuz onu? Ara s\u0131ra \u00f6nemli bir konuda g\u00f6r\u00fc\u015f\u00fcn\u00fc ald\u0131\u011f\u0131n\u0131z oluyor mu? Bak\u0131\u015flar\u0131n\u0131zdan anl\u0131yor mu sevildi\u011fini?\u201d \u201cBayan\u201d benim bu s\u00f6zlerimi i\u015fitir i\u015fitmez \u015f\u00f6yle bir salland\u0131, ka\u00e7\u0131p gitti. Ben onu daha sab\u0131rl\u0131 dinleseydim belki k\u0131z\u0131n\u0131n arkada\u015flar\u0131ndan da yak\u0131nacakt\u0131. Evlenip \u00fc\u00e7 g\u00fcnde \u00e7ocuk yap\u0131yoruz, sonra o \u00e7ocuklara bakm\u0131yoruz. Sa\u00e7\u0131m\u0131z\u0131 s\u00fcp\u00fcrge etmeniz gerekmez, sevmeyi bilin yeter.<\/p>\n<p style=\"text-align: justify;\">Bir olay ya da bir mucize: Bizim arkada yat\u0131p duran k\u00fcl\u00fcst\u00fcr otomobil kendi kendine ne yapm\u0131\u015f biliyor musunuz? Bize \u00e7akt\u0131rmadan 7 eyl\u00fcl 2006 g\u00fcn\u00fc \u00e7\u0131k\u0131p gitmi\u015f, Ankara yoluna girmi\u015f, saat 11.56\u2019da \u00c7aml\u0131ca gi\u015felerinden para vermeden ge\u00e7mi\u015f. \u015eimdi bizden yetmi\u015f lira gibi bir para istiyorlar. Tepem att\u0131, \u00e7\u0131k\u0131\u015ft\u0131m ona: \u201cSen b\u00f6yle bana ya da Ali a\u011fabeyine sormadan kendi ba\u015f\u0131na nas\u0131l \u00e7ekip gidebiliyorsun? Bunu yaparken hi\u00e7 utanmad\u0131n m\u0131? Buras\u0131 da\u011f ba\u015f\u0131 m\u0131?\u201d Boyunu b\u00fckt\u00fc, \u00f6n\u00fcne bakt\u0131, ac\u0131d\u0131m. \u015e\u00f6yle dedi: \u201cSahip, y\u0131lda bir on be\u015f g\u00fcn ya geziyoruz ya gezmiyoruz. Arkada yat\u0131p duruyorum. Koca bir g\u00fcz, koca bir k\u0131\u015f, koca bir ilkyaz ge\u00e7iyor, ben k\u0131m\u0131ldamadan duruyorum. Sordu\u011fun soruya gelince, evet buras\u0131 da\u011f ba\u015f\u0131!\u201d<\/p>\n","protected":false},"excerpt":{"rendered":"<p>Do\u011frulardan korkan, d\u00fc\u015f\u00fcnmeyi sevmeyen, her konudan anlayan, ak\u0131ll\u0131 oldu\u011funa inanan, gemisini kurtarma kurnaz\u0131, saplant\u0131lar\u0131yla ve \u00f6nyarg\u0131lar\u0131yla mutlu olan, k\u00fclt\u00fcr d\u00fczeyi s\u0131f\u0131r\u0131n alt\u0131nda duran, paradan ba\u015fka de\u011fer tan\u0131mayan, g\u00fcndelik ya\u015fayan insanlar\u0131n \u00e7o\u011funlukta oldu\u011fu bu toplumda kimin cani kimin kurban oldu\u011funu kestirebilmek g\u00fc\u00e7 i\u015f dostlar\u0131m.\u00a0 Bir \u015feyler kay\u0131p gidiyor ama g\u00f6ren kim! Kimilerine g\u00f6re her \u015fey yolundad\u0131r, [&hellip;]<\/p>\n","protected":false},"author":1,"featured_media":0,"comment_status":"open","ping_status":"open","sticky":false,"template":"","format":"standard","meta":{"footnotes":""},"categories":[79],"tags":[],"class_list":{"0":"post-3666","1":"post","2":"type-post","3":"status-publish","4":"format-standard","6":"category-afsar-timucin"},"yoast_head":"<!-- This site is optimized with the Yoast SEO Premium plugin v24.9 (Yoast SEO v24.9) - https:\/\/yoast.com\/wordpress\/plugins\/seo\/ -->\n<title>Af\u015far Timu\u00e7in; Kim Kimin Kurban\u0131? - narteks.net<\/title>\n<meta name=\"robots\" content=\"index, follow, max-snippet:-1, max-image-preview:large, max-video-preview:-1\" \/>\n<link rel=\"canonical\" href=\"https:\/\/narteks.net\/index.php\/2010\/01\/04\/afsar-timucin-kim-kimin-kurbani\/\" \/>\n<meta property=\"og:locale\" content=\"tr_TR\" \/>\n<meta property=\"og:type\" content=\"article\" \/>\n<meta property=\"og:title\" content=\"Af\u015far Timu\u00e7in; Kim Kimin Kurban\u0131?\" \/>\n<meta property=\"og:description\" content=\"Do\u011frulardan korkan, d\u00fc\u015f\u00fcnmeyi sevmeyen, her konudan anlayan, ak\u0131ll\u0131 oldu\u011funa inanan, gemisini kurtarma kurnaz\u0131, saplant\u0131lar\u0131yla ve \u00f6nyarg\u0131lar\u0131yla mutlu olan, k\u00fclt\u00fcr d\u00fczeyi s\u0131f\u0131r\u0131n alt\u0131nda duran, paradan ba\u015fka de\u011fer tan\u0131mayan, g\u00fcndelik ya\u015fayan insanlar\u0131n \u00e7o\u011funlukta oldu\u011fu bu toplumda kimin cani kimin kurban oldu\u011funu kestirebilmek g\u00fc\u00e7 i\u015f dostlar\u0131m.\u00a0 Bir \u015feyler kay\u0131p gidiyor ama g\u00f6ren kim! Kimilerine g\u00f6re her \u015fey yolundad\u0131r, [&hellip;]\" \/>\n<meta property=\"og:url\" content=\"https:\/\/narteks.net\/index.php\/2010\/01\/04\/afsar-timucin-kim-kimin-kurbani\/\" \/>\n<meta property=\"og:site_name\" content=\"narteks.net\" \/>\n<meta property=\"article:published_time\" content=\"2010-01-04T19:08:23+00:00\" \/>\n<meta property=\"og:image\" content=\"http:\/\/www.toplumdusmani.net\/v2\/images\/stories\/users\/atimucin.jpg\" \/>\n<meta name=\"author\" content=\"Tar\u0131k\" \/>\n<meta name=\"twitter:card\" content=\"summary_large_image\" \/>\n<meta name=\"twitter:creator\" content=\"@narteks\" \/>\n<meta name=\"twitter:site\" content=\"@narteks\" \/>\n<meta name=\"twitter:label1\" content=\"Yazan:\" \/>\n\t<meta name=\"twitter:data1\" content=\"Tar\u0131k\" \/>\n\t<meta name=\"twitter:label2\" content=\"Tahmini okuma s\u00fcresi\" \/>\n\t<meta name=\"twitter:data2\" content=\"4 dakika\" \/>\n<script type=\"application\/ld+json\" class=\"yoast-schema-graph\">{\"@context\":\"https:\/\/schema.org\",\"@graph\":[{\"@type\":\"Article\",\"@id\":\"https:\/\/narteks.net\/index.php\/2010\/01\/04\/afsar-timucin-kim-kimin-kurbani\/#article\",\"isPartOf\":{\"@id\":\"https:\/\/narteks.net\/index.php\/2010\/01\/04\/afsar-timucin-kim-kimin-kurbani\/\"},\"author\":{\"name\":\"Tar\u0131k\",\"@id\":\"https:\/\/narteks.net\/#\/schema\/person\/61f37d9834294b72d31d274e7ed79bca\"},\"headline\":\"Af\u015far Timu\u00e7in; Kim Kimin Kurban\u0131?\",\"datePublished\":\"2010-01-04T19:08:23+00:00\",\"mainEntityOfPage\":{\"@id\":\"https:\/\/narteks.net\/index.php\/2010\/01\/04\/afsar-timucin-kim-kimin-kurbani\/\"},\"wordCount\":867,\"commentCount\":0,\"publisher\":{\"@id\":\"https:\/\/narteks.net\/#organization\"},\"image\":{\"@id\":\"https:\/\/narteks.net\/index.php\/2010\/01\/04\/afsar-timucin-kim-kimin-kurbani\/#primaryimage\"},\"thumbnailUrl\":\"http:\/\/www.toplumdusmani.net\/v2\/images\/stories\/users\/atimucin.jpg\",\"articleSection\":[\"Af\u015far T\u0130MU\u00c7\u0130N\"],\"inLanguage\":\"tr\",\"potentialAction\":[{\"@type\":\"CommentAction\",\"name\":\"Comment\",\"target\":[\"https:\/\/narteks.net\/index.php\/2010\/01\/04\/afsar-timucin-kim-kimin-kurbani\/#respond\"]}]},{\"@type\":\"WebPage\",\"@id\":\"https:\/\/narteks.net\/index.php\/2010\/01\/04\/afsar-timucin-kim-kimin-kurbani\/\",\"url\":\"https:\/\/narteks.net\/index.php\/2010\/01\/04\/afsar-timucin-kim-kimin-kurbani\/\",\"name\":\"Af\u015far Timu\u00e7in; Kim Kimin Kurban\u0131? - narteks.net\",\"isPartOf\":{\"@id\":\"https:\/\/narteks.net\/#website\"},\"primaryImageOfPage\":{\"@id\":\"https:\/\/narteks.net\/index.php\/2010\/01\/04\/afsar-timucin-kim-kimin-kurbani\/#primaryimage\"},\"image\":{\"@id\":\"https:\/\/narteks.net\/index.php\/2010\/01\/04\/afsar-timucin-kim-kimin-kurbani\/#primaryimage\"},\"thumbnailUrl\":\"http:\/\/www.toplumdusmani.net\/v2\/images\/stories\/users\/atimucin.jpg\",\"datePublished\":\"2010-01-04T19:08:23+00:00\",\"breadcrumb\":{\"@id\":\"https:\/\/narteks.net\/index.php\/2010\/01\/04\/afsar-timucin-kim-kimin-kurbani\/#breadcrumb\"},\"inLanguage\":\"tr\",\"potentialAction\":[{\"@type\":\"ReadAction\",\"target\":[\"https:\/\/narteks.net\/index.php\/2010\/01\/04\/afsar-timucin-kim-kimin-kurbani\/\"]}]},{\"@type\":\"ImageObject\",\"inLanguage\":\"tr\",\"@id\":\"https:\/\/narteks.net\/index.php\/2010\/01\/04\/afsar-timucin-kim-kimin-kurbani\/#primaryimage\",\"url\":\"http:\/\/www.toplumdusmani.net\/v2\/images\/stories\/users\/atimucin.jpg\",\"contentUrl\":\"http:\/\/www.toplumdusmani.net\/v2\/images\/stories\/users\/atimucin.jpg\"},{\"@type\":\"BreadcrumbList\",\"@id\":\"https:\/\/narteks.net\/index.php\/2010\/01\/04\/afsar-timucin-kim-kimin-kurbani\/#breadcrumb\",\"itemListElement\":[{\"@type\":\"ListItem\",\"position\":1,\"name\":\"Anasayfa\",\"item\":\"https:\/\/narteks.net\/\"},{\"@type\":\"ListItem\",\"position\":2,\"name\":\"Af\u015far Timu\u00e7in; Kim Kimin Kurban\u0131?\"}]},{\"@type\":\"WebSite\",\"@id\":\"https:\/\/narteks.net\/#website\",\"url\":\"https:\/\/narteks.net\/\",\"name\":\"narteks.net\",\"description\":\"K\u00fclt\u00fcr Sanat Edebiyat Felsefe\",\"publisher\":{\"@id\":\"https:\/\/narteks.net\/#organization\"},\"alternateName\":\"K\u00fclt\u00fcr Sanat Edebiyat Felsefe\",\"potentialAction\":[{\"@type\":\"SearchAction\",\"target\":{\"@type\":\"EntryPoint\",\"urlTemplate\":\"https:\/\/narteks.net\/?s={search_term_string}\"},\"query-input\":{\"@type\":\"PropertyValueSpecification\",\"valueRequired\":true,\"valueName\":\"search_term_string\"}}],\"inLanguage\":\"tr\"},{\"@type\":\"Organization\",\"@id\":\"https:\/\/narteks.net\/#organization\",\"name\":\"narteks.net\",\"url\":\"https:\/\/narteks.net\/\",\"logo\":{\"@type\":\"ImageObject\",\"inLanguage\":\"tr\",\"@id\":\"https:\/\/narteks.net\/#\/schema\/logo\/image\/\",\"url\":\"https:\/\/narteks.net\/wp-content\/uploads\/narteks.png\",\"contentUrl\":\"https:\/\/narteks.net\/wp-content\/uploads\/narteks.png\",\"width\":300,\"height\":90,\"caption\":\"narteks.net\"},\"image\":{\"@id\":\"https:\/\/narteks.net\/#\/schema\/logo\/image\/\"},\"sameAs\":[\"https:\/\/x.com\/narteks\",\"https:\/\/instagram.com\/narteksnet\"]},{\"@type\":\"Person\",\"@id\":\"https:\/\/narteks.net\/#\/schema\/person\/61f37d9834294b72d31d274e7ed79bca\",\"name\":\"Tar\u0131k\",\"image\":{\"@type\":\"ImageObject\",\"inLanguage\":\"tr\",\"@id\":\"https:\/\/narteks.net\/#\/schema\/person\/image\/\",\"url\":\"https:\/\/secure.gravatar.com\/avatar\/50865afb55632c4ae467e0af0930f6510aa2297d8014be502a55b14f3b7550cf?s=96&d=mm&r=g\",\"contentUrl\":\"https:\/\/secure.gravatar.com\/avatar\/50865afb55632c4ae467e0af0930f6510aa2297d8014be502a55b14f3b7550cf?s=96&d=mm&r=g\",\"caption\":\"Tar\u0131k\"},\"sameAs\":[\"http:\/\/narteks.net\"],\"url\":\"https:\/\/narteks.net\/index.php\/author\/narbak\/\"}]}<\/script>\n<!-- \/ Yoast SEO Premium plugin. -->","yoast_head_json":{"title":"Af\u015far Timu\u00e7in; Kim Kimin Kurban\u0131? - narteks.net","robots":{"index":"index","follow":"follow","max-snippet":"max-snippet:-1","max-image-preview":"max-image-preview:large","max-video-preview":"max-video-preview:-1"},"canonical":"https:\/\/narteks.net\/index.php\/2010\/01\/04\/afsar-timucin-kim-kimin-kurbani\/","og_locale":"tr_TR","og_type":"article","og_title":"Af\u015far Timu\u00e7in; Kim Kimin Kurban\u0131?","og_description":"Do\u011frulardan korkan, d\u00fc\u015f\u00fcnmeyi sevmeyen, her konudan anlayan, ak\u0131ll\u0131 oldu\u011funa inanan, gemisini kurtarma kurnaz\u0131, saplant\u0131lar\u0131yla ve \u00f6nyarg\u0131lar\u0131yla mutlu olan, k\u00fclt\u00fcr d\u00fczeyi s\u0131f\u0131r\u0131n alt\u0131nda duran, paradan ba\u015fka de\u011fer tan\u0131mayan, g\u00fcndelik ya\u015fayan insanlar\u0131n \u00e7o\u011funlukta oldu\u011fu bu toplumda kimin cani kimin kurban oldu\u011funu kestirebilmek g\u00fc\u00e7 i\u015f dostlar\u0131m.\u00a0 Bir \u015feyler kay\u0131p gidiyor ama g\u00f6ren kim! Kimilerine g\u00f6re her \u015fey yolundad\u0131r, [&hellip;]","og_url":"https:\/\/narteks.net\/index.php\/2010\/01\/04\/afsar-timucin-kim-kimin-kurbani\/","og_site_name":"narteks.net","article_published_time":"2010-01-04T19:08:23+00:00","og_image":[{"url":"http:\/\/www.toplumdusmani.net\/v2\/images\/stories\/users\/atimucin.jpg","type":"","width":"","height":""}],"author":"Tar\u0131k","twitter_card":"summary_large_image","twitter_creator":"@narteks","twitter_site":"@narteks","twitter_misc":{"Yazan:":"Tar\u0131k","Tahmini okuma s\u00fcresi":"4 dakika"},"schema":{"@context":"https:\/\/schema.org","@graph":[{"@type":"Article","@id":"https:\/\/narteks.net\/index.php\/2010\/01\/04\/afsar-timucin-kim-kimin-kurbani\/#article","isPartOf":{"@id":"https:\/\/narteks.net\/index.php\/2010\/01\/04\/afsar-timucin-kim-kimin-kurbani\/"},"author":{"name":"Tar\u0131k","@id":"https:\/\/narteks.net\/#\/schema\/person\/61f37d9834294b72d31d274e7ed79bca"},"headline":"Af\u015far Timu\u00e7in; Kim Kimin Kurban\u0131?","datePublished":"2010-01-04T19:08:23+00:00","mainEntityOfPage":{"@id":"https:\/\/narteks.net\/index.php\/2010\/01\/04\/afsar-timucin-kim-kimin-kurbani\/"},"wordCount":867,"commentCount":0,"publisher":{"@id":"https:\/\/narteks.net\/#organization"},"image":{"@id":"https:\/\/narteks.net\/index.php\/2010\/01\/04\/afsar-timucin-kim-kimin-kurbani\/#primaryimage"},"thumbnailUrl":"http:\/\/www.toplumdusmani.net\/v2\/images\/stories\/users\/atimucin.jpg","articleSection":["Af\u015far T\u0130MU\u00c7\u0130N"],"inLanguage":"tr","potentialAction":[{"@type":"CommentAction","name":"Comment","target":["https:\/\/narteks.net\/index.php\/2010\/01\/04\/afsar-timucin-kim-kimin-kurbani\/#respond"]}]},{"@type":"WebPage","@id":"https:\/\/narteks.net\/index.php\/2010\/01\/04\/afsar-timucin-kim-kimin-kurbani\/","url":"https:\/\/narteks.net\/index.php\/2010\/01\/04\/afsar-timucin-kim-kimin-kurbani\/","name":"Af\u015far Timu\u00e7in; Kim Kimin Kurban\u0131? - narteks.net","isPartOf":{"@id":"https:\/\/narteks.net\/#website"},"primaryImageOfPage":{"@id":"https:\/\/narteks.net\/index.php\/2010\/01\/04\/afsar-timucin-kim-kimin-kurbani\/#primaryimage"},"image":{"@id":"https:\/\/narteks.net\/index.php\/2010\/01\/04\/afsar-timucin-kim-kimin-kurbani\/#primaryimage"},"thumbnailUrl":"http:\/\/www.toplumdusmani.net\/v2\/images\/stories\/users\/atimucin.jpg","datePublished":"2010-01-04T19:08:23+00:00","breadcrumb":{"@id":"https:\/\/narteks.net\/index.php\/2010\/01\/04\/afsar-timucin-kim-kimin-kurbani\/#breadcrumb"},"inLanguage":"tr","potentialAction":[{"@type":"ReadAction","target":["https:\/\/narteks.net\/index.php\/2010\/01\/04\/afsar-timucin-kim-kimin-kurbani\/"]}]},{"@type":"ImageObject","inLanguage":"tr","@id":"https:\/\/narteks.net\/index.php\/2010\/01\/04\/afsar-timucin-kim-kimin-kurbani\/#primaryimage","url":"http:\/\/www.toplumdusmani.net\/v2\/images\/stories\/users\/atimucin.jpg","contentUrl":"http:\/\/www.toplumdusmani.net\/v2\/images\/stories\/users\/atimucin.jpg"},{"@type":"BreadcrumbList","@id":"https:\/\/narteks.net\/index.php\/2010\/01\/04\/afsar-timucin-kim-kimin-kurbani\/#breadcrumb","itemListElement":[{"@type":"ListItem","position":1,"name":"Anasayfa","item":"https:\/\/narteks.net\/"},{"@type":"ListItem","position":2,"name":"Af\u015far Timu\u00e7in; Kim Kimin Kurban\u0131?"}]},{"@type":"WebSite","@id":"https:\/\/narteks.net\/#website","url":"https:\/\/narteks.net\/","name":"narteks.net","description":"K\u00fclt\u00fcr Sanat Edebiyat Felsefe","publisher":{"@id":"https:\/\/narteks.net\/#organization"},"alternateName":"K\u00fclt\u00fcr Sanat Edebiyat Felsefe","potentialAction":[{"@type":"SearchAction","target":{"@type":"EntryPoint","urlTemplate":"https:\/\/narteks.net\/?s={search_term_string}"},"query-input":{"@type":"PropertyValueSpecification","valueRequired":true,"valueName":"search_term_string"}}],"inLanguage":"tr"},{"@type":"Organization","@id":"https:\/\/narteks.net\/#organization","name":"narteks.net","url":"https:\/\/narteks.net\/","logo":{"@type":"ImageObject","inLanguage":"tr","@id":"https:\/\/narteks.net\/#\/schema\/logo\/image\/","url":"https:\/\/narteks.net\/wp-content\/uploads\/narteks.png","contentUrl":"https:\/\/narteks.net\/wp-content\/uploads\/narteks.png","width":300,"height":90,"caption":"narteks.net"},"image":{"@id":"https:\/\/narteks.net\/#\/schema\/logo\/image\/"},"sameAs":["https:\/\/x.com\/narteks","https:\/\/instagram.com\/narteksnet"]},{"@type":"Person","@id":"https:\/\/narteks.net\/#\/schema\/person\/61f37d9834294b72d31d274e7ed79bca","name":"Tar\u0131k","image":{"@type":"ImageObject","inLanguage":"tr","@id":"https:\/\/narteks.net\/#\/schema\/person\/image\/","url":"https:\/\/secure.gravatar.com\/avatar\/50865afb55632c4ae467e0af0930f6510aa2297d8014be502a55b14f3b7550cf?s=96&d=mm&r=g","contentUrl":"https:\/\/secure.gravatar.com\/avatar\/50865afb55632c4ae467e0af0930f6510aa2297d8014be502a55b14f3b7550cf?s=96&d=mm&r=g","caption":"Tar\u0131k"},"sameAs":["http:\/\/narteks.net"],"url":"https:\/\/narteks.net\/index.php\/author\/narbak\/"}]}},"_links":{"self":[{"href":"https:\/\/narteks.net\/index.php\/wp-json\/wp\/v2\/posts\/3666","targetHints":{"allow":["GET"]}}],"collection":[{"href":"https:\/\/narteks.net\/index.php\/wp-json\/wp\/v2\/posts"}],"about":[{"href":"https:\/\/narteks.net\/index.php\/wp-json\/wp\/v2\/types\/post"}],"author":[{"embeddable":true,"href":"https:\/\/narteks.net\/index.php\/wp-json\/wp\/v2\/users\/1"}],"replies":[{"embeddable":true,"href":"https:\/\/narteks.net\/index.php\/wp-json\/wp\/v2\/comments?post=3666"}],"version-history":[{"count":0,"href":"https:\/\/narteks.net\/index.php\/wp-json\/wp\/v2\/posts\/3666\/revisions"}],"wp:attachment":[{"href":"https:\/\/narteks.net\/index.php\/wp-json\/wp\/v2\/media?parent=3666"}],"wp:term":[{"taxonomy":"category","embeddable":true,"href":"https:\/\/narteks.net\/index.php\/wp-json\/wp\/v2\/categories?post=3666"},{"taxonomy":"post_tag","embeddable":true,"href":"https:\/\/narteks.net\/index.php\/wp-json\/wp\/v2\/tags?post=3666"}],"curies":[{"name":"wp","href":"https:\/\/api.w.org\/{rel}","templated":true}]}}