{"id":3668,"date":"2010-01-04T22:18:32","date_gmt":"2010-01-04T19:18:32","guid":{"rendered":"http:\/\/localhost\/wordpress\/2010\/01\/04\/afsar-timucin-ceneler-dustu\/"},"modified":"2010-01-04T22:18:32","modified_gmt":"2010-01-04T19:18:32","slug":"afsar-timucin-ceneler-dustu","status":"publish","type":"post","link":"https:\/\/narteks.net\/index.php\/2010\/01\/04\/afsar-timucin-ceneler-dustu\/","title":{"rendered":"Af\u015far Timu\u00e7in;  \u00c7eneler D\u00fc\u015ft\u00fc"},"content":{"rendered":"<p><img loading=\"lazy\" decoding=\"async\" style=\"float: left;\" src=\"http:\/\/t1.gstatic.com\/images?q=tbn:40DNeU49YKUBoM:http:\/\/3.bp.blogspot.com\/_-KrcV2IhOYM\/R5K0g6rLCJI\/AAAAAAAAAG4\/oxb1MfLFUdw\/S1600-R\/ChickenTalk3.jpg\" width=\"155\" height=\"203\" border=\"0\" \/><\/p>\n<p style=\"text-align: justify;\">BAZI ki\u015fileri s\u0131rf d\u00fc\u015f\u00fck \u00e7eneli olduklar\u0131 i\u00e7in uza\u011f\u0131mda tutmu\u015fumdur. Bunu bencilli\u011fim say\u0131n isterseniz. Dinlememeyi pek g\u00fczel becersem de d\u00fc\u015f\u00fck \u00e7eneliyle ba\u015f edemem. Bakar\u0131m adam kafam\u0131 s\u0131k\u0131lm\u0131\u015f limona d\u00f6nd\u00fcrm\u00fc\u015f, kar\u015f\u0131mda d\u00f6rt saattir konu\u015fuyor. Ya bir de dediklerini can kula\u011f\u0131yla dinleseydim? Eskiden baz\u0131 inceliklere \u00f6nem verirdim. \u00d6rne\u011fin evime gelmi\u015f biri densiz de olsa el \u00fcst\u00fcnde tutulmas\u0131 gereken biriydi. \u015eimdi eskisi kadar sab\u0131rl\u0131 de\u011filim. Kendini bilmez birilerine \u201cArkada\u015f, sen yava\u015f yava\u015f toplan git bakal\u0131m, benim i\u015fim var!\u201d dedi\u011fim olmu\u015ftur \u015fu son y\u0131llarda.\u00a0 Babam\u0131n ve annemin asla yapmad\u0131\u011f\u0131, d\u00fcnya y\u0131k\u0131lsa yapamayaca\u011f\u0131 \u015fey!<\/p>\n<p>Toplum kabala\u015ft\u0131k\u00e7a sizi de bir \u00f6l\u00e7\u00fcde kaba davranmaya itiliyorsunuz. Ben g\u00fcn boyu \u00e7ok az konu\u015furum. Kimi g\u00f6r\u00fcyorum ki kiminle konu\u015fay\u0131m. Bazen b\u00fct\u00fcn g\u00fcn yirmi otuz s\u00f6zc\u00fckle yetindi\u011fim olur. Ali odas\u0131nda ben salonda bir \u00e7al\u0131\u015fmaya koyulduk mu ak\u015fam\u0131 buluveririz. Sabah kahvalt\u0131s\u0131nda ve ak\u015fam yeme\u011finde ne s\u00f6ylediysek birbirimize hepsi o. \u00d6\u011fretmenlik yaparken \u00e7ok konu\u015ftu\u011fum olurdu ama gevezelik i\u00e7in de\u011fil: gen\u00e7 insanlar biraz bir \u015fey \u00f6\u011frensinler diye. Dersten \u00e7\u0131kt\u0131m m\u0131 gene suspus olurdum. O s\u0131ra yan\u0131ma gelen bir densizin bo\u015f bo\u015f konu\u015fmaya haz\u0131rland\u0131\u011f\u0131n\u0131 g\u00f6r\u00fcrsem onu oradan uzakla\u015ft\u0131rman\u0131n bir yolunu buluverirdim.<\/p>\n<p style=\"text-align: justify;\">Kafas\u0131 bo\u015f insanlar \u00e7ok konu\u015furlar. \u00c7ok \u00e7abuk bilgi \u00fcrettikleri i\u00e7in ya da \u00e7ok \u00e7abuk bilgi \u00fcrettiklerini sand\u0131klar\u0131 i\u00e7in bir f\u0131rsat \u00e7\u0131kt\u0131 m\u0131 ya da birini tenhada s\u0131k\u0131\u015ft\u0131rd\u0131lar m\u0131 ba\u015flarlar at\u0131p tutmaya. S\u00f6yleyecek s\u00f6z\u00fcn\u00fcz yoksa ya \u015fakac\u0131l\u0131k ad\u0131na sululuk edeceksiniz ya da o zahmete bile katlanmadan dedikodu yapacaks\u0131n\u0131z. Dedikodu tutkusunun anahtar deli\u011fi merak\u0131na kadar indirgendi\u011fi bir toplumda konu\u015fmak i\u00e7in konu mu bulunmaz! Gazetelerimiz bile ya bismillah daha ilk sayfalar\u0131nda, karga erzak teminine \u00e7\u0131kmadan dedikoduyla ba\u015fl\u0131yorlar. Falanca oyuncu Bodrum\u2019da eski sevgilisini g\u00f6r\u00fcnce ne yapm\u0131\u015f? \u0130ki y\u0131ll\u0131k \u201cili\u015fki\u201dsini bitiren \u201c\u00e7ok yetenekli\u201d at suratl\u0131 g\u00fczel kad\u0131n ka\u00e7 kilo zay\u0131flam\u0131\u015f ve \u201ca\u015fk\u201d\u0131n\u0131 unutmak i\u00e7in d\u00fczenledi\u011fi partiye kimleri \u00e7a\u011f\u0131racakm\u0131\u015f? Falanca g\u00fczele \u201cuzatmal\u0131\u201d sevgilisi neden herkesin i\u00e7inde yaradana s\u0131\u011f\u0131n\u0131p okkal\u0131 bir tokat \u00e7akm\u0131\u015f? D\u00fcnyan\u0131n her yerinde gazetelerin ikinci sayfalar\u0131 de\u011ferlidir: orada ciddi yorumlar, uzman g\u00f6r\u00fc\u015fleri, \u00f6nemli konular \u00fczerine geni\u015f \u00e7er\u00e7eveli bilgiler yer al\u0131r. Bizde \u00f6yle olmuyor. Bak\u0131yorsunuz, bir \u201cbayan\u201d yazar kocaman bir makale yazm\u0131\u015f: belden a\u015fa\u011f\u0131yla ilgili \u00e7ok esprili ve \u00e7ok derinlikli imalarda bulunuyor. Sabah\u0131n k\u00f6r\u00fcnde mideniz bulanmaz m\u0131? R\u00fcyanda m\u0131 g\u00f6rd\u00fcn be bayan? (\u201dKad\u0131n\u201dl\u0131\u011f\u0131 bir t\u00fcrl\u00fc kendilerine yak\u0131\u015ft\u0131ram\u0131yorlar, ben de a\u011fz\u0131m\u0131 art\u0131k \u201cbayan\u201da al\u0131\u015ft\u0131r\u0131yorum, \u201c\u015farz\u201da al\u0131\u015ft\u0131rd\u0131\u011f\u0131m gibi.) Her sayfada ayaklar\u0131n\u0131 burnunuza uzatm\u0131\u015f \u00e7ok g\u00fczel ve \u00e7ok anlams\u0131z bir ya da birka\u00e7 bayanla kar\u015f\u0131la\u015fabilirsiniz. \u0130nsanlar\u0131n bilin\u00e7 d\u00fczeyi h\u0131zla d\u00fc\u015ferken gazeteler zorla da olsa d\u00fczeylerini korusalar k\u00f6t\u00fc m\u00fc olur?<\/p>\n<p style=\"text-align: justify;\">Gevezelikten do\u011fru d\u00fc\u015f\u00fcnmeye vakit kal\u0131yor mu? Gevezelik ger\u00e7ek bilin\u00e7 etkinliklerini kal\u0131n bir toz tabakas\u0131yla \u00f6rt\u00fcyor. A\u011fz\u0131ndan bal ak\u0131t\u0131yor dedi\u011fimiz insanlar\u0131n ger\u00e7ekte bir yerden bir \u015fey ak\u0131tt\u0131\u011f\u0131 yok. Sonra, can\u0131m benim, bir de bak\u0131yorsunuz bizim geveze dostumuz dilin bozulmakta oldu\u011fundan yak\u0131nmaya ba\u015flam\u0131\u015f. Dil nedir diye sorsan\u0131z s\u00f6yleyecek tek s\u00f6z\u00fc yok. Bu ko\u015fullarda \u00e7ok garip \u015feyler oluyor ve elbet bilin\u00e7 bozulunca dil de bozuluyor. Felsefenin as\u0131l sahipleri bir zaman \u00f6nce \u201c\u00f6teki\u201d diye bir terim kullanmaya ba\u015flad\u0131lar. Bunu \u00e7ok \u00f6nce kullanmal\u0131yd\u0131lar ama \u00f6yle de\u011fil. Bunlar derin felsefe bilgisinin de\u011fil gevezeliklerin ard\u0131ndan yalan yanl\u0131\u015f bilgi \u00fcretmenin utan\u0131las\u0131 sonucudur. \u201c\u00d6teki\u201dyi ne i\u00e7in kullan\u0131yorlar? Latincedeki \u201calter\u201d yerine, frans\u0131zcadaki \u201cautrui\u201d yerine kullan\u0131yorlar. Dilimizi ba\u015fka dillere benzeterek geli\u015ftirecek de\u011filiz ama dilin mant\u0131\u011f\u0131 diye bir \u015fey vard\u0131r. \u201cAlter\u201d ya da \u201cautrui\u201d d\u00fcped\u00fcz \u201cba\u015fkas\u0131\u201d demektir, yani ben olmayan \u00f6zne demektir. \u201c\u00d6teki\u201dden neyi anlars\u0131n\u0131z? Ben olmayan bir ba\u015fka \u00f6zneyi de\u011fil ben\u2019in d\u0131\u015f\u0131nda bulunan birden \u00e7ok nesneyi anlars\u0131n\u0131z. Diyelim sizin d\u0131\u015f\u0131n\u0131zda yani \u00f6znenin d\u0131\u015f\u0131nda iki nesneden birini anlars\u0131n\u0131z. D\u00fckkana girdi\u011finizde ayakkab\u0131c\u0131 sorar: \u201cVitrinde be\u011fendi\u011finiz ayakkab\u0131 bu mu?\u201d Yan\u0131tlars\u0131n\u0131z: \u201cHay\u0131r, \u00f6teki, \u015fu ba\u011fc\u0131kl\u0131 olan\u0131!\u201d<\/p>\n<p style=\"text-align: justify;\">\u015eairin dile\u011fi y\u0131llar sonra kar\u015f\u0131l\u0131\u011f\u0131n\u0131 buldu dostlar\u0131m. Ne diyordu: \u201cD\u00fc\u015f\u00fcnmemek d\u00fc\u015f\u00fcnmekten iyidir \/ D\u00fc\u015f\u00fcnmeden ya\u015fayal\u0131m Mara \/ G\u00fcn\u00fc ve saatleri ne yapacaks\u0131n\u2026\u201d\u00a0 Eskiden \u00e7ok konu\u015fmak ay\u0131pt\u0131, s\u00f6z\u00fc biraz uzatt\u0131k m\u0131 annelerimiz ka\u015flar\u0131n\u0131 kald\u0131r\u0131verirlerdi. \u015eimdi \u00e7ocuklar \u00f6zg\u00fcr yeti\u015fiyorlar. Oh, sefam olsun! Eskiden siyaset adamlar\u0131, biri d\u0131\u015f\u0131nda, az konu\u015fmaya \u00f6zen g\u00f6sterirlerdi. \u015eimdi uzat mikrofonu, eni\u015ftem ya da ablam seni saatlerce bir g\u00fczel t\u0131ra\u015flas\u0131n. Profes\u00f6rse daha iyi ya! Se\u00e7kinlerin say\u0131lar\u0131 g\u00fcn ge\u00e7tik\u00e7e art\u0131yor. Nicelik artt\u0131k\u00e7a nitelik d\u00fc\u015f\u00fcyor mu? Bilmem, bana \u00f6yle geliyor.<\/p>\n","protected":false},"excerpt":{"rendered":"<p>BAZI ki\u015fileri s\u0131rf d\u00fc\u015f\u00fck \u00e7eneli olduklar\u0131 i\u00e7in uza\u011f\u0131mda tutmu\u015fumdur. Bunu bencilli\u011fim say\u0131n isterseniz. Dinlememeyi pek g\u00fczel becersem de d\u00fc\u015f\u00fck \u00e7eneliyle ba\u015f edemem. Bakar\u0131m adam kafam\u0131 s\u0131k\u0131lm\u0131\u015f limona d\u00f6nd\u00fcrm\u00fc\u015f, kar\u015f\u0131mda d\u00f6rt saattir konu\u015fuyor. Ya bir de dediklerini can kula\u011f\u0131yla dinleseydim? Eskiden baz\u0131 inceliklere \u00f6nem verirdim. \u00d6rne\u011fin evime gelmi\u015f biri densiz de olsa el \u00fcst\u00fcnde tutulmas\u0131 gereken [&hellip;]<\/p>\n","protected":false},"author":1,"featured_media":0,"comment_status":"open","ping_status":"open","sticky":false,"template":"","format":"standard","meta":{"footnotes":""},"categories":[79],"tags":[],"class_list":{"0":"post-3668","1":"post","2":"type-post","3":"status-publish","4":"format-standard","6":"category-afsar-timucin"},"yoast_head":"<!-- This site is optimized with the Yoast SEO Premium plugin v24.9 (Yoast SEO v24.9) - https:\/\/yoast.com\/wordpress\/plugins\/seo\/ -->\n<title>Af\u015far Timu\u00e7in; \u00c7eneler D\u00fc\u015ft\u00fc - narteks.net<\/title>\n<meta name=\"robots\" content=\"index, follow, max-snippet:-1, max-image-preview:large, max-video-preview:-1\" \/>\n<link rel=\"canonical\" href=\"https:\/\/narteks.net\/index.php\/2010\/01\/04\/afsar-timucin-ceneler-dustu\/\" \/>\n<meta property=\"og:locale\" content=\"tr_TR\" \/>\n<meta property=\"og:type\" content=\"article\" \/>\n<meta property=\"og:title\" content=\"Af\u015far Timu\u00e7in; \u00c7eneler D\u00fc\u015ft\u00fc\" \/>\n<meta property=\"og:description\" content=\"BAZI ki\u015fileri s\u0131rf d\u00fc\u015f\u00fck \u00e7eneli olduklar\u0131 i\u00e7in uza\u011f\u0131mda tutmu\u015fumdur. Bunu bencilli\u011fim say\u0131n isterseniz. Dinlememeyi pek g\u00fczel becersem de d\u00fc\u015f\u00fck \u00e7eneliyle ba\u015f edemem. Bakar\u0131m adam kafam\u0131 s\u0131k\u0131lm\u0131\u015f limona d\u00f6nd\u00fcrm\u00fc\u015f, kar\u015f\u0131mda d\u00f6rt saattir konu\u015fuyor. Ya bir de dediklerini can kula\u011f\u0131yla dinleseydim? Eskiden baz\u0131 inceliklere \u00f6nem verirdim. \u00d6rne\u011fin evime gelmi\u015f biri densiz de olsa el \u00fcst\u00fcnde tutulmas\u0131 gereken [&hellip;]\" \/>\n<meta property=\"og:url\" content=\"https:\/\/narteks.net\/index.php\/2010\/01\/04\/afsar-timucin-ceneler-dustu\/\" \/>\n<meta property=\"og:site_name\" content=\"narteks.net\" \/>\n<meta property=\"article:published_time\" content=\"2010-01-04T19:18:32+00:00\" \/>\n<meta property=\"og:image\" content=\"http:\/\/t1.gstatic.com\/images?q=tbn:40DNeU49YKUBoM:http:\/\/3.bp.blogspot.com\/_-KrcV2IhOYM\/R5K0g6rLCJI\/AAAAAAAAAG4\/oxb1MfLFUdw\/S1600-R\/ChickenTalk3.jpg\" \/>\n<meta name=\"author\" content=\"Tar\u0131k\" \/>\n<meta name=\"twitter:card\" content=\"summary_large_image\" \/>\n<meta name=\"twitter:creator\" content=\"@narteks\" \/>\n<meta name=\"twitter:site\" content=\"@narteks\" \/>\n<meta name=\"twitter:label1\" content=\"Yazan:\" \/>\n\t<meta name=\"twitter:data1\" content=\"Tar\u0131k\" \/>\n\t<meta name=\"twitter:label2\" content=\"Tahmini okuma s\u00fcresi\" \/>\n\t<meta name=\"twitter:data2\" content=\"5 dakika\" \/>\n<script type=\"application\/ld+json\" class=\"yoast-schema-graph\">{\"@context\":\"https:\/\/schema.org\",\"@graph\":[{\"@type\":\"Article\",\"@id\":\"https:\/\/narteks.net\/index.php\/2010\/01\/04\/afsar-timucin-ceneler-dustu\/#article\",\"isPartOf\":{\"@id\":\"https:\/\/narteks.net\/index.php\/2010\/01\/04\/afsar-timucin-ceneler-dustu\/\"},\"author\":{\"name\":\"Tar\u0131k\",\"@id\":\"https:\/\/narteks.net\/#\/schema\/person\/61f37d9834294b72d31d274e7ed79bca\"},\"headline\":\"Af\u015far Timu\u00e7in; \u00c7eneler D\u00fc\u015ft\u00fc\",\"datePublished\":\"2010-01-04T19:18:32+00:00\",\"mainEntityOfPage\":{\"@id\":\"https:\/\/narteks.net\/index.php\/2010\/01\/04\/afsar-timucin-ceneler-dustu\/\"},\"wordCount\":914,\"commentCount\":0,\"publisher\":{\"@id\":\"https:\/\/narteks.net\/#organization\"},\"image\":{\"@id\":\"https:\/\/narteks.net\/index.php\/2010\/01\/04\/afsar-timucin-ceneler-dustu\/#primaryimage\"},\"thumbnailUrl\":\"http:\/\/t1.gstatic.com\/images?q=tbn:40DNeU49YKUBoM:http:\/\/3.bp.blogspot.com\/_-KrcV2IhOYM\/R5K0g6rLCJI\/AAAAAAAAAG4\/oxb1MfLFUdw\/S1600-R\/ChickenTalk3.jpg\",\"articleSection\":[\"Af\u015far T\u0130MU\u00c7\u0130N\"],\"inLanguage\":\"tr\",\"potentialAction\":[{\"@type\":\"CommentAction\",\"name\":\"Comment\",\"target\":[\"https:\/\/narteks.net\/index.php\/2010\/01\/04\/afsar-timucin-ceneler-dustu\/#respond\"]}]},{\"@type\":\"WebPage\",\"@id\":\"https:\/\/narteks.net\/index.php\/2010\/01\/04\/afsar-timucin-ceneler-dustu\/\",\"url\":\"https:\/\/narteks.net\/index.php\/2010\/01\/04\/afsar-timucin-ceneler-dustu\/\",\"name\":\"Af\u015far Timu\u00e7in; \u00c7eneler D\u00fc\u015ft\u00fc - narteks.net\",\"isPartOf\":{\"@id\":\"https:\/\/narteks.net\/#website\"},\"primaryImageOfPage\":{\"@id\":\"https:\/\/narteks.net\/index.php\/2010\/01\/04\/afsar-timucin-ceneler-dustu\/#primaryimage\"},\"image\":{\"@id\":\"https:\/\/narteks.net\/index.php\/2010\/01\/04\/afsar-timucin-ceneler-dustu\/#primaryimage\"},\"thumbnailUrl\":\"http:\/\/t1.gstatic.com\/images?q=tbn:40DNeU49YKUBoM:http:\/\/3.bp.blogspot.com\/_-KrcV2IhOYM\/R5K0g6rLCJI\/AAAAAAAAAG4\/oxb1MfLFUdw\/S1600-R\/ChickenTalk3.jpg\",\"datePublished\":\"2010-01-04T19:18:32+00:00\",\"breadcrumb\":{\"@id\":\"https:\/\/narteks.net\/index.php\/2010\/01\/04\/afsar-timucin-ceneler-dustu\/#breadcrumb\"},\"inLanguage\":\"tr\",\"potentialAction\":[{\"@type\":\"ReadAction\",\"target\":[\"https:\/\/narteks.net\/index.php\/2010\/01\/04\/afsar-timucin-ceneler-dustu\/\"]}]},{\"@type\":\"ImageObject\",\"inLanguage\":\"tr\",\"@id\":\"https:\/\/narteks.net\/index.php\/2010\/01\/04\/afsar-timucin-ceneler-dustu\/#primaryimage\",\"url\":\"http:\/\/t1.gstatic.com\/images?q=tbn:40DNeU49YKUBoM:http:\/\/3.bp.blogspot.com\/_-KrcV2IhOYM\/R5K0g6rLCJI\/AAAAAAAAAG4\/oxb1MfLFUdw\/S1600-R\/ChickenTalk3.jpg\",\"contentUrl\":\"http:\/\/t1.gstatic.com\/images?q=tbn:40DNeU49YKUBoM:http:\/\/3.bp.blogspot.com\/_-KrcV2IhOYM\/R5K0g6rLCJI\/AAAAAAAAAG4\/oxb1MfLFUdw\/S1600-R\/ChickenTalk3.jpg\"},{\"@type\":\"BreadcrumbList\",\"@id\":\"https:\/\/narteks.net\/index.php\/2010\/01\/04\/afsar-timucin-ceneler-dustu\/#breadcrumb\",\"itemListElement\":[{\"@type\":\"ListItem\",\"position\":1,\"name\":\"Anasayfa\",\"item\":\"https:\/\/narteks.net\/\"},{\"@type\":\"ListItem\",\"position\":2,\"name\":\"Af\u015far Timu\u00e7in; \u00c7eneler D\u00fc\u015ft\u00fc\"}]},{\"@type\":\"WebSite\",\"@id\":\"https:\/\/narteks.net\/#website\",\"url\":\"https:\/\/narteks.net\/\",\"name\":\"narteks.net\",\"description\":\"K\u00fclt\u00fcr Sanat Edebiyat Felsefe\",\"publisher\":{\"@id\":\"https:\/\/narteks.net\/#organization\"},\"alternateName\":\"K\u00fclt\u00fcr Sanat Edebiyat Felsefe\",\"potentialAction\":[{\"@type\":\"SearchAction\",\"target\":{\"@type\":\"EntryPoint\",\"urlTemplate\":\"https:\/\/narteks.net\/?s={search_term_string}\"},\"query-input\":{\"@type\":\"PropertyValueSpecification\",\"valueRequired\":true,\"valueName\":\"search_term_string\"}}],\"inLanguage\":\"tr\"},{\"@type\":\"Organization\",\"@id\":\"https:\/\/narteks.net\/#organization\",\"name\":\"narteks.net\",\"url\":\"https:\/\/narteks.net\/\",\"logo\":{\"@type\":\"ImageObject\",\"inLanguage\":\"tr\",\"@id\":\"https:\/\/narteks.net\/#\/schema\/logo\/image\/\",\"url\":\"https:\/\/narteks.net\/wp-content\/uploads\/narteks.png\",\"contentUrl\":\"https:\/\/narteks.net\/wp-content\/uploads\/narteks.png\",\"width\":300,\"height\":90,\"caption\":\"narteks.net\"},\"image\":{\"@id\":\"https:\/\/narteks.net\/#\/schema\/logo\/image\/\"},\"sameAs\":[\"https:\/\/x.com\/narteks\",\"https:\/\/instagram.com\/narteksnet\"]},{\"@type\":\"Person\",\"@id\":\"https:\/\/narteks.net\/#\/schema\/person\/61f37d9834294b72d31d274e7ed79bca\",\"name\":\"Tar\u0131k\",\"image\":{\"@type\":\"ImageObject\",\"inLanguage\":\"tr\",\"@id\":\"https:\/\/narteks.net\/#\/schema\/person\/image\/\",\"url\":\"https:\/\/secure.gravatar.com\/avatar\/50865afb55632c4ae467e0af0930f6510aa2297d8014be502a55b14f3b7550cf?s=96&d=mm&r=g\",\"contentUrl\":\"https:\/\/secure.gravatar.com\/avatar\/50865afb55632c4ae467e0af0930f6510aa2297d8014be502a55b14f3b7550cf?s=96&d=mm&r=g\",\"caption\":\"Tar\u0131k\"},\"sameAs\":[\"http:\/\/narteks.net\"],\"url\":\"https:\/\/narteks.net\/index.php\/author\/narbak\/\"}]}<\/script>\n<!-- \/ Yoast SEO Premium plugin. -->","yoast_head_json":{"title":"Af\u015far Timu\u00e7in; \u00c7eneler D\u00fc\u015ft\u00fc - narteks.net","robots":{"index":"index","follow":"follow","max-snippet":"max-snippet:-1","max-image-preview":"max-image-preview:large","max-video-preview":"max-video-preview:-1"},"canonical":"https:\/\/narteks.net\/index.php\/2010\/01\/04\/afsar-timucin-ceneler-dustu\/","og_locale":"tr_TR","og_type":"article","og_title":"Af\u015far Timu\u00e7in; \u00c7eneler D\u00fc\u015ft\u00fc","og_description":"BAZI ki\u015fileri s\u0131rf d\u00fc\u015f\u00fck \u00e7eneli olduklar\u0131 i\u00e7in uza\u011f\u0131mda tutmu\u015fumdur. Bunu bencilli\u011fim say\u0131n isterseniz. Dinlememeyi pek g\u00fczel becersem de d\u00fc\u015f\u00fck \u00e7eneliyle ba\u015f edemem. Bakar\u0131m adam kafam\u0131 s\u0131k\u0131lm\u0131\u015f limona d\u00f6nd\u00fcrm\u00fc\u015f, kar\u015f\u0131mda d\u00f6rt saattir konu\u015fuyor. Ya bir de dediklerini can kula\u011f\u0131yla dinleseydim? Eskiden baz\u0131 inceliklere \u00f6nem verirdim. \u00d6rne\u011fin evime gelmi\u015f biri densiz de olsa el \u00fcst\u00fcnde tutulmas\u0131 gereken [&hellip;]","og_url":"https:\/\/narteks.net\/index.php\/2010\/01\/04\/afsar-timucin-ceneler-dustu\/","og_site_name":"narteks.net","article_published_time":"2010-01-04T19:18:32+00:00","og_image":[{"url":"http:\/\/t1.gstatic.com\/images?q=tbn:40DNeU49YKUBoM:http:\/\/3.bp.blogspot.com\/_-KrcV2IhOYM\/R5K0g6rLCJI\/AAAAAAAAAG4\/oxb1MfLFUdw\/S1600-R\/ChickenTalk3.jpg","type":"","width":"","height":""}],"author":"Tar\u0131k","twitter_card":"summary_large_image","twitter_creator":"@narteks","twitter_site":"@narteks","twitter_misc":{"Yazan:":"Tar\u0131k","Tahmini okuma s\u00fcresi":"5 dakika"},"schema":{"@context":"https:\/\/schema.org","@graph":[{"@type":"Article","@id":"https:\/\/narteks.net\/index.php\/2010\/01\/04\/afsar-timucin-ceneler-dustu\/#article","isPartOf":{"@id":"https:\/\/narteks.net\/index.php\/2010\/01\/04\/afsar-timucin-ceneler-dustu\/"},"author":{"name":"Tar\u0131k","@id":"https:\/\/narteks.net\/#\/schema\/person\/61f37d9834294b72d31d274e7ed79bca"},"headline":"Af\u015far Timu\u00e7in; \u00c7eneler D\u00fc\u015ft\u00fc","datePublished":"2010-01-04T19:18:32+00:00","mainEntityOfPage":{"@id":"https:\/\/narteks.net\/index.php\/2010\/01\/04\/afsar-timucin-ceneler-dustu\/"},"wordCount":914,"commentCount":0,"publisher":{"@id":"https:\/\/narteks.net\/#organization"},"image":{"@id":"https:\/\/narteks.net\/index.php\/2010\/01\/04\/afsar-timucin-ceneler-dustu\/#primaryimage"},"thumbnailUrl":"http:\/\/t1.gstatic.com\/images?q=tbn:40DNeU49YKUBoM:http:\/\/3.bp.blogspot.com\/_-KrcV2IhOYM\/R5K0g6rLCJI\/AAAAAAAAAG4\/oxb1MfLFUdw\/S1600-R\/ChickenTalk3.jpg","articleSection":["Af\u015far T\u0130MU\u00c7\u0130N"],"inLanguage":"tr","potentialAction":[{"@type":"CommentAction","name":"Comment","target":["https:\/\/narteks.net\/index.php\/2010\/01\/04\/afsar-timucin-ceneler-dustu\/#respond"]}]},{"@type":"WebPage","@id":"https:\/\/narteks.net\/index.php\/2010\/01\/04\/afsar-timucin-ceneler-dustu\/","url":"https:\/\/narteks.net\/index.php\/2010\/01\/04\/afsar-timucin-ceneler-dustu\/","name":"Af\u015far Timu\u00e7in; \u00c7eneler D\u00fc\u015ft\u00fc - narteks.net","isPartOf":{"@id":"https:\/\/narteks.net\/#website"},"primaryImageOfPage":{"@id":"https:\/\/narteks.net\/index.php\/2010\/01\/04\/afsar-timucin-ceneler-dustu\/#primaryimage"},"image":{"@id":"https:\/\/narteks.net\/index.php\/2010\/01\/04\/afsar-timucin-ceneler-dustu\/#primaryimage"},"thumbnailUrl":"http:\/\/t1.gstatic.com\/images?q=tbn:40DNeU49YKUBoM:http:\/\/3.bp.blogspot.com\/_-KrcV2IhOYM\/R5K0g6rLCJI\/AAAAAAAAAG4\/oxb1MfLFUdw\/S1600-R\/ChickenTalk3.jpg","datePublished":"2010-01-04T19:18:32+00:00","breadcrumb":{"@id":"https:\/\/narteks.net\/index.php\/2010\/01\/04\/afsar-timucin-ceneler-dustu\/#breadcrumb"},"inLanguage":"tr","potentialAction":[{"@type":"ReadAction","target":["https:\/\/narteks.net\/index.php\/2010\/01\/04\/afsar-timucin-ceneler-dustu\/"]}]},{"@type":"ImageObject","inLanguage":"tr","@id":"https:\/\/narteks.net\/index.php\/2010\/01\/04\/afsar-timucin-ceneler-dustu\/#primaryimage","url":"http:\/\/t1.gstatic.com\/images?q=tbn:40DNeU49YKUBoM:http:\/\/3.bp.blogspot.com\/_-KrcV2IhOYM\/R5K0g6rLCJI\/AAAAAAAAAG4\/oxb1MfLFUdw\/S1600-R\/ChickenTalk3.jpg","contentUrl":"http:\/\/t1.gstatic.com\/images?q=tbn:40DNeU49YKUBoM:http:\/\/3.bp.blogspot.com\/_-KrcV2IhOYM\/R5K0g6rLCJI\/AAAAAAAAAG4\/oxb1MfLFUdw\/S1600-R\/ChickenTalk3.jpg"},{"@type":"BreadcrumbList","@id":"https:\/\/narteks.net\/index.php\/2010\/01\/04\/afsar-timucin-ceneler-dustu\/#breadcrumb","itemListElement":[{"@type":"ListItem","position":1,"name":"Anasayfa","item":"https:\/\/narteks.net\/"},{"@type":"ListItem","position":2,"name":"Af\u015far Timu\u00e7in; \u00c7eneler D\u00fc\u015ft\u00fc"}]},{"@type":"WebSite","@id":"https:\/\/narteks.net\/#website","url":"https:\/\/narteks.net\/","name":"narteks.net","description":"K\u00fclt\u00fcr Sanat Edebiyat Felsefe","publisher":{"@id":"https:\/\/narteks.net\/#organization"},"alternateName":"K\u00fclt\u00fcr Sanat Edebiyat Felsefe","potentialAction":[{"@type":"SearchAction","target":{"@type":"EntryPoint","urlTemplate":"https:\/\/narteks.net\/?s={search_term_string}"},"query-input":{"@type":"PropertyValueSpecification","valueRequired":true,"valueName":"search_term_string"}}],"inLanguage":"tr"},{"@type":"Organization","@id":"https:\/\/narteks.net\/#organization","name":"narteks.net","url":"https:\/\/narteks.net\/","logo":{"@type":"ImageObject","inLanguage":"tr","@id":"https:\/\/narteks.net\/#\/schema\/logo\/image\/","url":"https:\/\/narteks.net\/wp-content\/uploads\/narteks.png","contentUrl":"https:\/\/narteks.net\/wp-content\/uploads\/narteks.png","width":300,"height":90,"caption":"narteks.net"},"image":{"@id":"https:\/\/narteks.net\/#\/schema\/logo\/image\/"},"sameAs":["https:\/\/x.com\/narteks","https:\/\/instagram.com\/narteksnet"]},{"@type":"Person","@id":"https:\/\/narteks.net\/#\/schema\/person\/61f37d9834294b72d31d274e7ed79bca","name":"Tar\u0131k","image":{"@type":"ImageObject","inLanguage":"tr","@id":"https:\/\/narteks.net\/#\/schema\/person\/image\/","url":"https:\/\/secure.gravatar.com\/avatar\/50865afb55632c4ae467e0af0930f6510aa2297d8014be502a55b14f3b7550cf?s=96&d=mm&r=g","contentUrl":"https:\/\/secure.gravatar.com\/avatar\/50865afb55632c4ae467e0af0930f6510aa2297d8014be502a55b14f3b7550cf?s=96&d=mm&r=g","caption":"Tar\u0131k"},"sameAs":["http:\/\/narteks.net"],"url":"https:\/\/narteks.net\/index.php\/author\/narbak\/"}]}},"_links":{"self":[{"href":"https:\/\/narteks.net\/index.php\/wp-json\/wp\/v2\/posts\/3668","targetHints":{"allow":["GET"]}}],"collection":[{"href":"https:\/\/narteks.net\/index.php\/wp-json\/wp\/v2\/posts"}],"about":[{"href":"https:\/\/narteks.net\/index.php\/wp-json\/wp\/v2\/types\/post"}],"author":[{"embeddable":true,"href":"https:\/\/narteks.net\/index.php\/wp-json\/wp\/v2\/users\/1"}],"replies":[{"embeddable":true,"href":"https:\/\/narteks.net\/index.php\/wp-json\/wp\/v2\/comments?post=3668"}],"version-history":[{"count":0,"href":"https:\/\/narteks.net\/index.php\/wp-json\/wp\/v2\/posts\/3668\/revisions"}],"wp:attachment":[{"href":"https:\/\/narteks.net\/index.php\/wp-json\/wp\/v2\/media?parent=3668"}],"wp:term":[{"taxonomy":"category","embeddable":true,"href":"https:\/\/narteks.net\/index.php\/wp-json\/wp\/v2\/categories?post=3668"},{"taxonomy":"post_tag","embeddable":true,"href":"https:\/\/narteks.net\/index.php\/wp-json\/wp\/v2\/tags?post=3668"}],"curies":[{"name":"wp","href":"https:\/\/api.w.org\/{rel}","templated":true}]}}