{"id":3677,"date":"2010-01-05T10:32:27","date_gmt":"2010-01-05T07:32:27","guid":{"rendered":"http:\/\/localhost\/wordpress\/2010\/01\/05\/farkinda-misiniz-bu-topraklarda-yetismis-nobel-odullu-bir-yazar-var\/"},"modified":"2010-01-05T10:32:27","modified_gmt":"2010-01-05T07:32:27","slug":"farkinda-misiniz-bu-topraklarda-yetismis-nobel-odullu-bir-yazar-var","status":"publish","type":"post","link":"https:\/\/narteks.net\/index.php\/2010\/01\/05\/farkinda-misiniz-bu-topraklarda-yetismis-nobel-odullu-bir-yazar-var\/","title":{"rendered":"Fark\u0131nda m\u0131s\u0131n\u0131z? Bu topraklarda yeti\u015fmi\u015f Nobel \u00f6d\u00fcll\u00fc bir yazar var"},"content":{"rendered":"<p><img loading=\"lazy\" decoding=\"async\" src=\"http:\/\/i47.tinypic.com\/213rpfl.jpg\" border=\"0\" width=\"155\" height=\"205\" style=\"float: left;\" \/><\/p>\n<p style=\"text-align: justify;\">Orhan Pamuk Akilli olsun! Bu c\u00fcmle bir itin a\u011fz\u0131ndan salyalarla ak\u0131yordu televizyon ekranlar\u0131ndan,\u00fcstelik ayakkab\u0131s\u0131n\u0131n alt\u0131 delik bir ayd\u0131n\u0131n, Hrant Dink&#8217;in hayat\u0131na son veren bir \u00e7etenin tetik\u00e7ilerinden biri taraf\u0131ndan s\u00f6yleniyordu.Belli ki s\u00f6yledi\u011fi \u015feylerin prim yapt\u0131\u011f\u0131 d\u00fc\u015f\u00fcncesinde.Belli ki korku sald\u0131\u011f\u0131n\u0131 d\u00fc\u015f\u00fcn\u00fcyor.Belli ki Orhan Pamuk yazmas\u0131n ,konu\u015fmas\u0131n istiyor.Hayat\u0131nda eline kalem almam\u0131\u015f,sevdiklerine bile bir mektup yazmam\u0131\u015f yada yazamam\u0131\u015f olan bu it \u00e7etesinin umutlar\u0131na inat Orhan Pamuk yaz\u0131yor ve tarih&#8217;deki yerini sa\u011flamla\u015ft\u0131r\u0131yor.Financial Times, Nobel \u00f6d\u00fcll\u00fc Orhan Pamuk\u2019un son kitab\u0131 &#8216;Masumiyet M\u00fczesi&#8217;ni, d\u00fcnya edebiyat\u0131n\u0131n \u00f6nemli klasiklerine benzetti.<\/p>\n<p style=\"text-align: justify;\">Financial Times gazetesi Orhan Pamuk\u2019un son roman\u0131 Masumiyet M\u00fczesi\u2019nin James Joyce\u2019nin efsanevi kitab\u0131 Ulysses\u2019teki Dublin gibi ele ald\u0131\u011f\u0131n\u0131 belirterek, &#8220;Pamuk, romantik a\u015fka dair Lolita, Madam Bovary ve Anna Karenina\u2019n\u0131n olu\u015fturdu\u011fu toplulu\u011fa yak\u0131\u015fan bir eser yaratm\u0131\u015ft\u0131r&#8221; ifadesini kulland\u0131.<br \/>Financial Times\u2019ta Orhan Pamuk\u2019un Masumiyet M\u00fczesi adl\u0131 kitab\u0131n\u0131 tan\u0131tan bir de\u011ferlendirme yaz\u0131s\u0131 yer ald\u0131. 1975 y\u0131l\u0131nda ba\u015flayan Masumiyet M\u00fczesi\u2019nin T\u00fcrkiye\u2019de kad\u0131n-erkek ili\u015fkilerinde geleneksel davran\u0131\u015flar\u0131n \u00e7\u00f6z\u00fcld\u00fc\u011f\u00fc ancak bekaretin \u00f6nemini korumaya devam etti\u011fi belirli bir d\u00f6nemi yans\u0131tt\u0131\u011f\u0131 belirtilen de\u011ferlendirmede, &#8220;Dublin Joyce i\u00e7in ne idiyse \u0130stanbul da Pamuk i\u00e7in odur. Roman kahraman\u0131 Kemal\u2019in bu metropolde caddeler boyunca gezintileri, de\u011fi\u015fik merkezlerin karakterleri olarak kesin bir \u015fekilde tan\u0131mlanm\u0131\u015ft\u0131r: Ni\u015fanta\u015f\u0131\u2019ndaki b\u00fcy\u00fck aile apartman bloklar\u0131, Tarabya\u2019da deniz k\u0131y\u0131s\u0131ndaki bal\u0131k restoranlar\u0131, Be\u015fikta\u015f\u2019taki gece yar\u0131s\u0131 \u00e7orbac\u0131lar\u0131 ve genelevler, Galata K\u00f6pr\u00fcs\u00fc\u2019nde uskumru i\u00e7in a\u011f sallayan bal\u0131k\u00e7\u0131lar ve Anadoluhisar\u0131\u2019nda harap Osmanl\u0131 yal\u0131lar\u0131. Her \u015feyden \u00f6nce de Pamuk Bo\u011faz\u2019\u0131n de\u011fi\u015fmeyen duygusunu ve tankerler, mavnalar ve Sovyet sava\u015f gemilerinden olu\u015fan sonsuz trafi\u011fini, onlar\u0131n minarelerden y\u00fckselen namaz \u00e7a\u011fr\u0131lar\u0131na kar\u0131\u015fan d\u00fcd\u00fcklerini sihirli bir \u015fekilde an\u0131msat\u0131yor&#8221; denildi.<br \/>Roman\u0131n \u00f6zel bir m\u00fcze giri\u015f bileti i\u00e7erdi\u011fini hat\u0131rlatan Financial Times, Pamuk\u2019un roman kahraman\u0131 Kemal i\u00e7in bir &#8220;Masumiyet M\u00fczesi&#8221; kurma ve burada kendisi i\u00e7in anlaml\u0131 olan e\u015fyalar\u0131 sergileme d\u00fc\u015f\u00fcncesinden s\u00f6z ederken, m\u00fczenin yeni y\u0131lla birlikte a\u00e7\u0131lmas\u0131n\u0131n beklendi\u011fini bildirdi. Financial Times\u2019\u0131n kitap de\u011ferlendirmesinde, &#8220;Pamuk roman kahraman\u0131 Kemal\u2019in b\u00fcy\u00fck ve trajik tutkusuyla ilgili g\u00f6zleminde, romantik a\u015fka dair Lolita, Madam Bovary ve Anna Karenina\u2019n\u0131n olu\u015fturdu\u011fu toplulu\u011fa yak\u0131\u015fan bir eser yaratm\u0131\u015ft\u0131r&#8221; \u00f6vg\u00fcs\u00fc yap\u0131ld\u0131<br \/><strong> <\/strong><\/p>\n<p style=\"text-align: justify;\"><strong>Fark\u0131nda m\u0131s\u0131n\u0131z? Bu topraklarda yeti\u015fmi\u015f nobel \u00f6d\u00fcll\u00fc bir yazar var&#8230;<\/strong><\/p>\n","protected":false},"excerpt":{"rendered":"<p>Orhan Pamuk Akilli olsun! Bu c\u00fcmle bir itin a\u011fz\u0131ndan salyalarla ak\u0131yordu televizyon ekranlar\u0131ndan,\u00fcstelik ayakkab\u0131s\u0131n\u0131n alt\u0131 delik bir ayd\u0131n\u0131n, Hrant Dink&#8217;in hayat\u0131na son veren bir \u00e7etenin tetik\u00e7ilerinden biri taraf\u0131ndan s\u00f6yleniyordu.Belli ki s\u00f6yledi\u011fi \u015feylerin prim yapt\u0131\u011f\u0131 d\u00fc\u015f\u00fcncesinde.Belli ki korku sald\u0131\u011f\u0131n\u0131 d\u00fc\u015f\u00fcn\u00fcyor.Belli ki Orhan Pamuk yazmas\u0131n ,konu\u015fmas\u0131n istiyor.Hayat\u0131nda eline kalem almam\u0131\u015f,sevdiklerine bile bir mektup yazmam\u0131\u015f yada yazamam\u0131\u015f olan [&hellip;]<\/p>\n","protected":false},"author":1,"featured_media":0,"comment_status":"open","ping_status":"open","sticky":false,"template":"","format":"standard","meta":{"footnotes":""},"categories":[134],"tags":[],"class_list":{"0":"post-3677","1":"post","2":"type-post","3":"status-publish","4":"format-standard","6":"category-kuram"},"yoast_head":"<!-- This site is optimized with the Yoast SEO Premium plugin v24.9 (Yoast SEO v24.9) - https:\/\/yoast.com\/wordpress\/plugins\/seo\/ -->\n<title>Fark\u0131nda m\u0131s\u0131n\u0131z? Bu topraklarda yeti\u015fmi\u015f Nobel \u00f6d\u00fcll\u00fc bir yazar var - narteks.net<\/title>\n<meta name=\"robots\" content=\"index, follow, max-snippet:-1, max-image-preview:large, max-video-preview:-1\" \/>\n<link rel=\"canonical\" href=\"https:\/\/narteks.net\/index.php\/2010\/01\/05\/farkinda-misiniz-bu-topraklarda-yetismis-nobel-odullu-bir-yazar-var\/\" \/>\n<meta property=\"og:locale\" content=\"tr_TR\" \/>\n<meta property=\"og:type\" content=\"article\" \/>\n<meta property=\"og:title\" content=\"Fark\u0131nda m\u0131s\u0131n\u0131z? Bu topraklarda yeti\u015fmi\u015f Nobel \u00f6d\u00fcll\u00fc bir yazar var\" \/>\n<meta property=\"og:description\" content=\"Orhan Pamuk Akilli olsun! Bu c\u00fcmle bir itin a\u011fz\u0131ndan salyalarla ak\u0131yordu televizyon ekranlar\u0131ndan,\u00fcstelik ayakkab\u0131s\u0131n\u0131n alt\u0131 delik bir ayd\u0131n\u0131n, Hrant Dink&#8217;in hayat\u0131na son veren bir \u00e7etenin tetik\u00e7ilerinden biri taraf\u0131ndan s\u00f6yleniyordu.Belli ki s\u00f6yledi\u011fi \u015feylerin prim yapt\u0131\u011f\u0131 d\u00fc\u015f\u00fcncesinde.Belli ki korku sald\u0131\u011f\u0131n\u0131 d\u00fc\u015f\u00fcn\u00fcyor.Belli ki Orhan Pamuk yazmas\u0131n ,konu\u015fmas\u0131n istiyor.Hayat\u0131nda eline kalem almam\u0131\u015f,sevdiklerine bile bir mektup yazmam\u0131\u015f yada yazamam\u0131\u015f olan [&hellip;]\" \/>\n<meta property=\"og:url\" content=\"https:\/\/narteks.net\/index.php\/2010\/01\/05\/farkinda-misiniz-bu-topraklarda-yetismis-nobel-odullu-bir-yazar-var\/\" \/>\n<meta property=\"og:site_name\" content=\"narteks.net\" \/>\n<meta property=\"article:published_time\" content=\"2010-01-05T07:32:27+00:00\" \/>\n<meta property=\"og:image\" content=\"http:\/\/i47.tinypic.com\/213rpfl.jpg\" \/>\n<meta name=\"author\" content=\"Tar\u0131k\" \/>\n<meta name=\"twitter:card\" content=\"summary_large_image\" \/>\n<meta name=\"twitter:creator\" content=\"@narteks\" \/>\n<meta name=\"twitter:site\" content=\"@narteks\" \/>\n<meta name=\"twitter:label1\" content=\"Yazan:\" \/>\n\t<meta name=\"twitter:data1\" content=\"Tar\u0131k\" \/>\n\t<meta name=\"twitter:label2\" content=\"Tahmini okuma s\u00fcresi\" \/>\n\t<meta name=\"twitter:data2\" content=\"2 dakika\" \/>\n<script type=\"application\/ld+json\" class=\"yoast-schema-graph\">{\"@context\":\"https:\/\/schema.org\",\"@graph\":[{\"@type\":\"Article\",\"@id\":\"https:\/\/narteks.net\/index.php\/2010\/01\/05\/farkinda-misiniz-bu-topraklarda-yetismis-nobel-odullu-bir-yazar-var\/#article\",\"isPartOf\":{\"@id\":\"https:\/\/narteks.net\/index.php\/2010\/01\/05\/farkinda-misiniz-bu-topraklarda-yetismis-nobel-odullu-bir-yazar-var\/\"},\"author\":{\"name\":\"Tar\u0131k\",\"@id\":\"https:\/\/narteks.net\/#\/schema\/person\/61f37d9834294b72d31d274e7ed79bca\"},\"headline\":\"Fark\u0131nda m\u0131s\u0131n\u0131z? Bu topraklarda yeti\u015fmi\u015f Nobel \u00f6d\u00fcll\u00fc bir yazar var\",\"datePublished\":\"2010-01-05T07:32:27+00:00\",\"mainEntityOfPage\":{\"@id\":\"https:\/\/narteks.net\/index.php\/2010\/01\/05\/farkinda-misiniz-bu-topraklarda-yetismis-nobel-odullu-bir-yazar-var\/\"},\"wordCount\":499,\"commentCount\":0,\"publisher\":{\"@id\":\"https:\/\/narteks.net\/#organization\"},\"image\":{\"@id\":\"https:\/\/narteks.net\/index.php\/2010\/01\/05\/farkinda-misiniz-bu-topraklarda-yetismis-nobel-odullu-bir-yazar-var\/#primaryimage\"},\"thumbnailUrl\":\"http:\/\/i47.tinypic.com\/213rpfl.jpg\",\"articleSection\":[\"Kuram\"],\"inLanguage\":\"tr\",\"potentialAction\":[{\"@type\":\"CommentAction\",\"name\":\"Comment\",\"target\":[\"https:\/\/narteks.net\/index.php\/2010\/01\/05\/farkinda-misiniz-bu-topraklarda-yetismis-nobel-odullu-bir-yazar-var\/#respond\"]}]},{\"@type\":\"WebPage\",\"@id\":\"https:\/\/narteks.net\/index.php\/2010\/01\/05\/farkinda-misiniz-bu-topraklarda-yetismis-nobel-odullu-bir-yazar-var\/\",\"url\":\"https:\/\/narteks.net\/index.php\/2010\/01\/05\/farkinda-misiniz-bu-topraklarda-yetismis-nobel-odullu-bir-yazar-var\/\",\"name\":\"Fark\u0131nda m\u0131s\u0131n\u0131z? Bu topraklarda yeti\u015fmi\u015f Nobel \u00f6d\u00fcll\u00fc bir yazar var - narteks.net\",\"isPartOf\":{\"@id\":\"https:\/\/narteks.net\/#website\"},\"primaryImageOfPage\":{\"@id\":\"https:\/\/narteks.net\/index.php\/2010\/01\/05\/farkinda-misiniz-bu-topraklarda-yetismis-nobel-odullu-bir-yazar-var\/#primaryimage\"},\"image\":{\"@id\":\"https:\/\/narteks.net\/index.php\/2010\/01\/05\/farkinda-misiniz-bu-topraklarda-yetismis-nobel-odullu-bir-yazar-var\/#primaryimage\"},\"thumbnailUrl\":\"http:\/\/i47.tinypic.com\/213rpfl.jpg\",\"datePublished\":\"2010-01-05T07:32:27+00:00\",\"breadcrumb\":{\"@id\":\"https:\/\/narteks.net\/index.php\/2010\/01\/05\/farkinda-misiniz-bu-topraklarda-yetismis-nobel-odullu-bir-yazar-var\/#breadcrumb\"},\"inLanguage\":\"tr\",\"potentialAction\":[{\"@type\":\"ReadAction\",\"target\":[\"https:\/\/narteks.net\/index.php\/2010\/01\/05\/farkinda-misiniz-bu-topraklarda-yetismis-nobel-odullu-bir-yazar-var\/\"]}]},{\"@type\":\"ImageObject\",\"inLanguage\":\"tr\",\"@id\":\"https:\/\/narteks.net\/index.php\/2010\/01\/05\/farkinda-misiniz-bu-topraklarda-yetismis-nobel-odullu-bir-yazar-var\/#primaryimage\",\"url\":\"http:\/\/i47.tinypic.com\/213rpfl.jpg\",\"contentUrl\":\"http:\/\/i47.tinypic.com\/213rpfl.jpg\"},{\"@type\":\"BreadcrumbList\",\"@id\":\"https:\/\/narteks.net\/index.php\/2010\/01\/05\/farkinda-misiniz-bu-topraklarda-yetismis-nobel-odullu-bir-yazar-var\/#breadcrumb\",\"itemListElement\":[{\"@type\":\"ListItem\",\"position\":1,\"name\":\"Anasayfa\",\"item\":\"https:\/\/narteks.net\/\"},{\"@type\":\"ListItem\",\"position\":2,\"name\":\"Fark\u0131nda m\u0131s\u0131n\u0131z? Bu topraklarda yeti\u015fmi\u015f Nobel \u00f6d\u00fcll\u00fc bir yazar var\"}]},{\"@type\":\"WebSite\",\"@id\":\"https:\/\/narteks.net\/#website\",\"url\":\"https:\/\/narteks.net\/\",\"name\":\"narteks.net\",\"description\":\"K\u00fclt\u00fcr Sanat Edebiyat Felsefe\",\"publisher\":{\"@id\":\"https:\/\/narteks.net\/#organization\"},\"alternateName\":\"K\u00fclt\u00fcr Sanat Edebiyat Felsefe\",\"potentialAction\":[{\"@type\":\"SearchAction\",\"target\":{\"@type\":\"EntryPoint\",\"urlTemplate\":\"https:\/\/narteks.net\/?s={search_term_string}\"},\"query-input\":{\"@type\":\"PropertyValueSpecification\",\"valueRequired\":true,\"valueName\":\"search_term_string\"}}],\"inLanguage\":\"tr\"},{\"@type\":\"Organization\",\"@id\":\"https:\/\/narteks.net\/#organization\",\"name\":\"narteks.net\",\"url\":\"https:\/\/narteks.net\/\",\"logo\":{\"@type\":\"ImageObject\",\"inLanguage\":\"tr\",\"@id\":\"https:\/\/narteks.net\/#\/schema\/logo\/image\/\",\"url\":\"https:\/\/narteks.net\/wp-content\/uploads\/narteks.png\",\"contentUrl\":\"https:\/\/narteks.net\/wp-content\/uploads\/narteks.png\",\"width\":300,\"height\":90,\"caption\":\"narteks.net\"},\"image\":{\"@id\":\"https:\/\/narteks.net\/#\/schema\/logo\/image\/\"},\"sameAs\":[\"https:\/\/x.com\/narteks\",\"https:\/\/instagram.com\/narteksnet\"]},{\"@type\":\"Person\",\"@id\":\"https:\/\/narteks.net\/#\/schema\/person\/61f37d9834294b72d31d274e7ed79bca\",\"name\":\"Tar\u0131k\",\"image\":{\"@type\":\"ImageObject\",\"inLanguage\":\"tr\",\"@id\":\"https:\/\/narteks.net\/#\/schema\/person\/image\/\",\"url\":\"https:\/\/secure.gravatar.com\/avatar\/50865afb55632c4ae467e0af0930f6510aa2297d8014be502a55b14f3b7550cf?s=96&d=mm&r=g\",\"contentUrl\":\"https:\/\/secure.gravatar.com\/avatar\/50865afb55632c4ae467e0af0930f6510aa2297d8014be502a55b14f3b7550cf?s=96&d=mm&r=g\",\"caption\":\"Tar\u0131k\"},\"sameAs\":[\"http:\/\/narteks.net\"],\"url\":\"https:\/\/narteks.net\/index.php\/author\/narbak\/\"}]}<\/script>\n<!-- \/ Yoast SEO Premium plugin. -->","yoast_head_json":{"title":"Fark\u0131nda m\u0131s\u0131n\u0131z? Bu topraklarda yeti\u015fmi\u015f Nobel \u00f6d\u00fcll\u00fc bir yazar var - narteks.net","robots":{"index":"index","follow":"follow","max-snippet":"max-snippet:-1","max-image-preview":"max-image-preview:large","max-video-preview":"max-video-preview:-1"},"canonical":"https:\/\/narteks.net\/index.php\/2010\/01\/05\/farkinda-misiniz-bu-topraklarda-yetismis-nobel-odullu-bir-yazar-var\/","og_locale":"tr_TR","og_type":"article","og_title":"Fark\u0131nda m\u0131s\u0131n\u0131z? Bu topraklarda yeti\u015fmi\u015f Nobel \u00f6d\u00fcll\u00fc bir yazar var","og_description":"Orhan Pamuk Akilli olsun! Bu c\u00fcmle bir itin a\u011fz\u0131ndan salyalarla ak\u0131yordu televizyon ekranlar\u0131ndan,\u00fcstelik ayakkab\u0131s\u0131n\u0131n alt\u0131 delik bir ayd\u0131n\u0131n, Hrant Dink&#8217;in hayat\u0131na son veren bir \u00e7etenin tetik\u00e7ilerinden biri taraf\u0131ndan s\u00f6yleniyordu.Belli ki s\u00f6yledi\u011fi \u015feylerin prim yapt\u0131\u011f\u0131 d\u00fc\u015f\u00fcncesinde.Belli ki korku sald\u0131\u011f\u0131n\u0131 d\u00fc\u015f\u00fcn\u00fcyor.Belli ki Orhan Pamuk yazmas\u0131n ,konu\u015fmas\u0131n istiyor.Hayat\u0131nda eline kalem almam\u0131\u015f,sevdiklerine bile bir mektup yazmam\u0131\u015f yada yazamam\u0131\u015f olan [&hellip;]","og_url":"https:\/\/narteks.net\/index.php\/2010\/01\/05\/farkinda-misiniz-bu-topraklarda-yetismis-nobel-odullu-bir-yazar-var\/","og_site_name":"narteks.net","article_published_time":"2010-01-05T07:32:27+00:00","og_image":[{"url":"http:\/\/i47.tinypic.com\/213rpfl.jpg","type":"","width":"","height":""}],"author":"Tar\u0131k","twitter_card":"summary_large_image","twitter_creator":"@narteks","twitter_site":"@narteks","twitter_misc":{"Yazan:":"Tar\u0131k","Tahmini okuma s\u00fcresi":"2 dakika"},"schema":{"@context":"https:\/\/schema.org","@graph":[{"@type":"Article","@id":"https:\/\/narteks.net\/index.php\/2010\/01\/05\/farkinda-misiniz-bu-topraklarda-yetismis-nobel-odullu-bir-yazar-var\/#article","isPartOf":{"@id":"https:\/\/narteks.net\/index.php\/2010\/01\/05\/farkinda-misiniz-bu-topraklarda-yetismis-nobel-odullu-bir-yazar-var\/"},"author":{"name":"Tar\u0131k","@id":"https:\/\/narteks.net\/#\/schema\/person\/61f37d9834294b72d31d274e7ed79bca"},"headline":"Fark\u0131nda m\u0131s\u0131n\u0131z? Bu topraklarda yeti\u015fmi\u015f Nobel \u00f6d\u00fcll\u00fc bir yazar var","datePublished":"2010-01-05T07:32:27+00:00","mainEntityOfPage":{"@id":"https:\/\/narteks.net\/index.php\/2010\/01\/05\/farkinda-misiniz-bu-topraklarda-yetismis-nobel-odullu-bir-yazar-var\/"},"wordCount":499,"commentCount":0,"publisher":{"@id":"https:\/\/narteks.net\/#organization"},"image":{"@id":"https:\/\/narteks.net\/index.php\/2010\/01\/05\/farkinda-misiniz-bu-topraklarda-yetismis-nobel-odullu-bir-yazar-var\/#primaryimage"},"thumbnailUrl":"http:\/\/i47.tinypic.com\/213rpfl.jpg","articleSection":["Kuram"],"inLanguage":"tr","potentialAction":[{"@type":"CommentAction","name":"Comment","target":["https:\/\/narteks.net\/index.php\/2010\/01\/05\/farkinda-misiniz-bu-topraklarda-yetismis-nobel-odullu-bir-yazar-var\/#respond"]}]},{"@type":"WebPage","@id":"https:\/\/narteks.net\/index.php\/2010\/01\/05\/farkinda-misiniz-bu-topraklarda-yetismis-nobel-odullu-bir-yazar-var\/","url":"https:\/\/narteks.net\/index.php\/2010\/01\/05\/farkinda-misiniz-bu-topraklarda-yetismis-nobel-odullu-bir-yazar-var\/","name":"Fark\u0131nda m\u0131s\u0131n\u0131z? Bu topraklarda yeti\u015fmi\u015f Nobel \u00f6d\u00fcll\u00fc bir yazar var - narteks.net","isPartOf":{"@id":"https:\/\/narteks.net\/#website"},"primaryImageOfPage":{"@id":"https:\/\/narteks.net\/index.php\/2010\/01\/05\/farkinda-misiniz-bu-topraklarda-yetismis-nobel-odullu-bir-yazar-var\/#primaryimage"},"image":{"@id":"https:\/\/narteks.net\/index.php\/2010\/01\/05\/farkinda-misiniz-bu-topraklarda-yetismis-nobel-odullu-bir-yazar-var\/#primaryimage"},"thumbnailUrl":"http:\/\/i47.tinypic.com\/213rpfl.jpg","datePublished":"2010-01-05T07:32:27+00:00","breadcrumb":{"@id":"https:\/\/narteks.net\/index.php\/2010\/01\/05\/farkinda-misiniz-bu-topraklarda-yetismis-nobel-odullu-bir-yazar-var\/#breadcrumb"},"inLanguage":"tr","potentialAction":[{"@type":"ReadAction","target":["https:\/\/narteks.net\/index.php\/2010\/01\/05\/farkinda-misiniz-bu-topraklarda-yetismis-nobel-odullu-bir-yazar-var\/"]}]},{"@type":"ImageObject","inLanguage":"tr","@id":"https:\/\/narteks.net\/index.php\/2010\/01\/05\/farkinda-misiniz-bu-topraklarda-yetismis-nobel-odullu-bir-yazar-var\/#primaryimage","url":"http:\/\/i47.tinypic.com\/213rpfl.jpg","contentUrl":"http:\/\/i47.tinypic.com\/213rpfl.jpg"},{"@type":"BreadcrumbList","@id":"https:\/\/narteks.net\/index.php\/2010\/01\/05\/farkinda-misiniz-bu-topraklarda-yetismis-nobel-odullu-bir-yazar-var\/#breadcrumb","itemListElement":[{"@type":"ListItem","position":1,"name":"Anasayfa","item":"https:\/\/narteks.net\/"},{"@type":"ListItem","position":2,"name":"Fark\u0131nda m\u0131s\u0131n\u0131z? Bu topraklarda yeti\u015fmi\u015f Nobel \u00f6d\u00fcll\u00fc bir yazar var"}]},{"@type":"WebSite","@id":"https:\/\/narteks.net\/#website","url":"https:\/\/narteks.net\/","name":"narteks.net","description":"K\u00fclt\u00fcr Sanat Edebiyat Felsefe","publisher":{"@id":"https:\/\/narteks.net\/#organization"},"alternateName":"K\u00fclt\u00fcr Sanat Edebiyat Felsefe","potentialAction":[{"@type":"SearchAction","target":{"@type":"EntryPoint","urlTemplate":"https:\/\/narteks.net\/?s={search_term_string}"},"query-input":{"@type":"PropertyValueSpecification","valueRequired":true,"valueName":"search_term_string"}}],"inLanguage":"tr"},{"@type":"Organization","@id":"https:\/\/narteks.net\/#organization","name":"narteks.net","url":"https:\/\/narteks.net\/","logo":{"@type":"ImageObject","inLanguage":"tr","@id":"https:\/\/narteks.net\/#\/schema\/logo\/image\/","url":"https:\/\/narteks.net\/wp-content\/uploads\/narteks.png","contentUrl":"https:\/\/narteks.net\/wp-content\/uploads\/narteks.png","width":300,"height":90,"caption":"narteks.net"},"image":{"@id":"https:\/\/narteks.net\/#\/schema\/logo\/image\/"},"sameAs":["https:\/\/x.com\/narteks","https:\/\/instagram.com\/narteksnet"]},{"@type":"Person","@id":"https:\/\/narteks.net\/#\/schema\/person\/61f37d9834294b72d31d274e7ed79bca","name":"Tar\u0131k","image":{"@type":"ImageObject","inLanguage":"tr","@id":"https:\/\/narteks.net\/#\/schema\/person\/image\/","url":"https:\/\/secure.gravatar.com\/avatar\/50865afb55632c4ae467e0af0930f6510aa2297d8014be502a55b14f3b7550cf?s=96&d=mm&r=g","contentUrl":"https:\/\/secure.gravatar.com\/avatar\/50865afb55632c4ae467e0af0930f6510aa2297d8014be502a55b14f3b7550cf?s=96&d=mm&r=g","caption":"Tar\u0131k"},"sameAs":["http:\/\/narteks.net"],"url":"https:\/\/narteks.net\/index.php\/author\/narbak\/"}]}},"_links":{"self":[{"href":"https:\/\/narteks.net\/index.php\/wp-json\/wp\/v2\/posts\/3677","targetHints":{"allow":["GET"]}}],"collection":[{"href":"https:\/\/narteks.net\/index.php\/wp-json\/wp\/v2\/posts"}],"about":[{"href":"https:\/\/narteks.net\/index.php\/wp-json\/wp\/v2\/types\/post"}],"author":[{"embeddable":true,"href":"https:\/\/narteks.net\/index.php\/wp-json\/wp\/v2\/users\/1"}],"replies":[{"embeddable":true,"href":"https:\/\/narteks.net\/index.php\/wp-json\/wp\/v2\/comments?post=3677"}],"version-history":[{"count":0,"href":"https:\/\/narteks.net\/index.php\/wp-json\/wp\/v2\/posts\/3677\/revisions"}],"wp:attachment":[{"href":"https:\/\/narteks.net\/index.php\/wp-json\/wp\/v2\/media?parent=3677"}],"wp:term":[{"taxonomy":"category","embeddable":true,"href":"https:\/\/narteks.net\/index.php\/wp-json\/wp\/v2\/categories?post=3677"},{"taxonomy":"post_tag","embeddable":true,"href":"https:\/\/narteks.net\/index.php\/wp-json\/wp\/v2\/tags?post=3677"}],"curies":[{"name":"wp","href":"https:\/\/api.w.org\/{rel}","templated":true}]}}