{"id":368,"date":"2009-03-02T14:54:20","date_gmt":"2009-03-02T11:54:20","guid":{"rendered":"http:\/\/localhost\/wordpress\/2009\/03\/02\/ben-sana-mecburum\/"},"modified":"2009-03-02T14:54:20","modified_gmt":"2009-03-02T11:54:20","slug":"ben-sana-mecburum","status":"publish","type":"post","link":"https:\/\/narteks.net\/index.php\/2009\/03\/02\/ben-sana-mecburum\/","title":{"rendered":"Ben Sana Mecburum"},"content":{"rendered":"<p>\u00a0<\/p>\n<p><span style=\"color: #000000;\">Ben sana mecburum bilemezsin <br \/>Ad\u0131n\u0131 m\u0131h gibi akl\u0131mda tutuyorum <br \/>B\u00fcy\u00fcd\u00fck\u00e7e b\u00fcy\u00fcyor g\u00f6zlerin <br \/>Ben sana mecburum bilemezsin <br \/>\u0130\u00e7imi seninle \u0131s\u0131t\u0131yorum <\/p>\n<p>A\u011fa\u00e7lar sonbahara haz\u0131rlan\u0131yor <br \/>Bu \u015fehir o eski \u0130stanbul mudur? <br \/>Karanl\u0131kta bulutlar par\u00e7alan\u0131yor <br \/>Sokak lambalar\u0131 birden yan\u0131yor <br \/>Kald\u0131r\u0131mlarda ya\u011fmur kokusu <br \/>Ben sana mecburum sen yoksun <\/p>\n<p>Sevmek kimi zaman rezilce korkudur <br \/>\u0130nsan bir ak\u015fam \u00fcst\u00fc ans\u0131z\u0131n yorulur <br \/>Tutsak ustura a\u011fz\u0131nda ya\u015famaktan <br \/>Kimi zaman ellerini k\u0131rar tutkusu <br \/>Birka\u00e7 hayat \u00e7\u0131kar\u0131r ya\u015famas\u0131ndan <br \/>Hangi kap\u0131y\u0131 \u00e7alsa kimi zaman <br \/>Arkas\u0131nda yaln\u0131zl\u0131\u011f\u0131n h\u0131nz\u0131r u\u011fultusu <\/p>\n<p>Fatihte yoksul bir gramafon \u00e7al\u0131yor <br \/>Eski zamanlardan bir Cuma \u00e7al\u0131yor <br \/>Durup k\u00f6\u015fe ba\u015f\u0131nda deliksiz dinlesem <br \/>Sana kullan\u0131lmam\u0131\u015f bir g\u00f6k getirsem <br \/>Haftalar ellerimde ufalan\u0131yor <br \/>Ne yapsam ne tutsam nereye gitsem <br \/>Ben sana mecburum sen yoksun <\/p>\n<p>Belki Haziranda mavi benekli \u00e7ocuksun <br \/>Ah seni bilmiyor kimseler bilmiyor <br \/>Bir \u015filep s\u0131z\u0131yor \u0131ss\u0131z g\u00f6zlerinden <br \/>Belki Ye\u015filk\u00f6y&#8217;de u\u00e7a\u011fa biniyorsun <br \/>B\u00fct\u00fcn \u0131slanm\u0131\u015f\u015f\u0131n t\u00fcylerin \u00fcrperiyor <br \/>Belki k\u00f6rs\u00fcn k\u0131r\u0131lm\u0131\u015fs\u0131n tel\u00e2\u015f i\u00e7indesin <br \/>K\u00f6t\u00fc r\u00fczg\u00e2r sa\u00e7lar\u0131n\u0131 g\u00f6t\u00fcr\u00fcyor <\/p>\n<p>Ne vakit bir ya\u015famak d\u00fc\u015f\u00fcnsem <br \/>Bu kurtlar sofras\u0131nda belki zor <br \/>Ay\u0131ps\u0131z fakat ellerimizi kirletmeden <br \/>Ne vakit bir ya\u015famak d\u00fc\u015f\u00fcnsem <br \/>Sus deyip ad\u0131nla ba\u015fl\u0131yorum <br \/>\u0130\u00e7im s\u0131ra k\u0131m\u0131ld\u0131yor gizli denizlerin <br \/>Hay\u0131r ba\u015fka t\u00fcrl\u00fc olmayacak <br \/>Ben sana mecburum bilemezsin.. <\/span><\/p>\n<p>Attila \u0130LHAN<\/p>\n","protected":false},"excerpt":{"rendered":"<p>\u00a0 Ben sana mecburum bilemezsin Ad\u0131n\u0131 m\u0131h gibi akl\u0131mda tutuyorum B\u00fcy\u00fcd\u00fck\u00e7e b\u00fcy\u00fcyor g\u00f6zlerin Ben sana mecburum bilemezsin \u0130\u00e7imi seninle \u0131s\u0131t\u0131yorum A\u011fa\u00e7lar sonbahara haz\u0131rlan\u0131yor Bu \u015fehir o eski \u0130stanbul mudur? Karanl\u0131kta bulutlar par\u00e7alan\u0131yor Sokak lambalar\u0131 birden yan\u0131yor Kald\u0131r\u0131mlarda ya\u011fmur kokusu Ben sana mecburum sen yoksun Sevmek kimi zaman rezilce korkudur \u0130nsan bir ak\u015fam \u00fcst\u00fc ans\u0131z\u0131n yorulur [&hellip;]<\/p>\n","protected":false},"author":1,"featured_media":0,"comment_status":"open","ping_status":"open","sticky":false,"template":"","format":"standard","meta":{"footnotes":""},"categories":[11],"tags":[],"class_list":{"0":"post-368","1":"post","2":"type-post","3":"status-publish","4":"format-standard","6":"category-attila-ilhan"},"yoast_head":"<!-- This site is optimized with the Yoast SEO Premium plugin v24.9 (Yoast SEO v24.9) - https:\/\/yoast.com\/wordpress\/plugins\/seo\/ -->\n<title>Ben Sana Mecburum - narteks.net<\/title>\n<meta name=\"robots\" content=\"index, follow, max-snippet:-1, max-image-preview:large, max-video-preview:-1\" \/>\n<link rel=\"canonical\" href=\"https:\/\/narteks.net\/index.php\/2009\/03\/02\/ben-sana-mecburum\/\" \/>\n<meta property=\"og:locale\" content=\"tr_TR\" \/>\n<meta property=\"og:type\" content=\"article\" \/>\n<meta property=\"og:title\" content=\"Ben Sana Mecburum\" \/>\n<meta property=\"og:description\" content=\"\u00a0 Ben sana mecburum bilemezsin Ad\u0131n\u0131 m\u0131h gibi akl\u0131mda tutuyorum B\u00fcy\u00fcd\u00fck\u00e7e b\u00fcy\u00fcyor g\u00f6zlerin Ben sana mecburum bilemezsin \u0130\u00e7imi seninle \u0131s\u0131t\u0131yorum A\u011fa\u00e7lar sonbahara haz\u0131rlan\u0131yor Bu \u015fehir o eski \u0130stanbul mudur? Karanl\u0131kta bulutlar par\u00e7alan\u0131yor Sokak lambalar\u0131 birden yan\u0131yor Kald\u0131r\u0131mlarda ya\u011fmur kokusu Ben sana mecburum sen yoksun Sevmek kimi zaman rezilce korkudur \u0130nsan bir ak\u015fam \u00fcst\u00fc ans\u0131z\u0131n yorulur [&hellip;]\" \/>\n<meta property=\"og:url\" content=\"https:\/\/narteks.net\/index.php\/2009\/03\/02\/ben-sana-mecburum\/\" \/>\n<meta property=\"og:site_name\" content=\"narteks.net\" \/>\n<meta property=\"article:published_time\" content=\"2009-03-02T11:54:20+00:00\" \/>\n<meta property=\"og:image\" content=\"https:\/\/narteks.net\/wp-content\/uploads\/narteks.png\" \/>\n\t<meta property=\"og:image:width\" content=\"300\" \/>\n\t<meta property=\"og:image:height\" content=\"90\" \/>\n\t<meta property=\"og:image:type\" content=\"image\/png\" \/>\n<meta name=\"author\" content=\"Tar\u0131k\" \/>\n<meta name=\"twitter:card\" content=\"summary_large_image\" \/>\n<meta name=\"twitter:creator\" content=\"@narteks\" \/>\n<meta name=\"twitter:site\" content=\"@narteks\" \/>\n<meta name=\"twitter:label1\" content=\"Yazan:\" \/>\n\t<meta name=\"twitter:data1\" content=\"Tar\u0131k\" \/>\n\t<meta name=\"twitter:label2\" content=\"Tahmini okuma s\u00fcresi\" \/>\n\t<meta name=\"twitter:data2\" content=\"1 dakika\" \/>\n<script type=\"application\/ld+json\" class=\"yoast-schema-graph\">{\"@context\":\"https:\/\/schema.org\",\"@graph\":[{\"@type\":\"Article\",\"@id\":\"https:\/\/narteks.net\/index.php\/2009\/03\/02\/ben-sana-mecburum\/#article\",\"isPartOf\":{\"@id\":\"https:\/\/narteks.net\/index.php\/2009\/03\/02\/ben-sana-mecburum\/\"},\"author\":{\"name\":\"Tar\u0131k\",\"@id\":\"https:\/\/narteks.net\/#\/schema\/person\/61f37d9834294b72d31d274e7ed79bca\"},\"headline\":\"Ben Sana Mecburum\",\"datePublished\":\"2009-03-02T11:54:20+00:00\",\"mainEntityOfPage\":{\"@id\":\"https:\/\/narteks.net\/index.php\/2009\/03\/02\/ben-sana-mecburum\/\"},\"wordCount\":274,\"commentCount\":0,\"publisher\":{\"@id\":\"https:\/\/narteks.net\/#organization\"},\"articleSection\":[\"Attila ILHAN\"],\"inLanguage\":\"tr\",\"potentialAction\":[{\"@type\":\"CommentAction\",\"name\":\"Comment\",\"target\":[\"https:\/\/narteks.net\/index.php\/2009\/03\/02\/ben-sana-mecburum\/#respond\"]}]},{\"@type\":\"WebPage\",\"@id\":\"https:\/\/narteks.net\/index.php\/2009\/03\/02\/ben-sana-mecburum\/\",\"url\":\"https:\/\/narteks.net\/index.php\/2009\/03\/02\/ben-sana-mecburum\/\",\"name\":\"Ben Sana Mecburum - narteks.net\",\"isPartOf\":{\"@id\":\"https:\/\/narteks.net\/#website\"},\"datePublished\":\"2009-03-02T11:54:20+00:00\",\"breadcrumb\":{\"@id\":\"https:\/\/narteks.net\/index.php\/2009\/03\/02\/ben-sana-mecburum\/#breadcrumb\"},\"inLanguage\":\"tr\",\"potentialAction\":[{\"@type\":\"ReadAction\",\"target\":[\"https:\/\/narteks.net\/index.php\/2009\/03\/02\/ben-sana-mecburum\/\"]}]},{\"@type\":\"BreadcrumbList\",\"@id\":\"https:\/\/narteks.net\/index.php\/2009\/03\/02\/ben-sana-mecburum\/#breadcrumb\",\"itemListElement\":[{\"@type\":\"ListItem\",\"position\":1,\"name\":\"Anasayfa\",\"item\":\"https:\/\/narteks.net\/\"},{\"@type\":\"ListItem\",\"position\":2,\"name\":\"Ben Sana Mecburum\"}]},{\"@type\":\"WebSite\",\"@id\":\"https:\/\/narteks.net\/#website\",\"url\":\"https:\/\/narteks.net\/\",\"name\":\"narteks.net\",\"description\":\"K\u00fclt\u00fcr Sanat Edebiyat Felsefe\",\"publisher\":{\"@id\":\"https:\/\/narteks.net\/#organization\"},\"alternateName\":\"K\u00fclt\u00fcr Sanat Edebiyat Felsefe\",\"potentialAction\":[{\"@type\":\"SearchAction\",\"target\":{\"@type\":\"EntryPoint\",\"urlTemplate\":\"https:\/\/narteks.net\/?s={search_term_string}\"},\"query-input\":{\"@type\":\"PropertyValueSpecification\",\"valueRequired\":true,\"valueName\":\"search_term_string\"}}],\"inLanguage\":\"tr\"},{\"@type\":\"Organization\",\"@id\":\"https:\/\/narteks.net\/#organization\",\"name\":\"narteks.net\",\"url\":\"https:\/\/narteks.net\/\",\"logo\":{\"@type\":\"ImageObject\",\"inLanguage\":\"tr\",\"@id\":\"https:\/\/narteks.net\/#\/schema\/logo\/image\/\",\"url\":\"https:\/\/narteks.net\/wp-content\/uploads\/narteks.png\",\"contentUrl\":\"https:\/\/narteks.net\/wp-content\/uploads\/narteks.png\",\"width\":300,\"height\":90,\"caption\":\"narteks.net\"},\"image\":{\"@id\":\"https:\/\/narteks.net\/#\/schema\/logo\/image\/\"},\"sameAs\":[\"https:\/\/x.com\/narteks\",\"https:\/\/instagram.com\/narteksnet\"]},{\"@type\":\"Person\",\"@id\":\"https:\/\/narteks.net\/#\/schema\/person\/61f37d9834294b72d31d274e7ed79bca\",\"name\":\"Tar\u0131k\",\"image\":{\"@type\":\"ImageObject\",\"inLanguage\":\"tr\",\"@id\":\"https:\/\/narteks.net\/#\/schema\/person\/image\/\",\"url\":\"https:\/\/secure.gravatar.com\/avatar\/50865afb55632c4ae467e0af0930f6510aa2297d8014be502a55b14f3b7550cf?s=96&d=mm&r=g\",\"contentUrl\":\"https:\/\/secure.gravatar.com\/avatar\/50865afb55632c4ae467e0af0930f6510aa2297d8014be502a55b14f3b7550cf?s=96&d=mm&r=g\",\"caption\":\"Tar\u0131k\"},\"sameAs\":[\"http:\/\/narteks.net\"],\"url\":\"https:\/\/narteks.net\/index.php\/author\/narbak\/\"}]}<\/script>\n<!-- \/ Yoast SEO Premium plugin. -->","yoast_head_json":{"title":"Ben Sana Mecburum - narteks.net","robots":{"index":"index","follow":"follow","max-snippet":"max-snippet:-1","max-image-preview":"max-image-preview:large","max-video-preview":"max-video-preview:-1"},"canonical":"https:\/\/narteks.net\/index.php\/2009\/03\/02\/ben-sana-mecburum\/","og_locale":"tr_TR","og_type":"article","og_title":"Ben Sana Mecburum","og_description":"\u00a0 Ben sana mecburum bilemezsin Ad\u0131n\u0131 m\u0131h gibi akl\u0131mda tutuyorum B\u00fcy\u00fcd\u00fck\u00e7e b\u00fcy\u00fcyor g\u00f6zlerin Ben sana mecburum bilemezsin \u0130\u00e7imi seninle \u0131s\u0131t\u0131yorum A\u011fa\u00e7lar sonbahara haz\u0131rlan\u0131yor Bu \u015fehir o eski \u0130stanbul mudur? Karanl\u0131kta bulutlar par\u00e7alan\u0131yor Sokak lambalar\u0131 birden yan\u0131yor Kald\u0131r\u0131mlarda ya\u011fmur kokusu Ben sana mecburum sen yoksun Sevmek kimi zaman rezilce korkudur \u0130nsan bir ak\u015fam \u00fcst\u00fc ans\u0131z\u0131n yorulur [&hellip;]","og_url":"https:\/\/narteks.net\/index.php\/2009\/03\/02\/ben-sana-mecburum\/","og_site_name":"narteks.net","article_published_time":"2009-03-02T11:54:20+00:00","og_image":[{"width":300,"height":90,"url":"https:\/\/narteks.net\/wp-content\/uploads\/narteks.png","type":"image\/png"}],"author":"Tar\u0131k","twitter_card":"summary_large_image","twitter_creator":"@narteks","twitter_site":"@narteks","twitter_misc":{"Yazan:":"Tar\u0131k","Tahmini okuma s\u00fcresi":"1 dakika"},"schema":{"@context":"https:\/\/schema.org","@graph":[{"@type":"Article","@id":"https:\/\/narteks.net\/index.php\/2009\/03\/02\/ben-sana-mecburum\/#article","isPartOf":{"@id":"https:\/\/narteks.net\/index.php\/2009\/03\/02\/ben-sana-mecburum\/"},"author":{"name":"Tar\u0131k","@id":"https:\/\/narteks.net\/#\/schema\/person\/61f37d9834294b72d31d274e7ed79bca"},"headline":"Ben Sana Mecburum","datePublished":"2009-03-02T11:54:20+00:00","mainEntityOfPage":{"@id":"https:\/\/narteks.net\/index.php\/2009\/03\/02\/ben-sana-mecburum\/"},"wordCount":274,"commentCount":0,"publisher":{"@id":"https:\/\/narteks.net\/#organization"},"articleSection":["Attila ILHAN"],"inLanguage":"tr","potentialAction":[{"@type":"CommentAction","name":"Comment","target":["https:\/\/narteks.net\/index.php\/2009\/03\/02\/ben-sana-mecburum\/#respond"]}]},{"@type":"WebPage","@id":"https:\/\/narteks.net\/index.php\/2009\/03\/02\/ben-sana-mecburum\/","url":"https:\/\/narteks.net\/index.php\/2009\/03\/02\/ben-sana-mecburum\/","name":"Ben Sana Mecburum - narteks.net","isPartOf":{"@id":"https:\/\/narteks.net\/#website"},"datePublished":"2009-03-02T11:54:20+00:00","breadcrumb":{"@id":"https:\/\/narteks.net\/index.php\/2009\/03\/02\/ben-sana-mecburum\/#breadcrumb"},"inLanguage":"tr","potentialAction":[{"@type":"ReadAction","target":["https:\/\/narteks.net\/index.php\/2009\/03\/02\/ben-sana-mecburum\/"]}]},{"@type":"BreadcrumbList","@id":"https:\/\/narteks.net\/index.php\/2009\/03\/02\/ben-sana-mecburum\/#breadcrumb","itemListElement":[{"@type":"ListItem","position":1,"name":"Anasayfa","item":"https:\/\/narteks.net\/"},{"@type":"ListItem","position":2,"name":"Ben Sana Mecburum"}]},{"@type":"WebSite","@id":"https:\/\/narteks.net\/#website","url":"https:\/\/narteks.net\/","name":"narteks.net","description":"K\u00fclt\u00fcr Sanat Edebiyat Felsefe","publisher":{"@id":"https:\/\/narteks.net\/#organization"},"alternateName":"K\u00fclt\u00fcr Sanat Edebiyat Felsefe","potentialAction":[{"@type":"SearchAction","target":{"@type":"EntryPoint","urlTemplate":"https:\/\/narteks.net\/?s={search_term_string}"},"query-input":{"@type":"PropertyValueSpecification","valueRequired":true,"valueName":"search_term_string"}}],"inLanguage":"tr"},{"@type":"Organization","@id":"https:\/\/narteks.net\/#organization","name":"narteks.net","url":"https:\/\/narteks.net\/","logo":{"@type":"ImageObject","inLanguage":"tr","@id":"https:\/\/narteks.net\/#\/schema\/logo\/image\/","url":"https:\/\/narteks.net\/wp-content\/uploads\/narteks.png","contentUrl":"https:\/\/narteks.net\/wp-content\/uploads\/narteks.png","width":300,"height":90,"caption":"narteks.net"},"image":{"@id":"https:\/\/narteks.net\/#\/schema\/logo\/image\/"},"sameAs":["https:\/\/x.com\/narteks","https:\/\/instagram.com\/narteksnet"]},{"@type":"Person","@id":"https:\/\/narteks.net\/#\/schema\/person\/61f37d9834294b72d31d274e7ed79bca","name":"Tar\u0131k","image":{"@type":"ImageObject","inLanguage":"tr","@id":"https:\/\/narteks.net\/#\/schema\/person\/image\/","url":"https:\/\/secure.gravatar.com\/avatar\/50865afb55632c4ae467e0af0930f6510aa2297d8014be502a55b14f3b7550cf?s=96&d=mm&r=g","contentUrl":"https:\/\/secure.gravatar.com\/avatar\/50865afb55632c4ae467e0af0930f6510aa2297d8014be502a55b14f3b7550cf?s=96&d=mm&r=g","caption":"Tar\u0131k"},"sameAs":["http:\/\/narteks.net"],"url":"https:\/\/narteks.net\/index.php\/author\/narbak\/"}]}},"_links":{"self":[{"href":"https:\/\/narteks.net\/index.php\/wp-json\/wp\/v2\/posts\/368","targetHints":{"allow":["GET"]}}],"collection":[{"href":"https:\/\/narteks.net\/index.php\/wp-json\/wp\/v2\/posts"}],"about":[{"href":"https:\/\/narteks.net\/index.php\/wp-json\/wp\/v2\/types\/post"}],"author":[{"embeddable":true,"href":"https:\/\/narteks.net\/index.php\/wp-json\/wp\/v2\/users\/1"}],"replies":[{"embeddable":true,"href":"https:\/\/narteks.net\/index.php\/wp-json\/wp\/v2\/comments?post=368"}],"version-history":[{"count":0,"href":"https:\/\/narteks.net\/index.php\/wp-json\/wp\/v2\/posts\/368\/revisions"}],"wp:attachment":[{"href":"https:\/\/narteks.net\/index.php\/wp-json\/wp\/v2\/media?parent=368"}],"wp:term":[{"taxonomy":"category","embeddable":true,"href":"https:\/\/narteks.net\/index.php\/wp-json\/wp\/v2\/categories?post=368"},{"taxonomy":"post_tag","embeddable":true,"href":"https:\/\/narteks.net\/index.php\/wp-json\/wp\/v2\/tags?post=368"}],"curies":[{"name":"wp","href":"https:\/\/api.w.org\/{rel}","templated":true}]}}