{"id":3680,"date":"2010-01-06T11:24:51","date_gmt":"2010-01-06T08:24:51","guid":{"rendered":"http:\/\/localhost\/wordpress\/2010\/01\/06\/yannis-ritsos-biyografisi\/"},"modified":"2010-01-06T11:24:51","modified_gmt":"2010-01-06T08:24:51","slug":"yannis-ritsos-biyografisi","status":"publish","type":"post","link":"https:\/\/narteks.net\/index.php\/2010\/01\/06\/yannis-ritsos-biyografisi\/","title":{"rendered":"Yannis R\u0130TSOS Biyografisi"},"content":{"rendered":"<p><img loading=\"lazy\" decoding=\"async\" src=\"http:\/\/www.xn--kadnca-r9a.com.tr\/wp-content\/uploads\/2010\/10\/selinozgurluk1.jpg\" border=\"0\" width=\"155\" height=\"205\" style=\"border: 0;\" \/><\/p>\n<p style=\"text-align: justify;\">Yannis Ritsos (1 May\u0131s, 1909 &#8211; 11 Kas\u0131m, 1990) Yunan \u015fair.<\/p>\n<p>Peloponez yar\u0131madas\u0131nda Monemvasia&#8217;da do\u011fdu. Ritsos liseyi bitirdikten sonra, on yedi ya\u015f\u0131nda Atina&#8217;ya gitti. Daha sonra y\u00fcksek \u00f6\u011frenimden vazge\u00e7ti. 1927\u20131931 y\u0131llar\u0131n\u0131 verem hastal\u0131\u011f\u0131 nedeniyle bir sanatoryumda ge\u00e7irdi. \u0130lk \u015fiirlerini bu d\u00f6nemde yay\u0131mlamaya ba\u015flad\u0131. 1931&#8217;te kom\u00fcnist gruplara kat\u0131ld\u0131, bu \u015fiirinin do\u011frultusunu \u00e7izdi; ilk \u015fiirlerinde burjuva kar\u015f\u0131t\u0131 devrimci sanat\u00e7\u0131lar\u0131n \u00e7izgisini izledi. Trakter (1934, Trakt\u00f6r) adl\u0131, Sovyetler Birli\u011fi&#8217;nde sosyalist d\u00fczeni ele ald\u0131\u011f\u0131 ve teknik temas\u0131n\u0131 da Yunan \u015fiirine sokan ilk kitab\u0131nda, nihilizme kar\u015f\u0131 tav\u0131r ald\u0131. Epitaphios (Yaz\u0131t-Mezar Yaz\u0131t\u0131) (1936) adl\u0131 kitab\u0131 Atina&#8217;da Zeus tap\u0131na\u011f\u0131nda, fa\u015fist cunta y\u00f6netimi taraf\u0131ndan t\u00f6renle yak\u0131ld\u0131.<\/p>\n<p>\u015eair, solcu siyasal g\u00f6r\u00fc\u015fleri y\u00fcz\u00fcnden Metaksas (Limnos, Agios Evstratios, Makronisos adalar\u0131) ve Papadopulos (Giaros ve Leros adalar\u0131) d\u00f6nemlerinde Ege Adalar\u0131nda s\u00fcrg\u00fcn olarak ya\u015fad\u0131. Ay\u0131\u015f\u0131\u011f\u0131 Sonat\u0131 (1956) adl\u0131 kitab\u0131yla Ulusal \u015eiir \u00d6d\u00fcl\u00fc&#8217;n\u00fc, 1976&#8217;da Etna-Taormina \u015eiir \u00d6d\u00fcl\u00fcn\u00fc ve pek \u00e7ok uluslararas\u0131 \u00f6d\u00fcl\u00fc kazand\u0131. Ritsos&#8217;un otuzdan \u00e7ok kitab\u0131 yay\u0131nlanm\u0131\u015ft\u0131r. Ritsos 1977 Lenin Uluslararas\u0131 Bar\u0131\u015f \u00d6d\u00fcl\u00fc&#8217;n\u00fc alm\u0131\u015ft\u0131r<\/p>\n<p>Ritsos, metaforlarla \u00f6r\u00fcl\u00fc \u015fiirlerinde, Yunanistan co\u011frafyas\u0131n\u0131 arka plana alarak, yurtseverlik duygular\u0131n\u0131 i\u015fledi. \u0130nsan\u0131n g\u00fcnl\u00fck ya\u015famdaki durumuna yakla\u015f\u0131m\u0131, nesnelere duydu\u011fu ilgi, ayr\u0131nt\u0131lar\u0131 b\u00fct\u00fcn yal\u0131nl\u0131\u011f\u0131yla yans\u0131tt\u0131\u011f\u0131 k\u0131sa \u015fiirlerinde iyice belirginle\u015fir.<\/p>\n<p>\u015eiirleri 80 kadar dile \u00e7evrilmi\u015f ve milyonlarca insana ula\u015fm\u0131\u015ft\u0131r.<\/p>\n<p style=\"text-align: justify;\">T\u00fcrk\u00e7eye \u00c7evrilen Eserleri<\/p>\n<p> * Al\u0131\u015fkanl\u0131klar Da De\u011fi\u015fir<br \/> * Umars\u0131z Penelope<br \/> * Ya\u015fl\u0131 Kad\u0131nlar ve Deniz<br \/> * Helena ve N\u00f6bet\u00e7i<br \/> * Boyun E\u011fmeyen \u00dclke<br \/> * Graganda<br \/> * Erotika<br \/> * Dikkatli Ariostos (Anlat\u0131\/Roman)<br \/> * Se\u00e7me \u015eiirler<br \/> * T\u00fcm \u015eiirleri<br \/> * \u00d6l\u00fc Ev<br \/> * Ta\u015flar, Yinelemeler, Parmakl\u0131klar<\/p>\n","protected":false},"excerpt":{"rendered":"<p>Yannis Ritsos (1 May\u0131s, 1909 &#8211; 11 Kas\u0131m, 1990) Yunan \u015fair. Peloponez yar\u0131madas\u0131nda Monemvasia&#8217;da do\u011fdu. Ritsos liseyi bitirdikten sonra, on yedi ya\u015f\u0131nda Atina&#8217;ya gitti. Daha sonra y\u00fcksek \u00f6\u011frenimden vazge\u00e7ti. 1927\u20131931 y\u0131llar\u0131n\u0131 verem hastal\u0131\u011f\u0131 nedeniyle bir sanatoryumda ge\u00e7irdi. \u0130lk \u015fiirlerini bu d\u00f6nemde yay\u0131mlamaya ba\u015flad\u0131. 1931&#8217;te kom\u00fcnist gruplara kat\u0131ld\u0131, bu \u015fiirinin do\u011frultusunu \u00e7izdi; ilk \u015fiirlerinde burjuva kar\u015f\u0131t\u0131 [&hellip;]<\/p>\n","protected":false},"author":1,"featured_media":0,"comment_status":"open","ping_status":"open","sticky":false,"template":"","format":"standard","meta":{"footnotes":""},"categories":[126],"tags":[],"class_list":{"0":"post-3680","1":"post","2":"type-post","3":"status-publish","4":"format-standard","6":"category-yannis-ritsos"},"yoast_head":"<!-- This site is optimized with the Yoast SEO Premium plugin v24.9 (Yoast SEO v24.9) - https:\/\/yoast.com\/wordpress\/plugins\/seo\/ -->\n<title>Yannis R\u0130TSOS Biyografisi - narteks.net<\/title>\n<meta name=\"robots\" content=\"index, follow, max-snippet:-1, max-image-preview:large, max-video-preview:-1\" \/>\n<link rel=\"canonical\" href=\"https:\/\/narteks.net\/index.php\/2010\/01\/06\/yannis-ritsos-biyografisi\/\" \/>\n<meta property=\"og:locale\" content=\"tr_TR\" \/>\n<meta property=\"og:type\" content=\"article\" \/>\n<meta property=\"og:title\" content=\"Yannis R\u0130TSOS Biyografisi\" \/>\n<meta property=\"og:description\" content=\"Yannis Ritsos (1 May\u0131s, 1909 &#8211; 11 Kas\u0131m, 1990) Yunan \u015fair. Peloponez yar\u0131madas\u0131nda Monemvasia&#8217;da do\u011fdu. Ritsos liseyi bitirdikten sonra, on yedi ya\u015f\u0131nda Atina&#8217;ya gitti. Daha sonra y\u00fcksek \u00f6\u011frenimden vazge\u00e7ti. 1927\u20131931 y\u0131llar\u0131n\u0131 verem hastal\u0131\u011f\u0131 nedeniyle bir sanatoryumda ge\u00e7irdi. \u0130lk \u015fiirlerini bu d\u00f6nemde yay\u0131mlamaya ba\u015flad\u0131. 1931&#8217;te kom\u00fcnist gruplara kat\u0131ld\u0131, bu \u015fiirinin do\u011frultusunu \u00e7izdi; ilk \u015fiirlerinde burjuva kar\u015f\u0131t\u0131 [&hellip;]\" \/>\n<meta property=\"og:url\" content=\"https:\/\/narteks.net\/index.php\/2010\/01\/06\/yannis-ritsos-biyografisi\/\" \/>\n<meta property=\"og:site_name\" content=\"narteks.net\" \/>\n<meta property=\"article:published_time\" content=\"2010-01-06T08:24:51+00:00\" \/>\n<meta property=\"og:image\" content=\"http:\/\/www.xn--kadnca-r9a.com.tr\/wp-content\/uploads\/2010\/10\/selinozgurluk1.jpg\" \/>\n<meta name=\"author\" content=\"Tar\u0131k\" \/>\n<meta name=\"twitter:card\" content=\"summary_large_image\" \/>\n<meta name=\"twitter:creator\" content=\"@narteks\" \/>\n<meta name=\"twitter:site\" content=\"@narteks\" \/>\n<meta name=\"twitter:label1\" content=\"Yazan:\" \/>\n\t<meta name=\"twitter:data1\" content=\"Tar\u0131k\" \/>\n\t<meta name=\"twitter:label2\" content=\"Tahmini okuma s\u00fcresi\" \/>\n\t<meta name=\"twitter:data2\" content=\"2 dakika\" \/>\n<script type=\"application\/ld+json\" class=\"yoast-schema-graph\">{\"@context\":\"https:\/\/schema.org\",\"@graph\":[{\"@type\":\"Article\",\"@id\":\"https:\/\/narteks.net\/index.php\/2010\/01\/06\/yannis-ritsos-biyografisi\/#article\",\"isPartOf\":{\"@id\":\"https:\/\/narteks.net\/index.php\/2010\/01\/06\/yannis-ritsos-biyografisi\/\"},\"author\":{\"name\":\"Tar\u0131k\",\"@id\":\"https:\/\/narteks.net\/#\/schema\/person\/61f37d9834294b72d31d274e7ed79bca\"},\"headline\":\"Yannis R\u0130TSOS Biyografisi\",\"datePublished\":\"2010-01-06T08:24:51+00:00\",\"mainEntityOfPage\":{\"@id\":\"https:\/\/narteks.net\/index.php\/2010\/01\/06\/yannis-ritsos-biyografisi\/\"},\"wordCount\":310,\"commentCount\":0,\"publisher\":{\"@id\":\"https:\/\/narteks.net\/#organization\"},\"image\":{\"@id\":\"https:\/\/narteks.net\/index.php\/2010\/01\/06\/yannis-ritsos-biyografisi\/#primaryimage\"},\"thumbnailUrl\":\"http:\/\/www.xn--kadnca-r9a.com.tr\/wp-content\/uploads\/2010\/10\/selinozgurluk1.jpg\",\"articleSection\":[\"Yannis R\u0130TSOS\"],\"inLanguage\":\"tr\",\"potentialAction\":[{\"@type\":\"CommentAction\",\"name\":\"Comment\",\"target\":[\"https:\/\/narteks.net\/index.php\/2010\/01\/06\/yannis-ritsos-biyografisi\/#respond\"]}]},{\"@type\":\"WebPage\",\"@id\":\"https:\/\/narteks.net\/index.php\/2010\/01\/06\/yannis-ritsos-biyografisi\/\",\"url\":\"https:\/\/narteks.net\/index.php\/2010\/01\/06\/yannis-ritsos-biyografisi\/\",\"name\":\"Yannis R\u0130TSOS Biyografisi - narteks.net\",\"isPartOf\":{\"@id\":\"https:\/\/narteks.net\/#website\"},\"primaryImageOfPage\":{\"@id\":\"https:\/\/narteks.net\/index.php\/2010\/01\/06\/yannis-ritsos-biyografisi\/#primaryimage\"},\"image\":{\"@id\":\"https:\/\/narteks.net\/index.php\/2010\/01\/06\/yannis-ritsos-biyografisi\/#primaryimage\"},\"thumbnailUrl\":\"http:\/\/www.xn--kadnca-r9a.com.tr\/wp-content\/uploads\/2010\/10\/selinozgurluk1.jpg\",\"datePublished\":\"2010-01-06T08:24:51+00:00\",\"breadcrumb\":{\"@id\":\"https:\/\/narteks.net\/index.php\/2010\/01\/06\/yannis-ritsos-biyografisi\/#breadcrumb\"},\"inLanguage\":\"tr\",\"potentialAction\":[{\"@type\":\"ReadAction\",\"target\":[\"https:\/\/narteks.net\/index.php\/2010\/01\/06\/yannis-ritsos-biyografisi\/\"]}]},{\"@type\":\"ImageObject\",\"inLanguage\":\"tr\",\"@id\":\"https:\/\/narteks.net\/index.php\/2010\/01\/06\/yannis-ritsos-biyografisi\/#primaryimage\",\"url\":\"http:\/\/www.xn--kadnca-r9a.com.tr\/wp-content\/uploads\/2010\/10\/selinozgurluk1.jpg\",\"contentUrl\":\"http:\/\/www.xn--kadnca-r9a.com.tr\/wp-content\/uploads\/2010\/10\/selinozgurluk1.jpg\"},{\"@type\":\"BreadcrumbList\",\"@id\":\"https:\/\/narteks.net\/index.php\/2010\/01\/06\/yannis-ritsos-biyografisi\/#breadcrumb\",\"itemListElement\":[{\"@type\":\"ListItem\",\"position\":1,\"name\":\"Anasayfa\",\"item\":\"https:\/\/narteks.net\/\"},{\"@type\":\"ListItem\",\"position\":2,\"name\":\"Yannis R\u0130TSOS Biyografisi\"}]},{\"@type\":\"WebSite\",\"@id\":\"https:\/\/narteks.net\/#website\",\"url\":\"https:\/\/narteks.net\/\",\"name\":\"narteks.net\",\"description\":\"K\u00fclt\u00fcr Sanat Edebiyat Felsefe\",\"publisher\":{\"@id\":\"https:\/\/narteks.net\/#organization\"},\"alternateName\":\"K\u00fclt\u00fcr Sanat Edebiyat Felsefe\",\"potentialAction\":[{\"@type\":\"SearchAction\",\"target\":{\"@type\":\"EntryPoint\",\"urlTemplate\":\"https:\/\/narteks.net\/?s={search_term_string}\"},\"query-input\":{\"@type\":\"PropertyValueSpecification\",\"valueRequired\":true,\"valueName\":\"search_term_string\"}}],\"inLanguage\":\"tr\"},{\"@type\":\"Organization\",\"@id\":\"https:\/\/narteks.net\/#organization\",\"name\":\"narteks.net\",\"url\":\"https:\/\/narteks.net\/\",\"logo\":{\"@type\":\"ImageObject\",\"inLanguage\":\"tr\",\"@id\":\"https:\/\/narteks.net\/#\/schema\/logo\/image\/\",\"url\":\"https:\/\/narteks.net\/wp-content\/uploads\/narteks.png\",\"contentUrl\":\"https:\/\/narteks.net\/wp-content\/uploads\/narteks.png\",\"width\":300,\"height\":90,\"caption\":\"narteks.net\"},\"image\":{\"@id\":\"https:\/\/narteks.net\/#\/schema\/logo\/image\/\"},\"sameAs\":[\"https:\/\/x.com\/narteks\",\"https:\/\/instagram.com\/narteksnet\"]},{\"@type\":\"Person\",\"@id\":\"https:\/\/narteks.net\/#\/schema\/person\/61f37d9834294b72d31d274e7ed79bca\",\"name\":\"Tar\u0131k\",\"image\":{\"@type\":\"ImageObject\",\"inLanguage\":\"tr\",\"@id\":\"https:\/\/narteks.net\/#\/schema\/person\/image\/\",\"url\":\"https:\/\/secure.gravatar.com\/avatar\/50865afb55632c4ae467e0af0930f6510aa2297d8014be502a55b14f3b7550cf?s=96&d=mm&r=g\",\"contentUrl\":\"https:\/\/secure.gravatar.com\/avatar\/50865afb55632c4ae467e0af0930f6510aa2297d8014be502a55b14f3b7550cf?s=96&d=mm&r=g\",\"caption\":\"Tar\u0131k\"},\"sameAs\":[\"http:\/\/narteks.net\"],\"url\":\"https:\/\/narteks.net\/index.php\/author\/narbak\/\"}]}<\/script>\n<!-- \/ Yoast SEO Premium plugin. -->","yoast_head_json":{"title":"Yannis R\u0130TSOS Biyografisi - narteks.net","robots":{"index":"index","follow":"follow","max-snippet":"max-snippet:-1","max-image-preview":"max-image-preview:large","max-video-preview":"max-video-preview:-1"},"canonical":"https:\/\/narteks.net\/index.php\/2010\/01\/06\/yannis-ritsos-biyografisi\/","og_locale":"tr_TR","og_type":"article","og_title":"Yannis R\u0130TSOS Biyografisi","og_description":"Yannis Ritsos (1 May\u0131s, 1909 &#8211; 11 Kas\u0131m, 1990) Yunan \u015fair. Peloponez yar\u0131madas\u0131nda Monemvasia&#8217;da do\u011fdu. Ritsos liseyi bitirdikten sonra, on yedi ya\u015f\u0131nda Atina&#8217;ya gitti. Daha sonra y\u00fcksek \u00f6\u011frenimden vazge\u00e7ti. 1927\u20131931 y\u0131llar\u0131n\u0131 verem hastal\u0131\u011f\u0131 nedeniyle bir sanatoryumda ge\u00e7irdi. \u0130lk \u015fiirlerini bu d\u00f6nemde yay\u0131mlamaya ba\u015flad\u0131. 1931&#8217;te kom\u00fcnist gruplara kat\u0131ld\u0131, bu \u015fiirinin do\u011frultusunu \u00e7izdi; ilk \u015fiirlerinde burjuva kar\u015f\u0131t\u0131 [&hellip;]","og_url":"https:\/\/narteks.net\/index.php\/2010\/01\/06\/yannis-ritsos-biyografisi\/","og_site_name":"narteks.net","article_published_time":"2010-01-06T08:24:51+00:00","og_image":[{"url":"http:\/\/www.xn--kadnca-r9a.com.tr\/wp-content\/uploads\/2010\/10\/selinozgurluk1.jpg","type":"","width":"","height":""}],"author":"Tar\u0131k","twitter_card":"summary_large_image","twitter_creator":"@narteks","twitter_site":"@narteks","twitter_misc":{"Yazan:":"Tar\u0131k","Tahmini okuma s\u00fcresi":"2 dakika"},"schema":{"@context":"https:\/\/schema.org","@graph":[{"@type":"Article","@id":"https:\/\/narteks.net\/index.php\/2010\/01\/06\/yannis-ritsos-biyografisi\/#article","isPartOf":{"@id":"https:\/\/narteks.net\/index.php\/2010\/01\/06\/yannis-ritsos-biyografisi\/"},"author":{"name":"Tar\u0131k","@id":"https:\/\/narteks.net\/#\/schema\/person\/61f37d9834294b72d31d274e7ed79bca"},"headline":"Yannis R\u0130TSOS Biyografisi","datePublished":"2010-01-06T08:24:51+00:00","mainEntityOfPage":{"@id":"https:\/\/narteks.net\/index.php\/2010\/01\/06\/yannis-ritsos-biyografisi\/"},"wordCount":310,"commentCount":0,"publisher":{"@id":"https:\/\/narteks.net\/#organization"},"image":{"@id":"https:\/\/narteks.net\/index.php\/2010\/01\/06\/yannis-ritsos-biyografisi\/#primaryimage"},"thumbnailUrl":"http:\/\/www.xn--kadnca-r9a.com.tr\/wp-content\/uploads\/2010\/10\/selinozgurluk1.jpg","articleSection":["Yannis R\u0130TSOS"],"inLanguage":"tr","potentialAction":[{"@type":"CommentAction","name":"Comment","target":["https:\/\/narteks.net\/index.php\/2010\/01\/06\/yannis-ritsos-biyografisi\/#respond"]}]},{"@type":"WebPage","@id":"https:\/\/narteks.net\/index.php\/2010\/01\/06\/yannis-ritsos-biyografisi\/","url":"https:\/\/narteks.net\/index.php\/2010\/01\/06\/yannis-ritsos-biyografisi\/","name":"Yannis R\u0130TSOS Biyografisi - narteks.net","isPartOf":{"@id":"https:\/\/narteks.net\/#website"},"primaryImageOfPage":{"@id":"https:\/\/narteks.net\/index.php\/2010\/01\/06\/yannis-ritsos-biyografisi\/#primaryimage"},"image":{"@id":"https:\/\/narteks.net\/index.php\/2010\/01\/06\/yannis-ritsos-biyografisi\/#primaryimage"},"thumbnailUrl":"http:\/\/www.xn--kadnca-r9a.com.tr\/wp-content\/uploads\/2010\/10\/selinozgurluk1.jpg","datePublished":"2010-01-06T08:24:51+00:00","breadcrumb":{"@id":"https:\/\/narteks.net\/index.php\/2010\/01\/06\/yannis-ritsos-biyografisi\/#breadcrumb"},"inLanguage":"tr","potentialAction":[{"@type":"ReadAction","target":["https:\/\/narteks.net\/index.php\/2010\/01\/06\/yannis-ritsos-biyografisi\/"]}]},{"@type":"ImageObject","inLanguage":"tr","@id":"https:\/\/narteks.net\/index.php\/2010\/01\/06\/yannis-ritsos-biyografisi\/#primaryimage","url":"http:\/\/www.xn--kadnca-r9a.com.tr\/wp-content\/uploads\/2010\/10\/selinozgurluk1.jpg","contentUrl":"http:\/\/www.xn--kadnca-r9a.com.tr\/wp-content\/uploads\/2010\/10\/selinozgurluk1.jpg"},{"@type":"BreadcrumbList","@id":"https:\/\/narteks.net\/index.php\/2010\/01\/06\/yannis-ritsos-biyografisi\/#breadcrumb","itemListElement":[{"@type":"ListItem","position":1,"name":"Anasayfa","item":"https:\/\/narteks.net\/"},{"@type":"ListItem","position":2,"name":"Yannis R\u0130TSOS Biyografisi"}]},{"@type":"WebSite","@id":"https:\/\/narteks.net\/#website","url":"https:\/\/narteks.net\/","name":"narteks.net","description":"K\u00fclt\u00fcr Sanat Edebiyat Felsefe","publisher":{"@id":"https:\/\/narteks.net\/#organization"},"alternateName":"K\u00fclt\u00fcr Sanat Edebiyat Felsefe","potentialAction":[{"@type":"SearchAction","target":{"@type":"EntryPoint","urlTemplate":"https:\/\/narteks.net\/?s={search_term_string}"},"query-input":{"@type":"PropertyValueSpecification","valueRequired":true,"valueName":"search_term_string"}}],"inLanguage":"tr"},{"@type":"Organization","@id":"https:\/\/narteks.net\/#organization","name":"narteks.net","url":"https:\/\/narteks.net\/","logo":{"@type":"ImageObject","inLanguage":"tr","@id":"https:\/\/narteks.net\/#\/schema\/logo\/image\/","url":"https:\/\/narteks.net\/wp-content\/uploads\/narteks.png","contentUrl":"https:\/\/narteks.net\/wp-content\/uploads\/narteks.png","width":300,"height":90,"caption":"narteks.net"},"image":{"@id":"https:\/\/narteks.net\/#\/schema\/logo\/image\/"},"sameAs":["https:\/\/x.com\/narteks","https:\/\/instagram.com\/narteksnet"]},{"@type":"Person","@id":"https:\/\/narteks.net\/#\/schema\/person\/61f37d9834294b72d31d274e7ed79bca","name":"Tar\u0131k","image":{"@type":"ImageObject","inLanguage":"tr","@id":"https:\/\/narteks.net\/#\/schema\/person\/image\/","url":"https:\/\/secure.gravatar.com\/avatar\/50865afb55632c4ae467e0af0930f6510aa2297d8014be502a55b14f3b7550cf?s=96&d=mm&r=g","contentUrl":"https:\/\/secure.gravatar.com\/avatar\/50865afb55632c4ae467e0af0930f6510aa2297d8014be502a55b14f3b7550cf?s=96&d=mm&r=g","caption":"Tar\u0131k"},"sameAs":["http:\/\/narteks.net"],"url":"https:\/\/narteks.net\/index.php\/author\/narbak\/"}]}},"_links":{"self":[{"href":"https:\/\/narteks.net\/index.php\/wp-json\/wp\/v2\/posts\/3680","targetHints":{"allow":["GET"]}}],"collection":[{"href":"https:\/\/narteks.net\/index.php\/wp-json\/wp\/v2\/posts"}],"about":[{"href":"https:\/\/narteks.net\/index.php\/wp-json\/wp\/v2\/types\/post"}],"author":[{"embeddable":true,"href":"https:\/\/narteks.net\/index.php\/wp-json\/wp\/v2\/users\/1"}],"replies":[{"embeddable":true,"href":"https:\/\/narteks.net\/index.php\/wp-json\/wp\/v2\/comments?post=3680"}],"version-history":[{"count":0,"href":"https:\/\/narteks.net\/index.php\/wp-json\/wp\/v2\/posts\/3680\/revisions"}],"wp:attachment":[{"href":"https:\/\/narteks.net\/index.php\/wp-json\/wp\/v2\/media?parent=3680"}],"wp:term":[{"taxonomy":"category","embeddable":true,"href":"https:\/\/narteks.net\/index.php\/wp-json\/wp\/v2\/categories?post=3680"},{"taxonomy":"post_tag","embeddable":true,"href":"https:\/\/narteks.net\/index.php\/wp-json\/wp\/v2\/tags?post=3680"}],"curies":[{"name":"wp","href":"https:\/\/api.w.org\/{rel}","templated":true}]}}