{"id":3685,"date":"2010-01-06T11:31:00","date_gmt":"2010-01-06T08:31:00","guid":{"rendered":"http:\/\/localhost\/wordpress\/2010\/01\/06\/kiz-kardesimin-turkusu\/"},"modified":"2010-01-06T11:31:00","modified_gmt":"2010-01-06T08:31:00","slug":"kiz-kardesimin-turkusu","status":"publish","type":"post","link":"https:\/\/narteks.net\/index.php\/2010\/01\/06\/kiz-kardesimin-turkusu\/","title":{"rendered":"KIZ KARDE\u015e\u0130M\u0130N T\u00dcRK\u00dcS\u00dc"},"content":{"rendered":"<p>\u00a0<\/p>\n<p>G\u00f6klere inan\u0131rd\u0131m eskiden,<br \/>ama sen, denizlerin<br \/>derinli\u011fini g\u00f6sterdin bana,<br \/>\u00f6l\u00fc kentleri,<br \/>unutulmu\u015f ormanlar\u0131,<br \/>bo\u011fulmu\u015f g\u00fcr\u00fclt\u00fcleriyle.<br \/>G\u00f6k \u015fimdi yaral\u0131 bir mart\u0131,<br \/>s\u00fcz\u00fcld\u00fc denize.<br \/>Sana karga\u015fal\u0131\u011f\u0131n \u00fczerindeki<br \/>k\u00f6pr\u00fcy\u00fc kurmaya \u00e7al\u0131\u015fan bu el<br \/>k\u0131r\u0131ld\u0131.<br \/>Bak bana:<br \/>ne kadar \u00e7\u0131plak ve su\u00e7suz<br \/>duruyorum \u00f6n\u00fcnde.<br \/>\u00dc\u015f\u00fcyorum, bac\u0131m.<br \/>Kim getirecek bize<br \/>ellerimizi \u0131s\u0131tacak g\u00fcne\u015fi?<br \/>Susuyorum. Dinliyorum.<br \/>Kimseler ge\u00e7miyor<br \/>gecemizin karanl\u0131k soka\u011f\u0131ndan.<br \/>Y\u0131ld\u0131zlar kazaya u\u011fram\u0131\u015f<br \/>karanl\u0131k surlar\u0131n<br \/>ucunda sendelerken<br \/>kopar\u0131p al\u0131nan bir kartal\u0131n<br \/>paslanm\u0131\u015f g\u00f6zlerinde.<br \/>Ba\u011fl\u0131 ellerin<br \/>kap\u0131yor \u00e7\u0131k\u0131\u015f yolunu.<br \/>Yaln\u0131z senin sesin<br \/>ad\u0131ml\u0131yor gecenin dehlizini<br \/>\u00e7arparak ta\u015flara<br \/>uzun k\u0131l\u0131c\u0131n\u0131.<br \/>Vakit ge\u00e7.<br \/>\u00d6l\u00fcm geri \u00e7eviriyor beni.<br \/>Hayat istemiyor.<br \/>Ben \u015fimdi nereye gidebilirim ki?<\/p>\n<p>Yannis R\u0130TSOS<\/p>\n<p>\u00e7eviren: Cevat \u00c7apan<\/p>\n","protected":false},"excerpt":{"rendered":"<p>\u00a0 G\u00f6klere inan\u0131rd\u0131m eskiden,ama sen, denizlerinderinli\u011fini g\u00f6sterdin bana,\u00f6l\u00fc kentleri,unutulmu\u015f ormanlar\u0131,bo\u011fulmu\u015f g\u00fcr\u00fclt\u00fcleriyle.G\u00f6k \u015fimdi yaral\u0131 bir mart\u0131,s\u00fcz\u00fcld\u00fc denize.Sana karga\u015fal\u0131\u011f\u0131n \u00fczerindekik\u00f6pr\u00fcy\u00fc kurmaya \u00e7al\u0131\u015fan bu elk\u0131r\u0131ld\u0131.Bak bana:ne kadar \u00e7\u0131plak ve su\u00e7suzduruyorum \u00f6n\u00fcnde.\u00dc\u015f\u00fcyorum, bac\u0131m.Kim getirecek bizeellerimizi \u0131s\u0131tacak g\u00fcne\u015fi?Susuyorum. Dinliyorum.Kimseler ge\u00e7miyorgecemizin karanl\u0131k soka\u011f\u0131ndan.Y\u0131ld\u0131zlar kazaya u\u011fram\u0131\u015fkaranl\u0131k surlar\u0131nucunda sendelerkenkopar\u0131p al\u0131nan bir kartal\u0131npaslanm\u0131\u015f g\u00f6zlerinde.Ba\u011fl\u0131 ellerinkap\u0131yor \u00e7\u0131k\u0131\u015f yolunu.Yaln\u0131z senin sesinad\u0131ml\u0131yor gecenin dehlizini\u00e7arparak ta\u015flarauzun k\u0131l\u0131c\u0131n\u0131.Vakit ge\u00e7.\u00d6l\u00fcm [&hellip;]<\/p>\n","protected":false},"author":1,"featured_media":0,"comment_status":"open","ping_status":"open","sticky":false,"template":"","format":"standard","meta":{"footnotes":""},"categories":[126],"tags":[],"class_list":{"0":"post-3685","1":"post","2":"type-post","3":"status-publish","4":"format-standard","6":"category-yannis-ritsos"},"yoast_head":"<!-- This site is optimized with the Yoast SEO Premium plugin v24.9 (Yoast SEO v24.9) - https:\/\/yoast.com\/wordpress\/plugins\/seo\/ -->\n<title>KIZ KARDE\u015e\u0130M\u0130N T\u00dcRK\u00dcS\u00dc - narteks.net<\/title>\n<meta name=\"robots\" content=\"index, follow, max-snippet:-1, max-image-preview:large, max-video-preview:-1\" \/>\n<link rel=\"canonical\" href=\"https:\/\/narteks.net\/index.php\/2010\/01\/06\/kiz-kardesimin-turkusu\/\" \/>\n<meta property=\"og:locale\" content=\"tr_TR\" \/>\n<meta property=\"og:type\" content=\"article\" \/>\n<meta property=\"og:title\" content=\"KIZ KARDE\u015e\u0130M\u0130N T\u00dcRK\u00dcS\u00dc\" \/>\n<meta property=\"og:description\" content=\"\u00a0 G\u00f6klere inan\u0131rd\u0131m eskiden,ama sen, denizlerinderinli\u011fini g\u00f6sterdin bana,\u00f6l\u00fc kentleri,unutulmu\u015f ormanlar\u0131,bo\u011fulmu\u015f g\u00fcr\u00fclt\u00fcleriyle.G\u00f6k \u015fimdi yaral\u0131 bir mart\u0131,s\u00fcz\u00fcld\u00fc denize.Sana karga\u015fal\u0131\u011f\u0131n \u00fczerindekik\u00f6pr\u00fcy\u00fc kurmaya \u00e7al\u0131\u015fan bu elk\u0131r\u0131ld\u0131.Bak bana:ne kadar \u00e7\u0131plak ve su\u00e7suzduruyorum \u00f6n\u00fcnde.\u00dc\u015f\u00fcyorum, bac\u0131m.Kim getirecek bizeellerimizi \u0131s\u0131tacak g\u00fcne\u015fi?Susuyorum. Dinliyorum.Kimseler ge\u00e7miyorgecemizin karanl\u0131k soka\u011f\u0131ndan.Y\u0131ld\u0131zlar kazaya u\u011fram\u0131\u015fkaranl\u0131k surlar\u0131nucunda sendelerkenkopar\u0131p al\u0131nan bir kartal\u0131npaslanm\u0131\u015f g\u00f6zlerinde.Ba\u011fl\u0131 ellerinkap\u0131yor \u00e7\u0131k\u0131\u015f yolunu.Yaln\u0131z senin sesinad\u0131ml\u0131yor gecenin dehlizini\u00e7arparak ta\u015flarauzun k\u0131l\u0131c\u0131n\u0131.Vakit ge\u00e7.\u00d6l\u00fcm [&hellip;]\" \/>\n<meta property=\"og:url\" content=\"https:\/\/narteks.net\/index.php\/2010\/01\/06\/kiz-kardesimin-turkusu\/\" \/>\n<meta property=\"og:site_name\" content=\"narteks.net\" \/>\n<meta property=\"article:published_time\" content=\"2010-01-06T08:31:00+00:00\" \/>\n<meta property=\"og:image\" content=\"https:\/\/narteks.net\/wp-content\/uploads\/narteks.png\" \/>\n\t<meta property=\"og:image:width\" content=\"300\" \/>\n\t<meta property=\"og:image:height\" content=\"90\" \/>\n\t<meta property=\"og:image:type\" content=\"image\/png\" \/>\n<meta name=\"author\" content=\"Tar\u0131k\" \/>\n<meta name=\"twitter:card\" content=\"summary_large_image\" \/>\n<meta name=\"twitter:creator\" content=\"@narteks\" \/>\n<meta name=\"twitter:site\" content=\"@narteks\" \/>\n<meta name=\"twitter:label1\" content=\"Yazan:\" \/>\n\t<meta name=\"twitter:data1\" content=\"Tar\u0131k\" \/>\n\t<meta name=\"twitter:label2\" content=\"Tahmini okuma s\u00fcresi\" \/>\n\t<meta name=\"twitter:data2\" content=\"1 dakika\" \/>\n<script type=\"application\/ld+json\" class=\"yoast-schema-graph\">{\"@context\":\"https:\/\/schema.org\",\"@graph\":[{\"@type\":\"Article\",\"@id\":\"https:\/\/narteks.net\/index.php\/2010\/01\/06\/kiz-kardesimin-turkusu\/#article\",\"isPartOf\":{\"@id\":\"https:\/\/narteks.net\/index.php\/2010\/01\/06\/kiz-kardesimin-turkusu\/\"},\"author\":{\"name\":\"Tar\u0131k\",\"@id\":\"https:\/\/narteks.net\/#\/schema\/person\/61f37d9834294b72d31d274e7ed79bca\"},\"headline\":\"KIZ KARDE\u015e\u0130M\u0130N T\u00dcRK\u00dcS\u00dc\",\"datePublished\":\"2010-01-06T08:31:00+00:00\",\"mainEntityOfPage\":{\"@id\":\"https:\/\/narteks.net\/index.php\/2010\/01\/06\/kiz-kardesimin-turkusu\/\"},\"wordCount\":144,\"commentCount\":0,\"publisher\":{\"@id\":\"https:\/\/narteks.net\/#organization\"},\"articleSection\":[\"Yannis R\u0130TSOS\"],\"inLanguage\":\"tr\",\"potentialAction\":[{\"@type\":\"CommentAction\",\"name\":\"Comment\",\"target\":[\"https:\/\/narteks.net\/index.php\/2010\/01\/06\/kiz-kardesimin-turkusu\/#respond\"]}]},{\"@type\":\"WebPage\",\"@id\":\"https:\/\/narteks.net\/index.php\/2010\/01\/06\/kiz-kardesimin-turkusu\/\",\"url\":\"https:\/\/narteks.net\/index.php\/2010\/01\/06\/kiz-kardesimin-turkusu\/\",\"name\":\"KIZ KARDE\u015e\u0130M\u0130N T\u00dcRK\u00dcS\u00dc - narteks.net\",\"isPartOf\":{\"@id\":\"https:\/\/narteks.net\/#website\"},\"datePublished\":\"2010-01-06T08:31:00+00:00\",\"breadcrumb\":{\"@id\":\"https:\/\/narteks.net\/index.php\/2010\/01\/06\/kiz-kardesimin-turkusu\/#breadcrumb\"},\"inLanguage\":\"tr\",\"potentialAction\":[{\"@type\":\"ReadAction\",\"target\":[\"https:\/\/narteks.net\/index.php\/2010\/01\/06\/kiz-kardesimin-turkusu\/\"]}]},{\"@type\":\"BreadcrumbList\",\"@id\":\"https:\/\/narteks.net\/index.php\/2010\/01\/06\/kiz-kardesimin-turkusu\/#breadcrumb\",\"itemListElement\":[{\"@type\":\"ListItem\",\"position\":1,\"name\":\"Anasayfa\",\"item\":\"https:\/\/narteks.net\/\"},{\"@type\":\"ListItem\",\"position\":2,\"name\":\"KIZ KARDE\u015e\u0130M\u0130N T\u00dcRK\u00dcS\u00dc\"}]},{\"@type\":\"WebSite\",\"@id\":\"https:\/\/narteks.net\/#website\",\"url\":\"https:\/\/narteks.net\/\",\"name\":\"narteks.net\",\"description\":\"K\u00fclt\u00fcr Sanat Edebiyat Felsefe\",\"publisher\":{\"@id\":\"https:\/\/narteks.net\/#organization\"},\"alternateName\":\"K\u00fclt\u00fcr Sanat Edebiyat Felsefe\",\"potentialAction\":[{\"@type\":\"SearchAction\",\"target\":{\"@type\":\"EntryPoint\",\"urlTemplate\":\"https:\/\/narteks.net\/?s={search_term_string}\"},\"query-input\":{\"@type\":\"PropertyValueSpecification\",\"valueRequired\":true,\"valueName\":\"search_term_string\"}}],\"inLanguage\":\"tr\"},{\"@type\":\"Organization\",\"@id\":\"https:\/\/narteks.net\/#organization\",\"name\":\"narteks.net\",\"url\":\"https:\/\/narteks.net\/\",\"logo\":{\"@type\":\"ImageObject\",\"inLanguage\":\"tr\",\"@id\":\"https:\/\/narteks.net\/#\/schema\/logo\/image\/\",\"url\":\"https:\/\/narteks.net\/wp-content\/uploads\/narteks.png\",\"contentUrl\":\"https:\/\/narteks.net\/wp-content\/uploads\/narteks.png\",\"width\":300,\"height\":90,\"caption\":\"narteks.net\"},\"image\":{\"@id\":\"https:\/\/narteks.net\/#\/schema\/logo\/image\/\"},\"sameAs\":[\"https:\/\/x.com\/narteks\",\"https:\/\/instagram.com\/narteksnet\"]},{\"@type\":\"Person\",\"@id\":\"https:\/\/narteks.net\/#\/schema\/person\/61f37d9834294b72d31d274e7ed79bca\",\"name\":\"Tar\u0131k\",\"image\":{\"@type\":\"ImageObject\",\"inLanguage\":\"tr\",\"@id\":\"https:\/\/narteks.net\/#\/schema\/person\/image\/\",\"url\":\"https:\/\/secure.gravatar.com\/avatar\/50865afb55632c4ae467e0af0930f6510aa2297d8014be502a55b14f3b7550cf?s=96&d=mm&r=g\",\"contentUrl\":\"https:\/\/secure.gravatar.com\/avatar\/50865afb55632c4ae467e0af0930f6510aa2297d8014be502a55b14f3b7550cf?s=96&d=mm&r=g\",\"caption\":\"Tar\u0131k\"},\"sameAs\":[\"http:\/\/narteks.net\"],\"url\":\"https:\/\/narteks.net\/index.php\/author\/narbak\/\"}]}<\/script>\n<!-- \/ Yoast SEO Premium plugin. -->","yoast_head_json":{"title":"KIZ KARDE\u015e\u0130M\u0130N T\u00dcRK\u00dcS\u00dc - narteks.net","robots":{"index":"index","follow":"follow","max-snippet":"max-snippet:-1","max-image-preview":"max-image-preview:large","max-video-preview":"max-video-preview:-1"},"canonical":"https:\/\/narteks.net\/index.php\/2010\/01\/06\/kiz-kardesimin-turkusu\/","og_locale":"tr_TR","og_type":"article","og_title":"KIZ KARDE\u015e\u0130M\u0130N T\u00dcRK\u00dcS\u00dc","og_description":"\u00a0 G\u00f6klere inan\u0131rd\u0131m eskiden,ama sen, denizlerinderinli\u011fini g\u00f6sterdin bana,\u00f6l\u00fc kentleri,unutulmu\u015f ormanlar\u0131,bo\u011fulmu\u015f g\u00fcr\u00fclt\u00fcleriyle.G\u00f6k \u015fimdi yaral\u0131 bir mart\u0131,s\u00fcz\u00fcld\u00fc denize.Sana karga\u015fal\u0131\u011f\u0131n \u00fczerindekik\u00f6pr\u00fcy\u00fc kurmaya \u00e7al\u0131\u015fan bu elk\u0131r\u0131ld\u0131.Bak bana:ne kadar \u00e7\u0131plak ve su\u00e7suzduruyorum \u00f6n\u00fcnde.\u00dc\u015f\u00fcyorum, bac\u0131m.Kim getirecek bizeellerimizi \u0131s\u0131tacak g\u00fcne\u015fi?Susuyorum. Dinliyorum.Kimseler ge\u00e7miyorgecemizin karanl\u0131k soka\u011f\u0131ndan.Y\u0131ld\u0131zlar kazaya u\u011fram\u0131\u015fkaranl\u0131k surlar\u0131nucunda sendelerkenkopar\u0131p al\u0131nan bir kartal\u0131npaslanm\u0131\u015f g\u00f6zlerinde.Ba\u011fl\u0131 ellerinkap\u0131yor \u00e7\u0131k\u0131\u015f yolunu.Yaln\u0131z senin sesinad\u0131ml\u0131yor gecenin dehlizini\u00e7arparak ta\u015flarauzun k\u0131l\u0131c\u0131n\u0131.Vakit ge\u00e7.\u00d6l\u00fcm [&hellip;]","og_url":"https:\/\/narteks.net\/index.php\/2010\/01\/06\/kiz-kardesimin-turkusu\/","og_site_name":"narteks.net","article_published_time":"2010-01-06T08:31:00+00:00","og_image":[{"width":300,"height":90,"url":"https:\/\/narteks.net\/wp-content\/uploads\/narteks.png","type":"image\/png"}],"author":"Tar\u0131k","twitter_card":"summary_large_image","twitter_creator":"@narteks","twitter_site":"@narteks","twitter_misc":{"Yazan:":"Tar\u0131k","Tahmini okuma s\u00fcresi":"1 dakika"},"schema":{"@context":"https:\/\/schema.org","@graph":[{"@type":"Article","@id":"https:\/\/narteks.net\/index.php\/2010\/01\/06\/kiz-kardesimin-turkusu\/#article","isPartOf":{"@id":"https:\/\/narteks.net\/index.php\/2010\/01\/06\/kiz-kardesimin-turkusu\/"},"author":{"name":"Tar\u0131k","@id":"https:\/\/narteks.net\/#\/schema\/person\/61f37d9834294b72d31d274e7ed79bca"},"headline":"KIZ KARDE\u015e\u0130M\u0130N T\u00dcRK\u00dcS\u00dc","datePublished":"2010-01-06T08:31:00+00:00","mainEntityOfPage":{"@id":"https:\/\/narteks.net\/index.php\/2010\/01\/06\/kiz-kardesimin-turkusu\/"},"wordCount":144,"commentCount":0,"publisher":{"@id":"https:\/\/narteks.net\/#organization"},"articleSection":["Yannis R\u0130TSOS"],"inLanguage":"tr","potentialAction":[{"@type":"CommentAction","name":"Comment","target":["https:\/\/narteks.net\/index.php\/2010\/01\/06\/kiz-kardesimin-turkusu\/#respond"]}]},{"@type":"WebPage","@id":"https:\/\/narteks.net\/index.php\/2010\/01\/06\/kiz-kardesimin-turkusu\/","url":"https:\/\/narteks.net\/index.php\/2010\/01\/06\/kiz-kardesimin-turkusu\/","name":"KIZ KARDE\u015e\u0130M\u0130N T\u00dcRK\u00dcS\u00dc - narteks.net","isPartOf":{"@id":"https:\/\/narteks.net\/#website"},"datePublished":"2010-01-06T08:31:00+00:00","breadcrumb":{"@id":"https:\/\/narteks.net\/index.php\/2010\/01\/06\/kiz-kardesimin-turkusu\/#breadcrumb"},"inLanguage":"tr","potentialAction":[{"@type":"ReadAction","target":["https:\/\/narteks.net\/index.php\/2010\/01\/06\/kiz-kardesimin-turkusu\/"]}]},{"@type":"BreadcrumbList","@id":"https:\/\/narteks.net\/index.php\/2010\/01\/06\/kiz-kardesimin-turkusu\/#breadcrumb","itemListElement":[{"@type":"ListItem","position":1,"name":"Anasayfa","item":"https:\/\/narteks.net\/"},{"@type":"ListItem","position":2,"name":"KIZ KARDE\u015e\u0130M\u0130N T\u00dcRK\u00dcS\u00dc"}]},{"@type":"WebSite","@id":"https:\/\/narteks.net\/#website","url":"https:\/\/narteks.net\/","name":"narteks.net","description":"K\u00fclt\u00fcr Sanat Edebiyat Felsefe","publisher":{"@id":"https:\/\/narteks.net\/#organization"},"alternateName":"K\u00fclt\u00fcr Sanat Edebiyat Felsefe","potentialAction":[{"@type":"SearchAction","target":{"@type":"EntryPoint","urlTemplate":"https:\/\/narteks.net\/?s={search_term_string}"},"query-input":{"@type":"PropertyValueSpecification","valueRequired":true,"valueName":"search_term_string"}}],"inLanguage":"tr"},{"@type":"Organization","@id":"https:\/\/narteks.net\/#organization","name":"narteks.net","url":"https:\/\/narteks.net\/","logo":{"@type":"ImageObject","inLanguage":"tr","@id":"https:\/\/narteks.net\/#\/schema\/logo\/image\/","url":"https:\/\/narteks.net\/wp-content\/uploads\/narteks.png","contentUrl":"https:\/\/narteks.net\/wp-content\/uploads\/narteks.png","width":300,"height":90,"caption":"narteks.net"},"image":{"@id":"https:\/\/narteks.net\/#\/schema\/logo\/image\/"},"sameAs":["https:\/\/x.com\/narteks","https:\/\/instagram.com\/narteksnet"]},{"@type":"Person","@id":"https:\/\/narteks.net\/#\/schema\/person\/61f37d9834294b72d31d274e7ed79bca","name":"Tar\u0131k","image":{"@type":"ImageObject","inLanguage":"tr","@id":"https:\/\/narteks.net\/#\/schema\/person\/image\/","url":"https:\/\/secure.gravatar.com\/avatar\/50865afb55632c4ae467e0af0930f6510aa2297d8014be502a55b14f3b7550cf?s=96&d=mm&r=g","contentUrl":"https:\/\/secure.gravatar.com\/avatar\/50865afb55632c4ae467e0af0930f6510aa2297d8014be502a55b14f3b7550cf?s=96&d=mm&r=g","caption":"Tar\u0131k"},"sameAs":["http:\/\/narteks.net"],"url":"https:\/\/narteks.net\/index.php\/author\/narbak\/"}]}},"_links":{"self":[{"href":"https:\/\/narteks.net\/index.php\/wp-json\/wp\/v2\/posts\/3685","targetHints":{"allow":["GET"]}}],"collection":[{"href":"https:\/\/narteks.net\/index.php\/wp-json\/wp\/v2\/posts"}],"about":[{"href":"https:\/\/narteks.net\/index.php\/wp-json\/wp\/v2\/types\/post"}],"author":[{"embeddable":true,"href":"https:\/\/narteks.net\/index.php\/wp-json\/wp\/v2\/users\/1"}],"replies":[{"embeddable":true,"href":"https:\/\/narteks.net\/index.php\/wp-json\/wp\/v2\/comments?post=3685"}],"version-history":[{"count":0,"href":"https:\/\/narteks.net\/index.php\/wp-json\/wp\/v2\/posts\/3685\/revisions"}],"wp:attachment":[{"href":"https:\/\/narteks.net\/index.php\/wp-json\/wp\/v2\/media?parent=3685"}],"wp:term":[{"taxonomy":"category","embeddable":true,"href":"https:\/\/narteks.net\/index.php\/wp-json\/wp\/v2\/categories?post=3685"},{"taxonomy":"post_tag","embeddable":true,"href":"https:\/\/narteks.net\/index.php\/wp-json\/wp\/v2\/tags?post=3685"}],"curies":[{"name":"wp","href":"https:\/\/api.w.org\/{rel}","templated":true}]}}