{"id":3687,"date":"2010-01-06T11:32:35","date_gmt":"2010-01-06T08:32:35","guid":{"rendered":"http:\/\/localhost\/wordpress\/2010\/01\/06\/ucleme\/"},"modified":"2010-01-06T11:32:35","modified_gmt":"2010-01-06T08:32:35","slug":"ucleme","status":"publish","type":"post","link":"https:\/\/narteks.net\/index.php\/2010\/01\/06\/ucleme\/","title":{"rendered":"\u00dc\u00c7LEME"},"content":{"rendered":"<p>\u00a0<\/p>\n<p>1.Hava karar\u0131ncaya dek<\/p>\n<p>Eline alm\u0131\u015ft\u0131 kad\u0131n\u0131n elini. Konu\u015fmuyordu<br \/>uzaktan, belki de kendi i\u00e7inde,<br \/>g\u00fc\u00e7l\u00fc at\u0131\u015f\u0131n\u0131 duyuyordu denizin nabz\u0131n\u0131n.<br \/>deniz, \u00e7amlar, tepeler eliydi kad\u0131n\u0131n<br \/>Ona s\u00f6ylemese bunu, nas\u0131l tutabilirdi o eli?<\/p>\n<p>hava karar\u0131ncaya dek k\u0131m\u0131ldamad\u0131lar. Sadece<br \/>iki eli de k\u0131r\u0131k bir heykel vard\u0131 a\u011fa\u00e7lar\u0131n alt\u0131nda.<\/p>\n<p>2. Bir kad\u0131n<\/p>\n<p>O gece; yan\u0131na var\u0131lmaz o kad\u0131n \u00f6pm\u00fcyor kimseyi<br \/>onu \u00f6pecek kimse \u00e7\u0131kmaz korkusuyla tek ba\u015f\u0131na.<\/p>\n<p>Be\u015f u\u00e7lu bir y\u0131ld\u0131zla gizliyor bir tutam beyaz sa\u00e7\u0131<br \/>ve en g\u00fczel kimli\u011fini yads\u0131mas\u0131 kadar g\u00fczel kendisi.<\/p>\n<p>3. Neden bizim su\u00e7umuz?<\/p>\n<p>Dikensiz kalkan filizleri dilinin alt\u0131nda,<br \/>\u00fcz\u00fcm \u00e7ekirdekleri, \u015feftali lifleri.<br \/>Il\u0131man bir \u00fclke var g\u00f6lgesinde<br \/>kirpiklerinin. Yat\u0131p dinlenebilirim, diyor, sorgusuz.<\/p>\n<p>Peki ne anlama geliyor bu &#8216;daha ilerde&#8217; s\u00f6z\u00fc?<br \/>Neden senin su\u00e7un olsun, ku\u015fkusuz, yapraklar\u0131n<br \/>aras\u0131nda kalman-<br \/>g\u00fczel, yal\u0131n, s\u0131cakl\u0131\u011f\u0131n\u0131n alt\u0131n \u00e7izgilerinde?<br \/>Ve neden benim su\u00e7um gecede ilerlemek,<br \/>kendi \u00f6zg\u00fcrl\u00fc\u011f\u00fcmde tutsak, diyor, cezaland\u0131r\u0131lan\u0131n<br \/>ceza vermesi?<\/p>\n<p>Yannis R\u0130TSOS<\/p>\n<p>\u00c7eviri: Cevat \u00c7apan<\/p>\n","protected":false},"excerpt":{"rendered":"<p>\u00a0 1.Hava karar\u0131ncaya dek Eline alm\u0131\u015ft\u0131 kad\u0131n\u0131n elini. Konu\u015fmuyorduuzaktan, belki de kendi i\u00e7inde,g\u00fc\u00e7l\u00fc at\u0131\u015f\u0131n\u0131 duyuyordu denizin nabz\u0131n\u0131n.deniz, \u00e7amlar, tepeler eliydi kad\u0131n\u0131nOna s\u00f6ylemese bunu, nas\u0131l tutabilirdi o eli? hava karar\u0131ncaya dek k\u0131m\u0131ldamad\u0131lar. Sadeceiki eli de k\u0131r\u0131k bir heykel vard\u0131 a\u011fa\u00e7lar\u0131n alt\u0131nda. 2. Bir kad\u0131n O gece; yan\u0131na var\u0131lmaz o kad\u0131n \u00f6pm\u00fcyor kimseyionu \u00f6pecek kimse \u00e7\u0131kmaz korkusuyla [&hellip;]<\/p>\n","protected":false},"author":1,"featured_media":0,"comment_status":"open","ping_status":"open","sticky":false,"template":"","format":"standard","meta":{"footnotes":""},"categories":[126],"tags":[],"class_list":{"0":"post-3687","1":"post","2":"type-post","3":"status-publish","4":"format-standard","6":"category-yannis-ritsos"},"yoast_head":"<!-- This site is optimized with the Yoast SEO Premium plugin v24.9 (Yoast SEO v24.9) - https:\/\/yoast.com\/wordpress\/plugins\/seo\/ -->\n<title>\u00dc\u00c7LEME - narteks.net<\/title>\n<meta name=\"robots\" content=\"index, follow, max-snippet:-1, max-image-preview:large, max-video-preview:-1\" \/>\n<link rel=\"canonical\" href=\"https:\/\/narteks.net\/index.php\/2010\/01\/06\/ucleme\/\" \/>\n<meta property=\"og:locale\" content=\"tr_TR\" \/>\n<meta property=\"og:type\" content=\"article\" \/>\n<meta property=\"og:title\" content=\"\u00dc\u00c7LEME\" \/>\n<meta property=\"og:description\" content=\"\u00a0 1.Hava karar\u0131ncaya dek Eline alm\u0131\u015ft\u0131 kad\u0131n\u0131n elini. Konu\u015fmuyorduuzaktan, belki de kendi i\u00e7inde,g\u00fc\u00e7l\u00fc at\u0131\u015f\u0131n\u0131 duyuyordu denizin nabz\u0131n\u0131n.deniz, \u00e7amlar, tepeler eliydi kad\u0131n\u0131nOna s\u00f6ylemese bunu, nas\u0131l tutabilirdi o eli? hava karar\u0131ncaya dek k\u0131m\u0131ldamad\u0131lar. Sadeceiki eli de k\u0131r\u0131k bir heykel vard\u0131 a\u011fa\u00e7lar\u0131n alt\u0131nda. 2. Bir kad\u0131n O gece; yan\u0131na var\u0131lmaz o kad\u0131n \u00f6pm\u00fcyor kimseyionu \u00f6pecek kimse \u00e7\u0131kmaz korkusuyla [&hellip;]\" \/>\n<meta property=\"og:url\" content=\"https:\/\/narteks.net\/index.php\/2010\/01\/06\/ucleme\/\" \/>\n<meta property=\"og:site_name\" content=\"narteks.net\" \/>\n<meta property=\"article:published_time\" content=\"2010-01-06T08:32:35+00:00\" \/>\n<meta property=\"og:image\" content=\"https:\/\/narteks.net\/wp-content\/uploads\/narteks.png\" \/>\n\t<meta property=\"og:image:width\" content=\"300\" \/>\n\t<meta property=\"og:image:height\" content=\"90\" \/>\n\t<meta property=\"og:image:type\" content=\"image\/png\" \/>\n<meta name=\"author\" content=\"Tar\u0131k\" \/>\n<meta name=\"twitter:card\" content=\"summary_large_image\" \/>\n<meta name=\"twitter:creator\" content=\"@narteks\" \/>\n<meta name=\"twitter:site\" content=\"@narteks\" \/>\n<meta name=\"twitter:label1\" content=\"Yazan:\" \/>\n\t<meta name=\"twitter:data1\" content=\"Tar\u0131k\" \/>\n\t<meta name=\"twitter:label2\" content=\"Tahmini okuma s\u00fcresi\" \/>\n\t<meta name=\"twitter:data2\" content=\"1 dakika\" \/>\n<script type=\"application\/ld+json\" class=\"yoast-schema-graph\">{\"@context\":\"https:\/\/schema.org\",\"@graph\":[{\"@type\":\"Article\",\"@id\":\"https:\/\/narteks.net\/index.php\/2010\/01\/06\/ucleme\/#article\",\"isPartOf\":{\"@id\":\"https:\/\/narteks.net\/index.php\/2010\/01\/06\/ucleme\/\"},\"author\":{\"name\":\"Tar\u0131k\",\"@id\":\"https:\/\/narteks.net\/#\/schema\/person\/61f37d9834294b72d31d274e7ed79bca\"},\"headline\":\"\u00dc\u00c7LEME\",\"datePublished\":\"2010-01-06T08:32:35+00:00\",\"mainEntityOfPage\":{\"@id\":\"https:\/\/narteks.net\/index.php\/2010\/01\/06\/ucleme\/\"},\"wordCount\":193,\"commentCount\":0,\"publisher\":{\"@id\":\"https:\/\/narteks.net\/#organization\"},\"articleSection\":[\"Yannis R\u0130TSOS\"],\"inLanguage\":\"tr\",\"potentialAction\":[{\"@type\":\"CommentAction\",\"name\":\"Comment\",\"target\":[\"https:\/\/narteks.net\/index.php\/2010\/01\/06\/ucleme\/#respond\"]}]},{\"@type\":\"WebPage\",\"@id\":\"https:\/\/narteks.net\/index.php\/2010\/01\/06\/ucleme\/\",\"url\":\"https:\/\/narteks.net\/index.php\/2010\/01\/06\/ucleme\/\",\"name\":\"\u00dc\u00c7LEME - narteks.net\",\"isPartOf\":{\"@id\":\"https:\/\/narteks.net\/#website\"},\"datePublished\":\"2010-01-06T08:32:35+00:00\",\"breadcrumb\":{\"@id\":\"https:\/\/narteks.net\/index.php\/2010\/01\/06\/ucleme\/#breadcrumb\"},\"inLanguage\":\"tr\",\"potentialAction\":[{\"@type\":\"ReadAction\",\"target\":[\"https:\/\/narteks.net\/index.php\/2010\/01\/06\/ucleme\/\"]}]},{\"@type\":\"BreadcrumbList\",\"@id\":\"https:\/\/narteks.net\/index.php\/2010\/01\/06\/ucleme\/#breadcrumb\",\"itemListElement\":[{\"@type\":\"ListItem\",\"position\":1,\"name\":\"Anasayfa\",\"item\":\"https:\/\/narteks.net\/\"},{\"@type\":\"ListItem\",\"position\":2,\"name\":\"\u00dc\u00c7LEME\"}]},{\"@type\":\"WebSite\",\"@id\":\"https:\/\/narteks.net\/#website\",\"url\":\"https:\/\/narteks.net\/\",\"name\":\"narteks.net\",\"description\":\"K\u00fclt\u00fcr Sanat Edebiyat Felsefe\",\"publisher\":{\"@id\":\"https:\/\/narteks.net\/#organization\"},\"alternateName\":\"K\u00fclt\u00fcr Sanat Edebiyat Felsefe\",\"potentialAction\":[{\"@type\":\"SearchAction\",\"target\":{\"@type\":\"EntryPoint\",\"urlTemplate\":\"https:\/\/narteks.net\/?s={search_term_string}\"},\"query-input\":{\"@type\":\"PropertyValueSpecification\",\"valueRequired\":true,\"valueName\":\"search_term_string\"}}],\"inLanguage\":\"tr\"},{\"@type\":\"Organization\",\"@id\":\"https:\/\/narteks.net\/#organization\",\"name\":\"narteks.net\",\"url\":\"https:\/\/narteks.net\/\",\"logo\":{\"@type\":\"ImageObject\",\"inLanguage\":\"tr\",\"@id\":\"https:\/\/narteks.net\/#\/schema\/logo\/image\/\",\"url\":\"https:\/\/narteks.net\/wp-content\/uploads\/narteks.png\",\"contentUrl\":\"https:\/\/narteks.net\/wp-content\/uploads\/narteks.png\",\"width\":300,\"height\":90,\"caption\":\"narteks.net\"},\"image\":{\"@id\":\"https:\/\/narteks.net\/#\/schema\/logo\/image\/\"},\"sameAs\":[\"https:\/\/x.com\/narteks\",\"https:\/\/instagram.com\/narteksnet\"]},{\"@type\":\"Person\",\"@id\":\"https:\/\/narteks.net\/#\/schema\/person\/61f37d9834294b72d31d274e7ed79bca\",\"name\":\"Tar\u0131k\",\"image\":{\"@type\":\"ImageObject\",\"inLanguage\":\"tr\",\"@id\":\"https:\/\/narteks.net\/#\/schema\/person\/image\/\",\"url\":\"https:\/\/secure.gravatar.com\/avatar\/50865afb55632c4ae467e0af0930f6510aa2297d8014be502a55b14f3b7550cf?s=96&d=mm&r=g\",\"contentUrl\":\"https:\/\/secure.gravatar.com\/avatar\/50865afb55632c4ae467e0af0930f6510aa2297d8014be502a55b14f3b7550cf?s=96&d=mm&r=g\",\"caption\":\"Tar\u0131k\"},\"sameAs\":[\"http:\/\/narteks.net\"],\"url\":\"https:\/\/narteks.net\/index.php\/author\/narbak\/\"}]}<\/script>\n<!-- \/ Yoast SEO Premium plugin. -->","yoast_head_json":{"title":"\u00dc\u00c7LEME - narteks.net","robots":{"index":"index","follow":"follow","max-snippet":"max-snippet:-1","max-image-preview":"max-image-preview:large","max-video-preview":"max-video-preview:-1"},"canonical":"https:\/\/narteks.net\/index.php\/2010\/01\/06\/ucleme\/","og_locale":"tr_TR","og_type":"article","og_title":"\u00dc\u00c7LEME","og_description":"\u00a0 1.Hava karar\u0131ncaya dek Eline alm\u0131\u015ft\u0131 kad\u0131n\u0131n elini. Konu\u015fmuyorduuzaktan, belki de kendi i\u00e7inde,g\u00fc\u00e7l\u00fc at\u0131\u015f\u0131n\u0131 duyuyordu denizin nabz\u0131n\u0131n.deniz, \u00e7amlar, tepeler eliydi kad\u0131n\u0131nOna s\u00f6ylemese bunu, nas\u0131l tutabilirdi o eli? hava karar\u0131ncaya dek k\u0131m\u0131ldamad\u0131lar. Sadeceiki eli de k\u0131r\u0131k bir heykel vard\u0131 a\u011fa\u00e7lar\u0131n alt\u0131nda. 2. Bir kad\u0131n O gece; yan\u0131na var\u0131lmaz o kad\u0131n \u00f6pm\u00fcyor kimseyionu \u00f6pecek kimse \u00e7\u0131kmaz korkusuyla [&hellip;]","og_url":"https:\/\/narteks.net\/index.php\/2010\/01\/06\/ucleme\/","og_site_name":"narteks.net","article_published_time":"2010-01-06T08:32:35+00:00","og_image":[{"width":300,"height":90,"url":"https:\/\/narteks.net\/wp-content\/uploads\/narteks.png","type":"image\/png"}],"author":"Tar\u0131k","twitter_card":"summary_large_image","twitter_creator":"@narteks","twitter_site":"@narteks","twitter_misc":{"Yazan:":"Tar\u0131k","Tahmini okuma s\u00fcresi":"1 dakika"},"schema":{"@context":"https:\/\/schema.org","@graph":[{"@type":"Article","@id":"https:\/\/narteks.net\/index.php\/2010\/01\/06\/ucleme\/#article","isPartOf":{"@id":"https:\/\/narteks.net\/index.php\/2010\/01\/06\/ucleme\/"},"author":{"name":"Tar\u0131k","@id":"https:\/\/narteks.net\/#\/schema\/person\/61f37d9834294b72d31d274e7ed79bca"},"headline":"\u00dc\u00c7LEME","datePublished":"2010-01-06T08:32:35+00:00","mainEntityOfPage":{"@id":"https:\/\/narteks.net\/index.php\/2010\/01\/06\/ucleme\/"},"wordCount":193,"commentCount":0,"publisher":{"@id":"https:\/\/narteks.net\/#organization"},"articleSection":["Yannis R\u0130TSOS"],"inLanguage":"tr","potentialAction":[{"@type":"CommentAction","name":"Comment","target":["https:\/\/narteks.net\/index.php\/2010\/01\/06\/ucleme\/#respond"]}]},{"@type":"WebPage","@id":"https:\/\/narteks.net\/index.php\/2010\/01\/06\/ucleme\/","url":"https:\/\/narteks.net\/index.php\/2010\/01\/06\/ucleme\/","name":"\u00dc\u00c7LEME - narteks.net","isPartOf":{"@id":"https:\/\/narteks.net\/#website"},"datePublished":"2010-01-06T08:32:35+00:00","breadcrumb":{"@id":"https:\/\/narteks.net\/index.php\/2010\/01\/06\/ucleme\/#breadcrumb"},"inLanguage":"tr","potentialAction":[{"@type":"ReadAction","target":["https:\/\/narteks.net\/index.php\/2010\/01\/06\/ucleme\/"]}]},{"@type":"BreadcrumbList","@id":"https:\/\/narteks.net\/index.php\/2010\/01\/06\/ucleme\/#breadcrumb","itemListElement":[{"@type":"ListItem","position":1,"name":"Anasayfa","item":"https:\/\/narteks.net\/"},{"@type":"ListItem","position":2,"name":"\u00dc\u00c7LEME"}]},{"@type":"WebSite","@id":"https:\/\/narteks.net\/#website","url":"https:\/\/narteks.net\/","name":"narteks.net","description":"K\u00fclt\u00fcr Sanat Edebiyat Felsefe","publisher":{"@id":"https:\/\/narteks.net\/#organization"},"alternateName":"K\u00fclt\u00fcr Sanat Edebiyat Felsefe","potentialAction":[{"@type":"SearchAction","target":{"@type":"EntryPoint","urlTemplate":"https:\/\/narteks.net\/?s={search_term_string}"},"query-input":{"@type":"PropertyValueSpecification","valueRequired":true,"valueName":"search_term_string"}}],"inLanguage":"tr"},{"@type":"Organization","@id":"https:\/\/narteks.net\/#organization","name":"narteks.net","url":"https:\/\/narteks.net\/","logo":{"@type":"ImageObject","inLanguage":"tr","@id":"https:\/\/narteks.net\/#\/schema\/logo\/image\/","url":"https:\/\/narteks.net\/wp-content\/uploads\/narteks.png","contentUrl":"https:\/\/narteks.net\/wp-content\/uploads\/narteks.png","width":300,"height":90,"caption":"narteks.net"},"image":{"@id":"https:\/\/narteks.net\/#\/schema\/logo\/image\/"},"sameAs":["https:\/\/x.com\/narteks","https:\/\/instagram.com\/narteksnet"]},{"@type":"Person","@id":"https:\/\/narteks.net\/#\/schema\/person\/61f37d9834294b72d31d274e7ed79bca","name":"Tar\u0131k","image":{"@type":"ImageObject","inLanguage":"tr","@id":"https:\/\/narteks.net\/#\/schema\/person\/image\/","url":"https:\/\/secure.gravatar.com\/avatar\/50865afb55632c4ae467e0af0930f6510aa2297d8014be502a55b14f3b7550cf?s=96&d=mm&r=g","contentUrl":"https:\/\/secure.gravatar.com\/avatar\/50865afb55632c4ae467e0af0930f6510aa2297d8014be502a55b14f3b7550cf?s=96&d=mm&r=g","caption":"Tar\u0131k"},"sameAs":["http:\/\/narteks.net"],"url":"https:\/\/narteks.net\/index.php\/author\/narbak\/"}]}},"_links":{"self":[{"href":"https:\/\/narteks.net\/index.php\/wp-json\/wp\/v2\/posts\/3687","targetHints":{"allow":["GET"]}}],"collection":[{"href":"https:\/\/narteks.net\/index.php\/wp-json\/wp\/v2\/posts"}],"about":[{"href":"https:\/\/narteks.net\/index.php\/wp-json\/wp\/v2\/types\/post"}],"author":[{"embeddable":true,"href":"https:\/\/narteks.net\/index.php\/wp-json\/wp\/v2\/users\/1"}],"replies":[{"embeddable":true,"href":"https:\/\/narteks.net\/index.php\/wp-json\/wp\/v2\/comments?post=3687"}],"version-history":[{"count":0,"href":"https:\/\/narteks.net\/index.php\/wp-json\/wp\/v2\/posts\/3687\/revisions"}],"wp:attachment":[{"href":"https:\/\/narteks.net\/index.php\/wp-json\/wp\/v2\/media?parent=3687"}],"wp:term":[{"taxonomy":"category","embeddable":true,"href":"https:\/\/narteks.net\/index.php\/wp-json\/wp\/v2\/categories?post=3687"},{"taxonomy":"post_tag","embeddable":true,"href":"https:\/\/narteks.net\/index.php\/wp-json\/wp\/v2\/tags?post=3687"}],"curies":[{"name":"wp","href":"https:\/\/api.w.org\/{rel}","templated":true}]}}