{"id":3703,"date":"2010-01-06T11:59:12","date_gmt":"2010-01-06T08:59:12","guid":{"rendered":"http:\/\/localhost\/wordpress\/2010\/01\/06\/olum-ve-keder-yoksulluk-ve-huzun-surgun-ve-ozgurluk-tutkusu-yannis-ritsos-siiri\/"},"modified":"2024-04-23T13:47:56","modified_gmt":"2024-04-23T10:47:56","slug":"olum-ve-keder-yoksulluk-ve-huzun-surgun-ve-ozgurluk-tutkusu-yannis-ritsos-siiri","status":"publish","type":"post","link":"https:\/\/narteks.net\/index.php\/2010\/01\/06\/olum-ve-keder-yoksulluk-ve-huzun-surgun-ve-ozgurluk-tutkusu-yannis-ritsos-siiri\/","title":{"rendered":"\u00d6l\u00fcm ve keder \/ yoksulluk ve h\u00fcz\u00fcn \/ s\u00fcrg\u00fcn ve \u00f6zg\u00fcrl\u00fck tutkusu ; Yannis Ritsos \u015fiiri"},"content":{"rendered":"<p><strong><img loading=\"lazy\" decoding=\"async\" src=\"http:\/\/www.greekcity.com.au\/concerts\/festival09\/Yannis%20ritsos%20100%20years%20060509.JPG\" border=\"0\" width=\"155\" height=\"205\" style=\"float: left;\" \/><\/strong><\/p>\n<p><em>\u015eiire, a\u015fka ve \u00f6l\u00fcme inan\u0131yorum, diyor,<br \/>i\u015fte bu y\u00fczden \u00f6l\u00fcms\u00fczl\u00fc\u011fe de inan\u0131yorum.<br \/>Bir dize yaz\u0131yorum, d\u00fcnyay\u0131 yaz\u0131yorum; ben var\u0131m; d\u00fcnya var.<br \/>Bir \u0131rmak ak\u0131yor ser\u00e7e parma\u011f\u0131n\u0131n ucundan,<br \/>Yedi kere bu \u0131rmak g\u00f6ky\u00fcz\u00fcn\u00fcn mavisi.<br \/>Yeniden ilk ger\u00e7ek oluyor bu ar\u0131l\u0131k, bu benim son dile\u011fim.<\/em><\/p>\n<p style=\"text-align: justify;\">Son \u0130stek adl\u0131 bu \u015fiiri 31 Mart 1969 tarihinde yazm\u0131\u015f Yannis Ritsos. S\u00fcrg\u00fcnde oldu\u011fu y\u0131llarda&#8230; Yunanistan\u2019\u0131n bu koca y\u00fcrekli devrimci \u015fairi, cunta d\u00f6nemini adalarda kendi gibi ayd\u0131nlarla birlikte s\u00fcrg\u00fcnde ge\u00e7irdi. Sa\u011fl\u0131\u011f\u0131 bozulunca ailesiyle birlikte Sisam Adas\u0131\u2019nda kalmas\u0131na izin verildi. Atina\u2019ya ancak 1970 y\u0131l\u0131nda d\u00f6nebildi\u011fine g\u00f6re Son \u0130stek y\u00fcre\u011fi ne kadar kocaman da olsa hasta ve \u00f6l\u00fcm\u00fc d\u00fc\u015f\u00fcnen bir siyasi s\u00fcrg\u00fcn\u00fcn ruh halini yans\u0131t\u0131yor. \u00d6l\u00fcm ve keder, yoksulluk ve h\u00fcz\u00fcn, s\u00fcrg\u00fcn ve \u00f6zg\u00fcrl\u00fck tutkusu hi\u00e7 eksik olmaz Ritsos \u015fiirinden. A\u015fk ve beden de b\u00fct\u00fcn erotizmiyle&#8230;<\/p>\n<p>Yannis Ritsos d\u00f6ne d\u00f6ne okunacak bir \u015fairdir. Bazen okurken onun yazd\u0131klar\u0131n\u0131 bir ekrandan seyretti\u011finiz izlenimine kap\u0131l\u0131rs\u0131n\u0131z. Ya\u015fl\u0131 kad\u0131nlar\u0131 sanattan al\u0131nan co\u015fku a\u015f\u0131k oldu\u011fumuzu fark etti\u011fimiz an misali bir heyecan sarar ya bizi&#8230; O tuhaf ve g\u00fczel ve kayg\u0131 veren duyguyu \u00fcst \u00fcste defalarca uyand\u0131r\u0131r Ritsos \u015fiirleri. Cevat \u00c7apan, Herk\u00fcl Millas, \u00d6zdemir \u0130nce, G\u00fcrkal Aylan \u00e7evirileriyle, her biri ba\u015fka yay\u0131nevlerinden \u00e7\u0131kan o narin kitaplar\u0131yla tan\u0131y\u0131p sevdim ben Yannis Ritsos\u2019u. Bir de Yeni D\u00fc\u015f\u00fcn dergisi sayesinde. Cevat \u00c7apan\u2019\u0131n \u00e7evirisi ve \u201cRitsos\u2019un G\u00f6r\u00fclmemi\u015f \u00c7i\u00e7ek A\u00e7mas\u0131\u201d ba\u015fl\u0131kl\u0131 incelemesiyle Broy\u2019dan \u00e7\u0131kan Umars\u0131z Penelope adl\u0131 kitapta var Son \u0130stek.<\/p>\n<p>\u00c7apan\u2019\u0131n ba\u015fl\u0131\u011f\u0131 esinlendi\u011fi G\u00f6r\u00fclmemi\u015f Bir \u00c7i\u00e7ek A\u00e7ma ba\u015fl\u0131kl\u0131 o \u015fiir (31 Aral\u0131k 1969) nas\u0131l bir \u015feydir? Nas\u0131l bir imgelemdir Ritsos\u2019taki? Nas\u0131l bir duygu patlamas\u0131d\u0131r ki b\u00f6yle bir imge avc\u0131l\u0131\u011f\u0131na, b\u00f6yle bir s\u00f6z ustal\u0131\u011f\u0131na ula\u015ft\u0131rm\u0131\u015ft\u0131r Ritsos\u2019u?<\/p>\n<p>Hayk\u0131rmak istiyordu &#8211; daha fazla dayanamayacakt\u0131. Sesini duyabilecek kimse yoktu orada;<br \/>kimse duymak istemiyordu. Kendisi de korkuyordu sesinden,<br \/>i\u00e7inde bo\u011fuyordu sesini. Patlamak \u00fczereydi susu\u015fu. Birden,<br \/>havaya u\u00e7tu g\u00f6vdesinin par\u00e7alar\u0131. \u00d6zenle, sessizce toplayacakt\u0131 bu par\u00e7alar\u0131,<br \/>hepsini bir bir yerlerine yerle\u015ftirecekti delikleri kapamak i\u00e7in.<br \/>Ve rastgele bir gelincik, bir sar\u0131 zambak bulursa, onlar\u0131 da toplayacak,<br \/>kendisinin bir par\u00e7as\u0131ym\u0131\u015f gibi g\u00f6vdesine yap\u0131\u015ft\u0131racakt\u0131-<br \/>b\u00f6yleydi, delik de\u015fik, g\u00f6r\u00fclmemi\u015f bir \u015fekilde \u00e7i\u00e7ek a\u00e7\u0131yordu i\u015fte.<\/p>\n<p>\u00c7apan, \u201cRitsos\u2019un t\u00fckenmez \u2018yeniden do\u011fu\u015f\u2019 g\u00fcc\u00fcn\u00fcn \u00e7arp\u0131c\u0131 simgesi\u201d diye niteler g\u00f6r\u00fclmemi\u015f \u00e7i\u00e7ek a\u00e7may\u0131. Naz\u0131m Hikmet ve Pablo Neruda da, ayn\u0131 d\u00f6nemlerin benzer \u00e7ilelerini \u00e7eken hepsi de s\u00fcrg\u00fcnde ba\u015fyap\u0131tlar yazan \u00fc\u00e7 \u015fair ve onlar\u0131n a\u011fabeyleri Walt Whitman ile Bertolt Brecht de hep yeniden do\u011fmaz m\u0131 her okunduklar\u0131nda?<\/p>\n<p style=\"text-align: justify;\">Naz\u0131m Hikmet\u2019e yazd\u0131\u011f\u0131 \u201cBir Ad M\u00fczik ve Evrene D\u00f6n\u00fc\u015f\u00fcnce\u201d \u015fiiri de olacakt\u0131r belki aralar\u0131nda. Bu etkinli\u011fi duydum, \u00e7oktand\u0131r yapmam\u0131\u015ft\u0131m, alt\u0131 Ritsos kitab\u0131n\u0131 \u00fcst \u00fcste koydum. Hepsini tekrar okudum. Tekrar tekrar okuyaca\u011f\u0131m dilsiz g\u00fcnlerde, \u00e7\u00fcnk\u00fc \u201cBir ge\u00e7ittir her s\u00f6zc\u00fck \/ bir bulu\u015fmaya, \u00e7o\u011fu kez ger\u00e7ekle\u015fmeyen bir bulu\u015fmaya,\/ do\u011fruysa o s\u00f6zc\u00fck, direniyorsa e\u011fer bulu\u015fmakta.\u201d<\/p>\n<p>\u015eairin Biyografisi ve \u015fiirleri i\u00e7in <a href=\"http:\/\/localhost\/wordpress\/2009\/02\/27\/zulme-direnmektir-hayat\/\">TIKLAYIN<\/a><\/p>\n","protected":false},"excerpt":{"rendered":"<p>\u015eiire, a\u015fka ve \u00f6l\u00fcme inan\u0131yorum, diyor,i\u015fte bu y\u00fczden \u00f6l\u00fcms\u00fczl\u00fc\u011fe de inan\u0131yorum.Bir dize yaz\u0131yorum, d\u00fcnyay\u0131 yaz\u0131yorum; ben var\u0131m; d\u00fcnya var.Bir \u0131rmak ak\u0131yor ser\u00e7e parma\u011f\u0131n\u0131n ucundan,Yedi kere bu \u0131rmak g\u00f6ky\u00fcz\u00fcn\u00fcn mavisi.Yeniden ilk ger\u00e7ek oluyor bu ar\u0131l\u0131k, bu benim son dile\u011fim. Son \u0130stek adl\u0131 bu \u015fiiri 31 Mart 1969 tarihinde yazm\u0131\u015f Yannis Ritsos. S\u00fcrg\u00fcnde oldu\u011fu y\u0131llarda&#8230; Yunanistan\u2019\u0131n bu [&hellip;]<\/p>\n","protected":false},"author":1,"featured_media":0,"comment_status":"open","ping_status":"open","sticky":false,"template":"","format":"standard","meta":{"footnotes":""},"categories":[122],"tags":[],"class_list":{"0":"post-3703","1":"post","2":"type-post","3":"status-publish","4":"format-standard","6":"category-sair-e-dair"},"yoast_head":"<!-- This site is optimized with the Yoast SEO Premium plugin v24.9 (Yoast SEO v24.9) - https:\/\/yoast.com\/wordpress\/plugins\/seo\/ -->\n<title>\u00d6l\u00fcm ve keder \/ yoksulluk ve h\u00fcz\u00fcn \/ s\u00fcrg\u00fcn ve \u00f6zg\u00fcrl\u00fck tutkusu ; Yannis Ritsos \u015fiiri - narteks.net<\/title>\n<meta name=\"robots\" content=\"index, follow, max-snippet:-1, max-image-preview:large, max-video-preview:-1\" \/>\n<link rel=\"canonical\" href=\"https:\/\/narteks.net\/index.php\/2010\/01\/06\/olum-ve-keder-yoksulluk-ve-huzun-surgun-ve-ozgurluk-tutkusu-yannis-ritsos-siiri\/\" \/>\n<meta property=\"og:locale\" content=\"tr_TR\" \/>\n<meta property=\"og:type\" content=\"article\" \/>\n<meta property=\"og:title\" content=\"\u00d6l\u00fcm ve keder \/ yoksulluk ve h\u00fcz\u00fcn \/ s\u00fcrg\u00fcn ve \u00f6zg\u00fcrl\u00fck tutkusu ; Yannis Ritsos \u015fiiri\" \/>\n<meta property=\"og:description\" content=\"\u015eiire, a\u015fka ve \u00f6l\u00fcme inan\u0131yorum, diyor,i\u015fte bu y\u00fczden \u00f6l\u00fcms\u00fczl\u00fc\u011fe de inan\u0131yorum.Bir dize yaz\u0131yorum, d\u00fcnyay\u0131 yaz\u0131yorum; ben var\u0131m; d\u00fcnya var.Bir \u0131rmak ak\u0131yor ser\u00e7e parma\u011f\u0131n\u0131n ucundan,Yedi kere bu \u0131rmak g\u00f6ky\u00fcz\u00fcn\u00fcn mavisi.Yeniden ilk ger\u00e7ek oluyor bu ar\u0131l\u0131k, bu benim son dile\u011fim. Son \u0130stek adl\u0131 bu \u015fiiri 31 Mart 1969 tarihinde yazm\u0131\u015f Yannis Ritsos. S\u00fcrg\u00fcnde oldu\u011fu y\u0131llarda&#8230; Yunanistan\u2019\u0131n bu [&hellip;]\" \/>\n<meta property=\"og:url\" content=\"https:\/\/narteks.net\/index.php\/2010\/01\/06\/olum-ve-keder-yoksulluk-ve-huzun-surgun-ve-ozgurluk-tutkusu-yannis-ritsos-siiri\/\" \/>\n<meta property=\"og:site_name\" content=\"narteks.net\" \/>\n<meta property=\"article:published_time\" content=\"2010-01-06T08:59:12+00:00\" \/>\n<meta property=\"article:modified_time\" content=\"2024-04-23T10:47:56+00:00\" \/>\n<meta property=\"og:image\" content=\"http:\/\/www.greekcity.com.au\/concerts\/festival09\/Yannis%20ritsos%20100%20years%20060509.JPG\" \/>\n<meta name=\"author\" content=\"Tar\u0131k\" \/>\n<meta name=\"twitter:card\" content=\"summary_large_image\" \/>\n<meta name=\"twitter:creator\" content=\"@narteks\" \/>\n<meta name=\"twitter:site\" content=\"@narteks\" \/>\n<meta name=\"twitter:label1\" content=\"Yazan:\" \/>\n\t<meta name=\"twitter:data1\" content=\"Tar\u0131k\" \/>\n\t<meta name=\"twitter:label2\" content=\"Tahmini okuma s\u00fcresi\" \/>\n\t<meta name=\"twitter:data2\" content=\"3 dakika\" \/>\n<script type=\"application\/ld+json\" class=\"yoast-schema-graph\">{\"@context\":\"https:\/\/schema.org\",\"@graph\":[{\"@type\":\"Article\",\"@id\":\"https:\/\/narteks.net\/index.php\/2010\/01\/06\/olum-ve-keder-yoksulluk-ve-huzun-surgun-ve-ozgurluk-tutkusu-yannis-ritsos-siiri\/#article\",\"isPartOf\":{\"@id\":\"https:\/\/narteks.net\/index.php\/2010\/01\/06\/olum-ve-keder-yoksulluk-ve-huzun-surgun-ve-ozgurluk-tutkusu-yannis-ritsos-siiri\/\"},\"author\":{\"name\":\"Tar\u0131k\",\"@id\":\"https:\/\/narteks.net\/#\/schema\/person\/61f37d9834294b72d31d274e7ed79bca\"},\"headline\":\"\u00d6l\u00fcm ve keder \/ yoksulluk ve h\u00fcz\u00fcn \/ s\u00fcrg\u00fcn ve \u00f6zg\u00fcrl\u00fck tutkusu ; Yannis Ritsos \u015fiiri\",\"datePublished\":\"2010-01-06T08:59:12+00:00\",\"dateModified\":\"2024-04-23T10:47:56+00:00\",\"mainEntityOfPage\":{\"@id\":\"https:\/\/narteks.net\/index.php\/2010\/01\/06\/olum-ve-keder-yoksulluk-ve-huzun-surgun-ve-ozgurluk-tutkusu-yannis-ritsos-siiri\/\"},\"wordCount\":641,\"commentCount\":0,\"publisher\":{\"@id\":\"https:\/\/narteks.net\/#organization\"},\"image\":{\"@id\":\"https:\/\/narteks.net\/index.php\/2010\/01\/06\/olum-ve-keder-yoksulluk-ve-huzun-surgun-ve-ozgurluk-tutkusu-yannis-ritsos-siiri\/#primaryimage\"},\"thumbnailUrl\":\"http:\/\/www.greekcity.com.au\/concerts\/festival09\/Yannis%20ritsos%20100%20years%20060509.JPG\",\"articleSection\":[\"\u015eair'e Dair\"],\"inLanguage\":\"tr\",\"potentialAction\":[{\"@type\":\"CommentAction\",\"name\":\"Comment\",\"target\":[\"https:\/\/narteks.net\/index.php\/2010\/01\/06\/olum-ve-keder-yoksulluk-ve-huzun-surgun-ve-ozgurluk-tutkusu-yannis-ritsos-siiri\/#respond\"]}]},{\"@type\":\"WebPage\",\"@id\":\"https:\/\/narteks.net\/index.php\/2010\/01\/06\/olum-ve-keder-yoksulluk-ve-huzun-surgun-ve-ozgurluk-tutkusu-yannis-ritsos-siiri\/\",\"url\":\"https:\/\/narteks.net\/index.php\/2010\/01\/06\/olum-ve-keder-yoksulluk-ve-huzun-surgun-ve-ozgurluk-tutkusu-yannis-ritsos-siiri\/\",\"name\":\"\u00d6l\u00fcm ve keder \/ yoksulluk ve h\u00fcz\u00fcn \/ s\u00fcrg\u00fcn ve \u00f6zg\u00fcrl\u00fck tutkusu ; Yannis Ritsos \u015fiiri - narteks.net\",\"isPartOf\":{\"@id\":\"https:\/\/narteks.net\/#website\"},\"primaryImageOfPage\":{\"@id\":\"https:\/\/narteks.net\/index.php\/2010\/01\/06\/olum-ve-keder-yoksulluk-ve-huzun-surgun-ve-ozgurluk-tutkusu-yannis-ritsos-siiri\/#primaryimage\"},\"image\":{\"@id\":\"https:\/\/narteks.net\/index.php\/2010\/01\/06\/olum-ve-keder-yoksulluk-ve-huzun-surgun-ve-ozgurluk-tutkusu-yannis-ritsos-siiri\/#primaryimage\"},\"thumbnailUrl\":\"http:\/\/www.greekcity.com.au\/concerts\/festival09\/Yannis%20ritsos%20100%20years%20060509.JPG\",\"datePublished\":\"2010-01-06T08:59:12+00:00\",\"dateModified\":\"2024-04-23T10:47:56+00:00\",\"breadcrumb\":{\"@id\":\"https:\/\/narteks.net\/index.php\/2010\/01\/06\/olum-ve-keder-yoksulluk-ve-huzun-surgun-ve-ozgurluk-tutkusu-yannis-ritsos-siiri\/#breadcrumb\"},\"inLanguage\":\"tr\",\"potentialAction\":[{\"@type\":\"ReadAction\",\"target\":[\"https:\/\/narteks.net\/index.php\/2010\/01\/06\/olum-ve-keder-yoksulluk-ve-huzun-surgun-ve-ozgurluk-tutkusu-yannis-ritsos-siiri\/\"]}]},{\"@type\":\"ImageObject\",\"inLanguage\":\"tr\",\"@id\":\"https:\/\/narteks.net\/index.php\/2010\/01\/06\/olum-ve-keder-yoksulluk-ve-huzun-surgun-ve-ozgurluk-tutkusu-yannis-ritsos-siiri\/#primaryimage\",\"url\":\"http:\/\/www.greekcity.com.au\/concerts\/festival09\/Yannis%20ritsos%20100%20years%20060509.JPG\",\"contentUrl\":\"http:\/\/www.greekcity.com.au\/concerts\/festival09\/Yannis%20ritsos%20100%20years%20060509.JPG\"},{\"@type\":\"BreadcrumbList\",\"@id\":\"https:\/\/narteks.net\/index.php\/2010\/01\/06\/olum-ve-keder-yoksulluk-ve-huzun-surgun-ve-ozgurluk-tutkusu-yannis-ritsos-siiri\/#breadcrumb\",\"itemListElement\":[{\"@type\":\"ListItem\",\"position\":1,\"name\":\"Anasayfa\",\"item\":\"https:\/\/narteks.net\/\"},{\"@type\":\"ListItem\",\"position\":2,\"name\":\"\u00d6l\u00fcm ve keder \/ yoksulluk ve h\u00fcz\u00fcn \/ s\u00fcrg\u00fcn ve \u00f6zg\u00fcrl\u00fck tutkusu ; Yannis Ritsos \u015fiiri\"}]},{\"@type\":\"WebSite\",\"@id\":\"https:\/\/narteks.net\/#website\",\"url\":\"https:\/\/narteks.net\/\",\"name\":\"narteks.net\",\"description\":\"K\u00fclt\u00fcr Sanat Edebiyat Felsefe\",\"publisher\":{\"@id\":\"https:\/\/narteks.net\/#organization\"},\"alternateName\":\"K\u00fclt\u00fcr Sanat Edebiyat Felsefe\",\"potentialAction\":[{\"@type\":\"SearchAction\",\"target\":{\"@type\":\"EntryPoint\",\"urlTemplate\":\"https:\/\/narteks.net\/?s={search_term_string}\"},\"query-input\":{\"@type\":\"PropertyValueSpecification\",\"valueRequired\":true,\"valueName\":\"search_term_string\"}}],\"inLanguage\":\"tr\"},{\"@type\":\"Organization\",\"@id\":\"https:\/\/narteks.net\/#organization\",\"name\":\"narteks.net\",\"url\":\"https:\/\/narteks.net\/\",\"logo\":{\"@type\":\"ImageObject\",\"inLanguage\":\"tr\",\"@id\":\"https:\/\/narteks.net\/#\/schema\/logo\/image\/\",\"url\":\"https:\/\/narteks.net\/wp-content\/uploads\/narteks.png\",\"contentUrl\":\"https:\/\/narteks.net\/wp-content\/uploads\/narteks.png\",\"width\":300,\"height\":90,\"caption\":\"narteks.net\"},\"image\":{\"@id\":\"https:\/\/narteks.net\/#\/schema\/logo\/image\/\"},\"sameAs\":[\"https:\/\/x.com\/narteks\",\"https:\/\/instagram.com\/narteksnet\"]},{\"@type\":\"Person\",\"@id\":\"https:\/\/narteks.net\/#\/schema\/person\/61f37d9834294b72d31d274e7ed79bca\",\"name\":\"Tar\u0131k\",\"image\":{\"@type\":\"ImageObject\",\"inLanguage\":\"tr\",\"@id\":\"https:\/\/narteks.net\/#\/schema\/person\/image\/\",\"url\":\"https:\/\/secure.gravatar.com\/avatar\/50865afb55632c4ae467e0af0930f6510aa2297d8014be502a55b14f3b7550cf?s=96&d=mm&r=g\",\"contentUrl\":\"https:\/\/secure.gravatar.com\/avatar\/50865afb55632c4ae467e0af0930f6510aa2297d8014be502a55b14f3b7550cf?s=96&d=mm&r=g\",\"caption\":\"Tar\u0131k\"},\"sameAs\":[\"http:\/\/narteks.net\"],\"url\":\"https:\/\/narteks.net\/index.php\/author\/narbak\/\"}]}<\/script>\n<!-- \/ Yoast SEO Premium plugin. -->","yoast_head_json":{"title":"\u00d6l\u00fcm ve keder \/ yoksulluk ve h\u00fcz\u00fcn \/ s\u00fcrg\u00fcn ve \u00f6zg\u00fcrl\u00fck tutkusu ; Yannis Ritsos \u015fiiri - narteks.net","robots":{"index":"index","follow":"follow","max-snippet":"max-snippet:-1","max-image-preview":"max-image-preview:large","max-video-preview":"max-video-preview:-1"},"canonical":"https:\/\/narteks.net\/index.php\/2010\/01\/06\/olum-ve-keder-yoksulluk-ve-huzun-surgun-ve-ozgurluk-tutkusu-yannis-ritsos-siiri\/","og_locale":"tr_TR","og_type":"article","og_title":"\u00d6l\u00fcm ve keder \/ yoksulluk ve h\u00fcz\u00fcn \/ s\u00fcrg\u00fcn ve \u00f6zg\u00fcrl\u00fck tutkusu ; Yannis Ritsos \u015fiiri","og_description":"\u015eiire, a\u015fka ve \u00f6l\u00fcme inan\u0131yorum, diyor,i\u015fte bu y\u00fczden \u00f6l\u00fcms\u00fczl\u00fc\u011fe de inan\u0131yorum.Bir dize yaz\u0131yorum, d\u00fcnyay\u0131 yaz\u0131yorum; ben var\u0131m; d\u00fcnya var.Bir \u0131rmak ak\u0131yor ser\u00e7e parma\u011f\u0131n\u0131n ucundan,Yedi kere bu \u0131rmak g\u00f6ky\u00fcz\u00fcn\u00fcn mavisi.Yeniden ilk ger\u00e7ek oluyor bu ar\u0131l\u0131k, bu benim son dile\u011fim. Son \u0130stek adl\u0131 bu \u015fiiri 31 Mart 1969 tarihinde yazm\u0131\u015f Yannis Ritsos. S\u00fcrg\u00fcnde oldu\u011fu y\u0131llarda&#8230; Yunanistan\u2019\u0131n bu [&hellip;]","og_url":"https:\/\/narteks.net\/index.php\/2010\/01\/06\/olum-ve-keder-yoksulluk-ve-huzun-surgun-ve-ozgurluk-tutkusu-yannis-ritsos-siiri\/","og_site_name":"narteks.net","article_published_time":"2010-01-06T08:59:12+00:00","article_modified_time":"2024-04-23T10:47:56+00:00","og_image":[{"url":"http:\/\/www.greekcity.com.au\/concerts\/festival09\/Yannis%20ritsos%20100%20years%20060509.JPG","type":"","width":"","height":""}],"author":"Tar\u0131k","twitter_card":"summary_large_image","twitter_creator":"@narteks","twitter_site":"@narteks","twitter_misc":{"Yazan:":"Tar\u0131k","Tahmini okuma s\u00fcresi":"3 dakika"},"schema":{"@context":"https:\/\/schema.org","@graph":[{"@type":"Article","@id":"https:\/\/narteks.net\/index.php\/2010\/01\/06\/olum-ve-keder-yoksulluk-ve-huzun-surgun-ve-ozgurluk-tutkusu-yannis-ritsos-siiri\/#article","isPartOf":{"@id":"https:\/\/narteks.net\/index.php\/2010\/01\/06\/olum-ve-keder-yoksulluk-ve-huzun-surgun-ve-ozgurluk-tutkusu-yannis-ritsos-siiri\/"},"author":{"name":"Tar\u0131k","@id":"https:\/\/narteks.net\/#\/schema\/person\/61f37d9834294b72d31d274e7ed79bca"},"headline":"\u00d6l\u00fcm ve keder \/ yoksulluk ve h\u00fcz\u00fcn \/ s\u00fcrg\u00fcn ve \u00f6zg\u00fcrl\u00fck tutkusu ; Yannis Ritsos \u015fiiri","datePublished":"2010-01-06T08:59:12+00:00","dateModified":"2024-04-23T10:47:56+00:00","mainEntityOfPage":{"@id":"https:\/\/narteks.net\/index.php\/2010\/01\/06\/olum-ve-keder-yoksulluk-ve-huzun-surgun-ve-ozgurluk-tutkusu-yannis-ritsos-siiri\/"},"wordCount":641,"commentCount":0,"publisher":{"@id":"https:\/\/narteks.net\/#organization"},"image":{"@id":"https:\/\/narteks.net\/index.php\/2010\/01\/06\/olum-ve-keder-yoksulluk-ve-huzun-surgun-ve-ozgurluk-tutkusu-yannis-ritsos-siiri\/#primaryimage"},"thumbnailUrl":"http:\/\/www.greekcity.com.au\/concerts\/festival09\/Yannis%20ritsos%20100%20years%20060509.JPG","articleSection":["\u015eair'e Dair"],"inLanguage":"tr","potentialAction":[{"@type":"CommentAction","name":"Comment","target":["https:\/\/narteks.net\/index.php\/2010\/01\/06\/olum-ve-keder-yoksulluk-ve-huzun-surgun-ve-ozgurluk-tutkusu-yannis-ritsos-siiri\/#respond"]}]},{"@type":"WebPage","@id":"https:\/\/narteks.net\/index.php\/2010\/01\/06\/olum-ve-keder-yoksulluk-ve-huzun-surgun-ve-ozgurluk-tutkusu-yannis-ritsos-siiri\/","url":"https:\/\/narteks.net\/index.php\/2010\/01\/06\/olum-ve-keder-yoksulluk-ve-huzun-surgun-ve-ozgurluk-tutkusu-yannis-ritsos-siiri\/","name":"\u00d6l\u00fcm ve keder \/ yoksulluk ve h\u00fcz\u00fcn \/ s\u00fcrg\u00fcn ve \u00f6zg\u00fcrl\u00fck tutkusu ; Yannis Ritsos \u015fiiri - narteks.net","isPartOf":{"@id":"https:\/\/narteks.net\/#website"},"primaryImageOfPage":{"@id":"https:\/\/narteks.net\/index.php\/2010\/01\/06\/olum-ve-keder-yoksulluk-ve-huzun-surgun-ve-ozgurluk-tutkusu-yannis-ritsos-siiri\/#primaryimage"},"image":{"@id":"https:\/\/narteks.net\/index.php\/2010\/01\/06\/olum-ve-keder-yoksulluk-ve-huzun-surgun-ve-ozgurluk-tutkusu-yannis-ritsos-siiri\/#primaryimage"},"thumbnailUrl":"http:\/\/www.greekcity.com.au\/concerts\/festival09\/Yannis%20ritsos%20100%20years%20060509.JPG","datePublished":"2010-01-06T08:59:12+00:00","dateModified":"2024-04-23T10:47:56+00:00","breadcrumb":{"@id":"https:\/\/narteks.net\/index.php\/2010\/01\/06\/olum-ve-keder-yoksulluk-ve-huzun-surgun-ve-ozgurluk-tutkusu-yannis-ritsos-siiri\/#breadcrumb"},"inLanguage":"tr","potentialAction":[{"@type":"ReadAction","target":["https:\/\/narteks.net\/index.php\/2010\/01\/06\/olum-ve-keder-yoksulluk-ve-huzun-surgun-ve-ozgurluk-tutkusu-yannis-ritsos-siiri\/"]}]},{"@type":"ImageObject","inLanguage":"tr","@id":"https:\/\/narteks.net\/index.php\/2010\/01\/06\/olum-ve-keder-yoksulluk-ve-huzun-surgun-ve-ozgurluk-tutkusu-yannis-ritsos-siiri\/#primaryimage","url":"http:\/\/www.greekcity.com.au\/concerts\/festival09\/Yannis%20ritsos%20100%20years%20060509.JPG","contentUrl":"http:\/\/www.greekcity.com.au\/concerts\/festival09\/Yannis%20ritsos%20100%20years%20060509.JPG"},{"@type":"BreadcrumbList","@id":"https:\/\/narteks.net\/index.php\/2010\/01\/06\/olum-ve-keder-yoksulluk-ve-huzun-surgun-ve-ozgurluk-tutkusu-yannis-ritsos-siiri\/#breadcrumb","itemListElement":[{"@type":"ListItem","position":1,"name":"Anasayfa","item":"https:\/\/narteks.net\/"},{"@type":"ListItem","position":2,"name":"\u00d6l\u00fcm ve keder \/ yoksulluk ve h\u00fcz\u00fcn \/ s\u00fcrg\u00fcn ve \u00f6zg\u00fcrl\u00fck tutkusu ; Yannis Ritsos \u015fiiri"}]},{"@type":"WebSite","@id":"https:\/\/narteks.net\/#website","url":"https:\/\/narteks.net\/","name":"narteks.net","description":"K\u00fclt\u00fcr Sanat Edebiyat Felsefe","publisher":{"@id":"https:\/\/narteks.net\/#organization"},"alternateName":"K\u00fclt\u00fcr Sanat Edebiyat Felsefe","potentialAction":[{"@type":"SearchAction","target":{"@type":"EntryPoint","urlTemplate":"https:\/\/narteks.net\/?s={search_term_string}"},"query-input":{"@type":"PropertyValueSpecification","valueRequired":true,"valueName":"search_term_string"}}],"inLanguage":"tr"},{"@type":"Organization","@id":"https:\/\/narteks.net\/#organization","name":"narteks.net","url":"https:\/\/narteks.net\/","logo":{"@type":"ImageObject","inLanguage":"tr","@id":"https:\/\/narteks.net\/#\/schema\/logo\/image\/","url":"https:\/\/narteks.net\/wp-content\/uploads\/narteks.png","contentUrl":"https:\/\/narteks.net\/wp-content\/uploads\/narteks.png","width":300,"height":90,"caption":"narteks.net"},"image":{"@id":"https:\/\/narteks.net\/#\/schema\/logo\/image\/"},"sameAs":["https:\/\/x.com\/narteks","https:\/\/instagram.com\/narteksnet"]},{"@type":"Person","@id":"https:\/\/narteks.net\/#\/schema\/person\/61f37d9834294b72d31d274e7ed79bca","name":"Tar\u0131k","image":{"@type":"ImageObject","inLanguage":"tr","@id":"https:\/\/narteks.net\/#\/schema\/person\/image\/","url":"https:\/\/secure.gravatar.com\/avatar\/50865afb55632c4ae467e0af0930f6510aa2297d8014be502a55b14f3b7550cf?s=96&d=mm&r=g","contentUrl":"https:\/\/secure.gravatar.com\/avatar\/50865afb55632c4ae467e0af0930f6510aa2297d8014be502a55b14f3b7550cf?s=96&d=mm&r=g","caption":"Tar\u0131k"},"sameAs":["http:\/\/narteks.net"],"url":"https:\/\/narteks.net\/index.php\/author\/narbak\/"}]}},"_links":{"self":[{"href":"https:\/\/narteks.net\/index.php\/wp-json\/wp\/v2\/posts\/3703","targetHints":{"allow":["GET"]}}],"collection":[{"href":"https:\/\/narteks.net\/index.php\/wp-json\/wp\/v2\/posts"}],"about":[{"href":"https:\/\/narteks.net\/index.php\/wp-json\/wp\/v2\/types\/post"}],"author":[{"embeddable":true,"href":"https:\/\/narteks.net\/index.php\/wp-json\/wp\/v2\/users\/1"}],"replies":[{"embeddable":true,"href":"https:\/\/narteks.net\/index.php\/wp-json\/wp\/v2\/comments?post=3703"}],"version-history":[{"count":1,"href":"https:\/\/narteks.net\/index.php\/wp-json\/wp\/v2\/posts\/3703\/revisions"}],"predecessor-version":[{"id":7179,"href":"https:\/\/narteks.net\/index.php\/wp-json\/wp\/v2\/posts\/3703\/revisions\/7179"}],"wp:attachment":[{"href":"https:\/\/narteks.net\/index.php\/wp-json\/wp\/v2\/media?parent=3703"}],"wp:term":[{"taxonomy":"category","embeddable":true,"href":"https:\/\/narteks.net\/index.php\/wp-json\/wp\/v2\/categories?post=3703"},{"taxonomy":"post_tag","embeddable":true,"href":"https:\/\/narteks.net\/index.php\/wp-json\/wp\/v2\/tags?post=3703"}],"curies":[{"name":"wp","href":"https:\/\/api.w.org\/{rel}","templated":true}]}}