{"id":3705,"date":"2010-01-06T16:04:04","date_gmt":"2010-01-06T13:04:04","guid":{"rendered":"http:\/\/localhost\/wordpress\/2010\/01\/06\/fasist-diktatorluk-karsiti-direnisin-sembolu-mikis-theodorakis-besteleriyle-narteksnette\/"},"modified":"2010-01-06T16:04:04","modified_gmt":"2010-01-06T13:04:04","slug":"fasist-diktatorluk-karsiti-direnisin-sembolu-mikis-theodorakis-besteleriyle-narteksnette","status":"publish","type":"post","link":"https:\/\/narteks.net\/index.php\/2010\/01\/06\/fasist-diktatorluk-karsiti-direnisin-sembolu-mikis-theodorakis-besteleriyle-narteksnette\/","title":{"rendered":"Fa\u015fist diktat\u00f6rl\u00fck kar\u015f\u0131t\u0131 direni\u015fin sembol\u00fc ; Mikis Theodorakis besteleriyle narteks.net&#8217;te"},"content":{"rendered":"<p><strong><img loading=\"lazy\" decoding=\"async\" src=\"images\/stories\/mikis_theodorakis.jpg\" border=\"0\" width=\"155\" height=\"205\" style=\"float: left;\" \/><\/strong><\/p>\n<p style=\"text-align: justify;\"><strong>Mikis Theodorakis<\/strong>, (Yunancada <em>\u039c\u03af\u03ba\u03b7\u03c2<\/em> <em>\u0398\u03b5\u03bf\u03b4\u03c9\u03c1\u03ac\u03ba\u03b7\u03c2<\/em>) Yunan besteci.<\/p>\n<p style=\"text-align: justify;\">29 Temmuz 1925&#8217;te Yunanistan&#8217;\u0131n Hios Sak\u0131z adas\u0131nda, Giritli bir baba ve \u0130zmir-Urlal\u0131 bir annenin o\u011flu olarak d\u00fcnyaya geldi. \u00c7ok k\u00fc\u00e7\u00fck ya\u015flarda m\u00fczi\u011fin b\u00fcy\u00fcs\u00fcne kap\u0131lan Mikis, hen\u00fcz hi\u00e7bir m\u00fczik e\u011fitimi almadan \u00e7ocuk ya\u015fta kendi kendisine \u015fark\u0131 yazmaya \u00e7al\u0131\u015fm\u0131\u015ft\u0131. \u0130lk m\u00fczik derslerini Pirgos ve Patra&#8217;da ald\u0131ktan sonra, kurdu\u011fu bir koro ile birlikte Bizans dinsel m\u00fczikleriyle ilk konserlerini verdi\u011finde hen\u00fcz 17 ya\u015f\u0131ndayd\u0131.\u0130talya&#8217;n\u0131n Yunanistan&#8217;a sava\u015f a\u00e7mas\u0131yla birlikte Theodorakis de 17 ya\u015f\u0131nda direni\u015f hareketine kat\u0131ld\u0131. Esir d\u00fc\u015fen Theodorakis bir s\u00fcre sonra serbest b\u0131rak\u0131ld\u0131. Ancak Yunanistan&#8217;\u0131n Naziler taraf\u0131ndan i\u015fgal edilmesiyle birlikte yeniden direni\u015f\u00e7ilerin saflar\u0131na kat\u0131ld\u0131.<\/p>\n<p style=\"text-align: justify;\">Tekrar esir d\u00fc\u015fen Mikis, yo\u011fun i\u015fkencelere maruz kald\u0131 ve ard\u0131ndan \u00f6l\u00fcm cezas\u0131na \u00e7arpt\u0131r\u0131ld\u0131. Cezas\u0131 infaz edilmek \u00fczere kur\u015funa dizilen Mikis b\u00fcy\u00fck bir tesad\u00fcf sonucu \u00f6lmedi. \u0130kinci d\u00fcnya sava\u015f\u0131n\u0131n sona ermesinden sonra ba\u015flayan Yunan i\u00e7 sava\u015f\u0131 boyunca (1946-1952 aras\u0131) yine bir\u00e7ok kez hapse girip \u00e7\u0131kt\u0131 ve bu d\u00f6nemin sonunda \u00fclkeden s\u00fcrg\u00fcn edildi. Paris&#8217;e giden Mikis burada burslu olarak m\u00fczik e\u011fitimine devam etti.<\/p>\n<p style=\"text-align: justify;\">Theodorakis 1961 y\u0131l\u0131nda Yunanistan&#8217;a d\u00f6nd\u00fc ve kurdu\u011fu Lambrakis Gen\u00e7lik \u00d6rg\u00fct\u00fc&#8217;n\u00fcn ba\u015fkanl\u0131\u011f\u0131na se\u00e7ildi. K\u0131sa bir s\u00fcre sonra da Pire&#8217;den milletvekili se\u00e7ilerek parlamentoya girdi. 1967 Albaylar darbesinin hemen ertesi g\u00fcn\u00fc Theodorakis&#8217;e y\u00f6nelik ciddi bir bask\u0131 kampanyas\u0131 ba\u015flat\u0131ld\u0131. Albaylar Cuntas\u0131 13 nolu ordu kararnamesiyle Mikis Theodorakis&#8217;in m\u00fcziklerinin \u00e7al\u0131nmas\u0131n\u0131 ve dinlenmesini yasaklad\u0131. Yeralt\u0131na \u00e7ekilen Theodorakis Yurtsever Cephe&#8217;yi kurarak cunta rejimine kar\u015f\u0131 m\u00fccadelesini s\u00fcrd\u00fcrd\u00fc. Ancak k\u0131sa bir s\u00fcre sonra yakaland\u0131. \u00d6nce cezaevine konuldu, ard\u0131ndan Oropo toplama kamp\u0131na g\u00f6t\u00fcr\u00fcld\u00fc. D\u00fcnya \u00e7ap\u0131nda s\u00fcrd\u00fcr\u00fclen bir dayan\u0131\u015fma kampanyas\u0131 sayesinde cezas\u0131 s\u00fcrg\u00fcne \u00e7evrildi ve b\u00f6ylece 1970 y\u0131l\u0131nda kamptan al\u0131n\u0131p s\u00fcrg\u00fcne g\u00f6nderildi.<\/p>\n<p>Mikis Theodorakis s\u00fcrg\u00fcnde de Albaylar Cuntas\u0131&#8217;na kar\u015f\u0131 m\u00fccadele etti; d\u00fcnya \u00e7ap\u0131nda \u00e7\u0131kt\u0131\u011f\u0131 turnelerde bin kadar konser vererek \u00fclkesindeki bask\u0131 rejimini te\u015fhir etti. Ve Albaylar\u0131n iktidardan d\u00fc\u015fmesinden sonra zafer kazanm\u0131\u015f olarak yeniden Yunanistan&#8217;a d\u00f6nd\u00fc. 1974 y\u0131l\u0131nda tekrar milletvekili se\u00e7ilerek meclise girdi. Z\u00fclf\u00fc Livaneli ve di\u011fer dostlar\u0131yla birlikte 1986 y\u0131l\u0131nda T\u00fcrk-Yunan Dostluk Derne\u011fi&#8217;ni kurdu; ayn\u0131 d\u00f6nemde \u0130stanbul&#8217;da verdi\u011fi konserler b\u00fcy\u00fck ilgi toplad\u0131. 1988 se\u00e7imlerinde yeniden milletvekili se\u00e7ildi. 1990-1992 y\u0131llar\u0131 aras\u0131nda Konstantin Mit\u00e7otakis h\u00fck\u00fcmetinde iki y\u0131l bakanl\u0131k yapt\u0131. Daha sonra iki y\u0131ll\u0131\u011f\u0131na Yunan radyo ve televizyon kurumu ERT&#8217;nin Senfoni Orkestras\u0131 ve Korosu&#8217;nun Genel M\u00fczik Direkt\u00f6rl\u00fc\u011f\u00fc&#8217;ne atand\u0131.<\/p>\n<p>Klasik m\u00fczik alan\u0131nda yapt\u0131\u011f\u0131 ba\u015far\u0131l\u0131 \u00e7al\u0131\u015fmalar\u0131n ard\u0131ndan geleneksel ve ulusal \u00e7alg\u0131lara, ritimlere ve ezgilere y\u00f6nelen Theodorakis, &#8220;Epitafios&#8221; [Mezarta\u015f\u0131 yaz\u0131t\u0131] beste dizisiyle Yunanistan&#8217;da b\u00fcy\u00fck bir k\u00fclt\u00fcr devrimi ba\u015flatt\u0131. Theodorakis 1000 dolay\u0131nda \u015fark\u0131 yazm\u0131\u015ft\u0131r. \u00c7ok say\u0131da senfoni, bale, opera ve oratoryo bestelemi\u015ftir. Bir\u00e7ok tragedya ve modern tiyatro oyununun m\u00fczi\u011fini yazm\u0131\u015ft\u0131r. 12 sinema filminin m\u00fczi\u011fini yazm\u0131\u015ft\u0131r. Yazd\u0131\u011f\u0131 film m\u00fczikleri aras\u0131nda &#8220;Z&#8221; filminin m\u00fczi\u011fi \u00f6zellikle ses getirirken, &#8220;Zorba&#8221; filmi i\u00e7in besteledi\u011fi m\u00fczik de Sirtaki dans\u0131n\u0131n d\u00fcnyaya yay\u0131lmas\u0131n\u0131 sa\u011flam\u0131\u015ft\u0131r. Theodorakis siyasal m\u00fccadelesini ve sanata ili\u015fkin g\u00f6r\u00fc\u015flerini, yazd\u0131\u011f\u0131 iki kitapta toplad\u0131. Altm\u0131\u015f y\u0131l\u0131 a\u015fk\u0131n bir zaman dilimine yay\u0131lan \u00e7al\u0131\u015fmalar\u0131ndan \u00f6t\u00fcr\u00fc bir\u00e7ok ulusal ve uluslararas\u0131 \u00f6d\u00fcl alm\u0131\u015ft\u0131r.<\/p>\n<p>Sanatsal etkinliklerine hep siyasal m\u00fccadelesi e\u015flik etmi\u015ftir. \u00d6zellikle Albaylar Cuntas\u0131&#8217;na kar\u015f\u0131 verdi\u011fi m\u00fccadele onu d\u00fcnya \u00e7ap\u0131nda diktat\u00f6rl\u00fck kar\u015f\u0131t\u0131 direni\u015fin sembol\u00fc haline getirmi\u015ftir. Mikis Theodorakis benzersiz sanatsal yeteneklerini \u00fclkesine duydu\u011fu derin sevgiyle harmanlam\u0131\u015ft\u0131r. Ayr\u0131ca d\u00fcnya \u00e7ap\u0131nda insan haklar\u0131 ihlallerine kar\u015f\u0131 verilen m\u00fccadelenin hep i\u00e7inde olmu\u015f, \u00e7evresel sorunlardan tutun da evrensel bir bar\u0131\u015fa ula\u015f\u0131lmas\u0131na dek pek \u00e7ok alanda \u00e7al\u0131\u015fmalar yapm\u0131\u015ft\u0131r. Mikis Theodorakis \u015fimdilerde 80&#8217;li ya\u015flar\u0131n\u0131 s\u00fcr\u00fcyor ve sa\u011fl\u0131\u011f\u0131 pek elveri\u015fli olmamas\u0131na ra\u011fmen hala Filistin, Afganistan ve Irak&#8217;ta ya\u015fanan trajediler kar\u015f\u0131s\u0131nda d\u00fcnyan\u0131n dikkatini \u00e7ekebilmek i\u00e7in bildiriler yazmaya, kampanyalar y\u00fcr\u00fctmeye devam ediyor.<\/p>\n<p>\u00a0<\/p>\n<p>\n<object width=\"400\" height=\"315\" data=\"http:\/\/www.humyo.com\/E\/10044311-281475177172265\/10044311-281475177173527\/10044311-281475177174091\/10044311-281475177178087\/10044311-281475177184251\/10044311-281475177188259\/10044311-281475177188769\/10044311-281475177194385\/10044311-281475177204233\/10044311-281475177207447\/10044311-281475177209739\/10044311-281475177211329\/10044311-281475177211841\/10044311-281475177212447\/10044311-281475177213131\/10044311-281475177213905\/10044311-281475177214597\/10044311-281475177215347\/10044311-281475177216193\" type=\"application\/x-shockwave-flash\"><param name=\"flashvars\" value=\"autostart=true&amp;imagestart=true&amp;displayheight=236\" \/><param name=\"src\" value=\"http:\/\/www.humyo.com\/E\/10044311-281475177172265\/10044311-281475177173527\/10044311-281475177174091\/10044311-281475177178087\/10044311-281475177184251\/10044311-281475177188259\/10044311-281475177188769\/10044311-281475177194385\/10044311-281475177204233\/10044311-281475177207447\/10044311-281475177209739\/10044311-281475177211329\/10044311-281475177211841\/10044311-281475177212447\/10044311-281475177213131\/10044311-281475177213905\/10044311-281475177214597\/10044311-281475177215347\/10044311-281475177216193\" \/><\/object><\/p>\n","protected":false},"excerpt":{"rendered":"<p>Mikis Theodorakis, (Yunancada \u039c\u03af\u03ba\u03b7\u03c2 \u0398\u03b5\u03bf\u03b4\u03c9\u03c1\u03ac\u03ba\u03b7\u03c2) Yunan besteci. 29 Temmuz 1925&#8217;te Yunanistan&#8217;\u0131n Hios Sak\u0131z adas\u0131nda, Giritli bir baba ve \u0130zmir-Urlal\u0131 bir annenin o\u011flu olarak d\u00fcnyaya geldi. \u00c7ok k\u00fc\u00e7\u00fck ya\u015flarda m\u00fczi\u011fin b\u00fcy\u00fcs\u00fcne kap\u0131lan Mikis, hen\u00fcz hi\u00e7bir m\u00fczik e\u011fitimi almadan \u00e7ocuk ya\u015fta kendi kendisine \u015fark\u0131 yazmaya \u00e7al\u0131\u015fm\u0131\u015ft\u0131. \u0130lk m\u00fczik derslerini Pirgos ve Patra&#8217;da ald\u0131ktan sonra, kurdu\u011fu bir koro [&hellip;]<\/p>\n","protected":false},"author":1,"featured_media":0,"comment_status":"open","ping_status":"open","sticky":false,"template":"","format":"standard","meta":{"footnotes":""},"categories":[125],"tags":[],"class_list":{"0":"post-3705","1":"post","2":"type-post","3":"status-publish","4":"format-standard","6":"category-dunya-dan-muzik"},"yoast_head":"<!-- This site is optimized with the Yoast SEO Premium plugin v24.9 (Yoast SEO v24.9) - https:\/\/yoast.com\/wordpress\/plugins\/seo\/ -->\n<title>Fa\u015fist diktat\u00f6rl\u00fck kar\u015f\u0131t\u0131 direni\u015fin sembol\u00fc ; Mikis Theodorakis besteleriyle narteks.net&#039;te - narteks.net<\/title>\n<meta name=\"robots\" content=\"index, follow, max-snippet:-1, max-image-preview:large, max-video-preview:-1\" \/>\n<link rel=\"canonical\" href=\"https:\/\/narteks.net\/index.php\/2010\/01\/06\/fasist-diktatorluk-karsiti-direnisin-sembolu-mikis-theodorakis-besteleriyle-narteksnette\/\" \/>\n<meta property=\"og:locale\" content=\"tr_TR\" \/>\n<meta property=\"og:type\" content=\"article\" \/>\n<meta property=\"og:title\" content=\"Fa\u015fist diktat\u00f6rl\u00fck kar\u015f\u0131t\u0131 direni\u015fin sembol\u00fc ; Mikis Theodorakis besteleriyle narteks.net&#039;te\" \/>\n<meta property=\"og:description\" content=\"Mikis Theodorakis, (Yunancada \u039c\u03af\u03ba\u03b7\u03c2 \u0398\u03b5\u03bf\u03b4\u03c9\u03c1\u03ac\u03ba\u03b7\u03c2) Yunan besteci. 29 Temmuz 1925&#8217;te Yunanistan&#8217;\u0131n Hios Sak\u0131z adas\u0131nda, Giritli bir baba ve \u0130zmir-Urlal\u0131 bir annenin o\u011flu olarak d\u00fcnyaya geldi. \u00c7ok k\u00fc\u00e7\u00fck ya\u015flarda m\u00fczi\u011fin b\u00fcy\u00fcs\u00fcne kap\u0131lan Mikis, hen\u00fcz hi\u00e7bir m\u00fczik e\u011fitimi almadan \u00e7ocuk ya\u015fta kendi kendisine \u015fark\u0131 yazmaya \u00e7al\u0131\u015fm\u0131\u015ft\u0131. \u0130lk m\u00fczik derslerini Pirgos ve Patra&#8217;da ald\u0131ktan sonra, kurdu\u011fu bir koro [&hellip;]\" \/>\n<meta property=\"og:url\" content=\"https:\/\/narteks.net\/index.php\/2010\/01\/06\/fasist-diktatorluk-karsiti-direnisin-sembolu-mikis-theodorakis-besteleriyle-narteksnette\/\" \/>\n<meta property=\"og:site_name\" content=\"narteks.net\" \/>\n<meta property=\"article:published_time\" content=\"2010-01-06T13:04:04+00:00\" \/>\n<meta property=\"og:image\" content=\"https:\/\/narteks.net\/wp-content\/uploads\/narteks.png\" \/>\n\t<meta property=\"og:image:width\" content=\"300\" \/>\n\t<meta property=\"og:image:height\" content=\"90\" \/>\n\t<meta property=\"og:image:type\" content=\"image\/png\" \/>\n<meta name=\"author\" content=\"Tar\u0131k\" \/>\n<meta name=\"twitter:card\" content=\"summary_large_image\" \/>\n<meta name=\"twitter:creator\" content=\"@narteks\" \/>\n<meta name=\"twitter:site\" content=\"@narteks\" \/>\n<meta name=\"twitter:label1\" content=\"Yazan:\" \/>\n\t<meta name=\"twitter:data1\" content=\"Tar\u0131k\" \/>\n\t<meta name=\"twitter:label2\" content=\"Tahmini okuma s\u00fcresi\" \/>\n\t<meta name=\"twitter:data2\" content=\"4 dakika\" \/>\n<script type=\"application\/ld+json\" class=\"yoast-schema-graph\">{\"@context\":\"https:\/\/schema.org\",\"@graph\":[{\"@type\":\"Article\",\"@id\":\"https:\/\/narteks.net\/index.php\/2010\/01\/06\/fasist-diktatorluk-karsiti-direnisin-sembolu-mikis-theodorakis-besteleriyle-narteksnette\/#article\",\"isPartOf\":{\"@id\":\"https:\/\/narteks.net\/index.php\/2010\/01\/06\/fasist-diktatorluk-karsiti-direnisin-sembolu-mikis-theodorakis-besteleriyle-narteksnette\/\"},\"author\":{\"name\":\"Tar\u0131k\",\"@id\":\"https:\/\/narteks.net\/#\/schema\/person\/61f37d9834294b72d31d274e7ed79bca\"},\"headline\":\"Fa\u015fist diktat\u00f6rl\u00fck kar\u015f\u0131t\u0131 direni\u015fin sembol\u00fc ; Mikis Theodorakis besteleriyle narteks.net&#8217;te\",\"datePublished\":\"2010-01-06T13:04:04+00:00\",\"mainEntityOfPage\":{\"@id\":\"https:\/\/narteks.net\/index.php\/2010\/01\/06\/fasist-diktatorluk-karsiti-direnisin-sembolu-mikis-theodorakis-besteleriyle-narteksnette\/\"},\"wordCount\":783,\"commentCount\":0,\"publisher\":{\"@id\":\"https:\/\/narteks.net\/#organization\"},\"articleSection\":[\"D\u00fcnya'dan M\u00fczik\"],\"inLanguage\":\"tr\",\"potentialAction\":[{\"@type\":\"CommentAction\",\"name\":\"Comment\",\"target\":[\"https:\/\/narteks.net\/index.php\/2010\/01\/06\/fasist-diktatorluk-karsiti-direnisin-sembolu-mikis-theodorakis-besteleriyle-narteksnette\/#respond\"]}]},{\"@type\":\"WebPage\",\"@id\":\"https:\/\/narteks.net\/index.php\/2010\/01\/06\/fasist-diktatorluk-karsiti-direnisin-sembolu-mikis-theodorakis-besteleriyle-narteksnette\/\",\"url\":\"https:\/\/narteks.net\/index.php\/2010\/01\/06\/fasist-diktatorluk-karsiti-direnisin-sembolu-mikis-theodorakis-besteleriyle-narteksnette\/\",\"name\":\"Fa\u015fist diktat\u00f6rl\u00fck kar\u015f\u0131t\u0131 direni\u015fin sembol\u00fc ; Mikis Theodorakis besteleriyle narteks.net'te - narteks.net\",\"isPartOf\":{\"@id\":\"https:\/\/narteks.net\/#website\"},\"datePublished\":\"2010-01-06T13:04:04+00:00\",\"breadcrumb\":{\"@id\":\"https:\/\/narteks.net\/index.php\/2010\/01\/06\/fasist-diktatorluk-karsiti-direnisin-sembolu-mikis-theodorakis-besteleriyle-narteksnette\/#breadcrumb\"},\"inLanguage\":\"tr\",\"potentialAction\":[{\"@type\":\"ReadAction\",\"target\":[\"https:\/\/narteks.net\/index.php\/2010\/01\/06\/fasist-diktatorluk-karsiti-direnisin-sembolu-mikis-theodorakis-besteleriyle-narteksnette\/\"]}]},{\"@type\":\"BreadcrumbList\",\"@id\":\"https:\/\/narteks.net\/index.php\/2010\/01\/06\/fasist-diktatorluk-karsiti-direnisin-sembolu-mikis-theodorakis-besteleriyle-narteksnette\/#breadcrumb\",\"itemListElement\":[{\"@type\":\"ListItem\",\"position\":1,\"name\":\"Anasayfa\",\"item\":\"https:\/\/narteks.net\/\"},{\"@type\":\"ListItem\",\"position\":2,\"name\":\"Fa\u015fist diktat\u00f6rl\u00fck kar\u015f\u0131t\u0131 direni\u015fin sembol\u00fc ; Mikis Theodorakis besteleriyle narteks.net&#8217;te\"}]},{\"@type\":\"WebSite\",\"@id\":\"https:\/\/narteks.net\/#website\",\"url\":\"https:\/\/narteks.net\/\",\"name\":\"narteks.net\",\"description\":\"K\u00fclt\u00fcr Sanat Edebiyat Felsefe\",\"publisher\":{\"@id\":\"https:\/\/narteks.net\/#organization\"},\"alternateName\":\"K\u00fclt\u00fcr Sanat Edebiyat Felsefe\",\"potentialAction\":[{\"@type\":\"SearchAction\",\"target\":{\"@type\":\"EntryPoint\",\"urlTemplate\":\"https:\/\/narteks.net\/?s={search_term_string}\"},\"query-input\":{\"@type\":\"PropertyValueSpecification\",\"valueRequired\":true,\"valueName\":\"search_term_string\"}}],\"inLanguage\":\"tr\"},{\"@type\":\"Organization\",\"@id\":\"https:\/\/narteks.net\/#organization\",\"name\":\"narteks.net\",\"url\":\"https:\/\/narteks.net\/\",\"logo\":{\"@type\":\"ImageObject\",\"inLanguage\":\"tr\",\"@id\":\"https:\/\/narteks.net\/#\/schema\/logo\/image\/\",\"url\":\"https:\/\/narteks.net\/wp-content\/uploads\/narteks.png\",\"contentUrl\":\"https:\/\/narteks.net\/wp-content\/uploads\/narteks.png\",\"width\":300,\"height\":90,\"caption\":\"narteks.net\"},\"image\":{\"@id\":\"https:\/\/narteks.net\/#\/schema\/logo\/image\/\"},\"sameAs\":[\"https:\/\/x.com\/narteks\",\"https:\/\/instagram.com\/narteksnet\"]},{\"@type\":\"Person\",\"@id\":\"https:\/\/narteks.net\/#\/schema\/person\/61f37d9834294b72d31d274e7ed79bca\",\"name\":\"Tar\u0131k\",\"image\":{\"@type\":\"ImageObject\",\"inLanguage\":\"tr\",\"@id\":\"https:\/\/narteks.net\/#\/schema\/person\/image\/\",\"url\":\"https:\/\/secure.gravatar.com\/avatar\/50865afb55632c4ae467e0af0930f6510aa2297d8014be502a55b14f3b7550cf?s=96&d=mm&r=g\",\"contentUrl\":\"https:\/\/secure.gravatar.com\/avatar\/50865afb55632c4ae467e0af0930f6510aa2297d8014be502a55b14f3b7550cf?s=96&d=mm&r=g\",\"caption\":\"Tar\u0131k\"},\"sameAs\":[\"http:\/\/narteks.net\"],\"url\":\"https:\/\/narteks.net\/index.php\/author\/narbak\/\"}]}<\/script>\n<!-- \/ Yoast SEO Premium plugin. -->","yoast_head_json":{"title":"Fa\u015fist diktat\u00f6rl\u00fck kar\u015f\u0131t\u0131 direni\u015fin sembol\u00fc ; Mikis Theodorakis besteleriyle narteks.net'te - narteks.net","robots":{"index":"index","follow":"follow","max-snippet":"max-snippet:-1","max-image-preview":"max-image-preview:large","max-video-preview":"max-video-preview:-1"},"canonical":"https:\/\/narteks.net\/index.php\/2010\/01\/06\/fasist-diktatorluk-karsiti-direnisin-sembolu-mikis-theodorakis-besteleriyle-narteksnette\/","og_locale":"tr_TR","og_type":"article","og_title":"Fa\u015fist diktat\u00f6rl\u00fck kar\u015f\u0131t\u0131 direni\u015fin sembol\u00fc ; Mikis Theodorakis besteleriyle narteks.net'te","og_description":"Mikis Theodorakis, (Yunancada \u039c\u03af\u03ba\u03b7\u03c2 \u0398\u03b5\u03bf\u03b4\u03c9\u03c1\u03ac\u03ba\u03b7\u03c2) Yunan besteci. 29 Temmuz 1925&#8217;te Yunanistan&#8217;\u0131n Hios Sak\u0131z adas\u0131nda, Giritli bir baba ve \u0130zmir-Urlal\u0131 bir annenin o\u011flu olarak d\u00fcnyaya geldi. \u00c7ok k\u00fc\u00e7\u00fck ya\u015flarda m\u00fczi\u011fin b\u00fcy\u00fcs\u00fcne kap\u0131lan Mikis, hen\u00fcz hi\u00e7bir m\u00fczik e\u011fitimi almadan \u00e7ocuk ya\u015fta kendi kendisine \u015fark\u0131 yazmaya \u00e7al\u0131\u015fm\u0131\u015ft\u0131. \u0130lk m\u00fczik derslerini Pirgos ve Patra&#8217;da ald\u0131ktan sonra, kurdu\u011fu bir koro [&hellip;]","og_url":"https:\/\/narteks.net\/index.php\/2010\/01\/06\/fasist-diktatorluk-karsiti-direnisin-sembolu-mikis-theodorakis-besteleriyle-narteksnette\/","og_site_name":"narteks.net","article_published_time":"2010-01-06T13:04:04+00:00","og_image":[{"width":300,"height":90,"url":"https:\/\/narteks.net\/wp-content\/uploads\/narteks.png","type":"image\/png"}],"author":"Tar\u0131k","twitter_card":"summary_large_image","twitter_creator":"@narteks","twitter_site":"@narteks","twitter_misc":{"Yazan:":"Tar\u0131k","Tahmini okuma s\u00fcresi":"4 dakika"},"schema":{"@context":"https:\/\/schema.org","@graph":[{"@type":"Article","@id":"https:\/\/narteks.net\/index.php\/2010\/01\/06\/fasist-diktatorluk-karsiti-direnisin-sembolu-mikis-theodorakis-besteleriyle-narteksnette\/#article","isPartOf":{"@id":"https:\/\/narteks.net\/index.php\/2010\/01\/06\/fasist-diktatorluk-karsiti-direnisin-sembolu-mikis-theodorakis-besteleriyle-narteksnette\/"},"author":{"name":"Tar\u0131k","@id":"https:\/\/narteks.net\/#\/schema\/person\/61f37d9834294b72d31d274e7ed79bca"},"headline":"Fa\u015fist diktat\u00f6rl\u00fck kar\u015f\u0131t\u0131 direni\u015fin sembol\u00fc ; Mikis Theodorakis besteleriyle narteks.net&#8217;te","datePublished":"2010-01-06T13:04:04+00:00","mainEntityOfPage":{"@id":"https:\/\/narteks.net\/index.php\/2010\/01\/06\/fasist-diktatorluk-karsiti-direnisin-sembolu-mikis-theodorakis-besteleriyle-narteksnette\/"},"wordCount":783,"commentCount":0,"publisher":{"@id":"https:\/\/narteks.net\/#organization"},"articleSection":["D\u00fcnya'dan M\u00fczik"],"inLanguage":"tr","potentialAction":[{"@type":"CommentAction","name":"Comment","target":["https:\/\/narteks.net\/index.php\/2010\/01\/06\/fasist-diktatorluk-karsiti-direnisin-sembolu-mikis-theodorakis-besteleriyle-narteksnette\/#respond"]}]},{"@type":"WebPage","@id":"https:\/\/narteks.net\/index.php\/2010\/01\/06\/fasist-diktatorluk-karsiti-direnisin-sembolu-mikis-theodorakis-besteleriyle-narteksnette\/","url":"https:\/\/narteks.net\/index.php\/2010\/01\/06\/fasist-diktatorluk-karsiti-direnisin-sembolu-mikis-theodorakis-besteleriyle-narteksnette\/","name":"Fa\u015fist diktat\u00f6rl\u00fck kar\u015f\u0131t\u0131 direni\u015fin sembol\u00fc ; Mikis Theodorakis besteleriyle narteks.net'te - narteks.net","isPartOf":{"@id":"https:\/\/narteks.net\/#website"},"datePublished":"2010-01-06T13:04:04+00:00","breadcrumb":{"@id":"https:\/\/narteks.net\/index.php\/2010\/01\/06\/fasist-diktatorluk-karsiti-direnisin-sembolu-mikis-theodorakis-besteleriyle-narteksnette\/#breadcrumb"},"inLanguage":"tr","potentialAction":[{"@type":"ReadAction","target":["https:\/\/narteks.net\/index.php\/2010\/01\/06\/fasist-diktatorluk-karsiti-direnisin-sembolu-mikis-theodorakis-besteleriyle-narteksnette\/"]}]},{"@type":"BreadcrumbList","@id":"https:\/\/narteks.net\/index.php\/2010\/01\/06\/fasist-diktatorluk-karsiti-direnisin-sembolu-mikis-theodorakis-besteleriyle-narteksnette\/#breadcrumb","itemListElement":[{"@type":"ListItem","position":1,"name":"Anasayfa","item":"https:\/\/narteks.net\/"},{"@type":"ListItem","position":2,"name":"Fa\u015fist diktat\u00f6rl\u00fck kar\u015f\u0131t\u0131 direni\u015fin sembol\u00fc ; Mikis Theodorakis besteleriyle narteks.net&#8217;te"}]},{"@type":"WebSite","@id":"https:\/\/narteks.net\/#website","url":"https:\/\/narteks.net\/","name":"narteks.net","description":"K\u00fclt\u00fcr Sanat Edebiyat Felsefe","publisher":{"@id":"https:\/\/narteks.net\/#organization"},"alternateName":"K\u00fclt\u00fcr Sanat Edebiyat Felsefe","potentialAction":[{"@type":"SearchAction","target":{"@type":"EntryPoint","urlTemplate":"https:\/\/narteks.net\/?s={search_term_string}"},"query-input":{"@type":"PropertyValueSpecification","valueRequired":true,"valueName":"search_term_string"}}],"inLanguage":"tr"},{"@type":"Organization","@id":"https:\/\/narteks.net\/#organization","name":"narteks.net","url":"https:\/\/narteks.net\/","logo":{"@type":"ImageObject","inLanguage":"tr","@id":"https:\/\/narteks.net\/#\/schema\/logo\/image\/","url":"https:\/\/narteks.net\/wp-content\/uploads\/narteks.png","contentUrl":"https:\/\/narteks.net\/wp-content\/uploads\/narteks.png","width":300,"height":90,"caption":"narteks.net"},"image":{"@id":"https:\/\/narteks.net\/#\/schema\/logo\/image\/"},"sameAs":["https:\/\/x.com\/narteks","https:\/\/instagram.com\/narteksnet"]},{"@type":"Person","@id":"https:\/\/narteks.net\/#\/schema\/person\/61f37d9834294b72d31d274e7ed79bca","name":"Tar\u0131k","image":{"@type":"ImageObject","inLanguage":"tr","@id":"https:\/\/narteks.net\/#\/schema\/person\/image\/","url":"https:\/\/secure.gravatar.com\/avatar\/50865afb55632c4ae467e0af0930f6510aa2297d8014be502a55b14f3b7550cf?s=96&d=mm&r=g","contentUrl":"https:\/\/secure.gravatar.com\/avatar\/50865afb55632c4ae467e0af0930f6510aa2297d8014be502a55b14f3b7550cf?s=96&d=mm&r=g","caption":"Tar\u0131k"},"sameAs":["http:\/\/narteks.net"],"url":"https:\/\/narteks.net\/index.php\/author\/narbak\/"}]}},"_links":{"self":[{"href":"https:\/\/narteks.net\/index.php\/wp-json\/wp\/v2\/posts\/3705","targetHints":{"allow":["GET"]}}],"collection":[{"href":"https:\/\/narteks.net\/index.php\/wp-json\/wp\/v2\/posts"}],"about":[{"href":"https:\/\/narteks.net\/index.php\/wp-json\/wp\/v2\/types\/post"}],"author":[{"embeddable":true,"href":"https:\/\/narteks.net\/index.php\/wp-json\/wp\/v2\/users\/1"}],"replies":[{"embeddable":true,"href":"https:\/\/narteks.net\/index.php\/wp-json\/wp\/v2\/comments?post=3705"}],"version-history":[{"count":0,"href":"https:\/\/narteks.net\/index.php\/wp-json\/wp\/v2\/posts\/3705\/revisions"}],"wp:attachment":[{"href":"https:\/\/narteks.net\/index.php\/wp-json\/wp\/v2\/media?parent=3705"}],"wp:term":[{"taxonomy":"category","embeddable":true,"href":"https:\/\/narteks.net\/index.php\/wp-json\/wp\/v2\/categories?post=3705"},{"taxonomy":"post_tag","embeddable":true,"href":"https:\/\/narteks.net\/index.php\/wp-json\/wp\/v2\/tags?post=3705"}],"curies":[{"name":"wp","href":"https:\/\/api.w.org\/{rel}","templated":true}]}}