{"id":3710,"date":"2010-01-07T14:18:15","date_gmt":"2010-01-07T11:18:15","guid":{"rendered":"http:\/\/localhost\/wordpress\/2010\/01\/07\/erkan-kucuk-sozcukler-4\/"},"modified":"2010-01-07T14:18:15","modified_gmt":"2010-01-07T11:18:15","slug":"erkan-kucuk-sozcukler-4","status":"publish","type":"post","link":"https:\/\/narteks.net\/index.php\/2010\/01\/07\/erkan-kucuk-sozcukler-4\/","title":{"rendered":"Erkan K\u00fc\u00e7\u00fck; S\u00f6zc\u00fckler 4"},"content":{"rendered":"<h2>*Kendi i\u00e7inde y\u00fcksek da\u011flar ta\u015f\u0131yanlar, her y\u00fcr\u00fcy\u00fc\u015flerin de o doruklardan d\u00fc\u015fmek zorunda kal\u0131rlar.<\/h2>\n<p>*K\u00f6t\u00fcl\u00fck, ellerine s\u0131\u011f\u0131nd\u0131\u011f\u0131m\u0131z da bizi reddetmeyecek kadar iyidir.<\/p>\n<p>*Sonunda anlad\u0131n ki \u00e7ocuk, herkes kendi kalbinin sesiyle dans etmekte.<\/p>\n<p>*Yer y\u00fcz\u00fc de\u011fil, onun alt\u0131ndaki derin yar\u0131klard\u0131r hakikatin sakland\u0131\u011f\u0131 yer. Deprem, hakikatin \u015fiddetle a\u00e7\u0131\u011fa \u00e7\u0131k\u0131\u015f\u0131d\u0131r.<\/p>\n<p>*Bilge susar, bilmeyense cehaletine s\u00f6zc\u00fcklerden maske tutar.<\/p>\n<p>*&#8221;\u015eimdi&#8221;, ge\u00e7mi\u015f ve gelece\u011fin yarat\u0131c\u0131 bir sentezi, diyalektik zamand\u0131r.<\/p>\n<p>*\u0130nsan y\u00fckseldik\u00e7e belki \u00e7ok daha geni\u015f alanlar\u0131 g\u00f6rebiliyor, fakat ayr\u0131nt\u0131lar bulan\u0131kla\u015f\u0131yor.<\/p>\n<p>*Da\u011flarda kan akt\u0131k\u00e7a sancaklarda dalgalanan al bayraklar cesetleri \u00f6rtmek i\u00e7in b\u00fcy\u00fcyor.<\/p>\n<p>*Hayata dokunmayan s\u00f6zc\u00fckler, sesten ibarettir.<\/p>\n<p>*Korku, i\u00e7inde ihanet tanr\u0131s\u0131n\u0131 bar\u0131nd\u0131r\u0131r.<\/p>\n<p>Erkan K.<\/p>\n","protected":false},"excerpt":{"rendered":"<p>*Kendi i\u00e7inde y\u00fcksek da\u011flar ta\u015f\u0131yanlar, her y\u00fcr\u00fcy\u00fc\u015flerin de o doruklardan d\u00fc\u015fmek zorunda kal\u0131rlar. *K\u00f6t\u00fcl\u00fck, ellerine s\u0131\u011f\u0131nd\u0131\u011f\u0131m\u0131z da bizi reddetmeyecek kadar iyidir. *Sonunda anlad\u0131n ki \u00e7ocuk, herkes kendi kalbinin sesiyle dans etmekte. *Yer y\u00fcz\u00fc de\u011fil, onun alt\u0131ndaki derin yar\u0131klard\u0131r hakikatin sakland\u0131\u011f\u0131 yer. Deprem, hakikatin \u015fiddetle a\u00e7\u0131\u011fa \u00e7\u0131k\u0131\u015f\u0131d\u0131r. *Bilge susar, bilmeyense cehaletine s\u00f6zc\u00fcklerden maske tutar. *&#8221;\u015eimdi&#8221;, ge\u00e7mi\u015f [&hellip;]<\/p>\n","protected":false},"author":1,"featured_media":0,"comment_status":"open","ping_status":"open","sticky":false,"template":"","format":"standard","meta":{"footnotes":""},"categories":[140],"tags":[],"class_list":{"0":"post-3710","1":"post","2":"type-post","3":"status-publish","4":"format-standard","6":"category-erkan-kucuk-makale"},"yoast_head":"<!-- This site is optimized with the Yoast SEO Premium plugin v24.9 (Yoast SEO v24.9) - https:\/\/yoast.com\/wordpress\/plugins\/seo\/ -->\n<title>Erkan K\u00fc\u00e7\u00fck; S\u00f6zc\u00fckler 4 - narteks.net<\/title>\n<meta name=\"robots\" content=\"index, follow, max-snippet:-1, max-image-preview:large, max-video-preview:-1\" \/>\n<link rel=\"canonical\" href=\"https:\/\/narteks.net\/index.php\/2010\/01\/07\/erkan-kucuk-sozcukler-4\/\" \/>\n<meta property=\"og:locale\" content=\"tr_TR\" \/>\n<meta property=\"og:type\" content=\"article\" \/>\n<meta property=\"og:title\" content=\"Erkan K\u00fc\u00e7\u00fck; S\u00f6zc\u00fckler 4\" \/>\n<meta property=\"og:description\" content=\"*Kendi i\u00e7inde y\u00fcksek da\u011flar ta\u015f\u0131yanlar, her y\u00fcr\u00fcy\u00fc\u015flerin de o doruklardan d\u00fc\u015fmek zorunda kal\u0131rlar. *K\u00f6t\u00fcl\u00fck, ellerine s\u0131\u011f\u0131nd\u0131\u011f\u0131m\u0131z da bizi reddetmeyecek kadar iyidir. *Sonunda anlad\u0131n ki \u00e7ocuk, herkes kendi kalbinin sesiyle dans etmekte. *Yer y\u00fcz\u00fc de\u011fil, onun alt\u0131ndaki derin yar\u0131klard\u0131r hakikatin sakland\u0131\u011f\u0131 yer. Deprem, hakikatin \u015fiddetle a\u00e7\u0131\u011fa \u00e7\u0131k\u0131\u015f\u0131d\u0131r. *Bilge susar, bilmeyense cehaletine s\u00f6zc\u00fcklerden maske tutar. *&#8221;\u015eimdi&#8221;, ge\u00e7mi\u015f [&hellip;]\" \/>\n<meta property=\"og:url\" content=\"https:\/\/narteks.net\/index.php\/2010\/01\/07\/erkan-kucuk-sozcukler-4\/\" \/>\n<meta property=\"og:site_name\" content=\"narteks.net\" \/>\n<meta property=\"article:published_time\" content=\"2010-01-07T11:18:15+00:00\" \/>\n<meta property=\"og:image\" content=\"https:\/\/narteks.net\/wp-content\/uploads\/narteks.png\" \/>\n\t<meta property=\"og:image:width\" content=\"300\" \/>\n\t<meta property=\"og:image:height\" content=\"90\" \/>\n\t<meta property=\"og:image:type\" content=\"image\/png\" \/>\n<meta name=\"author\" content=\"Tar\u0131k\" \/>\n<meta name=\"twitter:card\" content=\"summary_large_image\" \/>\n<meta name=\"twitter:creator\" content=\"@narteks\" \/>\n<meta name=\"twitter:site\" content=\"@narteks\" \/>\n<meta name=\"twitter:label1\" content=\"Yazan:\" \/>\n\t<meta name=\"twitter:data1\" content=\"Tar\u0131k\" \/>\n\t<meta name=\"twitter:label2\" content=\"Tahmini okuma s\u00fcresi\" \/>\n\t<meta name=\"twitter:data2\" content=\"1 dakika\" \/>\n<script type=\"application\/ld+json\" class=\"yoast-schema-graph\">{\"@context\":\"https:\/\/schema.org\",\"@graph\":[{\"@type\":\"Article\",\"@id\":\"https:\/\/narteks.net\/index.php\/2010\/01\/07\/erkan-kucuk-sozcukler-4\/#article\",\"isPartOf\":{\"@id\":\"https:\/\/narteks.net\/index.php\/2010\/01\/07\/erkan-kucuk-sozcukler-4\/\"},\"author\":{\"name\":\"Tar\u0131k\",\"@id\":\"https:\/\/narteks.net\/#\/schema\/person\/61f37d9834294b72d31d274e7ed79bca\"},\"headline\":\"Erkan K\u00fc\u00e7\u00fck; S\u00f6zc\u00fckler 4\",\"datePublished\":\"2010-01-07T11:18:15+00:00\",\"mainEntityOfPage\":{\"@id\":\"https:\/\/narteks.net\/index.php\/2010\/01\/07\/erkan-kucuk-sozcukler-4\/\"},\"wordCount\":153,\"commentCount\":0,\"publisher\":{\"@id\":\"https:\/\/narteks.net\/#organization\"},\"articleSection\":[\"Erkan K\u00fc\u00e7\u00fck (Makale)\"],\"inLanguage\":\"tr\",\"potentialAction\":[{\"@type\":\"CommentAction\",\"name\":\"Comment\",\"target\":[\"https:\/\/narteks.net\/index.php\/2010\/01\/07\/erkan-kucuk-sozcukler-4\/#respond\"]}]},{\"@type\":\"WebPage\",\"@id\":\"https:\/\/narteks.net\/index.php\/2010\/01\/07\/erkan-kucuk-sozcukler-4\/\",\"url\":\"https:\/\/narteks.net\/index.php\/2010\/01\/07\/erkan-kucuk-sozcukler-4\/\",\"name\":\"Erkan K\u00fc\u00e7\u00fck; S\u00f6zc\u00fckler 4 - narteks.net\",\"isPartOf\":{\"@id\":\"https:\/\/narteks.net\/#website\"},\"datePublished\":\"2010-01-07T11:18:15+00:00\",\"breadcrumb\":{\"@id\":\"https:\/\/narteks.net\/index.php\/2010\/01\/07\/erkan-kucuk-sozcukler-4\/#breadcrumb\"},\"inLanguage\":\"tr\",\"potentialAction\":[{\"@type\":\"ReadAction\",\"target\":[\"https:\/\/narteks.net\/index.php\/2010\/01\/07\/erkan-kucuk-sozcukler-4\/\"]}]},{\"@type\":\"BreadcrumbList\",\"@id\":\"https:\/\/narteks.net\/index.php\/2010\/01\/07\/erkan-kucuk-sozcukler-4\/#breadcrumb\",\"itemListElement\":[{\"@type\":\"ListItem\",\"position\":1,\"name\":\"Anasayfa\",\"item\":\"https:\/\/narteks.net\/\"},{\"@type\":\"ListItem\",\"position\":2,\"name\":\"Erkan K\u00fc\u00e7\u00fck; S\u00f6zc\u00fckler 4\"}]},{\"@type\":\"WebSite\",\"@id\":\"https:\/\/narteks.net\/#website\",\"url\":\"https:\/\/narteks.net\/\",\"name\":\"narteks.net\",\"description\":\"K\u00fclt\u00fcr Sanat Edebiyat Felsefe\",\"publisher\":{\"@id\":\"https:\/\/narteks.net\/#organization\"},\"alternateName\":\"K\u00fclt\u00fcr Sanat Edebiyat Felsefe\",\"potentialAction\":[{\"@type\":\"SearchAction\",\"target\":{\"@type\":\"EntryPoint\",\"urlTemplate\":\"https:\/\/narteks.net\/?s={search_term_string}\"},\"query-input\":{\"@type\":\"PropertyValueSpecification\",\"valueRequired\":true,\"valueName\":\"search_term_string\"}}],\"inLanguage\":\"tr\"},{\"@type\":\"Organization\",\"@id\":\"https:\/\/narteks.net\/#organization\",\"name\":\"narteks.net\",\"url\":\"https:\/\/narteks.net\/\",\"logo\":{\"@type\":\"ImageObject\",\"inLanguage\":\"tr\",\"@id\":\"https:\/\/narteks.net\/#\/schema\/logo\/image\/\",\"url\":\"https:\/\/narteks.net\/wp-content\/uploads\/narteks.png\",\"contentUrl\":\"https:\/\/narteks.net\/wp-content\/uploads\/narteks.png\",\"width\":300,\"height\":90,\"caption\":\"narteks.net\"},\"image\":{\"@id\":\"https:\/\/narteks.net\/#\/schema\/logo\/image\/\"},\"sameAs\":[\"https:\/\/x.com\/narteks\",\"https:\/\/instagram.com\/narteksnet\"]},{\"@type\":\"Person\",\"@id\":\"https:\/\/narteks.net\/#\/schema\/person\/61f37d9834294b72d31d274e7ed79bca\",\"name\":\"Tar\u0131k\",\"image\":{\"@type\":\"ImageObject\",\"inLanguage\":\"tr\",\"@id\":\"https:\/\/narteks.net\/#\/schema\/person\/image\/\",\"url\":\"https:\/\/secure.gravatar.com\/avatar\/50865afb55632c4ae467e0af0930f6510aa2297d8014be502a55b14f3b7550cf?s=96&d=mm&r=g\",\"contentUrl\":\"https:\/\/secure.gravatar.com\/avatar\/50865afb55632c4ae467e0af0930f6510aa2297d8014be502a55b14f3b7550cf?s=96&d=mm&r=g\",\"caption\":\"Tar\u0131k\"},\"sameAs\":[\"http:\/\/narteks.net\"],\"url\":\"https:\/\/narteks.net\/index.php\/author\/narbak\/\"}]}<\/script>\n<!-- \/ Yoast SEO Premium plugin. -->","yoast_head_json":{"title":"Erkan K\u00fc\u00e7\u00fck; S\u00f6zc\u00fckler 4 - narteks.net","robots":{"index":"index","follow":"follow","max-snippet":"max-snippet:-1","max-image-preview":"max-image-preview:large","max-video-preview":"max-video-preview:-1"},"canonical":"https:\/\/narteks.net\/index.php\/2010\/01\/07\/erkan-kucuk-sozcukler-4\/","og_locale":"tr_TR","og_type":"article","og_title":"Erkan K\u00fc\u00e7\u00fck; S\u00f6zc\u00fckler 4","og_description":"*Kendi i\u00e7inde y\u00fcksek da\u011flar ta\u015f\u0131yanlar, her y\u00fcr\u00fcy\u00fc\u015flerin de o doruklardan d\u00fc\u015fmek zorunda kal\u0131rlar. *K\u00f6t\u00fcl\u00fck, ellerine s\u0131\u011f\u0131nd\u0131\u011f\u0131m\u0131z da bizi reddetmeyecek kadar iyidir. *Sonunda anlad\u0131n ki \u00e7ocuk, herkes kendi kalbinin sesiyle dans etmekte. *Yer y\u00fcz\u00fc de\u011fil, onun alt\u0131ndaki derin yar\u0131klard\u0131r hakikatin sakland\u0131\u011f\u0131 yer. Deprem, hakikatin \u015fiddetle a\u00e7\u0131\u011fa \u00e7\u0131k\u0131\u015f\u0131d\u0131r. *Bilge susar, bilmeyense cehaletine s\u00f6zc\u00fcklerden maske tutar. *&#8221;\u015eimdi&#8221;, ge\u00e7mi\u015f [&hellip;]","og_url":"https:\/\/narteks.net\/index.php\/2010\/01\/07\/erkan-kucuk-sozcukler-4\/","og_site_name":"narteks.net","article_published_time":"2010-01-07T11:18:15+00:00","og_image":[{"width":300,"height":90,"url":"https:\/\/narteks.net\/wp-content\/uploads\/narteks.png","type":"image\/png"}],"author":"Tar\u0131k","twitter_card":"summary_large_image","twitter_creator":"@narteks","twitter_site":"@narteks","twitter_misc":{"Yazan:":"Tar\u0131k","Tahmini okuma s\u00fcresi":"1 dakika"},"schema":{"@context":"https:\/\/schema.org","@graph":[{"@type":"Article","@id":"https:\/\/narteks.net\/index.php\/2010\/01\/07\/erkan-kucuk-sozcukler-4\/#article","isPartOf":{"@id":"https:\/\/narteks.net\/index.php\/2010\/01\/07\/erkan-kucuk-sozcukler-4\/"},"author":{"name":"Tar\u0131k","@id":"https:\/\/narteks.net\/#\/schema\/person\/61f37d9834294b72d31d274e7ed79bca"},"headline":"Erkan K\u00fc\u00e7\u00fck; S\u00f6zc\u00fckler 4","datePublished":"2010-01-07T11:18:15+00:00","mainEntityOfPage":{"@id":"https:\/\/narteks.net\/index.php\/2010\/01\/07\/erkan-kucuk-sozcukler-4\/"},"wordCount":153,"commentCount":0,"publisher":{"@id":"https:\/\/narteks.net\/#organization"},"articleSection":["Erkan K\u00fc\u00e7\u00fck (Makale)"],"inLanguage":"tr","potentialAction":[{"@type":"CommentAction","name":"Comment","target":["https:\/\/narteks.net\/index.php\/2010\/01\/07\/erkan-kucuk-sozcukler-4\/#respond"]}]},{"@type":"WebPage","@id":"https:\/\/narteks.net\/index.php\/2010\/01\/07\/erkan-kucuk-sozcukler-4\/","url":"https:\/\/narteks.net\/index.php\/2010\/01\/07\/erkan-kucuk-sozcukler-4\/","name":"Erkan K\u00fc\u00e7\u00fck; S\u00f6zc\u00fckler 4 - narteks.net","isPartOf":{"@id":"https:\/\/narteks.net\/#website"},"datePublished":"2010-01-07T11:18:15+00:00","breadcrumb":{"@id":"https:\/\/narteks.net\/index.php\/2010\/01\/07\/erkan-kucuk-sozcukler-4\/#breadcrumb"},"inLanguage":"tr","potentialAction":[{"@type":"ReadAction","target":["https:\/\/narteks.net\/index.php\/2010\/01\/07\/erkan-kucuk-sozcukler-4\/"]}]},{"@type":"BreadcrumbList","@id":"https:\/\/narteks.net\/index.php\/2010\/01\/07\/erkan-kucuk-sozcukler-4\/#breadcrumb","itemListElement":[{"@type":"ListItem","position":1,"name":"Anasayfa","item":"https:\/\/narteks.net\/"},{"@type":"ListItem","position":2,"name":"Erkan K\u00fc\u00e7\u00fck; S\u00f6zc\u00fckler 4"}]},{"@type":"WebSite","@id":"https:\/\/narteks.net\/#website","url":"https:\/\/narteks.net\/","name":"narteks.net","description":"K\u00fclt\u00fcr Sanat Edebiyat Felsefe","publisher":{"@id":"https:\/\/narteks.net\/#organization"},"alternateName":"K\u00fclt\u00fcr Sanat Edebiyat Felsefe","potentialAction":[{"@type":"SearchAction","target":{"@type":"EntryPoint","urlTemplate":"https:\/\/narteks.net\/?s={search_term_string}"},"query-input":{"@type":"PropertyValueSpecification","valueRequired":true,"valueName":"search_term_string"}}],"inLanguage":"tr"},{"@type":"Organization","@id":"https:\/\/narteks.net\/#organization","name":"narteks.net","url":"https:\/\/narteks.net\/","logo":{"@type":"ImageObject","inLanguage":"tr","@id":"https:\/\/narteks.net\/#\/schema\/logo\/image\/","url":"https:\/\/narteks.net\/wp-content\/uploads\/narteks.png","contentUrl":"https:\/\/narteks.net\/wp-content\/uploads\/narteks.png","width":300,"height":90,"caption":"narteks.net"},"image":{"@id":"https:\/\/narteks.net\/#\/schema\/logo\/image\/"},"sameAs":["https:\/\/x.com\/narteks","https:\/\/instagram.com\/narteksnet"]},{"@type":"Person","@id":"https:\/\/narteks.net\/#\/schema\/person\/61f37d9834294b72d31d274e7ed79bca","name":"Tar\u0131k","image":{"@type":"ImageObject","inLanguage":"tr","@id":"https:\/\/narteks.net\/#\/schema\/person\/image\/","url":"https:\/\/secure.gravatar.com\/avatar\/50865afb55632c4ae467e0af0930f6510aa2297d8014be502a55b14f3b7550cf?s=96&d=mm&r=g","contentUrl":"https:\/\/secure.gravatar.com\/avatar\/50865afb55632c4ae467e0af0930f6510aa2297d8014be502a55b14f3b7550cf?s=96&d=mm&r=g","caption":"Tar\u0131k"},"sameAs":["http:\/\/narteks.net"],"url":"https:\/\/narteks.net\/index.php\/author\/narbak\/"}]}},"_links":{"self":[{"href":"https:\/\/narteks.net\/index.php\/wp-json\/wp\/v2\/posts\/3710","targetHints":{"allow":["GET"]}}],"collection":[{"href":"https:\/\/narteks.net\/index.php\/wp-json\/wp\/v2\/posts"}],"about":[{"href":"https:\/\/narteks.net\/index.php\/wp-json\/wp\/v2\/types\/post"}],"author":[{"embeddable":true,"href":"https:\/\/narteks.net\/index.php\/wp-json\/wp\/v2\/users\/1"}],"replies":[{"embeddable":true,"href":"https:\/\/narteks.net\/index.php\/wp-json\/wp\/v2\/comments?post=3710"}],"version-history":[{"count":0,"href":"https:\/\/narteks.net\/index.php\/wp-json\/wp\/v2\/posts\/3710\/revisions"}],"wp:attachment":[{"href":"https:\/\/narteks.net\/index.php\/wp-json\/wp\/v2\/media?parent=3710"}],"wp:term":[{"taxonomy":"category","embeddable":true,"href":"https:\/\/narteks.net\/index.php\/wp-json\/wp\/v2\/categories?post=3710"},{"taxonomy":"post_tag","embeddable":true,"href":"https:\/\/narteks.net\/index.php\/wp-json\/wp\/v2\/tags?post=3710"}],"curies":[{"name":"wp","href":"https:\/\/api.w.org\/{rel}","templated":true}]}}