{"id":372,"date":"2009-03-02T14:58:18","date_gmt":"2009-03-02T11:58:18","guid":{"rendered":"http:\/\/localhost\/wordpress\/2009\/03\/02\/elimden-gelen-bu\/"},"modified":"2009-03-02T14:58:18","modified_gmt":"2009-03-02T11:58:18","slug":"elimden-gelen-bu","status":"publish","type":"post","link":"https:\/\/narteks.net\/index.php\/2009\/03\/02\/elimden-gelen-bu\/","title":{"rendered":"Elimden Gelen Bu"},"content":{"rendered":"<p>\u00a0<\/p>\n<p><span style=\"color: #000000;\">Elimden gelen bu ben iki ki\u015fiyim<br \/>\u00c7o\u011falmak neyse ne azalmak zor <br \/>Birisi seni her an b\u0131rak\u0131p gitti\u011fim <br \/>\u00d6b\u00fcr\u00fc kan gibi tutulmu\u015f seviyor <br \/>A\u011fz\u0131ndali ac\u0131 aln\u0131ndaki \u00e7izgiyim<br \/>G\u00f6zlerine kirli bir bulut getirdim <br \/>Hi\u00e7bir sevin\u00e7 ayd\u0131nl\u0131\u011f\u0131 onu silemiyor <\/p>\n<p>Elimden gelen bu ben iki ki\u015fiyim<br \/>Birisi kapad\u0131\u011f\u0131n kap\u0131lardan gitmiyor <br \/>Ya\u011fmur ya\u011fmaksa o g\u00fcne\u015f a\u00e7maksa o<br \/>Bir yerin \u00fc\u015f\u00fcse onun s\u0131cakl\u0131\u011f\u0131<br \/>\u00d6b\u00fcr\u00fc en i\u00e7ten \u00e7a\u011fr\u0131n\u0131 i\u015fitmiyor <br \/>Al\u0131p tutmaksa o bas\u0131p gitmekse o <br \/>Bak\u0131\u015flar\u0131 k\u0131y\u0131s\u0131z deniz uzakl\u0131\u011f\u0131<\/p>\n<p>Elimden gelen bu ben iki ki\u015fiyim<br \/>\u0130kisi birden \u00e7\u0131kmaya u\u011fra\u015f\u0131yor <br \/>Bilmem ki hangisinden nas\u0131l vazge\u00e7eyim<br \/>Birisi yeni ba\u015ftan ser\u00fcvene ba\u015flam\u0131\u015f<br \/>\u00d6b\u00fcr\u00fc silah\u0131nda son mermiyi s\u0131k\u0131yor <br \/>\u00c7o\u011falmak neyse ne azalmak zor \t\t\t\t \t\t\t\t<br \/><\/span><br \/> Attila \u0130LHAN<\/p>\n","protected":false},"excerpt":{"rendered":"<p>\u00a0 Elimden gelen bu ben iki ki\u015fiyim\u00c7o\u011falmak neyse ne azalmak zor Birisi seni her an b\u0131rak\u0131p gitti\u011fim \u00d6b\u00fcr\u00fc kan gibi tutulmu\u015f seviyor A\u011fz\u0131ndali ac\u0131 aln\u0131ndaki \u00e7izgiyimG\u00f6zlerine kirli bir bulut getirdim Hi\u00e7bir sevin\u00e7 ayd\u0131nl\u0131\u011f\u0131 onu silemiyor Elimden gelen bu ben iki ki\u015fiyimBirisi kapad\u0131\u011f\u0131n kap\u0131lardan gitmiyor Ya\u011fmur ya\u011fmaksa o g\u00fcne\u015f a\u00e7maksa oBir yerin \u00fc\u015f\u00fcse onun s\u0131cakl\u0131\u011f\u0131\u00d6b\u00fcr\u00fc en [&hellip;]<\/p>\n","protected":false},"author":1,"featured_media":0,"comment_status":"open","ping_status":"open","sticky":false,"template":"","format":"standard","meta":{"footnotes":""},"categories":[11],"tags":[],"class_list":{"0":"post-372","1":"post","2":"type-post","3":"status-publish","4":"format-standard","6":"category-attila-ilhan"},"yoast_head":"<!-- This site is optimized with the Yoast SEO Premium plugin v24.9 (Yoast SEO v24.9) - https:\/\/yoast.com\/wordpress\/plugins\/seo\/ -->\n<title>Elimden Gelen Bu - narteks.net<\/title>\n<meta name=\"robots\" content=\"index, follow, max-snippet:-1, max-image-preview:large, max-video-preview:-1\" \/>\n<link rel=\"canonical\" href=\"https:\/\/narteks.net\/index.php\/2009\/03\/02\/elimden-gelen-bu\/\" \/>\n<meta property=\"og:locale\" content=\"tr_TR\" \/>\n<meta property=\"og:type\" content=\"article\" \/>\n<meta property=\"og:title\" content=\"Elimden Gelen Bu\" \/>\n<meta property=\"og:description\" content=\"\u00a0 Elimden gelen bu ben iki ki\u015fiyim\u00c7o\u011falmak neyse ne azalmak zor Birisi seni her an b\u0131rak\u0131p gitti\u011fim \u00d6b\u00fcr\u00fc kan gibi tutulmu\u015f seviyor A\u011fz\u0131ndali ac\u0131 aln\u0131ndaki \u00e7izgiyimG\u00f6zlerine kirli bir bulut getirdim Hi\u00e7bir sevin\u00e7 ayd\u0131nl\u0131\u011f\u0131 onu silemiyor Elimden gelen bu ben iki ki\u015fiyimBirisi kapad\u0131\u011f\u0131n kap\u0131lardan gitmiyor Ya\u011fmur ya\u011fmaksa o g\u00fcne\u015f a\u00e7maksa oBir yerin \u00fc\u015f\u00fcse onun s\u0131cakl\u0131\u011f\u0131\u00d6b\u00fcr\u00fc en [&hellip;]\" \/>\n<meta property=\"og:url\" content=\"https:\/\/narteks.net\/index.php\/2009\/03\/02\/elimden-gelen-bu\/\" \/>\n<meta property=\"og:site_name\" content=\"narteks.net\" \/>\n<meta property=\"article:published_time\" content=\"2009-03-02T11:58:18+00:00\" \/>\n<meta property=\"og:image\" content=\"https:\/\/narteks.net\/wp-content\/uploads\/narteks.png\" \/>\n\t<meta property=\"og:image:width\" content=\"300\" \/>\n\t<meta property=\"og:image:height\" content=\"90\" \/>\n\t<meta property=\"og:image:type\" content=\"image\/png\" \/>\n<meta name=\"author\" content=\"Tar\u0131k\" \/>\n<meta name=\"twitter:card\" content=\"summary_large_image\" \/>\n<meta name=\"twitter:creator\" content=\"@narteks\" \/>\n<meta name=\"twitter:site\" content=\"@narteks\" \/>\n<meta name=\"twitter:label1\" content=\"Yazan:\" \/>\n\t<meta name=\"twitter:data1\" content=\"Tar\u0131k\" \/>\n\t<meta name=\"twitter:label2\" content=\"Tahmini okuma s\u00fcresi\" \/>\n\t<meta name=\"twitter:data2\" content=\"1 dakika\" \/>\n<script type=\"application\/ld+json\" class=\"yoast-schema-graph\">{\"@context\":\"https:\/\/schema.org\",\"@graph\":[{\"@type\":\"Article\",\"@id\":\"https:\/\/narteks.net\/index.php\/2009\/03\/02\/elimden-gelen-bu\/#article\",\"isPartOf\":{\"@id\":\"https:\/\/narteks.net\/index.php\/2009\/03\/02\/elimden-gelen-bu\/\"},\"author\":{\"name\":\"Tar\u0131k\",\"@id\":\"https:\/\/narteks.net\/#\/schema\/person\/61f37d9834294b72d31d274e7ed79bca\"},\"headline\":\"Elimden Gelen Bu\",\"datePublished\":\"2009-03-02T11:58:18+00:00\",\"mainEntityOfPage\":{\"@id\":\"https:\/\/narteks.net\/index.php\/2009\/03\/02\/elimden-gelen-bu\/\"},\"wordCount\":147,\"commentCount\":0,\"publisher\":{\"@id\":\"https:\/\/narteks.net\/#organization\"},\"articleSection\":[\"Attila ILHAN\"],\"inLanguage\":\"tr\",\"potentialAction\":[{\"@type\":\"CommentAction\",\"name\":\"Comment\",\"target\":[\"https:\/\/narteks.net\/index.php\/2009\/03\/02\/elimden-gelen-bu\/#respond\"]}]},{\"@type\":\"WebPage\",\"@id\":\"https:\/\/narteks.net\/index.php\/2009\/03\/02\/elimden-gelen-bu\/\",\"url\":\"https:\/\/narteks.net\/index.php\/2009\/03\/02\/elimden-gelen-bu\/\",\"name\":\"Elimden Gelen Bu - narteks.net\",\"isPartOf\":{\"@id\":\"https:\/\/narteks.net\/#website\"},\"datePublished\":\"2009-03-02T11:58:18+00:00\",\"breadcrumb\":{\"@id\":\"https:\/\/narteks.net\/index.php\/2009\/03\/02\/elimden-gelen-bu\/#breadcrumb\"},\"inLanguage\":\"tr\",\"potentialAction\":[{\"@type\":\"ReadAction\",\"target\":[\"https:\/\/narteks.net\/index.php\/2009\/03\/02\/elimden-gelen-bu\/\"]}]},{\"@type\":\"BreadcrumbList\",\"@id\":\"https:\/\/narteks.net\/index.php\/2009\/03\/02\/elimden-gelen-bu\/#breadcrumb\",\"itemListElement\":[{\"@type\":\"ListItem\",\"position\":1,\"name\":\"Anasayfa\",\"item\":\"https:\/\/narteks.net\/\"},{\"@type\":\"ListItem\",\"position\":2,\"name\":\"Elimden Gelen Bu\"}]},{\"@type\":\"WebSite\",\"@id\":\"https:\/\/narteks.net\/#website\",\"url\":\"https:\/\/narteks.net\/\",\"name\":\"narteks.net\",\"description\":\"K\u00fclt\u00fcr Sanat Edebiyat Felsefe\",\"publisher\":{\"@id\":\"https:\/\/narteks.net\/#organization\"},\"alternateName\":\"K\u00fclt\u00fcr Sanat Edebiyat Felsefe\",\"potentialAction\":[{\"@type\":\"SearchAction\",\"target\":{\"@type\":\"EntryPoint\",\"urlTemplate\":\"https:\/\/narteks.net\/?s={search_term_string}\"},\"query-input\":{\"@type\":\"PropertyValueSpecification\",\"valueRequired\":true,\"valueName\":\"search_term_string\"}}],\"inLanguage\":\"tr\"},{\"@type\":\"Organization\",\"@id\":\"https:\/\/narteks.net\/#organization\",\"name\":\"narteks.net\",\"url\":\"https:\/\/narteks.net\/\",\"logo\":{\"@type\":\"ImageObject\",\"inLanguage\":\"tr\",\"@id\":\"https:\/\/narteks.net\/#\/schema\/logo\/image\/\",\"url\":\"https:\/\/narteks.net\/wp-content\/uploads\/narteks.png\",\"contentUrl\":\"https:\/\/narteks.net\/wp-content\/uploads\/narteks.png\",\"width\":300,\"height\":90,\"caption\":\"narteks.net\"},\"image\":{\"@id\":\"https:\/\/narteks.net\/#\/schema\/logo\/image\/\"},\"sameAs\":[\"https:\/\/x.com\/narteks\",\"https:\/\/instagram.com\/narteksnet\"]},{\"@type\":\"Person\",\"@id\":\"https:\/\/narteks.net\/#\/schema\/person\/61f37d9834294b72d31d274e7ed79bca\",\"name\":\"Tar\u0131k\",\"image\":{\"@type\":\"ImageObject\",\"inLanguage\":\"tr\",\"@id\":\"https:\/\/narteks.net\/#\/schema\/person\/image\/\",\"url\":\"https:\/\/secure.gravatar.com\/avatar\/50865afb55632c4ae467e0af0930f6510aa2297d8014be502a55b14f3b7550cf?s=96&d=mm&r=g\",\"contentUrl\":\"https:\/\/secure.gravatar.com\/avatar\/50865afb55632c4ae467e0af0930f6510aa2297d8014be502a55b14f3b7550cf?s=96&d=mm&r=g\",\"caption\":\"Tar\u0131k\"},\"sameAs\":[\"http:\/\/narteks.net\"],\"url\":\"https:\/\/narteks.net\/index.php\/author\/narbak\/\"}]}<\/script>\n<!-- \/ Yoast SEO Premium plugin. -->","yoast_head_json":{"title":"Elimden Gelen Bu - narteks.net","robots":{"index":"index","follow":"follow","max-snippet":"max-snippet:-1","max-image-preview":"max-image-preview:large","max-video-preview":"max-video-preview:-1"},"canonical":"https:\/\/narteks.net\/index.php\/2009\/03\/02\/elimden-gelen-bu\/","og_locale":"tr_TR","og_type":"article","og_title":"Elimden Gelen Bu","og_description":"\u00a0 Elimden gelen bu ben iki ki\u015fiyim\u00c7o\u011falmak neyse ne azalmak zor Birisi seni her an b\u0131rak\u0131p gitti\u011fim \u00d6b\u00fcr\u00fc kan gibi tutulmu\u015f seviyor A\u011fz\u0131ndali ac\u0131 aln\u0131ndaki \u00e7izgiyimG\u00f6zlerine kirli bir bulut getirdim Hi\u00e7bir sevin\u00e7 ayd\u0131nl\u0131\u011f\u0131 onu silemiyor Elimden gelen bu ben iki ki\u015fiyimBirisi kapad\u0131\u011f\u0131n kap\u0131lardan gitmiyor Ya\u011fmur ya\u011fmaksa o g\u00fcne\u015f a\u00e7maksa oBir yerin \u00fc\u015f\u00fcse onun s\u0131cakl\u0131\u011f\u0131\u00d6b\u00fcr\u00fc en [&hellip;]","og_url":"https:\/\/narteks.net\/index.php\/2009\/03\/02\/elimden-gelen-bu\/","og_site_name":"narteks.net","article_published_time":"2009-03-02T11:58:18+00:00","og_image":[{"width":300,"height":90,"url":"https:\/\/narteks.net\/wp-content\/uploads\/narteks.png","type":"image\/png"}],"author":"Tar\u0131k","twitter_card":"summary_large_image","twitter_creator":"@narteks","twitter_site":"@narteks","twitter_misc":{"Yazan:":"Tar\u0131k","Tahmini okuma s\u00fcresi":"1 dakika"},"schema":{"@context":"https:\/\/schema.org","@graph":[{"@type":"Article","@id":"https:\/\/narteks.net\/index.php\/2009\/03\/02\/elimden-gelen-bu\/#article","isPartOf":{"@id":"https:\/\/narteks.net\/index.php\/2009\/03\/02\/elimden-gelen-bu\/"},"author":{"name":"Tar\u0131k","@id":"https:\/\/narteks.net\/#\/schema\/person\/61f37d9834294b72d31d274e7ed79bca"},"headline":"Elimden Gelen Bu","datePublished":"2009-03-02T11:58:18+00:00","mainEntityOfPage":{"@id":"https:\/\/narteks.net\/index.php\/2009\/03\/02\/elimden-gelen-bu\/"},"wordCount":147,"commentCount":0,"publisher":{"@id":"https:\/\/narteks.net\/#organization"},"articleSection":["Attila ILHAN"],"inLanguage":"tr","potentialAction":[{"@type":"CommentAction","name":"Comment","target":["https:\/\/narteks.net\/index.php\/2009\/03\/02\/elimden-gelen-bu\/#respond"]}]},{"@type":"WebPage","@id":"https:\/\/narteks.net\/index.php\/2009\/03\/02\/elimden-gelen-bu\/","url":"https:\/\/narteks.net\/index.php\/2009\/03\/02\/elimden-gelen-bu\/","name":"Elimden Gelen Bu - narteks.net","isPartOf":{"@id":"https:\/\/narteks.net\/#website"},"datePublished":"2009-03-02T11:58:18+00:00","breadcrumb":{"@id":"https:\/\/narteks.net\/index.php\/2009\/03\/02\/elimden-gelen-bu\/#breadcrumb"},"inLanguage":"tr","potentialAction":[{"@type":"ReadAction","target":["https:\/\/narteks.net\/index.php\/2009\/03\/02\/elimden-gelen-bu\/"]}]},{"@type":"BreadcrumbList","@id":"https:\/\/narteks.net\/index.php\/2009\/03\/02\/elimden-gelen-bu\/#breadcrumb","itemListElement":[{"@type":"ListItem","position":1,"name":"Anasayfa","item":"https:\/\/narteks.net\/"},{"@type":"ListItem","position":2,"name":"Elimden Gelen Bu"}]},{"@type":"WebSite","@id":"https:\/\/narteks.net\/#website","url":"https:\/\/narteks.net\/","name":"narteks.net","description":"K\u00fclt\u00fcr Sanat Edebiyat Felsefe","publisher":{"@id":"https:\/\/narteks.net\/#organization"},"alternateName":"K\u00fclt\u00fcr Sanat Edebiyat Felsefe","potentialAction":[{"@type":"SearchAction","target":{"@type":"EntryPoint","urlTemplate":"https:\/\/narteks.net\/?s={search_term_string}"},"query-input":{"@type":"PropertyValueSpecification","valueRequired":true,"valueName":"search_term_string"}}],"inLanguage":"tr"},{"@type":"Organization","@id":"https:\/\/narteks.net\/#organization","name":"narteks.net","url":"https:\/\/narteks.net\/","logo":{"@type":"ImageObject","inLanguage":"tr","@id":"https:\/\/narteks.net\/#\/schema\/logo\/image\/","url":"https:\/\/narteks.net\/wp-content\/uploads\/narteks.png","contentUrl":"https:\/\/narteks.net\/wp-content\/uploads\/narteks.png","width":300,"height":90,"caption":"narteks.net"},"image":{"@id":"https:\/\/narteks.net\/#\/schema\/logo\/image\/"},"sameAs":["https:\/\/x.com\/narteks","https:\/\/instagram.com\/narteksnet"]},{"@type":"Person","@id":"https:\/\/narteks.net\/#\/schema\/person\/61f37d9834294b72d31d274e7ed79bca","name":"Tar\u0131k","image":{"@type":"ImageObject","inLanguage":"tr","@id":"https:\/\/narteks.net\/#\/schema\/person\/image\/","url":"https:\/\/secure.gravatar.com\/avatar\/50865afb55632c4ae467e0af0930f6510aa2297d8014be502a55b14f3b7550cf?s=96&d=mm&r=g","contentUrl":"https:\/\/secure.gravatar.com\/avatar\/50865afb55632c4ae467e0af0930f6510aa2297d8014be502a55b14f3b7550cf?s=96&d=mm&r=g","caption":"Tar\u0131k"},"sameAs":["http:\/\/narteks.net"],"url":"https:\/\/narteks.net\/index.php\/author\/narbak\/"}]}},"_links":{"self":[{"href":"https:\/\/narteks.net\/index.php\/wp-json\/wp\/v2\/posts\/372","targetHints":{"allow":["GET"]}}],"collection":[{"href":"https:\/\/narteks.net\/index.php\/wp-json\/wp\/v2\/posts"}],"about":[{"href":"https:\/\/narteks.net\/index.php\/wp-json\/wp\/v2\/types\/post"}],"author":[{"embeddable":true,"href":"https:\/\/narteks.net\/index.php\/wp-json\/wp\/v2\/users\/1"}],"replies":[{"embeddable":true,"href":"https:\/\/narteks.net\/index.php\/wp-json\/wp\/v2\/comments?post=372"}],"version-history":[{"count":0,"href":"https:\/\/narteks.net\/index.php\/wp-json\/wp\/v2\/posts\/372\/revisions"}],"wp:attachment":[{"href":"https:\/\/narteks.net\/index.php\/wp-json\/wp\/v2\/media?parent=372"}],"wp:term":[{"taxonomy":"category","embeddable":true,"href":"https:\/\/narteks.net\/index.php\/wp-json\/wp\/v2\/categories?post=372"},{"taxonomy":"post_tag","embeddable":true,"href":"https:\/\/narteks.net\/index.php\/wp-json\/wp\/v2\/tags?post=372"}],"curies":[{"name":"wp","href":"https:\/\/api.w.org\/{rel}","templated":true}]}}