{"id":374,"date":"2009-12-30T03:00:00","date_gmt":"2009-12-30T00:00:00","guid":{"rendered":"http:\/\/localhost\/wordpress\/2009\/12\/30\/zeka-orani-yuksek-olanlarin-dini-inanclari-zayif-richard-lynn\/"},"modified":"2009-12-30T03:00:00","modified_gmt":"2009-12-30T00:00:00","slug":"zeka-orani-yuksek-olanlarin-dini-inanclari-zayif-richard-lynn","status":"publish","type":"post","link":"https:\/\/narteks.net\/index.php\/2009\/12\/30\/zeka-orani-yuksek-olanlarin-dini-inanclari-zayif-richard-lynn\/","title":{"rendered":"Zeka oran\u0131  y\u00fcksek olanlar\u0131n dini inan\u00e7lar\u0131 zay\u0131f | Richard Lynn"},"content":{"rendered":"<p class=\"habdetay_h1\" style=\"text-align: justify;\"><img decoding=\"async\" style=\"float: left;\" src=\"images\/stories\/iqguven.jpg\" alt=\"icguven\" border=\"0\" \/> Yap\u0131lan son ara\u015ft\u0131rmalar zeka ve dini inan\u00e7lar aras\u0131nda ilgin\u00e7 bir ba\u011flant\u0131 kurdu. Ara\u015ft\u0131rmac\u0131lara g\u00f6re zeka oran\u0131 daha y\u00fcksek olan insanlar daha az inan\u0131yor.Ulster \u00dcniversitesi&#8217;nde emekli psikoloji profes\u00f6r\u00fc olan Richard Lynn entellekt\u00fcel kesimdeki pek \u00e7ok insan\u0131n kendilerini, s\u0131radan insanlara g\u00f6re daha inan\u00e7s\u0131z olarak tan\u0131mlad\u0131klar\u0131na dikkat \u00e7ekti.Richard Lynn, y\u00fczy\u0131l\u0131 a\u015fk\u0131n s\u00fcredir dinde g\u00f6r\u00fclen \u00e7\u00f6k\u00fc\u015f\u00fcn zeka seviyesi y\u00fcksek insanlarla do\u011frudan ili\u015fkilendirildi\u011fine dikkat \u00e7ekiyor.\u0130nan\u00e7 ve zeka aras\u0131nda do\u011frudan bir ili\u015fki oldu\u011funu s\u00f6yleyerek tart\u0131\u015fman\u0131n fitilini ate\u015fleyen Lynn, \u00fcniversitelerdeki akademik \u00e7evrelerin toplumdaki di\u011fer her kesime g\u00f6re tanr\u0131ya daha az inand\u0131klar\u0131n\u0131 s\u00f6yl\u00fcyor.<\/p>\n<p style=\"text-align: justify;\">Ara\u015ft\u0131rmada \u0130ngiltere\u2019nin entellekt\u00fcel seviyesi y\u00fcksek ara\u015ft\u0131rma topluluklar\u0131ndan \u201cRoyal Society\u201d i\u00e7indeki anket sonucu ele al\u0131nm\u0131\u015f. Ankete Royal Society i\u00e7indeki insanlar\u0131n sadece y\u00fczde 3.3\u2019l\u00fck bir k\u0131sm\u0131 Tanr\u0131\u2019ya inan\u0131rken \u0130ngiltere genelinde yap\u0131lan ankette toplumun %65.8\u2019lik kesimi kendisini inan\u00e7l\u0131 olarak tan\u0131ml\u0131yor. <br \/> 90\u2019larda yap\u0131lan ba\u015fka bir anket ise, Amerikan Bilim Toplulu\u011fu\u2019ndaki \u00fcyelerin sadece % 7&#8217;lik bir k\u0131sm\u0131n\u0131n tanr\u0131ya inand\u0131\u011f\u0131n\u0131 g\u00f6steriyor. <br \/> Ayr\u0131ca Lynn, ilkokul \u00e7a\u011f\u0131ndaki \u00e7ocuklar\u0131n \u00e7o\u011funun tanr\u0131ya inand\u0131\u011f\u0131n\u0131, ama ergenlik d\u00f6nemi sonras\u0131nda yani zeka seviyeleri y\u00fckseldi\u011finde, tanr\u0131n\u0131n varl\u0131\u011f\u0131ndan ku\u015fkuya d\u00fc\u015ft\u00fcklerini belirtiyor. <\/p>\n<p> Profes\u00f6r, \u201cTimes Higher Education\u201d dergisine verdi\u011fi bir r\u00f6portajda \u015funlar\u0131 s\u00f6yl\u00fcyor: \u201cNeden akademisyenler toplumdaki genel n\u00fcfusa g\u00f6re daha az inan\u0131yorlar? Bunun cevab\u0131n\u0131n \u00e7ok a\u00e7\u0131k bir \u015fekilde zekan\u0131n g\u00f6stergesi oldu\u011funa inan\u0131yorum. Akademisyenler toplumdaki di\u011fer s\u0131radan insanlara g\u00f6re daha y\u00fcksek bir IQ ya sahip. Several Gallup\u2019\u0131n anketleri de g\u00f6steriyor ki zeka seviyesi y\u00fcksek insanlar daha az inanma e\u011filimindeler.\u201d <\/p>\n<p> Lynn, 20. Y\u00fczy\u0131lda geli\u015fmi\u015f 137 \u00fclkede dini inanc\u0131n gittik\u00e7e zay\u0131flad\u0131\u011f\u0131n\u0131 \u00e7\u00fcnk\u00fc insanlar\u0131n zeka seviyesinin y\u00fckseldi\u011fini de s\u00f6zlerine ekliyor. <\/p>\n<p> Buna kar\u015f\u0131l\u0131k, Profes\u00f6r Gordon Lynch Birkbeck \u00dcniversitesi\u2019nde \u00c7a\u011fda\u015f Toplum ve Din Merkezi M\u00fcd\u00fcr\u00fc, Lynn\u2019nin tezinin ekonomik,tarihsel ve sosyal fakt\u00f6rleri d\u0131\u015flad\u0131\u011f\u0131n\u0131 belirtiyor. <\/p>\n<p> London Metropolitan \u00dcniversitesi\u2019nde g\u00f6revli Dr. David Hardman\u2019da, IQ ve dini inan\u00e7 aras\u0131nda direkt bir ili\u015fki oldu\u011funu s\u00f6ylemenin \u00e7ok zor oldu\u011funu belirtirken, zeka seviyesi y\u00fcksek insanlar\u0131n sorunlar kar\u015f\u0131s\u0131nda daha ak\u0131lc\u0131 davrand\u0131klar\u0131n\u0131 ve kurumlara kar\u015f\u0131 daha g\u00fc\u00e7l\u00fc inanca sahip olduklar\u0131n\u0131 da s\u00f6zlerine ekliyor.<\/p>\n","protected":false},"excerpt":{"rendered":"<p>Yap\u0131lan son ara\u015ft\u0131rmalar zeka ve dini inan\u00e7lar aras\u0131nda ilgin\u00e7 bir ba\u011flant\u0131 kurdu. Ara\u015ft\u0131rmac\u0131lara g\u00f6re zeka oran\u0131 daha y\u00fcksek olan insanlar daha az inan\u0131yor.Ulster \u00dcniversitesi&#8217;nde emekli psikoloji profes\u00f6r\u00fc olan Richard Lynn entellekt\u00fcel kesimdeki pek \u00e7ok insan\u0131n kendilerini, s\u0131radan insanlara g\u00f6re daha inan\u00e7s\u0131z olarak tan\u0131mlad\u0131klar\u0131na dikkat \u00e7ekti.Richard Lynn, y\u00fczy\u0131l\u0131 a\u015fk\u0131n s\u00fcredir dinde g\u00f6r\u00fclen \u00e7\u00f6k\u00fc\u015f\u00fcn zeka seviyesi y\u00fcksek [&hellip;]<\/p>\n","protected":false},"author":1,"featured_media":0,"comment_status":"open","ping_status":"open","sticky":false,"template":"","format":"standard","meta":{"footnotes":""},"categories":[177],"tags":[],"class_list":{"0":"post-374","1":"post","2":"type-post","3":"status-publish","4":"format-standard","6":"category-bilim-genel"},"yoast_head":"<!-- This site is optimized with the Yoast SEO Premium plugin v24.9 (Yoast SEO v24.9) - https:\/\/yoast.com\/wordpress\/plugins\/seo\/ -->\n<title>Zeka oran\u0131 y\u00fcksek olanlar\u0131n dini inan\u00e7lar\u0131 zay\u0131f | Richard Lynn - narteks.net<\/title>\n<meta name=\"robots\" content=\"index, follow, max-snippet:-1, max-image-preview:large, max-video-preview:-1\" \/>\n<link rel=\"canonical\" href=\"https:\/\/narteks.net\/index.php\/2009\/12\/30\/zeka-orani-yuksek-olanlarin-dini-inanclari-zayif-richard-lynn\/\" \/>\n<meta property=\"og:locale\" content=\"tr_TR\" \/>\n<meta property=\"og:type\" content=\"article\" \/>\n<meta property=\"og:title\" content=\"Zeka oran\u0131 y\u00fcksek olanlar\u0131n dini inan\u00e7lar\u0131 zay\u0131f | Richard Lynn\" \/>\n<meta property=\"og:description\" content=\"Yap\u0131lan son ara\u015ft\u0131rmalar zeka ve dini inan\u00e7lar aras\u0131nda ilgin\u00e7 bir ba\u011flant\u0131 kurdu. Ara\u015ft\u0131rmac\u0131lara g\u00f6re zeka oran\u0131 daha y\u00fcksek olan insanlar daha az inan\u0131yor.Ulster \u00dcniversitesi&#8217;nde emekli psikoloji profes\u00f6r\u00fc olan Richard Lynn entellekt\u00fcel kesimdeki pek \u00e7ok insan\u0131n kendilerini, s\u0131radan insanlara g\u00f6re daha inan\u00e7s\u0131z olarak tan\u0131mlad\u0131klar\u0131na dikkat \u00e7ekti.Richard Lynn, y\u00fczy\u0131l\u0131 a\u015fk\u0131n s\u00fcredir dinde g\u00f6r\u00fclen \u00e7\u00f6k\u00fc\u015f\u00fcn zeka seviyesi y\u00fcksek [&hellip;]\" \/>\n<meta property=\"og:url\" content=\"https:\/\/narteks.net\/index.php\/2009\/12\/30\/zeka-orani-yuksek-olanlarin-dini-inanclari-zayif-richard-lynn\/\" \/>\n<meta property=\"og:site_name\" content=\"narteks.net\" \/>\n<meta property=\"article:published_time\" content=\"2009-12-30T00:00:00+00:00\" \/>\n<meta property=\"og:image\" content=\"https:\/\/narteks.net\/wp-content\/uploads\/narteks.png\" \/>\n\t<meta property=\"og:image:width\" content=\"300\" \/>\n\t<meta property=\"og:image:height\" content=\"90\" \/>\n\t<meta property=\"og:image:type\" content=\"image\/png\" \/>\n<meta name=\"author\" content=\"Tar\u0131k\" \/>\n<meta name=\"twitter:card\" content=\"summary_large_image\" \/>\n<meta name=\"twitter:creator\" content=\"@narteks\" \/>\n<meta name=\"twitter:site\" content=\"@narteks\" \/>\n<meta name=\"twitter:label1\" content=\"Yazan:\" \/>\n\t<meta name=\"twitter:data1\" content=\"Tar\u0131k\" \/>\n\t<meta name=\"twitter:label2\" content=\"Tahmini okuma s\u00fcresi\" \/>\n\t<meta name=\"twitter:data2\" content=\"2 dakika\" \/>\n<script type=\"application\/ld+json\" class=\"yoast-schema-graph\">{\"@context\":\"https:\/\/schema.org\",\"@graph\":[{\"@type\":\"Article\",\"@id\":\"https:\/\/narteks.net\/index.php\/2009\/12\/30\/zeka-orani-yuksek-olanlarin-dini-inanclari-zayif-richard-lynn\/#article\",\"isPartOf\":{\"@id\":\"https:\/\/narteks.net\/index.php\/2009\/12\/30\/zeka-orani-yuksek-olanlarin-dini-inanclari-zayif-richard-lynn\/\"},\"author\":{\"name\":\"Tar\u0131k\",\"@id\":\"https:\/\/narteks.net\/#\/schema\/person\/61f37d9834294b72d31d274e7ed79bca\"},\"headline\":\"Zeka oran\u0131 y\u00fcksek olanlar\u0131n dini inan\u00e7lar\u0131 zay\u0131f | Richard Lynn\",\"datePublished\":\"2009-12-30T00:00:00+00:00\",\"mainEntityOfPage\":{\"@id\":\"https:\/\/narteks.net\/index.php\/2009\/12\/30\/zeka-orani-yuksek-olanlarin-dini-inanclari-zayif-richard-lynn\/\"},\"wordCount\":469,\"commentCount\":0,\"publisher\":{\"@id\":\"https:\/\/narteks.net\/#organization\"},\"articleSection\":[\"Bilim ( Genel )\"],\"inLanguage\":\"tr\",\"potentialAction\":[{\"@type\":\"CommentAction\",\"name\":\"Comment\",\"target\":[\"https:\/\/narteks.net\/index.php\/2009\/12\/30\/zeka-orani-yuksek-olanlarin-dini-inanclari-zayif-richard-lynn\/#respond\"]}]},{\"@type\":\"WebPage\",\"@id\":\"https:\/\/narteks.net\/index.php\/2009\/12\/30\/zeka-orani-yuksek-olanlarin-dini-inanclari-zayif-richard-lynn\/\",\"url\":\"https:\/\/narteks.net\/index.php\/2009\/12\/30\/zeka-orani-yuksek-olanlarin-dini-inanclari-zayif-richard-lynn\/\",\"name\":\"Zeka oran\u0131 y\u00fcksek olanlar\u0131n dini inan\u00e7lar\u0131 zay\u0131f | Richard Lynn - narteks.net\",\"isPartOf\":{\"@id\":\"https:\/\/narteks.net\/#website\"},\"datePublished\":\"2009-12-30T00:00:00+00:00\",\"breadcrumb\":{\"@id\":\"https:\/\/narteks.net\/index.php\/2009\/12\/30\/zeka-orani-yuksek-olanlarin-dini-inanclari-zayif-richard-lynn\/#breadcrumb\"},\"inLanguage\":\"tr\",\"potentialAction\":[{\"@type\":\"ReadAction\",\"target\":[\"https:\/\/narteks.net\/index.php\/2009\/12\/30\/zeka-orani-yuksek-olanlarin-dini-inanclari-zayif-richard-lynn\/\"]}]},{\"@type\":\"BreadcrumbList\",\"@id\":\"https:\/\/narteks.net\/index.php\/2009\/12\/30\/zeka-orani-yuksek-olanlarin-dini-inanclari-zayif-richard-lynn\/#breadcrumb\",\"itemListElement\":[{\"@type\":\"ListItem\",\"position\":1,\"name\":\"Anasayfa\",\"item\":\"https:\/\/narteks.net\/\"},{\"@type\":\"ListItem\",\"position\":2,\"name\":\"Zeka oran\u0131 y\u00fcksek olanlar\u0131n dini inan\u00e7lar\u0131 zay\u0131f | Richard Lynn\"}]},{\"@type\":\"WebSite\",\"@id\":\"https:\/\/narteks.net\/#website\",\"url\":\"https:\/\/narteks.net\/\",\"name\":\"narteks.net\",\"description\":\"K\u00fclt\u00fcr Sanat Edebiyat Felsefe\",\"publisher\":{\"@id\":\"https:\/\/narteks.net\/#organization\"},\"alternateName\":\"K\u00fclt\u00fcr Sanat Edebiyat Felsefe\",\"potentialAction\":[{\"@type\":\"SearchAction\",\"target\":{\"@type\":\"EntryPoint\",\"urlTemplate\":\"https:\/\/narteks.net\/?s={search_term_string}\"},\"query-input\":{\"@type\":\"PropertyValueSpecification\",\"valueRequired\":true,\"valueName\":\"search_term_string\"}}],\"inLanguage\":\"tr\"},{\"@type\":\"Organization\",\"@id\":\"https:\/\/narteks.net\/#organization\",\"name\":\"narteks.net\",\"url\":\"https:\/\/narteks.net\/\",\"logo\":{\"@type\":\"ImageObject\",\"inLanguage\":\"tr\",\"@id\":\"https:\/\/narteks.net\/#\/schema\/logo\/image\/\",\"url\":\"https:\/\/narteks.net\/wp-content\/uploads\/narteks.png\",\"contentUrl\":\"https:\/\/narteks.net\/wp-content\/uploads\/narteks.png\",\"width\":300,\"height\":90,\"caption\":\"narteks.net\"},\"image\":{\"@id\":\"https:\/\/narteks.net\/#\/schema\/logo\/image\/\"},\"sameAs\":[\"https:\/\/x.com\/narteks\",\"https:\/\/instagram.com\/narteksnet\"]},{\"@type\":\"Person\",\"@id\":\"https:\/\/narteks.net\/#\/schema\/person\/61f37d9834294b72d31d274e7ed79bca\",\"name\":\"Tar\u0131k\",\"image\":{\"@type\":\"ImageObject\",\"inLanguage\":\"tr\",\"@id\":\"https:\/\/narteks.net\/#\/schema\/person\/image\/\",\"url\":\"https:\/\/secure.gravatar.com\/avatar\/50865afb55632c4ae467e0af0930f6510aa2297d8014be502a55b14f3b7550cf?s=96&d=mm&r=g\",\"contentUrl\":\"https:\/\/secure.gravatar.com\/avatar\/50865afb55632c4ae467e0af0930f6510aa2297d8014be502a55b14f3b7550cf?s=96&d=mm&r=g\",\"caption\":\"Tar\u0131k\"},\"sameAs\":[\"http:\/\/narteks.net\"],\"url\":\"https:\/\/narteks.net\/index.php\/author\/narbak\/\"}]}<\/script>\n<!-- \/ Yoast SEO Premium plugin. -->","yoast_head_json":{"title":"Zeka oran\u0131 y\u00fcksek olanlar\u0131n dini inan\u00e7lar\u0131 zay\u0131f | Richard Lynn - narteks.net","robots":{"index":"index","follow":"follow","max-snippet":"max-snippet:-1","max-image-preview":"max-image-preview:large","max-video-preview":"max-video-preview:-1"},"canonical":"https:\/\/narteks.net\/index.php\/2009\/12\/30\/zeka-orani-yuksek-olanlarin-dini-inanclari-zayif-richard-lynn\/","og_locale":"tr_TR","og_type":"article","og_title":"Zeka oran\u0131 y\u00fcksek olanlar\u0131n dini inan\u00e7lar\u0131 zay\u0131f | Richard Lynn","og_description":"Yap\u0131lan son ara\u015ft\u0131rmalar zeka ve dini inan\u00e7lar aras\u0131nda ilgin\u00e7 bir ba\u011flant\u0131 kurdu. Ara\u015ft\u0131rmac\u0131lara g\u00f6re zeka oran\u0131 daha y\u00fcksek olan insanlar daha az inan\u0131yor.Ulster \u00dcniversitesi&#8217;nde emekli psikoloji profes\u00f6r\u00fc olan Richard Lynn entellekt\u00fcel kesimdeki pek \u00e7ok insan\u0131n kendilerini, s\u0131radan insanlara g\u00f6re daha inan\u00e7s\u0131z olarak tan\u0131mlad\u0131klar\u0131na dikkat \u00e7ekti.Richard Lynn, y\u00fczy\u0131l\u0131 a\u015fk\u0131n s\u00fcredir dinde g\u00f6r\u00fclen \u00e7\u00f6k\u00fc\u015f\u00fcn zeka seviyesi y\u00fcksek [&hellip;]","og_url":"https:\/\/narteks.net\/index.php\/2009\/12\/30\/zeka-orani-yuksek-olanlarin-dini-inanclari-zayif-richard-lynn\/","og_site_name":"narteks.net","article_published_time":"2009-12-30T00:00:00+00:00","og_image":[{"width":300,"height":90,"url":"https:\/\/narteks.net\/wp-content\/uploads\/narteks.png","type":"image\/png"}],"author":"Tar\u0131k","twitter_card":"summary_large_image","twitter_creator":"@narteks","twitter_site":"@narteks","twitter_misc":{"Yazan:":"Tar\u0131k","Tahmini okuma s\u00fcresi":"2 dakika"},"schema":{"@context":"https:\/\/schema.org","@graph":[{"@type":"Article","@id":"https:\/\/narteks.net\/index.php\/2009\/12\/30\/zeka-orani-yuksek-olanlarin-dini-inanclari-zayif-richard-lynn\/#article","isPartOf":{"@id":"https:\/\/narteks.net\/index.php\/2009\/12\/30\/zeka-orani-yuksek-olanlarin-dini-inanclari-zayif-richard-lynn\/"},"author":{"name":"Tar\u0131k","@id":"https:\/\/narteks.net\/#\/schema\/person\/61f37d9834294b72d31d274e7ed79bca"},"headline":"Zeka oran\u0131 y\u00fcksek olanlar\u0131n dini inan\u00e7lar\u0131 zay\u0131f | Richard Lynn","datePublished":"2009-12-30T00:00:00+00:00","mainEntityOfPage":{"@id":"https:\/\/narteks.net\/index.php\/2009\/12\/30\/zeka-orani-yuksek-olanlarin-dini-inanclari-zayif-richard-lynn\/"},"wordCount":469,"commentCount":0,"publisher":{"@id":"https:\/\/narteks.net\/#organization"},"articleSection":["Bilim ( Genel )"],"inLanguage":"tr","potentialAction":[{"@type":"CommentAction","name":"Comment","target":["https:\/\/narteks.net\/index.php\/2009\/12\/30\/zeka-orani-yuksek-olanlarin-dini-inanclari-zayif-richard-lynn\/#respond"]}]},{"@type":"WebPage","@id":"https:\/\/narteks.net\/index.php\/2009\/12\/30\/zeka-orani-yuksek-olanlarin-dini-inanclari-zayif-richard-lynn\/","url":"https:\/\/narteks.net\/index.php\/2009\/12\/30\/zeka-orani-yuksek-olanlarin-dini-inanclari-zayif-richard-lynn\/","name":"Zeka oran\u0131 y\u00fcksek olanlar\u0131n dini inan\u00e7lar\u0131 zay\u0131f | Richard Lynn - narteks.net","isPartOf":{"@id":"https:\/\/narteks.net\/#website"},"datePublished":"2009-12-30T00:00:00+00:00","breadcrumb":{"@id":"https:\/\/narteks.net\/index.php\/2009\/12\/30\/zeka-orani-yuksek-olanlarin-dini-inanclari-zayif-richard-lynn\/#breadcrumb"},"inLanguage":"tr","potentialAction":[{"@type":"ReadAction","target":["https:\/\/narteks.net\/index.php\/2009\/12\/30\/zeka-orani-yuksek-olanlarin-dini-inanclari-zayif-richard-lynn\/"]}]},{"@type":"BreadcrumbList","@id":"https:\/\/narteks.net\/index.php\/2009\/12\/30\/zeka-orani-yuksek-olanlarin-dini-inanclari-zayif-richard-lynn\/#breadcrumb","itemListElement":[{"@type":"ListItem","position":1,"name":"Anasayfa","item":"https:\/\/narteks.net\/"},{"@type":"ListItem","position":2,"name":"Zeka oran\u0131 y\u00fcksek olanlar\u0131n dini inan\u00e7lar\u0131 zay\u0131f | Richard Lynn"}]},{"@type":"WebSite","@id":"https:\/\/narteks.net\/#website","url":"https:\/\/narteks.net\/","name":"narteks.net","description":"K\u00fclt\u00fcr Sanat Edebiyat Felsefe","publisher":{"@id":"https:\/\/narteks.net\/#organization"},"alternateName":"K\u00fclt\u00fcr Sanat Edebiyat Felsefe","potentialAction":[{"@type":"SearchAction","target":{"@type":"EntryPoint","urlTemplate":"https:\/\/narteks.net\/?s={search_term_string}"},"query-input":{"@type":"PropertyValueSpecification","valueRequired":true,"valueName":"search_term_string"}}],"inLanguage":"tr"},{"@type":"Organization","@id":"https:\/\/narteks.net\/#organization","name":"narteks.net","url":"https:\/\/narteks.net\/","logo":{"@type":"ImageObject","inLanguage":"tr","@id":"https:\/\/narteks.net\/#\/schema\/logo\/image\/","url":"https:\/\/narteks.net\/wp-content\/uploads\/narteks.png","contentUrl":"https:\/\/narteks.net\/wp-content\/uploads\/narteks.png","width":300,"height":90,"caption":"narteks.net"},"image":{"@id":"https:\/\/narteks.net\/#\/schema\/logo\/image\/"},"sameAs":["https:\/\/x.com\/narteks","https:\/\/instagram.com\/narteksnet"]},{"@type":"Person","@id":"https:\/\/narteks.net\/#\/schema\/person\/61f37d9834294b72d31d274e7ed79bca","name":"Tar\u0131k","image":{"@type":"ImageObject","inLanguage":"tr","@id":"https:\/\/narteks.net\/#\/schema\/person\/image\/","url":"https:\/\/secure.gravatar.com\/avatar\/50865afb55632c4ae467e0af0930f6510aa2297d8014be502a55b14f3b7550cf?s=96&d=mm&r=g","contentUrl":"https:\/\/secure.gravatar.com\/avatar\/50865afb55632c4ae467e0af0930f6510aa2297d8014be502a55b14f3b7550cf?s=96&d=mm&r=g","caption":"Tar\u0131k"},"sameAs":["http:\/\/narteks.net"],"url":"https:\/\/narteks.net\/index.php\/author\/narbak\/"}]}},"_links":{"self":[{"href":"https:\/\/narteks.net\/index.php\/wp-json\/wp\/v2\/posts\/374","targetHints":{"allow":["GET"]}}],"collection":[{"href":"https:\/\/narteks.net\/index.php\/wp-json\/wp\/v2\/posts"}],"about":[{"href":"https:\/\/narteks.net\/index.php\/wp-json\/wp\/v2\/types\/post"}],"author":[{"embeddable":true,"href":"https:\/\/narteks.net\/index.php\/wp-json\/wp\/v2\/users\/1"}],"replies":[{"embeddable":true,"href":"https:\/\/narteks.net\/index.php\/wp-json\/wp\/v2\/comments?post=374"}],"version-history":[{"count":0,"href":"https:\/\/narteks.net\/index.php\/wp-json\/wp\/v2\/posts\/374\/revisions"}],"wp:attachment":[{"href":"https:\/\/narteks.net\/index.php\/wp-json\/wp\/v2\/media?parent=374"}],"wp:term":[{"taxonomy":"category","embeddable":true,"href":"https:\/\/narteks.net\/index.php\/wp-json\/wp\/v2\/categories?post=374"},{"taxonomy":"post_tag","embeddable":true,"href":"https:\/\/narteks.net\/index.php\/wp-json\/wp\/v2\/tags?post=374"}],"curies":[{"name":"wp","href":"https:\/\/api.w.org\/{rel}","templated":true}]}}