{"id":3798,"date":"2010-01-08T00:44:47","date_gmt":"2010-01-07T21:44:47","guid":{"rendered":"http:\/\/localhost\/wordpress\/2010\/01\/08\/once-adem-mi-yaratildi-yoksa-havva-mi-sukru-hatun\/"},"modified":"2010-01-08T00:44:47","modified_gmt":"2010-01-07T21:44:47","slug":"once-adem-mi-yaratildi-yoksa-havva-mi-sukru-hatun","status":"publish","type":"post","link":"https:\/\/narteks.net\/index.php\/2010\/01\/08\/once-adem-mi-yaratildi-yoksa-havva-mi-sukru-hatun\/","title":{"rendered":"\u00d6nce Adem mi yarat\u0131ld\u0131 yoksa Havva m\u0131 ? | \u015e\u00fckr\u00fc Hatun"},"content":{"rendered":"<p style=\"text-align: justify;\"><img loading=\"lazy\" decoding=\"async\" style=\"float: left;\" src=\"images\/stories\/adem_havva.jpg\" width=\"155\" height=\"205\" \/>Kad\u0131nlar\u0131n uteruslar\u0131 her ay erkek \u00fcreme h\u00fccresi (sperm) ile d\u00f6llenmi\u015f kendi \u00fcreme h\u00fccrelerine (ovumlar\u0131na) ev sahipli\u011fi yapmak i\u00e7in haz\u0131rlan\u0131r; bekledikleri olmazsa uterus a\u011flar ve asl\u0131nda kad\u0131nlar\u0131n ayl\u0131k kanamalar\u0131 uterusun g\u00f6zya\u015flar\u0131 olarak nitelenebilir. \u015eaka bir yana, birbiriyle bulu\u015fan iki h\u00fccreden, kad\u0131n veya erkek eri\u015fkin bir insan\u0131n olu\u015fma s\u00fcreci biyolojik bilimlerin oldu\u011fu kadar, din ve insan bilimlerinin de konusu olageldi. Bilinen inan\u0131\u015fa g\u00f6re &#8220;kad\u0131n erke\u011fin kaburgas\u0131ndan yarat\u0131lm\u0131\u015ft\u0131r&#8221; ve bu inan\u0131\u015f biyolojik s\u00fcre\u00e7lerde kad\u0131n\u0131 ikincil k\u0131lan bir anlay\u0131\u015f\u0131n da d\u0131\u015favurumudur.<\/p>\n<p style=\"text-align: justify;\">Oysa insan\u0131n kad\u0131n ve erkek olarak farkl\u0131la\u015fmas\u0131 h\u00e2l\u00e2 tam olarak bilinemese de, biriken veriler cinsel farkl\u0131la\u015fman\u0131n do\u011fal y\u00f6n\u00fcn\u00fcn kad\u0131n taraf\u0131na oldu\u011funu g\u00f6steriyor. Bu nedenle de &#8220;\u00f6nce Havva, sonra Adem&#8221; s\u00f6z\u00fc farkl\u0131la\u015fma biyolojisine daha uygun d\u00fc\u015f\u00fcyor. Son y\u0131llarda cinsel farkl\u0131la\u015fma kadar, cinsel kimlik geli\u015fimi ve eri\u015fkin erkek\/kad\u0131n rollerini belirlenmesi konular\u0131 yeniden tart\u0131\u015f\u0131lmaya ba\u015fland\u0131. Bu tart\u0131\u015fmalara g\u00f6z atmak, kad\u0131n ve erkek aras\u0131ndaki &#8220;bir olma&#8221; y\u00f6neliminin biyolojik k\u00f6kenleri konusunda spek\u00fclasyonlar yapma imk\u00e2n\u0131 veriyor.<\/p>\n<p style=\"text-align: justify;\"><strong>Cinsel farkl\u0131la\u015fma ve beyin<\/strong><\/p>\n<p>Cinsel farkl\u0131la\u015fman\u0131n ba\u015flang\u0131c\u0131nda her iki cins y\u00f6n\u00fcne geli\u015fme potansiyeli ta\u015f\u0131yan (bipotent) taslaklar vard\u0131r. Bu taslaklar erkeklik kromozomu ve sonras\u0131nda erkek cinsiyet hormonlar\u0131 varl\u0131\u011f\u0131nda erkek y\u00f6n\u00fcne, kendi haline b\u0131rak\u0131ld\u0131\u011f\u0131nda ise kad\u0131n y\u00f6n\u00fcne geli\u015fir. Bir ba\u015fka deyi\u015fle anne karn\u0131ndaki bebe\u011fin erkek y\u00f6n\u00fcnde geli\u015fmesi i\u00e7in her a\u015famada hormonlar\u0131n \u00f6nemli bir rol oynad\u0131\u011f\u0131 &#8220;aktif bir m\u00fcdahaleye&#8221; gerek olur. Bu nedenle cinsel farkl\u0131la\u015fman\u0131n do\u011fal y\u00f6n\u00fc kad\u0131n taraf\u0131nad\u0131r denir. Anatomik farkl\u0131la\u015fma \u00fc\u00e7\u00fcnc\u00fc ay\u0131n sonunda tamamlan\u0131r ve d\u0131\u015f genital g\u00f6r\u00fcn\u00fcmleri bak\u0131m\u0131ndan erkek veya k\u0131z olan bebekler d\u00fcnyaya gelir. Ya\u015fam\u0131n ilk \u00fc\u00e7 y\u0131l\u0131nda bebekler daha \u00e7ok duyusal ve alg\u0131sal fakt\u00f6rlerin etkisiyle kendilerini k\u0131z veya o\u011flan olarak tan\u0131ma yetene\u011fi kazan\u0131rlar, ergenlik d\u00f6neminde ise cinsel rol ve y\u00f6nelim bak\u0131m\u0131ndan geli\u015fmelerini tamamlarlar. B\u00fct\u00fcn bu s\u00fcre\u00e7 boyunca beyindeki cinsel farkl\u0131la\u015fman\u0131n nas\u0131l oldu\u011fu en \u00e7ok tart\u0131\u015f\u0131lan konulardand\u0131r. Daha \u00e7ok John Money taraf\u0131ndan geli\u015ftirilen g\u00f6r\u00fc\u015fe g\u00f6re ki\u015filer do\u011fumda psikoseks\u00fcel bak\u0131mdan n\u00f6trd\u00fcr; sa\u011fl\u0131kl\u0131 piskoseks\u00fcel geli\u015fme esas olarak psikolojik ve sosyal fakt\u00f6rlerin etkisi alt\u0131nda olur. Erotik bak\u0131\u015f ve y\u00f6nelim otonom psikolojik bir fenomendir, bir ba\u015fka deyi\u015fle genlerden ve hormonlardan b\u00fcy\u00fck oranda ba\u011f\u0131ms\u0131zd\u0131r. Son y\u0131llarda \u00f6zellikle erkek genetik materyali ta\u015f\u0131yan ve &#8220;\u00e7ift cinsiyetli&#8221; do\u011fan bebeklerin uzun d\u00f6nemli izlemlerinden elde edilen bilgiler, bu klasik\/antropolojk bak\u0131\u015f a\u00e7\u0131s\u0131n\u0131n sorgulanmas\u0131na yol a\u00e7t\u0131. Bu \u00e7ocuklardan baz\u0131lar\u0131 k\u0131z cinsel organ yap\u0131s\u0131 g\u00f6sterdi\u011fi i\u00e7in k\u0131z olarak b\u00fcy\u00fct\u00fcl\u00fcr, fakat ergenlik \u00e7a\u011f\u0131na geldiklerinde erkek cinsel rol\u00fcne de\u011fi\u015fim talebinde bulunurlar. Bu t\u00fcr vakalar\u0131n say\u0131lar\u0131n\u0131n artmas\u0131 ile insan beyninin do\u011fumda piskoseks\u00fcel bak\u0131mdan &#8220;dimorfik&#8221; oldu\u011fu, anatomik farkl\u0131la\u015fma s\u00fcrecinde oldu\u011fu gibi kendi haline b\u0131rak\u0131ld\u0131\u011f\u0131nda kad\u0131n y\u00f6n\u00fcne farkl\u0131la\u015fma oldu\u011fu; buna kar\u015f\u0131n hormonlar\u0131n ve di\u011fer biyolojik fakt\u00f6rlerin etkisiyle erkek taraf\u0131na farkl\u0131la\u015fma olabildi\u011fi \u00fczerinde durulmaktad\u0131r. Bu yakla\u015f\u0131ma g\u00f6re anatomik, sosyal ve cinsel farkl\u0131la\u015fma i\u00e7 i\u00e7e s\u00fcre\u00e7lerdir ve her biri olurken beyine baz\u0131 &#8220;notlar&#8221; d\u00fc\u015f\u00fcl\u00fcr. Bu notlar\u0131n etkisini yok kabul ederek yap\u0131lan cinsel kimlik tercihleri ergenlik d\u00f6neminde zorluklara yol a\u00e7ar. Asl\u0131nda bu konu, insan\u0131n olu\u015fmas\u0131nda do\u011fan\u0131n m\u0131 (nature) yoksa yeti\u015fme tarz\u0131n\u0131n m\u0131 (nurture) \u00f6nemli oldu\u011fu tart\u0131\u015fmas\u0131yla ilgili ve son zamanlarda bu iki kavram kadar &#8220;kritik d\u00f6nem&#8221; kavram\u0131 \u00fczerinde de duruluyor. Bir ba\u015fka deyi\u015fle insan\u0131n geli\u015fmesinde baz\u0131 biyolojik ve\/veya sosyal belirleyicilerin kal\u0131c\u0131 de\u011fi\u015fimlere yol a\u00e7t\u0131\u011f\u0131 d\u00f6nemler vard\u0131r ve esas farkl\u0131la\u015fma bu d\u00f6nemlerde olur. B\u00fct\u00fcn bu s\u00fcre\u00e7lerin ayr\u0131nt\u0131lar\u0131 bilinmese de hem anatomik cinsel farkl\u0131la\u015fma hem de bunun beyindeki izd\u00fc\u015f\u00fcmleri her iki cins y\u00f6n\u00fcne geli\u015febilme potansiyeli ta\u015f\u0131yan yap\u0131lara dayan\u0131r. Baz\u0131 anlat\u0131larda s\u00f6z\u00fc edildi\u011fi gibi insan iki cins olarak b\u00f6l\u00fcn\u00fcrken ger\u00e7ekten b\u00fct\u00fcnl\u00fc\u011f\u00fcn\u00fc yitirmektedir ve asl\u0131nda a\u015fktan cinsel ili\u015fkiye uzanan biyopsikolojik ya\u015fant\u0131lar o ilk taslaklara d\u00f6n\u00fc\u015f arzusu olarak da okunabilir.<\/p>\n<p style=\"text-align: justify;\"><strong>Cinsel arzu ve hormonlar<\/strong><\/p>\n<p>Yak\u0131n zamanda yap\u0131lan ara\u015ft\u0131rmalarda cinsel arzu ve hormonlar aras\u0131ndaki ili\u015fki bak\u0131m\u0131ndan da kad\u0131nlarla erkekler aras\u0131nda farkl\u0131l\u0131klar oldu\u011fu \u00fczerinde duruluyor. Erkeklerde cinsel arzu geli\u015fimi b\u00fcy\u00fck \u00f6l\u00e7\u00fcde hormonlar\u0131n kontrol\u00fc alt\u0131nda olmas\u0131na kar\u015f\u0131n, seks\u00fcel davran\u0131\u015f\u0131n kad\u0131nlara &#8220;i\u00e7kin&#8221; oldu\u011fu ve hormonlardan ba\u011f\u0131ms\u0131z oldu\u011fu ileri s\u00fcr\u00fcl\u00fcyor. Erkekleri k\u0131zd\u0131racak bir ba\u015fka bulgu ise erkek cinsel davran\u0131\u015f\u0131n\u0131n hormonal kontrol\u00fcn\u00fcn hayvanlara benzemesidir. Bununla birlikte erkeklerin seks\u00fcel davran\u0131\u015flar\u0131nda kad\u0131n cinsiyet hormonlar\u0131n\u0131n, kad\u0131nlar\u0131n seks\u00fcel davran\u0131\u015flar\u0131nda ise erkeklik hormonlar\u0131n rol\u00fc olabilece\u011fine dair kan\u0131tlar vard\u0131r. B\u00fct\u00fcn bunlar\u0131n yan\u0131nda insanlardaki cinsel y\u00f6nelim \u00e7e\u015fitleri (e\u015fcinsel veya heteroseks\u00fcel davran\u0131\u015flar) konusunda biyolojik ve hormonal kan\u0131tlar\u0131n ayd\u0131nlat\u0131c\u0131 olmad\u0131\u011f\u0131 d\u00fc\u015f\u00fcn\u00fcl\u00fcyor. Ergenlik \u00f6ncesindeki hormonal \u00f6l\u00e7\u00fcmler ve t\u0131bbi\/sosyal \u00f6yk\u00fcden yola \u00e7\u0131k\u0131larak ergenlik sonras\u0131 cinsel y\u00f6nelim tahmini yap\u0131lam\u0131yor. Bilim d\u00fcnyas\u0131 seks\u00fcel y\u00f6nelim farkl\u0131l\u0131klar\u0131 insan olman\u0131n biyolojik \u00e7e\u015fitlili\u011fi olarak kabul ediyor.<\/p>\n<p style=\"text-align: justify;\"><strong>Sonu\u00e7<\/strong><\/p>\n<p>Hi\u00e7 ku\u015fku yok ki eri\u015fkin kad\u0131n ve erkekler olarak cinsleri aras\u0131ndaki ili\u015fkiler yaln\u0131zca psikososyal dinamikler veya kendini cinsel d\u00fcrt\u00fc olarak g\u00f6steren biyolojik fakt\u00f6rler taraf\u0131ndan belirlenmiyor. \u0130ki cinsi birbirinden ay\u0131ran \u015feyler yan\u0131 zamanda onlar aras\u0131nda &#8220;bir&#8221; olma iste\u011fini yaratan \u015feylerdir ve bunlar\u0131n k\u00f6keni cinsel farkl\u0131la\u015fman\u0131n biyolojisine kadar uzan\u0131r. Birbirini isteyen (veya birbiriyle i\u00e7 i\u00e7e olmak isteyen) dokular\u0131n ayn\u0131 k\u00f6kenden gelmi\u015f olmas\u0131n\u0131n bir anlam\u0131 olmal\u0131d\u0131r.<\/p>\n","protected":false},"excerpt":{"rendered":"<p>Kad\u0131nlar\u0131n uteruslar\u0131 her ay erkek \u00fcreme h\u00fccresi (sperm) ile d\u00f6llenmi\u015f kendi \u00fcreme h\u00fccrelerine (ovumlar\u0131na) ev sahipli\u011fi yapmak i\u00e7in haz\u0131rlan\u0131r; bekledikleri olmazsa uterus a\u011flar ve asl\u0131nda kad\u0131nlar\u0131n ayl\u0131k kanamalar\u0131 uterusun g\u00f6zya\u015flar\u0131 olarak nitelenebilir. \u015eaka bir yana, birbiriyle bulu\u015fan iki h\u00fccreden, kad\u0131n veya erkek eri\u015fkin bir insan\u0131n olu\u015fma s\u00fcreci biyolojik bilimlerin oldu\u011fu kadar, din ve insan bilimlerinin [&hellip;]<\/p>\n","protected":false},"author":1,"featured_media":0,"comment_status":"open","ping_status":"open","sticky":false,"template":"","format":"standard","meta":{"footnotes":""},"categories":[176],"tags":[],"class_list":{"0":"post-3798","1":"post","2":"type-post","3":"status-publish","4":"format-standard","6":"category-kadin-a-dair"},"yoast_head":"<!-- This site is optimized with the Yoast SEO Premium plugin v24.9 (Yoast SEO v24.9) - https:\/\/yoast.com\/wordpress\/plugins\/seo\/ -->\n<title>\u00d6nce Adem mi yarat\u0131ld\u0131 yoksa Havva m\u0131 ? | \u015e\u00fckr\u00fc Hatun - narteks.net<\/title>\n<meta name=\"robots\" content=\"index, follow, max-snippet:-1, max-image-preview:large, max-video-preview:-1\" \/>\n<link rel=\"canonical\" href=\"https:\/\/narteks.net\/index.php\/2010\/01\/08\/once-adem-mi-yaratildi-yoksa-havva-mi-sukru-hatun\/\" \/>\n<meta property=\"og:locale\" content=\"tr_TR\" \/>\n<meta property=\"og:type\" content=\"article\" \/>\n<meta property=\"og:title\" content=\"\u00d6nce Adem mi yarat\u0131ld\u0131 yoksa Havva m\u0131 ? | \u015e\u00fckr\u00fc Hatun\" \/>\n<meta property=\"og:description\" content=\"Kad\u0131nlar\u0131n uteruslar\u0131 her ay erkek \u00fcreme h\u00fccresi (sperm) ile d\u00f6llenmi\u015f kendi \u00fcreme h\u00fccrelerine (ovumlar\u0131na) ev sahipli\u011fi yapmak i\u00e7in haz\u0131rlan\u0131r; bekledikleri olmazsa uterus a\u011flar ve asl\u0131nda kad\u0131nlar\u0131n ayl\u0131k kanamalar\u0131 uterusun g\u00f6zya\u015flar\u0131 olarak nitelenebilir. \u015eaka bir yana, birbiriyle bulu\u015fan iki h\u00fccreden, kad\u0131n veya erkek eri\u015fkin bir insan\u0131n olu\u015fma s\u00fcreci biyolojik bilimlerin oldu\u011fu kadar, din ve insan bilimlerinin [&hellip;]\" \/>\n<meta property=\"og:url\" content=\"https:\/\/narteks.net\/index.php\/2010\/01\/08\/once-adem-mi-yaratildi-yoksa-havva-mi-sukru-hatun\/\" \/>\n<meta property=\"og:site_name\" content=\"narteks.net\" \/>\n<meta property=\"article:published_time\" content=\"2010-01-07T21:44:47+00:00\" \/>\n<meta property=\"og:image\" content=\"https:\/\/narteks.net\/wp-content\/uploads\/narteks.png\" \/>\n\t<meta property=\"og:image:width\" content=\"300\" \/>\n\t<meta property=\"og:image:height\" content=\"90\" \/>\n\t<meta property=\"og:image:type\" content=\"image\/png\" \/>\n<meta name=\"author\" content=\"Tar\u0131k\" \/>\n<meta name=\"twitter:card\" content=\"summary_large_image\" \/>\n<meta name=\"twitter:creator\" content=\"@narteks\" \/>\n<meta name=\"twitter:site\" content=\"@narteks\" \/>\n<meta name=\"twitter:label1\" content=\"Yazan:\" \/>\n\t<meta name=\"twitter:data1\" content=\"Tar\u0131k\" \/>\n\t<meta name=\"twitter:label2\" content=\"Tahmini okuma s\u00fcresi\" \/>\n\t<meta name=\"twitter:data2\" content=\"6 dakika\" \/>\n<script type=\"application\/ld+json\" class=\"yoast-schema-graph\">{\"@context\":\"https:\/\/schema.org\",\"@graph\":[{\"@type\":\"Article\",\"@id\":\"https:\/\/narteks.net\/index.php\/2010\/01\/08\/once-adem-mi-yaratildi-yoksa-havva-mi-sukru-hatun\/#article\",\"isPartOf\":{\"@id\":\"https:\/\/narteks.net\/index.php\/2010\/01\/08\/once-adem-mi-yaratildi-yoksa-havva-mi-sukru-hatun\/\"},\"author\":{\"name\":\"Tar\u0131k\",\"@id\":\"https:\/\/narteks.net\/#\/schema\/person\/61f37d9834294b72d31d274e7ed79bca\"},\"headline\":\"\u00d6nce Adem mi yarat\u0131ld\u0131 yoksa Havva m\u0131 ? | \u015e\u00fckr\u00fc Hatun\",\"datePublished\":\"2010-01-07T21:44:47+00:00\",\"mainEntityOfPage\":{\"@id\":\"https:\/\/narteks.net\/index.php\/2010\/01\/08\/once-adem-mi-yaratildi-yoksa-havva-mi-sukru-hatun\/\"},\"wordCount\":1158,\"commentCount\":0,\"publisher\":{\"@id\":\"https:\/\/narteks.net\/#organization\"},\"articleSection\":[\"Kad\u0131na Dair\"],\"inLanguage\":\"tr\",\"potentialAction\":[{\"@type\":\"CommentAction\",\"name\":\"Comment\",\"target\":[\"https:\/\/narteks.net\/index.php\/2010\/01\/08\/once-adem-mi-yaratildi-yoksa-havva-mi-sukru-hatun\/#respond\"]}]},{\"@type\":\"WebPage\",\"@id\":\"https:\/\/narteks.net\/index.php\/2010\/01\/08\/once-adem-mi-yaratildi-yoksa-havva-mi-sukru-hatun\/\",\"url\":\"https:\/\/narteks.net\/index.php\/2010\/01\/08\/once-adem-mi-yaratildi-yoksa-havva-mi-sukru-hatun\/\",\"name\":\"\u00d6nce Adem mi yarat\u0131ld\u0131 yoksa Havva m\u0131 ? | \u015e\u00fckr\u00fc Hatun - narteks.net\",\"isPartOf\":{\"@id\":\"https:\/\/narteks.net\/#website\"},\"datePublished\":\"2010-01-07T21:44:47+00:00\",\"breadcrumb\":{\"@id\":\"https:\/\/narteks.net\/index.php\/2010\/01\/08\/once-adem-mi-yaratildi-yoksa-havva-mi-sukru-hatun\/#breadcrumb\"},\"inLanguage\":\"tr\",\"potentialAction\":[{\"@type\":\"ReadAction\",\"target\":[\"https:\/\/narteks.net\/index.php\/2010\/01\/08\/once-adem-mi-yaratildi-yoksa-havva-mi-sukru-hatun\/\"]}]},{\"@type\":\"BreadcrumbList\",\"@id\":\"https:\/\/narteks.net\/index.php\/2010\/01\/08\/once-adem-mi-yaratildi-yoksa-havva-mi-sukru-hatun\/#breadcrumb\",\"itemListElement\":[{\"@type\":\"ListItem\",\"position\":1,\"name\":\"Anasayfa\",\"item\":\"https:\/\/narteks.net\/\"},{\"@type\":\"ListItem\",\"position\":2,\"name\":\"\u00d6nce Adem mi yarat\u0131ld\u0131 yoksa Havva m\u0131 ? | \u015e\u00fckr\u00fc Hatun\"}]},{\"@type\":\"WebSite\",\"@id\":\"https:\/\/narteks.net\/#website\",\"url\":\"https:\/\/narteks.net\/\",\"name\":\"narteks.net\",\"description\":\"K\u00fclt\u00fcr Sanat Edebiyat Felsefe\",\"publisher\":{\"@id\":\"https:\/\/narteks.net\/#organization\"},\"alternateName\":\"K\u00fclt\u00fcr Sanat Edebiyat Felsefe\",\"potentialAction\":[{\"@type\":\"SearchAction\",\"target\":{\"@type\":\"EntryPoint\",\"urlTemplate\":\"https:\/\/narteks.net\/?s={search_term_string}\"},\"query-input\":{\"@type\":\"PropertyValueSpecification\",\"valueRequired\":true,\"valueName\":\"search_term_string\"}}],\"inLanguage\":\"tr\"},{\"@type\":\"Organization\",\"@id\":\"https:\/\/narteks.net\/#organization\",\"name\":\"narteks.net\",\"url\":\"https:\/\/narteks.net\/\",\"logo\":{\"@type\":\"ImageObject\",\"inLanguage\":\"tr\",\"@id\":\"https:\/\/narteks.net\/#\/schema\/logo\/image\/\",\"url\":\"https:\/\/narteks.net\/wp-content\/uploads\/narteks.png\",\"contentUrl\":\"https:\/\/narteks.net\/wp-content\/uploads\/narteks.png\",\"width\":300,\"height\":90,\"caption\":\"narteks.net\"},\"image\":{\"@id\":\"https:\/\/narteks.net\/#\/schema\/logo\/image\/\"},\"sameAs\":[\"https:\/\/x.com\/narteks\",\"https:\/\/instagram.com\/narteksnet\"]},{\"@type\":\"Person\",\"@id\":\"https:\/\/narteks.net\/#\/schema\/person\/61f37d9834294b72d31d274e7ed79bca\",\"name\":\"Tar\u0131k\",\"image\":{\"@type\":\"ImageObject\",\"inLanguage\":\"tr\",\"@id\":\"https:\/\/narteks.net\/#\/schema\/person\/image\/\",\"url\":\"https:\/\/secure.gravatar.com\/avatar\/50865afb55632c4ae467e0af0930f6510aa2297d8014be502a55b14f3b7550cf?s=96&d=mm&r=g\",\"contentUrl\":\"https:\/\/secure.gravatar.com\/avatar\/50865afb55632c4ae467e0af0930f6510aa2297d8014be502a55b14f3b7550cf?s=96&d=mm&r=g\",\"caption\":\"Tar\u0131k\"},\"sameAs\":[\"http:\/\/narteks.net\"],\"url\":\"https:\/\/narteks.net\/index.php\/author\/narbak\/\"}]}<\/script>\n<!-- \/ Yoast SEO Premium plugin. -->","yoast_head_json":{"title":"\u00d6nce Adem mi yarat\u0131ld\u0131 yoksa Havva m\u0131 ? | \u015e\u00fckr\u00fc Hatun - narteks.net","robots":{"index":"index","follow":"follow","max-snippet":"max-snippet:-1","max-image-preview":"max-image-preview:large","max-video-preview":"max-video-preview:-1"},"canonical":"https:\/\/narteks.net\/index.php\/2010\/01\/08\/once-adem-mi-yaratildi-yoksa-havva-mi-sukru-hatun\/","og_locale":"tr_TR","og_type":"article","og_title":"\u00d6nce Adem mi yarat\u0131ld\u0131 yoksa Havva m\u0131 ? | \u015e\u00fckr\u00fc Hatun","og_description":"Kad\u0131nlar\u0131n uteruslar\u0131 her ay erkek \u00fcreme h\u00fccresi (sperm) ile d\u00f6llenmi\u015f kendi \u00fcreme h\u00fccrelerine (ovumlar\u0131na) ev sahipli\u011fi yapmak i\u00e7in haz\u0131rlan\u0131r; bekledikleri olmazsa uterus a\u011flar ve asl\u0131nda kad\u0131nlar\u0131n ayl\u0131k kanamalar\u0131 uterusun g\u00f6zya\u015flar\u0131 olarak nitelenebilir. \u015eaka bir yana, birbiriyle bulu\u015fan iki h\u00fccreden, kad\u0131n veya erkek eri\u015fkin bir insan\u0131n olu\u015fma s\u00fcreci biyolojik bilimlerin oldu\u011fu kadar, din ve insan bilimlerinin [&hellip;]","og_url":"https:\/\/narteks.net\/index.php\/2010\/01\/08\/once-adem-mi-yaratildi-yoksa-havva-mi-sukru-hatun\/","og_site_name":"narteks.net","article_published_time":"2010-01-07T21:44:47+00:00","og_image":[{"width":300,"height":90,"url":"https:\/\/narteks.net\/wp-content\/uploads\/narteks.png","type":"image\/png"}],"author":"Tar\u0131k","twitter_card":"summary_large_image","twitter_creator":"@narteks","twitter_site":"@narteks","twitter_misc":{"Yazan:":"Tar\u0131k","Tahmini okuma s\u00fcresi":"6 dakika"},"schema":{"@context":"https:\/\/schema.org","@graph":[{"@type":"Article","@id":"https:\/\/narteks.net\/index.php\/2010\/01\/08\/once-adem-mi-yaratildi-yoksa-havva-mi-sukru-hatun\/#article","isPartOf":{"@id":"https:\/\/narteks.net\/index.php\/2010\/01\/08\/once-adem-mi-yaratildi-yoksa-havva-mi-sukru-hatun\/"},"author":{"name":"Tar\u0131k","@id":"https:\/\/narteks.net\/#\/schema\/person\/61f37d9834294b72d31d274e7ed79bca"},"headline":"\u00d6nce Adem mi yarat\u0131ld\u0131 yoksa Havva m\u0131 ? | \u015e\u00fckr\u00fc Hatun","datePublished":"2010-01-07T21:44:47+00:00","mainEntityOfPage":{"@id":"https:\/\/narteks.net\/index.php\/2010\/01\/08\/once-adem-mi-yaratildi-yoksa-havva-mi-sukru-hatun\/"},"wordCount":1158,"commentCount":0,"publisher":{"@id":"https:\/\/narteks.net\/#organization"},"articleSection":["Kad\u0131na Dair"],"inLanguage":"tr","potentialAction":[{"@type":"CommentAction","name":"Comment","target":["https:\/\/narteks.net\/index.php\/2010\/01\/08\/once-adem-mi-yaratildi-yoksa-havva-mi-sukru-hatun\/#respond"]}]},{"@type":"WebPage","@id":"https:\/\/narteks.net\/index.php\/2010\/01\/08\/once-adem-mi-yaratildi-yoksa-havva-mi-sukru-hatun\/","url":"https:\/\/narteks.net\/index.php\/2010\/01\/08\/once-adem-mi-yaratildi-yoksa-havva-mi-sukru-hatun\/","name":"\u00d6nce Adem mi yarat\u0131ld\u0131 yoksa Havva m\u0131 ? | \u015e\u00fckr\u00fc Hatun - narteks.net","isPartOf":{"@id":"https:\/\/narteks.net\/#website"},"datePublished":"2010-01-07T21:44:47+00:00","breadcrumb":{"@id":"https:\/\/narteks.net\/index.php\/2010\/01\/08\/once-adem-mi-yaratildi-yoksa-havva-mi-sukru-hatun\/#breadcrumb"},"inLanguage":"tr","potentialAction":[{"@type":"ReadAction","target":["https:\/\/narteks.net\/index.php\/2010\/01\/08\/once-adem-mi-yaratildi-yoksa-havva-mi-sukru-hatun\/"]}]},{"@type":"BreadcrumbList","@id":"https:\/\/narteks.net\/index.php\/2010\/01\/08\/once-adem-mi-yaratildi-yoksa-havva-mi-sukru-hatun\/#breadcrumb","itemListElement":[{"@type":"ListItem","position":1,"name":"Anasayfa","item":"https:\/\/narteks.net\/"},{"@type":"ListItem","position":2,"name":"\u00d6nce Adem mi yarat\u0131ld\u0131 yoksa Havva m\u0131 ? | \u015e\u00fckr\u00fc Hatun"}]},{"@type":"WebSite","@id":"https:\/\/narteks.net\/#website","url":"https:\/\/narteks.net\/","name":"narteks.net","description":"K\u00fclt\u00fcr Sanat Edebiyat Felsefe","publisher":{"@id":"https:\/\/narteks.net\/#organization"},"alternateName":"K\u00fclt\u00fcr Sanat Edebiyat Felsefe","potentialAction":[{"@type":"SearchAction","target":{"@type":"EntryPoint","urlTemplate":"https:\/\/narteks.net\/?s={search_term_string}"},"query-input":{"@type":"PropertyValueSpecification","valueRequired":true,"valueName":"search_term_string"}}],"inLanguage":"tr"},{"@type":"Organization","@id":"https:\/\/narteks.net\/#organization","name":"narteks.net","url":"https:\/\/narteks.net\/","logo":{"@type":"ImageObject","inLanguage":"tr","@id":"https:\/\/narteks.net\/#\/schema\/logo\/image\/","url":"https:\/\/narteks.net\/wp-content\/uploads\/narteks.png","contentUrl":"https:\/\/narteks.net\/wp-content\/uploads\/narteks.png","width":300,"height":90,"caption":"narteks.net"},"image":{"@id":"https:\/\/narteks.net\/#\/schema\/logo\/image\/"},"sameAs":["https:\/\/x.com\/narteks","https:\/\/instagram.com\/narteksnet"]},{"@type":"Person","@id":"https:\/\/narteks.net\/#\/schema\/person\/61f37d9834294b72d31d274e7ed79bca","name":"Tar\u0131k","image":{"@type":"ImageObject","inLanguage":"tr","@id":"https:\/\/narteks.net\/#\/schema\/person\/image\/","url":"https:\/\/secure.gravatar.com\/avatar\/50865afb55632c4ae467e0af0930f6510aa2297d8014be502a55b14f3b7550cf?s=96&d=mm&r=g","contentUrl":"https:\/\/secure.gravatar.com\/avatar\/50865afb55632c4ae467e0af0930f6510aa2297d8014be502a55b14f3b7550cf?s=96&d=mm&r=g","caption":"Tar\u0131k"},"sameAs":["http:\/\/narteks.net"],"url":"https:\/\/narteks.net\/index.php\/author\/narbak\/"}]}},"_links":{"self":[{"href":"https:\/\/narteks.net\/index.php\/wp-json\/wp\/v2\/posts\/3798","targetHints":{"allow":["GET"]}}],"collection":[{"href":"https:\/\/narteks.net\/index.php\/wp-json\/wp\/v2\/posts"}],"about":[{"href":"https:\/\/narteks.net\/index.php\/wp-json\/wp\/v2\/types\/post"}],"author":[{"embeddable":true,"href":"https:\/\/narteks.net\/index.php\/wp-json\/wp\/v2\/users\/1"}],"replies":[{"embeddable":true,"href":"https:\/\/narteks.net\/index.php\/wp-json\/wp\/v2\/comments?post=3798"}],"version-history":[{"count":0,"href":"https:\/\/narteks.net\/index.php\/wp-json\/wp\/v2\/posts\/3798\/revisions"}],"wp:attachment":[{"href":"https:\/\/narteks.net\/index.php\/wp-json\/wp\/v2\/media?parent=3798"}],"wp:term":[{"taxonomy":"category","embeddable":true,"href":"https:\/\/narteks.net\/index.php\/wp-json\/wp\/v2\/categories?post=3798"},{"taxonomy":"post_tag","embeddable":true,"href":"https:\/\/narteks.net\/index.php\/wp-json\/wp\/v2\/tags?post=3798"}],"curies":[{"name":"wp","href":"https:\/\/api.w.org\/{rel}","templated":true}]}}