{"id":3799,"date":"2010-01-08T00:54:50","date_gmt":"2010-01-07T21:54:50","guid":{"rendered":"http:\/\/localhost\/wordpress\/2010\/01\/08\/gobekbagi-annelik-ozgurluk-ve-esaret-ayse-kadioglu\/"},"modified":"2010-01-08T00:54:50","modified_gmt":"2010-01-07T21:54:50","slug":"gobekbagi-annelik-ozgurluk-ve-esaret-ayse-kadioglu","status":"publish","type":"post","link":"https:\/\/narteks.net\/index.php\/2010\/01\/08\/gobekbagi-annelik-ozgurluk-ve-esaret-ayse-kadioglu\/","title":{"rendered":"G\u00f6bekba\u011f\u0131 \/ Annelik \/ \u00d6zg\u00fcrl\u00fck ve Esaret | Ay\u015fe Kad\u0131o\u011flu"},"content":{"rendered":"<p style=\"text-align: justify;\"><img loading=\"lazy\" decoding=\"async\" style=\"float: left;\" src=\"images\/stories\/ayse_kadioglu.jpg\" width=\"155\" height=\"205\" \/>Do\u011fum an\u0131, tasviri en \u00e7ok yap\u0131lm\u0131\u015f anlardan birisidir. Courbet&#8217;in &#8216;D\u00fcnyan\u0131n Kayna\u011f\u0131&#8217; isimli resmi ile do\u011fum an\u0131 aras\u0131ndaki mesafe bir saniyedir. Do\u011fum an\u0131 kad\u0131nl\u0131k durumunun i\u00e7inde ta\u015f\u0131d\u0131\u011f\u0131 tezatl\u0131\u011f\u0131n bir simulasyonu gibidir. Do\u011fum an\u0131, \u00f6zg\u00fcrl\u00fck ve esareti ayn\u0131 anda i\u00e7inde bar\u0131nd\u0131r\u0131r. Do\u011fan \u00e7ocuk g\u00f6bek ba\u011f\u0131n\u0131n kesilmesiyle \u00f6zg\u00fcr k\u0131l\u0131n\u0131rken, do\u011furan kad\u0131n da onun esiri olur. Yani bir anlamda kendi do\u011fumu esnas\u0131nda annesi taraf\u0131ndan \u00f6zg\u00fcr k\u0131l\u0131nan kad\u0131n, bu \u00f6zg\u00fcrl\u00fc\u011f\u00fc \u00e7ocu\u011funa iletirken kendi g\u00f6n\u00fcll\u00fc esaretini de ba\u015flat\u0131r.<\/p>\n<p style=\"text-align: justify;\">\u00d6zg\u00fcrl\u00fck kavram\u0131 \u00f6znel tan\u0131mlamalara a\u00e7\u0131k oldu\u011fu i\u00e7in zor bir kavram. \u00d6zg\u00fcrl\u00fck deyince ben Eflatun&#8217;un \u00fcnl\u00fc Devlet \u00e7al\u0131\u015fmas\u0131nda tasvir etti\u011fi ma\u011faray\u0131 d\u00fc\u015f\u00fcn\u00fcyorum. Bilindi\u011fi gibi ma\u011faran\u0131n i\u00e7inde v\u00fccutlar\u0131ndan duvara ba\u011fl\u0131 olan esirlerin arkalar\u0131ndan bir \u0131\u015f\u0131k gelir ve g\u00f6lgelerini kar\u015f\u0131daki duvara yans\u0131t\u0131r. Esirler \u0131\u015f\u0131\u011f\u0131 g\u00f6remedikleri i\u00e7in g\u00f6lgelerinin de ne oldu\u011funu bilmezler. Ta ki g\u00fcn gelir, ba\u011flar \u00e7\u00f6z\u00fcl\u00fcr, esirler kafalar\u0131n\u0131 arkaya d\u00f6nerler ve \u0131\u015f\u0131\u011f\u0131 g\u00f6r\u00fcrler. \u0130\u015fte \u00f6zg\u00fcrl\u00fck o anda ba\u015flar ve verdi\u011fi ilk duygu, g\u00f6z kama\u015fmas\u0131 yani ac\u0131d\u0131r. G\u00f6zleri kama\u015fan kimi esirler tekrar v\u00fccutlar\u0131ndan duvara ba\u011flanmay\u0131 bile d\u00fc\u015f\u00fcn\u00fcrler, \u00e7\u00fcnk\u00fc \u0131\u015f\u0131k ile g\u00f6lge ve kendileri aras\u0131ndaki ba\u011flant\u0131y\u0131 hemen kuramazlar, kafalar\u0131 kar\u0131\u015f\u0131r. Demek ki \u00f6zg\u00fcrl\u00fck cesaret i\u015fidir. I\u015f\u0131\u011fa g\u00f6z\u00fcn\u00fc dikip bakma cesaretini gerektirir. Dolay\u0131s\u0131 ile de \u00f6zg\u00fcrl\u00fck zordur, herkesin harc\u0131nda yoktur. Kimileri \u00f6m\u00fcrlerini rahat koltuklar\u0131nda ge\u00e7irmeyi \u0131\u015f\u0131\u011fa bakmaya ye\u011flerler.<\/p>\n<p style=\"text-align: justify;\">Kad\u0131nl\u0131k durumu hemen hemen her y\u00f6n\u00fcyle tezatl\u0131klar i\u00e7erir. Kad\u0131nlar\u0131n ya\u015famlar\u0131n\u0131n tezatl\u0131klar ile bezenmi\u015f olmas\u0131n\u0131n en temel nedeni kamusal alan ile \u00f6zel alan aras\u0131nda yapt\u0131klar\u0131 ip cambazl\u0131\u011f\u0131d\u0131r. Kamusal alan ifadesi ile evin d\u0131\u015f\u0131na g\u00f6ndermeler yaparken,\u00f6zel alan ile evin i\u00e7ini kastederiz. Modernli\u011fin tarihi bu iki alan\u0131n birbirinden kopmas\u0131n\u0131n da tarihidir. \u00d6rne\u011fin modern siyaset, dinleri, etnik farkl\u0131l\u0131klar\u0131,cins ayr\u0131mlar\u0131n\u0131 evin i\u00e7ine havale ederek, kamusal alan\u0131 bunlardan ar\u0131nd\u0131rmaya ve bunlar\u0131n \u00fcst\u00fcnde, homojenle\u015fmi\u015f vatanda\u015flar yaratmaya \u00e7al\u0131\u015ft\u0131. K\u0131sacas\u0131 insanlara, dini vecibelerinizi evin i\u00e7inde yerine getirin ve bunlar\u0131 kamusal alana ta\u015f\u0131may\u0131n mesaj\u0131 verildi. Etnik farkl\u0131l\u0131klar kamusal alanda teslim edilmedi, yok varsay\u0131ld\u0131. Erkekler modernli\u011fin homojenle\u015ftirici potas\u0131nda vatanda\u015f haline gelirlerken, \u00f6zel alan kad\u0131nlar i\u00e7in temel d\u00fcnya olma \u00f6zelli\u011fini korudu, kad\u0131nlar kamusal alana \u00e7\u0131ksalar bile bir ayaklar\u0131n\u0131 hep \u00f6zel alanda tutmak zorunda kald\u0131lar.\u0130\u015fte bu sebeple olsa gerek, \u00f6zel alan\u0131n kayg\u0131lar\u0131n\u0131 siyasete ilk ta\u015f\u0131yanlar 1960&#8217;l\u0131 y\u0131llar\u0131n kad\u0131n hareketinin \u00f6nc\u00fcleri oldular. \u00d6zel alan\u0131 siyasal ilan eden de yine bu kad\u0131nlard\u0131.<\/p>\n<p style=\"text-align: justify;\">Bu denli \u00f6zel alana hapsedilmi\u015f olmalar\u0131na ra\u011fmen, kad\u0131nlar\u0131n \u00f6zel ya\u015famlar\u0131 da \u00e7o\u011fu kez kendilerine ait de\u011fil. Ya\u015fam onlara ba\u015fkalar\u0131n\u0131n dertlerini kendine dert etmeyi \u00f6\u011fretti, ba\u015fkalar\u0131n\u0131n (\u00e7o\u011fu kez sevdiklerinin bile olsa) ne yiyip i\u00e7ece\u011finden onlar\u0131 mesul k\u0131ld\u0131. Fazla h\u0131rsl\u0131 olduklar\u0131nda erke\u011fe benzetildiler, fazla k\u0131r\u0131lgan olduklar\u0131nda beceriksizlikle su\u00e7land\u0131lar bir ya\u015fam boyu. Kad\u0131nl\u0131k ba\u015fl\u0131 ba\u015f\u0131na bir ip cambazl\u0131\u011f\u0131d\u0131r asl\u0131nda. Hem kad\u0131n gibi olmay\u0131 se\u00e7ip hem de h\u0131rsl\u0131, ba\u015far\u0131l\u0131 olan kad\u0131nlar o kadar azd\u0131r ki. Hem onlar\u0131n kaderi de eninde sonunda kad\u0131nl\u0131k durumunun onlar\u0131 mahk\u00fbm etti\u011fi \u00f6zel alanda di\u011fer kad\u0131nlar\u0131n kaderi ile \u00f6rt\u00fc\u015f\u00fcr. Ele\u015ftirildikleri zamanlarda da genellikle namuslar\u0131na, ahl\u00e2klar\u0131na dil uzat\u0131l\u0131r. \u00d6ylesine kolayd\u0131r kad\u0131nlar\u0131 harcamak. Fazla e\u011flenen kad\u0131n ahl\u00e2ks\u0131z, fazla ciddi kad\u0131n surats\u0131z, fazla ak\u0131ll\u0131 kad\u0131n tehlikeli, fazla s\u00fcsl\u00fc kad\u0131n fesat addedilir. Kad\u0131nlar bu s\u0131n\u0131rlar\u0131 \u00e7ok k\u00fc\u00e7\u00fckken \u00f6\u011frenirler.<\/p>\n<p style=\"text-align: justify;\">Evin i\u00e7inin sorumlusu kad\u0131n\u0131n, o evin i\u00e7inde kendi kendisine kald\u0131\u011f\u0131 bir mek\u00e2n\u0131 yoktur \u00e7o\u011fu zaman. Okudu\u011fum en etkileyici kad\u0131n \u00f6yk\u00fclerinden biri, Doris Lessing&#8217;in 19 Numaral\u0131 Oda&#8217;s\u0131d\u0131r. Bu \u00f6yk\u00fcde, mutlu bir evlili\u011fi ve d\u00f6rt \u00e7ocu\u011fu olan bir kad\u0131n vard\u0131r. Herkes ona &#8216;hele \u00e7ocuklar bir okula ba\u015flas\u0131nlar, senin elinden \u00e7\u0131ks\u0131nlar, tekrar i\u015f hayat\u0131na d\u00f6nebilirsin&#8217; der. Ancak yapt\u0131\u011f\u0131 do\u011fumlar ile birlikte adeta i\u00e7i bo\u015falm\u0131\u015f olan kad\u0131n &#8216;\u00e7ocuklar elinden \u00e7\u0131k\u0131nca&#8217; var olma nedenini yitirir. Hem \u00e7ocuklar\u0131n onun elinde oldu\u011fu g\u00fcnleri \u00f6zler hem de do\u011furmadan \u00f6nce oldu\u011fu gibi \u00f6zg\u00fcr olmay\u0131 yeniden ister. Bu aray\u0131\u015flar\u0131n\u0131 hi\u00e7 kimse ile konu\u015famaz. \u00c7\u00fcnk\u00fc onun her \u015feyi vard\u0131r ve bu aray\u0131\u015flar \u015f\u0131mar\u0131kl\u0131k olarak g\u00f6r\u00fclebilir. Kendisine g\u00fcndelik olarak tuttu\u011fu bir otel odas\u0131na (19 Numaral\u0131 Oda) gitmeye ba\u015flar. Burada herg\u00fcn birka\u00e7 saat oturur, kendi kendisi ile kal\u0131r. Hi\u00e7 kimsenin nerede oldu\u011funu bilmemesinden dolay\u0131 kendisini \u00f6zg\u00fcr hisseder. Sonunda pe\u015fine d\u00fc\u015fen kocas\u0131n\u0131n akl\u0131na ilk olarak kar\u0131s\u0131n\u0131n bir ba\u015fkas\u0131 ile ili\u015fkisi oldu\u011fu gelir. (Bu arada kocan\u0131n zaten ba\u015fkas\u0131yla ili\u015fkisi vard\u0131r). Kad\u0131n da kendi kendisiyle kalmak istedi\u011fini s\u00f6ylemektense bir ba\u015fkas\u0131yla ili\u015fkisi oldu\u011funu s\u00f6ylemeyi tercih eder. \u00c7\u00fcnk\u00fc toplumda daha normal olarak beklenen davran\u0131\u015f budur. Herg\u00fcn birka\u00e7 saat bir otel odas\u0131na kaybolan bir kad\u0131n\u0131n kendi kendisi ile yaln\u0131z kalmak istedi\u011fini dile getirmesi olsa olsa delilik olarak g\u00f6r\u00fcl\u00fcr. Virginia Woolf da kad\u0131nlara benzer bir mesaj\u0131 iletir. &#8216;Kendine Ait Bir Oda&#8217;da, kad\u0131nlar\u0131 yaln\u0131z kal\u0131p kendilerini dinleyebilecekleri bir mekana davet eder. O mek\u00e2n kad\u0131na aittir ve o mek\u00e2nda ba\u015fkalar\u0131n\u0131n ne diyece\u011fine ald\u0131rmadan yazabilir. Asl\u0131nda zaten kendine ait olmak da ba\u015fkalar\u0131n\u0131n ne diyece\u011fine ald\u0131rmamak ile ilgilidir.<\/p>\n<p style=\"text-align: justify;\">Kad\u0131nlar do\u011fururken bir \u00e7e\u015fit esarete teslim oluyorlar. Ben o\u011flumu do\u011furdu\u011fumda rehavet i\u00e7inde yatarken, arkadan \u00e7\u0131kan plasentan\u0131n bana g\u00f6z k\u0131rpt\u0131\u011f\u0131n\u0131 ve &#8216;benim i\u015fim bitti \u015fimdi s\u0131ra sende&#8217; dedi\u011fini g\u00f6r\u00fcr\/duyar gibi olmu\u015ftum. O anda annemin bana kendisinden kopararak verdi\u011fi \u00f6zg\u00fcrl\u00fc\u011f\u00fc o\u011fluma teslim ediyordum fark\u0131nda olmayarak. \u00c7\u00fcnk\u00fc o\u011flum ma\u011faradan \u00e7\u0131km\u0131\u015f ve benim g\u00f6zlerimdeki \u0131\u015f\u0131\u011fa bakm\u0131\u015ft\u0131. Ben ise ma\u011faran\u0131n kendisi olmu\u015f, i\u00e7imde \u00f6zg\u00fcrl\u00fck ve esareti birlikte bar\u0131nd\u0131rmaya ba\u015flam\u0131\u015ft\u0131m. Ben ger\u00e7ekten de cesur olmay\u0131 ve \u00f6zg\u00fcrl\u00fc\u011f\u00fc annemden \u00f6\u011frendim. Bana bu \u00f6zellikleri her zaman c\u00f6mert\u00e7e verdi. Belki o y\u00fczden k\u00fc\u00e7\u00fckken annemin bana anlatt\u0131\u011f\u0131 hikayelerin i\u00e7inde en \u00e7ok onun kendi k\u00fc\u00e7\u00fckl\u00fc\u011f\u00fc ile ilgili olanlar\u0131 severdim. \u00c7\u00fcnk\u00fc bu hik\u00e2yelerde annem yaramaz, \u00f6zg\u00fcr bir k\u0131z \u00e7ocu\u011fu olurdu hep. Ve ben onu \u00f6yle hayal etmeyi \u00e7ok severdim. Evet, do\u011fan \u00f6zg\u00fcr do\u011furan ise esir oluyor. Kad\u0131nlar bunu iki y\u00f6n\u00fcyle de ya\u015f\u0131yor. Annelik bir g\u00f6n\u00fcll\u00fc esaret, bir g\u00f6n\u00fcl esareti&#8230; Janis Joplin, \u00fcnl\u00fc \u015fark\u0131s\u0131nda \u00f6zg\u00fcrl\u00fc\u011f\u00fcn art\u0131k kaybedecek bir \u015feyinin kalmamas\u0131 anlam\u0131na geldi\u011fini s\u00f6yler. \u00c7ocu\u011fu olan kad\u0131nlar\u0131n \u00f6zg\u00fcrl\u00fckleri \u00e7ocuklar\u0131nda ya\u015far. G\u00f6bek ba\u011f\u0131 kesilirken \u00e7ocu\u011fun \u00f6zg\u00fcr, annenin ise esir olmas\u0131ndan s\u00f6z ettik. \u00d6zg\u00fcrl\u00fck ile de ma\u011faradan \u00e7\u0131kmay\u0131, do\u011fmay\u0131, \u0131\u015f\u0131\u011f\u0131 g\u00f6rmeyi kastettik. Benim h\u00e2l\u00e2 anlamad\u0131\u011f\u0131m bir \u015fey var: o\u011flumun g\u00f6zlerine bakt\u0131\u011f\u0131mda g\u00f6rd\u00fc\u011f\u00fcm \u0131\u015f\u0131k nedir?<\/p>\n<p style=\"text-align: justify;\"><strong><strong>Ay\u015fe Kad\u0131o\u011flu<\/strong><\/strong><\/p>\n","protected":false},"excerpt":{"rendered":"<p>Do\u011fum an\u0131, tasviri en \u00e7ok yap\u0131lm\u0131\u015f anlardan birisidir. Courbet&#8217;in &#8216;D\u00fcnyan\u0131n Kayna\u011f\u0131&#8217; isimli resmi ile do\u011fum an\u0131 aras\u0131ndaki mesafe bir saniyedir. Do\u011fum an\u0131 kad\u0131nl\u0131k durumunun i\u00e7inde ta\u015f\u0131d\u0131\u011f\u0131 tezatl\u0131\u011f\u0131n bir simulasyonu gibidir. Do\u011fum an\u0131, \u00f6zg\u00fcrl\u00fck ve esareti ayn\u0131 anda i\u00e7inde bar\u0131nd\u0131r\u0131r. Do\u011fan \u00e7ocuk g\u00f6bek ba\u011f\u0131n\u0131n kesilmesiyle \u00f6zg\u00fcr k\u0131l\u0131n\u0131rken, do\u011furan kad\u0131n da onun esiri olur. Yani bir anlamda [&hellip;]<\/p>\n","protected":false},"author":1,"featured_media":0,"comment_status":"open","ping_status":"open","sticky":false,"template":"","format":"standard","meta":{"footnotes":""},"categories":[176],"tags":[],"class_list":{"0":"post-3799","1":"post","2":"type-post","3":"status-publish","4":"format-standard","6":"category-kadin-a-dair"},"yoast_head":"<!-- This site is optimized with the Yoast SEO Premium plugin v24.9 (Yoast SEO v24.9) - https:\/\/yoast.com\/wordpress\/plugins\/seo\/ -->\n<title>G\u00f6bekba\u011f\u0131 \/ Annelik \/ \u00d6zg\u00fcrl\u00fck ve Esaret | Ay\u015fe Kad\u0131o\u011flu - narteks.net<\/title>\n<meta name=\"robots\" content=\"index, follow, max-snippet:-1, max-image-preview:large, max-video-preview:-1\" \/>\n<link rel=\"canonical\" href=\"https:\/\/narteks.net\/index.php\/2010\/01\/08\/gobekbagi-annelik-ozgurluk-ve-esaret-ayse-kadioglu\/\" \/>\n<meta property=\"og:locale\" content=\"tr_TR\" \/>\n<meta property=\"og:type\" content=\"article\" \/>\n<meta property=\"og:title\" content=\"G\u00f6bekba\u011f\u0131 \/ Annelik \/ \u00d6zg\u00fcrl\u00fck ve Esaret | Ay\u015fe Kad\u0131o\u011flu\" \/>\n<meta property=\"og:description\" content=\"Do\u011fum an\u0131, tasviri en \u00e7ok yap\u0131lm\u0131\u015f anlardan birisidir. Courbet&#8217;in &#8216;D\u00fcnyan\u0131n Kayna\u011f\u0131&#8217; isimli resmi ile do\u011fum an\u0131 aras\u0131ndaki mesafe bir saniyedir. Do\u011fum an\u0131 kad\u0131nl\u0131k durumunun i\u00e7inde ta\u015f\u0131d\u0131\u011f\u0131 tezatl\u0131\u011f\u0131n bir simulasyonu gibidir. Do\u011fum an\u0131, \u00f6zg\u00fcrl\u00fck ve esareti ayn\u0131 anda i\u00e7inde bar\u0131nd\u0131r\u0131r. Do\u011fan \u00e7ocuk g\u00f6bek ba\u011f\u0131n\u0131n kesilmesiyle \u00f6zg\u00fcr k\u0131l\u0131n\u0131rken, do\u011furan kad\u0131n da onun esiri olur. Yani bir anlamda [&hellip;]\" \/>\n<meta property=\"og:url\" content=\"https:\/\/narteks.net\/index.php\/2010\/01\/08\/gobekbagi-annelik-ozgurluk-ve-esaret-ayse-kadioglu\/\" \/>\n<meta property=\"og:site_name\" content=\"narteks.net\" \/>\n<meta property=\"article:published_time\" content=\"2010-01-07T21:54:50+00:00\" \/>\n<meta property=\"og:image\" content=\"https:\/\/narteks.net\/wp-content\/uploads\/narteks.png\" \/>\n\t<meta property=\"og:image:width\" content=\"300\" \/>\n\t<meta property=\"og:image:height\" content=\"90\" \/>\n\t<meta property=\"og:image:type\" content=\"image\/png\" \/>\n<meta name=\"author\" content=\"Tar\u0131k\" \/>\n<meta name=\"twitter:card\" content=\"summary_large_image\" \/>\n<meta name=\"twitter:creator\" content=\"@narteks\" \/>\n<meta name=\"twitter:site\" content=\"@narteks\" \/>\n<meta name=\"twitter:label1\" content=\"Yazan:\" \/>\n\t<meta name=\"twitter:data1\" content=\"Tar\u0131k\" \/>\n\t<meta name=\"twitter:label2\" content=\"Tahmini okuma s\u00fcresi\" \/>\n\t<meta name=\"twitter:data2\" content=\"7 dakika\" \/>\n<script type=\"application\/ld+json\" class=\"yoast-schema-graph\">{\"@context\":\"https:\/\/schema.org\",\"@graph\":[{\"@type\":\"Article\",\"@id\":\"https:\/\/narteks.net\/index.php\/2010\/01\/08\/gobekbagi-annelik-ozgurluk-ve-esaret-ayse-kadioglu\/#article\",\"isPartOf\":{\"@id\":\"https:\/\/narteks.net\/index.php\/2010\/01\/08\/gobekbagi-annelik-ozgurluk-ve-esaret-ayse-kadioglu\/\"},\"author\":{\"name\":\"Tar\u0131k\",\"@id\":\"https:\/\/narteks.net\/#\/schema\/person\/61f37d9834294b72d31d274e7ed79bca\"},\"headline\":\"G\u00f6bekba\u011f\u0131 \/ Annelik \/ \u00d6zg\u00fcrl\u00fck ve Esaret | Ay\u015fe Kad\u0131o\u011flu\",\"datePublished\":\"2010-01-07T21:54:50+00:00\",\"mainEntityOfPage\":{\"@id\":\"https:\/\/narteks.net\/index.php\/2010\/01\/08\/gobekbagi-annelik-ozgurluk-ve-esaret-ayse-kadioglu\/\"},\"wordCount\":1358,\"commentCount\":0,\"publisher\":{\"@id\":\"https:\/\/narteks.net\/#organization\"},\"articleSection\":[\"Kad\u0131na Dair\"],\"inLanguage\":\"tr\",\"potentialAction\":[{\"@type\":\"CommentAction\",\"name\":\"Comment\",\"target\":[\"https:\/\/narteks.net\/index.php\/2010\/01\/08\/gobekbagi-annelik-ozgurluk-ve-esaret-ayse-kadioglu\/#respond\"]}]},{\"@type\":\"WebPage\",\"@id\":\"https:\/\/narteks.net\/index.php\/2010\/01\/08\/gobekbagi-annelik-ozgurluk-ve-esaret-ayse-kadioglu\/\",\"url\":\"https:\/\/narteks.net\/index.php\/2010\/01\/08\/gobekbagi-annelik-ozgurluk-ve-esaret-ayse-kadioglu\/\",\"name\":\"G\u00f6bekba\u011f\u0131 \/ Annelik \/ \u00d6zg\u00fcrl\u00fck ve Esaret | Ay\u015fe Kad\u0131o\u011flu - narteks.net\",\"isPartOf\":{\"@id\":\"https:\/\/narteks.net\/#website\"},\"datePublished\":\"2010-01-07T21:54:50+00:00\",\"breadcrumb\":{\"@id\":\"https:\/\/narteks.net\/index.php\/2010\/01\/08\/gobekbagi-annelik-ozgurluk-ve-esaret-ayse-kadioglu\/#breadcrumb\"},\"inLanguage\":\"tr\",\"potentialAction\":[{\"@type\":\"ReadAction\",\"target\":[\"https:\/\/narteks.net\/index.php\/2010\/01\/08\/gobekbagi-annelik-ozgurluk-ve-esaret-ayse-kadioglu\/\"]}]},{\"@type\":\"BreadcrumbList\",\"@id\":\"https:\/\/narteks.net\/index.php\/2010\/01\/08\/gobekbagi-annelik-ozgurluk-ve-esaret-ayse-kadioglu\/#breadcrumb\",\"itemListElement\":[{\"@type\":\"ListItem\",\"position\":1,\"name\":\"Anasayfa\",\"item\":\"https:\/\/narteks.net\/\"},{\"@type\":\"ListItem\",\"position\":2,\"name\":\"G\u00f6bekba\u011f\u0131 \/ Annelik \/ \u00d6zg\u00fcrl\u00fck ve Esaret | Ay\u015fe Kad\u0131o\u011flu\"}]},{\"@type\":\"WebSite\",\"@id\":\"https:\/\/narteks.net\/#website\",\"url\":\"https:\/\/narteks.net\/\",\"name\":\"narteks.net\",\"description\":\"K\u00fclt\u00fcr Sanat Edebiyat Felsefe\",\"publisher\":{\"@id\":\"https:\/\/narteks.net\/#organization\"},\"alternateName\":\"K\u00fclt\u00fcr Sanat Edebiyat Felsefe\",\"potentialAction\":[{\"@type\":\"SearchAction\",\"target\":{\"@type\":\"EntryPoint\",\"urlTemplate\":\"https:\/\/narteks.net\/?s={search_term_string}\"},\"query-input\":{\"@type\":\"PropertyValueSpecification\",\"valueRequired\":true,\"valueName\":\"search_term_string\"}}],\"inLanguage\":\"tr\"},{\"@type\":\"Organization\",\"@id\":\"https:\/\/narteks.net\/#organization\",\"name\":\"narteks.net\",\"url\":\"https:\/\/narteks.net\/\",\"logo\":{\"@type\":\"ImageObject\",\"inLanguage\":\"tr\",\"@id\":\"https:\/\/narteks.net\/#\/schema\/logo\/image\/\",\"url\":\"https:\/\/narteks.net\/wp-content\/uploads\/narteks.png\",\"contentUrl\":\"https:\/\/narteks.net\/wp-content\/uploads\/narteks.png\",\"width\":300,\"height\":90,\"caption\":\"narteks.net\"},\"image\":{\"@id\":\"https:\/\/narteks.net\/#\/schema\/logo\/image\/\"},\"sameAs\":[\"https:\/\/x.com\/narteks\",\"https:\/\/instagram.com\/narteksnet\"]},{\"@type\":\"Person\",\"@id\":\"https:\/\/narteks.net\/#\/schema\/person\/61f37d9834294b72d31d274e7ed79bca\",\"name\":\"Tar\u0131k\",\"image\":{\"@type\":\"ImageObject\",\"inLanguage\":\"tr\",\"@id\":\"https:\/\/narteks.net\/#\/schema\/person\/image\/\",\"url\":\"https:\/\/secure.gravatar.com\/avatar\/50865afb55632c4ae467e0af0930f6510aa2297d8014be502a55b14f3b7550cf?s=96&d=mm&r=g\",\"contentUrl\":\"https:\/\/secure.gravatar.com\/avatar\/50865afb55632c4ae467e0af0930f6510aa2297d8014be502a55b14f3b7550cf?s=96&d=mm&r=g\",\"caption\":\"Tar\u0131k\"},\"sameAs\":[\"http:\/\/narteks.net\"],\"url\":\"https:\/\/narteks.net\/index.php\/author\/narbak\/\"}]}<\/script>\n<!-- \/ Yoast SEO Premium plugin. -->","yoast_head_json":{"title":"G\u00f6bekba\u011f\u0131 \/ Annelik \/ \u00d6zg\u00fcrl\u00fck ve Esaret | Ay\u015fe Kad\u0131o\u011flu - narteks.net","robots":{"index":"index","follow":"follow","max-snippet":"max-snippet:-1","max-image-preview":"max-image-preview:large","max-video-preview":"max-video-preview:-1"},"canonical":"https:\/\/narteks.net\/index.php\/2010\/01\/08\/gobekbagi-annelik-ozgurluk-ve-esaret-ayse-kadioglu\/","og_locale":"tr_TR","og_type":"article","og_title":"G\u00f6bekba\u011f\u0131 \/ Annelik \/ \u00d6zg\u00fcrl\u00fck ve Esaret | Ay\u015fe Kad\u0131o\u011flu","og_description":"Do\u011fum an\u0131, tasviri en \u00e7ok yap\u0131lm\u0131\u015f anlardan birisidir. Courbet&#8217;in &#8216;D\u00fcnyan\u0131n Kayna\u011f\u0131&#8217; isimli resmi ile do\u011fum an\u0131 aras\u0131ndaki mesafe bir saniyedir. Do\u011fum an\u0131 kad\u0131nl\u0131k durumunun i\u00e7inde ta\u015f\u0131d\u0131\u011f\u0131 tezatl\u0131\u011f\u0131n bir simulasyonu gibidir. Do\u011fum an\u0131, \u00f6zg\u00fcrl\u00fck ve esareti ayn\u0131 anda i\u00e7inde bar\u0131nd\u0131r\u0131r. Do\u011fan \u00e7ocuk g\u00f6bek ba\u011f\u0131n\u0131n kesilmesiyle \u00f6zg\u00fcr k\u0131l\u0131n\u0131rken, do\u011furan kad\u0131n da onun esiri olur. Yani bir anlamda [&hellip;]","og_url":"https:\/\/narteks.net\/index.php\/2010\/01\/08\/gobekbagi-annelik-ozgurluk-ve-esaret-ayse-kadioglu\/","og_site_name":"narteks.net","article_published_time":"2010-01-07T21:54:50+00:00","og_image":[{"width":300,"height":90,"url":"https:\/\/narteks.net\/wp-content\/uploads\/narteks.png","type":"image\/png"}],"author":"Tar\u0131k","twitter_card":"summary_large_image","twitter_creator":"@narteks","twitter_site":"@narteks","twitter_misc":{"Yazan:":"Tar\u0131k","Tahmini okuma s\u00fcresi":"7 dakika"},"schema":{"@context":"https:\/\/schema.org","@graph":[{"@type":"Article","@id":"https:\/\/narteks.net\/index.php\/2010\/01\/08\/gobekbagi-annelik-ozgurluk-ve-esaret-ayse-kadioglu\/#article","isPartOf":{"@id":"https:\/\/narteks.net\/index.php\/2010\/01\/08\/gobekbagi-annelik-ozgurluk-ve-esaret-ayse-kadioglu\/"},"author":{"name":"Tar\u0131k","@id":"https:\/\/narteks.net\/#\/schema\/person\/61f37d9834294b72d31d274e7ed79bca"},"headline":"G\u00f6bekba\u011f\u0131 \/ Annelik \/ \u00d6zg\u00fcrl\u00fck ve Esaret | Ay\u015fe Kad\u0131o\u011flu","datePublished":"2010-01-07T21:54:50+00:00","mainEntityOfPage":{"@id":"https:\/\/narteks.net\/index.php\/2010\/01\/08\/gobekbagi-annelik-ozgurluk-ve-esaret-ayse-kadioglu\/"},"wordCount":1358,"commentCount":0,"publisher":{"@id":"https:\/\/narteks.net\/#organization"},"articleSection":["Kad\u0131na Dair"],"inLanguage":"tr","potentialAction":[{"@type":"CommentAction","name":"Comment","target":["https:\/\/narteks.net\/index.php\/2010\/01\/08\/gobekbagi-annelik-ozgurluk-ve-esaret-ayse-kadioglu\/#respond"]}]},{"@type":"WebPage","@id":"https:\/\/narteks.net\/index.php\/2010\/01\/08\/gobekbagi-annelik-ozgurluk-ve-esaret-ayse-kadioglu\/","url":"https:\/\/narteks.net\/index.php\/2010\/01\/08\/gobekbagi-annelik-ozgurluk-ve-esaret-ayse-kadioglu\/","name":"G\u00f6bekba\u011f\u0131 \/ Annelik \/ \u00d6zg\u00fcrl\u00fck ve Esaret | Ay\u015fe Kad\u0131o\u011flu - narteks.net","isPartOf":{"@id":"https:\/\/narteks.net\/#website"},"datePublished":"2010-01-07T21:54:50+00:00","breadcrumb":{"@id":"https:\/\/narteks.net\/index.php\/2010\/01\/08\/gobekbagi-annelik-ozgurluk-ve-esaret-ayse-kadioglu\/#breadcrumb"},"inLanguage":"tr","potentialAction":[{"@type":"ReadAction","target":["https:\/\/narteks.net\/index.php\/2010\/01\/08\/gobekbagi-annelik-ozgurluk-ve-esaret-ayse-kadioglu\/"]}]},{"@type":"BreadcrumbList","@id":"https:\/\/narteks.net\/index.php\/2010\/01\/08\/gobekbagi-annelik-ozgurluk-ve-esaret-ayse-kadioglu\/#breadcrumb","itemListElement":[{"@type":"ListItem","position":1,"name":"Anasayfa","item":"https:\/\/narteks.net\/"},{"@type":"ListItem","position":2,"name":"G\u00f6bekba\u011f\u0131 \/ Annelik \/ \u00d6zg\u00fcrl\u00fck ve Esaret | Ay\u015fe Kad\u0131o\u011flu"}]},{"@type":"WebSite","@id":"https:\/\/narteks.net\/#website","url":"https:\/\/narteks.net\/","name":"narteks.net","description":"K\u00fclt\u00fcr Sanat Edebiyat Felsefe","publisher":{"@id":"https:\/\/narteks.net\/#organization"},"alternateName":"K\u00fclt\u00fcr Sanat Edebiyat Felsefe","potentialAction":[{"@type":"SearchAction","target":{"@type":"EntryPoint","urlTemplate":"https:\/\/narteks.net\/?s={search_term_string}"},"query-input":{"@type":"PropertyValueSpecification","valueRequired":true,"valueName":"search_term_string"}}],"inLanguage":"tr"},{"@type":"Organization","@id":"https:\/\/narteks.net\/#organization","name":"narteks.net","url":"https:\/\/narteks.net\/","logo":{"@type":"ImageObject","inLanguage":"tr","@id":"https:\/\/narteks.net\/#\/schema\/logo\/image\/","url":"https:\/\/narteks.net\/wp-content\/uploads\/narteks.png","contentUrl":"https:\/\/narteks.net\/wp-content\/uploads\/narteks.png","width":300,"height":90,"caption":"narteks.net"},"image":{"@id":"https:\/\/narteks.net\/#\/schema\/logo\/image\/"},"sameAs":["https:\/\/x.com\/narteks","https:\/\/instagram.com\/narteksnet"]},{"@type":"Person","@id":"https:\/\/narteks.net\/#\/schema\/person\/61f37d9834294b72d31d274e7ed79bca","name":"Tar\u0131k","image":{"@type":"ImageObject","inLanguage":"tr","@id":"https:\/\/narteks.net\/#\/schema\/person\/image\/","url":"https:\/\/secure.gravatar.com\/avatar\/50865afb55632c4ae467e0af0930f6510aa2297d8014be502a55b14f3b7550cf?s=96&d=mm&r=g","contentUrl":"https:\/\/secure.gravatar.com\/avatar\/50865afb55632c4ae467e0af0930f6510aa2297d8014be502a55b14f3b7550cf?s=96&d=mm&r=g","caption":"Tar\u0131k"},"sameAs":["http:\/\/narteks.net"],"url":"https:\/\/narteks.net\/index.php\/author\/narbak\/"}]}},"_links":{"self":[{"href":"https:\/\/narteks.net\/index.php\/wp-json\/wp\/v2\/posts\/3799","targetHints":{"allow":["GET"]}}],"collection":[{"href":"https:\/\/narteks.net\/index.php\/wp-json\/wp\/v2\/posts"}],"about":[{"href":"https:\/\/narteks.net\/index.php\/wp-json\/wp\/v2\/types\/post"}],"author":[{"embeddable":true,"href":"https:\/\/narteks.net\/index.php\/wp-json\/wp\/v2\/users\/1"}],"replies":[{"embeddable":true,"href":"https:\/\/narteks.net\/index.php\/wp-json\/wp\/v2\/comments?post=3799"}],"version-history":[{"count":0,"href":"https:\/\/narteks.net\/index.php\/wp-json\/wp\/v2\/posts\/3799\/revisions"}],"wp:attachment":[{"href":"https:\/\/narteks.net\/index.php\/wp-json\/wp\/v2\/media?parent=3799"}],"wp:term":[{"taxonomy":"category","embeddable":true,"href":"https:\/\/narteks.net\/index.php\/wp-json\/wp\/v2\/categories?post=3799"},{"taxonomy":"post_tag","embeddable":true,"href":"https:\/\/narteks.net\/index.php\/wp-json\/wp\/v2\/tags?post=3799"}],"curies":[{"name":"wp","href":"https:\/\/api.w.org\/{rel}","templated":true}]}}