{"id":382,"date":"2009-03-10T15:29:55","date_gmt":"2009-03-10T12:29:55","guid":{"rendered":"http:\/\/localhost\/wordpress\/2009\/03\/10\/f-engels-marksin-mezari-basindaki-konusma\/"},"modified":"2009-03-10T15:29:55","modified_gmt":"2009-03-10T12:29:55","slug":"f-engels-marksin-mezari-basindaki-konusma","status":"publish","type":"post","link":"https:\/\/narteks.net\/index.php\/2009\/03\/10\/f-engels-marksin-mezari-basindaki-konusma\/","title":{"rendered":"F. Engels: Marks&#8217;\u0131n Mezar\u0131 Ba\u015f\u0131ndaki Konu\u015fma"},"content":{"rendered":"<p align=\"left\"><strong><img loading=\"lazy\" decoding=\"async\" src=\"images\/stories\/engels.jpg\" border=\"0\" width=\"155\" height=\"205\" style=\"float: left;\" \/><\/strong><\/p>\n<div style=\"text-align: justify;\">14 Mart g\u00fcn\u00fc, \t\t\t\t\t\u00f6\u011fleden sonra \u00fc\u00e7e \u00e7eyrek kala, \t\t\t\t\tya\u015fayan d\u00fc\u015f\u00fcn\u00fcrlerin en b\u00fcy\u00fc\u011f\u00fc \t\t\t\t\tart\u0131k d\u00fc\u015f\u00fcnmez oldu. Ancak iki dakika yaln\u0131z \t\t\t\t\tb\u0131rakt\u0131ktan sonra, odaya girince, onu koltu\u011funda \t\t\t\t\trahat rahat, ama sonsuzlu\u011fa dek, uyumu\u015f bulduk.<\/div>\n<div style=\"text-align: justify;\"><\/div>\n<div style=\"text-align: justify;\">Avrupa ve Amerika militan proletaryas\u0131n\u0131n \t\t\t\t\tbu adamda yitirmi\u015f bulundu\u011fu \u015fey, tarihsel \t\t\t\t\tbilimin bu adamda yitirmi\u015f bulundu\u011fu \u015fey, \t\t\t\t\t\u00f6l\u00e7\u00fclemez. Bu devin \u00f6l\u00fcm\u00fc ile \t\t\t\t\tb\u0131rak\u0131lan bo\u015fluk, kendini duyumsatmakta \t\t\t\t\tgecikmeyecek.<\/div>\n<div style=\"text-align: justify;\"><\/div>\n<div style=\"text-align: justify;\">Nas\u0131l ki Darwin \t\t\t\t\torganik do\u011fan\u0131n geli\u015fme yasas\u0131n\u0131 \t\t\t\t\tbulduysa, Marx da insan tarihinin geli\u015fme yasas\u0131n\u0131, \t\t\t\t\tyani insanlar\u0131n, siyaset, bilim, sanat, din, vb. ile \t\t\t\t\tu\u011fra\u015fabilmelerinden \u00f6nce, ilkin yemeleri, \t\t\t\t\ti\u00e7meleri, bar\u0131nmalar\u0131 ve giyinmeleri gerekti\u011fi; \t\t\t\t\tbunun sonucu, maddi ilksel ya\u015fama ara\u00e7lar\u0131n\u0131n \t\t\t\t\t\u00fcretimi ve, b\u00f6ylece, bir halk ya da bir d\u00f6nemin \t\t\t\t\ther iktisadi geli\u015fme derecesinin, devlet kurumlar\u0131n\u0131n, \t\t\t\t\thukuksal g\u00f6r\u00fc\u015flerin, sanat\u0131n ve hatta \t\t\t\t\ts\u00f6zkonusu insanlar\u0131n dinsel fikirlerinin \u00fczerinde \t\t\t\t\tgeli\u015fmi\u015f bulunduklar\u0131 temeli olu\u015fturduklar\u0131 \t\t\t\t\tve, buna g\u00f6re, b\u00fct\u00fcn bunlar\u0131n \u015fimdiye \t\t\t\t\tde\u011fin yap\u0131ld\u0131\u011f\u0131 gibi de\u011fil, ama \t\t\t\t\ttersine, bu temele dayanarak a\u00e7\u0131klamak gerekti\u011fi \t\t\t\t\tyolundaki, daha \u00f6nce ideolojik bir sa\u00e7mal\u0131klar \t\t\t\t\ty\u0131\u011f\u0131n\u0131 alt\u0131nda \u00fcst\u00fc \u00f6rt\u00fclm\u00fc\u015f \t\t\t\t\tbulunan o temel olguyu buldu.<\/div>\n<div style=\"text-align: justify;\"><\/div>\n<div style=\"text-align: justify;\">Ama hepsi \t\t\t\t\tbu de\u011fil. Marx g\u00fcn\u00fcm\u00fcz kapitalist \u00fcretim \t\t\t\t\ttarz\u0131 ile onun sonucu olan burjuva toplumun \u00f6zel \t\t\t\t\thareket yasas\u0131n\u0131 da buldu. Art\u0131-de\u011ferin \t\t\t\t\tbulunmas\u0131, sonunda, bu konuyu ayd\u0131nlatt\u0131; oysa, \t\t\t\t\tburjuva iktisat\u00e7\u0131lar\u0131n oldu\u011fu kadar \t\t\t\t\tsosyalist ele\u015ftiricilerin de daha \u00f6nceki b\u00fct\u00fcn \t\t\t\t\tara\u015ft\u0131rmalar\u0131, karanl\u0131klar i\u00e7inde \t\t\t\t\tyitip gitmi\u015flerdi.<\/div>\n<div style=\"text-align: justify;\"><\/div>\n<div style=\"text-align: justify;\">Bu t\u00fcrl\u00fc \t\t\t\t\tiki bulgu koca bir ya\u015fam i\u00e7in yeterdi. Kendisine \t\t\t\t\tb\u00f6yle bir tek bulu\u015f yapma nasip olana ne mutlu! Ama \t\t\t\t\tMarx ara\u015ft\u0131rmada bulundu\u011fu her alanda (bu \t\t\t\t\talanlann say\u0131s\u0131 \u00e7oktur ve bir teki bile \t\t\t\t\ty\u00fczeysel irdelemelerin konusu olmam\u0131\u015ft\u0131r), \t\t\t\t\thatte matematik alan\u0131nda bile, \u00f6zg\u00fcn bulu\u015flar \t\t\t\t\tyapt\u0131.<\/div>\n<div style=\"text-align: justify;\">Bilim adam\u0131 olarak, \t\t\t\t\tbuydu. Ama onun etkinli\u011finde as\u0131l \u00f6nemli olan, \t\t\t\t\thi\u00e7 de bu de\u011fildi. Marx i\u00e7in bilim, tarihi \t\t\t\t\tetkinli\u011fe ge\u00e7iren bir g\u00fc\u00e7, devrimci bir \t\t\t\t\tg\u00fc\u00e7t\u00fc. Pratik uygulamas\u0131n\u0131n \t\t\t\t\td\u00fc\u015f\u00fcn\u00fclmesi belki de olanaks\u0131z olan \t\t\t\t\therhangi bir teorik bilimdeki bir bulgudan duyabilece\u011fi \t\t\t\t\tsevin\u00e7 ne denli kat\u0131ks\u0131z olursa olsun, sanayi \t\t\t\t\ti\u00e7in, ya da genel olarak tarihsel geli\u015fme i\u00e7in \t\t\t\t\tdo\u011frudan do\u011fruya devrimci bir \u00f6nem ta\u015f\u0131yan \t\t\t\t\tbir bulgu s\u00f6zkonusu oldu\u011fu zaman duydu\u011fu sevin\u00e7 \t\t\t\t\tbamba\u015fkayd\u0131. B\u00f6ylece Marx, elektrik alan\u0131ndaki \t\t\t\t\tbulgular\u0131n geli\u015fmesini ve, daha \u015fu son g\u00fcnlerde, \t\t\t\t\tMarcel Deprez&#8217;in \u00e7al\u0131\u015fmalar\u0131n\u0131 \u00e7ok \t\t\t\t\tdikkatli bir bi\u00e7imde izliyordu.<\/div>\n<div style=\"text-align: justify;\"><\/div>\n<div style=\"text-align: justify;\">\u00c7\u00fcnk\u00fc Marx, her \u015feyden \u00f6nce bir \t\t\t\t\tdevrimciydi. Kapitalist toplum ile onun yaratm\u0131\u015f \t\t\t\t\tbulundu\u011fu devlet kurumlar\u0131n\u0131n y\u0131k\u0131lmas\u0131na \t\t\t\t\t\u015fu ya da bu bi\u00e7imde katk\u0131da bulunmak, kendi \u00f6z \t\t\t\t\tdurumunun ve gereksinmelerinin bilincini, kendi kurtulu\u015f \t\t\t\t\tko\u015fullar\u0131n\u0131n bilincini kendisine ilk onun vermi\u015f \t\t\t\t\tbulundu\u011fu modern proletaryan\u0131n kurtulu\u015funa \t\t\t\t\tyard\u0131mda bulunmak, onun ger\u00e7ek y\u00f6nelimi i\u015fte \t\t\t\t\tbuydu. Sava\u015f\u0131m onun en sevdi\u011fi aland\u0131. Ender \t\t\t\t\tg\u00f6r\u00fcl\u00fcr bir tutku, bir direngenlik ve bir ba\u015far\u0131 \t\t\t\t\tile sava\u015ft\u0131 o. 1842&#8217;de birinci Rheinische Zeitung&#8217;a, \t\t\t\t\t1844&#8217;te Paris&#8217;teki Worw\u00e4rts&#8217;a, 1847&#8217;de Br\u00fcksel&#8217;deki \t\t\t\t\tDeutsche-Br\u00fcsseler-Zeitung&#8217;a, 1848-1849&#8217;da Neue Rheinische \t\t\t\t\tZeitung&#8217;a 1852&#8217;den 1861&#8217;e de\u011fin New York Tribune&#8217;e katk\u0131, \t\t\t\t\tayr\u0131ca, bir s\u00fcr\u00fc kavga bro\u015f\u00fcr\u00fcn\u00fcn \t\t\t\t\tyay\u0131nlanmas\u0131, t\u00fcm yap\u0131t\u0131n\u0131n doru\u011fu \t\t\t\t\tolan b\u00fcy\u00fck Uluslararasi Emek\u00e7iler Derne\u011finin \t\t\t\t\tkurulu\u015funa de\u011fin Paris, Br\u00fcksel ve Londra&#8217;da \t\t\t\t\t\u00e7al\u0131\u015fma, i\u015fte, e\u011fer ba\u015fka hi\u00e7bir \t\t\t\t\t\u015fey yapmasayd\u0131 bile, yap\u0131c\u0131s\u0131n\u0131n \t\t\t\t\tgurur duyabilece\u011fi sonu\u00e7lar.<\/div>\n<div style=\"text-align: justify;\"><\/div>\n<div style=\"text-align: justify;\">Marx, i\u015fte bu y\u00fczden zaman\u0131n\u0131n en sevilmeyen \t\t\t\t\tve en \u00e7ok kara\u00e7al\u0131nan adam\u0131 oldu. \t\t\t\t\tMutlakiyet\u00e7i oldu\u011fu kadar cumhuriyet\u00e7i \t\t\t\t\th\u00fck\u00fcmetler de kovdular onu; tutucu burjuvalar ile \t\t\t\t\ta\u015f\u0131r\u0131 demokratlar onu kara\u00e7alma ve \t\t\t\t\tkarg\u0131\u015flara bo\u011fmakta birbirleri ile \t\t\t\t\tyar\u0131\u015f\u0131yorlard\u0131. O b\u00fct\u00fcn bunlar\u0131, \t\t\t\t\thi\u00e7 ald\u0131rmaks\u0131z\u0131n, \u00f6r\u00fcmcek \t\t\t\t\ta\u011flar\u0131 gibi yolunun d\u0131\u015f\u0131na at\u0131yor \t\t\t\t\tve ancak \u00e7ok zorunlu durumlarda yan\u0131tl\u0131yordu. \t\t\t\t\tSibirya madenlerinden Kaliforniya&#8217;ya de\u011fin, Avrupa ve \t\t\t\t\tAmerika&#8217;n\u0131n her yan\u0131na da\u011f\u0131lm\u0131\u015f, \t\t\t\t\tt\u00fcm d\u00fcnyan\u0131n milyonlarca devrimci militan\u0131 \t\t\t\t\ttaraf\u0131ndan ululanm\u0131\u015f, sevilmi\u015f ve aklanm\u0131\u015f \t\t\t\t\tolarak \u00f6ld\u00fc o. Ve ben \u00e7ekinmeden s\u00f6yleyebilirim \t\t\t\t\tki, onun bir\u00e7ok kar\u015f\u0131-d\u00fc\u015f\u00fcncede \t\t\t\t\tolan hasm\u0131 olabilirdi, ama ki\u015fisel d\u00fc\u015fman\u0131 \t\t\t\t\tpek o kadar yoktu.<\/div>\n<div style=\"text-align: justify;\">Ad\u0131 y\u00fczy\u0131llar \t\t\t\t\tboyunca ya\u015fayacak, yap\u0131t\u0131 da!<\/div>\n<p><span style=\"font-size: x-small;\">17 \t\t\t\t\tMart 1883 g\u00fcn\u00fc Highgate&#8217;de Engels taraf\u0131ndan \t\t\t\t\t\u0130ngilizce yap\u0131lan konu\u015fma <\/p>\n<p>Almanca \t\t\t\t\tolarak, 22 Mart 1883 g\u00fcnl\u00fc <em>Social-Demokrat<\/em>&#8216;\u0131n \t\t\t\t\t13. say\u0131s\u0131nda yay\u0131nlanm\u0131\u015ft\u0131r<\/span> <\/p>\n<p><span style=\"font-size: xx-small;\">(Marks-Engels: Se\u00e7me Yap\u0131tlar, \t\t\t\t\t<br \/>Cilt: 3, s:196-198, Birinci Bask\u0131, Sol Yay\u0131nlar\u0131, \t\t\t\t\tAral\u0131k 1979)<\/span><\/p>\n","protected":false},"excerpt":{"rendered":"<p>14 Mart g\u00fcn\u00fc, \u00f6\u011fleden sonra \u00fc\u00e7e \u00e7eyrek kala, ya\u015fayan d\u00fc\u015f\u00fcn\u00fcrlerin en b\u00fcy\u00fc\u011f\u00fc art\u0131k d\u00fc\u015f\u00fcnmez oldu. Ancak iki dakika yaln\u0131z b\u0131rakt\u0131ktan sonra, odaya girince, onu koltu\u011funda rahat rahat, ama sonsuzlu\u011fa dek, uyumu\u015f bulduk. Avrupa ve Amerika militan proletaryas\u0131n\u0131n bu adamda yitirmi\u015f bulundu\u011fu \u015fey, tarihsel bilimin bu adamda yitirmi\u015f bulundu\u011fu \u015fey, \u00f6l\u00e7\u00fclemez. Bu devin \u00f6l\u00fcm\u00fc ile b\u0131rak\u0131lan [&hellip;]<\/p>\n","protected":false},"author":1,"featured_media":0,"comment_status":"open","ping_status":"open","sticky":false,"template":"","format":"standard","meta":{"footnotes":""},"categories":[33],"tags":[],"class_list":{"0":"post-382","1":"post","2":"type-post","3":"status-publish","4":"format-standard","6":"category-karl-marx-friedrich-engels-arsivi"},"yoast_head":"<!-- This site is optimized with the Yoast SEO Premium plugin v24.9 (Yoast SEO v24.9) - https:\/\/yoast.com\/wordpress\/plugins\/seo\/ -->\n<title>F. Engels: Marks&#039;\u0131n Mezar\u0131 Ba\u015f\u0131ndaki Konu\u015fma - narteks.net<\/title>\n<meta name=\"robots\" content=\"index, follow, max-snippet:-1, max-image-preview:large, max-video-preview:-1\" \/>\n<link rel=\"canonical\" href=\"https:\/\/narteks.net\/index.php\/2009\/03\/10\/f-engels-marksin-mezari-basindaki-konusma\/\" \/>\n<meta property=\"og:locale\" content=\"tr_TR\" \/>\n<meta property=\"og:type\" content=\"article\" \/>\n<meta property=\"og:title\" content=\"F. Engels: Marks&#039;\u0131n Mezar\u0131 Ba\u015f\u0131ndaki Konu\u015fma\" \/>\n<meta property=\"og:description\" content=\"14 Mart g\u00fcn\u00fc, \u00f6\u011fleden sonra \u00fc\u00e7e \u00e7eyrek kala, ya\u015fayan d\u00fc\u015f\u00fcn\u00fcrlerin en b\u00fcy\u00fc\u011f\u00fc art\u0131k d\u00fc\u015f\u00fcnmez oldu. Ancak iki dakika yaln\u0131z b\u0131rakt\u0131ktan sonra, odaya girince, onu koltu\u011funda rahat rahat, ama sonsuzlu\u011fa dek, uyumu\u015f bulduk. Avrupa ve Amerika militan proletaryas\u0131n\u0131n bu adamda yitirmi\u015f bulundu\u011fu \u015fey, tarihsel bilimin bu adamda yitirmi\u015f bulundu\u011fu \u015fey, \u00f6l\u00e7\u00fclemez. Bu devin \u00f6l\u00fcm\u00fc ile b\u0131rak\u0131lan [&hellip;]\" \/>\n<meta property=\"og:url\" content=\"https:\/\/narteks.net\/index.php\/2009\/03\/10\/f-engels-marksin-mezari-basindaki-konusma\/\" \/>\n<meta property=\"og:site_name\" content=\"narteks.net\" \/>\n<meta property=\"article:published_time\" content=\"2009-03-10T12:29:55+00:00\" \/>\n<meta property=\"og:image\" content=\"https:\/\/narteks.net\/wp-content\/uploads\/narteks.png\" \/>\n\t<meta property=\"og:image:width\" content=\"300\" \/>\n\t<meta property=\"og:image:height\" content=\"90\" \/>\n\t<meta property=\"og:image:type\" content=\"image\/png\" \/>\n<meta name=\"author\" content=\"Tar\u0131k\" \/>\n<meta name=\"twitter:card\" content=\"summary_large_image\" \/>\n<meta name=\"twitter:creator\" content=\"@narteks\" \/>\n<meta name=\"twitter:site\" content=\"@narteks\" \/>\n<meta name=\"twitter:label1\" content=\"Yazan:\" \/>\n\t<meta name=\"twitter:data1\" content=\"Tar\u0131k\" \/>\n\t<meta name=\"twitter:label2\" content=\"Tahmini okuma s\u00fcresi\" \/>\n\t<meta name=\"twitter:data2\" content=\"4 dakika\" \/>\n<script type=\"application\/ld+json\" class=\"yoast-schema-graph\">{\"@context\":\"https:\/\/schema.org\",\"@graph\":[{\"@type\":\"Article\",\"@id\":\"https:\/\/narteks.net\/index.php\/2009\/03\/10\/f-engels-marksin-mezari-basindaki-konusma\/#article\",\"isPartOf\":{\"@id\":\"https:\/\/narteks.net\/index.php\/2009\/03\/10\/f-engels-marksin-mezari-basindaki-konusma\/\"},\"author\":{\"name\":\"Tar\u0131k\",\"@id\":\"https:\/\/narteks.net\/#\/schema\/person\/61f37d9834294b72d31d274e7ed79bca\"},\"headline\":\"F. Engels: Marks&#8217;\u0131n Mezar\u0131 Ba\u015f\u0131ndaki Konu\u015fma\",\"datePublished\":\"2009-03-10T12:29:55+00:00\",\"mainEntityOfPage\":{\"@id\":\"https:\/\/narteks.net\/index.php\/2009\/03\/10\/f-engels-marksin-mezari-basindaki-konusma\/\"},\"wordCount\":829,\"commentCount\":0,\"publisher\":{\"@id\":\"https:\/\/narteks.net\/#organization\"},\"articleSection\":[\"Karl Marx - Friedrich Engels Ar\u015fivi\"],\"inLanguage\":\"tr\",\"potentialAction\":[{\"@type\":\"CommentAction\",\"name\":\"Comment\",\"target\":[\"https:\/\/narteks.net\/index.php\/2009\/03\/10\/f-engels-marksin-mezari-basindaki-konusma\/#respond\"]}]},{\"@type\":\"WebPage\",\"@id\":\"https:\/\/narteks.net\/index.php\/2009\/03\/10\/f-engels-marksin-mezari-basindaki-konusma\/\",\"url\":\"https:\/\/narteks.net\/index.php\/2009\/03\/10\/f-engels-marksin-mezari-basindaki-konusma\/\",\"name\":\"F. Engels: Marks'\u0131n Mezar\u0131 Ba\u015f\u0131ndaki Konu\u015fma - narteks.net\",\"isPartOf\":{\"@id\":\"https:\/\/narteks.net\/#website\"},\"datePublished\":\"2009-03-10T12:29:55+00:00\",\"breadcrumb\":{\"@id\":\"https:\/\/narteks.net\/index.php\/2009\/03\/10\/f-engels-marksin-mezari-basindaki-konusma\/#breadcrumb\"},\"inLanguage\":\"tr\",\"potentialAction\":[{\"@type\":\"ReadAction\",\"target\":[\"https:\/\/narteks.net\/index.php\/2009\/03\/10\/f-engels-marksin-mezari-basindaki-konusma\/\"]}]},{\"@type\":\"BreadcrumbList\",\"@id\":\"https:\/\/narteks.net\/index.php\/2009\/03\/10\/f-engels-marksin-mezari-basindaki-konusma\/#breadcrumb\",\"itemListElement\":[{\"@type\":\"ListItem\",\"position\":1,\"name\":\"Anasayfa\",\"item\":\"https:\/\/narteks.net\/\"},{\"@type\":\"ListItem\",\"position\":2,\"name\":\"F. Engels: Marks&#8217;\u0131n Mezar\u0131 Ba\u015f\u0131ndaki Konu\u015fma\"}]},{\"@type\":\"WebSite\",\"@id\":\"https:\/\/narteks.net\/#website\",\"url\":\"https:\/\/narteks.net\/\",\"name\":\"narteks.net\",\"description\":\"K\u00fclt\u00fcr Sanat Edebiyat Felsefe\",\"publisher\":{\"@id\":\"https:\/\/narteks.net\/#organization\"},\"alternateName\":\"K\u00fclt\u00fcr Sanat Edebiyat Felsefe\",\"potentialAction\":[{\"@type\":\"SearchAction\",\"target\":{\"@type\":\"EntryPoint\",\"urlTemplate\":\"https:\/\/narteks.net\/?s={search_term_string}\"},\"query-input\":{\"@type\":\"PropertyValueSpecification\",\"valueRequired\":true,\"valueName\":\"search_term_string\"}}],\"inLanguage\":\"tr\"},{\"@type\":\"Organization\",\"@id\":\"https:\/\/narteks.net\/#organization\",\"name\":\"narteks.net\",\"url\":\"https:\/\/narteks.net\/\",\"logo\":{\"@type\":\"ImageObject\",\"inLanguage\":\"tr\",\"@id\":\"https:\/\/narteks.net\/#\/schema\/logo\/image\/\",\"url\":\"https:\/\/narteks.net\/wp-content\/uploads\/narteks.png\",\"contentUrl\":\"https:\/\/narteks.net\/wp-content\/uploads\/narteks.png\",\"width\":300,\"height\":90,\"caption\":\"narteks.net\"},\"image\":{\"@id\":\"https:\/\/narteks.net\/#\/schema\/logo\/image\/\"},\"sameAs\":[\"https:\/\/x.com\/narteks\",\"https:\/\/instagram.com\/narteksnet\"]},{\"@type\":\"Person\",\"@id\":\"https:\/\/narteks.net\/#\/schema\/person\/61f37d9834294b72d31d274e7ed79bca\",\"name\":\"Tar\u0131k\",\"image\":{\"@type\":\"ImageObject\",\"inLanguage\":\"tr\",\"@id\":\"https:\/\/narteks.net\/#\/schema\/person\/image\/\",\"url\":\"https:\/\/secure.gravatar.com\/avatar\/50865afb55632c4ae467e0af0930f6510aa2297d8014be502a55b14f3b7550cf?s=96&d=mm&r=g\",\"contentUrl\":\"https:\/\/secure.gravatar.com\/avatar\/50865afb55632c4ae467e0af0930f6510aa2297d8014be502a55b14f3b7550cf?s=96&d=mm&r=g\",\"caption\":\"Tar\u0131k\"},\"sameAs\":[\"http:\/\/narteks.net\"],\"url\":\"https:\/\/narteks.net\/index.php\/author\/narbak\/\"}]}<\/script>\n<!-- \/ Yoast SEO Premium plugin. -->","yoast_head_json":{"title":"F. Engels: Marks'\u0131n Mezar\u0131 Ba\u015f\u0131ndaki Konu\u015fma - narteks.net","robots":{"index":"index","follow":"follow","max-snippet":"max-snippet:-1","max-image-preview":"max-image-preview:large","max-video-preview":"max-video-preview:-1"},"canonical":"https:\/\/narteks.net\/index.php\/2009\/03\/10\/f-engels-marksin-mezari-basindaki-konusma\/","og_locale":"tr_TR","og_type":"article","og_title":"F. Engels: Marks'\u0131n Mezar\u0131 Ba\u015f\u0131ndaki Konu\u015fma","og_description":"14 Mart g\u00fcn\u00fc, \u00f6\u011fleden sonra \u00fc\u00e7e \u00e7eyrek kala, ya\u015fayan d\u00fc\u015f\u00fcn\u00fcrlerin en b\u00fcy\u00fc\u011f\u00fc art\u0131k d\u00fc\u015f\u00fcnmez oldu. Ancak iki dakika yaln\u0131z b\u0131rakt\u0131ktan sonra, odaya girince, onu koltu\u011funda rahat rahat, ama sonsuzlu\u011fa dek, uyumu\u015f bulduk. Avrupa ve Amerika militan proletaryas\u0131n\u0131n bu adamda yitirmi\u015f bulundu\u011fu \u015fey, tarihsel bilimin bu adamda yitirmi\u015f bulundu\u011fu \u015fey, \u00f6l\u00e7\u00fclemez. Bu devin \u00f6l\u00fcm\u00fc ile b\u0131rak\u0131lan [&hellip;]","og_url":"https:\/\/narteks.net\/index.php\/2009\/03\/10\/f-engels-marksin-mezari-basindaki-konusma\/","og_site_name":"narteks.net","article_published_time":"2009-03-10T12:29:55+00:00","og_image":[{"width":300,"height":90,"url":"https:\/\/narteks.net\/wp-content\/uploads\/narteks.png","type":"image\/png"}],"author":"Tar\u0131k","twitter_card":"summary_large_image","twitter_creator":"@narteks","twitter_site":"@narteks","twitter_misc":{"Yazan:":"Tar\u0131k","Tahmini okuma s\u00fcresi":"4 dakika"},"schema":{"@context":"https:\/\/schema.org","@graph":[{"@type":"Article","@id":"https:\/\/narteks.net\/index.php\/2009\/03\/10\/f-engels-marksin-mezari-basindaki-konusma\/#article","isPartOf":{"@id":"https:\/\/narteks.net\/index.php\/2009\/03\/10\/f-engels-marksin-mezari-basindaki-konusma\/"},"author":{"name":"Tar\u0131k","@id":"https:\/\/narteks.net\/#\/schema\/person\/61f37d9834294b72d31d274e7ed79bca"},"headline":"F. Engels: Marks&#8217;\u0131n Mezar\u0131 Ba\u015f\u0131ndaki Konu\u015fma","datePublished":"2009-03-10T12:29:55+00:00","mainEntityOfPage":{"@id":"https:\/\/narteks.net\/index.php\/2009\/03\/10\/f-engels-marksin-mezari-basindaki-konusma\/"},"wordCount":829,"commentCount":0,"publisher":{"@id":"https:\/\/narteks.net\/#organization"},"articleSection":["Karl Marx - Friedrich Engels Ar\u015fivi"],"inLanguage":"tr","potentialAction":[{"@type":"CommentAction","name":"Comment","target":["https:\/\/narteks.net\/index.php\/2009\/03\/10\/f-engels-marksin-mezari-basindaki-konusma\/#respond"]}]},{"@type":"WebPage","@id":"https:\/\/narteks.net\/index.php\/2009\/03\/10\/f-engels-marksin-mezari-basindaki-konusma\/","url":"https:\/\/narteks.net\/index.php\/2009\/03\/10\/f-engels-marksin-mezari-basindaki-konusma\/","name":"F. Engels: Marks'\u0131n Mezar\u0131 Ba\u015f\u0131ndaki Konu\u015fma - narteks.net","isPartOf":{"@id":"https:\/\/narteks.net\/#website"},"datePublished":"2009-03-10T12:29:55+00:00","breadcrumb":{"@id":"https:\/\/narteks.net\/index.php\/2009\/03\/10\/f-engels-marksin-mezari-basindaki-konusma\/#breadcrumb"},"inLanguage":"tr","potentialAction":[{"@type":"ReadAction","target":["https:\/\/narteks.net\/index.php\/2009\/03\/10\/f-engels-marksin-mezari-basindaki-konusma\/"]}]},{"@type":"BreadcrumbList","@id":"https:\/\/narteks.net\/index.php\/2009\/03\/10\/f-engels-marksin-mezari-basindaki-konusma\/#breadcrumb","itemListElement":[{"@type":"ListItem","position":1,"name":"Anasayfa","item":"https:\/\/narteks.net\/"},{"@type":"ListItem","position":2,"name":"F. Engels: Marks&#8217;\u0131n Mezar\u0131 Ba\u015f\u0131ndaki Konu\u015fma"}]},{"@type":"WebSite","@id":"https:\/\/narteks.net\/#website","url":"https:\/\/narteks.net\/","name":"narteks.net","description":"K\u00fclt\u00fcr Sanat Edebiyat Felsefe","publisher":{"@id":"https:\/\/narteks.net\/#organization"},"alternateName":"K\u00fclt\u00fcr Sanat Edebiyat Felsefe","potentialAction":[{"@type":"SearchAction","target":{"@type":"EntryPoint","urlTemplate":"https:\/\/narteks.net\/?s={search_term_string}"},"query-input":{"@type":"PropertyValueSpecification","valueRequired":true,"valueName":"search_term_string"}}],"inLanguage":"tr"},{"@type":"Organization","@id":"https:\/\/narteks.net\/#organization","name":"narteks.net","url":"https:\/\/narteks.net\/","logo":{"@type":"ImageObject","inLanguage":"tr","@id":"https:\/\/narteks.net\/#\/schema\/logo\/image\/","url":"https:\/\/narteks.net\/wp-content\/uploads\/narteks.png","contentUrl":"https:\/\/narteks.net\/wp-content\/uploads\/narteks.png","width":300,"height":90,"caption":"narteks.net"},"image":{"@id":"https:\/\/narteks.net\/#\/schema\/logo\/image\/"},"sameAs":["https:\/\/x.com\/narteks","https:\/\/instagram.com\/narteksnet"]},{"@type":"Person","@id":"https:\/\/narteks.net\/#\/schema\/person\/61f37d9834294b72d31d274e7ed79bca","name":"Tar\u0131k","image":{"@type":"ImageObject","inLanguage":"tr","@id":"https:\/\/narteks.net\/#\/schema\/person\/image\/","url":"https:\/\/secure.gravatar.com\/avatar\/50865afb55632c4ae467e0af0930f6510aa2297d8014be502a55b14f3b7550cf?s=96&d=mm&r=g","contentUrl":"https:\/\/secure.gravatar.com\/avatar\/50865afb55632c4ae467e0af0930f6510aa2297d8014be502a55b14f3b7550cf?s=96&d=mm&r=g","caption":"Tar\u0131k"},"sameAs":["http:\/\/narteks.net"],"url":"https:\/\/narteks.net\/index.php\/author\/narbak\/"}]}},"_links":{"self":[{"href":"https:\/\/narteks.net\/index.php\/wp-json\/wp\/v2\/posts\/382","targetHints":{"allow":["GET"]}}],"collection":[{"href":"https:\/\/narteks.net\/index.php\/wp-json\/wp\/v2\/posts"}],"about":[{"href":"https:\/\/narteks.net\/index.php\/wp-json\/wp\/v2\/types\/post"}],"author":[{"embeddable":true,"href":"https:\/\/narteks.net\/index.php\/wp-json\/wp\/v2\/users\/1"}],"replies":[{"embeddable":true,"href":"https:\/\/narteks.net\/index.php\/wp-json\/wp\/v2\/comments?post=382"}],"version-history":[{"count":0,"href":"https:\/\/narteks.net\/index.php\/wp-json\/wp\/v2\/posts\/382\/revisions"}],"wp:attachment":[{"href":"https:\/\/narteks.net\/index.php\/wp-json\/wp\/v2\/media?parent=382"}],"wp:term":[{"taxonomy":"category","embeddable":true,"href":"https:\/\/narteks.net\/index.php\/wp-json\/wp\/v2\/categories?post=382"},{"taxonomy":"post_tag","embeddable":true,"href":"https:\/\/narteks.net\/index.php\/wp-json\/wp\/v2\/tags?post=382"}],"curies":[{"name":"wp","href":"https:\/\/api.w.org\/{rel}","templated":true}]}}