{"id":39,"date":"2009-02-27T14:13:33","date_gmt":"2009-02-27T11:13:33","guid":{"rendered":"http:\/\/localhost\/wordpress\/2009\/02\/27\/yurdum-benim-sah-damarim\/"},"modified":"2009-02-27T14:13:33","modified_gmt":"2009-02-27T11:13:33","slug":"yurdum-benim-sah-damarim","status":"publish","type":"post","link":"https:\/\/narteks.net\/index.php\/2009\/02\/27\/yurdum-benim-sah-damarim\/","title":{"rendered":"YURDUM BENIM \u015eAH DAMARIM"},"content":{"rendered":"<p>\u00a0<\/p>\n<p><span>Engere\u011fin di\u015flerine i\u015fledim,<br \/> A\u011fu di\u015flerine<br \/> Oluklu, \u00e7entik&#8230;<br \/> Ve vurgun,<br \/> G\u00f6zleri bir \u00e7ift cehennem<br \/> Burnuna kan t\u00fctm\u00fc\u015f<br \/> Pars b\u0131y\u0131\u011f\u0131na&#8230;<br \/> Da\u011f\u0131n pulat y\u00fcre\u011fine i\u015fledim,<br \/> \u015eim\u015fe\u011fin masmavi usturas\u0131na<br \/> Sevdan\u0131 usul-usul<br \/> Sevdan\u0131 m\u0131sra-m\u0131sra<br \/> Lo ben seni hapislerde sevmi\u015fim,<br \/> Ben seni s\u00fcrg\u00fcnlerde.<br \/> Yurdum benim \u015fahdamar\u0131m&#8230;<\/p>\n<p> Y\u00fccende buzul<br \/> Ve kar,<br \/> Mavi\u015f da\u011f tav\u015fanlar\u0131<br \/> G\u00fcn vuranda alaran<br \/> Zemheri y\u0131lanlar\u0131<br \/> Ve yahut bir h\u0131\u015f\u0131mla<br \/> \u00d6yle \u00e7ak\u0131lan<br \/> Sonsuzlu\u011fun yak\u0131\u015f\u0131\u011f\u0131 kartallar.<br \/> <\/span><\/p>\n<p><span>&#8230;<\/span><\/p>\n<p><span><br \/> Ba\u015f\u0131m g\u00f6z\u00fcm \u00fcst\u00fcnesin<br \/> Suskum, avaz\u0131m \u00fcst\u00fcne&#8230;<br \/> Ad\u0131ndan ba\u015fka silah<br \/> Yazg\u0131ndan ba\u015fka g\u00fcnah<br \/> Daha yazmam\u0131\u015f<br \/> Hi\u00e7bir gizli dosyada<br \/> Hi\u00e7bir a\u00e7\u0131k kitapta. <\/span><\/p>\n<p>Ahmed AR\u0130F<\/p>\n","protected":false},"excerpt":{"rendered":"<p>\u00a0 Engere\u011fin di\u015flerine i\u015fledim, A\u011fu di\u015flerine Oluklu, \u00e7entik&#8230; Ve vurgun, G\u00f6zleri bir \u00e7ift cehennem Burnuna kan t\u00fctm\u00fc\u015f Pars b\u0131y\u0131\u011f\u0131na&#8230; Da\u011f\u0131n pulat y\u00fcre\u011fine i\u015fledim, \u015eim\u015fe\u011fin masmavi usturas\u0131na Sevdan\u0131 usul-usul Sevdan\u0131 m\u0131sra-m\u0131sra Lo ben seni hapislerde sevmi\u015fim, Ben seni s\u00fcrg\u00fcnlerde. Yurdum benim \u015fahdamar\u0131m&#8230; Y\u00fccende buzul Ve kar, Mavi\u015f da\u011f tav\u015fanlar\u0131 G\u00fcn vuranda alaran Zemheri y\u0131lanlar\u0131 Ve yahut [&hellip;]<\/p>\n","protected":false},"author":1,"featured_media":0,"comment_status":"open","ping_status":"open","sticky":false,"template":"","format":"standard","meta":{"footnotes":""},"categories":[179],"tags":[],"class_list":{"0":"post-39","1":"post","2":"type-post","3":"status-publish","4":"format-standard","6":"category-ahmed-arif"},"yoast_head":"<!-- This site is optimized with the Yoast SEO Premium plugin v24.9 (Yoast SEO v24.9) - https:\/\/yoast.com\/wordpress\/plugins\/seo\/ -->\n<title>YURDUM BENIM \u015eAH DAMARIM - narteks.net<\/title>\n<meta name=\"robots\" content=\"index, follow, max-snippet:-1, max-image-preview:large, max-video-preview:-1\" \/>\n<link rel=\"canonical\" href=\"https:\/\/narteks.net\/index.php\/2009\/02\/27\/yurdum-benim-sah-damarim\/\" \/>\n<meta property=\"og:locale\" content=\"tr_TR\" \/>\n<meta property=\"og:type\" content=\"article\" \/>\n<meta property=\"og:title\" content=\"YURDUM BENIM \u015eAH DAMARIM\" \/>\n<meta property=\"og:description\" content=\"\u00a0 Engere\u011fin di\u015flerine i\u015fledim, A\u011fu di\u015flerine Oluklu, \u00e7entik&#8230; Ve vurgun, G\u00f6zleri bir \u00e7ift cehennem Burnuna kan t\u00fctm\u00fc\u015f Pars b\u0131y\u0131\u011f\u0131na&#8230; Da\u011f\u0131n pulat y\u00fcre\u011fine i\u015fledim, \u015eim\u015fe\u011fin masmavi usturas\u0131na Sevdan\u0131 usul-usul Sevdan\u0131 m\u0131sra-m\u0131sra Lo ben seni hapislerde sevmi\u015fim, Ben seni s\u00fcrg\u00fcnlerde. Yurdum benim \u015fahdamar\u0131m&#8230; Y\u00fccende buzul Ve kar, Mavi\u015f da\u011f tav\u015fanlar\u0131 G\u00fcn vuranda alaran Zemheri y\u0131lanlar\u0131 Ve yahut [&hellip;]\" \/>\n<meta property=\"og:url\" content=\"https:\/\/narteks.net\/index.php\/2009\/02\/27\/yurdum-benim-sah-damarim\/\" \/>\n<meta property=\"og:site_name\" content=\"narteks.net\" \/>\n<meta property=\"article:published_time\" content=\"2009-02-27T11:13:33+00:00\" \/>\n<meta property=\"og:image\" content=\"https:\/\/narteks.net\/wp-content\/uploads\/narteks.png\" \/>\n\t<meta property=\"og:image:width\" content=\"300\" \/>\n\t<meta property=\"og:image:height\" content=\"90\" \/>\n\t<meta property=\"og:image:type\" content=\"image\/png\" \/>\n<meta name=\"author\" content=\"Tar\u0131k\" \/>\n<meta name=\"twitter:card\" content=\"summary_large_image\" \/>\n<meta name=\"twitter:creator\" content=\"@narteks\" \/>\n<meta name=\"twitter:site\" content=\"@narteks\" \/>\n<meta name=\"twitter:label1\" content=\"Yazan:\" \/>\n\t<meta name=\"twitter:data1\" content=\"Tar\u0131k\" \/>\n\t<meta name=\"twitter:label2\" content=\"Tahmini okuma s\u00fcresi\" \/>\n\t<meta name=\"twitter:data2\" content=\"1 dakika\" \/>\n<script type=\"application\/ld+json\" class=\"yoast-schema-graph\">{\"@context\":\"https:\/\/schema.org\",\"@graph\":[{\"@type\":\"Article\",\"@id\":\"https:\/\/narteks.net\/index.php\/2009\/02\/27\/yurdum-benim-sah-damarim\/#article\",\"isPartOf\":{\"@id\":\"https:\/\/narteks.net\/index.php\/2009\/02\/27\/yurdum-benim-sah-damarim\/\"},\"author\":{\"name\":\"Tar\u0131k\",\"@id\":\"https:\/\/narteks.net\/#\/schema\/person\/61f37d9834294b72d31d274e7ed79bca\"},\"headline\":\"YURDUM BENIM \u015eAH DAMARIM\",\"datePublished\":\"2009-02-27T11:13:33+00:00\",\"mainEntityOfPage\":{\"@id\":\"https:\/\/narteks.net\/index.php\/2009\/02\/27\/yurdum-benim-sah-damarim\/\"},\"wordCount\":131,\"commentCount\":0,\"publisher\":{\"@id\":\"https:\/\/narteks.net\/#organization\"},\"articleSection\":[\"Ahmed AR\u0130F\"],\"inLanguage\":\"tr\",\"potentialAction\":[{\"@type\":\"CommentAction\",\"name\":\"Comment\",\"target\":[\"https:\/\/narteks.net\/index.php\/2009\/02\/27\/yurdum-benim-sah-damarim\/#respond\"]}]},{\"@type\":\"WebPage\",\"@id\":\"https:\/\/narteks.net\/index.php\/2009\/02\/27\/yurdum-benim-sah-damarim\/\",\"url\":\"https:\/\/narteks.net\/index.php\/2009\/02\/27\/yurdum-benim-sah-damarim\/\",\"name\":\"YURDUM BENIM \u015eAH DAMARIM - narteks.net\",\"isPartOf\":{\"@id\":\"https:\/\/narteks.net\/#website\"},\"datePublished\":\"2009-02-27T11:13:33+00:00\",\"breadcrumb\":{\"@id\":\"https:\/\/narteks.net\/index.php\/2009\/02\/27\/yurdum-benim-sah-damarim\/#breadcrumb\"},\"inLanguage\":\"tr\",\"potentialAction\":[{\"@type\":\"ReadAction\",\"target\":[\"https:\/\/narteks.net\/index.php\/2009\/02\/27\/yurdum-benim-sah-damarim\/\"]}]},{\"@type\":\"BreadcrumbList\",\"@id\":\"https:\/\/narteks.net\/index.php\/2009\/02\/27\/yurdum-benim-sah-damarim\/#breadcrumb\",\"itemListElement\":[{\"@type\":\"ListItem\",\"position\":1,\"name\":\"Anasayfa\",\"item\":\"https:\/\/narteks.net\/\"},{\"@type\":\"ListItem\",\"position\":2,\"name\":\"YURDUM BENIM \u015eAH DAMARIM\"}]},{\"@type\":\"WebSite\",\"@id\":\"https:\/\/narteks.net\/#website\",\"url\":\"https:\/\/narteks.net\/\",\"name\":\"narteks.net\",\"description\":\"K\u00fclt\u00fcr Sanat Edebiyat Felsefe\",\"publisher\":{\"@id\":\"https:\/\/narteks.net\/#organization\"},\"alternateName\":\"K\u00fclt\u00fcr Sanat Edebiyat Felsefe\",\"potentialAction\":[{\"@type\":\"SearchAction\",\"target\":{\"@type\":\"EntryPoint\",\"urlTemplate\":\"https:\/\/narteks.net\/?s={search_term_string}\"},\"query-input\":{\"@type\":\"PropertyValueSpecification\",\"valueRequired\":true,\"valueName\":\"search_term_string\"}}],\"inLanguage\":\"tr\"},{\"@type\":\"Organization\",\"@id\":\"https:\/\/narteks.net\/#organization\",\"name\":\"narteks.net\",\"url\":\"https:\/\/narteks.net\/\",\"logo\":{\"@type\":\"ImageObject\",\"inLanguage\":\"tr\",\"@id\":\"https:\/\/narteks.net\/#\/schema\/logo\/image\/\",\"url\":\"https:\/\/narteks.net\/wp-content\/uploads\/narteks.png\",\"contentUrl\":\"https:\/\/narteks.net\/wp-content\/uploads\/narteks.png\",\"width\":300,\"height\":90,\"caption\":\"narteks.net\"},\"image\":{\"@id\":\"https:\/\/narteks.net\/#\/schema\/logo\/image\/\"},\"sameAs\":[\"https:\/\/x.com\/narteks\",\"https:\/\/instagram.com\/narteksnet\"]},{\"@type\":\"Person\",\"@id\":\"https:\/\/narteks.net\/#\/schema\/person\/61f37d9834294b72d31d274e7ed79bca\",\"name\":\"Tar\u0131k\",\"image\":{\"@type\":\"ImageObject\",\"inLanguage\":\"tr\",\"@id\":\"https:\/\/narteks.net\/#\/schema\/person\/image\/\",\"url\":\"https:\/\/secure.gravatar.com\/avatar\/50865afb55632c4ae467e0af0930f6510aa2297d8014be502a55b14f3b7550cf?s=96&d=mm&r=g\",\"contentUrl\":\"https:\/\/secure.gravatar.com\/avatar\/50865afb55632c4ae467e0af0930f6510aa2297d8014be502a55b14f3b7550cf?s=96&d=mm&r=g\",\"caption\":\"Tar\u0131k\"},\"sameAs\":[\"http:\/\/narteks.net\"],\"url\":\"https:\/\/narteks.net\/index.php\/author\/narbak\/\"}]}<\/script>\n<!-- \/ Yoast SEO Premium plugin. -->","yoast_head_json":{"title":"YURDUM BENIM \u015eAH DAMARIM - narteks.net","robots":{"index":"index","follow":"follow","max-snippet":"max-snippet:-1","max-image-preview":"max-image-preview:large","max-video-preview":"max-video-preview:-1"},"canonical":"https:\/\/narteks.net\/index.php\/2009\/02\/27\/yurdum-benim-sah-damarim\/","og_locale":"tr_TR","og_type":"article","og_title":"YURDUM BENIM \u015eAH DAMARIM","og_description":"\u00a0 Engere\u011fin di\u015flerine i\u015fledim, A\u011fu di\u015flerine Oluklu, \u00e7entik&#8230; Ve vurgun, G\u00f6zleri bir \u00e7ift cehennem Burnuna kan t\u00fctm\u00fc\u015f Pars b\u0131y\u0131\u011f\u0131na&#8230; Da\u011f\u0131n pulat y\u00fcre\u011fine i\u015fledim, \u015eim\u015fe\u011fin masmavi usturas\u0131na Sevdan\u0131 usul-usul Sevdan\u0131 m\u0131sra-m\u0131sra Lo ben seni hapislerde sevmi\u015fim, Ben seni s\u00fcrg\u00fcnlerde. Yurdum benim \u015fahdamar\u0131m&#8230; Y\u00fccende buzul Ve kar, Mavi\u015f da\u011f tav\u015fanlar\u0131 G\u00fcn vuranda alaran Zemheri y\u0131lanlar\u0131 Ve yahut [&hellip;]","og_url":"https:\/\/narteks.net\/index.php\/2009\/02\/27\/yurdum-benim-sah-damarim\/","og_site_name":"narteks.net","article_published_time":"2009-02-27T11:13:33+00:00","og_image":[{"width":300,"height":90,"url":"https:\/\/narteks.net\/wp-content\/uploads\/narteks.png","type":"image\/png"}],"author":"Tar\u0131k","twitter_card":"summary_large_image","twitter_creator":"@narteks","twitter_site":"@narteks","twitter_misc":{"Yazan:":"Tar\u0131k","Tahmini okuma s\u00fcresi":"1 dakika"},"schema":{"@context":"https:\/\/schema.org","@graph":[{"@type":"Article","@id":"https:\/\/narteks.net\/index.php\/2009\/02\/27\/yurdum-benim-sah-damarim\/#article","isPartOf":{"@id":"https:\/\/narteks.net\/index.php\/2009\/02\/27\/yurdum-benim-sah-damarim\/"},"author":{"name":"Tar\u0131k","@id":"https:\/\/narteks.net\/#\/schema\/person\/61f37d9834294b72d31d274e7ed79bca"},"headline":"YURDUM BENIM \u015eAH DAMARIM","datePublished":"2009-02-27T11:13:33+00:00","mainEntityOfPage":{"@id":"https:\/\/narteks.net\/index.php\/2009\/02\/27\/yurdum-benim-sah-damarim\/"},"wordCount":131,"commentCount":0,"publisher":{"@id":"https:\/\/narteks.net\/#organization"},"articleSection":["Ahmed AR\u0130F"],"inLanguage":"tr","potentialAction":[{"@type":"CommentAction","name":"Comment","target":["https:\/\/narteks.net\/index.php\/2009\/02\/27\/yurdum-benim-sah-damarim\/#respond"]}]},{"@type":"WebPage","@id":"https:\/\/narteks.net\/index.php\/2009\/02\/27\/yurdum-benim-sah-damarim\/","url":"https:\/\/narteks.net\/index.php\/2009\/02\/27\/yurdum-benim-sah-damarim\/","name":"YURDUM BENIM \u015eAH DAMARIM - narteks.net","isPartOf":{"@id":"https:\/\/narteks.net\/#website"},"datePublished":"2009-02-27T11:13:33+00:00","breadcrumb":{"@id":"https:\/\/narteks.net\/index.php\/2009\/02\/27\/yurdum-benim-sah-damarim\/#breadcrumb"},"inLanguage":"tr","potentialAction":[{"@type":"ReadAction","target":["https:\/\/narteks.net\/index.php\/2009\/02\/27\/yurdum-benim-sah-damarim\/"]}]},{"@type":"BreadcrumbList","@id":"https:\/\/narteks.net\/index.php\/2009\/02\/27\/yurdum-benim-sah-damarim\/#breadcrumb","itemListElement":[{"@type":"ListItem","position":1,"name":"Anasayfa","item":"https:\/\/narteks.net\/"},{"@type":"ListItem","position":2,"name":"YURDUM BENIM \u015eAH DAMARIM"}]},{"@type":"WebSite","@id":"https:\/\/narteks.net\/#website","url":"https:\/\/narteks.net\/","name":"narteks.net","description":"K\u00fclt\u00fcr Sanat Edebiyat Felsefe","publisher":{"@id":"https:\/\/narteks.net\/#organization"},"alternateName":"K\u00fclt\u00fcr Sanat Edebiyat Felsefe","potentialAction":[{"@type":"SearchAction","target":{"@type":"EntryPoint","urlTemplate":"https:\/\/narteks.net\/?s={search_term_string}"},"query-input":{"@type":"PropertyValueSpecification","valueRequired":true,"valueName":"search_term_string"}}],"inLanguage":"tr"},{"@type":"Organization","@id":"https:\/\/narteks.net\/#organization","name":"narteks.net","url":"https:\/\/narteks.net\/","logo":{"@type":"ImageObject","inLanguage":"tr","@id":"https:\/\/narteks.net\/#\/schema\/logo\/image\/","url":"https:\/\/narteks.net\/wp-content\/uploads\/narteks.png","contentUrl":"https:\/\/narteks.net\/wp-content\/uploads\/narteks.png","width":300,"height":90,"caption":"narteks.net"},"image":{"@id":"https:\/\/narteks.net\/#\/schema\/logo\/image\/"},"sameAs":["https:\/\/x.com\/narteks","https:\/\/instagram.com\/narteksnet"]},{"@type":"Person","@id":"https:\/\/narteks.net\/#\/schema\/person\/61f37d9834294b72d31d274e7ed79bca","name":"Tar\u0131k","image":{"@type":"ImageObject","inLanguage":"tr","@id":"https:\/\/narteks.net\/#\/schema\/person\/image\/","url":"https:\/\/secure.gravatar.com\/avatar\/50865afb55632c4ae467e0af0930f6510aa2297d8014be502a55b14f3b7550cf?s=96&d=mm&r=g","contentUrl":"https:\/\/secure.gravatar.com\/avatar\/50865afb55632c4ae467e0af0930f6510aa2297d8014be502a55b14f3b7550cf?s=96&d=mm&r=g","caption":"Tar\u0131k"},"sameAs":["http:\/\/narteks.net"],"url":"https:\/\/narteks.net\/index.php\/author\/narbak\/"}]}},"_links":{"self":[{"href":"https:\/\/narteks.net\/index.php\/wp-json\/wp\/v2\/posts\/39","targetHints":{"allow":["GET"]}}],"collection":[{"href":"https:\/\/narteks.net\/index.php\/wp-json\/wp\/v2\/posts"}],"about":[{"href":"https:\/\/narteks.net\/index.php\/wp-json\/wp\/v2\/types\/post"}],"author":[{"embeddable":true,"href":"https:\/\/narteks.net\/index.php\/wp-json\/wp\/v2\/users\/1"}],"replies":[{"embeddable":true,"href":"https:\/\/narteks.net\/index.php\/wp-json\/wp\/v2\/comments?post=39"}],"version-history":[{"count":0,"href":"https:\/\/narteks.net\/index.php\/wp-json\/wp\/v2\/posts\/39\/revisions"}],"wp:attachment":[{"href":"https:\/\/narteks.net\/index.php\/wp-json\/wp\/v2\/media?parent=39"}],"wp:term":[{"taxonomy":"category","embeddable":true,"href":"https:\/\/narteks.net\/index.php\/wp-json\/wp\/v2\/categories?post=39"},{"taxonomy":"post_tag","embeddable":true,"href":"https:\/\/narteks.net\/index.php\/wp-json\/wp\/v2\/tags?post=39"}],"curies":[{"name":"wp","href":"https:\/\/api.w.org\/{rel}","templated":true}]}}