{"id":3909,"date":"2010-01-08T13:16:47","date_gmt":"2010-01-08T10:16:47","guid":{"rendered":"http:\/\/localhost\/wordpress\/2010\/01\/08\/cigerxwin-biyografisi\/"},"modified":"2010-01-08T13:16:47","modified_gmt":"2010-01-08T10:16:47","slug":"cigerxwin-biyografisi","status":"publish","type":"post","link":"https:\/\/narteks.net\/index.php\/2010\/01\/08\/cigerxwin-biyografisi\/","title":{"rendered":"Cigerxwin Biyografisi"},"content":{"rendered":"<p><img loading=\"lazy\" decoding=\"async\" src=\"http:\/\/www.saradistribution.com\/foto2\/Cegerxwin-nu2323.jpg\" border=\"0\" width=\"155\" height=\"205\" \/><\/p>\n<p style=\"text-align: justify;\">As\u0131l ad\u0131 \u015eehmuz olan Cigerxwin, 1903&#8217;te Mardin\u2019in Gerc\u00fc\u015f kasabas\u0131 Hesar\u00ea k\u00f6y\u00fcnde do\u011fdu. Ailece 1914 y\u0131l\u0131nda Kam\u0131\u015fl\u0131\u2019ya ba\u011fl\u0131 Amud nahiyesine g\u00f6\u00e7t\u00fcler. Sava\u015f sonras\u0131nda Suriye s\u0131n\u0131rlar\u0131 i\u00e7inde kald\u0131lar ve tekrar k\u00f6ylerine d\u00f6nmediler. K\u00fc\u00e7\u00fck ya\u015flarda \u00e7obanl\u0131k ve \u0131rgatl\u0131k yapt\u0131. Toprak a\u011falar\u0131 ve beyleri iyi tan\u0131d\u0131.<br \/>Halktan di\u011fer insanlar gibi okul y\u00fcz\u00fc g\u00f6rmedi.<br \/>18 ya\u015f\u0131nda Diyarbak\u0131r\u2019a geldi. Dini e\u011fitimi veren \u015feyhlerin yan\u0131na gitti. 15 y\u0131ll\u0131k e\u011fitimi 8 y\u0131lda tamamlad\u0131. E\u011fitim g\u00f6rd\u00fc\u011f\u00fc her yerde K\u00fcrt halk\u0131n\u0131n ac\u0131 \u0131st\u0131raplar\u0131n\u0131 g\u00f6rd\u00fc. Medresede oldu\u011fu d\u00f6nem K\u00fcrt k\u00fclt\u00fcr ve edebiyat\u0131n\u0131 \u00f6\u011frendi, yaz\u0131l\u0131 klasikleri tan\u0131d\u0131.<\/p>\n<p>1928 y\u0131l\u0131nda K\u00fcrt\u00e7e \u015fiirler yazmaya ba\u015flad\u0131. 1925 \u015eeyh Said \u0130syan\u0131\u2019na kat\u0131ld\u0131, isyandan sonra bir grup K\u00fcrt ayd\u0131n ve yurtseverle Suriye\u2019ye gitti. 1937\u2019de XOYBUN ad\u0131nda kurulan \u00f6rg\u00fct i\u00e7inde yer ald\u0131. Hawar dergisinde Cigerxwin isimiyle \u015fiirler yazd\u0131.<\/p>\n<p>1949 y\u0131l\u0131nda bir toplant\u0131da kom\u00fcnistlerle tan\u0131\u015ft\u0131. Kom\u00fcnistlerle s\u0131k\u0131 ili\u015fki i\u00e7inde \u00e7al\u0131\u015farak, 1957 y\u0131l\u0131na kadar Cizre \u0130\u00e7in Bar\u0131\u015f Komitesi Ba\u015fkanl\u0131\u011f\u0131\u2019n\u0131 yapt\u0131. Bu y\u0131llarda Suriye K\u00fcrdistan Demokrasi Partisi\u2019ne kat\u0131ld\u0131. Cigerxwin ya\u015fam\u0131n\u0131n sonuna kadar Suriye K\u00fcrdistan Demokrat Partisi Merkez Komitesi \u00dcyesi olarak kald\u0131. 1961 y\u0131l\u0131nda Irak\u2019taki ulusal harekete yard\u0131m etti. Burada parti kadrolar\u0131n\u0131 e\u011fitti ve K\u00fcrdistan Akademisi\u2019nde dersler verdi. G\u00fcney hareketi yenilince geri Suriye\u2019ye d\u00f6nd\u00fc.<\/p>\n<p>1973 y\u0131l\u0131nda Suriye\u2019nin bask\u0131s\u0131 kar\u015f\u0131s\u0131nda Beyrut\u2019a ge\u00e7ti ve tutuklanmaktan kurtuldu. 1979 y\u0131l\u0131nda Stockholm\u2019a ge\u00e7ti ve \u00e7al\u0131\u015fmalar\u0131n\u0131 burada s\u00fcrd\u00fcrd\u00fc.<\/p>\n<p>Cigerxwin, \u0130kinci D\u00fcnya Sava\u015f\u0131\u2019ndan sonraki \u015fiirlerinde K\u00fcrt i\u015f\u00e7i ve k\u00f6yl\u00fclerin K\u00fcrt burjuvalar\u0131na ve toprak a\u011falar\u0131na kar\u015f\u0131 verdi\u011fi m\u00fccadeleyi i\u015fledi. Bu \u015fiirlerindeki devrimci \u00f6z, b\u00fct\u00fcn \u00fclkenin i\u015f\u00e7ilerinin m\u00fccadelesini yans\u0131t\u0131yordu. Cigerxwin\u2019in bir\u00e7ok roman\u0131 ve \u015fiir kitab\u0131n\u0131n yan\u0131 s\u0131ra ara\u015ft\u0131rma kitaplar\u0131 da vard\u0131r. K\u00fcrt\u00e7e s\u00f6zl\u00fck haz\u0131rlayan Cigerxwin\u2019in 16 tane K\u00fcrt\u00e7e eseri vard\u0131r.<\/p>\n<p>Sosyalist, ara\u015ft\u0131rmac\u0131 ve \u015fair olan Cigerxwin, 22 Ekim 1984\u2019te Stockholm\u2019da \u00f6ld\u00fc.<\/p>\n<p>Di sala 1903&#8217;an de li gund\u00ea HESAR\u00ca li Kurdistana Bakur, hatiye Din\u00ea.<\/p>\n<p>Di sala 1920an de desbi xwendina Ol\u00ee kir, \u00fb li Kurdistana Binxet\u00ea, Ba\u015f\u00fbra mezin \u00fb Kurdistana \u00ceran\u00ea j\u00ee li xwendin\u00ea geriya ye, \u00fb rew\u015fa gel\u00ea Kurdistan\u00ea ba\u015f nas kir.<\/p>\n<p>Di sala 1937-1938an de, w\u00ee \u00fb heval\u00ean xwe Komelak li bajar\u00ea Am\u00fbd\u00ea vekirin, \u00fb komela wan gelek berep\u00ea\u015f ve \u00e7\u00fb, l\u00ea bi navt\u00eadana hin mirov\u00ean nezan \u00fb dijmin\u00ea milet\u00ea kurd Firansizan ew komele girt.<\/p>\n<p>Di sala 1948an de Cegerxw\u00een b\u00fb heval\u00ea Partiya Komon\u00eest a S\u00fbr\u00ee.<\/p>\n<p>Di sala 1949an de cara yekem\u00een Cegerxw\u00een hatiye girtin.<\/p>\n<p>Di sala 1950 \u00ee de Cegerxw\u00een dikeve Civata A\u015ft\u00eexwazan.<\/p>\n<p>Di sala 1957an de Cegerxw\u00een ji komon\u00eestan d\u00fbr dikeve \u00fb di w\u00ea sal\u00ea de w\u00ee \u00fb heval\u00ean xwe r\u00eaxistina AZAD\u00ce sazkirin \u00fb pi\u015ft\u00ee p\u00ealak\u00ea Cegerxw\u00een \u00fb heval\u00ean xwe r\u00eaxistina xwe fesix dikin \u00fb bi Partiya D\u00eemoqrat\u00ee Kurd\u00ee re dibin yek.<\/p>\n<p>Di sala 1959an de s\u00ea salan dibe mamostey\u00ea ziman\u00ea kurmanc\u00ee li Zan\u00eengeha Bexday\u00ea.<\/p>\n<p>Di sala1962an de huk\u00fbmeta \u00ceraq\u00ea bera w\u00ee dide \u00fb ew \u00fb zarok\u00ean xwe vedigerin kurdistana Binxet\u00ea, \u00fb li wir Cegerxw\u00een t\u00ea girtin.<\/p>\n<p>Di sala 1963an de d\u00eesa Cegerxw\u00een t\u00ea girtin \u00fb dikeve Zindana Mezz\u00ea li bajar\u00ea Sam\u00ea, l\u00ea pist\u00ee p\u00ealak\u00ea t\u00ea berdan l\u00ea w\u00ee Surgin\u00ee bajar\u00ea Siw\u00eada nav Durziyan dikin, l\u00ea pist\u00ee p\u00ealake ne dir\u00eaj vedgere Bajar\u00ea Qami\u015flo.<\/p>\n<p>Di sala 1979an de Cegerxw\u00een li Siw\u00ead\u00ea di bi mihacir \u00fb p\u00eanc sal\u00ean xwe y\u00ean daw\u00ee ji jiyana xwe li diqed\u00eene.<\/p>\n<p>Di 22-10-1984&#8217;an de li bajar\u00ea Stockholm\u00ea Cegerxw\u00een ser\u00ea xwe dan\u00ee \u00fb \u00e7\u00fb ser heqiya xwe.<\/p>\n","protected":false},"excerpt":{"rendered":"<p>As\u0131l ad\u0131 \u015eehmuz olan Cigerxwin, 1903&#8217;te Mardin\u2019in Gerc\u00fc\u015f kasabas\u0131 Hesar\u00ea k\u00f6y\u00fcnde do\u011fdu. Ailece 1914 y\u0131l\u0131nda Kam\u0131\u015fl\u0131\u2019ya ba\u011fl\u0131 Amud nahiyesine g\u00f6\u00e7t\u00fcler. Sava\u015f sonras\u0131nda Suriye s\u0131n\u0131rlar\u0131 i\u00e7inde kald\u0131lar ve tekrar k\u00f6ylerine d\u00f6nmediler. K\u00fc\u00e7\u00fck ya\u015flarda \u00e7obanl\u0131k ve \u0131rgatl\u0131k yapt\u0131. Toprak a\u011falar\u0131 ve beyleri iyi tan\u0131d\u0131.Halktan di\u011fer insanlar gibi okul y\u00fcz\u00fc g\u00f6rmedi.18 ya\u015f\u0131nda Diyarbak\u0131r\u2019a geldi. Dini e\u011fitimi veren \u015feyhlerin [&hellip;]<\/p>\n","protected":false},"author":1,"featured_media":0,"comment_status":"open","ping_status":"open","sticky":false,"template":"","format":"standard","meta":{"footnotes":""},"categories":[129],"tags":[],"class_list":{"0":"post-3909","1":"post","2":"type-post","3":"status-publish","4":"format-standard","6":"category-cigerxwin"},"yoast_head":"<!-- This site is optimized with the Yoast SEO Premium plugin v24.9 (Yoast SEO v24.9) - https:\/\/yoast.com\/wordpress\/plugins\/seo\/ -->\n<title>Cigerxwin Biyografisi - narteks.net<\/title>\n<meta name=\"robots\" content=\"index, follow, max-snippet:-1, max-image-preview:large, max-video-preview:-1\" \/>\n<link rel=\"canonical\" href=\"https:\/\/narteks.net\/index.php\/2010\/01\/08\/cigerxwin-biyografisi\/\" \/>\n<meta property=\"og:locale\" content=\"tr_TR\" \/>\n<meta property=\"og:type\" content=\"article\" \/>\n<meta property=\"og:title\" content=\"Cigerxwin Biyografisi\" \/>\n<meta property=\"og:description\" content=\"As\u0131l ad\u0131 \u015eehmuz olan Cigerxwin, 1903&#8217;te Mardin\u2019in Gerc\u00fc\u015f kasabas\u0131 Hesar\u00ea k\u00f6y\u00fcnde do\u011fdu. Ailece 1914 y\u0131l\u0131nda Kam\u0131\u015fl\u0131\u2019ya ba\u011fl\u0131 Amud nahiyesine g\u00f6\u00e7t\u00fcler. Sava\u015f sonras\u0131nda Suriye s\u0131n\u0131rlar\u0131 i\u00e7inde kald\u0131lar ve tekrar k\u00f6ylerine d\u00f6nmediler. K\u00fc\u00e7\u00fck ya\u015flarda \u00e7obanl\u0131k ve \u0131rgatl\u0131k yapt\u0131. Toprak a\u011falar\u0131 ve beyleri iyi tan\u0131d\u0131.Halktan di\u011fer insanlar gibi okul y\u00fcz\u00fc g\u00f6rmedi.18 ya\u015f\u0131nda Diyarbak\u0131r\u2019a geldi. Dini e\u011fitimi veren \u015feyhlerin [&hellip;]\" \/>\n<meta property=\"og:url\" content=\"https:\/\/narteks.net\/index.php\/2010\/01\/08\/cigerxwin-biyografisi\/\" \/>\n<meta property=\"og:site_name\" content=\"narteks.net\" \/>\n<meta property=\"article:published_time\" content=\"2010-01-08T10:16:47+00:00\" \/>\n<meta property=\"og:image\" content=\"http:\/\/www.saradistribution.com\/foto2\/Cegerxwin-nu2323.jpg\" \/>\n<meta name=\"author\" content=\"Tar\u0131k\" \/>\n<meta name=\"twitter:card\" content=\"summary_large_image\" \/>\n<meta name=\"twitter:creator\" content=\"@narteks\" \/>\n<meta name=\"twitter:site\" content=\"@narteks\" \/>\n<meta name=\"twitter:label1\" content=\"Yazan:\" \/>\n\t<meta name=\"twitter:data1\" content=\"Tar\u0131k\" \/>\n\t<meta name=\"twitter:label2\" content=\"Tahmini okuma s\u00fcresi\" \/>\n\t<meta name=\"twitter:data2\" content=\"3 dakika\" \/>\n<script type=\"application\/ld+json\" class=\"yoast-schema-graph\">{\"@context\":\"https:\/\/schema.org\",\"@graph\":[{\"@type\":\"Article\",\"@id\":\"https:\/\/narteks.net\/index.php\/2010\/01\/08\/cigerxwin-biyografisi\/#article\",\"isPartOf\":{\"@id\":\"https:\/\/narteks.net\/index.php\/2010\/01\/08\/cigerxwin-biyografisi\/\"},\"author\":{\"name\":\"Tar\u0131k\",\"@id\":\"https:\/\/narteks.net\/#\/schema\/person\/61f37d9834294b72d31d274e7ed79bca\"},\"headline\":\"Cigerxwin Biyografisi\",\"datePublished\":\"2010-01-08T10:16:47+00:00\",\"mainEntityOfPage\":{\"@id\":\"https:\/\/narteks.net\/index.php\/2010\/01\/08\/cigerxwin-biyografisi\/\"},\"wordCount\":680,\"commentCount\":0,\"publisher\":{\"@id\":\"https:\/\/narteks.net\/#organization\"},\"image\":{\"@id\":\"https:\/\/narteks.net\/index.php\/2010\/01\/08\/cigerxwin-biyografisi\/#primaryimage\"},\"thumbnailUrl\":\"http:\/\/www.saradistribution.com\/foto2\/Cegerxwin-nu2323.jpg\",\"articleSection\":[\"Cigerxwin\"],\"inLanguage\":\"tr\",\"potentialAction\":[{\"@type\":\"CommentAction\",\"name\":\"Comment\",\"target\":[\"https:\/\/narteks.net\/index.php\/2010\/01\/08\/cigerxwin-biyografisi\/#respond\"]}]},{\"@type\":\"WebPage\",\"@id\":\"https:\/\/narteks.net\/index.php\/2010\/01\/08\/cigerxwin-biyografisi\/\",\"url\":\"https:\/\/narteks.net\/index.php\/2010\/01\/08\/cigerxwin-biyografisi\/\",\"name\":\"Cigerxwin Biyografisi - narteks.net\",\"isPartOf\":{\"@id\":\"https:\/\/narteks.net\/#website\"},\"primaryImageOfPage\":{\"@id\":\"https:\/\/narteks.net\/index.php\/2010\/01\/08\/cigerxwin-biyografisi\/#primaryimage\"},\"image\":{\"@id\":\"https:\/\/narteks.net\/index.php\/2010\/01\/08\/cigerxwin-biyografisi\/#primaryimage\"},\"thumbnailUrl\":\"http:\/\/www.saradistribution.com\/foto2\/Cegerxwin-nu2323.jpg\",\"datePublished\":\"2010-01-08T10:16:47+00:00\",\"breadcrumb\":{\"@id\":\"https:\/\/narteks.net\/index.php\/2010\/01\/08\/cigerxwin-biyografisi\/#breadcrumb\"},\"inLanguage\":\"tr\",\"potentialAction\":[{\"@type\":\"ReadAction\",\"target\":[\"https:\/\/narteks.net\/index.php\/2010\/01\/08\/cigerxwin-biyografisi\/\"]}]},{\"@type\":\"ImageObject\",\"inLanguage\":\"tr\",\"@id\":\"https:\/\/narteks.net\/index.php\/2010\/01\/08\/cigerxwin-biyografisi\/#primaryimage\",\"url\":\"http:\/\/www.saradistribution.com\/foto2\/Cegerxwin-nu2323.jpg\",\"contentUrl\":\"http:\/\/www.saradistribution.com\/foto2\/Cegerxwin-nu2323.jpg\"},{\"@type\":\"BreadcrumbList\",\"@id\":\"https:\/\/narteks.net\/index.php\/2010\/01\/08\/cigerxwin-biyografisi\/#breadcrumb\",\"itemListElement\":[{\"@type\":\"ListItem\",\"position\":1,\"name\":\"Anasayfa\",\"item\":\"https:\/\/narteks.net\/\"},{\"@type\":\"ListItem\",\"position\":2,\"name\":\"Cigerxwin Biyografisi\"}]},{\"@type\":\"WebSite\",\"@id\":\"https:\/\/narteks.net\/#website\",\"url\":\"https:\/\/narteks.net\/\",\"name\":\"narteks.net\",\"description\":\"K\u00fclt\u00fcr Sanat Edebiyat Felsefe\",\"publisher\":{\"@id\":\"https:\/\/narteks.net\/#organization\"},\"alternateName\":\"K\u00fclt\u00fcr Sanat Edebiyat Felsefe\",\"potentialAction\":[{\"@type\":\"SearchAction\",\"target\":{\"@type\":\"EntryPoint\",\"urlTemplate\":\"https:\/\/narteks.net\/?s={search_term_string}\"},\"query-input\":{\"@type\":\"PropertyValueSpecification\",\"valueRequired\":true,\"valueName\":\"search_term_string\"}}],\"inLanguage\":\"tr\"},{\"@type\":\"Organization\",\"@id\":\"https:\/\/narteks.net\/#organization\",\"name\":\"narteks.net\",\"url\":\"https:\/\/narteks.net\/\",\"logo\":{\"@type\":\"ImageObject\",\"inLanguage\":\"tr\",\"@id\":\"https:\/\/narteks.net\/#\/schema\/logo\/image\/\",\"url\":\"https:\/\/narteks.net\/wp-content\/uploads\/narteks.png\",\"contentUrl\":\"https:\/\/narteks.net\/wp-content\/uploads\/narteks.png\",\"width\":300,\"height\":90,\"caption\":\"narteks.net\"},\"image\":{\"@id\":\"https:\/\/narteks.net\/#\/schema\/logo\/image\/\"},\"sameAs\":[\"https:\/\/x.com\/narteks\",\"https:\/\/instagram.com\/narteksnet\"]},{\"@type\":\"Person\",\"@id\":\"https:\/\/narteks.net\/#\/schema\/person\/61f37d9834294b72d31d274e7ed79bca\",\"name\":\"Tar\u0131k\",\"image\":{\"@type\":\"ImageObject\",\"inLanguage\":\"tr\",\"@id\":\"https:\/\/narteks.net\/#\/schema\/person\/image\/\",\"url\":\"https:\/\/secure.gravatar.com\/avatar\/50865afb55632c4ae467e0af0930f6510aa2297d8014be502a55b14f3b7550cf?s=96&d=mm&r=g\",\"contentUrl\":\"https:\/\/secure.gravatar.com\/avatar\/50865afb55632c4ae467e0af0930f6510aa2297d8014be502a55b14f3b7550cf?s=96&d=mm&r=g\",\"caption\":\"Tar\u0131k\"},\"sameAs\":[\"http:\/\/narteks.net\"],\"url\":\"https:\/\/narteks.net\/index.php\/author\/narbak\/\"}]}<\/script>\n<!-- \/ Yoast SEO Premium plugin. -->","yoast_head_json":{"title":"Cigerxwin Biyografisi - narteks.net","robots":{"index":"index","follow":"follow","max-snippet":"max-snippet:-1","max-image-preview":"max-image-preview:large","max-video-preview":"max-video-preview:-1"},"canonical":"https:\/\/narteks.net\/index.php\/2010\/01\/08\/cigerxwin-biyografisi\/","og_locale":"tr_TR","og_type":"article","og_title":"Cigerxwin Biyografisi","og_description":"As\u0131l ad\u0131 \u015eehmuz olan Cigerxwin, 1903&#8217;te Mardin\u2019in Gerc\u00fc\u015f kasabas\u0131 Hesar\u00ea k\u00f6y\u00fcnde do\u011fdu. Ailece 1914 y\u0131l\u0131nda Kam\u0131\u015fl\u0131\u2019ya ba\u011fl\u0131 Amud nahiyesine g\u00f6\u00e7t\u00fcler. Sava\u015f sonras\u0131nda Suriye s\u0131n\u0131rlar\u0131 i\u00e7inde kald\u0131lar ve tekrar k\u00f6ylerine d\u00f6nmediler. K\u00fc\u00e7\u00fck ya\u015flarda \u00e7obanl\u0131k ve \u0131rgatl\u0131k yapt\u0131. Toprak a\u011falar\u0131 ve beyleri iyi tan\u0131d\u0131.Halktan di\u011fer insanlar gibi okul y\u00fcz\u00fc g\u00f6rmedi.18 ya\u015f\u0131nda Diyarbak\u0131r\u2019a geldi. Dini e\u011fitimi veren \u015feyhlerin [&hellip;]","og_url":"https:\/\/narteks.net\/index.php\/2010\/01\/08\/cigerxwin-biyografisi\/","og_site_name":"narteks.net","article_published_time":"2010-01-08T10:16:47+00:00","og_image":[{"url":"http:\/\/www.saradistribution.com\/foto2\/Cegerxwin-nu2323.jpg","type":"","width":"","height":""}],"author":"Tar\u0131k","twitter_card":"summary_large_image","twitter_creator":"@narteks","twitter_site":"@narteks","twitter_misc":{"Yazan:":"Tar\u0131k","Tahmini okuma s\u00fcresi":"3 dakika"},"schema":{"@context":"https:\/\/schema.org","@graph":[{"@type":"Article","@id":"https:\/\/narteks.net\/index.php\/2010\/01\/08\/cigerxwin-biyografisi\/#article","isPartOf":{"@id":"https:\/\/narteks.net\/index.php\/2010\/01\/08\/cigerxwin-biyografisi\/"},"author":{"name":"Tar\u0131k","@id":"https:\/\/narteks.net\/#\/schema\/person\/61f37d9834294b72d31d274e7ed79bca"},"headline":"Cigerxwin Biyografisi","datePublished":"2010-01-08T10:16:47+00:00","mainEntityOfPage":{"@id":"https:\/\/narteks.net\/index.php\/2010\/01\/08\/cigerxwin-biyografisi\/"},"wordCount":680,"commentCount":0,"publisher":{"@id":"https:\/\/narteks.net\/#organization"},"image":{"@id":"https:\/\/narteks.net\/index.php\/2010\/01\/08\/cigerxwin-biyografisi\/#primaryimage"},"thumbnailUrl":"http:\/\/www.saradistribution.com\/foto2\/Cegerxwin-nu2323.jpg","articleSection":["Cigerxwin"],"inLanguage":"tr","potentialAction":[{"@type":"CommentAction","name":"Comment","target":["https:\/\/narteks.net\/index.php\/2010\/01\/08\/cigerxwin-biyografisi\/#respond"]}]},{"@type":"WebPage","@id":"https:\/\/narteks.net\/index.php\/2010\/01\/08\/cigerxwin-biyografisi\/","url":"https:\/\/narteks.net\/index.php\/2010\/01\/08\/cigerxwin-biyografisi\/","name":"Cigerxwin Biyografisi - narteks.net","isPartOf":{"@id":"https:\/\/narteks.net\/#website"},"primaryImageOfPage":{"@id":"https:\/\/narteks.net\/index.php\/2010\/01\/08\/cigerxwin-biyografisi\/#primaryimage"},"image":{"@id":"https:\/\/narteks.net\/index.php\/2010\/01\/08\/cigerxwin-biyografisi\/#primaryimage"},"thumbnailUrl":"http:\/\/www.saradistribution.com\/foto2\/Cegerxwin-nu2323.jpg","datePublished":"2010-01-08T10:16:47+00:00","breadcrumb":{"@id":"https:\/\/narteks.net\/index.php\/2010\/01\/08\/cigerxwin-biyografisi\/#breadcrumb"},"inLanguage":"tr","potentialAction":[{"@type":"ReadAction","target":["https:\/\/narteks.net\/index.php\/2010\/01\/08\/cigerxwin-biyografisi\/"]}]},{"@type":"ImageObject","inLanguage":"tr","@id":"https:\/\/narteks.net\/index.php\/2010\/01\/08\/cigerxwin-biyografisi\/#primaryimage","url":"http:\/\/www.saradistribution.com\/foto2\/Cegerxwin-nu2323.jpg","contentUrl":"http:\/\/www.saradistribution.com\/foto2\/Cegerxwin-nu2323.jpg"},{"@type":"BreadcrumbList","@id":"https:\/\/narteks.net\/index.php\/2010\/01\/08\/cigerxwin-biyografisi\/#breadcrumb","itemListElement":[{"@type":"ListItem","position":1,"name":"Anasayfa","item":"https:\/\/narteks.net\/"},{"@type":"ListItem","position":2,"name":"Cigerxwin Biyografisi"}]},{"@type":"WebSite","@id":"https:\/\/narteks.net\/#website","url":"https:\/\/narteks.net\/","name":"narteks.net","description":"K\u00fclt\u00fcr Sanat Edebiyat Felsefe","publisher":{"@id":"https:\/\/narteks.net\/#organization"},"alternateName":"K\u00fclt\u00fcr Sanat Edebiyat Felsefe","potentialAction":[{"@type":"SearchAction","target":{"@type":"EntryPoint","urlTemplate":"https:\/\/narteks.net\/?s={search_term_string}"},"query-input":{"@type":"PropertyValueSpecification","valueRequired":true,"valueName":"search_term_string"}}],"inLanguage":"tr"},{"@type":"Organization","@id":"https:\/\/narteks.net\/#organization","name":"narteks.net","url":"https:\/\/narteks.net\/","logo":{"@type":"ImageObject","inLanguage":"tr","@id":"https:\/\/narteks.net\/#\/schema\/logo\/image\/","url":"https:\/\/narteks.net\/wp-content\/uploads\/narteks.png","contentUrl":"https:\/\/narteks.net\/wp-content\/uploads\/narteks.png","width":300,"height":90,"caption":"narteks.net"},"image":{"@id":"https:\/\/narteks.net\/#\/schema\/logo\/image\/"},"sameAs":["https:\/\/x.com\/narteks","https:\/\/instagram.com\/narteksnet"]},{"@type":"Person","@id":"https:\/\/narteks.net\/#\/schema\/person\/61f37d9834294b72d31d274e7ed79bca","name":"Tar\u0131k","image":{"@type":"ImageObject","inLanguage":"tr","@id":"https:\/\/narteks.net\/#\/schema\/person\/image\/","url":"https:\/\/secure.gravatar.com\/avatar\/50865afb55632c4ae467e0af0930f6510aa2297d8014be502a55b14f3b7550cf?s=96&d=mm&r=g","contentUrl":"https:\/\/secure.gravatar.com\/avatar\/50865afb55632c4ae467e0af0930f6510aa2297d8014be502a55b14f3b7550cf?s=96&d=mm&r=g","caption":"Tar\u0131k"},"sameAs":["http:\/\/narteks.net"],"url":"https:\/\/narteks.net\/index.php\/author\/narbak\/"}]}},"_links":{"self":[{"href":"https:\/\/narteks.net\/index.php\/wp-json\/wp\/v2\/posts\/3909","targetHints":{"allow":["GET"]}}],"collection":[{"href":"https:\/\/narteks.net\/index.php\/wp-json\/wp\/v2\/posts"}],"about":[{"href":"https:\/\/narteks.net\/index.php\/wp-json\/wp\/v2\/types\/post"}],"author":[{"embeddable":true,"href":"https:\/\/narteks.net\/index.php\/wp-json\/wp\/v2\/users\/1"}],"replies":[{"embeddable":true,"href":"https:\/\/narteks.net\/index.php\/wp-json\/wp\/v2\/comments?post=3909"}],"version-history":[{"count":0,"href":"https:\/\/narteks.net\/index.php\/wp-json\/wp\/v2\/posts\/3909\/revisions"}],"wp:attachment":[{"href":"https:\/\/narteks.net\/index.php\/wp-json\/wp\/v2\/media?parent=3909"}],"wp:term":[{"taxonomy":"category","embeddable":true,"href":"https:\/\/narteks.net\/index.php\/wp-json\/wp\/v2\/categories?post=3909"},{"taxonomy":"post_tag","embeddable":true,"href":"https:\/\/narteks.net\/index.php\/wp-json\/wp\/v2\/tags?post=3909"}],"curies":[{"name":"wp","href":"https:\/\/api.w.org\/{rel}","templated":true}]}}