{"id":3917,"date":"2010-01-08T13:25:03","date_gmt":"2010-01-08T10:25:03","guid":{"rendered":"http:\/\/localhost\/wordpress\/2010\/01\/08\/am-ekir-e-welat-erintir-e\/"},"modified":"2010-01-08T13:25:03","modified_gmt":"2010-01-08T10:25:03","slug":"am-ekir-e-welat-erintir-e","status":"publish","type":"post","link":"https:\/\/narteks.net\/index.php\/2010\/01\/08\/am-ekir-e-welat-erintir-e\/","title":{"rendered":"\u015eam \u015eekir e Welat \u015e\u00ear\u00eentir e"},"content":{"rendered":"<p>\u00a0<\/p>\n<p><!--[if gte mso 9]><xml> <w:WordDocument> <w:View>Normal<\/w:View> <w:Zoom>0<\/w:Zoom> <w:PunctuationKerning \/> <w:ValidateAgainstSchemas \/> <w:SaveIfXMLInvalid>false<\/w:SaveIfXMLInvalid> <w:IgnoreMixedContent>false<\/w:IgnoreMixedContent> <w:AlwaysShowPlaceholderText>false<\/w:AlwaysShowPlaceholderText> <w:Compatibility> <w:BreakWrappedTables \/> <w:SnapToGridInCell \/> <w:WrapTextWithPunct \/> <w:UseAsianBreakRules \/> <w:DontGrowAutofit \/> <\/w:Compatibility> <w:BrowserLevel>MicrosoftInternetExplorer4<\/w:BrowserLevel> <\/w:WordDocument> <\/xml><![endif]--><!--[if gte mso 9]><xml> <w:LatentStyles DefLockedState=\"false\" LatentStyleCount=\"156\"> <\/w:LatentStyles> <\/xml><![endif]--> <span style=\"font-size: 11pt; line-height: 115%; font-family: Calibri;\" lang=\"TR\">Welat\u00ea min tiw\u00ee b\u00fbka cihan\u00ee <br \/> Hem\u00ee bax \u00fb bihi\u015ft \u00fb m\u00earg \u00fb kan\u00ee <\/p>\n<p> \u015eepal \u00fb \u015feng \u00fb \u015fox \u00fb naz \u00fb gewr\u00ee <br \/> Gelek \u015f\u00ear\u00een \u00fb rind \u00fb pir ciwan\u00ee <\/p>\n<p> Ser\u00ee taca Silahedd\u00een\u00ea kurd\u00ee <br \/> En\u00ee roje, di birca asiman\u00ee <\/p>\n<p> Du birh\u00ean te kevan\u00ean Rustem\u00ea Zal <br \/> Du zilf\u00ean te ji t\u00eer\u00ean qehreman\u00ee <\/p>\n<p> Riw\u00ea te agir\u00ea Zerde\u015ft \u00fb Mezdik <br \/> Ji te h\u00eastir \u015feraba Kam\u00eeran\u00ee <\/p>\n<p> Du l\u00eav\u00ean te kit\u00eaba Hac\u00ee Qadir <br \/> Ziman\u00ea te ji benda \u015f\u00eax\u00ea Xan\u00ee <\/p>\n<p> \u00c7ena te guh\u00ea C\u00fbd \u00fb \u015eax \u00fb Hebler <br \/> Qirik eywan \u00fb taqa kesrewan\u00ee <\/p>\n<p> Di s\u00eenga te kit\u00eaba Zendevista <br \/> Memik ferf\u00fbre t\u00eade neq\u015f\u00ea man\u00ee <\/p>\n<p> Du dest\u00ean te tix\u00fbb\u00ean Tirk \u00fb \u00ceran <br \/> Hero cenge bi t\u00eer\u00ean zerve\u015fan\u00ee <\/p>\n<p> Ji s\u00eenga te bi j\u00ear de geliy\u00ea Lale\u015f <br \/> Ziyaretgehe bo me her zeman\u00ee <\/p>\n<p> Bi n\u00ee\u015fan \u00fb bi nan \u00fb xw\u00een rija <br \/> Me dest girt \u00fb qelen da \u00fb tu an\u00ee <\/p>\n<p> Ser \u00fb pa zend \u00fb baz in tev bi hinne <br \/> Hem\u00ee sor in ji reng\u00ea erxewan\u00ee <\/p>\n<p> Bi te em \u015fa ne b\u00fbn ev b\u00fb du sed sal <br \/> Ji me deng\u00ea tivinga \u00e7\u00fbye ban\u00ee <\/p>\n<p> Bira \u00fb law \u00fb bav \u00fb ap \u00fb pismam <br \/> Li ser te hev di ku\u015ftin pehlewan\u00ee <\/p>\n<p> Ji Loran ta bi Zazan tev bi xencer <\/span><\/p>\n","protected":false},"excerpt":{"rendered":"<p>\u00a0 Welat\u00ea min tiw\u00ee b\u00fbka cihan\u00ee Hem\u00ee bax \u00fb bihi\u015ft \u00fb m\u00earg \u00fb kan\u00ee \u015eepal \u00fb \u015feng \u00fb \u015fox \u00fb naz \u00fb gewr\u00ee Gelek \u015f\u00ear\u00een \u00fb rind \u00fb pir ciwan\u00ee Ser\u00ee taca Silahedd\u00een\u00ea kurd\u00ee En\u00ee roje, di birca asiman\u00ee Du birh\u00ean te kevan\u00ean Rustem\u00ea Zal Du zilf\u00ean te ji t\u00eer\u00ean qehreman\u00ee Riw\u00ea te agir\u00ea Zerde\u015ft [&hellip;]<\/p>\n","protected":false},"author":1,"featured_media":0,"comment_status":"open","ping_status":"open","sticky":false,"template":"","format":"standard","meta":{"footnotes":""},"categories":[129],"tags":[],"class_list":{"0":"post-3917","1":"post","2":"type-post","3":"status-publish","4":"format-standard","6":"category-cigerxwin"},"yoast_head":"<!-- This site is optimized with the Yoast SEO Premium plugin v24.9 (Yoast SEO v24.9) - https:\/\/yoast.com\/wordpress\/plugins\/seo\/ -->\n<title>\u015eam \u015eekir e Welat \u015e\u00ear\u00eentir e - narteks.net<\/title>\n<meta name=\"robots\" content=\"index, follow, max-snippet:-1, max-image-preview:large, max-video-preview:-1\" \/>\n<link rel=\"canonical\" href=\"https:\/\/narteks.net\/index.php\/2010\/01\/08\/am-ekir-e-welat-erintir-e\/\" \/>\n<meta property=\"og:locale\" content=\"tr_TR\" \/>\n<meta property=\"og:type\" content=\"article\" \/>\n<meta property=\"og:title\" content=\"\u015eam \u015eekir e Welat \u015e\u00ear\u00eentir e\" \/>\n<meta property=\"og:description\" content=\"\u00a0 Welat\u00ea min tiw\u00ee b\u00fbka cihan\u00ee Hem\u00ee bax \u00fb bihi\u015ft \u00fb m\u00earg \u00fb kan\u00ee \u015eepal \u00fb \u015feng \u00fb \u015fox \u00fb naz \u00fb gewr\u00ee Gelek \u015f\u00ear\u00een \u00fb rind \u00fb pir ciwan\u00ee Ser\u00ee taca Silahedd\u00een\u00ea kurd\u00ee En\u00ee roje, di birca asiman\u00ee Du birh\u00ean te kevan\u00ean Rustem\u00ea Zal Du zilf\u00ean te ji t\u00eer\u00ean qehreman\u00ee Riw\u00ea te agir\u00ea Zerde\u015ft [&hellip;]\" \/>\n<meta property=\"og:url\" content=\"https:\/\/narteks.net\/index.php\/2010\/01\/08\/am-ekir-e-welat-erintir-e\/\" \/>\n<meta property=\"og:site_name\" content=\"narteks.net\" \/>\n<meta property=\"article:published_time\" content=\"2010-01-08T10:25:03+00:00\" \/>\n<meta property=\"og:image\" content=\"https:\/\/narteks.net\/wp-content\/uploads\/narteks.png\" \/>\n\t<meta property=\"og:image:width\" content=\"300\" \/>\n\t<meta property=\"og:image:height\" content=\"90\" \/>\n\t<meta property=\"og:image:type\" content=\"image\/png\" \/>\n<meta name=\"author\" content=\"Tar\u0131k\" \/>\n<meta name=\"twitter:card\" content=\"summary_large_image\" \/>\n<meta name=\"twitter:creator\" content=\"@narteks\" \/>\n<meta name=\"twitter:site\" content=\"@narteks\" \/>\n<meta name=\"twitter:label1\" content=\"Yazan:\" \/>\n\t<meta name=\"twitter:data1\" content=\"Tar\u0131k\" \/>\n\t<meta name=\"twitter:label2\" content=\"Tahmini okuma s\u00fcresi\" \/>\n\t<meta name=\"twitter:data2\" content=\"1 dakika\" \/>\n<script type=\"application\/ld+json\" class=\"yoast-schema-graph\">{\"@context\":\"https:\/\/schema.org\",\"@graph\":[{\"@type\":\"Article\",\"@id\":\"https:\/\/narteks.net\/index.php\/2010\/01\/08\/am-ekir-e-welat-erintir-e\/#article\",\"isPartOf\":{\"@id\":\"https:\/\/narteks.net\/index.php\/2010\/01\/08\/am-ekir-e-welat-erintir-e\/\"},\"author\":{\"name\":\"Tar\u0131k\",\"@id\":\"https:\/\/narteks.net\/#\/schema\/person\/61f37d9834294b72d31d274e7ed79bca\"},\"headline\":\"\u015eam \u015eekir e Welat \u015e\u00ear\u00eentir e\",\"datePublished\":\"2010-01-08T10:25:03+00:00\",\"mainEntityOfPage\":{\"@id\":\"https:\/\/narteks.net\/index.php\/2010\/01\/08\/am-ekir-e-welat-erintir-e\/\"},\"wordCount\":211,\"commentCount\":0,\"publisher\":{\"@id\":\"https:\/\/narteks.net\/#organization\"},\"articleSection\":[\"Cigerxwin\"],\"inLanguage\":\"tr\",\"potentialAction\":[{\"@type\":\"CommentAction\",\"name\":\"Comment\",\"target\":[\"https:\/\/narteks.net\/index.php\/2010\/01\/08\/am-ekir-e-welat-erintir-e\/#respond\"]}]},{\"@type\":\"WebPage\",\"@id\":\"https:\/\/narteks.net\/index.php\/2010\/01\/08\/am-ekir-e-welat-erintir-e\/\",\"url\":\"https:\/\/narteks.net\/index.php\/2010\/01\/08\/am-ekir-e-welat-erintir-e\/\",\"name\":\"\u015eam \u015eekir e Welat \u015e\u00ear\u00eentir e - narteks.net\",\"isPartOf\":{\"@id\":\"https:\/\/narteks.net\/#website\"},\"datePublished\":\"2010-01-08T10:25:03+00:00\",\"breadcrumb\":{\"@id\":\"https:\/\/narteks.net\/index.php\/2010\/01\/08\/am-ekir-e-welat-erintir-e\/#breadcrumb\"},\"inLanguage\":\"tr\",\"potentialAction\":[{\"@type\":\"ReadAction\",\"target\":[\"https:\/\/narteks.net\/index.php\/2010\/01\/08\/am-ekir-e-welat-erintir-e\/\"]}]},{\"@type\":\"BreadcrumbList\",\"@id\":\"https:\/\/narteks.net\/index.php\/2010\/01\/08\/am-ekir-e-welat-erintir-e\/#breadcrumb\",\"itemListElement\":[{\"@type\":\"ListItem\",\"position\":1,\"name\":\"Anasayfa\",\"item\":\"https:\/\/narteks.net\/\"},{\"@type\":\"ListItem\",\"position\":2,\"name\":\"\u015eam \u015eekir e Welat \u015e\u00ear\u00eentir e\"}]},{\"@type\":\"WebSite\",\"@id\":\"https:\/\/narteks.net\/#website\",\"url\":\"https:\/\/narteks.net\/\",\"name\":\"narteks.net\",\"description\":\"K\u00fclt\u00fcr Sanat Edebiyat Felsefe\",\"publisher\":{\"@id\":\"https:\/\/narteks.net\/#organization\"},\"alternateName\":\"K\u00fclt\u00fcr Sanat Edebiyat Felsefe\",\"potentialAction\":[{\"@type\":\"SearchAction\",\"target\":{\"@type\":\"EntryPoint\",\"urlTemplate\":\"https:\/\/narteks.net\/?s={search_term_string}\"},\"query-input\":{\"@type\":\"PropertyValueSpecification\",\"valueRequired\":true,\"valueName\":\"search_term_string\"}}],\"inLanguage\":\"tr\"},{\"@type\":\"Organization\",\"@id\":\"https:\/\/narteks.net\/#organization\",\"name\":\"narteks.net\",\"url\":\"https:\/\/narteks.net\/\",\"logo\":{\"@type\":\"ImageObject\",\"inLanguage\":\"tr\",\"@id\":\"https:\/\/narteks.net\/#\/schema\/logo\/image\/\",\"url\":\"https:\/\/narteks.net\/wp-content\/uploads\/narteks.png\",\"contentUrl\":\"https:\/\/narteks.net\/wp-content\/uploads\/narteks.png\",\"width\":300,\"height\":90,\"caption\":\"narteks.net\"},\"image\":{\"@id\":\"https:\/\/narteks.net\/#\/schema\/logo\/image\/\"},\"sameAs\":[\"https:\/\/x.com\/narteks\",\"https:\/\/instagram.com\/narteksnet\"]},{\"@type\":\"Person\",\"@id\":\"https:\/\/narteks.net\/#\/schema\/person\/61f37d9834294b72d31d274e7ed79bca\",\"name\":\"Tar\u0131k\",\"image\":{\"@type\":\"ImageObject\",\"inLanguage\":\"tr\",\"@id\":\"https:\/\/narteks.net\/#\/schema\/person\/image\/\",\"url\":\"https:\/\/secure.gravatar.com\/avatar\/50865afb55632c4ae467e0af0930f6510aa2297d8014be502a55b14f3b7550cf?s=96&d=mm&r=g\",\"contentUrl\":\"https:\/\/secure.gravatar.com\/avatar\/50865afb55632c4ae467e0af0930f6510aa2297d8014be502a55b14f3b7550cf?s=96&d=mm&r=g\",\"caption\":\"Tar\u0131k\"},\"sameAs\":[\"http:\/\/narteks.net\"],\"url\":\"https:\/\/narteks.net\/index.php\/author\/narbak\/\"}]}<\/script>\n<!-- \/ Yoast SEO Premium plugin. -->","yoast_head_json":{"title":"\u015eam \u015eekir e Welat \u015e\u00ear\u00eentir e - narteks.net","robots":{"index":"index","follow":"follow","max-snippet":"max-snippet:-1","max-image-preview":"max-image-preview:large","max-video-preview":"max-video-preview:-1"},"canonical":"https:\/\/narteks.net\/index.php\/2010\/01\/08\/am-ekir-e-welat-erintir-e\/","og_locale":"tr_TR","og_type":"article","og_title":"\u015eam \u015eekir e Welat \u015e\u00ear\u00eentir e","og_description":"\u00a0 Welat\u00ea min tiw\u00ee b\u00fbka cihan\u00ee Hem\u00ee bax \u00fb bihi\u015ft \u00fb m\u00earg \u00fb kan\u00ee \u015eepal \u00fb \u015feng \u00fb \u015fox \u00fb naz \u00fb gewr\u00ee Gelek \u015f\u00ear\u00een \u00fb rind \u00fb pir ciwan\u00ee Ser\u00ee taca Silahedd\u00een\u00ea kurd\u00ee En\u00ee roje, di birca asiman\u00ee Du birh\u00ean te kevan\u00ean Rustem\u00ea Zal Du zilf\u00ean te ji t\u00eer\u00ean qehreman\u00ee Riw\u00ea te agir\u00ea Zerde\u015ft [&hellip;]","og_url":"https:\/\/narteks.net\/index.php\/2010\/01\/08\/am-ekir-e-welat-erintir-e\/","og_site_name":"narteks.net","article_published_time":"2010-01-08T10:25:03+00:00","og_image":[{"width":300,"height":90,"url":"https:\/\/narteks.net\/wp-content\/uploads\/narteks.png","type":"image\/png"}],"author":"Tar\u0131k","twitter_card":"summary_large_image","twitter_creator":"@narteks","twitter_site":"@narteks","twitter_misc":{"Yazan:":"Tar\u0131k","Tahmini okuma s\u00fcresi":"1 dakika"},"schema":{"@context":"https:\/\/schema.org","@graph":[{"@type":"Article","@id":"https:\/\/narteks.net\/index.php\/2010\/01\/08\/am-ekir-e-welat-erintir-e\/#article","isPartOf":{"@id":"https:\/\/narteks.net\/index.php\/2010\/01\/08\/am-ekir-e-welat-erintir-e\/"},"author":{"name":"Tar\u0131k","@id":"https:\/\/narteks.net\/#\/schema\/person\/61f37d9834294b72d31d274e7ed79bca"},"headline":"\u015eam \u015eekir e Welat \u015e\u00ear\u00eentir e","datePublished":"2010-01-08T10:25:03+00:00","mainEntityOfPage":{"@id":"https:\/\/narteks.net\/index.php\/2010\/01\/08\/am-ekir-e-welat-erintir-e\/"},"wordCount":211,"commentCount":0,"publisher":{"@id":"https:\/\/narteks.net\/#organization"},"articleSection":["Cigerxwin"],"inLanguage":"tr","potentialAction":[{"@type":"CommentAction","name":"Comment","target":["https:\/\/narteks.net\/index.php\/2010\/01\/08\/am-ekir-e-welat-erintir-e\/#respond"]}]},{"@type":"WebPage","@id":"https:\/\/narteks.net\/index.php\/2010\/01\/08\/am-ekir-e-welat-erintir-e\/","url":"https:\/\/narteks.net\/index.php\/2010\/01\/08\/am-ekir-e-welat-erintir-e\/","name":"\u015eam \u015eekir e Welat \u015e\u00ear\u00eentir e - narteks.net","isPartOf":{"@id":"https:\/\/narteks.net\/#website"},"datePublished":"2010-01-08T10:25:03+00:00","breadcrumb":{"@id":"https:\/\/narteks.net\/index.php\/2010\/01\/08\/am-ekir-e-welat-erintir-e\/#breadcrumb"},"inLanguage":"tr","potentialAction":[{"@type":"ReadAction","target":["https:\/\/narteks.net\/index.php\/2010\/01\/08\/am-ekir-e-welat-erintir-e\/"]}]},{"@type":"BreadcrumbList","@id":"https:\/\/narteks.net\/index.php\/2010\/01\/08\/am-ekir-e-welat-erintir-e\/#breadcrumb","itemListElement":[{"@type":"ListItem","position":1,"name":"Anasayfa","item":"https:\/\/narteks.net\/"},{"@type":"ListItem","position":2,"name":"\u015eam \u015eekir e Welat \u015e\u00ear\u00eentir e"}]},{"@type":"WebSite","@id":"https:\/\/narteks.net\/#website","url":"https:\/\/narteks.net\/","name":"narteks.net","description":"K\u00fclt\u00fcr Sanat Edebiyat Felsefe","publisher":{"@id":"https:\/\/narteks.net\/#organization"},"alternateName":"K\u00fclt\u00fcr Sanat Edebiyat Felsefe","potentialAction":[{"@type":"SearchAction","target":{"@type":"EntryPoint","urlTemplate":"https:\/\/narteks.net\/?s={search_term_string}"},"query-input":{"@type":"PropertyValueSpecification","valueRequired":true,"valueName":"search_term_string"}}],"inLanguage":"tr"},{"@type":"Organization","@id":"https:\/\/narteks.net\/#organization","name":"narteks.net","url":"https:\/\/narteks.net\/","logo":{"@type":"ImageObject","inLanguage":"tr","@id":"https:\/\/narteks.net\/#\/schema\/logo\/image\/","url":"https:\/\/narteks.net\/wp-content\/uploads\/narteks.png","contentUrl":"https:\/\/narteks.net\/wp-content\/uploads\/narteks.png","width":300,"height":90,"caption":"narteks.net"},"image":{"@id":"https:\/\/narteks.net\/#\/schema\/logo\/image\/"},"sameAs":["https:\/\/x.com\/narteks","https:\/\/instagram.com\/narteksnet"]},{"@type":"Person","@id":"https:\/\/narteks.net\/#\/schema\/person\/61f37d9834294b72d31d274e7ed79bca","name":"Tar\u0131k","image":{"@type":"ImageObject","inLanguage":"tr","@id":"https:\/\/narteks.net\/#\/schema\/person\/image\/","url":"https:\/\/secure.gravatar.com\/avatar\/50865afb55632c4ae467e0af0930f6510aa2297d8014be502a55b14f3b7550cf?s=96&d=mm&r=g","contentUrl":"https:\/\/secure.gravatar.com\/avatar\/50865afb55632c4ae467e0af0930f6510aa2297d8014be502a55b14f3b7550cf?s=96&d=mm&r=g","caption":"Tar\u0131k"},"sameAs":["http:\/\/narteks.net"],"url":"https:\/\/narteks.net\/index.php\/author\/narbak\/"}]}},"_links":{"self":[{"href":"https:\/\/narteks.net\/index.php\/wp-json\/wp\/v2\/posts\/3917","targetHints":{"allow":["GET"]}}],"collection":[{"href":"https:\/\/narteks.net\/index.php\/wp-json\/wp\/v2\/posts"}],"about":[{"href":"https:\/\/narteks.net\/index.php\/wp-json\/wp\/v2\/types\/post"}],"author":[{"embeddable":true,"href":"https:\/\/narteks.net\/index.php\/wp-json\/wp\/v2\/users\/1"}],"replies":[{"embeddable":true,"href":"https:\/\/narteks.net\/index.php\/wp-json\/wp\/v2\/comments?post=3917"}],"version-history":[{"count":0,"href":"https:\/\/narteks.net\/index.php\/wp-json\/wp\/v2\/posts\/3917\/revisions"}],"wp:attachment":[{"href":"https:\/\/narteks.net\/index.php\/wp-json\/wp\/v2\/media?parent=3917"}],"wp:term":[{"taxonomy":"category","embeddable":true,"href":"https:\/\/narteks.net\/index.php\/wp-json\/wp\/v2\/categories?post=3917"},{"taxonomy":"post_tag","embeddable":true,"href":"https:\/\/narteks.net\/index.php\/wp-json\/wp\/v2\/tags?post=3917"}],"curies":[{"name":"wp","href":"https:\/\/api.w.org\/{rel}","templated":true}]}}