{"id":3918,"date":"2010-01-08T13:25:41","date_gmt":"2010-01-08T10:25:41","guid":{"rendered":"http:\/\/localhost\/wordpress\/2010\/01\/08\/dihatin-hev-li-meydane-berani\/"},"modified":"2010-01-08T13:25:41","modified_gmt":"2010-01-08T10:25:41","slug":"dihatin-hev-li-meydane-berani","status":"publish","type":"post","link":"https:\/\/narteks.net\/index.php\/2010\/01\/08\/dihatin-hev-li-meydane-berani\/","title":{"rendered":"Dihatin hev li meydan\u00ea beran\u00ee"},"content":{"rendered":"<p>\u00a0<\/p>\n<p><!--[if gte mso 9]><xml> <w:WordDocument> <w:View>Normal<\/w:View> <w:Zoom>0<\/w:Zoom> <w:PunctuationKerning \/> <w:ValidateAgainstSchemas \/> <w:SaveIfXMLInvalid>false<\/w:SaveIfXMLInvalid> <w:IgnoreMixedContent>false<\/w:IgnoreMixedContent> <w:AlwaysShowPlaceholderText>false<\/w:AlwaysShowPlaceholderText> <w:Compatibility> <w:BreakWrappedTables \/> <w:SnapToGridInCell \/> <w:WrapTextWithPunct \/> <w:UseAsianBreakRules \/> <w:DontGrowAutofit \/> <\/w:Compatibility> <w:BrowserLevel>MicrosoftInternetExplorer4<\/w:BrowserLevel> <\/w:WordDocument> <\/xml><![endif]--><!--[if gte mso 9]><xml> <w:LatentStyles DefLockedState=\"false\" LatentStyleCount=\"156\"> <\/w:LatentStyles> <\/xml><![endif]--> <!--[if gte mso 10]> <mce:style><!   \/* Style Definitions *\/  table.MsoNormalTable \t{mso-style-name:\"Table Normal\"; \tmso-tstyle-rowband-size:0; \tmso-tstyle-colband-size:0; \tmso-style-noshow:yes; \tmso-style-parent:\"\"; \tmso-padding-alt:0cm 5.4pt 0cm 5.4pt; \tmso-para-margin:0cm; \tmso-para-margin-bottom:.0001pt; \tmso-pagination:widow-orphan; \tfont-size:10.0pt; \tfont-family:\"Times New Roman\"; \tmso-ansi-language:#0400; \tmso-fareast-language:#0400; \tmso-bidi-language:#0400;} --> <!--[endif]--><span style=\"font-size: 11pt; line-height: 115%; font-family: Calibri;\" lang=\"TR\">Bi talan \u00fb bi ku\u015ftin, hem bi sotin <br \/> Me kon\u00ea \u015fer li ser s\u00eenga te dan\u00ee <\/p>\n<p> Em\u00eer \u00fb begler \u00fb pa\u015fa \u00fb axa <br \/> Kirin w\u00earan sera \u00fb birc \u00fb xan\u00ee <\/p>\n<p> Li al\u00eek\u00ee te deng \u00fb ceng \u00fb halan <br \/> Li al\u00eek\u00ee seday\u00ea xwe\u015f\u00ea san\u00ee <\/p>\n<p> Hem\u00ee b\u00fbne mir\u00eed \u00fb \u015f\u00eax \u00fb sof\u00ee <br \/> Bihi\u015ft\u00ee ne \u00e7ikin nav \u00fb ni\u015fan\u00ee <\/p>\n<p> Li axur radizin l\u00ea \u015f\u00eax di\u00e7\u00ee jor <br \/> Ber\u00ee n\u00eevro ji ban\u00ee t\u00ea giran\u00ee <\/p>\n<p> Ser \u00fb pa tev dik\u00ee gulav \u00fb ember <br \/> Dib\u00ea n\u00fbre kero ma tu \u00e7i zan\u00ee? ! <\/p>\n<p> Bi van xapan dixwarin xiwarin\u00ean xwe\u015f <br \/> Wek\u00ee \u015f\u00eax \u00fb melay\u00ean v\u00ee zeman\u00ee <\/p>\n<p> Du derd\u00ean me heb\u00fbn dijwar \u00fb xeddar <br \/> Xizan\u00ee yek, ew\u00ea di her nezan\u00ee <\/p>\n<p> Weke \u015f\u00ear \u00fb pilingan em di\u00e7\u00fbn hev <br \/> Pen\u00eer rov\u00ee ji meydan\u00ea hilan\u00ee <\/p>\n<p> Me ew roj\u00ean ciwan\u00ee tev bi derdan <br \/> Bi z\u00eevar\u00ee, belengaz\u00ee, \u015fivan\u00ee <\/p>\n<p> Her\u00ea b\u00fbk\u00ea pep\u00fbk\u00ea jar \u00fb mest\u00ea <br \/> Li ser s\u00eenga te zava man biyan\u00ee <\/p>\n<p> Te re\u015f daye ser\u00ea xwe ber li ser me <br \/> Li te rok\u00ea dib\u00ee p\u00eeroz kitan\u00ee <\/p>\n<p> Cegerxw\u00een e kur\u00ea te her dinal <br \/> Ji ber jana nezan\u00ee \u00fb xizan\u00ee&#8230; <br \/> <!--[if !supportLineBreakNewLine]--><br \/> <!--[endif]--><\/span><\/p>\n","protected":false},"excerpt":{"rendered":"<p>\u00a0 Bi talan \u00fb bi ku\u015ftin, hem bi sotin Me kon\u00ea \u015fer li ser s\u00eenga te dan\u00ee Em\u00eer \u00fb begler \u00fb pa\u015fa \u00fb axa Kirin w\u00earan sera \u00fb birc \u00fb xan\u00ee Li al\u00eek\u00ee te deng \u00fb ceng \u00fb halan Li al\u00eek\u00ee seday\u00ea xwe\u015f\u00ea san\u00ee Hem\u00ee b\u00fbne mir\u00eed \u00fb \u015f\u00eax \u00fb sof\u00ee Bihi\u015ft\u00ee ne \u00e7ikin nav [&hellip;]<\/p>\n","protected":false},"author":1,"featured_media":0,"comment_status":"open","ping_status":"open","sticky":false,"template":"","format":"standard","meta":{"footnotes":""},"categories":[129],"tags":[],"class_list":{"0":"post-3918","1":"post","2":"type-post","3":"status-publish","4":"format-standard","6":"category-cigerxwin"},"yoast_head":"<!-- This site is optimized with the Yoast SEO Premium plugin v24.9 (Yoast SEO v24.9) - https:\/\/yoast.com\/wordpress\/plugins\/seo\/ -->\n<title>Dihatin hev li meydan\u00ea beran\u00ee - narteks.net<\/title>\n<meta name=\"robots\" content=\"index, follow, max-snippet:-1, max-image-preview:large, max-video-preview:-1\" \/>\n<link rel=\"canonical\" href=\"https:\/\/narteks.net\/index.php\/2010\/01\/08\/dihatin-hev-li-meydane-berani\/\" \/>\n<meta property=\"og:locale\" content=\"tr_TR\" \/>\n<meta property=\"og:type\" content=\"article\" \/>\n<meta property=\"og:title\" content=\"Dihatin hev li meydan\u00ea beran\u00ee\" \/>\n<meta property=\"og:description\" content=\"\u00a0 Bi talan \u00fb bi ku\u015ftin, hem bi sotin Me kon\u00ea \u015fer li ser s\u00eenga te dan\u00ee Em\u00eer \u00fb begler \u00fb pa\u015fa \u00fb axa Kirin w\u00earan sera \u00fb birc \u00fb xan\u00ee Li al\u00eek\u00ee te deng \u00fb ceng \u00fb halan Li al\u00eek\u00ee seday\u00ea xwe\u015f\u00ea san\u00ee Hem\u00ee b\u00fbne mir\u00eed \u00fb \u015f\u00eax \u00fb sof\u00ee Bihi\u015ft\u00ee ne \u00e7ikin nav [&hellip;]\" \/>\n<meta property=\"og:url\" content=\"https:\/\/narteks.net\/index.php\/2010\/01\/08\/dihatin-hev-li-meydane-berani\/\" \/>\n<meta property=\"og:site_name\" content=\"narteks.net\" \/>\n<meta property=\"article:published_time\" content=\"2010-01-08T10:25:41+00:00\" \/>\n<meta property=\"og:image\" content=\"https:\/\/narteks.net\/wp-content\/uploads\/narteks.png\" \/>\n\t<meta property=\"og:image:width\" content=\"300\" \/>\n\t<meta property=\"og:image:height\" content=\"90\" \/>\n\t<meta property=\"og:image:type\" content=\"image\/png\" \/>\n<meta name=\"author\" content=\"Tar\u0131k\" \/>\n<meta name=\"twitter:card\" content=\"summary_large_image\" \/>\n<meta name=\"twitter:creator\" content=\"@narteks\" \/>\n<meta name=\"twitter:site\" content=\"@narteks\" \/>\n<meta name=\"twitter:label1\" content=\"Yazan:\" \/>\n\t<meta name=\"twitter:data1\" content=\"Tar\u0131k\" \/>\n\t<meta name=\"twitter:label2\" content=\"Tahmini okuma s\u00fcresi\" \/>\n\t<meta name=\"twitter:data2\" content=\"1 dakika\" \/>\n<script type=\"application\/ld+json\" class=\"yoast-schema-graph\">{\"@context\":\"https:\/\/schema.org\",\"@graph\":[{\"@type\":\"Article\",\"@id\":\"https:\/\/narteks.net\/index.php\/2010\/01\/08\/dihatin-hev-li-meydane-berani\/#article\",\"isPartOf\":{\"@id\":\"https:\/\/narteks.net\/index.php\/2010\/01\/08\/dihatin-hev-li-meydane-berani\/\"},\"author\":{\"name\":\"Tar\u0131k\",\"@id\":\"https:\/\/narteks.net\/#\/schema\/person\/61f37d9834294b72d31d274e7ed79bca\"},\"headline\":\"Dihatin hev li meydan\u00ea beran\u00ee\",\"datePublished\":\"2010-01-08T10:25:41+00:00\",\"mainEntityOfPage\":{\"@id\":\"https:\/\/narteks.net\/index.php\/2010\/01\/08\/dihatin-hev-li-meydane-berani\/\"},\"wordCount\":185,\"commentCount\":0,\"publisher\":{\"@id\":\"https:\/\/narteks.net\/#organization\"},\"articleSection\":[\"Cigerxwin\"],\"inLanguage\":\"tr\",\"potentialAction\":[{\"@type\":\"CommentAction\",\"name\":\"Comment\",\"target\":[\"https:\/\/narteks.net\/index.php\/2010\/01\/08\/dihatin-hev-li-meydane-berani\/#respond\"]}]},{\"@type\":\"WebPage\",\"@id\":\"https:\/\/narteks.net\/index.php\/2010\/01\/08\/dihatin-hev-li-meydane-berani\/\",\"url\":\"https:\/\/narteks.net\/index.php\/2010\/01\/08\/dihatin-hev-li-meydane-berani\/\",\"name\":\"Dihatin hev li meydan\u00ea beran\u00ee - narteks.net\",\"isPartOf\":{\"@id\":\"https:\/\/narteks.net\/#website\"},\"datePublished\":\"2010-01-08T10:25:41+00:00\",\"breadcrumb\":{\"@id\":\"https:\/\/narteks.net\/index.php\/2010\/01\/08\/dihatin-hev-li-meydane-berani\/#breadcrumb\"},\"inLanguage\":\"tr\",\"potentialAction\":[{\"@type\":\"ReadAction\",\"target\":[\"https:\/\/narteks.net\/index.php\/2010\/01\/08\/dihatin-hev-li-meydane-berani\/\"]}]},{\"@type\":\"BreadcrumbList\",\"@id\":\"https:\/\/narteks.net\/index.php\/2010\/01\/08\/dihatin-hev-li-meydane-berani\/#breadcrumb\",\"itemListElement\":[{\"@type\":\"ListItem\",\"position\":1,\"name\":\"Anasayfa\",\"item\":\"https:\/\/narteks.net\/\"},{\"@type\":\"ListItem\",\"position\":2,\"name\":\"Dihatin hev li meydan\u00ea beran\u00ee\"}]},{\"@type\":\"WebSite\",\"@id\":\"https:\/\/narteks.net\/#website\",\"url\":\"https:\/\/narteks.net\/\",\"name\":\"narteks.net\",\"description\":\"K\u00fclt\u00fcr Sanat Edebiyat Felsefe\",\"publisher\":{\"@id\":\"https:\/\/narteks.net\/#organization\"},\"alternateName\":\"K\u00fclt\u00fcr Sanat Edebiyat Felsefe\",\"potentialAction\":[{\"@type\":\"SearchAction\",\"target\":{\"@type\":\"EntryPoint\",\"urlTemplate\":\"https:\/\/narteks.net\/?s={search_term_string}\"},\"query-input\":{\"@type\":\"PropertyValueSpecification\",\"valueRequired\":true,\"valueName\":\"search_term_string\"}}],\"inLanguage\":\"tr\"},{\"@type\":\"Organization\",\"@id\":\"https:\/\/narteks.net\/#organization\",\"name\":\"narteks.net\",\"url\":\"https:\/\/narteks.net\/\",\"logo\":{\"@type\":\"ImageObject\",\"inLanguage\":\"tr\",\"@id\":\"https:\/\/narteks.net\/#\/schema\/logo\/image\/\",\"url\":\"https:\/\/narteks.net\/wp-content\/uploads\/narteks.png\",\"contentUrl\":\"https:\/\/narteks.net\/wp-content\/uploads\/narteks.png\",\"width\":300,\"height\":90,\"caption\":\"narteks.net\"},\"image\":{\"@id\":\"https:\/\/narteks.net\/#\/schema\/logo\/image\/\"},\"sameAs\":[\"https:\/\/x.com\/narteks\",\"https:\/\/instagram.com\/narteksnet\"]},{\"@type\":\"Person\",\"@id\":\"https:\/\/narteks.net\/#\/schema\/person\/61f37d9834294b72d31d274e7ed79bca\",\"name\":\"Tar\u0131k\",\"image\":{\"@type\":\"ImageObject\",\"inLanguage\":\"tr\",\"@id\":\"https:\/\/narteks.net\/#\/schema\/person\/image\/\",\"url\":\"https:\/\/secure.gravatar.com\/avatar\/50865afb55632c4ae467e0af0930f6510aa2297d8014be502a55b14f3b7550cf?s=96&d=mm&r=g\",\"contentUrl\":\"https:\/\/secure.gravatar.com\/avatar\/50865afb55632c4ae467e0af0930f6510aa2297d8014be502a55b14f3b7550cf?s=96&d=mm&r=g\",\"caption\":\"Tar\u0131k\"},\"sameAs\":[\"http:\/\/narteks.net\"],\"url\":\"https:\/\/narteks.net\/index.php\/author\/narbak\/\"}]}<\/script>\n<!-- \/ Yoast SEO Premium plugin. -->","yoast_head_json":{"title":"Dihatin hev li meydan\u00ea beran\u00ee - narteks.net","robots":{"index":"index","follow":"follow","max-snippet":"max-snippet:-1","max-image-preview":"max-image-preview:large","max-video-preview":"max-video-preview:-1"},"canonical":"https:\/\/narteks.net\/index.php\/2010\/01\/08\/dihatin-hev-li-meydane-berani\/","og_locale":"tr_TR","og_type":"article","og_title":"Dihatin hev li meydan\u00ea beran\u00ee","og_description":"\u00a0 Bi talan \u00fb bi ku\u015ftin, hem bi sotin Me kon\u00ea \u015fer li ser s\u00eenga te dan\u00ee Em\u00eer \u00fb begler \u00fb pa\u015fa \u00fb axa Kirin w\u00earan sera \u00fb birc \u00fb xan\u00ee Li al\u00eek\u00ee te deng \u00fb ceng \u00fb halan Li al\u00eek\u00ee seday\u00ea xwe\u015f\u00ea san\u00ee Hem\u00ee b\u00fbne mir\u00eed \u00fb \u015f\u00eax \u00fb sof\u00ee Bihi\u015ft\u00ee ne \u00e7ikin nav [&hellip;]","og_url":"https:\/\/narteks.net\/index.php\/2010\/01\/08\/dihatin-hev-li-meydane-berani\/","og_site_name":"narteks.net","article_published_time":"2010-01-08T10:25:41+00:00","og_image":[{"width":300,"height":90,"url":"https:\/\/narteks.net\/wp-content\/uploads\/narteks.png","type":"image\/png"}],"author":"Tar\u0131k","twitter_card":"summary_large_image","twitter_creator":"@narteks","twitter_site":"@narteks","twitter_misc":{"Yazan:":"Tar\u0131k","Tahmini okuma s\u00fcresi":"1 dakika"},"schema":{"@context":"https:\/\/schema.org","@graph":[{"@type":"Article","@id":"https:\/\/narteks.net\/index.php\/2010\/01\/08\/dihatin-hev-li-meydane-berani\/#article","isPartOf":{"@id":"https:\/\/narteks.net\/index.php\/2010\/01\/08\/dihatin-hev-li-meydane-berani\/"},"author":{"name":"Tar\u0131k","@id":"https:\/\/narteks.net\/#\/schema\/person\/61f37d9834294b72d31d274e7ed79bca"},"headline":"Dihatin hev li meydan\u00ea beran\u00ee","datePublished":"2010-01-08T10:25:41+00:00","mainEntityOfPage":{"@id":"https:\/\/narteks.net\/index.php\/2010\/01\/08\/dihatin-hev-li-meydane-berani\/"},"wordCount":185,"commentCount":0,"publisher":{"@id":"https:\/\/narteks.net\/#organization"},"articleSection":["Cigerxwin"],"inLanguage":"tr","potentialAction":[{"@type":"CommentAction","name":"Comment","target":["https:\/\/narteks.net\/index.php\/2010\/01\/08\/dihatin-hev-li-meydane-berani\/#respond"]}]},{"@type":"WebPage","@id":"https:\/\/narteks.net\/index.php\/2010\/01\/08\/dihatin-hev-li-meydane-berani\/","url":"https:\/\/narteks.net\/index.php\/2010\/01\/08\/dihatin-hev-li-meydane-berani\/","name":"Dihatin hev li meydan\u00ea beran\u00ee - narteks.net","isPartOf":{"@id":"https:\/\/narteks.net\/#website"},"datePublished":"2010-01-08T10:25:41+00:00","breadcrumb":{"@id":"https:\/\/narteks.net\/index.php\/2010\/01\/08\/dihatin-hev-li-meydane-berani\/#breadcrumb"},"inLanguage":"tr","potentialAction":[{"@type":"ReadAction","target":["https:\/\/narteks.net\/index.php\/2010\/01\/08\/dihatin-hev-li-meydane-berani\/"]}]},{"@type":"BreadcrumbList","@id":"https:\/\/narteks.net\/index.php\/2010\/01\/08\/dihatin-hev-li-meydane-berani\/#breadcrumb","itemListElement":[{"@type":"ListItem","position":1,"name":"Anasayfa","item":"https:\/\/narteks.net\/"},{"@type":"ListItem","position":2,"name":"Dihatin hev li meydan\u00ea beran\u00ee"}]},{"@type":"WebSite","@id":"https:\/\/narteks.net\/#website","url":"https:\/\/narteks.net\/","name":"narteks.net","description":"K\u00fclt\u00fcr Sanat Edebiyat Felsefe","publisher":{"@id":"https:\/\/narteks.net\/#organization"},"alternateName":"K\u00fclt\u00fcr Sanat Edebiyat Felsefe","potentialAction":[{"@type":"SearchAction","target":{"@type":"EntryPoint","urlTemplate":"https:\/\/narteks.net\/?s={search_term_string}"},"query-input":{"@type":"PropertyValueSpecification","valueRequired":true,"valueName":"search_term_string"}}],"inLanguage":"tr"},{"@type":"Organization","@id":"https:\/\/narteks.net\/#organization","name":"narteks.net","url":"https:\/\/narteks.net\/","logo":{"@type":"ImageObject","inLanguage":"tr","@id":"https:\/\/narteks.net\/#\/schema\/logo\/image\/","url":"https:\/\/narteks.net\/wp-content\/uploads\/narteks.png","contentUrl":"https:\/\/narteks.net\/wp-content\/uploads\/narteks.png","width":300,"height":90,"caption":"narteks.net"},"image":{"@id":"https:\/\/narteks.net\/#\/schema\/logo\/image\/"},"sameAs":["https:\/\/x.com\/narteks","https:\/\/instagram.com\/narteksnet"]},{"@type":"Person","@id":"https:\/\/narteks.net\/#\/schema\/person\/61f37d9834294b72d31d274e7ed79bca","name":"Tar\u0131k","image":{"@type":"ImageObject","inLanguage":"tr","@id":"https:\/\/narteks.net\/#\/schema\/person\/image\/","url":"https:\/\/secure.gravatar.com\/avatar\/50865afb55632c4ae467e0af0930f6510aa2297d8014be502a55b14f3b7550cf?s=96&d=mm&r=g","contentUrl":"https:\/\/secure.gravatar.com\/avatar\/50865afb55632c4ae467e0af0930f6510aa2297d8014be502a55b14f3b7550cf?s=96&d=mm&r=g","caption":"Tar\u0131k"},"sameAs":["http:\/\/narteks.net"],"url":"https:\/\/narteks.net\/index.php\/author\/narbak\/"}]}},"_links":{"self":[{"href":"https:\/\/narteks.net\/index.php\/wp-json\/wp\/v2\/posts\/3918","targetHints":{"allow":["GET"]}}],"collection":[{"href":"https:\/\/narteks.net\/index.php\/wp-json\/wp\/v2\/posts"}],"about":[{"href":"https:\/\/narteks.net\/index.php\/wp-json\/wp\/v2\/types\/post"}],"author":[{"embeddable":true,"href":"https:\/\/narteks.net\/index.php\/wp-json\/wp\/v2\/users\/1"}],"replies":[{"embeddable":true,"href":"https:\/\/narteks.net\/index.php\/wp-json\/wp\/v2\/comments?post=3918"}],"version-history":[{"count":0,"href":"https:\/\/narteks.net\/index.php\/wp-json\/wp\/v2\/posts\/3918\/revisions"}],"wp:attachment":[{"href":"https:\/\/narteks.net\/index.php\/wp-json\/wp\/v2\/media?parent=3918"}],"wp:term":[{"taxonomy":"category","embeddable":true,"href":"https:\/\/narteks.net\/index.php\/wp-json\/wp\/v2\/categories?post=3918"},{"taxonomy":"post_tag","embeddable":true,"href":"https:\/\/narteks.net\/index.php\/wp-json\/wp\/v2\/tags?post=3918"}],"curies":[{"name":"wp","href":"https:\/\/api.w.org\/{rel}","templated":true}]}}