{"id":3919,"date":"2010-01-08T13:26:49","date_gmt":"2010-01-08T10:26:49","guid":{"rendered":"http:\/\/localhost\/wordpress\/2010\/01\/08\/ehmede-xani-biyografisi\/"},"modified":"2010-01-08T13:26:49","modified_gmt":"2010-01-08T10:26:49","slug":"ehmede-xani-biyografisi","status":"publish","type":"post","link":"https:\/\/narteks.net\/index.php\/2010\/01\/08\/ehmede-xani-biyografisi\/","title":{"rendered":"Ehmed\u00ea Xan\u00ee Biyografisi"},"content":{"rendered":"<p><img loading=\"lazy\" decoding=\"async\" src=\"http:\/\/netewe.com\/data\/upimages\/00000xani.jpg\" border=\"0\" width=\"155\" height=\"205\" \/><\/p>\n<p style=\"text-align: justify;\">Ehmed\u00ea Xan\u00ee (d. 1651 &#8211; \u00f6. 1707), 17. y\u00fczy\u0131lda ya\u015fam\u0131\u015f olan Ahmedi Hani\u2019nin do\u011fum ve \u00f6l\u00fcm tarihleri tam olarak bilinmiyor. Dini e\u011fitim g\u00f6ren Hani; K\u00fcrt\u00e7e, Arap\u00e7a, Fars\u00e7a ve T\u00fcrk\u00e7e biliyor, eserlerini K\u00fcrt\u00e7e olarak yaz\u0131yordu. 14 ya\u015f\u0131nda yazmaya ba\u015flayan Ahmedi Hani, e\u011fitimini bitirdikten sonra \u00f6\u011fretmen olarak hayat\u0131n\u0131 s\u00fcrd\u00fcrd\u00fc. Mutasavv\u0131f \u015fair Hani, Do\u011fubeyaz\u0131t\u2019da bir okul a\u00e7arak dersler verdi. \u0130nsan\u0131 merkez alan Ahmedi Hani, b\u00f6lgenin ileri gelenlerinden her zaman istedi\u011fi e\u011fitim deste\u011fini alamad\u0131. A\u015fklar\u0131 bir\u00e7ok dile \u00e7evrildi. Do\u011frulu\u011fu, iyili\u011fi, su\u00e7suzlu\u011fu, zay\u0131fl\u0131\u011f\u0131 ve \u00e7aresizli\u011fi Mem ile Zin&#8217;in karakterlerinde, k\u00f6t\u00fcl\u00fc\u011f\u00fc, ikiy\u00fczl\u00fcl\u00fc\u011f\u00fc, fitneyi, fesat\u00e7\u0131l\u0131\u011f\u0131 ve dalkavuklu\u011fu Beko&#8217;nun karakterinde toplayan Ahmedi Xani&#8217;nin K\u00fcrt\u00e7e yazd\u0131\u011f\u0131 bu eseri, Arap\u00e7a, Fars\u00e7a, Frans\u0131zca ve Rus\u00e7a&#8217;ya \u00e7evrildi.<\/p>\n<p>Eserleri<\/p>\n<p> * N\u00fbbihar (\u00e7ocuklara k\u00fcrt\u00e7e \u00f6\u011fretmek amac\u0131yla yaz\u0131lm\u0131\u015ft\u0131r)<br \/> * Eq\u00eeda \u00ceman\u00ea (\u0130man Akidesi)<br \/> * Eq\u00eedeya \u00ceslam\u00ea (\u0130sl\u00e2m Akidesi)<br \/> * F\u00ee Beyann\u00ee Erkan\u00ee \u00ceslam (\u0130slam Erkan\u0131n\u0131n Beyan\u0131)<\/p>\n","protected":false},"excerpt":{"rendered":"<p>Ehmed\u00ea Xan\u00ee (d. 1651 &#8211; \u00f6. 1707), 17. y\u00fczy\u0131lda ya\u015fam\u0131\u015f olan Ahmedi Hani\u2019nin do\u011fum ve \u00f6l\u00fcm tarihleri tam olarak bilinmiyor. Dini e\u011fitim g\u00f6ren Hani; K\u00fcrt\u00e7e, Arap\u00e7a, Fars\u00e7a ve T\u00fcrk\u00e7e biliyor, eserlerini K\u00fcrt\u00e7e olarak yaz\u0131yordu. 14 ya\u015f\u0131nda yazmaya ba\u015flayan Ahmedi Hani, e\u011fitimini bitirdikten sonra \u00f6\u011fretmen olarak hayat\u0131n\u0131 s\u00fcrd\u00fcrd\u00fc. Mutasavv\u0131f \u015fair Hani, Do\u011fubeyaz\u0131t\u2019da bir okul a\u00e7arak dersler [&hellip;]<\/p>\n","protected":false},"author":1,"featured_media":0,"comment_status":"open","ping_status":"open","sticky":false,"template":"","format":"standard","meta":{"footnotes":""},"categories":[130],"tags":[],"class_list":{"0":"post-3919","1":"post","2":"type-post","3":"status-publish","4":"format-standard","6":"category-ehmede-xani"},"yoast_head":"<!-- This site is optimized with the Yoast SEO Premium plugin v24.9 (Yoast SEO v24.9) - https:\/\/yoast.com\/wordpress\/plugins\/seo\/ -->\n<title>Ehmed\u00ea Xan\u00ee Biyografisi - narteks.net<\/title>\n<meta name=\"robots\" content=\"index, follow, max-snippet:-1, max-image-preview:large, max-video-preview:-1\" \/>\n<link rel=\"canonical\" href=\"https:\/\/narteks.net\/index.php\/2010\/01\/08\/ehmede-xani-biyografisi\/\" \/>\n<meta property=\"og:locale\" content=\"tr_TR\" \/>\n<meta property=\"og:type\" content=\"article\" \/>\n<meta property=\"og:title\" content=\"Ehmed\u00ea Xan\u00ee Biyografisi\" \/>\n<meta property=\"og:description\" content=\"Ehmed\u00ea Xan\u00ee (d. 1651 &#8211; \u00f6. 1707), 17. y\u00fczy\u0131lda ya\u015fam\u0131\u015f olan Ahmedi Hani\u2019nin do\u011fum ve \u00f6l\u00fcm tarihleri tam olarak bilinmiyor. Dini e\u011fitim g\u00f6ren Hani; K\u00fcrt\u00e7e, Arap\u00e7a, Fars\u00e7a ve T\u00fcrk\u00e7e biliyor, eserlerini K\u00fcrt\u00e7e olarak yaz\u0131yordu. 14 ya\u015f\u0131nda yazmaya ba\u015flayan Ahmedi Hani, e\u011fitimini bitirdikten sonra \u00f6\u011fretmen olarak hayat\u0131n\u0131 s\u00fcrd\u00fcrd\u00fc. Mutasavv\u0131f \u015fair Hani, Do\u011fubeyaz\u0131t\u2019da bir okul a\u00e7arak dersler [&hellip;]\" \/>\n<meta property=\"og:url\" content=\"https:\/\/narteks.net\/index.php\/2010\/01\/08\/ehmede-xani-biyografisi\/\" \/>\n<meta property=\"og:site_name\" content=\"narteks.net\" \/>\n<meta property=\"article:published_time\" content=\"2010-01-08T10:26:49+00:00\" \/>\n<meta property=\"og:image\" content=\"http:\/\/netewe.com\/data\/upimages\/00000xani.jpg\" \/>\n<meta name=\"author\" content=\"Tar\u0131k\" \/>\n<meta name=\"twitter:card\" content=\"summary_large_image\" \/>\n<meta name=\"twitter:creator\" content=\"@narteks\" \/>\n<meta name=\"twitter:site\" content=\"@narteks\" \/>\n<meta name=\"twitter:label1\" content=\"Yazan:\" \/>\n\t<meta name=\"twitter:data1\" content=\"Tar\u0131k\" \/>\n\t<meta name=\"twitter:label2\" content=\"Tahmini okuma s\u00fcresi\" \/>\n\t<meta name=\"twitter:data2\" content=\"1 dakika\" \/>\n<script type=\"application\/ld+json\" class=\"yoast-schema-graph\">{\"@context\":\"https:\/\/schema.org\",\"@graph\":[{\"@type\":\"Article\",\"@id\":\"https:\/\/narteks.net\/index.php\/2010\/01\/08\/ehmede-xani-biyografisi\/#article\",\"isPartOf\":{\"@id\":\"https:\/\/narteks.net\/index.php\/2010\/01\/08\/ehmede-xani-biyografisi\/\"},\"author\":{\"name\":\"Tar\u0131k\",\"@id\":\"https:\/\/narteks.net\/#\/schema\/person\/61f37d9834294b72d31d274e7ed79bca\"},\"headline\":\"Ehmed\u00ea Xan\u00ee Biyografisi\",\"datePublished\":\"2010-01-08T10:26:49+00:00\",\"mainEntityOfPage\":{\"@id\":\"https:\/\/narteks.net\/index.php\/2010\/01\/08\/ehmede-xani-biyografisi\/\"},\"wordCount\":190,\"commentCount\":0,\"publisher\":{\"@id\":\"https:\/\/narteks.net\/#organization\"},\"image\":{\"@id\":\"https:\/\/narteks.net\/index.php\/2010\/01\/08\/ehmede-xani-biyografisi\/#primaryimage\"},\"thumbnailUrl\":\"http:\/\/netewe.com\/data\/upimages\/00000xani.jpg\",\"articleSection\":[\"Ehmed\u00ea Xan\u00ee\"],\"inLanguage\":\"tr\",\"potentialAction\":[{\"@type\":\"CommentAction\",\"name\":\"Comment\",\"target\":[\"https:\/\/narteks.net\/index.php\/2010\/01\/08\/ehmede-xani-biyografisi\/#respond\"]}]},{\"@type\":\"WebPage\",\"@id\":\"https:\/\/narteks.net\/index.php\/2010\/01\/08\/ehmede-xani-biyografisi\/\",\"url\":\"https:\/\/narteks.net\/index.php\/2010\/01\/08\/ehmede-xani-biyografisi\/\",\"name\":\"Ehmed\u00ea Xan\u00ee Biyografisi - narteks.net\",\"isPartOf\":{\"@id\":\"https:\/\/narteks.net\/#website\"},\"primaryImageOfPage\":{\"@id\":\"https:\/\/narteks.net\/index.php\/2010\/01\/08\/ehmede-xani-biyografisi\/#primaryimage\"},\"image\":{\"@id\":\"https:\/\/narteks.net\/index.php\/2010\/01\/08\/ehmede-xani-biyografisi\/#primaryimage\"},\"thumbnailUrl\":\"http:\/\/netewe.com\/data\/upimages\/00000xani.jpg\",\"datePublished\":\"2010-01-08T10:26:49+00:00\",\"breadcrumb\":{\"@id\":\"https:\/\/narteks.net\/index.php\/2010\/01\/08\/ehmede-xani-biyografisi\/#breadcrumb\"},\"inLanguage\":\"tr\",\"potentialAction\":[{\"@type\":\"ReadAction\",\"target\":[\"https:\/\/narteks.net\/index.php\/2010\/01\/08\/ehmede-xani-biyografisi\/\"]}]},{\"@type\":\"ImageObject\",\"inLanguage\":\"tr\",\"@id\":\"https:\/\/narteks.net\/index.php\/2010\/01\/08\/ehmede-xani-biyografisi\/#primaryimage\",\"url\":\"http:\/\/netewe.com\/data\/upimages\/00000xani.jpg\",\"contentUrl\":\"http:\/\/netewe.com\/data\/upimages\/00000xani.jpg\"},{\"@type\":\"BreadcrumbList\",\"@id\":\"https:\/\/narteks.net\/index.php\/2010\/01\/08\/ehmede-xani-biyografisi\/#breadcrumb\",\"itemListElement\":[{\"@type\":\"ListItem\",\"position\":1,\"name\":\"Anasayfa\",\"item\":\"https:\/\/narteks.net\/\"},{\"@type\":\"ListItem\",\"position\":2,\"name\":\"Ehmed\u00ea Xan\u00ee Biyografisi\"}]},{\"@type\":\"WebSite\",\"@id\":\"https:\/\/narteks.net\/#website\",\"url\":\"https:\/\/narteks.net\/\",\"name\":\"narteks.net\",\"description\":\"K\u00fclt\u00fcr Sanat Edebiyat Felsefe\",\"publisher\":{\"@id\":\"https:\/\/narteks.net\/#organization\"},\"alternateName\":\"K\u00fclt\u00fcr Sanat Edebiyat Felsefe\",\"potentialAction\":[{\"@type\":\"SearchAction\",\"target\":{\"@type\":\"EntryPoint\",\"urlTemplate\":\"https:\/\/narteks.net\/?s={search_term_string}\"},\"query-input\":{\"@type\":\"PropertyValueSpecification\",\"valueRequired\":true,\"valueName\":\"search_term_string\"}}],\"inLanguage\":\"tr\"},{\"@type\":\"Organization\",\"@id\":\"https:\/\/narteks.net\/#organization\",\"name\":\"narteks.net\",\"url\":\"https:\/\/narteks.net\/\",\"logo\":{\"@type\":\"ImageObject\",\"inLanguage\":\"tr\",\"@id\":\"https:\/\/narteks.net\/#\/schema\/logo\/image\/\",\"url\":\"https:\/\/narteks.net\/wp-content\/uploads\/narteks.png\",\"contentUrl\":\"https:\/\/narteks.net\/wp-content\/uploads\/narteks.png\",\"width\":300,\"height\":90,\"caption\":\"narteks.net\"},\"image\":{\"@id\":\"https:\/\/narteks.net\/#\/schema\/logo\/image\/\"},\"sameAs\":[\"https:\/\/x.com\/narteks\",\"https:\/\/instagram.com\/narteksnet\"]},{\"@type\":\"Person\",\"@id\":\"https:\/\/narteks.net\/#\/schema\/person\/61f37d9834294b72d31d274e7ed79bca\",\"name\":\"Tar\u0131k\",\"image\":{\"@type\":\"ImageObject\",\"inLanguage\":\"tr\",\"@id\":\"https:\/\/narteks.net\/#\/schema\/person\/image\/\",\"url\":\"https:\/\/secure.gravatar.com\/avatar\/50865afb55632c4ae467e0af0930f6510aa2297d8014be502a55b14f3b7550cf?s=96&d=mm&r=g\",\"contentUrl\":\"https:\/\/secure.gravatar.com\/avatar\/50865afb55632c4ae467e0af0930f6510aa2297d8014be502a55b14f3b7550cf?s=96&d=mm&r=g\",\"caption\":\"Tar\u0131k\"},\"sameAs\":[\"http:\/\/narteks.net\"],\"url\":\"https:\/\/narteks.net\/index.php\/author\/narbak\/\"}]}<\/script>\n<!-- \/ Yoast SEO Premium plugin. -->","yoast_head_json":{"title":"Ehmed\u00ea Xan\u00ee Biyografisi - narteks.net","robots":{"index":"index","follow":"follow","max-snippet":"max-snippet:-1","max-image-preview":"max-image-preview:large","max-video-preview":"max-video-preview:-1"},"canonical":"https:\/\/narteks.net\/index.php\/2010\/01\/08\/ehmede-xani-biyografisi\/","og_locale":"tr_TR","og_type":"article","og_title":"Ehmed\u00ea Xan\u00ee Biyografisi","og_description":"Ehmed\u00ea Xan\u00ee (d. 1651 &#8211; \u00f6. 1707), 17. y\u00fczy\u0131lda ya\u015fam\u0131\u015f olan Ahmedi Hani\u2019nin do\u011fum ve \u00f6l\u00fcm tarihleri tam olarak bilinmiyor. Dini e\u011fitim g\u00f6ren Hani; K\u00fcrt\u00e7e, Arap\u00e7a, Fars\u00e7a ve T\u00fcrk\u00e7e biliyor, eserlerini K\u00fcrt\u00e7e olarak yaz\u0131yordu. 14 ya\u015f\u0131nda yazmaya ba\u015flayan Ahmedi Hani, e\u011fitimini bitirdikten sonra \u00f6\u011fretmen olarak hayat\u0131n\u0131 s\u00fcrd\u00fcrd\u00fc. Mutasavv\u0131f \u015fair Hani, Do\u011fubeyaz\u0131t\u2019da bir okul a\u00e7arak dersler [&hellip;]","og_url":"https:\/\/narteks.net\/index.php\/2010\/01\/08\/ehmede-xani-biyografisi\/","og_site_name":"narteks.net","article_published_time":"2010-01-08T10:26:49+00:00","og_image":[{"url":"http:\/\/netewe.com\/data\/upimages\/00000xani.jpg","type":"","width":"","height":""}],"author":"Tar\u0131k","twitter_card":"summary_large_image","twitter_creator":"@narteks","twitter_site":"@narteks","twitter_misc":{"Yazan:":"Tar\u0131k","Tahmini okuma s\u00fcresi":"1 dakika"},"schema":{"@context":"https:\/\/schema.org","@graph":[{"@type":"Article","@id":"https:\/\/narteks.net\/index.php\/2010\/01\/08\/ehmede-xani-biyografisi\/#article","isPartOf":{"@id":"https:\/\/narteks.net\/index.php\/2010\/01\/08\/ehmede-xani-biyografisi\/"},"author":{"name":"Tar\u0131k","@id":"https:\/\/narteks.net\/#\/schema\/person\/61f37d9834294b72d31d274e7ed79bca"},"headline":"Ehmed\u00ea Xan\u00ee Biyografisi","datePublished":"2010-01-08T10:26:49+00:00","mainEntityOfPage":{"@id":"https:\/\/narteks.net\/index.php\/2010\/01\/08\/ehmede-xani-biyografisi\/"},"wordCount":190,"commentCount":0,"publisher":{"@id":"https:\/\/narteks.net\/#organization"},"image":{"@id":"https:\/\/narteks.net\/index.php\/2010\/01\/08\/ehmede-xani-biyografisi\/#primaryimage"},"thumbnailUrl":"http:\/\/netewe.com\/data\/upimages\/00000xani.jpg","articleSection":["Ehmed\u00ea Xan\u00ee"],"inLanguage":"tr","potentialAction":[{"@type":"CommentAction","name":"Comment","target":["https:\/\/narteks.net\/index.php\/2010\/01\/08\/ehmede-xani-biyografisi\/#respond"]}]},{"@type":"WebPage","@id":"https:\/\/narteks.net\/index.php\/2010\/01\/08\/ehmede-xani-biyografisi\/","url":"https:\/\/narteks.net\/index.php\/2010\/01\/08\/ehmede-xani-biyografisi\/","name":"Ehmed\u00ea Xan\u00ee Biyografisi - narteks.net","isPartOf":{"@id":"https:\/\/narteks.net\/#website"},"primaryImageOfPage":{"@id":"https:\/\/narteks.net\/index.php\/2010\/01\/08\/ehmede-xani-biyografisi\/#primaryimage"},"image":{"@id":"https:\/\/narteks.net\/index.php\/2010\/01\/08\/ehmede-xani-biyografisi\/#primaryimage"},"thumbnailUrl":"http:\/\/netewe.com\/data\/upimages\/00000xani.jpg","datePublished":"2010-01-08T10:26:49+00:00","breadcrumb":{"@id":"https:\/\/narteks.net\/index.php\/2010\/01\/08\/ehmede-xani-biyografisi\/#breadcrumb"},"inLanguage":"tr","potentialAction":[{"@type":"ReadAction","target":["https:\/\/narteks.net\/index.php\/2010\/01\/08\/ehmede-xani-biyografisi\/"]}]},{"@type":"ImageObject","inLanguage":"tr","@id":"https:\/\/narteks.net\/index.php\/2010\/01\/08\/ehmede-xani-biyografisi\/#primaryimage","url":"http:\/\/netewe.com\/data\/upimages\/00000xani.jpg","contentUrl":"http:\/\/netewe.com\/data\/upimages\/00000xani.jpg"},{"@type":"BreadcrumbList","@id":"https:\/\/narteks.net\/index.php\/2010\/01\/08\/ehmede-xani-biyografisi\/#breadcrumb","itemListElement":[{"@type":"ListItem","position":1,"name":"Anasayfa","item":"https:\/\/narteks.net\/"},{"@type":"ListItem","position":2,"name":"Ehmed\u00ea Xan\u00ee Biyografisi"}]},{"@type":"WebSite","@id":"https:\/\/narteks.net\/#website","url":"https:\/\/narteks.net\/","name":"narteks.net","description":"K\u00fclt\u00fcr Sanat Edebiyat Felsefe","publisher":{"@id":"https:\/\/narteks.net\/#organization"},"alternateName":"K\u00fclt\u00fcr Sanat Edebiyat Felsefe","potentialAction":[{"@type":"SearchAction","target":{"@type":"EntryPoint","urlTemplate":"https:\/\/narteks.net\/?s={search_term_string}"},"query-input":{"@type":"PropertyValueSpecification","valueRequired":true,"valueName":"search_term_string"}}],"inLanguage":"tr"},{"@type":"Organization","@id":"https:\/\/narteks.net\/#organization","name":"narteks.net","url":"https:\/\/narteks.net\/","logo":{"@type":"ImageObject","inLanguage":"tr","@id":"https:\/\/narteks.net\/#\/schema\/logo\/image\/","url":"https:\/\/narteks.net\/wp-content\/uploads\/narteks.png","contentUrl":"https:\/\/narteks.net\/wp-content\/uploads\/narteks.png","width":300,"height":90,"caption":"narteks.net"},"image":{"@id":"https:\/\/narteks.net\/#\/schema\/logo\/image\/"},"sameAs":["https:\/\/x.com\/narteks","https:\/\/instagram.com\/narteksnet"]},{"@type":"Person","@id":"https:\/\/narteks.net\/#\/schema\/person\/61f37d9834294b72d31d274e7ed79bca","name":"Tar\u0131k","image":{"@type":"ImageObject","inLanguage":"tr","@id":"https:\/\/narteks.net\/#\/schema\/person\/image\/","url":"https:\/\/secure.gravatar.com\/avatar\/50865afb55632c4ae467e0af0930f6510aa2297d8014be502a55b14f3b7550cf?s=96&d=mm&r=g","contentUrl":"https:\/\/secure.gravatar.com\/avatar\/50865afb55632c4ae467e0af0930f6510aa2297d8014be502a55b14f3b7550cf?s=96&d=mm&r=g","caption":"Tar\u0131k"},"sameAs":["http:\/\/narteks.net"],"url":"https:\/\/narteks.net\/index.php\/author\/narbak\/"}]}},"_links":{"self":[{"href":"https:\/\/narteks.net\/index.php\/wp-json\/wp\/v2\/posts\/3919","targetHints":{"allow":["GET"]}}],"collection":[{"href":"https:\/\/narteks.net\/index.php\/wp-json\/wp\/v2\/posts"}],"about":[{"href":"https:\/\/narteks.net\/index.php\/wp-json\/wp\/v2\/types\/post"}],"author":[{"embeddable":true,"href":"https:\/\/narteks.net\/index.php\/wp-json\/wp\/v2\/users\/1"}],"replies":[{"embeddable":true,"href":"https:\/\/narteks.net\/index.php\/wp-json\/wp\/v2\/comments?post=3919"}],"version-history":[{"count":0,"href":"https:\/\/narteks.net\/index.php\/wp-json\/wp\/v2\/posts\/3919\/revisions"}],"wp:attachment":[{"href":"https:\/\/narteks.net\/index.php\/wp-json\/wp\/v2\/media?parent=3919"}],"wp:term":[{"taxonomy":"category","embeddable":true,"href":"https:\/\/narteks.net\/index.php\/wp-json\/wp\/v2\/categories?post=3919"},{"taxonomy":"post_tag","embeddable":true,"href":"https:\/\/narteks.net\/index.php\/wp-json\/wp\/v2\/tags?post=3919"}],"curies":[{"name":"wp","href":"https:\/\/api.w.org\/{rel}","templated":true}]}}