{"id":392,"date":"2009-03-11T01:04:48","date_gmt":"2009-03-10T22:04:48","guid":{"rendered":"http:\/\/localhost\/wordpress\/2009\/03\/11\/milliyetcilikler-meselesi-uzerine-notlar-ulus-baker\/"},"modified":"2009-03-11T01:04:48","modified_gmt":"2009-03-10T22:04:48","slug":"milliyetcilikler-meselesi-uzerine-notlar-ulus-baker","status":"publish","type":"post","link":"https:\/\/narteks.net\/index.php\/2009\/03\/11\/milliyetcilikler-meselesi-uzerine-notlar-ulus-baker\/","title":{"rendered":"Milliyet\u00e7ilikler Meselesi \u00dczerine Notlar | Ulus Baker"},"content":{"rendered":"<p style=\"text-align: justify;\"><img loading=\"lazy\" decoding=\"async\" style=\"float: left; border: 0;\" src=\"http:\/\/2.bp.blogspot.com\/_QhE4m9CLKWg\/S_-cEJboe3I\/AAAAAAAAA6g\/1nH1jh6Kjys\/s320\/ulus+baker.jpg\" width=\"155\" height=\"205\" border=\"0\" \/>1. \u00c7a\u011f\u0131m\u0131z, kitleler kar\u015f\u0131s\u0131nda duyulan bir korku i\u00e7inde. Bu korku bir taraftan devlet\u00e7i bir mutlak\u00e7\u0131l\u0131\u011f\u0131n imgelerini, \u00f6te yandan kamu vicdan\u0131n\u0131n elektronik bir denetimini de birle\u015ftirmekten geri kalm\u0131yor. Bu korkunun \u00f6teki kutbundaysa \u201cdevrimci\u201d \u015fiddet (bunun \u2018sosyalizm\u2019 \u00e7er\u00e7evesinde kurulmu\u015f olmas\u0131n\u0131n zorunlu olmad\u0131\u011f\u0131 da art\u0131k g\u00fcn\u00fcm\u00fczde, \u0130slam ve milliyet\u00e7ilikler sayesinde ortaya \u00e7\u0131k\u0131yor) ya da ter\u00f6rizm yer al\u0131yor. Her ne hal ise, \u201ctotaliterlik\u201d s\u00f6ylemlerinin belli bir s\u00fcre olu\u015fturdu\u011fu mitos, varl\u0131\u011f\u0131n\u0131 farkl\u0131 d\u00fczlemlerde s\u00fcrd\u00fcrmeyi se\u00e7iyor. Ge\u00e7mi\u015fe, \u00f6zel olarak sosyalizmin ge\u00e7mi\u015fine oranl\u0131yor kendini. Ancak \u201ctotaliterlik\u201d tezlerinin i\u00e7selle\u015ftirilmi\u015f olu\u015funun, \u201cmilliyetler\u201d sorununun patlay\u0131\u015f\u0131n\u0131 ya\u015fayan g\u00fcn\u00fcm\u00fczde baz\u0131 varsay\u0131mlar uyand\u0131rabilme konusunda \u00f6zel bir yetene\u011fi var.<\/p>\n<p style=\"text-align: justify;\">Bu varsay\u0131mlar\u0131n ba\u011fland\u0131\u011f\u0131 temel varsay\u0131m, i\u00e7ten ya da d\u0131\u015ftan bir \u00f6l\u00fcm tehdidiyle kar\u015f\u0131 kar\u015f\u0131ya kalan, mutlak, k\u00f6kten, \u00f6l\u00fcmc\u00fcl bir olumsuzlukla yunmu\u015f y\u0131kanm\u0131\u015f, ve as\u0131l \u00f6nemlisi, bireyler \u00fczerinde mutlak bir tekbi\u00e7imlilik kurabilece\u011fi d\u00fc\u015f\u00fcn\u00fclen \u201ctoptan\u201d bir kitle hareketi varsay\u0131m\u0131d\u0131r. Bu d\u00fczlemde insan \u00e7o\u011fulluklar\u0131 yaln\u0131zl\u0131kla, d\u0131\u015fa kapal\u0131l\u0131kla, bu arada modernli\u011fin son g\u00f6r\u00fcnt\u00fcs\u00fc \u201cyabanc\u0131 korkusu\u201dyla betimlenmi\u015f bir yaln\u0131zl\u0131k i\u00e7inde so\u011furulmaya \u00e7al\u0131\u015f\u0131l\u0131r. Bu varsay\u0131m\u0131n (totaliterlik tezlerinin belirdi\u011fi \u00e7e\u015fitli alanlar\u0131n yan\u0131nda ve \u00f6tesinde) bir metafizi\u011fi ve bir roman\u0131 da vard\u0131: E\u011fer bu metafizik Hannah Arendt ve Leo Strauss taraf\u0131ndan verildiyse, \u201croman\u201d ise bir bak\u0131ma Orwell taraf\u0131ndan verilmi\u015fti. \u0130ster roman isterse metafizik \u00e7er\u00e7evesinde olsun bu varsay\u0131m\u0131n belirgin bir \u00f6zelli\u011fi var: Her zaman akt\u00fcel oldu\u011funun \u201ckan\u0131tlanabilmesi\u201d. Bu kan\u0131tlanabilirlik, totaliterlik tezlerinin \u00f6zel bir efekti olarak d\u00fc\u015f\u00fcn\u00fclebilir. Hi\u00e7 kimse, tarihin ya da kendi \u00f6zel biyografisinin belli bir an\u0131nda, Orwellvari bir cehennemde ya\u015famakta oldu\u011funu hissetmemi\u015f olamaz. Bunun milliyet\u00e7ilikler meselesini ele alma y\u00f6n\u00fcnde temel bir \u00f6neme sahip olan birka\u00e7 temas\u0131n\u0131 saymaya \u00e7al\u0131\u015fal\u0131m:<\/p>\n<p style=\"text-align: justify;\">1. Egemenlik problemati\u011finin (siyasal d\u00fc\u015f\u00fcnce ile e\u015f uzaml\u0131 olan) mutlak bir \u015fartland\u0131rma ile tam olarak \u00f6rt\u00fc\u015ft\u00fcr\u00fclmesi.<\/p>\n<p>2. Sun\u00ee bir dilin yarat\u0131lmas\u0131na kadar varan bir \u201cmutlak\u201d propaganda d\u00fc\u015f\u00fcncesi. \u00d6yle ki, bu sun\u00ee dilin s\u00f6zc\u00fckleri bile d\u00fc\u015f\u00fcnme \u00f6zg\u00fcrl\u00fc\u011f\u00fcn\u00fc yok etmektedir.<\/p>\n<p>Milliyet\u00e7ilik sorununun bu iki temel varsay\u0131m \u00fczerinde tart\u0131\u015f\u0131ld\u0131\u011f\u0131 s\u00f6ylenebilir. (Siyasal akt\u00fcelli\u011fin dayatt\u0131\u011f\u0131 totalitarizm varsay\u0131m\u0131,) global ve birle\u015ftirici s\u00f6ylemlerin \u00e7\u00f6kt\u00fc\u011f\u00fc iddia edilen g\u00fcn\u00fcm\u00fczde, insan, sanki totaliterlik konusunda insanl\u0131\u011f\u0131n temel, vazge\u00e7emedi\u011fi bir ihtiyac\u0131 varm\u0131\u015f gibi, s\u00f6zgelimi sosyalizmin \u00e7\u00f6k\u00fc\u015f\u00fcyle milliyet\u00e7ilik cereyanlar\u0131n\u0131n bu totaliterlik varsay\u0131m\u0131n\u0131n kar\u015f\u0131la\u015ft\u0131\u011f\u0131 bo\u015flu\u011fu yeniden doldurmak \u00fczere harekete ge\u00e7me zorunlulu\u011funda olduklar\u0131n\u0131 d\u00fc\u015f\u00fcn\u00fcyor. Milliyet\u00e7ilik, yolundan sapm\u0131\u015f (neye g\u00f6re?) bir modernli\u011fin totaliterlik ihtiyac\u0131n\u0131n d\u0131\u015favurumu olarak kabul edilmektedir.<\/p>\n<p>2. Milliyet\u00e7ili\u011fe bi\u00e7ilen bu rol, onun tarihsel anlam\u0131n\u0131n g\u00f6z ard\u0131 edilmesiyle sonu\u00e7lanmaktad\u0131r. Ne Ulus-Devlet\u2019in o barok ussall\u0131\u011f\u0131, ne Machiavelli\u2019nin Kilisenin \u00f6k\u00fcmenik egemenli\u011finden kurtulu\u015fun ve \u00f6zg\u00fcrle\u015fmenin temel \u015fart\u0131 olarak koydu\u011fu ulusal birlik d\u00fc\u015f\u00fcncesi, ne de Alman Romantiklerinin, \u00f6zellikle Herder\u2019in Kulturnation olarak insanl\u0131\u011f\u0131n derin ve gizli dayan\u0131\u015fma istencinin ifadesi olarak tasarlad\u0131\u011f\u0131, belki \u00fctopik, ama kesinlikle g\u00fcn\u00fcm\u00fcz\u00fcn totaliterlik ihtiyac\u0131 varsay\u0131m\u0131yla a\u00e7\u0131klanamayacak ulus\u00e7ulu\u011fu, g\u00fcn\u00fcm\u00fczdeki tart\u0131\u015fmalar\u0131n odakla\u015ft\u0131\u011f\u0131 noktalar\u0131n yak\u0131n\u0131na bile gelememektedir.<\/p>\n<p>G\u00fcn\u00fcm\u00fcz tart\u0131\u015fmalar\u0131nda itiraf edilmeden arka planda duran, tart\u0131\u015fmalar\u0131 \u00fcstten belirleyen, yine ve yine kapitalizmdir. Do\u011fu Bloku\u2019nun \u00e7\u00f6k\u00fc\u015f\u00fcyle varolma hakk\u0131n\u0131 kesinle\u015ftirdi\u011fini, beraat etti\u011fini d\u00fc\u015f\u00fcnen bir kapitalizmin. Uzun bir s\u00fcreden beri \u201culus-devlet\u201d formunda faaliyetini s\u00fcrd\u00fcren kapitalizm (y\u00fczy\u0131l\u0131m\u0131z ba\u015flar\u0131nda d\u00fcnya pazar\u0131n\u0131n payla\u015f\u0131lmas\u0131, \u00f6zellikle de petrol kuyular\u0131n\u0131n ba\u015f\u0131na s\u0131n\u0131rlar\u0131 cetvelle \u00e7izilmi\u015f \u2018ulus-devlet\u2019leri getiren) i\u015fleyi\u015fini d\u00fcnyay\u0131 ulus devletlere b\u00f6lerek ger\u00e7ekle\u015ftirmektedir.<\/p>\n<p> 3. Milliyet\u00e7iliklerin patlay\u0131\u015f\u0131n\u0131n \u201c\u00f6zg\u00fcrl\u00fc\u011f\u00fcn\u201d kazan\u0131lmas\u0131n\u0131n bir bedeli olarak d\u00fc\u015f\u00fcn\u00fclmesini savunanlara kar\u015f\u0131 modernlik \u00f6ncesi siyasal d\u00fc\u015f\u00fcncenin doruklar\u0131ndan birinin, Spinoza\u2019n\u0131n, Tractatus th\u00e9olo-gico-politicus\u2019undan al\u0131nt\u0131lanm\u0131\u015f bir pasajla yan\u0131t verelim:<\/p>\n<p>\u201cHer bak\u0131mdan bir Tiran oldu\u011funun belli olmu\u015f olmas\u0131na ra\u011fmen, bir Monark\u2019\u0131n ya\u015fam\u0131n\u0131 elinden almak daha az tehlikeli de\u011fildir&#8230; B\u00fcy\u00fck bir ihtimalle, halk tiran\u0131n\u0131 de\u011fi\u015ftirebilir, ama Tiran\u2019\u0131 yok etmi\u015f olmaz. Hatta monar\u015fik egemenli\u011fi ba\u015fka bir formla de\u011fi\u015ftirmesi bile olduk\u00e7a zordur bu yoldan.\u201d (TTP., XVIII, 308.)<\/p>\n<p>4. Sadece yukar\u0131daki al\u0131nt\u0131 bile, sonu\u00e7lar\u0131 belirlenmemi\u015f bir \u00f6zg\u00fcrl\u00fck mefhumunun anlaml\u0131l\u0131\u011f\u0131n\u0131 tart\u0131\u015fma konusu yapmaya yeter. Devlet toplum ili\u015fkileri, her t\u00fcrl\u00fc yap\u0131sal, iktisadi ili\u015fkiler d\u00fczeyi sakl\u0131 tutulursa, \u00e7ok \u00f6zel, kendine \u00f6zg\u00fc ve indirgenemez bir tutku ili\u015fkisini de i\u00e7erir: inan\u00e7, iman, vatanseverlik vb. Di\u011fer kutuptaysa \u00e7\u0131karlara ili\u015fkin g\u00f6stergeler, ussal belirlenimler, Devlet ciddiyeti ve devlete sahip olman\u0131n ciddiyeti ve en \u00f6nemlisi m\u00fclkiyet formlar\u0131 yer al\u0131r. Kitlesel hareketler tarz\u0131nda akt\u00fcel varolu\u015funu s\u00fcrd\u00fcren milliyet\u00e7ilik t\u00fcr\u00fcn\u00fcn birinci gruba dahil edilmesi gerekti\u011fi a\u00e7\u0131kt\u0131r.<\/p>\n<p>5. Milliyet\u00e7ilik formu alt\u0131nda varolu\u015f \u015fans\u0131na eri\u015fen, ifade bulan tutkular, tutku olarak kendi i\u00e7lerinde ne iyi ne k\u00f6t\u00fcd\u00fcrler. Totalitarizm ihtiyac\u0131yla harekete ge\u00e7enlerin yan\u0131nda, tutku olarak ayn\u0131 \u00f6ze sahip, ama g\u00f6reli olarak belli \u2018totaliterlik\u2019 formlar\u0131n\u0131 kar\u015f\u0131s\u0131na alan \u00f6zg\u00fcrle\u015fmeci tutkular da s\u00f6zkonusudur. Tutkular ve ussall\u0131k modernli\u011fin birbirine kar\u015f\u0131t hale getirdi\u011fi bu iki temel g\u00fc\u00e7, milliyet\u00e7ilik perspektifi i\u00e7inde bir bar\u0131\u015fma mekan\u0131 olu\u015fturabilirler. Bu ge\u00e7ici olsa bile, \u00f6zellikle Kulturnation (k\u00fclt\u00fcrel ulus) ile Staatnation\u2019u (devlet-ulus) birle\u015ftirme h\u00fclyas\u0131yla hareket eden Alman d\u00fc\u015f\u00fcn\u00fcrlerinin 19. y\u00fczy\u0131lda temellerini att\u0131klar\u0131 bir ulus\u00e7uluk gelene\u011fi i\u00e7inde, olduk\u00e7a derin bir ifade bulabilirler.<\/p>\n<p>6. Kulturnation ve Staatnation, farkl\u0131 varolu\u015f bi\u00e7imlerine, farkl\u0131 ifadelere, farkl\u0131 tarih\u00e7elere ve tarihsel g\u00fczerg\u00e2hlara sahip iki \u00e7izgi olarak \u00e7\u0131k\u0131yorlar kar\u015f\u0131m\u0131za. Yunanl\u0131lar Hellas\u2019\u0131n dilsel, dinsel ve k\u00fclt\u00fcrel birli\u011fini tek bir devlet haline gelmek yolunda hi\u00e7 sorunla\u015ft\u0131rmad\u0131lar. Aksine bu k\u00fclt\u00fcrel birli\u011fin temel formu olan Site, \u0130skender egemenli\u011fi alt\u0131ndaki birle\u015fme ile y\u0131k\u0131ma u\u011frad\u0131. \u00d6teki poleis kar\u015f\u0131s\u0131nda k\u0131skan\u00e7l\u0131kla savunulan polis, Staatnation devreye girdi\u011fi anda yokoldu. Bu durum, Kulturnation\u2019u Staatnationsuz kavrayamayan devlet hikmetine y\u00fcrekten inanm\u0131\u015f ulus\u00e7uluk cereyanlar\u0131 a\u00e7\u0131s\u0131ndan anla\u015f\u0131lmazd\u0131r.* Staatnation kuramc\u0131lar\u0131n\u0131n hedefi san\u0131ld\u0131\u011f\u0131 gibi bir Kulturnation\u2019un birle\u015ftirilmesi de\u011fildi. Hedeflenen daha \u00e7ok, Staat\u2019\u0131n tan\u0131mlad\u0131\u011f\u0131 bir arazi (ulusal s\u0131n\u0131rlar) dahilindeki n\u00fcfus \u00fczerinde kurulacak bir \u201ccr\u00e9ole\u201d egemenli\u011fi, heterojen bir n\u00fcfusun i\u015flenmesi, yola konulmas\u0131 ve bir\u00e7ok anlamda homojenle\u015ftirilmesiydi. Herder\u2019in Kulturnation\u2019u i\u00e7in o kadar tan\u0131mlay\u0131c\u0131 olan dil birli\u011fi Staatnation modusunda y\u00fcr\u00fct\u00fclen projelerde ancak ikincil, ba\u011f\u0131ml\u0131 bir role sahiptir. Staatnation idealiyle Kulturnation\u2019un \u00f6zde\u015fle\u015ftirilmesi bir sentez olmaktan \u00e7ok, Kulturnation\u2019un devlet mant\u0131\u011f\u0131n\u0131n temel ihtiya\u00e7lar\u0131na oranlanmas\u0131, ba\u011f\u0131ml\u0131 k\u0131l\u0131nmas\u0131d\u0131r. Bu durum, 18. y\u00fczy\u0131l \u00f6ncesinin o naif, simgesel ve k\u0131r\u0131lgan \u201c\u0131rklar m\u00fccadelesi\u201d kavray\u0131\u015f\u0131ndan olduk\u00e7a uzak, ulusu n\u00fcfusla tan\u0131mlayan bir rasyonalitenin i\u00e7kin \u0131rk\u00e7\u0131l\u0131\u011f\u0131d\u0131r. Staatnation haritaysa Kulturnation ormanlar, \u015fehirler, k\u0131rlar, denizler, akarsular ve g\u00f6llerdir. Staatnation\u2019un m\u00fcdahalesiyle bunlar \u201ckaynak\u201d ad\u0131n\u0131 al\u0131rlar: Madenler, iklimler, g\u00f6\u00e7ler, i\u015fg\u00fcc\u00fc; hidroelektrik santralleri, barajlar, ormanl\u0131k alanlar. Staatnation devlet m\u00fclkiyeti demektir: \u00f6zel m\u00fclkiyet vergiye ba\u011flan\u0131r, i\u015fg\u00fcc\u00fc denetim alt\u0131na al\u0131n\u0131r.<\/p>\n<p>7. Kulturnation\/Staatnation ayr\u0131m\u0131nda (ve bunlar\u0131 birle\u015ftirme ihtiyac\u0131nda) Almanya\u2019n\u0131n 19. ve 20. y\u00fczy\u0131l maceras\u0131 Avrupa k\u0131tas\u0131nda bu bak\u0131mdan en ayd\u0131nlat\u0131c\u0131 olan\u0131d\u0131r.<\/p>\n<p>10. y\u00fczy\u0131lda \u201cAlman Krall\u0131\u011f\u0131\u201d denebilecek bir olu\u015fum vard\u0131r. Buradan, s\u00fcrekli de\u011fi\u015fen s\u0131n\u0131rlara sahip bir imparatorlu\u011fun geli\u015fti\u011fini g\u00f6r\u00fcyoruz. Bu y\u00fczden \u201cAlman Devleti\u201dnin co\u011frafi birli\u011fi hi\u00e7bir zaman belli s\u0131n\u0131rlara irca edilerek tan\u0131mlanam\u0131yordu. Cermen k\u00f6kenlerden sadece ve sadece bu anlamda s\u00f6z edilebilir. Bilindi\u011fi gibi, Roma imperium\u2019u alt\u0131nda, \u201c\u00f6zg\u00fcr\u201d Almanya ile Roma Almanya\u2019s\u0131 k\u00fclt\u00fcrel ve ekonomik ili\u015fkilerini s\u00fcrd\u00fcrm\u00fc\u015flerdir. Bavyera d\u0131\u015f\u0131ndaki b\u00f6lgelerde, 3. y\u00fczy\u0131ldan ba\u015flayarak Stamme birlikleri olu\u015fur. Kavim g\u00f6\u00e7leri ba\u015flay\u0131nca Cermenler g\u00fcneybat\u0131ya do\u011fru \u00fclke de\u011fi\u015ftirirler. Ard\u0131ndan H\u0131ristiyanla\u015fma gelir ve \u0130skandinav d\u00fcnyas\u0131yla ve k\u00fclt\u00fcr\u00fcyle son ba\u011flant\u0131lar da kopuverir. Wagner\u2019in ve daha sonra Nazi ideologlar\u0131n\u0131n arad\u0131\u011f\u0131 Cermen k\u00f6keni i\u015fte budur. Hi\u00e7bir romantizm tarihin belli bir okunmas\u0131n\u0131n d\u0131\u015f\u0131nda de\u011fildir. Frans\u0131z Devriminin bir y\u0131l \u00f6ncesinde, \u201cSur l\u2019histoire de la France\u201dta bir y\u0131l sonraki devrimin beklentisi i\u00e7indeki sahte papaz Abb\u00e9 Hably \u201canlat\u0131lan hikayelerin uluslar\u0131n y\u00fcz\u00fcn\u00fc de\u011fi\u015ftirebilece\u011fini\u201d yaz\u0131yordu. Bir anlat\u0131 olarak tarih okuma eninde sonunda tarihin ak\u0131\u015f\u0131n\u0131 \u015fekillendirdi\u011fi bir boyuta sahiptir. Kavimlerin sava\u015f\u0131 olarak okunan tarihten s\u0131n\u0131flar\u0131n sava\u015f\u0131 olarak okunan tarihe, uluslar sava\u015f\u0131 olarak okunan tarihten, sistemler sava\u015f\u0131 olarak okunan tarihe bir ge\u00e7i\u015f vard\u0131r. Bir bak\u0131ma, sava\u015fs\u0131z d\u00fc\u015f\u00fcn\u00fclemez olan bir bir tarih tarih\u00e7esi vard\u0131r kar\u015f\u0131m\u0131zda. Prusya\u2019n\u0131n b\u00fcrokrasi, aristokrasi ve otokrasi taraf\u0131ndan belirlenen daha k\u0131sa bir tarih\u00e7esi, \u201cher\u015fey devlet i\u00e7in\u201d modelini benimseyen Nazilere bu uzak s\u00f6ylemlerden daha yak\u0131nd\u0131r bir bak\u0131ma. Nietzsche\u2019nin fa\u015fizmin bir ideologuna d\u00f6n\u00fc\u015ft\u00fcr\u00fclmesi s\u00fcrecine, Cermen eski tarihinin ulusal bir tarihe d\u00f6n\u00fc\u015ft\u00fcr\u00fclmesi tekab\u00fcl eder.<\/p>\n<p>(*) Bu iki alan, san\u0131ld\u0131\u011f\u0131 gibi birbirlerine zorunlu bir ba\u011f\u0131ml\u0131l\u0131k i\u00e7inde de\u011fildirler. (Hi\u00e7 de\u011filse antikite tarihi bunu g\u00f6steriyor.) Biraraya geli\u015fleri, birbirleriyle i\u00e7i\u00e7e ge\u00e7i\u015fleri modernli\u011fin m\u00fcdahalesini \u015fart ko\u015far.<\/p>\n<p><!-- [if gte mso 9]><xml> <w:WordDocument> <w:View>Normal<\/w:View> <w:Zoom>0<\/w:Zoom> <w:TrackMoves \/> <w:TrackFormatting \/> <w:HyphenationZone>21<\/w:HyphenationZone> <w:PunctuationKerning \/> <w:ValidateAgainstSchemas \/> <w:SaveIfXMLInvalid>false<\/w:SaveIfXMLInvalid> <w:IgnoreMixedContent>false<\/w:IgnoreMixedContent> <w:AlwaysShowPlaceholderText>false<\/w:AlwaysShowPlaceholderText> <w:DoNotPromoteQF \/> <w:LidThemeOther>TR<\/w:LidThemeOther> <w:LidThemeAsian>X-NONE<\/w:LidThemeAsian> <w:LidThemeComplexScript>X-NONE<\/w:LidThemeComplexScript> <w:Compatibility> <w:BreakWrappedTables \/> <w:SnapToGridInCell \/> <w:WrapTextWithPunct \/> <w:UseAsianBreakRules \/> <w:DontGrowAutofit \/> <w:SplitPgBreakAndParaMark \/> <w:DontVertAlignCellWithSp \/> <w:DontBreakConstrainedForcedTables \/> <w:DontVertAlignInTxbx \/> <w:Word11KerningPairs \/> <w:CachedColBalance \/> <\/w:Compatibility> <w:BrowserLevel>MicrosoftInternetExplorer4<\/w:BrowserLevel> <m:mathPr> <m:mathFont m:val=\"Cambria Math\" \/> <m:brkBin m:val=\"before\" \/> <m:brkBinSub m:val=\"&#45;-\" \/> <m:smallFrac m:val=\"off\" \/> <m:dispDef \/> <m:lMargin m:val=\"0\" \/> <m:rMargin m:val=\"0\" \/> <m:defJc m:val=\"centerGroup\" \/> <m:wrapIndent m:val=\"1440\" \/> <m:intLim m:val=\"subSup\" \/> <m:naryLim m:val=\"undOvr\" \/> <\/m:mathPr><\/w:WordDocument> <\/xml><![endif]--><!-- [if gte mso 9]><xml> <w:LatentStyles DefLockedState=\"false\" DefUnhideWhenUsed=\"true\"   DefSemiHidden=\"true\" DefQFormat=\"false\" DefPriority=\"99\"   LatentStyleCount=\"267\"> <w:LsdException Locked=\"false\" Priority=\"0\" SemiHidden=\"false\"    UnhideWhenUsed=\"false\" QFormat=\"true\" Name=\"Normal\" \/> <w:LsdException Locked=\"false\" Priority=\"9\" SemiHidden=\"false\"    UnhideWhenUsed=\"false\" QFormat=\"true\" Name=\"heading 1\" \/> <w:LsdException Locked=\"false\" Priority=\"9\" QFormat=\"true\" Name=\"heading 2\" \/> <w:LsdException Locked=\"false\" Priority=\"9\" QFormat=\"true\" Name=\"heading 3\" \/> <w:LsdException Locked=\"false\" Priority=\"9\" QFormat=\"true\" Name=\"heading 4\" \/> <w:LsdException Locked=\"false\" Priority=\"9\" QFormat=\"true\" Name=\"heading 5\" \/> <w:LsdException Locked=\"false\" Priority=\"9\" QFormat=\"true\" Name=\"heading 6\" \/> <w:LsdException Locked=\"false\" Priority=\"9\" QFormat=\"true\" Name=\"heading 7\" \/> <w:LsdException Locked=\"false\" Priority=\"9\" QFormat=\"true\" Name=\"heading 8\" \/> <w:LsdException Locked=\"false\" Priority=\"9\" QFormat=\"true\" Name=\"heading 9\" \/> <w:LsdException Locked=\"false\" Priority=\"39\" Name=\"toc 1\" \/> <w:LsdException Locked=\"false\" Priority=\"39\" Name=\"toc 2\" \/> <w:LsdException Locked=\"false\" Priority=\"39\" Name=\"toc 3\" \/> <w:LsdException Locked=\"false\" Priority=\"39\" Name=\"toc 4\" \/> <w:LsdException Locked=\"false\" Priority=\"39\" Name=\"toc 5\" \/> <w:LsdException Locked=\"false\" Priority=\"39\" Name=\"toc 6\" \/> <w:LsdException Locked=\"false\" Priority=\"39\" Name=\"toc 7\" \/> <w:LsdException Locked=\"false\" Priority=\"39\" Name=\"toc 8\" \/> <w:LsdException Locked=\"false\" Priority=\"39\" Name=\"toc 9\" \/> <w:LsdException Locked=\"false\" Priority=\"35\" QFormat=\"true\" Name=\"caption\" \/> <w:LsdException Locked=\"false\" Priority=\"10\" SemiHidden=\"false\"    UnhideWhenUsed=\"false\" QFormat=\"true\" Name=\"Title\" \/> <w:LsdException Locked=\"false\" Priority=\"1\" Name=\"Default Paragraph Font\" \/> <w:LsdException Locked=\"false\" Priority=\"11\" SemiHidden=\"false\"    UnhideWhenUsed=\"false\" QFormat=\"true\" Name=\"Subtitle\" \/> <w:LsdException Locked=\"false\" Priority=\"22\" SemiHidden=\"false\"    UnhideWhenUsed=\"false\" QFormat=\"true\" Name=\"Strong\" \/> <w:LsdException Locked=\"false\" Priority=\"20\" SemiHidden=\"false\"    UnhideWhenUsed=\"false\" QFormat=\"true\" Name=\"Emphasis\" \/> <w:LsdException Locked=\"false\" Priority=\"59\" SemiHidden=\"false\"    UnhideWhenUsed=\"false\" Name=\"Table Grid\" \/> <w:LsdException Locked=\"false\" UnhideWhenUsed=\"false\" Name=\"Placeholder Text\" \/> <w:LsdException Locked=\"false\" Priority=\"1\" SemiHidden=\"false\"    UnhideWhenUsed=\"false\" QFormat=\"true\" Name=\"No Spacing\" \/> <w:LsdException Locked=\"false\" Priority=\"60\" SemiHidden=\"false\"    UnhideWhenUsed=\"false\" Name=\"Light Shading\" \/> <w:LsdException Locked=\"false\" Priority=\"61\" SemiHidden=\"false\"    UnhideWhenUsed=\"false\" Name=\"Light List\" \/> <w:LsdException Locked=\"false\" Priority=\"62\" SemiHidden=\"false\"    UnhideWhenUsed=\"false\" Name=\"Light Grid\" \/> <w:LsdException Locked=\"false\" Priority=\"63\" SemiHidden=\"false\"    UnhideWhenUsed=\"false\" Name=\"Medium Shading 1\" \/> <w:LsdException Locked=\"false\" Priority=\"64\" SemiHidden=\"false\"    UnhideWhenUsed=\"false\" Name=\"Medium Shading 2\" \/> <w:LsdException Locked=\"false\" Priority=\"65\" SemiHidden=\"false\"    UnhideWhenUsed=\"false\" Name=\"Medium List 1\" \/> <w:LsdException Locked=\"false\" Priority=\"66\" SemiHidden=\"false\"    UnhideWhenUsed=\"false\" Name=\"Medium List 2\" \/> <w:LsdException Locked=\"false\" Priority=\"67\" SemiHidden=\"false\"    UnhideWhenUsed=\"false\" Name=\"Medium Grid 1\" \/> <w:LsdException Locked=\"false\" Priority=\"68\" SemiHidden=\"false\"    UnhideWhenUsed=\"false\" Name=\"Medium Grid 2\" \/> <w:LsdException Locked=\"false\" Priority=\"69\" SemiHidden=\"false\"    UnhideWhenUsed=\"false\" Name=\"Medium Grid 3\" \/> <w:LsdException Locked=\"false\" Priority=\"70\" SemiHidden=\"false\"    UnhideWhenUsed=\"false\" Name=\"Dark List\" \/> <w:LsdException Locked=\"false\" Priority=\"71\" SemiHidden=\"false\"    UnhideWhenUsed=\"false\" Name=\"Colorful Shading\" \/> <w:LsdException Locked=\"false\" Priority=\"72\" SemiHidden=\"false\"    UnhideWhenUsed=\"false\" Name=\"Colorful List\" \/> <w:LsdException Locked=\"false\" Priority=\"73\" SemiHidden=\"false\"    UnhideWhenUsed=\"false\" Name=\"Colorful Grid\" \/> <w:LsdException Locked=\"false\" Priority=\"60\" SemiHidden=\"false\"    UnhideWhenUsed=\"false\" Name=\"Light Shading Accent 1\" \/> <w:LsdException Locked=\"false\" Priority=\"61\" SemiHidden=\"false\"    UnhideWhenUsed=\"false\" Name=\"Light List Accent 1\" \/> <w:LsdException Locked=\"false\" Priority=\"62\" SemiHidden=\"false\"    UnhideWhenUsed=\"false\" Name=\"Light Grid Accent 1\" \/> <w:LsdException Locked=\"false\" Priority=\"63\" SemiHidden=\"false\"    UnhideWhenUsed=\"false\" Name=\"Medium Shading 1 Accent 1\" \/> <w:LsdException Locked=\"false\" Priority=\"64\" SemiHidden=\"false\"    UnhideWhenUsed=\"false\" Name=\"Medium Shading 2 Accent 1\" \/> <w:LsdException Locked=\"false\" Priority=\"65\" SemiHidden=\"false\"    UnhideWhenUsed=\"false\" Name=\"Medium List 1 Accent 1\" \/> <w:LsdException Locked=\"false\" UnhideWhenUsed=\"false\" Name=\"Revision\" \/> <w:LsdException Locked=\"false\" Priority=\"34\" SemiHidden=\"false\"    UnhideWhenUsed=\"false\" QFormat=\"true\" Name=\"List Paragraph\" \/> <w:LsdException Locked=\"false\" Priority=\"29\" SemiHidden=\"false\"    UnhideWhenUsed=\"false\" QFormat=\"true\" Name=\"Quote\" \/> <w:LsdException Locked=\"false\" Priority=\"30\" SemiHidden=\"false\"    UnhideWhenUsed=\"false\" QFormat=\"true\" Name=\"Intense Quote\" \/> <w:LsdException Locked=\"false\" Priority=\"66\" SemiHidden=\"false\"    UnhideWhenUsed=\"false\" Name=\"Medium List 2 Accent 1\" \/> <w:LsdException Locked=\"false\" Priority=\"67\" SemiHidden=\"false\"    UnhideWhenUsed=\"false\" Name=\"Medium Grid 1 Accent 1\" \/> <w:LsdException Locked=\"false\" Priority=\"68\" SemiHidden=\"false\"    UnhideWhenUsed=\"false\" Name=\"Medium Grid 2 Accent 1\" \/> <w:LsdException Locked=\"false\" Priority=\"69\" SemiHidden=\"false\"    UnhideWhenUsed=\"false\" Name=\"Medium Grid 3 Accent 1\" \/> <w:LsdException Locked=\"false\" Priority=\"70\" SemiHidden=\"false\"    UnhideWhenUsed=\"false\" Name=\"Dark List Accent 1\" \/> <w:LsdException Locked=\"false\" Priority=\"71\" SemiHidden=\"false\"    UnhideWhenUsed=\"false\" Name=\"Colorful Shading Accent 1\" \/> <w:LsdException Locked=\"false\" Priority=\"72\" SemiHidden=\"false\"    UnhideWhenUsed=\"false\" Name=\"Colorful List Accent 1\" \/> <w:LsdException Locked=\"false\" Priority=\"73\" SemiHidden=\"false\"    UnhideWhenUsed=\"false\" Name=\"Colorful Grid Accent 1\" \/> <w:LsdException Locked=\"false\" Priority=\"60\" SemiHidden=\"false\"    UnhideWhenUsed=\"false\" Name=\"Light Shading Accent 2\" \/> <w:LsdException Locked=\"false\" Priority=\"61\" SemiHidden=\"false\"    UnhideWhenUsed=\"false\" Name=\"Light List Accent 2\" \/> <w:LsdException Locked=\"false\" Priority=\"62\" SemiHidden=\"false\"    UnhideWhenUsed=\"false\" Name=\"Light Grid Accent 2\" \/> <w:LsdException Locked=\"false\" Priority=\"63\" SemiHidden=\"false\"    UnhideWhenUsed=\"false\" Name=\"Medium Shading 1 Accent 2\" \/> <w:LsdException Locked=\"false\" Priority=\"64\" SemiHidden=\"false\"    UnhideWhenUsed=\"false\" Name=\"Medium Shading 2 Accent 2\" \/> <w:LsdException Locked=\"false\" Priority=\"65\" SemiHidden=\"false\"    UnhideWhenUsed=\"false\" Name=\"Medium List 1 Accent 2\" \/> <w:LsdException Locked=\"false\" Priority=\"66\" SemiHidden=\"false\"    UnhideWhenUsed=\"false\" Name=\"Medium List 2 Accent 2\" \/> <w:LsdException Locked=\"false\" Priority=\"67\" SemiHidden=\"false\"    UnhideWhenUsed=\"false\" Name=\"Medium Grid 1 Accent 2\" \/> <w:LsdException Locked=\"false\" Priority=\"68\" SemiHidden=\"false\"    UnhideWhenUsed=\"false\" Name=\"Medium Grid 2 Accent 2\" \/> <w:LsdException Locked=\"false\" Priority=\"69\" SemiHidden=\"false\"    UnhideWhenUsed=\"false\" Name=\"Medium Grid 3 Accent 2\" \/> <w:LsdException Locked=\"false\" Priority=\"70\" SemiHidden=\"false\"    UnhideWhenUsed=\"false\" Name=\"Dark List Accent 2\" \/> <w:LsdException Locked=\"false\" Priority=\"71\" SemiHidden=\"false\"    UnhideWhenUsed=\"false\" Name=\"Colorful Shading Accent 2\" \/> <w:LsdException Locked=\"false\" Priority=\"72\" SemiHidden=\"false\"    UnhideWhenUsed=\"false\" Name=\"Colorful List Accent 2\" \/> <w:LsdException Locked=\"false\" Priority=\"73\" SemiHidden=\"false\"    UnhideWhenUsed=\"false\" Name=\"Colorful Grid Accent 2\" \/> <w:LsdException Locked=\"false\" Priority=\"60\" SemiHidden=\"false\"    UnhideWhenUsed=\"false\" Name=\"Light Shading Accent 3\" \/> <w:LsdException Locked=\"false\" Priority=\"61\" SemiHidden=\"false\"    UnhideWhenUsed=\"false\" Name=\"Light List Accent 3\" \/> <w:LsdException Locked=\"false\" Priority=\"62\" SemiHidden=\"false\"    UnhideWhenUsed=\"false\" Name=\"Light Grid Accent 3\" \/> <w:LsdException Locked=\"false\" Priority=\"63\" SemiHidden=\"false\"    UnhideWhenUsed=\"false\" Name=\"Medium Shading 1 Accent 3\" \/> <w:LsdException Locked=\"false\" Priority=\"64\" SemiHidden=\"false\"    UnhideWhenUsed=\"false\" Name=\"Medium Shading 2 Accent 3\" \/> <w:LsdException Locked=\"false\" Priority=\"65\" SemiHidden=\"false\"    UnhideWhenUsed=\"false\" Name=\"Medium List 1 Accent 3\" \/> <w:LsdException Locked=\"false\" Priority=\"66\" SemiHidden=\"false\"    UnhideWhenUsed=\"false\" Name=\"Medium List 2 Accent 3\" \/> <w:LsdException Locked=\"false\" Priority=\"67\" SemiHidden=\"false\"    UnhideWhenUsed=\"false\" Name=\"Medium Grid 1 Accent 3\" \/> <w:LsdException Locked=\"false\" Priority=\"68\" SemiHidden=\"false\"    UnhideWhenUsed=\"false\" Name=\"Medium Grid 2 Accent 3\" \/> <w:LsdException Locked=\"false\" Priority=\"69\" SemiHidden=\"false\"    UnhideWhenUsed=\"false\" Name=\"Medium Grid 3 Accent 3\" \/> <w:LsdException Locked=\"false\" Priority=\"70\" SemiHidden=\"false\"    UnhideWhenUsed=\"false\" Name=\"Dark List Accent 3\" \/> <w:LsdException Locked=\"false\" Priority=\"71\" SemiHidden=\"false\"    UnhideWhenUsed=\"false\" Name=\"Colorful Shading Accent 3\" \/> <w:LsdException Locked=\"false\" Priority=\"72\" SemiHidden=\"false\"    UnhideWhenUsed=\"false\" Name=\"Colorful List Accent 3\" \/> <w:LsdException Locked=\"false\" Priority=\"73\" SemiHidden=\"false\"    UnhideWhenUsed=\"false\" Name=\"Colorful Grid Accent 3\" \/> <w:LsdException Locked=\"false\" Priority=\"60\" SemiHidden=\"false\"    UnhideWhenUsed=\"false\" Name=\"Light Shading Accent 4\" \/> <w:LsdException Locked=\"false\" Priority=\"61\" SemiHidden=\"false\"    UnhideWhenUsed=\"false\" Name=\"Light List Accent 4\" \/> <w:LsdException Locked=\"false\" Priority=\"62\" SemiHidden=\"false\"    UnhideWhenUsed=\"false\" Name=\"Light Grid Accent 4\" \/> <w:LsdException Locked=\"false\" Priority=\"63\" SemiHidden=\"false\"    UnhideWhenUsed=\"false\" Name=\"Medium Shading 1 Accent 4\" \/> <w:LsdException Locked=\"false\" Priority=\"64\" SemiHidden=\"false\"    UnhideWhenUsed=\"false\" Name=\"Medium Shading 2 Accent 4\" \/> <w:LsdException Locked=\"false\" Priority=\"65\" SemiHidden=\"false\"    UnhideWhenUsed=\"false\" Name=\"Medium List 1 Accent 4\" \/> <w:LsdException Locked=\"false\" Priority=\"66\" SemiHidden=\"false\"    UnhideWhenUsed=\"false\" Name=\"Medium List 2 Accent 4\" \/> <w:LsdException Locked=\"false\" Priority=\"67\" SemiHidden=\"false\"    UnhideWhenUsed=\"false\" Name=\"Medium Grid 1 Accent 4\" \/> <w:LsdException Locked=\"false\" Priority=\"68\" SemiHidden=\"false\"    UnhideWhenUsed=\"false\" Name=\"Medium Grid 2 Accent 4\" \/> <w:LsdException Locked=\"false\" Priority=\"69\" SemiHidden=\"false\"    UnhideWhenUsed=\"false\" Name=\"Medium Grid 3 Accent 4\" \/> <w:LsdException Locked=\"false\" Priority=\"70\" SemiHidden=\"false\"    UnhideWhenUsed=\"false\" Name=\"Dark List Accent 4\" \/> <w:LsdException Locked=\"false\" Priority=\"71\" SemiHidden=\"false\"    UnhideWhenUsed=\"false\" Name=\"Colorful Shading Accent 4\" \/> <w:LsdException Locked=\"false\" Priority=\"72\" SemiHidden=\"false\"    UnhideWhenUsed=\"false\" Name=\"Colorful List Accent 4\" \/> <w:LsdException Locked=\"false\" Priority=\"73\" SemiHidden=\"false\"    UnhideWhenUsed=\"false\" Name=\"Colorful Grid Accent 4\" \/> <w:LsdException Locked=\"false\" Priority=\"60\" SemiHidden=\"false\"    UnhideWhenUsed=\"false\" Name=\"Light Shading Accent 5\" \/> <w:LsdException Locked=\"false\" Priority=\"61\" SemiHidden=\"false\"    UnhideWhenUsed=\"false\" Name=\"Light List Accent 5\" \/> <w:LsdException Locked=\"false\" Priority=\"62\" SemiHidden=\"false\"    UnhideWhenUsed=\"false\" Name=\"Light Grid Accent 5\" \/> <w:LsdException Locked=\"false\" Priority=\"63\" SemiHidden=\"false\"    UnhideWhenUsed=\"false\" Name=\"Medium Shading 1 Accent 5\" \/> <w:LsdException Locked=\"false\" Priority=\"64\" SemiHidden=\"false\"    UnhideWhenUsed=\"false\" Name=\"Medium Shading 2 Accent 5\" \/> <w:LsdException Locked=\"false\" Priority=\"65\" SemiHidden=\"false\"    UnhideWhenUsed=\"false\" Name=\"Medium List 1 Accent 5\" \/> <w:LsdException Locked=\"false\" Priority=\"66\" SemiHidden=\"false\"    UnhideWhenUsed=\"false\" Name=\"Medium List 2 Accent 5\" \/> <w:LsdException Locked=\"false\" Priority=\"67\" SemiHidden=\"false\"    UnhideWhenUsed=\"false\" Name=\"Medium Grid 1 Accent 5\" \/> <w:LsdException Locked=\"false\" Priority=\"68\" SemiHidden=\"false\"    UnhideWhenUsed=\"false\" Name=\"Medium Grid 2 Accent 5\" \/> <w:LsdException Locked=\"false\" Priority=\"69\" SemiHidden=\"false\"    UnhideWhenUsed=\"false\" Name=\"Medium Grid 3 Accent 5\" \/> <w:LsdException Locked=\"false\" Priority=\"70\" SemiHidden=\"false\"    UnhideWhenUsed=\"false\" Name=\"Dark List Accent 5\" \/> <w:LsdException Locked=\"false\" Priority=\"71\" SemiHidden=\"false\"    UnhideWhenUsed=\"false\" Name=\"Colorful Shading Accent 5\" \/> <w:LsdException Locked=\"false\" Priority=\"72\" SemiHidden=\"false\"    UnhideWhenUsed=\"false\" Name=\"Colorful List Accent 5\" \/> <w:LsdException Locked=\"false\" Priority=\"73\" SemiHidden=\"false\"    UnhideWhenUsed=\"false\" Name=\"Colorful Grid Accent 5\" \/> <w:LsdException Locked=\"false\" Priority=\"60\" SemiHidden=\"false\"    UnhideWhenUsed=\"false\" Name=\"Light Shading Accent 6\" \/> <w:LsdException Locked=\"false\" Priority=\"61\" SemiHidden=\"false\"    UnhideWhenUsed=\"false\" Name=\"Light List Accent 6\" \/> <w:LsdException Locked=\"false\" Priority=\"62\" SemiHidden=\"false\"    UnhideWhenUsed=\"false\" Name=\"Light Grid Accent 6\" \/> <w:LsdException Locked=\"false\" Priority=\"63\" SemiHidden=\"false\"    UnhideWhenUsed=\"false\" Name=\"Medium Shading 1 Accent 6\" \/> <w:LsdException Locked=\"false\" Priority=\"64\" SemiHidden=\"false\"    UnhideWhenUsed=\"false\" Name=\"Medium Shading 2 Accent 6\" \/> <w:LsdException Locked=\"false\" Priority=\"65\" SemiHidden=\"false\"    UnhideWhenUsed=\"false\" Name=\"Medium List 1 Accent 6\" \/> <w:LsdException Locked=\"false\" Priority=\"66\" SemiHidden=\"false\"    UnhideWhenUsed=\"false\" Name=\"Medium List 2 Accent 6\" \/> <w:LsdException Locked=\"false\" Priority=\"67\" SemiHidden=\"false\"    UnhideWhenUsed=\"false\" Name=\"Medium Grid 1 Accent 6\" \/> <w:LsdException Locked=\"false\" Priority=\"68\" SemiHidden=\"false\"    UnhideWhenUsed=\"false\" Name=\"Medium Grid 2 Accent 6\" \/> <w:LsdException Locked=\"false\" Priority=\"69\" SemiHidden=\"false\"    UnhideWhenUsed=\"false\" Name=\"Medium Grid 3 Accent 6\" \/> <w:LsdException Locked=\"false\" Priority=\"70\" SemiHidden=\"false\"    UnhideWhenUsed=\"false\" Name=\"Dark List Accent 6\" \/> <w:LsdException Locked=\"false\" Priority=\"71\" SemiHidden=\"false\"    UnhideWhenUsed=\"false\" Name=\"Colorful Shading Accent 6\" \/> <w:LsdException Locked=\"false\" Priority=\"72\" SemiHidden=\"false\"    UnhideWhenUsed=\"false\" Name=\"Colorful List Accent 6\" \/> <w:LsdException Locked=\"false\" Priority=\"73\" SemiHidden=\"false\"    UnhideWhenUsed=\"false\" Name=\"Colorful Grid Accent 6\" \/> <w:LsdException Locked=\"false\" Priority=\"19\" SemiHidden=\"false\"    UnhideWhenUsed=\"false\" QFormat=\"true\" Name=\"Subtle Emphasis\" \/> <w:LsdException Locked=\"false\" Priority=\"21\" SemiHidden=\"false\"    UnhideWhenUsed=\"false\" QFormat=\"true\" Name=\"Intense Emphasis\" \/> <w:LsdException Locked=\"false\" Priority=\"31\" SemiHidden=\"false\"    UnhideWhenUsed=\"false\" QFormat=\"true\" Name=\"Subtle Reference\" \/> <w:LsdException Locked=\"false\" Priority=\"32\" SemiHidden=\"false\"    UnhideWhenUsed=\"false\" QFormat=\"true\" Name=\"Intense Reference\" \/> <w:LsdException Locked=\"false\" Priority=\"33\" SemiHidden=\"false\"    UnhideWhenUsed=\"false\" QFormat=\"true\" Name=\"Book Title\" \/> <w:LsdException Locked=\"false\" Priority=\"37\" Name=\"Bibliography\" \/> <w:LsdException Locked=\"false\" Priority=\"39\" QFormat=\"true\" Name=\"TOC Heading\" \/> <\/w:LatentStyles> <\/xml><![endif]--><\/p>\n<p>\u00a0<\/p>\n<p><!--  \/* Font Definitions *\/  @font-face \t{font-family:\"Cambria Math\"; \tpanose-1:2 4 5 3 5 4 6 3 2 4; \tmso-font-charset:162; \tmso-generic-font-family:roman; \tmso-font-pitch:variable; \tmso-font-signature:-1610611985 1107304683 0 0 159 0;} @font-face \t{font-family:Calibri; \tpanose-1:2 15 5 2 2 2 4 3 2 4; \tmso-font-charset:162; \tmso-generic-font-family:swiss; \tmso-font-pitch:variable; \tmso-font-signature:-1610611985 1073750139 0 0 159 0;} @font-face \t{font-family:Verdana; \tpanose-1:2 11 6 4 3 5 4 4 2 4; \tmso-font-charset:162; \tmso-generic-font-family:swiss; \tmso-font-pitch:variable; \tmso-font-signature:536871559 0 0 0 415 0;}  \/* Style Definitions *\/  p.MsoNormal, li.MsoNormal, div.MsoNormal \t{mso-style-unhide:no; \tmso-style-qformat:yes; \tmso-style-parent:\"\"; \tmargin-top:0cm; \tmargin-right:0cm; \tmargin-bottom:10.0pt; \tmargin-left:0cm; \tline-height:115%; \tmso-pagination:widow-orphan; \tfont-size:11.0pt; \tfont-family:\"Calibri\",\"sans-serif\"; \tmso-fareast-font-family:Calibri; \tmso-bidi-font-family:\"Times New Roman\"; \tmso-fareast-language:EN-US;} .MsoChpDefault \t{mso-style-type:export-only; \tmso-default-props:yes; \tfont-size:10.0pt; \tmso-ansi-font-size:10.0pt; \tmso-bidi-font-size:10.0pt; \tmso-ascii-font-family:Calibri; \tmso-fareast-font-family:Calibri; \tmso-hansi-font-family:Calibri;} @page Section1 \t{size:612.0pt 792.0pt; \tmargin:70.85pt 70.85pt 70.85pt 70.85pt; \tmso-header-margin:35.4pt; \tmso-footer-margin:35.4pt; \tmso-paper-source:0;} div.Section1 \t{page:Section1;} --><\/p>\n<p>\u00a0<\/p>\n<p><!-- [if gte mso 10]> <mce:style><!    \/* Style Definitions *\/  table.MsoNormalTable \t{mso-style-name:\"Normal Tablo\"; \tmso-tstyle-rowband-size:0; \tmso-tstyle-colband-size:0; \tmso-style-noshow:yes; \tmso-style-priority:99; \tmso-style-qformat:yes; \tmso-style-parent:\"\"; \tmso-padding-alt:0cm 5.4pt 0cm 5.4pt; \tmso-para-margin:0cm; \tmso-para-margin-bottom:.0001pt; \tmso-pagination:widow-orphan; \tfont-size:11.0pt; \tfont-family:\"Calibri\",\"sans-serif\"; \tmso-ascii-font-family:Calibri; \tmso-ascii-theme-font:minor-latin; \tmso-fareast-font-family:\"Times New Roman\"; \tmso-fareast-theme-font:minor-fareast; \tmso-hansi-font-family:Calibri; \tmso-hansi-theme-font:minor-latin; \tmso-bidi-font-family:\"Times New Roman\"; \tmso-bidi-theme-font:minor-bidi;}  --><\/p>\n<p>\u00a0<\/p>\n<p><!--[endif]--><\/p>\n","protected":false},"excerpt":{"rendered":"<p>1. \u00c7a\u011f\u0131m\u0131z, kitleler kar\u015f\u0131s\u0131nda duyulan bir korku i\u00e7inde. Bu korku bir taraftan devlet\u00e7i bir mutlak\u00e7\u0131l\u0131\u011f\u0131n imgelerini, \u00f6te yandan kamu vicdan\u0131n\u0131n elektronik bir denetimini de birle\u015ftirmekten geri kalm\u0131yor. Bu korkunun \u00f6teki kutbundaysa \u201cdevrimci\u201d \u015fiddet (bunun \u2018sosyalizm\u2019 \u00e7er\u00e7evesinde kurulmu\u015f olmas\u0131n\u0131n zorunlu olmad\u0131\u011f\u0131 da art\u0131k g\u00fcn\u00fcm\u00fczde, \u0130slam ve milliyet\u00e7ilikler sayesinde ortaya \u00e7\u0131k\u0131yor) ya da ter\u00f6rizm yer al\u0131yor. Her [&hellip;]<\/p>\n","protected":false},"author":1,"featured_media":0,"comment_status":"open","ping_status":"open","sticky":false,"template":"","format":"standard","meta":{"footnotes":""},"categories":[53],"tags":[],"class_list":{"0":"post-392","1":"post","2":"type-post","3":"status-publish","4":"format-standard","6":"category-milliyetcilik"},"yoast_head":"<!-- This site is optimized with the Yoast SEO Premium plugin v24.9 (Yoast SEO v24.9) - https:\/\/yoast.com\/wordpress\/plugins\/seo\/ -->\n<title>Milliyet\u00e7ilikler Meselesi \u00dczerine Notlar | Ulus Baker - narteks.net<\/title>\n<meta name=\"robots\" content=\"index, follow, max-snippet:-1, max-image-preview:large, max-video-preview:-1\" \/>\n<link rel=\"canonical\" href=\"https:\/\/narteks.net\/index.php\/2009\/03\/11\/milliyetcilikler-meselesi-uzerine-notlar-ulus-baker\/\" \/>\n<meta property=\"og:locale\" content=\"tr_TR\" \/>\n<meta property=\"og:type\" content=\"article\" \/>\n<meta property=\"og:title\" content=\"Milliyet\u00e7ilikler Meselesi \u00dczerine Notlar | Ulus Baker\" \/>\n<meta property=\"og:description\" content=\"1. \u00c7a\u011f\u0131m\u0131z, kitleler kar\u015f\u0131s\u0131nda duyulan bir korku i\u00e7inde. Bu korku bir taraftan devlet\u00e7i bir mutlak\u00e7\u0131l\u0131\u011f\u0131n imgelerini, \u00f6te yandan kamu vicdan\u0131n\u0131n elektronik bir denetimini de birle\u015ftirmekten geri kalm\u0131yor. Bu korkunun \u00f6teki kutbundaysa \u201cdevrimci\u201d \u015fiddet (bunun \u2018sosyalizm\u2019 \u00e7er\u00e7evesinde kurulmu\u015f olmas\u0131n\u0131n zorunlu olmad\u0131\u011f\u0131 da art\u0131k g\u00fcn\u00fcm\u00fczde, \u0130slam ve milliyet\u00e7ilikler sayesinde ortaya \u00e7\u0131k\u0131yor) ya da ter\u00f6rizm yer al\u0131yor. Her [&hellip;]\" \/>\n<meta property=\"og:url\" content=\"https:\/\/narteks.net\/index.php\/2009\/03\/11\/milliyetcilikler-meselesi-uzerine-notlar-ulus-baker\/\" \/>\n<meta property=\"og:site_name\" content=\"narteks.net\" \/>\n<meta property=\"article:published_time\" content=\"2009-03-10T22:04:48+00:00\" \/>\n<meta property=\"og:image\" content=\"http:\/\/2.bp.blogspot.com\/_QhE4m9CLKWg\/S_-cEJboe3I\/AAAAAAAAA6g\/1nH1jh6Kjys\/s320\/ulus+baker.jpg\" \/>\n<meta name=\"author\" content=\"Tar\u0131k\" \/>\n<meta name=\"twitter:card\" content=\"summary_large_image\" \/>\n<meta name=\"twitter:creator\" content=\"@narteks\" \/>\n<meta name=\"twitter:site\" content=\"@narteks\" \/>\n<meta name=\"twitter:label1\" content=\"Yazan:\" \/>\n\t<meta name=\"twitter:data1\" content=\"Tar\u0131k\" \/>\n\t<meta name=\"twitter:label2\" content=\"Tahmini okuma s\u00fcresi\" \/>\n\t<meta name=\"twitter:data2\" content=\"9 dakika\" \/>\n<script type=\"application\/ld+json\" class=\"yoast-schema-graph\">{\"@context\":\"https:\/\/schema.org\",\"@graph\":[{\"@type\":\"Article\",\"@id\":\"https:\/\/narteks.net\/index.php\/2009\/03\/11\/milliyetcilikler-meselesi-uzerine-notlar-ulus-baker\/#article\",\"isPartOf\":{\"@id\":\"https:\/\/narteks.net\/index.php\/2009\/03\/11\/milliyetcilikler-meselesi-uzerine-notlar-ulus-baker\/\"},\"author\":{\"name\":\"Tar\u0131k\",\"@id\":\"https:\/\/narteks.net\/#\/schema\/person\/61f37d9834294b72d31d274e7ed79bca\"},\"headline\":\"Milliyet\u00e7ilikler Meselesi \u00dczerine Notlar | Ulus Baker\",\"datePublished\":\"2009-03-10T22:04:48+00:00\",\"mainEntityOfPage\":{\"@id\":\"https:\/\/narteks.net\/index.php\/2009\/03\/11\/milliyetcilikler-meselesi-uzerine-notlar-ulus-baker\/\"},\"wordCount\":1781,\"commentCount\":0,\"publisher\":{\"@id\":\"https:\/\/narteks.net\/#organization\"},\"image\":{\"@id\":\"https:\/\/narteks.net\/index.php\/2009\/03\/11\/milliyetcilikler-meselesi-uzerine-notlar-ulus-baker\/#primaryimage\"},\"thumbnailUrl\":\"http:\/\/2.bp.blogspot.com\/_QhE4m9CLKWg\/S_-cEJboe3I\/AAAAAAAAA6g\/1nH1jh6Kjys\/s320\/ulus+baker.jpg\",\"articleSection\":[\"Milliyet\u00e7ilik\"],\"inLanguage\":\"tr\",\"potentialAction\":[{\"@type\":\"CommentAction\",\"name\":\"Comment\",\"target\":[\"https:\/\/narteks.net\/index.php\/2009\/03\/11\/milliyetcilikler-meselesi-uzerine-notlar-ulus-baker\/#respond\"]}]},{\"@type\":\"WebPage\",\"@id\":\"https:\/\/narteks.net\/index.php\/2009\/03\/11\/milliyetcilikler-meselesi-uzerine-notlar-ulus-baker\/\",\"url\":\"https:\/\/narteks.net\/index.php\/2009\/03\/11\/milliyetcilikler-meselesi-uzerine-notlar-ulus-baker\/\",\"name\":\"Milliyet\u00e7ilikler Meselesi \u00dczerine Notlar | Ulus Baker - narteks.net\",\"isPartOf\":{\"@id\":\"https:\/\/narteks.net\/#website\"},\"primaryImageOfPage\":{\"@id\":\"https:\/\/narteks.net\/index.php\/2009\/03\/11\/milliyetcilikler-meselesi-uzerine-notlar-ulus-baker\/#primaryimage\"},\"image\":{\"@id\":\"https:\/\/narteks.net\/index.php\/2009\/03\/11\/milliyetcilikler-meselesi-uzerine-notlar-ulus-baker\/#primaryimage\"},\"thumbnailUrl\":\"http:\/\/2.bp.blogspot.com\/_QhE4m9CLKWg\/S_-cEJboe3I\/AAAAAAAAA6g\/1nH1jh6Kjys\/s320\/ulus+baker.jpg\",\"datePublished\":\"2009-03-10T22:04:48+00:00\",\"breadcrumb\":{\"@id\":\"https:\/\/narteks.net\/index.php\/2009\/03\/11\/milliyetcilikler-meselesi-uzerine-notlar-ulus-baker\/#breadcrumb\"},\"inLanguage\":\"tr\",\"potentialAction\":[{\"@type\":\"ReadAction\",\"target\":[\"https:\/\/narteks.net\/index.php\/2009\/03\/11\/milliyetcilikler-meselesi-uzerine-notlar-ulus-baker\/\"]}]},{\"@type\":\"ImageObject\",\"inLanguage\":\"tr\",\"@id\":\"https:\/\/narteks.net\/index.php\/2009\/03\/11\/milliyetcilikler-meselesi-uzerine-notlar-ulus-baker\/#primaryimage\",\"url\":\"http:\/\/2.bp.blogspot.com\/_QhE4m9CLKWg\/S_-cEJboe3I\/AAAAAAAAA6g\/1nH1jh6Kjys\/s320\/ulus+baker.jpg\",\"contentUrl\":\"http:\/\/2.bp.blogspot.com\/_QhE4m9CLKWg\/S_-cEJboe3I\/AAAAAAAAA6g\/1nH1jh6Kjys\/s320\/ulus+baker.jpg\"},{\"@type\":\"BreadcrumbList\",\"@id\":\"https:\/\/narteks.net\/index.php\/2009\/03\/11\/milliyetcilikler-meselesi-uzerine-notlar-ulus-baker\/#breadcrumb\",\"itemListElement\":[{\"@type\":\"ListItem\",\"position\":1,\"name\":\"Anasayfa\",\"item\":\"https:\/\/narteks.net\/\"},{\"@type\":\"ListItem\",\"position\":2,\"name\":\"Milliyet\u00e7ilikler Meselesi \u00dczerine Notlar | Ulus Baker\"}]},{\"@type\":\"WebSite\",\"@id\":\"https:\/\/narteks.net\/#website\",\"url\":\"https:\/\/narteks.net\/\",\"name\":\"narteks.net\",\"description\":\"K\u00fclt\u00fcr Sanat Edebiyat Felsefe\",\"publisher\":{\"@id\":\"https:\/\/narteks.net\/#organization\"},\"alternateName\":\"K\u00fclt\u00fcr Sanat Edebiyat Felsefe\",\"potentialAction\":[{\"@type\":\"SearchAction\",\"target\":{\"@type\":\"EntryPoint\",\"urlTemplate\":\"https:\/\/narteks.net\/?s={search_term_string}\"},\"query-input\":{\"@type\":\"PropertyValueSpecification\",\"valueRequired\":true,\"valueName\":\"search_term_string\"}}],\"inLanguage\":\"tr\"},{\"@type\":\"Organization\",\"@id\":\"https:\/\/narteks.net\/#organization\",\"name\":\"narteks.net\",\"url\":\"https:\/\/narteks.net\/\",\"logo\":{\"@type\":\"ImageObject\",\"inLanguage\":\"tr\",\"@id\":\"https:\/\/narteks.net\/#\/schema\/logo\/image\/\",\"url\":\"https:\/\/narteks.net\/wp-content\/uploads\/narteks.png\",\"contentUrl\":\"https:\/\/narteks.net\/wp-content\/uploads\/narteks.png\",\"width\":300,\"height\":90,\"caption\":\"narteks.net\"},\"image\":{\"@id\":\"https:\/\/narteks.net\/#\/schema\/logo\/image\/\"},\"sameAs\":[\"https:\/\/x.com\/narteks\",\"https:\/\/instagram.com\/narteksnet\"]},{\"@type\":\"Person\",\"@id\":\"https:\/\/narteks.net\/#\/schema\/person\/61f37d9834294b72d31d274e7ed79bca\",\"name\":\"Tar\u0131k\",\"image\":{\"@type\":\"ImageObject\",\"inLanguage\":\"tr\",\"@id\":\"https:\/\/narteks.net\/#\/schema\/person\/image\/\",\"url\":\"https:\/\/secure.gravatar.com\/avatar\/50865afb55632c4ae467e0af0930f6510aa2297d8014be502a55b14f3b7550cf?s=96&d=mm&r=g\",\"contentUrl\":\"https:\/\/secure.gravatar.com\/avatar\/50865afb55632c4ae467e0af0930f6510aa2297d8014be502a55b14f3b7550cf?s=96&d=mm&r=g\",\"caption\":\"Tar\u0131k\"},\"sameAs\":[\"http:\/\/narteks.net\"],\"url\":\"https:\/\/narteks.net\/index.php\/author\/narbak\/\"}]}<\/script>\n<!-- \/ Yoast SEO Premium plugin. -->","yoast_head_json":{"title":"Milliyet\u00e7ilikler Meselesi \u00dczerine Notlar | Ulus Baker - narteks.net","robots":{"index":"index","follow":"follow","max-snippet":"max-snippet:-1","max-image-preview":"max-image-preview:large","max-video-preview":"max-video-preview:-1"},"canonical":"https:\/\/narteks.net\/index.php\/2009\/03\/11\/milliyetcilikler-meselesi-uzerine-notlar-ulus-baker\/","og_locale":"tr_TR","og_type":"article","og_title":"Milliyet\u00e7ilikler Meselesi \u00dczerine Notlar | Ulus Baker","og_description":"1. \u00c7a\u011f\u0131m\u0131z, kitleler kar\u015f\u0131s\u0131nda duyulan bir korku i\u00e7inde. Bu korku bir taraftan devlet\u00e7i bir mutlak\u00e7\u0131l\u0131\u011f\u0131n imgelerini, \u00f6te yandan kamu vicdan\u0131n\u0131n elektronik bir denetimini de birle\u015ftirmekten geri kalm\u0131yor. Bu korkunun \u00f6teki kutbundaysa \u201cdevrimci\u201d \u015fiddet (bunun \u2018sosyalizm\u2019 \u00e7er\u00e7evesinde kurulmu\u015f olmas\u0131n\u0131n zorunlu olmad\u0131\u011f\u0131 da art\u0131k g\u00fcn\u00fcm\u00fczde, \u0130slam ve milliyet\u00e7ilikler sayesinde ortaya \u00e7\u0131k\u0131yor) ya da ter\u00f6rizm yer al\u0131yor. Her [&hellip;]","og_url":"https:\/\/narteks.net\/index.php\/2009\/03\/11\/milliyetcilikler-meselesi-uzerine-notlar-ulus-baker\/","og_site_name":"narteks.net","article_published_time":"2009-03-10T22:04:48+00:00","og_image":[{"url":"http:\/\/2.bp.blogspot.com\/_QhE4m9CLKWg\/S_-cEJboe3I\/AAAAAAAAA6g\/1nH1jh6Kjys\/s320\/ulus+baker.jpg","type":"","width":"","height":""}],"author":"Tar\u0131k","twitter_card":"summary_large_image","twitter_creator":"@narteks","twitter_site":"@narteks","twitter_misc":{"Yazan:":"Tar\u0131k","Tahmini okuma s\u00fcresi":"9 dakika"},"schema":{"@context":"https:\/\/schema.org","@graph":[{"@type":"Article","@id":"https:\/\/narteks.net\/index.php\/2009\/03\/11\/milliyetcilikler-meselesi-uzerine-notlar-ulus-baker\/#article","isPartOf":{"@id":"https:\/\/narteks.net\/index.php\/2009\/03\/11\/milliyetcilikler-meselesi-uzerine-notlar-ulus-baker\/"},"author":{"name":"Tar\u0131k","@id":"https:\/\/narteks.net\/#\/schema\/person\/61f37d9834294b72d31d274e7ed79bca"},"headline":"Milliyet\u00e7ilikler Meselesi \u00dczerine Notlar | Ulus Baker","datePublished":"2009-03-10T22:04:48+00:00","mainEntityOfPage":{"@id":"https:\/\/narteks.net\/index.php\/2009\/03\/11\/milliyetcilikler-meselesi-uzerine-notlar-ulus-baker\/"},"wordCount":1781,"commentCount":0,"publisher":{"@id":"https:\/\/narteks.net\/#organization"},"image":{"@id":"https:\/\/narteks.net\/index.php\/2009\/03\/11\/milliyetcilikler-meselesi-uzerine-notlar-ulus-baker\/#primaryimage"},"thumbnailUrl":"http:\/\/2.bp.blogspot.com\/_QhE4m9CLKWg\/S_-cEJboe3I\/AAAAAAAAA6g\/1nH1jh6Kjys\/s320\/ulus+baker.jpg","articleSection":["Milliyet\u00e7ilik"],"inLanguage":"tr","potentialAction":[{"@type":"CommentAction","name":"Comment","target":["https:\/\/narteks.net\/index.php\/2009\/03\/11\/milliyetcilikler-meselesi-uzerine-notlar-ulus-baker\/#respond"]}]},{"@type":"WebPage","@id":"https:\/\/narteks.net\/index.php\/2009\/03\/11\/milliyetcilikler-meselesi-uzerine-notlar-ulus-baker\/","url":"https:\/\/narteks.net\/index.php\/2009\/03\/11\/milliyetcilikler-meselesi-uzerine-notlar-ulus-baker\/","name":"Milliyet\u00e7ilikler Meselesi \u00dczerine Notlar | Ulus Baker - narteks.net","isPartOf":{"@id":"https:\/\/narteks.net\/#website"},"primaryImageOfPage":{"@id":"https:\/\/narteks.net\/index.php\/2009\/03\/11\/milliyetcilikler-meselesi-uzerine-notlar-ulus-baker\/#primaryimage"},"image":{"@id":"https:\/\/narteks.net\/index.php\/2009\/03\/11\/milliyetcilikler-meselesi-uzerine-notlar-ulus-baker\/#primaryimage"},"thumbnailUrl":"http:\/\/2.bp.blogspot.com\/_QhE4m9CLKWg\/S_-cEJboe3I\/AAAAAAAAA6g\/1nH1jh6Kjys\/s320\/ulus+baker.jpg","datePublished":"2009-03-10T22:04:48+00:00","breadcrumb":{"@id":"https:\/\/narteks.net\/index.php\/2009\/03\/11\/milliyetcilikler-meselesi-uzerine-notlar-ulus-baker\/#breadcrumb"},"inLanguage":"tr","potentialAction":[{"@type":"ReadAction","target":["https:\/\/narteks.net\/index.php\/2009\/03\/11\/milliyetcilikler-meselesi-uzerine-notlar-ulus-baker\/"]}]},{"@type":"ImageObject","inLanguage":"tr","@id":"https:\/\/narteks.net\/index.php\/2009\/03\/11\/milliyetcilikler-meselesi-uzerine-notlar-ulus-baker\/#primaryimage","url":"http:\/\/2.bp.blogspot.com\/_QhE4m9CLKWg\/S_-cEJboe3I\/AAAAAAAAA6g\/1nH1jh6Kjys\/s320\/ulus+baker.jpg","contentUrl":"http:\/\/2.bp.blogspot.com\/_QhE4m9CLKWg\/S_-cEJboe3I\/AAAAAAAAA6g\/1nH1jh6Kjys\/s320\/ulus+baker.jpg"},{"@type":"BreadcrumbList","@id":"https:\/\/narteks.net\/index.php\/2009\/03\/11\/milliyetcilikler-meselesi-uzerine-notlar-ulus-baker\/#breadcrumb","itemListElement":[{"@type":"ListItem","position":1,"name":"Anasayfa","item":"https:\/\/narteks.net\/"},{"@type":"ListItem","position":2,"name":"Milliyet\u00e7ilikler Meselesi \u00dczerine Notlar | Ulus Baker"}]},{"@type":"WebSite","@id":"https:\/\/narteks.net\/#website","url":"https:\/\/narteks.net\/","name":"narteks.net","description":"K\u00fclt\u00fcr Sanat Edebiyat Felsefe","publisher":{"@id":"https:\/\/narteks.net\/#organization"},"alternateName":"K\u00fclt\u00fcr Sanat Edebiyat Felsefe","potentialAction":[{"@type":"SearchAction","target":{"@type":"EntryPoint","urlTemplate":"https:\/\/narteks.net\/?s={search_term_string}"},"query-input":{"@type":"PropertyValueSpecification","valueRequired":true,"valueName":"search_term_string"}}],"inLanguage":"tr"},{"@type":"Organization","@id":"https:\/\/narteks.net\/#organization","name":"narteks.net","url":"https:\/\/narteks.net\/","logo":{"@type":"ImageObject","inLanguage":"tr","@id":"https:\/\/narteks.net\/#\/schema\/logo\/image\/","url":"https:\/\/narteks.net\/wp-content\/uploads\/narteks.png","contentUrl":"https:\/\/narteks.net\/wp-content\/uploads\/narteks.png","width":300,"height":90,"caption":"narteks.net"},"image":{"@id":"https:\/\/narteks.net\/#\/schema\/logo\/image\/"},"sameAs":["https:\/\/x.com\/narteks","https:\/\/instagram.com\/narteksnet"]},{"@type":"Person","@id":"https:\/\/narteks.net\/#\/schema\/person\/61f37d9834294b72d31d274e7ed79bca","name":"Tar\u0131k","image":{"@type":"ImageObject","inLanguage":"tr","@id":"https:\/\/narteks.net\/#\/schema\/person\/image\/","url":"https:\/\/secure.gravatar.com\/avatar\/50865afb55632c4ae467e0af0930f6510aa2297d8014be502a55b14f3b7550cf?s=96&d=mm&r=g","contentUrl":"https:\/\/secure.gravatar.com\/avatar\/50865afb55632c4ae467e0af0930f6510aa2297d8014be502a55b14f3b7550cf?s=96&d=mm&r=g","caption":"Tar\u0131k"},"sameAs":["http:\/\/narteks.net"],"url":"https:\/\/narteks.net\/index.php\/author\/narbak\/"}]}},"_links":{"self":[{"href":"https:\/\/narteks.net\/index.php\/wp-json\/wp\/v2\/posts\/392","targetHints":{"allow":["GET"]}}],"collection":[{"href":"https:\/\/narteks.net\/index.php\/wp-json\/wp\/v2\/posts"}],"about":[{"href":"https:\/\/narteks.net\/index.php\/wp-json\/wp\/v2\/types\/post"}],"author":[{"embeddable":true,"href":"https:\/\/narteks.net\/index.php\/wp-json\/wp\/v2\/users\/1"}],"replies":[{"embeddable":true,"href":"https:\/\/narteks.net\/index.php\/wp-json\/wp\/v2\/comments?post=392"}],"version-history":[{"count":0,"href":"https:\/\/narteks.net\/index.php\/wp-json\/wp\/v2\/posts\/392\/revisions"}],"wp:attachment":[{"href":"https:\/\/narteks.net\/index.php\/wp-json\/wp\/v2\/media?parent=392"}],"wp:term":[{"taxonomy":"category","embeddable":true,"href":"https:\/\/narteks.net\/index.php\/wp-json\/wp\/v2\/categories?post=392"},{"taxonomy":"post_tag","embeddable":true,"href":"https:\/\/narteks.net\/index.php\/wp-json\/wp\/v2\/tags?post=392"}],"curies":[{"name":"wp","href":"https:\/\/api.w.org\/{rel}","templated":true}]}}