{"id":3926,"date":"2010-01-08T13:37:07","date_gmt":"2010-01-08T10:37:07","guid":{"rendered":"http:\/\/localhost\/wordpress\/2010\/01\/08\/enqaye-beqa\/"},"modified":"2010-01-08T13:37:07","modified_gmt":"2010-01-08T10:37:07","slug":"enqaye-beqa","status":"publish","type":"post","link":"https:\/\/narteks.net\/index.php\/2010\/01\/08\/enqaye-beqa\/","title":{"rendered":"ENQAY\u00ca BEQA"},"content":{"rendered":"<p>\u00a0<\/p>\n<p>Beyday\u00ea fena ger\u00e7i benim rehguzerimdir <br \/>Enqay\u00ea beqa h\u00eemmet\u00ea hemrah\u00ea perimdir <\/p>\n<p>Wehm eylemezem sehm\u00ea bela,qews\u00ea felekden <br \/>Atilsa, \u00e7u destimde tewekkul s\u00eeperimdir <\/p>\n<p>Ben bax\u00ea C\u00eehan i\u00e7re eceb nexl\u00ea belayem <br \/>Ba\u015eimda bela berg \u00fb me\u015eeqqet semerimdir <\/p>\n<p>Saq\u00ee bana \u00eemdadi kilip, fatih\u00ea bab ol <br \/>Meyxane ter\u00eeqimde kim evvel seferimdir. <\/p>\n<p>Ben a\u015eiq\u00ea d\u00eedar\u00ea ne hacet xem\u00ea diwar <br \/>Cennet dexi ber perde \u00ea qet\u2019\u00ea nezerimdir <\/p>\n<p>Perwane \u00ea perr sox\u00eete \u00ea \u015eem\u2019\u00ea qed\u00eemim <br \/>N\u00eeran\u00ea cehennem \u015eerer\u00ea bal \u00fb perrimdir <\/p>\n<p>Alam \u00fb cefas\u00eele xwe\u015eim ben reh\u00ea \u00ee\u015ekin <br \/>Xan\u00ee! Bana bu yolde, qedem \u00e7e\u015em\u00ea serimdir<\/p>\n","protected":false},"excerpt":{"rendered":"<p>\u00a0 Beyday\u00ea fena ger\u00e7i benim rehguzerimdir Enqay\u00ea beqa h\u00eemmet\u00ea hemrah\u00ea perimdir Wehm eylemezem sehm\u00ea bela,qews\u00ea felekden Atilsa, \u00e7u destimde tewekkul s\u00eeperimdir Ben bax\u00ea C\u00eehan i\u00e7re eceb nexl\u00ea belayem Ba\u015eimda bela berg \u00fb me\u015eeqqet semerimdir Saq\u00ee bana \u00eemdadi kilip, fatih\u00ea bab ol Meyxane ter\u00eeqimde kim evvel seferimdir. Ben a\u015eiq\u00ea d\u00eedar\u00ea ne hacet xem\u00ea diwar Cennet dexi [&hellip;]<\/p>\n","protected":false},"author":1,"featured_media":0,"comment_status":"open","ping_status":"open","sticky":false,"template":"","format":"standard","meta":{"footnotes":""},"categories":[130],"tags":[],"class_list":{"0":"post-3926","1":"post","2":"type-post","3":"status-publish","4":"format-standard","6":"category-ehmede-xani"},"yoast_head":"<!-- This site is optimized with the Yoast SEO Premium plugin v24.9 (Yoast SEO v24.9) - https:\/\/yoast.com\/wordpress\/plugins\/seo\/ -->\n<title>ENQAY\u00ca BEQA - narteks.net<\/title>\n<meta name=\"robots\" content=\"index, follow, max-snippet:-1, max-image-preview:large, max-video-preview:-1\" \/>\n<link rel=\"canonical\" href=\"https:\/\/narteks.net\/index.php\/2010\/01\/08\/enqaye-beqa\/\" \/>\n<meta property=\"og:locale\" content=\"tr_TR\" \/>\n<meta property=\"og:type\" content=\"article\" \/>\n<meta property=\"og:title\" content=\"ENQAY\u00ca BEQA\" \/>\n<meta property=\"og:description\" content=\"\u00a0 Beyday\u00ea fena ger\u00e7i benim rehguzerimdir Enqay\u00ea beqa h\u00eemmet\u00ea hemrah\u00ea perimdir Wehm eylemezem sehm\u00ea bela,qews\u00ea felekden Atilsa, \u00e7u destimde tewekkul s\u00eeperimdir Ben bax\u00ea C\u00eehan i\u00e7re eceb nexl\u00ea belayem Ba\u015eimda bela berg \u00fb me\u015eeqqet semerimdir Saq\u00ee bana \u00eemdadi kilip, fatih\u00ea bab ol Meyxane ter\u00eeqimde kim evvel seferimdir. Ben a\u015eiq\u00ea d\u00eedar\u00ea ne hacet xem\u00ea diwar Cennet dexi [&hellip;]\" \/>\n<meta property=\"og:url\" content=\"https:\/\/narteks.net\/index.php\/2010\/01\/08\/enqaye-beqa\/\" \/>\n<meta property=\"og:site_name\" content=\"narteks.net\" \/>\n<meta property=\"article:published_time\" content=\"2010-01-08T10:37:07+00:00\" \/>\n<meta property=\"og:image\" content=\"https:\/\/narteks.net\/wp-content\/uploads\/narteks.png\" \/>\n\t<meta property=\"og:image:width\" content=\"300\" \/>\n\t<meta property=\"og:image:height\" content=\"90\" \/>\n\t<meta property=\"og:image:type\" content=\"image\/png\" \/>\n<meta name=\"author\" content=\"Tar\u0131k\" \/>\n<meta name=\"twitter:card\" content=\"summary_large_image\" \/>\n<meta name=\"twitter:creator\" content=\"@narteks\" \/>\n<meta name=\"twitter:site\" content=\"@narteks\" \/>\n<meta name=\"twitter:label1\" content=\"Yazan:\" \/>\n\t<meta name=\"twitter:data1\" content=\"Tar\u0131k\" \/>\n<script type=\"application\/ld+json\" class=\"yoast-schema-graph\">{\"@context\":\"https:\/\/schema.org\",\"@graph\":[{\"@type\":\"Article\",\"@id\":\"https:\/\/narteks.net\/index.php\/2010\/01\/08\/enqaye-beqa\/#article\",\"isPartOf\":{\"@id\":\"https:\/\/narteks.net\/index.php\/2010\/01\/08\/enqaye-beqa\/\"},\"author\":{\"name\":\"Tar\u0131k\",\"@id\":\"https:\/\/narteks.net\/#\/schema\/person\/61f37d9834294b72d31d274e7ed79bca\"},\"headline\":\"ENQAY\u00ca BEQA\",\"datePublished\":\"2010-01-08T10:37:07+00:00\",\"mainEntityOfPage\":{\"@id\":\"https:\/\/narteks.net\/index.php\/2010\/01\/08\/enqaye-beqa\/\"},\"wordCount\":99,\"commentCount\":0,\"publisher\":{\"@id\":\"https:\/\/narteks.net\/#organization\"},\"articleSection\":[\"Ehmed\u00ea Xan\u00ee\"],\"inLanguage\":\"tr\",\"potentialAction\":[{\"@type\":\"CommentAction\",\"name\":\"Comment\",\"target\":[\"https:\/\/narteks.net\/index.php\/2010\/01\/08\/enqaye-beqa\/#respond\"]}]},{\"@type\":\"WebPage\",\"@id\":\"https:\/\/narteks.net\/index.php\/2010\/01\/08\/enqaye-beqa\/\",\"url\":\"https:\/\/narteks.net\/index.php\/2010\/01\/08\/enqaye-beqa\/\",\"name\":\"ENQAY\u00ca BEQA - narteks.net\",\"isPartOf\":{\"@id\":\"https:\/\/narteks.net\/#website\"},\"datePublished\":\"2010-01-08T10:37:07+00:00\",\"breadcrumb\":{\"@id\":\"https:\/\/narteks.net\/index.php\/2010\/01\/08\/enqaye-beqa\/#breadcrumb\"},\"inLanguage\":\"tr\",\"potentialAction\":[{\"@type\":\"ReadAction\",\"target\":[\"https:\/\/narteks.net\/index.php\/2010\/01\/08\/enqaye-beqa\/\"]}]},{\"@type\":\"BreadcrumbList\",\"@id\":\"https:\/\/narteks.net\/index.php\/2010\/01\/08\/enqaye-beqa\/#breadcrumb\",\"itemListElement\":[{\"@type\":\"ListItem\",\"position\":1,\"name\":\"Anasayfa\",\"item\":\"https:\/\/narteks.net\/\"},{\"@type\":\"ListItem\",\"position\":2,\"name\":\"ENQAY\u00ca BEQA\"}]},{\"@type\":\"WebSite\",\"@id\":\"https:\/\/narteks.net\/#website\",\"url\":\"https:\/\/narteks.net\/\",\"name\":\"narteks.net\",\"description\":\"K\u00fclt\u00fcr Sanat Edebiyat Felsefe\",\"publisher\":{\"@id\":\"https:\/\/narteks.net\/#organization\"},\"alternateName\":\"K\u00fclt\u00fcr Sanat Edebiyat Felsefe\",\"potentialAction\":[{\"@type\":\"SearchAction\",\"target\":{\"@type\":\"EntryPoint\",\"urlTemplate\":\"https:\/\/narteks.net\/?s={search_term_string}\"},\"query-input\":{\"@type\":\"PropertyValueSpecification\",\"valueRequired\":true,\"valueName\":\"search_term_string\"}}],\"inLanguage\":\"tr\"},{\"@type\":\"Organization\",\"@id\":\"https:\/\/narteks.net\/#organization\",\"name\":\"narteks.net\",\"url\":\"https:\/\/narteks.net\/\",\"logo\":{\"@type\":\"ImageObject\",\"inLanguage\":\"tr\",\"@id\":\"https:\/\/narteks.net\/#\/schema\/logo\/image\/\",\"url\":\"https:\/\/narteks.net\/wp-content\/uploads\/narteks.png\",\"contentUrl\":\"https:\/\/narteks.net\/wp-content\/uploads\/narteks.png\",\"width\":300,\"height\":90,\"caption\":\"narteks.net\"},\"image\":{\"@id\":\"https:\/\/narteks.net\/#\/schema\/logo\/image\/\"},\"sameAs\":[\"https:\/\/x.com\/narteks\",\"https:\/\/instagram.com\/narteksnet\"]},{\"@type\":\"Person\",\"@id\":\"https:\/\/narteks.net\/#\/schema\/person\/61f37d9834294b72d31d274e7ed79bca\",\"name\":\"Tar\u0131k\",\"image\":{\"@type\":\"ImageObject\",\"inLanguage\":\"tr\",\"@id\":\"https:\/\/narteks.net\/#\/schema\/person\/image\/\",\"url\":\"https:\/\/secure.gravatar.com\/avatar\/50865afb55632c4ae467e0af0930f6510aa2297d8014be502a55b14f3b7550cf?s=96&d=mm&r=g\",\"contentUrl\":\"https:\/\/secure.gravatar.com\/avatar\/50865afb55632c4ae467e0af0930f6510aa2297d8014be502a55b14f3b7550cf?s=96&d=mm&r=g\",\"caption\":\"Tar\u0131k\"},\"sameAs\":[\"http:\/\/narteks.net\"],\"url\":\"https:\/\/narteks.net\/index.php\/author\/narbak\/\"}]}<\/script>\n<!-- \/ Yoast SEO Premium plugin. -->","yoast_head_json":{"title":"ENQAY\u00ca BEQA - narteks.net","robots":{"index":"index","follow":"follow","max-snippet":"max-snippet:-1","max-image-preview":"max-image-preview:large","max-video-preview":"max-video-preview:-1"},"canonical":"https:\/\/narteks.net\/index.php\/2010\/01\/08\/enqaye-beqa\/","og_locale":"tr_TR","og_type":"article","og_title":"ENQAY\u00ca BEQA","og_description":"\u00a0 Beyday\u00ea fena ger\u00e7i benim rehguzerimdir Enqay\u00ea beqa h\u00eemmet\u00ea hemrah\u00ea perimdir Wehm eylemezem sehm\u00ea bela,qews\u00ea felekden Atilsa, \u00e7u destimde tewekkul s\u00eeperimdir Ben bax\u00ea C\u00eehan i\u00e7re eceb nexl\u00ea belayem Ba\u015eimda bela berg \u00fb me\u015eeqqet semerimdir Saq\u00ee bana \u00eemdadi kilip, fatih\u00ea bab ol Meyxane ter\u00eeqimde kim evvel seferimdir. Ben a\u015eiq\u00ea d\u00eedar\u00ea ne hacet xem\u00ea diwar Cennet dexi [&hellip;]","og_url":"https:\/\/narteks.net\/index.php\/2010\/01\/08\/enqaye-beqa\/","og_site_name":"narteks.net","article_published_time":"2010-01-08T10:37:07+00:00","og_image":[{"width":300,"height":90,"url":"https:\/\/narteks.net\/wp-content\/uploads\/narteks.png","type":"image\/png"}],"author":"Tar\u0131k","twitter_card":"summary_large_image","twitter_creator":"@narteks","twitter_site":"@narteks","twitter_misc":{"Yazan:":"Tar\u0131k"},"schema":{"@context":"https:\/\/schema.org","@graph":[{"@type":"Article","@id":"https:\/\/narteks.net\/index.php\/2010\/01\/08\/enqaye-beqa\/#article","isPartOf":{"@id":"https:\/\/narteks.net\/index.php\/2010\/01\/08\/enqaye-beqa\/"},"author":{"name":"Tar\u0131k","@id":"https:\/\/narteks.net\/#\/schema\/person\/61f37d9834294b72d31d274e7ed79bca"},"headline":"ENQAY\u00ca BEQA","datePublished":"2010-01-08T10:37:07+00:00","mainEntityOfPage":{"@id":"https:\/\/narteks.net\/index.php\/2010\/01\/08\/enqaye-beqa\/"},"wordCount":99,"commentCount":0,"publisher":{"@id":"https:\/\/narteks.net\/#organization"},"articleSection":["Ehmed\u00ea Xan\u00ee"],"inLanguage":"tr","potentialAction":[{"@type":"CommentAction","name":"Comment","target":["https:\/\/narteks.net\/index.php\/2010\/01\/08\/enqaye-beqa\/#respond"]}]},{"@type":"WebPage","@id":"https:\/\/narteks.net\/index.php\/2010\/01\/08\/enqaye-beqa\/","url":"https:\/\/narteks.net\/index.php\/2010\/01\/08\/enqaye-beqa\/","name":"ENQAY\u00ca BEQA - narteks.net","isPartOf":{"@id":"https:\/\/narteks.net\/#website"},"datePublished":"2010-01-08T10:37:07+00:00","breadcrumb":{"@id":"https:\/\/narteks.net\/index.php\/2010\/01\/08\/enqaye-beqa\/#breadcrumb"},"inLanguage":"tr","potentialAction":[{"@type":"ReadAction","target":["https:\/\/narteks.net\/index.php\/2010\/01\/08\/enqaye-beqa\/"]}]},{"@type":"BreadcrumbList","@id":"https:\/\/narteks.net\/index.php\/2010\/01\/08\/enqaye-beqa\/#breadcrumb","itemListElement":[{"@type":"ListItem","position":1,"name":"Anasayfa","item":"https:\/\/narteks.net\/"},{"@type":"ListItem","position":2,"name":"ENQAY\u00ca BEQA"}]},{"@type":"WebSite","@id":"https:\/\/narteks.net\/#website","url":"https:\/\/narteks.net\/","name":"narteks.net","description":"K\u00fclt\u00fcr Sanat Edebiyat Felsefe","publisher":{"@id":"https:\/\/narteks.net\/#organization"},"alternateName":"K\u00fclt\u00fcr Sanat Edebiyat Felsefe","potentialAction":[{"@type":"SearchAction","target":{"@type":"EntryPoint","urlTemplate":"https:\/\/narteks.net\/?s={search_term_string}"},"query-input":{"@type":"PropertyValueSpecification","valueRequired":true,"valueName":"search_term_string"}}],"inLanguage":"tr"},{"@type":"Organization","@id":"https:\/\/narteks.net\/#organization","name":"narteks.net","url":"https:\/\/narteks.net\/","logo":{"@type":"ImageObject","inLanguage":"tr","@id":"https:\/\/narteks.net\/#\/schema\/logo\/image\/","url":"https:\/\/narteks.net\/wp-content\/uploads\/narteks.png","contentUrl":"https:\/\/narteks.net\/wp-content\/uploads\/narteks.png","width":300,"height":90,"caption":"narteks.net"},"image":{"@id":"https:\/\/narteks.net\/#\/schema\/logo\/image\/"},"sameAs":["https:\/\/x.com\/narteks","https:\/\/instagram.com\/narteksnet"]},{"@type":"Person","@id":"https:\/\/narteks.net\/#\/schema\/person\/61f37d9834294b72d31d274e7ed79bca","name":"Tar\u0131k","image":{"@type":"ImageObject","inLanguage":"tr","@id":"https:\/\/narteks.net\/#\/schema\/person\/image\/","url":"https:\/\/secure.gravatar.com\/avatar\/50865afb55632c4ae467e0af0930f6510aa2297d8014be502a55b14f3b7550cf?s=96&d=mm&r=g","contentUrl":"https:\/\/secure.gravatar.com\/avatar\/50865afb55632c4ae467e0af0930f6510aa2297d8014be502a55b14f3b7550cf?s=96&d=mm&r=g","caption":"Tar\u0131k"},"sameAs":["http:\/\/narteks.net"],"url":"https:\/\/narteks.net\/index.php\/author\/narbak\/"}]}},"_links":{"self":[{"href":"https:\/\/narteks.net\/index.php\/wp-json\/wp\/v2\/posts\/3926","targetHints":{"allow":["GET"]}}],"collection":[{"href":"https:\/\/narteks.net\/index.php\/wp-json\/wp\/v2\/posts"}],"about":[{"href":"https:\/\/narteks.net\/index.php\/wp-json\/wp\/v2\/types\/post"}],"author":[{"embeddable":true,"href":"https:\/\/narteks.net\/index.php\/wp-json\/wp\/v2\/users\/1"}],"replies":[{"embeddable":true,"href":"https:\/\/narteks.net\/index.php\/wp-json\/wp\/v2\/comments?post=3926"}],"version-history":[{"count":0,"href":"https:\/\/narteks.net\/index.php\/wp-json\/wp\/v2\/posts\/3926\/revisions"}],"wp:attachment":[{"href":"https:\/\/narteks.net\/index.php\/wp-json\/wp\/v2\/media?parent=3926"}],"wp:term":[{"taxonomy":"category","embeddable":true,"href":"https:\/\/narteks.net\/index.php\/wp-json\/wp\/v2\/categories?post=3926"},{"taxonomy":"post_tag","embeddable":true,"href":"https:\/\/narteks.net\/index.php\/wp-json\/wp\/v2\/tags?post=3926"}],"curies":[{"name":"wp","href":"https:\/\/api.w.org\/{rel}","templated":true}]}}