{"id":3929,"date":"2010-01-08T13:38:57","date_gmt":"2010-01-08T10:38:57","guid":{"rendered":"http:\/\/localhost\/wordpress\/2010\/01\/08\/ehide-kerbela\/"},"modified":"2010-01-08T13:38:57","modified_gmt":"2010-01-08T10:38:57","slug":"ehide-kerbela","status":"publish","type":"post","link":"https:\/\/narteks.net\/index.php\/2010\/01\/08\/ehide-kerbela\/","title":{"rendered":"\u015eEHID\u00ca KERBELA"},"content":{"rendered":"<p>\u00a0<\/p>\n<p>Leyse f\u00ee qelb\u00ee s\u00eewake ya heb\u00eeb\u00ee kulle hal <br \/>Her demem xem,hem demem \u015eud der firaqet mah \u00fb sal <\/p>\n<p>Ger benim kanim dilersen,\u00e7oktan olmu\u015etur helal <br \/>Mest \u00fb ser xwo\u015eem ji \u00ee\u015eq\u00ea, min nema eql \u00fb <\/p>\n<p>Ente fikr\u00ee f\u00ee, fuad\u00ee, Ente r\u00fbh\u00ee f\u00eel cesed <br \/>Le\u015eker\u00ea xemhay\u00ea To,mulk\u00ea dilem w\u00earan\u00ee kerd <\/p>\n<p>Dade geldim a\u015ek elinden isterim senden meded <br \/>Wan Tetaran kirne talan can \u00fb d\u00een \u00fb mulk \u00fb mal <\/p>\n<p>Tale xemm\u00ee, zade hemm\u00ee, \u015ea\u2019e sirr\u00ee f\u00eel mela <br \/>Te\u015eney\u00ea cama w\u00eesalim \u00e7\u00fbn \u015eeh\u00eed\u00ea Kerbela <\/p>\n<p>Yoksa sen d\u00eevane oldun, n\u00eace halin? Ey dila! <br \/>Yan ji n\u00fb ve \u00ee\u015eveyek da min heb\u00eena \u00e7av xezal <\/p>\n<p>Bitt\u00fb mehc\u00fbren heb\u00eeb\u00ee! Leste m\u00eenn\u00ee al\u00eemen <br \/>Murdem ez derd\u00ea f\u00eeraqet, xafil\u00ee Ez hal\u00ea men <\/p>\n<p>Can \u00fb dilden erzi kildim halimi canane ben <br \/>Erz\u00ee hala min Tu xafil, qet ne p\u00eers\u00ee erz\u00ee hal <\/p>\n<p>Hel lena m\u00een n\u00ee\u2019met\u00eel wesl\u00ee heb\u00eeb\u00ee m\u00een nes\u00eeb <br \/>\u00dbf\u00eetadem ber deret b\u00ea \u00e7are, sergerde,xer\u00eeb <\/p>\n<p>Derd\u00ea men \u00e7ok olduxunden ona yoktur h\u00eec\u00e7 teb\u00eeb <br \/>Ey teb\u00eeb\u00ea min deway\u00ea derd\u00ea \u2018Xan\u00ee\u2018 her wisal<\/p>\n","protected":false},"excerpt":{"rendered":"<p>\u00a0 Leyse f\u00ee qelb\u00ee s\u00eewake ya heb\u00eeb\u00ee kulle hal Her demem xem,hem demem \u015eud der firaqet mah \u00fb sal Ger benim kanim dilersen,\u00e7oktan olmu\u015etur helal Mest \u00fb ser xwo\u015eem ji \u00ee\u015eq\u00ea, min nema eql \u00fb Ente fikr\u00ee f\u00ee, fuad\u00ee, Ente r\u00fbh\u00ee f\u00eel cesed Le\u015eker\u00ea xemhay\u00ea To,mulk\u00ea dilem w\u00earan\u00ee kerd Dade geldim a\u015ek elinden isterim senden [&hellip;]<\/p>\n","protected":false},"author":1,"featured_media":0,"comment_status":"open","ping_status":"open","sticky":false,"template":"","format":"standard","meta":{"footnotes":""},"categories":[130],"tags":[],"class_list":{"0":"post-3929","1":"post","2":"type-post","3":"status-publish","4":"format-standard","6":"category-ehmede-xani"},"yoast_head":"<!-- This site is optimized with the Yoast SEO Premium plugin v24.9 (Yoast SEO v24.9) - https:\/\/yoast.com\/wordpress\/plugins\/seo\/ -->\n<title>\u015eEHID\u00ca KERBELA - narteks.net<\/title>\n<meta name=\"robots\" content=\"index, follow, max-snippet:-1, max-image-preview:large, max-video-preview:-1\" \/>\n<link rel=\"canonical\" href=\"https:\/\/narteks.net\/index.php\/2010\/01\/08\/ehide-kerbela\/\" \/>\n<meta property=\"og:locale\" content=\"tr_TR\" \/>\n<meta property=\"og:type\" content=\"article\" \/>\n<meta property=\"og:title\" content=\"\u015eEHID\u00ca KERBELA\" \/>\n<meta property=\"og:description\" content=\"\u00a0 Leyse f\u00ee qelb\u00ee s\u00eewake ya heb\u00eeb\u00ee kulle hal Her demem xem,hem demem \u015eud der firaqet mah \u00fb sal Ger benim kanim dilersen,\u00e7oktan olmu\u015etur helal Mest \u00fb ser xwo\u015eem ji \u00ee\u015eq\u00ea, min nema eql \u00fb Ente fikr\u00ee f\u00ee, fuad\u00ee, Ente r\u00fbh\u00ee f\u00eel cesed Le\u015eker\u00ea xemhay\u00ea To,mulk\u00ea dilem w\u00earan\u00ee kerd Dade geldim a\u015ek elinden isterim senden [&hellip;]\" \/>\n<meta property=\"og:url\" content=\"https:\/\/narteks.net\/index.php\/2010\/01\/08\/ehide-kerbela\/\" \/>\n<meta property=\"og:site_name\" content=\"narteks.net\" \/>\n<meta property=\"article:published_time\" content=\"2010-01-08T10:38:57+00:00\" \/>\n<meta property=\"og:image\" content=\"https:\/\/narteks.net\/wp-content\/uploads\/narteks.png\" \/>\n\t<meta property=\"og:image:width\" content=\"300\" \/>\n\t<meta property=\"og:image:height\" content=\"90\" \/>\n\t<meta property=\"og:image:type\" content=\"image\/png\" \/>\n<meta name=\"author\" content=\"Tar\u0131k\" \/>\n<meta name=\"twitter:card\" content=\"summary_large_image\" \/>\n<meta name=\"twitter:creator\" content=\"@narteks\" \/>\n<meta name=\"twitter:site\" content=\"@narteks\" \/>\n<meta name=\"twitter:label1\" content=\"Yazan:\" \/>\n\t<meta name=\"twitter:data1\" content=\"Tar\u0131k\" \/>\n\t<meta name=\"twitter:label2\" content=\"Tahmini okuma s\u00fcresi\" \/>\n\t<meta name=\"twitter:data2\" content=\"1 dakika\" \/>\n<script type=\"application\/ld+json\" class=\"yoast-schema-graph\">{\"@context\":\"https:\/\/schema.org\",\"@graph\":[{\"@type\":\"Article\",\"@id\":\"https:\/\/narteks.net\/index.php\/2010\/01\/08\/ehide-kerbela\/#article\",\"isPartOf\":{\"@id\":\"https:\/\/narteks.net\/index.php\/2010\/01\/08\/ehide-kerbela\/\"},\"author\":{\"name\":\"Tar\u0131k\",\"@id\":\"https:\/\/narteks.net\/#\/schema\/person\/61f37d9834294b72d31d274e7ed79bca\"},\"headline\":\"\u015eEHID\u00ca KERBELA\",\"datePublished\":\"2010-01-08T10:38:57+00:00\",\"mainEntityOfPage\":{\"@id\":\"https:\/\/narteks.net\/index.php\/2010\/01\/08\/ehide-kerbela\/\"},\"wordCount\":194,\"commentCount\":0,\"publisher\":{\"@id\":\"https:\/\/narteks.net\/#organization\"},\"articleSection\":[\"Ehmed\u00ea Xan\u00ee\"],\"inLanguage\":\"tr\",\"potentialAction\":[{\"@type\":\"CommentAction\",\"name\":\"Comment\",\"target\":[\"https:\/\/narteks.net\/index.php\/2010\/01\/08\/ehide-kerbela\/#respond\"]}]},{\"@type\":\"WebPage\",\"@id\":\"https:\/\/narteks.net\/index.php\/2010\/01\/08\/ehide-kerbela\/\",\"url\":\"https:\/\/narteks.net\/index.php\/2010\/01\/08\/ehide-kerbela\/\",\"name\":\"\u015eEHID\u00ca KERBELA - narteks.net\",\"isPartOf\":{\"@id\":\"https:\/\/narteks.net\/#website\"},\"datePublished\":\"2010-01-08T10:38:57+00:00\",\"breadcrumb\":{\"@id\":\"https:\/\/narteks.net\/index.php\/2010\/01\/08\/ehide-kerbela\/#breadcrumb\"},\"inLanguage\":\"tr\",\"potentialAction\":[{\"@type\":\"ReadAction\",\"target\":[\"https:\/\/narteks.net\/index.php\/2010\/01\/08\/ehide-kerbela\/\"]}]},{\"@type\":\"BreadcrumbList\",\"@id\":\"https:\/\/narteks.net\/index.php\/2010\/01\/08\/ehide-kerbela\/#breadcrumb\",\"itemListElement\":[{\"@type\":\"ListItem\",\"position\":1,\"name\":\"Anasayfa\",\"item\":\"https:\/\/narteks.net\/\"},{\"@type\":\"ListItem\",\"position\":2,\"name\":\"\u015eEHID\u00ca KERBELA\"}]},{\"@type\":\"WebSite\",\"@id\":\"https:\/\/narteks.net\/#website\",\"url\":\"https:\/\/narteks.net\/\",\"name\":\"narteks.net\",\"description\":\"K\u00fclt\u00fcr Sanat Edebiyat Felsefe\",\"publisher\":{\"@id\":\"https:\/\/narteks.net\/#organization\"},\"alternateName\":\"K\u00fclt\u00fcr Sanat Edebiyat Felsefe\",\"potentialAction\":[{\"@type\":\"SearchAction\",\"target\":{\"@type\":\"EntryPoint\",\"urlTemplate\":\"https:\/\/narteks.net\/?s={search_term_string}\"},\"query-input\":{\"@type\":\"PropertyValueSpecification\",\"valueRequired\":true,\"valueName\":\"search_term_string\"}}],\"inLanguage\":\"tr\"},{\"@type\":\"Organization\",\"@id\":\"https:\/\/narteks.net\/#organization\",\"name\":\"narteks.net\",\"url\":\"https:\/\/narteks.net\/\",\"logo\":{\"@type\":\"ImageObject\",\"inLanguage\":\"tr\",\"@id\":\"https:\/\/narteks.net\/#\/schema\/logo\/image\/\",\"url\":\"https:\/\/narteks.net\/wp-content\/uploads\/narteks.png\",\"contentUrl\":\"https:\/\/narteks.net\/wp-content\/uploads\/narteks.png\",\"width\":300,\"height\":90,\"caption\":\"narteks.net\"},\"image\":{\"@id\":\"https:\/\/narteks.net\/#\/schema\/logo\/image\/\"},\"sameAs\":[\"https:\/\/x.com\/narteks\",\"https:\/\/instagram.com\/narteksnet\"]},{\"@type\":\"Person\",\"@id\":\"https:\/\/narteks.net\/#\/schema\/person\/61f37d9834294b72d31d274e7ed79bca\",\"name\":\"Tar\u0131k\",\"image\":{\"@type\":\"ImageObject\",\"inLanguage\":\"tr\",\"@id\":\"https:\/\/narteks.net\/#\/schema\/person\/image\/\",\"url\":\"https:\/\/secure.gravatar.com\/avatar\/50865afb55632c4ae467e0af0930f6510aa2297d8014be502a55b14f3b7550cf?s=96&d=mm&r=g\",\"contentUrl\":\"https:\/\/secure.gravatar.com\/avatar\/50865afb55632c4ae467e0af0930f6510aa2297d8014be502a55b14f3b7550cf?s=96&d=mm&r=g\",\"caption\":\"Tar\u0131k\"},\"sameAs\":[\"http:\/\/narteks.net\"],\"url\":\"https:\/\/narteks.net\/index.php\/author\/narbak\/\"}]}<\/script>\n<!-- \/ Yoast SEO Premium plugin. -->","yoast_head_json":{"title":"\u015eEHID\u00ca KERBELA - narteks.net","robots":{"index":"index","follow":"follow","max-snippet":"max-snippet:-1","max-image-preview":"max-image-preview:large","max-video-preview":"max-video-preview:-1"},"canonical":"https:\/\/narteks.net\/index.php\/2010\/01\/08\/ehide-kerbela\/","og_locale":"tr_TR","og_type":"article","og_title":"\u015eEHID\u00ca KERBELA","og_description":"\u00a0 Leyse f\u00ee qelb\u00ee s\u00eewake ya heb\u00eeb\u00ee kulle hal Her demem xem,hem demem \u015eud der firaqet mah \u00fb sal Ger benim kanim dilersen,\u00e7oktan olmu\u015etur helal Mest \u00fb ser xwo\u015eem ji \u00ee\u015eq\u00ea, min nema eql \u00fb Ente fikr\u00ee f\u00ee, fuad\u00ee, Ente r\u00fbh\u00ee f\u00eel cesed Le\u015eker\u00ea xemhay\u00ea To,mulk\u00ea dilem w\u00earan\u00ee kerd Dade geldim a\u015ek elinden isterim senden [&hellip;]","og_url":"https:\/\/narteks.net\/index.php\/2010\/01\/08\/ehide-kerbela\/","og_site_name":"narteks.net","article_published_time":"2010-01-08T10:38:57+00:00","og_image":[{"width":300,"height":90,"url":"https:\/\/narteks.net\/wp-content\/uploads\/narteks.png","type":"image\/png"}],"author":"Tar\u0131k","twitter_card":"summary_large_image","twitter_creator":"@narteks","twitter_site":"@narteks","twitter_misc":{"Yazan:":"Tar\u0131k","Tahmini okuma s\u00fcresi":"1 dakika"},"schema":{"@context":"https:\/\/schema.org","@graph":[{"@type":"Article","@id":"https:\/\/narteks.net\/index.php\/2010\/01\/08\/ehide-kerbela\/#article","isPartOf":{"@id":"https:\/\/narteks.net\/index.php\/2010\/01\/08\/ehide-kerbela\/"},"author":{"name":"Tar\u0131k","@id":"https:\/\/narteks.net\/#\/schema\/person\/61f37d9834294b72d31d274e7ed79bca"},"headline":"\u015eEHID\u00ca KERBELA","datePublished":"2010-01-08T10:38:57+00:00","mainEntityOfPage":{"@id":"https:\/\/narteks.net\/index.php\/2010\/01\/08\/ehide-kerbela\/"},"wordCount":194,"commentCount":0,"publisher":{"@id":"https:\/\/narteks.net\/#organization"},"articleSection":["Ehmed\u00ea Xan\u00ee"],"inLanguage":"tr","potentialAction":[{"@type":"CommentAction","name":"Comment","target":["https:\/\/narteks.net\/index.php\/2010\/01\/08\/ehide-kerbela\/#respond"]}]},{"@type":"WebPage","@id":"https:\/\/narteks.net\/index.php\/2010\/01\/08\/ehide-kerbela\/","url":"https:\/\/narteks.net\/index.php\/2010\/01\/08\/ehide-kerbela\/","name":"\u015eEHID\u00ca KERBELA - narteks.net","isPartOf":{"@id":"https:\/\/narteks.net\/#website"},"datePublished":"2010-01-08T10:38:57+00:00","breadcrumb":{"@id":"https:\/\/narteks.net\/index.php\/2010\/01\/08\/ehide-kerbela\/#breadcrumb"},"inLanguage":"tr","potentialAction":[{"@type":"ReadAction","target":["https:\/\/narteks.net\/index.php\/2010\/01\/08\/ehide-kerbela\/"]}]},{"@type":"BreadcrumbList","@id":"https:\/\/narteks.net\/index.php\/2010\/01\/08\/ehide-kerbela\/#breadcrumb","itemListElement":[{"@type":"ListItem","position":1,"name":"Anasayfa","item":"https:\/\/narteks.net\/"},{"@type":"ListItem","position":2,"name":"\u015eEHID\u00ca KERBELA"}]},{"@type":"WebSite","@id":"https:\/\/narteks.net\/#website","url":"https:\/\/narteks.net\/","name":"narteks.net","description":"K\u00fclt\u00fcr Sanat Edebiyat Felsefe","publisher":{"@id":"https:\/\/narteks.net\/#organization"},"alternateName":"K\u00fclt\u00fcr Sanat Edebiyat Felsefe","potentialAction":[{"@type":"SearchAction","target":{"@type":"EntryPoint","urlTemplate":"https:\/\/narteks.net\/?s={search_term_string}"},"query-input":{"@type":"PropertyValueSpecification","valueRequired":true,"valueName":"search_term_string"}}],"inLanguage":"tr"},{"@type":"Organization","@id":"https:\/\/narteks.net\/#organization","name":"narteks.net","url":"https:\/\/narteks.net\/","logo":{"@type":"ImageObject","inLanguage":"tr","@id":"https:\/\/narteks.net\/#\/schema\/logo\/image\/","url":"https:\/\/narteks.net\/wp-content\/uploads\/narteks.png","contentUrl":"https:\/\/narteks.net\/wp-content\/uploads\/narteks.png","width":300,"height":90,"caption":"narteks.net"},"image":{"@id":"https:\/\/narteks.net\/#\/schema\/logo\/image\/"},"sameAs":["https:\/\/x.com\/narteks","https:\/\/instagram.com\/narteksnet"]},{"@type":"Person","@id":"https:\/\/narteks.net\/#\/schema\/person\/61f37d9834294b72d31d274e7ed79bca","name":"Tar\u0131k","image":{"@type":"ImageObject","inLanguage":"tr","@id":"https:\/\/narteks.net\/#\/schema\/person\/image\/","url":"https:\/\/secure.gravatar.com\/avatar\/50865afb55632c4ae467e0af0930f6510aa2297d8014be502a55b14f3b7550cf?s=96&d=mm&r=g","contentUrl":"https:\/\/secure.gravatar.com\/avatar\/50865afb55632c4ae467e0af0930f6510aa2297d8014be502a55b14f3b7550cf?s=96&d=mm&r=g","caption":"Tar\u0131k"},"sameAs":["http:\/\/narteks.net"],"url":"https:\/\/narteks.net\/index.php\/author\/narbak\/"}]}},"_links":{"self":[{"href":"https:\/\/narteks.net\/index.php\/wp-json\/wp\/v2\/posts\/3929","targetHints":{"allow":["GET"]}}],"collection":[{"href":"https:\/\/narteks.net\/index.php\/wp-json\/wp\/v2\/posts"}],"about":[{"href":"https:\/\/narteks.net\/index.php\/wp-json\/wp\/v2\/types\/post"}],"author":[{"embeddable":true,"href":"https:\/\/narteks.net\/index.php\/wp-json\/wp\/v2\/users\/1"}],"replies":[{"embeddable":true,"href":"https:\/\/narteks.net\/index.php\/wp-json\/wp\/v2\/comments?post=3929"}],"version-history":[{"count":0,"href":"https:\/\/narteks.net\/index.php\/wp-json\/wp\/v2\/posts\/3929\/revisions"}],"wp:attachment":[{"href":"https:\/\/narteks.net\/index.php\/wp-json\/wp\/v2\/media?parent=3929"}],"wp:term":[{"taxonomy":"category","embeddable":true,"href":"https:\/\/narteks.net\/index.php\/wp-json\/wp\/v2\/categories?post=3929"},{"taxonomy":"post_tag","embeddable":true,"href":"https:\/\/narteks.net\/index.php\/wp-json\/wp\/v2\/tags?post=3929"}],"curies":[{"name":"wp","href":"https:\/\/api.w.org\/{rel}","templated":true}]}}