{"id":3947,"date":"2010-01-09T10:45:33","date_gmt":"2010-01-09T07:45:33","guid":{"rendered":"http:\/\/localhost\/wordpress\/2010\/01\/09\/avatar-halkn-kurtulu-oerguetue-kapitalistlerin-avatar-a-bile-tahammuelleri-yok\/"},"modified":"2010-01-09T10:45:33","modified_gmt":"2010-01-09T07:45:33","slug":"avatar-halkn-kurtulu-oerguetue-kapitalistlerin-avatar-a-bile-tahammuelleri-yok","status":"publish","type":"post","link":"https:\/\/narteks.net\/index.php\/2010\/01\/09\/avatar-halkn-kurtulu-oerguetue-kapitalistlerin-avatar-a-bile-tahammuelleri-yok\/","title":{"rendered":"Avatar Halk\u0131n kurtulu\u015f \u00f6rg\u00fct\u00fc! Kapitalist&#8217;lerin Avatar &#8216;a bile tahamm\u00fclleri yok"},"content":{"rendered":"<h2 class=\"habdetay_h1\"><strong><img loading=\"lazy\" decoding=\"async\" src=\"http:\/\/i31.tinypic.com\/ace8w5.jpg\" border=\"0\" width=\"155\" height=\"205\" style=\"float: left;\" \/>Avatar Halk\u0131n kurtulu\u015f \u00f6rg\u00fct\u00fc! Kapitalist&#8217;lerin Avatar &#8216;a bile tahamm\u00fclleri yok<br \/><\/strong><\/h2>\n<h5 style=\"text-align: justify;\">&#8216;Avatar&#8217; kendisine bir d\u00fc\u015fman edindi. Muhafazakar ele\u015ftirmenler filmin sosyalizm propagandas\u0131 oldu\u011funu savunuyor<\/h5>\n<h5 style=\"text-align: justify;\">* New York Press\u2019de yazan Armond White, &#8216;Avatar&#8217;\u0131n \u201cmilitarizm, kapitalizm ve emperyalizmin ger\u00e7eklerini \u00e7arp\u0131tt\u0131\u011f\u0131n\u0131\u201d yaz\u0131yor ve ekliyor: \u201cSu\u00e7luluk duygusuyla yap\u0131lm\u0131\u015f\u201d.<\/h5>\n<h5 style=\"text-align: justify;\">* Weekly Standard\u2019\u0131n sinema yazar\u0131 John Podhoretz ise filmin g\u00fcvenliksiz bir yerde Amerikan askerlerinin yenilmesi iste\u011fini a\u015f\u0131lad\u0131\u011f\u0131n\u0131 ve bunun Anti-Amerikanizm\u2019in derin bir ifadesi oldu\u011funu s\u00f6yl\u00fcyor.<\/h5>\n<h5 style=\"text-align: justify;\">* Muhafazakar web sitesi Libertas&#8217;ta yazan Govindini Murty ise &#8220;Avatar&#8217;\u0131n rahats\u0131z edici derecede anti-insan, anti-militer, anti-Bat\u0131l\u0131 bir d\u00fcnya g\u00f6r\u00fc\u015f\u00fc var&#8221; diyor. New York Times da film i\u00e7in anti-emperyalist diyor, ancak &#8220;Bu, filmi anti-Amerikan yapmaz&#8221; g\u00f6r\u00fc\u015f\u00fcne yer veriyor.<\/h5>\n<p>\u00a0<\/p>\n<p><!--more--><\/p>\n<p> <strong>Ne dediler? <\/strong><br \/> Hasan B\u00fclent Kahraman <br \/> Yazar, sanat ele\u015ftirmeni <br \/> &#8216;Avatar&#8217;\u0131n hafif bir sol tonlama ta\u015f\u0131d\u0131\u011f\u0131 kan\u0131s\u0131nday\u0131m. Bu kadarc\u0131k ele\u015ftiriye bile sa\u011f ele\u015ftirmenlerin tepki g\u00f6stermesi zaten \u2018Avatar\u2019\u0131n sundu\u011fu g\u00f6r\u00fc\u015flerin ne kadar do\u011fru oldu\u011funu g\u00f6steriyor. Hollywood k\u00f6t\u00fc adamlar\u0131n\u0131 se\u00e7erken art\u0131k Bush\u2019a y\u00f6neliyor. <\/p>\n<p> Ertu\u011frul Mavio\u011flu <br \/> Radikal Gazetesi Haber Koordinat\u00f6r\u00fc <br \/> Bana kal\u0131rsa \u2018Avatar\u2019\u0131n en g\u00fc\u00e7l\u00fc politik mesaj\u0131, \u201cNe kadar b\u00fcy\u00fck \u00f6l\u00fcm makinelerine sahip olursan\u0131z olun, hak etmedi\u011finiz yerdeyseniz, hak etti\u011finiz yan\u0131t\u0131 al\u0131rs\u0131n\u0131z\u201d olmal\u0131. Bu anlamda emperyalizmin kural tan\u0131maz sald\u0131rganl\u0131\u011f\u0131n\u0131n kar\u015f\u0131s\u0131nda, akl\u0131n ve vicdan\u0131n ayaklanmas\u0131n\u0131 resmediyor.<\/p>\n<p>\u00a0<\/p>\n<p>Al\u0131nt\u0131 : Radikal<\/p>\n<p><strong>Narteks.net g\u00f6r\u00fc\u015f\u00fc<\/strong><\/p>\n<p>Avatar&#8217;\u0131n sol&#8217;la hele sosyalizmle birlikte anmak deli sa\u00e7mas\u0131 bir\u015fey olur. Muhafazakar diye tan\u0131mlanan yazar ve \u00e7izer tak\u0131m\u0131n\u0131n mistik feodalizm art\u0131kl\u0131klar\u0131na bile kar\u015f\u0131 duydu\u011fu bu rahats\u0131zl\u0131k i\u00e7inde bulunduklar\u0131 ruh hallerinin ne b\u00fcy\u00fck a\u00e7mazda oldu\u011funun kan\u0131t\u0131d\u0131r. Film , amerikan\u0131n \u00f6zellikle bush y\u00f6netiminin d\u00fcnyada estirdi\u011fi ter\u00f6r dalgas\u0131n\u0131n ufak bir ele\u015ftirisi olarak g\u00f6r\u00fclebilir. Ancak Amerikan sinemas\u0131 her zaman yapt\u0131\u011f\u0131 gibi ,kendi y\u00f6netiminin d\u00fcnyada da estirdi\u011fi ter\u00f6r ve ekonomik sald\u0131r\u0131lar\u0131 b\u00fcy\u00fck bir rahatl\u0131kla de\u015fifre eder ama \u00e7\u00f6z\u00fcm\u00fc hi\u00e7 akla gelmeyecek bir yere havale eder&#8230;Burdaki tema da emperyalizme kar\u015f\u0131 feodalizm&#8230; Yani, b\u0131rak\u0131n herkes e\u011flensin&#8230; \u0130yi seyirler.<\/p>\n","protected":false},"excerpt":{"rendered":"<p>Avatar Halk\u0131n kurtulu\u015f \u00f6rg\u00fct\u00fc! Kapitalist&#8217;lerin Avatar &#8216;a bile tahamm\u00fclleri yok &#8216;Avatar&#8217; kendisine bir d\u00fc\u015fman edindi. Muhafazakar ele\u015ftirmenler filmin sosyalizm propagandas\u0131 oldu\u011funu savunuyor * New York Press\u2019de yazan Armond White, &#8216;Avatar&#8217;\u0131n \u201cmilitarizm, kapitalizm ve emperyalizmin ger\u00e7eklerini \u00e7arp\u0131tt\u0131\u011f\u0131n\u0131\u201d yaz\u0131yor ve ekliyor: \u201cSu\u00e7luluk duygusuyla yap\u0131lm\u0131\u015f\u201d. * Weekly Standard\u2019\u0131n sinema yazar\u0131 John Podhoretz ise filmin g\u00fcvenliksiz bir yerde Amerikan [&hellip;]<\/p>\n","protected":false},"author":1,"featured_media":0,"comment_status":"open","ping_status":"open","sticky":false,"template":"","format":"standard","meta":{"footnotes":""},"categories":[111],"tags":[],"class_list":{"0":"post-3947","1":"post","2":"type-post","3":"status-publish","4":"format-standard","6":"category-sinema-haberleri"},"yoast_head":"<!-- This site is optimized with the Yoast SEO Premium plugin v24.9 (Yoast SEO v24.9) - https:\/\/yoast.com\/wordpress\/plugins\/seo\/ -->\n<title>Avatar Halk\u0131n kurtulu\u015f \u00f6rg\u00fct\u00fc! Kapitalist&#039;lerin Avatar &#039;a bile tahamm\u00fclleri yok - narteks.net<\/title>\n<meta name=\"robots\" content=\"index, follow, max-snippet:-1, max-image-preview:large, max-video-preview:-1\" \/>\n<link rel=\"canonical\" href=\"https:\/\/narteks.net\/index.php\/2010\/01\/09\/avatar-halkn-kurtulu-oerguetue-kapitalistlerin-avatar-a-bile-tahammuelleri-yok\/\" \/>\n<meta property=\"og:locale\" content=\"tr_TR\" \/>\n<meta property=\"og:type\" content=\"article\" \/>\n<meta property=\"og:title\" content=\"Avatar Halk\u0131n kurtulu\u015f \u00f6rg\u00fct\u00fc! Kapitalist&#039;lerin Avatar &#039;a bile tahamm\u00fclleri yok\" \/>\n<meta property=\"og:description\" content=\"Avatar Halk\u0131n kurtulu\u015f \u00f6rg\u00fct\u00fc! Kapitalist&#8217;lerin Avatar &#8216;a bile tahamm\u00fclleri yok &#8216;Avatar&#8217; kendisine bir d\u00fc\u015fman edindi. Muhafazakar ele\u015ftirmenler filmin sosyalizm propagandas\u0131 oldu\u011funu savunuyor * New York Press\u2019de yazan Armond White, &#8216;Avatar&#8217;\u0131n \u201cmilitarizm, kapitalizm ve emperyalizmin ger\u00e7eklerini \u00e7arp\u0131tt\u0131\u011f\u0131n\u0131\u201d yaz\u0131yor ve ekliyor: \u201cSu\u00e7luluk duygusuyla yap\u0131lm\u0131\u015f\u201d. * Weekly Standard\u2019\u0131n sinema yazar\u0131 John Podhoretz ise filmin g\u00fcvenliksiz bir yerde Amerikan [&hellip;]\" \/>\n<meta property=\"og:url\" content=\"https:\/\/narteks.net\/index.php\/2010\/01\/09\/avatar-halkn-kurtulu-oerguetue-kapitalistlerin-avatar-a-bile-tahammuelleri-yok\/\" \/>\n<meta property=\"og:site_name\" content=\"narteks.net\" \/>\n<meta property=\"article:published_time\" content=\"2010-01-09T07:45:33+00:00\" \/>\n<meta property=\"og:image\" content=\"http:\/\/i31.tinypic.com\/ace8w5.jpg\" \/>\n<meta name=\"author\" content=\"Tar\u0131k\" \/>\n<meta name=\"twitter:card\" content=\"summary_large_image\" \/>\n<meta name=\"twitter:creator\" content=\"@narteks\" \/>\n<meta name=\"twitter:site\" content=\"@narteks\" \/>\n<meta name=\"twitter:label1\" content=\"Yazan:\" \/>\n\t<meta name=\"twitter:data1\" content=\"Tar\u0131k\" \/>\n\t<meta name=\"twitter:label2\" content=\"Tahmini okuma s\u00fcresi\" \/>\n\t<meta name=\"twitter:data2\" content=\"2 dakika\" \/>\n<script type=\"application\/ld+json\" class=\"yoast-schema-graph\">{\"@context\":\"https:\/\/schema.org\",\"@graph\":[{\"@type\":\"Article\",\"@id\":\"https:\/\/narteks.net\/index.php\/2010\/01\/09\/avatar-halkn-kurtulu-oerguetue-kapitalistlerin-avatar-a-bile-tahammuelleri-yok\/#article\",\"isPartOf\":{\"@id\":\"https:\/\/narteks.net\/index.php\/2010\/01\/09\/avatar-halkn-kurtulu-oerguetue-kapitalistlerin-avatar-a-bile-tahammuelleri-yok\/\"},\"author\":{\"name\":\"Tar\u0131k\",\"@id\":\"https:\/\/narteks.net\/#\/schema\/person\/61f37d9834294b72d31d274e7ed79bca\"},\"headline\":\"Avatar Halk\u0131n kurtulu\u015f \u00f6rg\u00fct\u00fc! Kapitalist&#8217;lerin Avatar &#8216;a bile tahamm\u00fclleri yok\",\"datePublished\":\"2010-01-09T07:45:33+00:00\",\"mainEntityOfPage\":{\"@id\":\"https:\/\/narteks.net\/index.php\/2010\/01\/09\/avatar-halkn-kurtulu-oerguetue-kapitalistlerin-avatar-a-bile-tahammuelleri-yok\/\"},\"wordCount\":416,\"commentCount\":0,\"publisher\":{\"@id\":\"https:\/\/narteks.net\/#organization\"},\"image\":{\"@id\":\"https:\/\/narteks.net\/index.php\/2010\/01\/09\/avatar-halkn-kurtulu-oerguetue-kapitalistlerin-avatar-a-bile-tahammuelleri-yok\/#primaryimage\"},\"thumbnailUrl\":\"http:\/\/i31.tinypic.com\/ace8w5.jpg\",\"articleSection\":[\"Sinema Haberleri\"],\"inLanguage\":\"tr\",\"potentialAction\":[{\"@type\":\"CommentAction\",\"name\":\"Comment\",\"target\":[\"https:\/\/narteks.net\/index.php\/2010\/01\/09\/avatar-halkn-kurtulu-oerguetue-kapitalistlerin-avatar-a-bile-tahammuelleri-yok\/#respond\"]}]},{\"@type\":\"WebPage\",\"@id\":\"https:\/\/narteks.net\/index.php\/2010\/01\/09\/avatar-halkn-kurtulu-oerguetue-kapitalistlerin-avatar-a-bile-tahammuelleri-yok\/\",\"url\":\"https:\/\/narteks.net\/index.php\/2010\/01\/09\/avatar-halkn-kurtulu-oerguetue-kapitalistlerin-avatar-a-bile-tahammuelleri-yok\/\",\"name\":\"Avatar Halk\u0131n kurtulu\u015f \u00f6rg\u00fct\u00fc! Kapitalist'lerin Avatar 'a bile tahamm\u00fclleri yok - narteks.net\",\"isPartOf\":{\"@id\":\"https:\/\/narteks.net\/#website\"},\"primaryImageOfPage\":{\"@id\":\"https:\/\/narteks.net\/index.php\/2010\/01\/09\/avatar-halkn-kurtulu-oerguetue-kapitalistlerin-avatar-a-bile-tahammuelleri-yok\/#primaryimage\"},\"image\":{\"@id\":\"https:\/\/narteks.net\/index.php\/2010\/01\/09\/avatar-halkn-kurtulu-oerguetue-kapitalistlerin-avatar-a-bile-tahammuelleri-yok\/#primaryimage\"},\"thumbnailUrl\":\"http:\/\/i31.tinypic.com\/ace8w5.jpg\",\"datePublished\":\"2010-01-09T07:45:33+00:00\",\"breadcrumb\":{\"@id\":\"https:\/\/narteks.net\/index.php\/2010\/01\/09\/avatar-halkn-kurtulu-oerguetue-kapitalistlerin-avatar-a-bile-tahammuelleri-yok\/#breadcrumb\"},\"inLanguage\":\"tr\",\"potentialAction\":[{\"@type\":\"ReadAction\",\"target\":[\"https:\/\/narteks.net\/index.php\/2010\/01\/09\/avatar-halkn-kurtulu-oerguetue-kapitalistlerin-avatar-a-bile-tahammuelleri-yok\/\"]}]},{\"@type\":\"ImageObject\",\"inLanguage\":\"tr\",\"@id\":\"https:\/\/narteks.net\/index.php\/2010\/01\/09\/avatar-halkn-kurtulu-oerguetue-kapitalistlerin-avatar-a-bile-tahammuelleri-yok\/#primaryimage\",\"url\":\"http:\/\/i31.tinypic.com\/ace8w5.jpg\",\"contentUrl\":\"http:\/\/i31.tinypic.com\/ace8w5.jpg\"},{\"@type\":\"BreadcrumbList\",\"@id\":\"https:\/\/narteks.net\/index.php\/2010\/01\/09\/avatar-halkn-kurtulu-oerguetue-kapitalistlerin-avatar-a-bile-tahammuelleri-yok\/#breadcrumb\",\"itemListElement\":[{\"@type\":\"ListItem\",\"position\":1,\"name\":\"Anasayfa\",\"item\":\"https:\/\/narteks.net\/\"},{\"@type\":\"ListItem\",\"position\":2,\"name\":\"Avatar Halk\u0131n kurtulu\u015f \u00f6rg\u00fct\u00fc! Kapitalist&#8217;lerin Avatar &#8216;a bile tahamm\u00fclleri yok\"}]},{\"@type\":\"WebSite\",\"@id\":\"https:\/\/narteks.net\/#website\",\"url\":\"https:\/\/narteks.net\/\",\"name\":\"narteks.net\",\"description\":\"K\u00fclt\u00fcr Sanat Edebiyat Felsefe\",\"publisher\":{\"@id\":\"https:\/\/narteks.net\/#organization\"},\"alternateName\":\"K\u00fclt\u00fcr Sanat Edebiyat Felsefe\",\"potentialAction\":[{\"@type\":\"SearchAction\",\"target\":{\"@type\":\"EntryPoint\",\"urlTemplate\":\"https:\/\/narteks.net\/?s={search_term_string}\"},\"query-input\":{\"@type\":\"PropertyValueSpecification\",\"valueRequired\":true,\"valueName\":\"search_term_string\"}}],\"inLanguage\":\"tr\"},{\"@type\":\"Organization\",\"@id\":\"https:\/\/narteks.net\/#organization\",\"name\":\"narteks.net\",\"url\":\"https:\/\/narteks.net\/\",\"logo\":{\"@type\":\"ImageObject\",\"inLanguage\":\"tr\",\"@id\":\"https:\/\/narteks.net\/#\/schema\/logo\/image\/\",\"url\":\"https:\/\/narteks.net\/wp-content\/uploads\/narteks.png\",\"contentUrl\":\"https:\/\/narteks.net\/wp-content\/uploads\/narteks.png\",\"width\":300,\"height\":90,\"caption\":\"narteks.net\"},\"image\":{\"@id\":\"https:\/\/narteks.net\/#\/schema\/logo\/image\/\"},\"sameAs\":[\"https:\/\/x.com\/narteks\",\"https:\/\/instagram.com\/narteksnet\"]},{\"@type\":\"Person\",\"@id\":\"https:\/\/narteks.net\/#\/schema\/person\/61f37d9834294b72d31d274e7ed79bca\",\"name\":\"Tar\u0131k\",\"image\":{\"@type\":\"ImageObject\",\"inLanguage\":\"tr\",\"@id\":\"https:\/\/narteks.net\/#\/schema\/person\/image\/\",\"url\":\"https:\/\/secure.gravatar.com\/avatar\/50865afb55632c4ae467e0af0930f6510aa2297d8014be502a55b14f3b7550cf?s=96&d=mm&r=g\",\"contentUrl\":\"https:\/\/secure.gravatar.com\/avatar\/50865afb55632c4ae467e0af0930f6510aa2297d8014be502a55b14f3b7550cf?s=96&d=mm&r=g\",\"caption\":\"Tar\u0131k\"},\"sameAs\":[\"http:\/\/narteks.net\"],\"url\":\"https:\/\/narteks.net\/index.php\/author\/narbak\/\"}]}<\/script>\n<!-- \/ Yoast SEO Premium plugin. -->","yoast_head_json":{"title":"Avatar Halk\u0131n kurtulu\u015f \u00f6rg\u00fct\u00fc! Kapitalist'lerin Avatar 'a bile tahamm\u00fclleri yok - narteks.net","robots":{"index":"index","follow":"follow","max-snippet":"max-snippet:-1","max-image-preview":"max-image-preview:large","max-video-preview":"max-video-preview:-1"},"canonical":"https:\/\/narteks.net\/index.php\/2010\/01\/09\/avatar-halkn-kurtulu-oerguetue-kapitalistlerin-avatar-a-bile-tahammuelleri-yok\/","og_locale":"tr_TR","og_type":"article","og_title":"Avatar Halk\u0131n kurtulu\u015f \u00f6rg\u00fct\u00fc! Kapitalist'lerin Avatar 'a bile tahamm\u00fclleri yok","og_description":"Avatar Halk\u0131n kurtulu\u015f \u00f6rg\u00fct\u00fc! Kapitalist&#8217;lerin Avatar &#8216;a bile tahamm\u00fclleri yok &#8216;Avatar&#8217; kendisine bir d\u00fc\u015fman edindi. Muhafazakar ele\u015ftirmenler filmin sosyalizm propagandas\u0131 oldu\u011funu savunuyor * New York Press\u2019de yazan Armond White, &#8216;Avatar&#8217;\u0131n \u201cmilitarizm, kapitalizm ve emperyalizmin ger\u00e7eklerini \u00e7arp\u0131tt\u0131\u011f\u0131n\u0131\u201d yaz\u0131yor ve ekliyor: \u201cSu\u00e7luluk duygusuyla yap\u0131lm\u0131\u015f\u201d. * Weekly Standard\u2019\u0131n sinema yazar\u0131 John Podhoretz ise filmin g\u00fcvenliksiz bir yerde Amerikan [&hellip;]","og_url":"https:\/\/narteks.net\/index.php\/2010\/01\/09\/avatar-halkn-kurtulu-oerguetue-kapitalistlerin-avatar-a-bile-tahammuelleri-yok\/","og_site_name":"narteks.net","article_published_time":"2010-01-09T07:45:33+00:00","og_image":[{"url":"http:\/\/i31.tinypic.com\/ace8w5.jpg","type":"","width":"","height":""}],"author":"Tar\u0131k","twitter_card":"summary_large_image","twitter_creator":"@narteks","twitter_site":"@narteks","twitter_misc":{"Yazan:":"Tar\u0131k","Tahmini okuma s\u00fcresi":"2 dakika"},"schema":{"@context":"https:\/\/schema.org","@graph":[{"@type":"Article","@id":"https:\/\/narteks.net\/index.php\/2010\/01\/09\/avatar-halkn-kurtulu-oerguetue-kapitalistlerin-avatar-a-bile-tahammuelleri-yok\/#article","isPartOf":{"@id":"https:\/\/narteks.net\/index.php\/2010\/01\/09\/avatar-halkn-kurtulu-oerguetue-kapitalistlerin-avatar-a-bile-tahammuelleri-yok\/"},"author":{"name":"Tar\u0131k","@id":"https:\/\/narteks.net\/#\/schema\/person\/61f37d9834294b72d31d274e7ed79bca"},"headline":"Avatar Halk\u0131n kurtulu\u015f \u00f6rg\u00fct\u00fc! Kapitalist&#8217;lerin Avatar &#8216;a bile tahamm\u00fclleri yok","datePublished":"2010-01-09T07:45:33+00:00","mainEntityOfPage":{"@id":"https:\/\/narteks.net\/index.php\/2010\/01\/09\/avatar-halkn-kurtulu-oerguetue-kapitalistlerin-avatar-a-bile-tahammuelleri-yok\/"},"wordCount":416,"commentCount":0,"publisher":{"@id":"https:\/\/narteks.net\/#organization"},"image":{"@id":"https:\/\/narteks.net\/index.php\/2010\/01\/09\/avatar-halkn-kurtulu-oerguetue-kapitalistlerin-avatar-a-bile-tahammuelleri-yok\/#primaryimage"},"thumbnailUrl":"http:\/\/i31.tinypic.com\/ace8w5.jpg","articleSection":["Sinema Haberleri"],"inLanguage":"tr","potentialAction":[{"@type":"CommentAction","name":"Comment","target":["https:\/\/narteks.net\/index.php\/2010\/01\/09\/avatar-halkn-kurtulu-oerguetue-kapitalistlerin-avatar-a-bile-tahammuelleri-yok\/#respond"]}]},{"@type":"WebPage","@id":"https:\/\/narteks.net\/index.php\/2010\/01\/09\/avatar-halkn-kurtulu-oerguetue-kapitalistlerin-avatar-a-bile-tahammuelleri-yok\/","url":"https:\/\/narteks.net\/index.php\/2010\/01\/09\/avatar-halkn-kurtulu-oerguetue-kapitalistlerin-avatar-a-bile-tahammuelleri-yok\/","name":"Avatar Halk\u0131n kurtulu\u015f \u00f6rg\u00fct\u00fc! Kapitalist'lerin Avatar 'a bile tahamm\u00fclleri yok - narteks.net","isPartOf":{"@id":"https:\/\/narteks.net\/#website"},"primaryImageOfPage":{"@id":"https:\/\/narteks.net\/index.php\/2010\/01\/09\/avatar-halkn-kurtulu-oerguetue-kapitalistlerin-avatar-a-bile-tahammuelleri-yok\/#primaryimage"},"image":{"@id":"https:\/\/narteks.net\/index.php\/2010\/01\/09\/avatar-halkn-kurtulu-oerguetue-kapitalistlerin-avatar-a-bile-tahammuelleri-yok\/#primaryimage"},"thumbnailUrl":"http:\/\/i31.tinypic.com\/ace8w5.jpg","datePublished":"2010-01-09T07:45:33+00:00","breadcrumb":{"@id":"https:\/\/narteks.net\/index.php\/2010\/01\/09\/avatar-halkn-kurtulu-oerguetue-kapitalistlerin-avatar-a-bile-tahammuelleri-yok\/#breadcrumb"},"inLanguage":"tr","potentialAction":[{"@type":"ReadAction","target":["https:\/\/narteks.net\/index.php\/2010\/01\/09\/avatar-halkn-kurtulu-oerguetue-kapitalistlerin-avatar-a-bile-tahammuelleri-yok\/"]}]},{"@type":"ImageObject","inLanguage":"tr","@id":"https:\/\/narteks.net\/index.php\/2010\/01\/09\/avatar-halkn-kurtulu-oerguetue-kapitalistlerin-avatar-a-bile-tahammuelleri-yok\/#primaryimage","url":"http:\/\/i31.tinypic.com\/ace8w5.jpg","contentUrl":"http:\/\/i31.tinypic.com\/ace8w5.jpg"},{"@type":"BreadcrumbList","@id":"https:\/\/narteks.net\/index.php\/2010\/01\/09\/avatar-halkn-kurtulu-oerguetue-kapitalistlerin-avatar-a-bile-tahammuelleri-yok\/#breadcrumb","itemListElement":[{"@type":"ListItem","position":1,"name":"Anasayfa","item":"https:\/\/narteks.net\/"},{"@type":"ListItem","position":2,"name":"Avatar Halk\u0131n kurtulu\u015f \u00f6rg\u00fct\u00fc! Kapitalist&#8217;lerin Avatar &#8216;a bile tahamm\u00fclleri yok"}]},{"@type":"WebSite","@id":"https:\/\/narteks.net\/#website","url":"https:\/\/narteks.net\/","name":"narteks.net","description":"K\u00fclt\u00fcr Sanat Edebiyat Felsefe","publisher":{"@id":"https:\/\/narteks.net\/#organization"},"alternateName":"K\u00fclt\u00fcr Sanat Edebiyat Felsefe","potentialAction":[{"@type":"SearchAction","target":{"@type":"EntryPoint","urlTemplate":"https:\/\/narteks.net\/?s={search_term_string}"},"query-input":{"@type":"PropertyValueSpecification","valueRequired":true,"valueName":"search_term_string"}}],"inLanguage":"tr"},{"@type":"Organization","@id":"https:\/\/narteks.net\/#organization","name":"narteks.net","url":"https:\/\/narteks.net\/","logo":{"@type":"ImageObject","inLanguage":"tr","@id":"https:\/\/narteks.net\/#\/schema\/logo\/image\/","url":"https:\/\/narteks.net\/wp-content\/uploads\/narteks.png","contentUrl":"https:\/\/narteks.net\/wp-content\/uploads\/narteks.png","width":300,"height":90,"caption":"narteks.net"},"image":{"@id":"https:\/\/narteks.net\/#\/schema\/logo\/image\/"},"sameAs":["https:\/\/x.com\/narteks","https:\/\/instagram.com\/narteksnet"]},{"@type":"Person","@id":"https:\/\/narteks.net\/#\/schema\/person\/61f37d9834294b72d31d274e7ed79bca","name":"Tar\u0131k","image":{"@type":"ImageObject","inLanguage":"tr","@id":"https:\/\/narteks.net\/#\/schema\/person\/image\/","url":"https:\/\/secure.gravatar.com\/avatar\/50865afb55632c4ae467e0af0930f6510aa2297d8014be502a55b14f3b7550cf?s=96&d=mm&r=g","contentUrl":"https:\/\/secure.gravatar.com\/avatar\/50865afb55632c4ae467e0af0930f6510aa2297d8014be502a55b14f3b7550cf?s=96&d=mm&r=g","caption":"Tar\u0131k"},"sameAs":["http:\/\/narteks.net"],"url":"https:\/\/narteks.net\/index.php\/author\/narbak\/"}]}},"_links":{"self":[{"href":"https:\/\/narteks.net\/index.php\/wp-json\/wp\/v2\/posts\/3947","targetHints":{"allow":["GET"]}}],"collection":[{"href":"https:\/\/narteks.net\/index.php\/wp-json\/wp\/v2\/posts"}],"about":[{"href":"https:\/\/narteks.net\/index.php\/wp-json\/wp\/v2\/types\/post"}],"author":[{"embeddable":true,"href":"https:\/\/narteks.net\/index.php\/wp-json\/wp\/v2\/users\/1"}],"replies":[{"embeddable":true,"href":"https:\/\/narteks.net\/index.php\/wp-json\/wp\/v2\/comments?post=3947"}],"version-history":[{"count":0,"href":"https:\/\/narteks.net\/index.php\/wp-json\/wp\/v2\/posts\/3947\/revisions"}],"wp:attachment":[{"href":"https:\/\/narteks.net\/index.php\/wp-json\/wp\/v2\/media?parent=3947"}],"wp:term":[{"taxonomy":"category","embeddable":true,"href":"https:\/\/narteks.net\/index.php\/wp-json\/wp\/v2\/categories?post=3947"},{"taxonomy":"post_tag","embeddable":true,"href":"https:\/\/narteks.net\/index.php\/wp-json\/wp\/v2\/tags?post=3947"}],"curies":[{"name":"wp","href":"https:\/\/api.w.org\/{rel}","templated":true}]}}