{"id":3949,"date":"2010-01-09T23:43:55","date_gmt":"2010-01-09T20:43:55","guid":{"rendered":"http:\/\/localhost\/wordpress\/2010\/01\/09\/tembellik-firsatlarimizi-ve-hayallerimizi-gomdugumuz-mezardir\/"},"modified":"2010-01-09T23:43:55","modified_gmt":"2010-01-09T20:43:55","slug":"tembellik-firsatlarimizi-ve-hayallerimizi-gomdugumuz-mezardir","status":"publish","type":"post","link":"https:\/\/narteks.net\/index.php\/2010\/01\/09\/tembellik-firsatlarimizi-ve-hayallerimizi-gomdugumuz-mezardir\/","title":{"rendered":"Tembellik f\u0131rsatlar\u0131m\u0131z\u0131 ve hayallerimizi g\u00f6md\u00fc\u011f\u00fcm\u00fcz mezard\u0131r"},"content":{"rendered":"<p><img loading=\"lazy\" decoding=\"async\" style=\"float: left;\" src=\"http:\/\/t0.gstatic.com\/images?q=tbn:iKf0O2MyyJbWOM:http:\/\/www.ortakantin.com\/photos\/groups\/1\/1881_200810_24_1_46_37_505867.jpg\" alt=\"\" width=\"155\" height=\"205\" \/>Yapmam\u0131z gereken ileri erteledi\u011fimizde, atalet i\u00e7ine d\u00fc\u015ft\u00fc\u011f\u00fcm\u00fczde hayallerimizi g\u00f6m\u00fcyoruz demektir. Ya da Victor Clam\u2019\u0131n dedi\u011fi gibi: \u201cAtalet f\u0131rsatlar\u0131n katilidir .\u201d<\/p>\n<p style=\"text-align: justify;\">Hi\u00e7 ho\u015fumuza gitmese de, bazen \u00f6l\u00fcml\u00fc oldu\u011fumuzu hat\u0131rlamal\u0131y\u0131z. Ancak bu \u015fekilde, hayallerimizi ger\u00e7ekle\u015ftirmek i\u00e7in harekete ge\u00e7memiz gereken zaman\u0131n tam da \u201cbu an\u201d oldu\u011funu hissedebiliriz. Hayallerimizi ger\u00e7ekle\u015ftirmek i\u00e7in yapman\u0131z gerekenleri neden s\u00fcrekli olarak gelip gelmeyece\u011fi bile belirsiz bir zamana erteliyorsunuz. Sizi durduran ne ? s\u00fcrekli hayat\u0131n k\u0131sa oldu\u011funu vurgularken, neden zaman\u0131 ataletin bir h\u0131rs\u0131z gibi \u00e7al\u0131p gitmesine izin veriyoruz.Ataletin nedenlerinden biri hayata hatal\u0131 bir perspektifden bakmakt\u0131r. \u00d6rne\u011fin \u201ci\u015f\u201d kelimesini ele alal\u0131m. \u0130\u015f deyince \u00e7o\u011fumuz negatif duygulara kap\u0131l\u0131r\u0131z. Hatta \u00e7o\u011fumuzun i\u015fe \u201cTanr\u0131 taraf\u0131ndan verilen bir \u00f6d\u00fcl\u201d de\u011fil \u201cTanr\u0131n\u0131n insanlar\u0131 cezaland\u0131rmas\u0131\u201d olarak g\u00f6rd\u00fc\u011f\u00fcne eminim. \u0130nsan do\u011fas\u0131 gere\u011fi \u201cac\u0131 veren\u201d \u015feylerden ka\u00e7ar. Bu nedenle i\u015ften ka\u00e7mak insan\u0131n do\u011fas\u0131nda vard\u0131r diyebiliriz.<\/p>\n<p>\u0130\u015ften ka\u00e7mak taraftarlar\u0131ndansan\u0131z Picasso\u2019yu, Michelangelo\u2019yu ya da Mozart\u2019\u0131 hayal edin. Sizce onlar sabah kalkt\u0131klar\u0131nda \u201ci\u015fe gidiyorum\u201d mu diyorlard\u0131 ? onlar sanat yap\u0131yorlard\u0131 ve mutlaka ki bundan i\u015f olarak s\u00f6z etmiyorlard\u0131. Siz de kendinizi yapt\u0131\u011f\u0131n\u0131z i\u015f ne olursa olsun bir sanat\u00e7\u0131 olarak d\u00fc\u015f\u00fcn\u00fcn ve \u00fcretti\u011finiz i\u015fe \u201ceseriniz\u201d g\u00f6z\u00fcyle bakmaya \u00e7al\u0131\u015f\u0131n.<\/p>\n<p>Bir arabay\u0131 y\u00fcr\u00fctmek i\u00e7in nas\u0131l benzin gerekliyse, ba\u015far\u0131 i\u00e7in de kararl\u0131l\u0131k ve azim gereklidir. Azminiz ve kararl\u0131 tutumunuz olmazsa, ba\u015far\u0131ya gidecek yolda araban\u0131n motorunu bile \u00e7al\u0131\u015ft\u0131ramazs\u0131n\u0131z.<\/p>\n<p>Azmin ve kararl\u0131l\u0131\u011f\u0131n z\u0131t kavram\u0131 ise atalettir. Azim asla vazge\u00e7memek demektir. Atalet ise asla ba\u015flayamamakt\u0131r. Ba\u015flad\u0131\u011f\u0131n\u0131z i\u015fleri bitirmemek de ataletin di\u011fer bir \u00f6rne\u011fidir.<\/p>\n<p>Atalet i\u00e7indeki ki\u015filerin genellikle \u015f\u00f6yle dedi\u011fini duyars\u0131n\u0131z: \u201cBen m\u00fckemmelliyet\u00e7iyim. Ben bir i\u015fe ba\u015flamadan \u00f6nce \u015fartlar benim \u00e7al\u0131\u015fmam i\u00e7in uygun olmal\u0131. Dikkatimi da\u011f\u0131tacak hi\u00e7bir \u015fey olmamal\u0131, \u00e7ok fazla ses olmamal\u0131, telefonlar m\u00fcmk\u00fcnse \u00e7almas\u0131n, telefon \u00e7al\u0131nca dikkatim da\u011f\u0131l\u0131r. Elbette fiziksel olarak kendimi iyi hissetmeliyim, ba\u015f\u0131m a\u011fr\u0131yorsa nas\u0131l \u00e7al\u0131\u015fabilirim ki ?\u201d bu ki\u015filer atalet i\u00e7inde olduklar\u0131ndan bir i\u015fe asla ba\u015flayamayanlard\u0131r.<\/p>\n<p>Bir de ba\u015flad\u0131klar\u0131 i\u015fi bitirmeyenler vard\u0131r, ba\u015flad\u0131klar\u0131 i\u015fi hep yar\u0131m b\u0131rak\u0131rlar ama onlar\u0131n da m\u00fckemmelliyet\u00e7ilik k\u0131l\u0131f\u0131yla \u00f6rt\u00fclm\u00fc\u015f bahaneleri daima haz\u0131rd\u0131r. \u015e\u00f6yle derler: \u201cben her\u015feyin tam ve m\u00fckemmel olmas\u0131n\u0131 isterim. Hi\u00e7bir i\u015fden tatmin olmam. Bunun \u201ci\u201d harflerinin noktalar\u0131 m\u00fckemmel bir benek \u015feklinde olmal\u0131, b\u00fct\u00fcn \u201ct\u201d harfleri birbirinin ayn\u0131 olmal\u0131. Yoksa o i\u015f bitmi\u015f say\u0131lmaz. Ben kendimin en b\u00fcy\u00fck ele\u015ftirmeniyim, ne yapay\u0131m ben b\u00f6yleyim. M\u00fckemmelliyet\u00e7i oldu\u011fum i\u015fler i\u015fler bitmiyor. Ama de\u011fi\u015femem ki&#8230;\u201d<\/p>\n<p>Burada neler oldu\u011funu g\u00f6rebiliyor musunuz ? \u201cYanl\u0131\u015f\u201d bir davran\u0131\u015f, \u201cerdemli\u201d bir davran\u0131\u015fm\u0131\u015f gibi g\u00f6steriliyor. M\u00fckemmelliyet\u00e7i \u201ckendi standartlar\u0131n\u0131n i\u00e7inde ya\u015fad\u0131\u011f\u0131 bu d\u00fcnya i\u00e7in \u00e7ok y\u00fcksek oldu\u011funu\u201d s\u00f6yl\u00fcyor. Hata-erdem sendromu ad\u0131n\u0131 verebilece\u011fimiz bu davran\u0131\u015f bi\u00e7imi, asl\u0131nda ki\u015filerin zay\u0131fl\u0131klar\u0131n\u0131 \u00f6rtmek i\u00e7in geli\u015ftirdikleri bir savunma kalkan\u0131d\u0131r. Sahte bahaneler bulma \u00e7abas\u0131d\u0131r. Elbette ki bu davran\u0131\u015f \u015fekli ataletin ger\u00e7ek nedenlerini a\u00e7\u0131klamaz. \u00c7\u00fcnk\u00fc ataletin ger\u00e7ek nedenleri \u00e7ok daha derinlerde sakl\u0131d\u0131r.<\/p>\n<p>Ataletin temelinde \u201cba\u015far\u0131s\u0131zl\u0131k korkusu\u201d yatar. Korku sizi paralize etmi\u015ftir ve ilerlemekten al\u0131koymaktad\u0131r. Hi\u00e7 ba\u015flayamamak ile ba\u015flad\u0131\u011f\u0131n\u0131z i\u015fi bitirememek aras\u0131ndaki fark nedir ? asl\u0131nda hi\u00e7 fark yoktur. Her iki durumda da bir noktada tak\u0131l\u0131p kal\u0131rs\u0131n\u0131z. Her iki durumda da hi\u00e7bir yere varamazs\u0131n\u0131z. Yapman\u0131z gereken g\u00f6rev ya da i\u015f ne olursa olsun, kar\u015f\u0131s\u0131nda yenik duruma d\u00fc\u015fm\u00fc\u015fs\u00fcn\u00fczd\u00fcr.<\/p>\n<p>Bu davran\u0131\u015f\u0131n ger\u00e7ek nedeni ise sizin gelecekle ilgili olu\u015fturdu\u011funuz hatal\u0131 vizyonlar\u0131n\u0131zd\u0131r. Bu i\u015fi ba\u015faramad\u0131\u011f\u0131n\u0131zda neler olaca\u011f\u0131n\u0131 d\u00fc\u015f\u00fcnmek, sizi o i\u015fi bitirmekten al\u0131koyan davran\u0131\u015f\u0131 do\u011furur&#8230; yani ataleti. Belki ba\u015far\u0131s\u0131zl\u0131\u011f\u0131n\u0131z kar\u015f\u0131s\u0131nda insanlar\u0131n size g\u00fcleceklerinden korkars\u0131n\u0131z, belki alaca\u011f\u0131n\u0131z ele\u015ftirileri kald\u0131ramayaca\u011f\u0131n\u0131z\u0131 d\u00fc\u015f\u00fcn\u00fcr ondan korkars\u0131n\u0131z ya da korkunuzun nedeni, i\u015fi beklenen \u015fekilde tamamlayamad\u0131\u011f\u0131n\u0131zda, cezaland\u0131r\u0131laca\u011f\u0131n\u0131z d\u00fc\u015f\u00fcncesi olabilir.<\/p>\n<p>K\u0131saca gelece\u011finizle ilgili olu\u015fturdu\u011funuz \u201cnegatif vizyonlar\u201d sizi ilerlemekten al\u0131koyar, tak\u0131l\u0131r kal\u0131rs\u0131n\u0131z. Bu pek \u00e7ok ki\u015finin zihninin kendi yaratt\u0131\u011f\u0131 bir ara\u00e7t\u0131r.<br \/>\u00d6yleyse bizi ilerlemekten al\u0131koyan ataleti yenmek i\u00e7in ne yapmal\u0131y\u0131z ? \u015fimdi size ataleti, azme d\u00f6n\u00fc\u015ft\u00fcrmenizi sa\u011flayacak bir teknik g\u00f6sterece\u011fim. Ataleti ve pasifli\u011fi, \u00fcretkenli\u011fe ve kararl\u0131l\u0131\u011fa d\u00f6n\u00fc\u015ft\u00fcrmek i\u00e7in temel prensip \u015fudur.<br \/><strong><br \/>Par\u00e7alara Ay\u0131rma Prensibi<\/strong><\/p>\n<p>Tamamlamaya \u00e7al\u0131\u015ft\u0131\u011f\u0131n\u0131z i\u015fin niteli\u011fi, bu prosesin i\u015fleyi\u015fini de\u011fi\u015ftirmez. Belki bir kitap yazmak istiyorsunuz, bir da\u011fa t\u0131rmanmak istiyorsunuz, ya da evinizi badana yapacaks\u0131n\u0131z. Ba\u015farmak istedi\u011finiz \u015fey ne olursa olsun, ba\u015far\u0131n\u0131n anahtar\u0131, yapaca\u011f\u0131n\u0131z i\u015fi k\u00fc\u00e7\u00fck par\u00e7alara ay\u0131rabilmenizdir. Her k\u00fc\u00e7\u00fck par\u00e7a i\u015fin, kolayl\u0131kla tamamlayabilece\u011finiz, idare edebilece\u011finiz, bir b\u00f6l\u00fcm\u00fc olmal\u0131d\u0131r. Tam \u015fu anda i\u015fin ne kadarl\u0131k b\u00f6l\u00fcm\u00fcn\u00fc bitirmeniz gerekiyorsa o kadarl\u0131k k\u0131sm\u0131na odaklan\u0131n. Daha ilerisinin d\u00fc\u015f\u00fcnmeyi b\u0131rak\u0131n. Gelece\u011fi negatif bir \u015fekilde g\u00f6z\u00fcn\u00fcz\u00fcn \u00f6n\u00fcne getirmekten vazge\u00e7erek, tam da bulundu\u011funuz an i\u00e7in pozitif bak\u0131\u015f a\u00e7\u0131s\u0131 geli\u015ftirin. Bu teknik ataleti yenmedeki en \u00f6nemli tekniklerin ba\u015f\u0131nda gelir. \u015eimdi bunu bir \u00f6rnekle biraz daha a\u00e7\u0131klayal\u0131m:<\/p>\n<p>Diyelim ki sizden 400 sayfal\u0131k bir roman yazman\u0131z\u0131 istedim. E\u011fer siz de \u00e7o\u011funluk gibiyseniz, bunun tamamlanmas\u0131 imkans\u0131z bir g\u00f6rev oldu\u011funu d\u00fc\u015f\u00fcnebilirsiniz. Ama \u015fimdi size daha farkl\u0131 bir soru sordu\u011fumu farz edin; bu kez diyorum ki: \u201cbir y\u0131l boyunca her g\u00fcn 1.5 sayfa yaz\u0131 yazman\u0131 istiyorum\u201d Yapabilece\u011finizi d\u00fc\u015f\u00fcn\u00fcr m\u00fcs\u00fcn\u00fcz ? 400 sayfal\u0131k kitap yazma fikri imkans\u0131z gibi g\u00f6r\u00fcn\u00fcrken, bu yeni teklif size biraz daha kolay gelmedi mi ? En az\u0131ndan yapmas\u0131 imkans\u0131z gibi g\u00f6r\u00fcnm\u00fcyor olsa gerek.<\/p>\n<p>Burada yapt\u0131\u011f\u0131m\u0131z \u201c400 sayfal\u0131k kitap yazma i\u015fini par\u00e7alara ay\u0131rmak oldu. Peki i\u015f kolayla\u015ft\u0131 m\u0131, belki evet&#8230; ama inan\u0131n bana, hala baz\u0131lar\u0131n\u0131z\u0131n g\u00f6z\u00fcn\u00fcn korktu\u011funu g\u00f6r\u00fcr gibi oluyorum. Neden mi ? \u00e7\u00fcnk\u00fc burada \u201cbir y\u0131l\u201d boyunca s\u00fcrecek bir \u00e7al\u0131\u015fmadan bahsettim, her g\u00fcn 1.5 sayfa yaz\u0131n dedim. 1.5 sayfa yazma k\u0131sm\u0131 kolay. Ama bunu 1 y\u0131l boyunca yapman\u0131z s\u00f6ylendi\u011finde bu pek \u00e7ok ki\u015finin g\u00f6z\u00fcn\u00fc korkutur. \u0130nsanlardan bir y\u0131l boyunca s\u00fcrekli ayn\u0131 \u015feyi s\u00fcrd\u00fcrmesini istedi\u011finizde, ki\u015filer ileriye bakma ve negatif bir ruh hali geli\u015ftirme e\u011filimine girerler. \u00d6yleyse ne yapmal\u0131y\u0131z. Haydi i\u015fi biraz daha par\u00e7alara ay\u0131ral\u0131m:<\/p>\n<p>Bu kez sizden, \u201cbug\u00fcn\u201d 1.5 sayfa yaz\u0131 yazman\u0131z\u0131 istiyorum. Bunu isterken bir y\u0131l, bir ay, bir hafta boyunca demiyorum. \u201cBug\u00fcn 1.5 sayfa yaz\u0131 yaz\u201d diyorum, daha \u00f6tesine bakman\u0131z\u0131 istemiyorum. Pek \u00e7ok ki\u015fi bunu rahatl\u0131kla kabul edecektir. Hatta 400 sayfal\u0131k bir kitap yazman\u0131n kendileri i\u00e7in imkans\u0131z oldu\u011funu d\u00fc\u015f\u00fcnenler bile.<\/p>\n<p>Yar\u0131n oldu\u011funda bu ki\u015filerden yine ayn\u0131 \u015feyi isteyece\u011fim, ve onlara \u015f\u00f6yel diyece\u011fim \u201cd\u00fcne bakma, yar\u0131na da, as\u0131l olan bu g\u00fcnd\u00fcr ve bug\u00fcn yapman gerek 1.5 sayfa yaz\u0131 yazmakt\u0131r\u201d. Sizce yapabilirler mi ?<br \/>Buradaki teknikte yap\u0131lmas\u0131 gereken i\u015fin yan\u0131 s\u0131ra zaman\u0131 da par\u00e7alara ay\u0131rm\u0131\u015f oluyoruz. \u00d6nemli bir i\u015fin i\u00e7in gereken zaman\u0131 bir g\u00fcnl\u00fck zaman dilimlerine b\u00f6l\u00fcyoruz. Ayn\u0131 anda yap\u0131lmas\u0131 gereken i\u015fin kendisini de par\u00e7alara ay\u0131rm\u0131\u015f bulunuyorsunuz. \u0130nan\u0131n bana bu tekni\u011fi bir y\u0131l boyunca uygularsan\u0131z, sonunda hepinizin 400 sayfal\u0131k bir kitab\u0131 olacakt\u0131r !<\/p>\n<p>E\u011fer g\u00f6z\u00fcn\u00fcz\u00fc korkutan bir i\u015fle kar\u015f\u0131la\u015ft\u0131\u011f\u0131n\u0131zda, i\u00e7inde bulundu\u011funuz g\u00fcn\u00fc esas al\u0131r, geriye ve ileriye bakmadan g\u00fcnl\u00fck g\u00f6revlerinizi yerine getirirseniz ba\u015faramayaca\u011f\u0131n\u0131z i\u015f yoktur.<\/p>\n<p>Unutmay\u0131n en uzun maraton ko\u015fusu bile \u201ctek bir ad\u0131m ile ba\u015flar\u201d. Kalk\u0131n ve ilk ad\u0131m\u0131z\u0131n\u0131 hemen \u015fimdi at\u0131n.<\/p>\n<p><em>Chuck Gallozzi, \u201cProcrastination is the grave in which oppurtunity is buried\u201d ve<br \/>Jim Rohn, \u201cEnding procrastination\u201d adl\u0131 makalelerinden \u00e7eviren ve derleyen N\u00fcvide G. Tulgar<\/em><\/p>\n","protected":false},"excerpt":{"rendered":"<p>Yapmam\u0131z gereken ileri erteledi\u011fimizde, atalet i\u00e7ine d\u00fc\u015ft\u00fc\u011f\u00fcm\u00fczde hayallerimizi g\u00f6m\u00fcyoruz demektir. Ya da Victor Clam\u2019\u0131n dedi\u011fi gibi: \u201cAtalet f\u0131rsatlar\u0131n katilidir .\u201d Hi\u00e7 ho\u015fumuza gitmese de, bazen \u00f6l\u00fcml\u00fc oldu\u011fumuzu hat\u0131rlamal\u0131y\u0131z. Ancak bu \u015fekilde, hayallerimizi ger\u00e7ekle\u015ftirmek i\u00e7in harekete ge\u00e7memiz gereken zaman\u0131n tam da \u201cbu an\u201d oldu\u011funu hissedebiliriz. Hayallerimizi ger\u00e7ekle\u015ftirmek i\u00e7in yapman\u0131z gerekenleri neden s\u00fcrekli olarak gelip gelmeyece\u011fi bile [&hellip;]<\/p>\n","protected":false},"author":1,"featured_media":0,"comment_status":"open","ping_status":"open","sticky":false,"template":"","format":"standard","meta":{"footnotes":""},"categories":[52],"tags":[],"class_list":{"0":"post-3949","1":"post","2":"type-post","3":"status-publish","4":"format-standard","6":"category-psikoloji"},"yoast_head":"<!-- This site is optimized with the Yoast SEO Premium plugin v24.9 (Yoast SEO v24.9) - https:\/\/yoast.com\/wordpress\/plugins\/seo\/ -->\n<title>Tembellik f\u0131rsatlar\u0131m\u0131z\u0131 ve hayallerimizi g\u00f6md\u00fc\u011f\u00fcm\u00fcz mezard\u0131r - narteks.net<\/title>\n<meta name=\"robots\" content=\"index, follow, max-snippet:-1, max-image-preview:large, max-video-preview:-1\" \/>\n<link rel=\"canonical\" href=\"https:\/\/narteks.net\/index.php\/2010\/01\/09\/tembellik-firsatlarimizi-ve-hayallerimizi-gomdugumuz-mezardir\/\" \/>\n<meta property=\"og:locale\" content=\"tr_TR\" \/>\n<meta property=\"og:type\" content=\"article\" \/>\n<meta property=\"og:title\" content=\"Tembellik f\u0131rsatlar\u0131m\u0131z\u0131 ve hayallerimizi g\u00f6md\u00fc\u011f\u00fcm\u00fcz mezard\u0131r\" \/>\n<meta property=\"og:description\" content=\"Yapmam\u0131z gereken ileri erteledi\u011fimizde, atalet i\u00e7ine d\u00fc\u015ft\u00fc\u011f\u00fcm\u00fczde hayallerimizi g\u00f6m\u00fcyoruz demektir. Ya da Victor Clam\u2019\u0131n dedi\u011fi gibi: \u201cAtalet f\u0131rsatlar\u0131n katilidir .\u201d Hi\u00e7 ho\u015fumuza gitmese de, bazen \u00f6l\u00fcml\u00fc oldu\u011fumuzu hat\u0131rlamal\u0131y\u0131z. Ancak bu \u015fekilde, hayallerimizi ger\u00e7ekle\u015ftirmek i\u00e7in harekete ge\u00e7memiz gereken zaman\u0131n tam da \u201cbu an\u201d oldu\u011funu hissedebiliriz. Hayallerimizi ger\u00e7ekle\u015ftirmek i\u00e7in yapman\u0131z gerekenleri neden s\u00fcrekli olarak gelip gelmeyece\u011fi bile [&hellip;]\" \/>\n<meta property=\"og:url\" content=\"https:\/\/narteks.net\/index.php\/2010\/01\/09\/tembellik-firsatlarimizi-ve-hayallerimizi-gomdugumuz-mezardir\/\" \/>\n<meta property=\"og:site_name\" content=\"narteks.net\" \/>\n<meta property=\"article:published_time\" content=\"2010-01-09T20:43:55+00:00\" \/>\n<meta property=\"og:image\" content=\"http:\/\/t0.gstatic.com\/images?q=tbn:iKf0O2MyyJbWOM:http:\/\/www.ortakantin.com\/photos\/groups\/1\/1881_200810_24_1_46_37_505867.jpg\" \/>\n<meta name=\"author\" content=\"Tar\u0131k\" \/>\n<meta name=\"twitter:card\" content=\"summary_large_image\" \/>\n<meta name=\"twitter:creator\" content=\"@narteks\" \/>\n<meta name=\"twitter:site\" content=\"@narteks\" \/>\n<meta name=\"twitter:label1\" content=\"Yazan:\" \/>\n\t<meta name=\"twitter:data1\" content=\"Tar\u0131k\" \/>\n\t<meta name=\"twitter:label2\" content=\"Tahmini okuma s\u00fcresi\" \/>\n\t<meta name=\"twitter:data2\" content=\"8 dakika\" \/>\n<script type=\"application\/ld+json\" class=\"yoast-schema-graph\">{\"@context\":\"https:\/\/schema.org\",\"@graph\":[{\"@type\":\"Article\",\"@id\":\"https:\/\/narteks.net\/index.php\/2010\/01\/09\/tembellik-firsatlarimizi-ve-hayallerimizi-gomdugumuz-mezardir\/#article\",\"isPartOf\":{\"@id\":\"https:\/\/narteks.net\/index.php\/2010\/01\/09\/tembellik-firsatlarimizi-ve-hayallerimizi-gomdugumuz-mezardir\/\"},\"author\":{\"name\":\"Tar\u0131k\",\"@id\":\"https:\/\/narteks.net\/#\/schema\/person\/61f37d9834294b72d31d274e7ed79bca\"},\"headline\":\"Tembellik f\u0131rsatlar\u0131m\u0131z\u0131 ve hayallerimizi g\u00f6md\u00fc\u011f\u00fcm\u00fcz mezard\u0131r\",\"datePublished\":\"2010-01-09T20:43:55+00:00\",\"mainEntityOfPage\":{\"@id\":\"https:\/\/narteks.net\/index.php\/2010\/01\/09\/tembellik-firsatlarimizi-ve-hayallerimizi-gomdugumuz-mezardir\/\"},\"wordCount\":1545,\"commentCount\":0,\"publisher\":{\"@id\":\"https:\/\/narteks.net\/#organization\"},\"image\":{\"@id\":\"https:\/\/narteks.net\/index.php\/2010\/01\/09\/tembellik-firsatlarimizi-ve-hayallerimizi-gomdugumuz-mezardir\/#primaryimage\"},\"thumbnailUrl\":\"http:\/\/t0.gstatic.com\/images?q=tbn:iKf0O2MyyJbWOM:http:\/\/www.ortakantin.com\/photos\/groups\/1\/1881_200810_24_1_46_37_505867.jpg\",\"articleSection\":[\"Psikoloji\"],\"inLanguage\":\"tr\",\"potentialAction\":[{\"@type\":\"CommentAction\",\"name\":\"Comment\",\"target\":[\"https:\/\/narteks.net\/index.php\/2010\/01\/09\/tembellik-firsatlarimizi-ve-hayallerimizi-gomdugumuz-mezardir\/#respond\"]}]},{\"@type\":\"WebPage\",\"@id\":\"https:\/\/narteks.net\/index.php\/2010\/01\/09\/tembellik-firsatlarimizi-ve-hayallerimizi-gomdugumuz-mezardir\/\",\"url\":\"https:\/\/narteks.net\/index.php\/2010\/01\/09\/tembellik-firsatlarimizi-ve-hayallerimizi-gomdugumuz-mezardir\/\",\"name\":\"Tembellik f\u0131rsatlar\u0131m\u0131z\u0131 ve hayallerimizi g\u00f6md\u00fc\u011f\u00fcm\u00fcz mezard\u0131r - narteks.net\",\"isPartOf\":{\"@id\":\"https:\/\/narteks.net\/#website\"},\"primaryImageOfPage\":{\"@id\":\"https:\/\/narteks.net\/index.php\/2010\/01\/09\/tembellik-firsatlarimizi-ve-hayallerimizi-gomdugumuz-mezardir\/#primaryimage\"},\"image\":{\"@id\":\"https:\/\/narteks.net\/index.php\/2010\/01\/09\/tembellik-firsatlarimizi-ve-hayallerimizi-gomdugumuz-mezardir\/#primaryimage\"},\"thumbnailUrl\":\"http:\/\/t0.gstatic.com\/images?q=tbn:iKf0O2MyyJbWOM:http:\/\/www.ortakantin.com\/photos\/groups\/1\/1881_200810_24_1_46_37_505867.jpg\",\"datePublished\":\"2010-01-09T20:43:55+00:00\",\"breadcrumb\":{\"@id\":\"https:\/\/narteks.net\/index.php\/2010\/01\/09\/tembellik-firsatlarimizi-ve-hayallerimizi-gomdugumuz-mezardir\/#breadcrumb\"},\"inLanguage\":\"tr\",\"potentialAction\":[{\"@type\":\"ReadAction\",\"target\":[\"https:\/\/narteks.net\/index.php\/2010\/01\/09\/tembellik-firsatlarimizi-ve-hayallerimizi-gomdugumuz-mezardir\/\"]}]},{\"@type\":\"ImageObject\",\"inLanguage\":\"tr\",\"@id\":\"https:\/\/narteks.net\/index.php\/2010\/01\/09\/tembellik-firsatlarimizi-ve-hayallerimizi-gomdugumuz-mezardir\/#primaryimage\",\"url\":\"http:\/\/t0.gstatic.com\/images?q=tbn:iKf0O2MyyJbWOM:http:\/\/www.ortakantin.com\/photos\/groups\/1\/1881_200810_24_1_46_37_505867.jpg\",\"contentUrl\":\"http:\/\/t0.gstatic.com\/images?q=tbn:iKf0O2MyyJbWOM:http:\/\/www.ortakantin.com\/photos\/groups\/1\/1881_200810_24_1_46_37_505867.jpg\"},{\"@type\":\"BreadcrumbList\",\"@id\":\"https:\/\/narteks.net\/index.php\/2010\/01\/09\/tembellik-firsatlarimizi-ve-hayallerimizi-gomdugumuz-mezardir\/#breadcrumb\",\"itemListElement\":[{\"@type\":\"ListItem\",\"position\":1,\"name\":\"Anasayfa\",\"item\":\"https:\/\/narteks.net\/\"},{\"@type\":\"ListItem\",\"position\":2,\"name\":\"Tembellik f\u0131rsatlar\u0131m\u0131z\u0131 ve hayallerimizi g\u00f6md\u00fc\u011f\u00fcm\u00fcz mezard\u0131r\"}]},{\"@type\":\"WebSite\",\"@id\":\"https:\/\/narteks.net\/#website\",\"url\":\"https:\/\/narteks.net\/\",\"name\":\"narteks.net\",\"description\":\"K\u00fclt\u00fcr Sanat Edebiyat Felsefe\",\"publisher\":{\"@id\":\"https:\/\/narteks.net\/#organization\"},\"alternateName\":\"K\u00fclt\u00fcr Sanat Edebiyat Felsefe\",\"potentialAction\":[{\"@type\":\"SearchAction\",\"target\":{\"@type\":\"EntryPoint\",\"urlTemplate\":\"https:\/\/narteks.net\/?s={search_term_string}\"},\"query-input\":{\"@type\":\"PropertyValueSpecification\",\"valueRequired\":true,\"valueName\":\"search_term_string\"}}],\"inLanguage\":\"tr\"},{\"@type\":\"Organization\",\"@id\":\"https:\/\/narteks.net\/#organization\",\"name\":\"narteks.net\",\"url\":\"https:\/\/narteks.net\/\",\"logo\":{\"@type\":\"ImageObject\",\"inLanguage\":\"tr\",\"@id\":\"https:\/\/narteks.net\/#\/schema\/logo\/image\/\",\"url\":\"https:\/\/narteks.net\/wp-content\/uploads\/narteks.png\",\"contentUrl\":\"https:\/\/narteks.net\/wp-content\/uploads\/narteks.png\",\"width\":300,\"height\":90,\"caption\":\"narteks.net\"},\"image\":{\"@id\":\"https:\/\/narteks.net\/#\/schema\/logo\/image\/\"},\"sameAs\":[\"https:\/\/x.com\/narteks\",\"https:\/\/instagram.com\/narteksnet\"]},{\"@type\":\"Person\",\"@id\":\"https:\/\/narteks.net\/#\/schema\/person\/61f37d9834294b72d31d274e7ed79bca\",\"name\":\"Tar\u0131k\",\"image\":{\"@type\":\"ImageObject\",\"inLanguage\":\"tr\",\"@id\":\"https:\/\/narteks.net\/#\/schema\/person\/image\/\",\"url\":\"https:\/\/secure.gravatar.com\/avatar\/50865afb55632c4ae467e0af0930f6510aa2297d8014be502a55b14f3b7550cf?s=96&d=mm&r=g\",\"contentUrl\":\"https:\/\/secure.gravatar.com\/avatar\/50865afb55632c4ae467e0af0930f6510aa2297d8014be502a55b14f3b7550cf?s=96&d=mm&r=g\",\"caption\":\"Tar\u0131k\"},\"sameAs\":[\"http:\/\/narteks.net\"],\"url\":\"https:\/\/narteks.net\/index.php\/author\/narbak\/\"}]}<\/script>\n<!-- \/ Yoast SEO Premium plugin. -->","yoast_head_json":{"title":"Tembellik f\u0131rsatlar\u0131m\u0131z\u0131 ve hayallerimizi g\u00f6md\u00fc\u011f\u00fcm\u00fcz mezard\u0131r - narteks.net","robots":{"index":"index","follow":"follow","max-snippet":"max-snippet:-1","max-image-preview":"max-image-preview:large","max-video-preview":"max-video-preview:-1"},"canonical":"https:\/\/narteks.net\/index.php\/2010\/01\/09\/tembellik-firsatlarimizi-ve-hayallerimizi-gomdugumuz-mezardir\/","og_locale":"tr_TR","og_type":"article","og_title":"Tembellik f\u0131rsatlar\u0131m\u0131z\u0131 ve hayallerimizi g\u00f6md\u00fc\u011f\u00fcm\u00fcz mezard\u0131r","og_description":"Yapmam\u0131z gereken ileri erteledi\u011fimizde, atalet i\u00e7ine d\u00fc\u015ft\u00fc\u011f\u00fcm\u00fczde hayallerimizi g\u00f6m\u00fcyoruz demektir. Ya da Victor Clam\u2019\u0131n dedi\u011fi gibi: \u201cAtalet f\u0131rsatlar\u0131n katilidir .\u201d Hi\u00e7 ho\u015fumuza gitmese de, bazen \u00f6l\u00fcml\u00fc oldu\u011fumuzu hat\u0131rlamal\u0131y\u0131z. Ancak bu \u015fekilde, hayallerimizi ger\u00e7ekle\u015ftirmek i\u00e7in harekete ge\u00e7memiz gereken zaman\u0131n tam da \u201cbu an\u201d oldu\u011funu hissedebiliriz. Hayallerimizi ger\u00e7ekle\u015ftirmek i\u00e7in yapman\u0131z gerekenleri neden s\u00fcrekli olarak gelip gelmeyece\u011fi bile [&hellip;]","og_url":"https:\/\/narteks.net\/index.php\/2010\/01\/09\/tembellik-firsatlarimizi-ve-hayallerimizi-gomdugumuz-mezardir\/","og_site_name":"narteks.net","article_published_time":"2010-01-09T20:43:55+00:00","og_image":[{"url":"http:\/\/t0.gstatic.com\/images?q=tbn:iKf0O2MyyJbWOM:http:\/\/www.ortakantin.com\/photos\/groups\/1\/1881_200810_24_1_46_37_505867.jpg","type":"","width":"","height":""}],"author":"Tar\u0131k","twitter_card":"summary_large_image","twitter_creator":"@narteks","twitter_site":"@narteks","twitter_misc":{"Yazan:":"Tar\u0131k","Tahmini okuma s\u00fcresi":"8 dakika"},"schema":{"@context":"https:\/\/schema.org","@graph":[{"@type":"Article","@id":"https:\/\/narteks.net\/index.php\/2010\/01\/09\/tembellik-firsatlarimizi-ve-hayallerimizi-gomdugumuz-mezardir\/#article","isPartOf":{"@id":"https:\/\/narteks.net\/index.php\/2010\/01\/09\/tembellik-firsatlarimizi-ve-hayallerimizi-gomdugumuz-mezardir\/"},"author":{"name":"Tar\u0131k","@id":"https:\/\/narteks.net\/#\/schema\/person\/61f37d9834294b72d31d274e7ed79bca"},"headline":"Tembellik f\u0131rsatlar\u0131m\u0131z\u0131 ve hayallerimizi g\u00f6md\u00fc\u011f\u00fcm\u00fcz mezard\u0131r","datePublished":"2010-01-09T20:43:55+00:00","mainEntityOfPage":{"@id":"https:\/\/narteks.net\/index.php\/2010\/01\/09\/tembellik-firsatlarimizi-ve-hayallerimizi-gomdugumuz-mezardir\/"},"wordCount":1545,"commentCount":0,"publisher":{"@id":"https:\/\/narteks.net\/#organization"},"image":{"@id":"https:\/\/narteks.net\/index.php\/2010\/01\/09\/tembellik-firsatlarimizi-ve-hayallerimizi-gomdugumuz-mezardir\/#primaryimage"},"thumbnailUrl":"http:\/\/t0.gstatic.com\/images?q=tbn:iKf0O2MyyJbWOM:http:\/\/www.ortakantin.com\/photos\/groups\/1\/1881_200810_24_1_46_37_505867.jpg","articleSection":["Psikoloji"],"inLanguage":"tr","potentialAction":[{"@type":"CommentAction","name":"Comment","target":["https:\/\/narteks.net\/index.php\/2010\/01\/09\/tembellik-firsatlarimizi-ve-hayallerimizi-gomdugumuz-mezardir\/#respond"]}]},{"@type":"WebPage","@id":"https:\/\/narteks.net\/index.php\/2010\/01\/09\/tembellik-firsatlarimizi-ve-hayallerimizi-gomdugumuz-mezardir\/","url":"https:\/\/narteks.net\/index.php\/2010\/01\/09\/tembellik-firsatlarimizi-ve-hayallerimizi-gomdugumuz-mezardir\/","name":"Tembellik f\u0131rsatlar\u0131m\u0131z\u0131 ve hayallerimizi g\u00f6md\u00fc\u011f\u00fcm\u00fcz mezard\u0131r - narteks.net","isPartOf":{"@id":"https:\/\/narteks.net\/#website"},"primaryImageOfPage":{"@id":"https:\/\/narteks.net\/index.php\/2010\/01\/09\/tembellik-firsatlarimizi-ve-hayallerimizi-gomdugumuz-mezardir\/#primaryimage"},"image":{"@id":"https:\/\/narteks.net\/index.php\/2010\/01\/09\/tembellik-firsatlarimizi-ve-hayallerimizi-gomdugumuz-mezardir\/#primaryimage"},"thumbnailUrl":"http:\/\/t0.gstatic.com\/images?q=tbn:iKf0O2MyyJbWOM:http:\/\/www.ortakantin.com\/photos\/groups\/1\/1881_200810_24_1_46_37_505867.jpg","datePublished":"2010-01-09T20:43:55+00:00","breadcrumb":{"@id":"https:\/\/narteks.net\/index.php\/2010\/01\/09\/tembellik-firsatlarimizi-ve-hayallerimizi-gomdugumuz-mezardir\/#breadcrumb"},"inLanguage":"tr","potentialAction":[{"@type":"ReadAction","target":["https:\/\/narteks.net\/index.php\/2010\/01\/09\/tembellik-firsatlarimizi-ve-hayallerimizi-gomdugumuz-mezardir\/"]}]},{"@type":"ImageObject","inLanguage":"tr","@id":"https:\/\/narteks.net\/index.php\/2010\/01\/09\/tembellik-firsatlarimizi-ve-hayallerimizi-gomdugumuz-mezardir\/#primaryimage","url":"http:\/\/t0.gstatic.com\/images?q=tbn:iKf0O2MyyJbWOM:http:\/\/www.ortakantin.com\/photos\/groups\/1\/1881_200810_24_1_46_37_505867.jpg","contentUrl":"http:\/\/t0.gstatic.com\/images?q=tbn:iKf0O2MyyJbWOM:http:\/\/www.ortakantin.com\/photos\/groups\/1\/1881_200810_24_1_46_37_505867.jpg"},{"@type":"BreadcrumbList","@id":"https:\/\/narteks.net\/index.php\/2010\/01\/09\/tembellik-firsatlarimizi-ve-hayallerimizi-gomdugumuz-mezardir\/#breadcrumb","itemListElement":[{"@type":"ListItem","position":1,"name":"Anasayfa","item":"https:\/\/narteks.net\/"},{"@type":"ListItem","position":2,"name":"Tembellik f\u0131rsatlar\u0131m\u0131z\u0131 ve hayallerimizi g\u00f6md\u00fc\u011f\u00fcm\u00fcz mezard\u0131r"}]},{"@type":"WebSite","@id":"https:\/\/narteks.net\/#website","url":"https:\/\/narteks.net\/","name":"narteks.net","description":"K\u00fclt\u00fcr Sanat Edebiyat Felsefe","publisher":{"@id":"https:\/\/narteks.net\/#organization"},"alternateName":"K\u00fclt\u00fcr Sanat Edebiyat Felsefe","potentialAction":[{"@type":"SearchAction","target":{"@type":"EntryPoint","urlTemplate":"https:\/\/narteks.net\/?s={search_term_string}"},"query-input":{"@type":"PropertyValueSpecification","valueRequired":true,"valueName":"search_term_string"}}],"inLanguage":"tr"},{"@type":"Organization","@id":"https:\/\/narteks.net\/#organization","name":"narteks.net","url":"https:\/\/narteks.net\/","logo":{"@type":"ImageObject","inLanguage":"tr","@id":"https:\/\/narteks.net\/#\/schema\/logo\/image\/","url":"https:\/\/narteks.net\/wp-content\/uploads\/narteks.png","contentUrl":"https:\/\/narteks.net\/wp-content\/uploads\/narteks.png","width":300,"height":90,"caption":"narteks.net"},"image":{"@id":"https:\/\/narteks.net\/#\/schema\/logo\/image\/"},"sameAs":["https:\/\/x.com\/narteks","https:\/\/instagram.com\/narteksnet"]},{"@type":"Person","@id":"https:\/\/narteks.net\/#\/schema\/person\/61f37d9834294b72d31d274e7ed79bca","name":"Tar\u0131k","image":{"@type":"ImageObject","inLanguage":"tr","@id":"https:\/\/narteks.net\/#\/schema\/person\/image\/","url":"https:\/\/secure.gravatar.com\/avatar\/50865afb55632c4ae467e0af0930f6510aa2297d8014be502a55b14f3b7550cf?s=96&d=mm&r=g","contentUrl":"https:\/\/secure.gravatar.com\/avatar\/50865afb55632c4ae467e0af0930f6510aa2297d8014be502a55b14f3b7550cf?s=96&d=mm&r=g","caption":"Tar\u0131k"},"sameAs":["http:\/\/narteks.net"],"url":"https:\/\/narteks.net\/index.php\/author\/narbak\/"}]}},"_links":{"self":[{"href":"https:\/\/narteks.net\/index.php\/wp-json\/wp\/v2\/posts\/3949","targetHints":{"allow":["GET"]}}],"collection":[{"href":"https:\/\/narteks.net\/index.php\/wp-json\/wp\/v2\/posts"}],"about":[{"href":"https:\/\/narteks.net\/index.php\/wp-json\/wp\/v2\/types\/post"}],"author":[{"embeddable":true,"href":"https:\/\/narteks.net\/index.php\/wp-json\/wp\/v2\/users\/1"}],"replies":[{"embeddable":true,"href":"https:\/\/narteks.net\/index.php\/wp-json\/wp\/v2\/comments?post=3949"}],"version-history":[{"count":0,"href":"https:\/\/narteks.net\/index.php\/wp-json\/wp\/v2\/posts\/3949\/revisions"}],"wp:attachment":[{"href":"https:\/\/narteks.net\/index.php\/wp-json\/wp\/v2\/media?parent=3949"}],"wp:term":[{"taxonomy":"category","embeddable":true,"href":"https:\/\/narteks.net\/index.php\/wp-json\/wp\/v2\/categories?post=3949"},{"taxonomy":"post_tag","embeddable":true,"href":"https:\/\/narteks.net\/index.php\/wp-json\/wp\/v2\/tags?post=3949"}],"curies":[{"name":"wp","href":"https:\/\/api.w.org\/{rel}","templated":true}]}}