{"id":3950,"date":"2010-03-09T01:00:00","date_gmt":"2010-03-08T22:00:00","guid":{"rendered":"http:\/\/localhost\/wordpress\/2010\/03\/09\/ve-celige-su-verildi-nikolay-alekseyevic-ostrovski\/"},"modified":"2010-03-09T01:00:00","modified_gmt":"2010-03-08T22:00:00","slug":"ve-celige-su-verildi-nikolay-alekseyevic-ostrovski","status":"publish","type":"post","link":"https:\/\/narteks.net\/index.php\/2010\/03\/09\/ve-celige-su-verildi-nikolay-alekseyevic-ostrovski\/","title":{"rendered":"Ve \u00c7eli\u011fe Su Verildi | Nikolay Alekseyevi\u00e7 Ostrovski"},"content":{"rendered":"<p><img loading=\"lazy\" decoding=\"async\" src=\"http:\/\/upload.wikimedia.org\/wikipedia\/commons\/f\/fb\/N_Ostrovskiy.jpg\" border=\"0\" width=\"155\" height=\"205\" style=\"float: left;\" \/>\u2018\u0130stemiyorsan\u00a0 k\u00f6le\u00a0 olmak\u00a0 k\u0131r\u00a0\u00a0 zincirlerini<\/p>\n<p>g\u00fcc\u00fcn\u00fcn\u00a0 bilincine\u00a0 var<br \/> inan\u00a0 kendine.<br \/> Biz<br \/> seninle\u00a0 g\u00fc\u00e7l\u00fcy\u00fcz !<br \/> K\u00f6lelik,\u00a0 k\u00f6lelerce\u00a0 y\u0131k\u0131lmad\u0131kca<br \/> ya\u015fayacakt\u0131r.<br \/> Senin\u00a0 zincirlerinden\u00a0 ba\u015fka\u00a0 yoktur<br \/> kaybedece\u011fin\u2026<\/p>\n<p style=\"text-align: justify;\">M\u00fccadelenin bulan\u0131kl\u0131\u011f\u0131 i\u00e7inde yolunu hen\u00fcz tam bulamam\u0131\u015f olan ama s\u0131n\u0131flar\u0131n \u00f6zlemlerini en a\u00e7\u0131k\u00a0 \u015fekilde\u00a0 dile getirebilen i\u015f\u00e7i gen\u00e7li\u011fiydi \u201cVe \u00c7eli\u011fe Su Verildi\u201dde anlat\u0131lan.<br \/>Bu gen\u00e7lerden biriydi Pavka Kor\u00e7agin&#8230; K\u0131sa\u00a0 s\u00fcren \u00f6\u011frenim hayat\u0131n\u0131 12 ya\u015f\u0131nda noktalad\u0131. \u0130lk olarak demiryolu\u00a0 istasyonunda bir b\u00fcfede \u00e7al\u0131\u015fmaya ba\u015flad\u0131. \u00c7al\u0131\u015fmaya ba\u015flamas\u0131yla hayat\u0131n ger\u00e7eklerini daha iyi kavrayabiliyordu. Yo\u011fun ve a\u011f\u0131r i\u015flerde \u00e7al\u0131\u015f\u0131yordu ama kazand\u0131\u011f\u0131 \u00e7ok az bir \u00fccretten ibaretti. \u0130ki sene gibi bir aradan sonra b\u00fcfedeki\u00a0 i\u015fini b\u0131rakarak abisinin yard\u0131m\u0131yla elektrik santraline yeni\u00a0 bir\u00a0 i\u015fe ba\u015flad\u0131. Abisi Arkemin dostu olan ve evlerine s\u00fcrekli gelen \u00c7ukra\u2019yla tan\u0131\u015fmas\u0131 Pavka\u2019n\u0131n ya\u015fam\u0131n\u0131n de\u011fi\u015fmesine ve kafas\u0131ndaki bulan\u0131kl\u0131\u011f\u0131 \u00e7\u00f6zmesine yard\u0131mc\u0131 oluyordu. Pavka\u2019n\u0131n \u00c7ukra\u2019y\u0131 tan\u0131d\u0131\u011f\u0131 andan itibaren onun i\u00e7in \u00e7ok de\u011ferli bir insan ve g\u00fcvenilir bir dosttu. Abisi Arkem\u2019in ve Bol\u015fevik olan \u00c7ukra\u2019n\u0131n katk\u0131lar\u0131yla i\u00e7indeki \u00e7eli\u011fe su verme zaman\u0131 gelmi\u015fti. \u00c7ukra\u2019n\u0131n\u00a0 tutkland\u0131\u011f\u0131 g\u00fcn Pavka kendini\u00a0 d\u00fc\u015f\u00fcnmeksizin Bol\u015fevik dostuna yard\u0131m edebilmek i\u00e7in elinden geleni yapt\u0131. Art\u0131k o eski Pavka de\u011fildi. Devrimci iradeye sahip bir insan olarak ya\u015fam\u0131 t\u00fcm\u00fcyle de\u011fi\u015fti.<br \/>\u2018Me\u015fale tutu\u015fturulmu\u015ftur art\u0131k ve bundan b\u00f6yle s\u00f6nmesi imkans\u0131zd\u0131r.\u2019 Gen\u00e7li\u011fin verdi\u011fi dinamizm ve i\u00e7inde bitmez t\u00fckenmez iradeyle b\u00fct\u00fcn d\u00fcnyay\u0131 saran Bol\u015fevik Parti\u2019nin yan\u0131nda yer alarak k\u0131z\u0131l birli\u011fine kat\u0131ld\u0131. Bir devrimci olarak silaha sar\u0131l\u0131yor ve s\u00f6m\u00fcr\u00fc d\u00fczenini ba\u015ftan a\u015fa\u011f\u0131 de\u011fi\u015ftirmek vaktiydi. S\u0131n\u0131flar\u0131n ortadan kald\u0131r\u0131ld\u0131\u011f\u0131 kad\u0131n ve erkek i\u015f\u00e7ilerin birbirine ba\u011fl\u0131, dinamik, proleterlerin egemenli\u011finde yeni bir d\u00fcnya kurma i\u00e7in \u00f6nc\u00fc partileriyle birlikte y\u0131lmadan m\u00fccadele ettiler ve zafer onlar\u0131n oldu. S\u00f6m\u00fcr\u00fclenler do\u011frulup silahlar\u0131na sar\u0131lm\u0131\u015flard\u0131; ka\u00e7\u0131n\u0131lmaz g\u00fcn geldi. Milyonlarca i\u015f\u00e7i bir yumruk gibi b\u00fct\u00fcn g\u00fc\u00e7leriyle \u00e7\u00fcr\u00fcm\u00fc\u015f eski hayata vurarak bu sava\u015f\u0131 kazand\u0131lar. Birka\u00e7 ki\u015fiyle de\u011fil binlerce ki\u015fiye yeni bir hayat verdiler.<br \/>\u2018Uygun\u00a0 ad\u0131m\u00a0 y\u00fcr\u00fcyelim\u00a0 yolda\u015flar<br \/>Y\u00fcr\u00fcyelim\u00a0 ate\u015fe\u00a0 g\u00f6z\u00a0 k\u0131rpmadan<br \/>Kur\u015funlar\u0131n\u00a0 \u00f6tesinde<br \/>Bizi\u00a0 bekleyen\u00a0 h\u00fcrriyet\u00a0 var\u2026\u2019<br \/>Devrim taraf\u0131ndan yarat\u0131lan insanlardan biriydi Nikola\u00a0 Ostrovski. Bu b\u00fcy\u00fck g\u00fcnlerin tarihini yeniden yazarken \u2018insanl\u0131\u011f\u0131n o g\u00fczel mutlulu\u011fu u\u011fruna sava\u015fmaktan daha b\u00fcy\u00fck bir sevin\u00e7 yoktur d\u00fcnyada\u2019 diyordu. Ostrovski bu kitapta devrim i\u00e7in sava\u015fan i\u015f\u00e7i s\u0131n\u0131f\u0131n\u0131n m\u00fccadelesini anlat\u0131r. Kitab\u0131 y\u0131llar sonrada \u00f6nemli ve okunur k\u0131lan devrim yolunda sava\u015fan i\u015f\u00e7ilern m\u00fccadelesinden \u00e7\u0131kar\u0131lan derslerdir. Kitab\u0131n kahraman\u0131 Pavka Kor\u00e7agin \u00e7elik gibi bir iradeye sahip sonuna kadar kom\u00fcnist devrimci olup,\u00a0 olaylar\u0131n ve b\u00fcy\u00fck kavgan\u0131n i\u00e7inde yer alm\u0131\u015f \u00f6rnek al\u0131nmas\u0131 gereken bir devrimcidir.<\/p>\n<p style=\"text-align: justify;\">al\u0131nt\u0131: k\u00f6z<\/p>\n<p style=\"text-align: justify;\">Nikolay Alekseyevi\u00e7 Ostrovskiy (16 Eyl\u00fcl 1904, Rovno &#8211; 22 Aral\u0131k 1936, Moskova), Sovyet yazar.<\/p>\n<p>Bug\u00fcnk\u00fc Ukrayna&#8217;n\u0131n Rovno b\u00f6lgesinde bir k\u00f6yde d\u00fcnyaya geldi. \u00c7ocuklu\u011fu yoksulluk i\u00e7inde ge\u00e7ti. Pek \u00e7ok i\u015fte \u00e7al\u0131\u015ft\u0131. K\u0131z\u0131l Ordu saflar\u0131nda i\u00e7 sava\u015fa kat\u0131ld\u0131. Yaraland\u0131. Sa\u011fl\u0131\u011f\u0131 ayakta \u00e7al\u0131\u015fmas\u0131na elvermeyecek derecede k\u00f6t\u00fcle\u015fti\u011fi zaman kendisini yazmaya verdi. 1935 y\u0131l\u0131nda Lenin Ni\u015fan\u0131 ald\u0131. \u0130\u00e7 sava\u015ftan kalan yaralar ve hastal\u0131klara kar\u015f\u0131 verdi\u011fi m\u00fccadeleyi 32 ya\u015f\u0131nda kaybetti ve hayata g\u00f6zlerini yumdu.<\/p>\n<p>Pavel Kor\u00e7agin<\/p>\n<p>Ostrovskiy&#8217;nin en \u00fcnl\u00fc yap\u0131t\u0131 olan Ve \u00c7eli\u011fe Su Verildinin ba\u015fki\u015fisi yazar\u0131n otobiyografik niteliklerini bar\u0131nd\u0131ran Pavel Kor\u00e7agin&#8217;dir. Ostrovski sosyalizm \u00fclk\u00fcs\u00fcn\u00fc, proleter ahlak\u0131 ve \u00e7al\u0131\u015fma disiplinini Kor\u00e7agin&#8217;de somutlam\u0131\u015ft\u0131r. Bu karakter, d\u00f6neminde Sovyetler Birli\u011fi&#8217;nde \u00e7ok pop\u00fcler olmu\u015f ve sosyalist eme\u011fin ve \u00e7al\u0131\u015fma azminin sembollerinden birisi haline gelmi\u015ftir. 1956 y\u0131l\u0131nda kitaptan yola \u00e7\u0131k\u0131larak Pavel Kor\u00e7agin adl\u0131 bir de film \u00e7ekilmi\u015ftir.<\/p>\n<p style=\"text-align: justify;\">Yap\u0131tlar\u0131<\/p>\n<p> * Ve \u00c7eli\u011fe Su Verildi (Rus\u00e7a: \u041a\u0430\u043a \u0437\u0430\u043a\u0430\u043b\u044f\u043b\u0430\u0441\u044c \u0441\u0442\u0430\u043b\u044c)<br \/> * F\u0131rt\u0131na \u00c7ocuklar\u0131 (Rus\u00e7a: \u0420\u043e\u0436\u0434\u0435\u043d\u043d\u044b\u0435 \u0431\u0443\u0440\u0435\u0439)<br \/> * Selam! Ya\u015fam Ate\u015fi (Mektup derlemesi)<\/p>\n","protected":false},"excerpt":{"rendered":"<p>\u2018\u0130stemiyorsan\u00a0 k\u00f6le\u00a0 olmak\u00a0 k\u0131r\u00a0\u00a0 zincirlerini g\u00fcc\u00fcn\u00fcn\u00a0 bilincine\u00a0 var inan\u00a0 kendine. Biz seninle\u00a0 g\u00fc\u00e7l\u00fcy\u00fcz ! K\u00f6lelik,\u00a0 k\u00f6lelerce\u00a0 y\u0131k\u0131lmad\u0131kca ya\u015fayacakt\u0131r. Senin\u00a0 zincirlerinden\u00a0 ba\u015fka\u00a0 yoktur kaybedece\u011fin\u2026 M\u00fccadelenin bulan\u0131kl\u0131\u011f\u0131 i\u00e7inde yolunu hen\u00fcz tam bulamam\u0131\u015f olan ama s\u0131n\u0131flar\u0131n \u00f6zlemlerini en a\u00e7\u0131k\u00a0 \u015fekilde\u00a0 dile getirebilen i\u015f\u00e7i gen\u00e7li\u011fiydi \u201cVe \u00c7eli\u011fe Su Verildi\u201dde anlat\u0131lan.Bu gen\u00e7lerden biriydi Pavka Kor\u00e7agin&#8230; K\u0131sa\u00a0 s\u00fcren \u00f6\u011frenim hayat\u0131n\u0131 12 [&hellip;]<\/p>\n","protected":false},"author":1,"featured_media":0,"comment_status":"open","ping_status":"open","sticky":false,"template":"","format":"standard","meta":{"footnotes":""},"categories":[138],"tags":[],"class_list":{"0":"post-3950","1":"post","2":"type-post","3":"status-publish","4":"format-standard","6":"category-edebiyat-dunya"},"yoast_head":"<!-- This site is optimized with the Yoast SEO Premium plugin v24.9 (Yoast SEO v24.9) - https:\/\/yoast.com\/wordpress\/plugins\/seo\/ -->\n<title>Ve \u00c7eli\u011fe Su Verildi | Nikolay Alekseyevi\u00e7 Ostrovski - narteks.net<\/title>\n<meta name=\"robots\" content=\"index, follow, max-snippet:-1, max-image-preview:large, max-video-preview:-1\" \/>\n<link rel=\"canonical\" href=\"https:\/\/narteks.net\/index.php\/2010\/03\/09\/ve-celige-su-verildi-nikolay-alekseyevic-ostrovski\/\" \/>\n<meta property=\"og:locale\" content=\"tr_TR\" \/>\n<meta property=\"og:type\" content=\"article\" \/>\n<meta property=\"og:title\" content=\"Ve \u00c7eli\u011fe Su Verildi | Nikolay Alekseyevi\u00e7 Ostrovski\" \/>\n<meta property=\"og:description\" content=\"\u2018\u0130stemiyorsan\u00a0 k\u00f6le\u00a0 olmak\u00a0 k\u0131r\u00a0\u00a0 zincirlerini g\u00fcc\u00fcn\u00fcn\u00a0 bilincine\u00a0 var inan\u00a0 kendine. Biz seninle\u00a0 g\u00fc\u00e7l\u00fcy\u00fcz ! K\u00f6lelik,\u00a0 k\u00f6lelerce\u00a0 y\u0131k\u0131lmad\u0131kca ya\u015fayacakt\u0131r. Senin\u00a0 zincirlerinden\u00a0 ba\u015fka\u00a0 yoktur kaybedece\u011fin\u2026 M\u00fccadelenin bulan\u0131kl\u0131\u011f\u0131 i\u00e7inde yolunu hen\u00fcz tam bulamam\u0131\u015f olan ama s\u0131n\u0131flar\u0131n \u00f6zlemlerini en a\u00e7\u0131k\u00a0 \u015fekilde\u00a0 dile getirebilen i\u015f\u00e7i gen\u00e7li\u011fiydi \u201cVe \u00c7eli\u011fe Su Verildi\u201dde anlat\u0131lan.Bu gen\u00e7lerden biriydi Pavka Kor\u00e7agin&#8230; K\u0131sa\u00a0 s\u00fcren \u00f6\u011frenim hayat\u0131n\u0131 12 [&hellip;]\" \/>\n<meta property=\"og:url\" content=\"https:\/\/narteks.net\/index.php\/2010\/03\/09\/ve-celige-su-verildi-nikolay-alekseyevic-ostrovski\/\" \/>\n<meta property=\"og:site_name\" content=\"narteks.net\" \/>\n<meta property=\"article:published_time\" content=\"2010-03-08T22:00:00+00:00\" \/>\n<meta property=\"og:image\" content=\"http:\/\/upload.wikimedia.org\/wikipedia\/commons\/f\/fb\/N_Ostrovskiy.jpg\" \/>\n<meta name=\"author\" content=\"Tar\u0131k\" \/>\n<meta name=\"twitter:card\" content=\"summary_large_image\" \/>\n<meta name=\"twitter:creator\" content=\"@narteks\" \/>\n<meta name=\"twitter:site\" content=\"@narteks\" \/>\n<meta name=\"twitter:label1\" content=\"Yazan:\" \/>\n\t<meta name=\"twitter:data1\" content=\"Tar\u0131k\" \/>\n\t<meta name=\"twitter:label2\" content=\"Tahmini okuma s\u00fcresi\" \/>\n\t<meta name=\"twitter:data2\" content=\"4 dakika\" \/>\n<script type=\"application\/ld+json\" class=\"yoast-schema-graph\">{\"@context\":\"https:\/\/schema.org\",\"@graph\":[{\"@type\":\"Article\",\"@id\":\"https:\/\/narteks.net\/index.php\/2010\/03\/09\/ve-celige-su-verildi-nikolay-alekseyevic-ostrovski\/#article\",\"isPartOf\":{\"@id\":\"https:\/\/narteks.net\/index.php\/2010\/03\/09\/ve-celige-su-verildi-nikolay-alekseyevic-ostrovski\/\"},\"author\":{\"name\":\"Tar\u0131k\",\"@id\":\"https:\/\/narteks.net\/#\/schema\/person\/61f37d9834294b72d31d274e7ed79bca\"},\"headline\":\"Ve \u00c7eli\u011fe Su Verildi | Nikolay Alekseyevi\u00e7 Ostrovski\",\"datePublished\":\"2010-03-08T22:00:00+00:00\",\"mainEntityOfPage\":{\"@id\":\"https:\/\/narteks.net\/index.php\/2010\/03\/09\/ve-celige-su-verildi-nikolay-alekseyevic-ostrovski\/\"},\"wordCount\":871,\"commentCount\":0,\"publisher\":{\"@id\":\"https:\/\/narteks.net\/#organization\"},\"image\":{\"@id\":\"https:\/\/narteks.net\/index.php\/2010\/03\/09\/ve-celige-su-verildi-nikolay-alekseyevic-ostrovski\/#primaryimage\"},\"thumbnailUrl\":\"http:\/\/upload.wikimedia.org\/wikipedia\/commons\/f\/fb\/N_Ostrovskiy.jpg\",\"articleSection\":[\"Edebiyat ( D\u00fcnya )\"],\"inLanguage\":\"tr\",\"potentialAction\":[{\"@type\":\"CommentAction\",\"name\":\"Comment\",\"target\":[\"https:\/\/narteks.net\/index.php\/2010\/03\/09\/ve-celige-su-verildi-nikolay-alekseyevic-ostrovski\/#respond\"]}]},{\"@type\":\"WebPage\",\"@id\":\"https:\/\/narteks.net\/index.php\/2010\/03\/09\/ve-celige-su-verildi-nikolay-alekseyevic-ostrovski\/\",\"url\":\"https:\/\/narteks.net\/index.php\/2010\/03\/09\/ve-celige-su-verildi-nikolay-alekseyevic-ostrovski\/\",\"name\":\"Ve \u00c7eli\u011fe Su Verildi | Nikolay Alekseyevi\u00e7 Ostrovski - narteks.net\",\"isPartOf\":{\"@id\":\"https:\/\/narteks.net\/#website\"},\"primaryImageOfPage\":{\"@id\":\"https:\/\/narteks.net\/index.php\/2010\/03\/09\/ve-celige-su-verildi-nikolay-alekseyevic-ostrovski\/#primaryimage\"},\"image\":{\"@id\":\"https:\/\/narteks.net\/index.php\/2010\/03\/09\/ve-celige-su-verildi-nikolay-alekseyevic-ostrovski\/#primaryimage\"},\"thumbnailUrl\":\"http:\/\/upload.wikimedia.org\/wikipedia\/commons\/f\/fb\/N_Ostrovskiy.jpg\",\"datePublished\":\"2010-03-08T22:00:00+00:00\",\"breadcrumb\":{\"@id\":\"https:\/\/narteks.net\/index.php\/2010\/03\/09\/ve-celige-su-verildi-nikolay-alekseyevic-ostrovski\/#breadcrumb\"},\"inLanguage\":\"tr\",\"potentialAction\":[{\"@type\":\"ReadAction\",\"target\":[\"https:\/\/narteks.net\/index.php\/2010\/03\/09\/ve-celige-su-verildi-nikolay-alekseyevic-ostrovski\/\"]}]},{\"@type\":\"ImageObject\",\"inLanguage\":\"tr\",\"@id\":\"https:\/\/narteks.net\/index.php\/2010\/03\/09\/ve-celige-su-verildi-nikolay-alekseyevic-ostrovski\/#primaryimage\",\"url\":\"http:\/\/upload.wikimedia.org\/wikipedia\/commons\/f\/fb\/N_Ostrovskiy.jpg\",\"contentUrl\":\"http:\/\/upload.wikimedia.org\/wikipedia\/commons\/f\/fb\/N_Ostrovskiy.jpg\"},{\"@type\":\"BreadcrumbList\",\"@id\":\"https:\/\/narteks.net\/index.php\/2010\/03\/09\/ve-celige-su-verildi-nikolay-alekseyevic-ostrovski\/#breadcrumb\",\"itemListElement\":[{\"@type\":\"ListItem\",\"position\":1,\"name\":\"Anasayfa\",\"item\":\"https:\/\/narteks.net\/\"},{\"@type\":\"ListItem\",\"position\":2,\"name\":\"Ve \u00c7eli\u011fe Su Verildi | Nikolay Alekseyevi\u00e7 Ostrovski\"}]},{\"@type\":\"WebSite\",\"@id\":\"https:\/\/narteks.net\/#website\",\"url\":\"https:\/\/narteks.net\/\",\"name\":\"narteks.net\",\"description\":\"K\u00fclt\u00fcr Sanat Edebiyat Felsefe\",\"publisher\":{\"@id\":\"https:\/\/narteks.net\/#organization\"},\"alternateName\":\"K\u00fclt\u00fcr Sanat Edebiyat Felsefe\",\"potentialAction\":[{\"@type\":\"SearchAction\",\"target\":{\"@type\":\"EntryPoint\",\"urlTemplate\":\"https:\/\/narteks.net\/?s={search_term_string}\"},\"query-input\":{\"@type\":\"PropertyValueSpecification\",\"valueRequired\":true,\"valueName\":\"search_term_string\"}}],\"inLanguage\":\"tr\"},{\"@type\":\"Organization\",\"@id\":\"https:\/\/narteks.net\/#organization\",\"name\":\"narteks.net\",\"url\":\"https:\/\/narteks.net\/\",\"logo\":{\"@type\":\"ImageObject\",\"inLanguage\":\"tr\",\"@id\":\"https:\/\/narteks.net\/#\/schema\/logo\/image\/\",\"url\":\"https:\/\/narteks.net\/wp-content\/uploads\/narteks.png\",\"contentUrl\":\"https:\/\/narteks.net\/wp-content\/uploads\/narteks.png\",\"width\":300,\"height\":90,\"caption\":\"narteks.net\"},\"image\":{\"@id\":\"https:\/\/narteks.net\/#\/schema\/logo\/image\/\"},\"sameAs\":[\"https:\/\/x.com\/narteks\",\"https:\/\/instagram.com\/narteksnet\"]},{\"@type\":\"Person\",\"@id\":\"https:\/\/narteks.net\/#\/schema\/person\/61f37d9834294b72d31d274e7ed79bca\",\"name\":\"Tar\u0131k\",\"image\":{\"@type\":\"ImageObject\",\"inLanguage\":\"tr\",\"@id\":\"https:\/\/narteks.net\/#\/schema\/person\/image\/\",\"url\":\"https:\/\/secure.gravatar.com\/avatar\/50865afb55632c4ae467e0af0930f6510aa2297d8014be502a55b14f3b7550cf?s=96&d=mm&r=g\",\"contentUrl\":\"https:\/\/secure.gravatar.com\/avatar\/50865afb55632c4ae467e0af0930f6510aa2297d8014be502a55b14f3b7550cf?s=96&d=mm&r=g\",\"caption\":\"Tar\u0131k\"},\"sameAs\":[\"http:\/\/narteks.net\"],\"url\":\"https:\/\/narteks.net\/index.php\/author\/narbak\/\"}]}<\/script>\n<!-- \/ Yoast SEO Premium plugin. -->","yoast_head_json":{"title":"Ve \u00c7eli\u011fe Su Verildi | Nikolay Alekseyevi\u00e7 Ostrovski - narteks.net","robots":{"index":"index","follow":"follow","max-snippet":"max-snippet:-1","max-image-preview":"max-image-preview:large","max-video-preview":"max-video-preview:-1"},"canonical":"https:\/\/narteks.net\/index.php\/2010\/03\/09\/ve-celige-su-verildi-nikolay-alekseyevic-ostrovski\/","og_locale":"tr_TR","og_type":"article","og_title":"Ve \u00c7eli\u011fe Su Verildi | Nikolay Alekseyevi\u00e7 Ostrovski","og_description":"\u2018\u0130stemiyorsan\u00a0 k\u00f6le\u00a0 olmak\u00a0 k\u0131r\u00a0\u00a0 zincirlerini g\u00fcc\u00fcn\u00fcn\u00a0 bilincine\u00a0 var inan\u00a0 kendine. Biz seninle\u00a0 g\u00fc\u00e7l\u00fcy\u00fcz ! K\u00f6lelik,\u00a0 k\u00f6lelerce\u00a0 y\u0131k\u0131lmad\u0131kca ya\u015fayacakt\u0131r. Senin\u00a0 zincirlerinden\u00a0 ba\u015fka\u00a0 yoktur kaybedece\u011fin\u2026 M\u00fccadelenin bulan\u0131kl\u0131\u011f\u0131 i\u00e7inde yolunu hen\u00fcz tam bulamam\u0131\u015f olan ama s\u0131n\u0131flar\u0131n \u00f6zlemlerini en a\u00e7\u0131k\u00a0 \u015fekilde\u00a0 dile getirebilen i\u015f\u00e7i gen\u00e7li\u011fiydi \u201cVe \u00c7eli\u011fe Su Verildi\u201dde anlat\u0131lan.Bu gen\u00e7lerden biriydi Pavka Kor\u00e7agin&#8230; K\u0131sa\u00a0 s\u00fcren \u00f6\u011frenim hayat\u0131n\u0131 12 [&hellip;]","og_url":"https:\/\/narteks.net\/index.php\/2010\/03\/09\/ve-celige-su-verildi-nikolay-alekseyevic-ostrovski\/","og_site_name":"narteks.net","article_published_time":"2010-03-08T22:00:00+00:00","og_image":[{"url":"http:\/\/upload.wikimedia.org\/wikipedia\/commons\/f\/fb\/N_Ostrovskiy.jpg","type":"","width":"","height":""}],"author":"Tar\u0131k","twitter_card":"summary_large_image","twitter_creator":"@narteks","twitter_site":"@narteks","twitter_misc":{"Yazan:":"Tar\u0131k","Tahmini okuma s\u00fcresi":"4 dakika"},"schema":{"@context":"https:\/\/schema.org","@graph":[{"@type":"Article","@id":"https:\/\/narteks.net\/index.php\/2010\/03\/09\/ve-celige-su-verildi-nikolay-alekseyevic-ostrovski\/#article","isPartOf":{"@id":"https:\/\/narteks.net\/index.php\/2010\/03\/09\/ve-celige-su-verildi-nikolay-alekseyevic-ostrovski\/"},"author":{"name":"Tar\u0131k","@id":"https:\/\/narteks.net\/#\/schema\/person\/61f37d9834294b72d31d274e7ed79bca"},"headline":"Ve \u00c7eli\u011fe Su Verildi | Nikolay Alekseyevi\u00e7 Ostrovski","datePublished":"2010-03-08T22:00:00+00:00","mainEntityOfPage":{"@id":"https:\/\/narteks.net\/index.php\/2010\/03\/09\/ve-celige-su-verildi-nikolay-alekseyevic-ostrovski\/"},"wordCount":871,"commentCount":0,"publisher":{"@id":"https:\/\/narteks.net\/#organization"},"image":{"@id":"https:\/\/narteks.net\/index.php\/2010\/03\/09\/ve-celige-su-verildi-nikolay-alekseyevic-ostrovski\/#primaryimage"},"thumbnailUrl":"http:\/\/upload.wikimedia.org\/wikipedia\/commons\/f\/fb\/N_Ostrovskiy.jpg","articleSection":["Edebiyat ( D\u00fcnya )"],"inLanguage":"tr","potentialAction":[{"@type":"CommentAction","name":"Comment","target":["https:\/\/narteks.net\/index.php\/2010\/03\/09\/ve-celige-su-verildi-nikolay-alekseyevic-ostrovski\/#respond"]}]},{"@type":"WebPage","@id":"https:\/\/narteks.net\/index.php\/2010\/03\/09\/ve-celige-su-verildi-nikolay-alekseyevic-ostrovski\/","url":"https:\/\/narteks.net\/index.php\/2010\/03\/09\/ve-celige-su-verildi-nikolay-alekseyevic-ostrovski\/","name":"Ve \u00c7eli\u011fe Su Verildi | Nikolay Alekseyevi\u00e7 Ostrovski - narteks.net","isPartOf":{"@id":"https:\/\/narteks.net\/#website"},"primaryImageOfPage":{"@id":"https:\/\/narteks.net\/index.php\/2010\/03\/09\/ve-celige-su-verildi-nikolay-alekseyevic-ostrovski\/#primaryimage"},"image":{"@id":"https:\/\/narteks.net\/index.php\/2010\/03\/09\/ve-celige-su-verildi-nikolay-alekseyevic-ostrovski\/#primaryimage"},"thumbnailUrl":"http:\/\/upload.wikimedia.org\/wikipedia\/commons\/f\/fb\/N_Ostrovskiy.jpg","datePublished":"2010-03-08T22:00:00+00:00","breadcrumb":{"@id":"https:\/\/narteks.net\/index.php\/2010\/03\/09\/ve-celige-su-verildi-nikolay-alekseyevic-ostrovski\/#breadcrumb"},"inLanguage":"tr","potentialAction":[{"@type":"ReadAction","target":["https:\/\/narteks.net\/index.php\/2010\/03\/09\/ve-celige-su-verildi-nikolay-alekseyevic-ostrovski\/"]}]},{"@type":"ImageObject","inLanguage":"tr","@id":"https:\/\/narteks.net\/index.php\/2010\/03\/09\/ve-celige-su-verildi-nikolay-alekseyevic-ostrovski\/#primaryimage","url":"http:\/\/upload.wikimedia.org\/wikipedia\/commons\/f\/fb\/N_Ostrovskiy.jpg","contentUrl":"http:\/\/upload.wikimedia.org\/wikipedia\/commons\/f\/fb\/N_Ostrovskiy.jpg"},{"@type":"BreadcrumbList","@id":"https:\/\/narteks.net\/index.php\/2010\/03\/09\/ve-celige-su-verildi-nikolay-alekseyevic-ostrovski\/#breadcrumb","itemListElement":[{"@type":"ListItem","position":1,"name":"Anasayfa","item":"https:\/\/narteks.net\/"},{"@type":"ListItem","position":2,"name":"Ve \u00c7eli\u011fe Su Verildi | Nikolay Alekseyevi\u00e7 Ostrovski"}]},{"@type":"WebSite","@id":"https:\/\/narteks.net\/#website","url":"https:\/\/narteks.net\/","name":"narteks.net","description":"K\u00fclt\u00fcr Sanat Edebiyat Felsefe","publisher":{"@id":"https:\/\/narteks.net\/#organization"},"alternateName":"K\u00fclt\u00fcr Sanat Edebiyat Felsefe","potentialAction":[{"@type":"SearchAction","target":{"@type":"EntryPoint","urlTemplate":"https:\/\/narteks.net\/?s={search_term_string}"},"query-input":{"@type":"PropertyValueSpecification","valueRequired":true,"valueName":"search_term_string"}}],"inLanguage":"tr"},{"@type":"Organization","@id":"https:\/\/narteks.net\/#organization","name":"narteks.net","url":"https:\/\/narteks.net\/","logo":{"@type":"ImageObject","inLanguage":"tr","@id":"https:\/\/narteks.net\/#\/schema\/logo\/image\/","url":"https:\/\/narteks.net\/wp-content\/uploads\/narteks.png","contentUrl":"https:\/\/narteks.net\/wp-content\/uploads\/narteks.png","width":300,"height":90,"caption":"narteks.net"},"image":{"@id":"https:\/\/narteks.net\/#\/schema\/logo\/image\/"},"sameAs":["https:\/\/x.com\/narteks","https:\/\/instagram.com\/narteksnet"]},{"@type":"Person","@id":"https:\/\/narteks.net\/#\/schema\/person\/61f37d9834294b72d31d274e7ed79bca","name":"Tar\u0131k","image":{"@type":"ImageObject","inLanguage":"tr","@id":"https:\/\/narteks.net\/#\/schema\/person\/image\/","url":"https:\/\/secure.gravatar.com\/avatar\/50865afb55632c4ae467e0af0930f6510aa2297d8014be502a55b14f3b7550cf?s=96&d=mm&r=g","contentUrl":"https:\/\/secure.gravatar.com\/avatar\/50865afb55632c4ae467e0af0930f6510aa2297d8014be502a55b14f3b7550cf?s=96&d=mm&r=g","caption":"Tar\u0131k"},"sameAs":["http:\/\/narteks.net"],"url":"https:\/\/narteks.net\/index.php\/author\/narbak\/"}]}},"_links":{"self":[{"href":"https:\/\/narteks.net\/index.php\/wp-json\/wp\/v2\/posts\/3950","targetHints":{"allow":["GET"]}}],"collection":[{"href":"https:\/\/narteks.net\/index.php\/wp-json\/wp\/v2\/posts"}],"about":[{"href":"https:\/\/narteks.net\/index.php\/wp-json\/wp\/v2\/types\/post"}],"author":[{"embeddable":true,"href":"https:\/\/narteks.net\/index.php\/wp-json\/wp\/v2\/users\/1"}],"replies":[{"embeddable":true,"href":"https:\/\/narteks.net\/index.php\/wp-json\/wp\/v2\/comments?post=3950"}],"version-history":[{"count":0,"href":"https:\/\/narteks.net\/index.php\/wp-json\/wp\/v2\/posts\/3950\/revisions"}],"wp:attachment":[{"href":"https:\/\/narteks.net\/index.php\/wp-json\/wp\/v2\/media?parent=3950"}],"wp:term":[{"taxonomy":"category","embeddable":true,"href":"https:\/\/narteks.net\/index.php\/wp-json\/wp\/v2\/categories?post=3950"},{"taxonomy":"post_tag","embeddable":true,"href":"https:\/\/narteks.net\/index.php\/wp-json\/wp\/v2\/tags?post=3950"}],"curies":[{"name":"wp","href":"https:\/\/api.w.org\/{rel}","templated":true}]}}