{"id":3951,"date":"2010-01-11T10:02:05","date_gmt":"2010-01-11T07:02:05","guid":{"rendered":"http:\/\/localhost\/wordpress\/2010\/01\/11\/bu-kalp-seni-unutur-mu-fikret-kizilok-ve-sarkilari\/"},"modified":"2010-01-11T10:02:05","modified_gmt":"2010-01-11T07:02:05","slug":"bu-kalp-seni-unutur-mu-fikret-kizilok-ve-sarkilari","status":"publish","type":"post","link":"https:\/\/narteks.net\/index.php\/2010\/01\/11\/bu-kalp-seni-unutur-mu-fikret-kizilok-ve-sarkilari\/","title":{"rendered":"Bu Kalp Seni Unutur mu ? | Fikret KIZILOK ve \u015fark\u0131lar\u0131"},"content":{"rendered":"<p style=\"text-align: justify;\"><strong><img loading=\"lazy\" decoding=\"async\" src=\"images\/stories\/fikret-kizilok.jpg\" border=\"0\" width=\"155\" height=\"205\" style=\"float: left;\" \/>M\u00fcnir Fikret K\u0131z\u0131lok<\/strong> (10 Kas\u0131m 1946, \u0130stanbul &#8211; 22 Eyl\u00fcl 2001, <span class=\"mw-redirect\">Istanbul<\/span>) 1946 y\u0131l\u0131nda \u0130stanbul&#8217;da do\u011fdu. 22 Eyl\u00fcl 2001&#8217;de bir hastanede uzun s\u00fcredir \u00e7ekti\u011fi kalp hastal\u0131\u011f\u0131 y\u00fcz\u00fcnden hayat\u0131n\u0131 kaybetti. Hafif T\u00fcrk m\u00fczi\u011fi i\u00e7in rock t\u0131n\u0131lar\u0131 ve deneysel \u00e7al\u0131\u015fmalar\u0131yla \u00e7ok \u00f6nemli bir sanat\u00e7\u0131yd\u0131.<\/p>\n<p style=\"text-align: justify;\">\u00d6\u011frenim hayat\u0131na Galatasaray Lisesi&#8217;nin ilkokul k\u0131sm\u0131nda ba\u015flad\u0131. M\u00fczikle de ilk tan\u0131\u015fmas\u0131 burada ger\u00e7ekle\u015fti. \u0130lk enstr\u00fcman\u0131 kendisine ya\u015f g\u00fcn\u00fcnde arma\u011fan edilen k\u0131rm\u0131z\u0131 bir akordeondu.<\/p>\n<p style=\"text-align: justify;\">\u0130lk m\u00fczik derslerini s\u0131n\u0131f arkada\u015flar\u0131ndan birinin klarnet\u00e7i olan babas\u0131ndan ald\u0131; ilk konserini de bir 23 Nisan\u2019da Taksim Belediye Gazinosu\u2019nda d\u00fczenlenen okul m\u00fcsameresinde verdi. <em>Fikret K\u0131z\u0131lok ve Orkestras\u0131<\/em> adl\u0131 k\u00fc\u00e7\u00fck grubun elemanlar\u0131 K\u0131z\u0131lok\u2019un s\u0131n\u0131f arkada\u015flar\u0131d\u0131r ve \u00e7ald\u0131klar\u0131 halk t\u00fcrk\u00fcleri ile alk\u0131\u015f al\u0131yorlard\u0131. Bu d\u00f6nemdeki en b\u00fcy\u00fck hitleri &#8220;Tamzara&#8221; t\u00fcrk\u00fcs\u00fcn\u00fcn yorumuydu.<\/p>\n<p style=\"text-align: justify;\">Ortaokul ve lise y\u0131llar\u0131nda bu konserler s\u00fcrd\u00fc. Lise y\u0131llar\u0131nda akordiyonu b\u0131rakan K\u0131z\u0131lok, Elvis Presley&#8217;den etkilenerek eline gitar\u0131 ald\u0131. Fikret\u2019in o d\u00f6nemdeki en b\u00fcy\u00fck destek\u00e7ileri ise \u00fcst s\u0131n\u0131flarda okuyan Bar\u0131\u015f Man\u00e7o ile Timur Sel\u00e7uk&#8217;tu.<\/p>\n<p style=\"text-align: justify;\">Kad\u0131k\u00f6y&#8217;de oturan Fikret K\u0131z\u0131lok, 1964&#8217;te arkada\u015f\u0131 olan <span class=\"new\">Cahit Oben<\/span> ile birlikte yeni bir at\u0131l\u0131m i\u00e7ine girdiler . Yeni bir grup kurarak profesyonel hayata ge\u00e7meye karar verdiler. Yanlar\u0131na bas gitarist <span class=\"new\">Koray Oktay<\/span> ve davulcu <span class=\"new\">Erol Ula\u015ft\u0131r<\/span>&#8216;\u0131 ald\u0131lar; b\u00f6ylece <span class=\"new\">Cahit Oben 4<\/span> do\u011fdu. Kendilerini &#8220;daha ziyade Beatles tipi m\u00fczik yapan bir grup&#8221; olarak tan\u0131mlayan Cahit Oben 4, <span class=\"new\">\u0130lham Gencer<\/span>&#8216;in i\u015fletti\u011fi <span class=\"new\">\u00c7at\u0131 Gece Kul\u00fcb\u00fcnde<\/span> programlar yapmaya ba\u015flad\u0131, bir yandan da mahalle konserlerini s\u00fcrd\u00fcrd\u00fc. Bu arada kendi paralar\u0131yla iki 45&#8217;lik plak doldurdular. Bunlardan ilkinde iki yabanc\u0131 \u015fark\u0131y\u0131 yorumlad\u0131lar: The Rolling Stones&#8217;\u0131n s\u00f6yledi\u011fi bir The Beatles \u015fark\u0131s\u0131 &#8220;I Wanna Be Your Man&#8221; ve &#8220;36 24 36&#8221;. \u0130kinci plaklar\u0131nda daha &#8220;kendilerine&#8221; d\u00f6nd\u00fcler. Pla\u011f\u0131n ilk y\u00fcz\u00fcnde <span class=\"new\">Silifke\u2019nin Yo\u011furdu<\/span> vard\u0131; di\u011fer y\u00fcz\u00fc ise bir besteydi: <span class=\"new\">Hereke<\/span>, ayn\u0131 zamanda K\u0131z\u0131lok&#8217;un plak olarak yay\u0131nlanan ilk bestesiydi. Cahit Oben 4, <span class=\"mw-redirect\">H\u00fcrriyet Gazetesi<\/span>&#8216;nin d\u00fczenledi\u011fi <span class=\"mw-redirect\">Alt\u0131n Mikrofon<\/span> yar\u0131\u015fmas\u0131n\u0131n 1965 aya\u011f\u0131na da &#8220;Makaram Sar\u0131 Ba\u011flar \/ Halime&#8221; pla\u011f\u0131yla kat\u0131ld\u0131lar. Grup bu plaklardan sonra Oben, m\u00fczik hayat\u0131na ni\u015fanl\u0131s\u0131 F\u00fcsun \u00d6nal ile devam etmek istedi\u011fi i\u00e7in ayr\u0131ld\u0131.<\/p>\n<p style=\"text-align: justify;\">1965&#8217;te K\u0131z\u0131lok, &#8220;Fikret K\u0131z\u0131lok ve \u00dc\u00e7 Veliaht&#8221; ad\u0131 alt\u0131nda ilk pla\u011f\u0131n\u0131 yay\u0131nlad\u0131. Grup gitarda Harun Bat\u0131baygil, basta G\u00f6khan Torgay, davulda Koral T\u00fcmay&#8217;dan olu\u015fuyordu. &#8220;Belle Marie \/ K\u0131z Ay\u015fe&#8221; \u015fark\u0131lar\u0131ndan olu\u015fan pla\u011f\u0131n iki \u015fark\u0131s\u0131 da Fikret K\u0131z\u0131lok&#8217;a aitti. Fikret K\u0131z\u0131lok, bu iki grupla \u00e7\u0131kard\u0131\u011f\u0131 plaklardan sonra Cahit Oben 4 ile \u00e7al\u0131\u015fmalar\u0131n\u0131 s\u00fcrd\u00fcr\u00fcrken girdi\u011fi di\u015f\u00e7ilik y\u00fcksekokulundaki e\u011fitimini s\u00fcrd\u00fcrd\u00fc. Bir s\u00fcre sadece okuluyla ilgilendi.<\/p>\n<p style=\"text-align: justify;\">M\u00fczikten kopamayaca\u011f\u0131n\u0131 anlad\u0131\u011f\u0131nda ilk solo pla\u011f\u0131n\u0131 doldurdu. Bu d\u00f6rt \u015fark\u0131dan olu\u015fan bir EP&#8217;ydi. Folk ad\u0131n\u0131 verdi\u011fi b\u00f6l\u00fcmde &#8220;Ay Osman&#8221; ve &#8220;Colours&#8221; \u015fark\u0131lar\u0131 yer almaktayd\u0131. Beat ad\u0131n\u0131 verdi\u011fi ikinci plakta ise The Beatles&#8217;\u0131n <span class=\"new\">All My Loving<\/span> \u015fark\u0131s\u0131n\u0131n T\u00fcrk\u00e7e aranjman\u0131 olan &#8220;Sevgilim&#8221; ve &#8220;Baby&#8221; \u015fark\u0131lar\u0131 yer ald\u0131. Bu plak o y\u0131llarda fazla ses getirmedi. Bunun \u00fczerine K\u0131z\u0131lok okulunu bitirmeye karar verdi. Yine de zaman zaman arkada\u015flar\u0131n\u0131n kurdu\u011fu Kayg\u0131s\u0131zlar&#8217;la birlikte \u00e7al\u0131\u015ft\u0131, Bar\u0131\u015f Man\u00e7o&#8217;ya e\u015flik etti. &#8220;Ay Osman&#8221; \u015fark\u0131s\u0131n\u0131n Bar\u0131\u015f Man\u00e7o ve Kayg\u0131s\u0131zlar olarak yeni bir yorumunda kaydetti. Ancak Bar\u0131\u015f Man\u00e7o&#8217;nun ilk e\u015fi <span class=\"new\">Marie Claude<\/span> ile a\u015fk ya\u015famaya ba\u015flad\u0131\u011f\u0131 i\u00e7in ikilinin yollar\u0131 ayr\u0131ld\u0131.<\/p>\n<p style=\"text-align: justify;\"><span class=\"new\">Di\u015f\u00e7ilik Y\u00fcksekokulu<\/span>&#8216;nun son s\u0131n\u0131f\u0131nda okurken mahalleden arkada\u015f\u0131 <span class=\"new\">Arda Uskan<\/span> ile bir yolculu\u011fa \u00e7\u0131kt\u0131; bu m\u00fczik hayat\u0131n\u0131 t\u00fcm\u00fcyle etkileyecek bir yolculuktu. Bu yolculukta <span class=\"mw-redirect\">A\u015f\u0131k Veysel<\/span> ile tan\u0131\u015ft\u0131. D\u00f6n\u00fc\u015fte gitar\u0131n\u0131 eline alan K\u0131z\u0131lok st\u00fcdyoya girdi ve 1969&#8217;da <span class=\"mw-redirect\">A\u015f\u0131k Veysel<\/span>&#8216;in <span class=\"new\">Uzun \u0130nce Bir Yolday\u0131m<\/span> t\u00fcrk\u00fcs\u00fcn\u00fc yeni bir d\u00fczenlemeyle kayda ald\u0131. Bunu bir 45&#8217;lik olarak yay\u0131nlad\u0131. \u0130kinci solo 45\u2019li\u011fi Fikret K\u0131z\u0131lok&#8217;un hayat\u0131nda da \u00f6nemli bir d\u00f6n\u00fcm noktas\u0131 oldu. Arka y\u00fcz\u00fcnde s\u00f6zlerini kendi yazd\u0131\u011f\u0131 bir halk \u015fark\u0131s\u0131, &#8220;P\u0131nar Ba\u015f\u0131ndan Bulan\u0131r&#8221; t\u00fcrk\u00fcs\u00fcn\u00fcn bir b\u00f6l\u00fcm\u00fcn\u00fc kullanan <span class=\"new\">Benim A\u015fk\u0131m Beni Ge\u00e7ti<\/span> yer ald\u0131. O g\u00fcne dek s\u00fcrd\u00fcrd\u00fc\u011f\u00fc suskunlu\u011fu ve bunu bozmas\u0131n\u0131n nedenini de plak kapa\u011f\u0131nda \u015f\u00f6yle a\u00e7\u0131klad\u0131: <em>Piyasa, \u00f6ylesine T\u00fcrk benli\u011finden uzak melodilere kucak a\u00e7m\u0131\u015ft\u0131 ki, beni dinlemeyeceklerdi bile. Bug\u00fcn ise durum b\u00fcy\u00fck bir h\u0131zla de\u011fi\u015fiyor. Bu \u00f6z benli\u011fimize d\u00f6n\u00fc\u015fte ben de \u00fczerime d\u00fc\u015fen g\u00f6revi yapmaya karar verdim&#8230;<\/em><\/p>\n<p style=\"text-align: justify;\">Kas\u0131m 1969&#8217;da yine A\u015f\u0131k Veysel&#8217;in yan\u0131na <span class=\"new\">Sivrialan<\/span>&#8216;a gitti. Kar yollar\u0131 kapay\u0131nca \u00fc\u00e7 ay ustas\u0131n\u0131n yan\u0131nda kald\u0131. <sup id=\"cite_ref-fac_1-2\" class=\"reference\">[2]<\/sup> D\u00f6n\u00fc\u015fte &#8220;Yumma G\u00f6z\u00fcn K\u00f6r Gibi \/ Ya\u011fmur Olsam&#8221;, K\u0131z\u0131lok\u2019un as\u0131l \u00e7\u0131k\u0131\u015f\u0131n\u0131 yapt\u0131\u011f\u0131 plak oldu. 1970 tarihli plaktaki iki \u015fark\u0131n\u0131n da s\u00f6zleri A\u015f\u0131k Veysel&#8217;e, besteleri Fikret K\u0131z\u0131lok&#8217;undu. Plakta, gitar, tumba ve saz\u0131n yan\u0131nda de\u011fi\u015fiklik olsun diye enstr\u00fcman olarak tahta ve ta\u015f kulland\u0131. \u015eark\u0131lar \u00e7ok be\u011fenildi, plak \u00e7ok satt\u0131 ve sanat\u00e7\u0131 ilk alt\u0131n pla\u011f\u0131n\u0131 ald\u0131.<\/p>\n<p style=\"text-align: justify;\">Bu ba\u015far\u0131n\u0131n ard\u0131ndan fazla ara vermeden bir 45\u2019lik daha yapt\u0131. Ancak bu kez kendisine ait bir \u015fark\u0131yla ortaya \u00e7\u0131kt\u0131: &#8220;S\u00f6yle Saz\u0131m&#8221;. Plak kapa\u011f\u0131nda, &#8220;T\u00fcrk geleneklerine uygun 17 perdeli H\u00fcseyni d\u00fczende \u00fc\u00e7 de\u011fi\u015fik saz\u0131n bat\u0131 anlay\u0131\u015f\u0131nda ve \u00e7oksesli olarak kullan\u0131ld\u0131\u011f\u0131&#8221; bir \u015fark\u0131 olarak tan\u0131mlan\u0131yordu. Pla\u011f\u0131n arka y\u00fcz\u00fcnde K\u0131z\u0131lok\u2019un Karacao\u011flan&#8217;dan besteledi\u011fi <span class=\"new\">G\u00fczel Ne G\u00fczel Olmu\u015fsun<\/span> vard\u0131. Her iki \u015fark\u0131da da kendisine <span class=\"new\">Nedim Demirelli<\/span> e\u015flik etti. Plak, listelerde de kendisini g\u00f6sterdi ve haftalarca 1 numarada kalm\u0131\u015f olan Bar\u0131\u015f Man\u00e7o\u2019nun <span class=\"new\">Da\u011flar Da\u011flar<\/span>&#8216;\u0131n\u0131 devirerek liste ba\u015f\u0131 oldu.<\/p>\n<p style=\"text-align: justify;\">1970 y\u0131l\u0131n\u0131 bu iki plakla kapatt\u0131. Bu plaklar y\u0131l sonunda Hey dergisi taraf\u0131ndan d\u00fczenlenen &#8220;Y\u0131l\u0131n M\u00fczik Oskarlar\u0131&#8221; anketinde g\u00f6r\u00fclmemi\u015f bir ba\u015far\u0131ya imza att\u0131: &#8220;S\u00f6yle Saz\u0131m&#8221;, &#8220;Yumma G\u00f6z\u00fcn K\u00f6r Gibi&#8221; ve &#8220;G\u00fczel Ne G\u00fczel Olmu\u015fsun&#8221;, Bar\u0131\u015f Man\u00e7o&#8217;nun &#8220;Da\u011flar Da\u011flar&#8221;\u0131n\u0131n ard\u0131ndan s\u0131ras\u0131yla ikinci, \u00fc\u00e7\u00fcnc\u00fc ve d\u00f6rd\u00fcnc\u00fc oldu. Fikret K\u0131z\u0131lok da ayn\u0131 ankette &#8220;Y\u0131l\u0131n Erkek \u015eark\u0131c\u0131s\u0131&#8221; se\u00e7ildi.<\/p>\n<p style=\"text-align: justify;\">1970 y\u0131l\u0131n\u0131n getirdi\u011fi ba\u015far\u0131lar\u0131n ard\u0131ndan bir s\u00fcre plak yapmayan sanat\u00e7\u0131 bu d\u00f6nemde bir Anadolu turnesine \u00e7\u0131kt\u0131. Turne s\u0131ras\u0131nda <span class=\"mw-redirect\">Siverek<\/span> yolunda donma tehlikesi ge\u00e7irdi; bir kamyon \u015fof\u00f6r\u00fc taraf\u0131ndan kurtar\u0131ld\u0131. Bu olay\u0131n ard\u0131ndan bir plak yapt\u0131 ve &#8220;Emmo&#8221; adl\u0131 bestesini bu kamyon \u015fof\u00f6r\u00fcne ithaf etti. <span class=\"new\">Grafson<\/span> \u015firketi ile anla\u015fan K\u0131z\u0131lok&#8217;un 1971 tarihli firmadan \u00e7\u0131kard\u0131\u011f\u0131 ilk pla\u011f\u0131n arka y\u00fcz\u00fcnde Ahmed Arif&#8217;in \u015fiiri \u00fczerine besteledi\u011fi &#8220;Vurulmu\u015fum&#8221; adl\u0131 \u015fark\u0131 vard\u0131. K\u0131z\u0131lok, 1972&#8217;de bu \u015fark\u0131yla Bulgaristan&#8217;da yap\u0131lan <span class=\"new\">Alt\u0131n Orfe Festivali<\/span>&#8216;ne kat\u0131ld\u0131.<\/p>\n<p style=\"text-align: justify;\">Bu d\u00f6nemde K\u0131z\u0131lok <span class=\"new\">Bir Ali Var<\/span> adl\u0131 bir oyun yazd\u0131 ancak bu oyun hi\u00e7 sahnelenmedi. Bu oyunun \u015fark\u0131lar\u0131 bu d\u00f6nemde plak olarak yay\u0131nland\u0131. 1971&#8217;de &#8220;G\u00fcn Ola Devran D\u00f6ne \/ Anadolu&#8217;yum&#8221; (Anadolu&#8217;yum \u015fark\u0131s\u0131n\u0131n ilk k\u0131tas\u0131 Ahmed Arif&#8217;e aittir), 1972&#8217;de &#8220;Leylim Leylim (Kara Tren) \/ G\u00f6zlerinden Bellidir&#8221;, 1973&#8217;te &#8220;K\u00f6ro\u011flu Da\u011flar\u0131 \/ Tutamad\u0131m Ellerini&#8221; hep Bir Ali Var oyununun \u015fark\u0131lar\u0131yd\u0131. K\u00f6ro\u011flu Da\u011flar\u0131 \u015fark\u0131s\u0131 T\u00fcrk m\u00fczi\u011finde \u00e7ok ender yer alan sitar ile ba\u015flamaktayd\u0131. Bu oyunun di\u011fer \u015fark\u0131lar\u0131ndan &#8220;Kime Sormal\u0131&#8221;y\u0131 <span class=\"new\">D\u00f6n\u00fc\u015f\u00fcm<\/span> e\u015fli\u011finde <span class=\"new\">Tansu<\/span>, &#8220;Duyar M\u0131s\u0131n&#8221;\u0131 ise o d\u00f6nemde \u00fcn\u00fcn\u00fcn doru\u011funda olan Timur Sel\u00e7uk yorumlad\u0131. Ayn\u0131 y\u0131l &#8220;Bac\u0131n \u00d6nde Ben Arkada \/ Koyverdin Gittin Beni&#8221; pla\u011f\u0131n\u0131 \u00e7\u0131kard\u0131.<\/p>\n<p style=\"text-align: justify;\">1973&#8217;te A\u015f\u0131k Veysel\u2019in hayat\u0131n\u0131 kaybetti. K\u0131z\u0131lok cenaze t\u00f6renine de kat\u0131ld\u0131. Bu \u00f6l\u00fcm \u00fczerine daha sonra K\u0131z\u0131lok saz\u0131n\u0131 k\u0131rd\u0131, bir s\u00fcreli\u011fine m\u00fczi\u011fi b\u0131rakt\u0131 ve kendini t\u00fcm\u00fcyle di\u015f hekimli\u011fine verdi. Bu d\u00f6nemde e\u015fi \u015eeyda K\u0131z\u0131lok ile evlendi. Fikret K\u0131z\u0131lok 1974&#8217;te <span class=\"new\">Tehlikeli Madde<\/span> ad\u0131n\u0131 ta\u015f\u0131yan yeni grubuyla uzunca bir Anadolu turnesine \u00e7\u0131kana kadar ortal\u0131kta g\u00f6z\u00fckmedi. Grup klavyede <span class=\"new\">Turhan Y\u00fckseler<\/span>, gitarlarda <span class=\"new\">Ataman Hakman<\/span> ve <span class=\"new\">Siret Yurtsever<\/span>, bas gitarda <span class=\"new\">Sahir Kay\u0131han<\/span>, davulda <span class=\"new\">Eser Say\u0131ner<\/span>&#8216;den olu\u015fuyordu. Turnenin ard\u0131ndan \u0130stanbul\u2019da seri konserler verdi. Tehlikeli Madde ile folk motiflerinin rock ile harmanland\u0131\u011f\u0131 \u015fark\u0131lar yapt\u0131. Giderek folk motiflerinin yerini daha alaturka sesler ald\u0131. Yine Ahmed Arif&#8217;in \u015fiirlerinden yararland\u0131\u011f\u0131 &#8220;Haberin Var m\u0131 \/ K\u00f6r Pencere \/ Ay Batt\u0131&#8221; bu d\u00f6nemin en \u00f6nemli pla\u011f\u0131 olarak dikkat \u00e7ekti. K\u00f6r Pencere&#8217;ye ba\u011fl\u0131 olarak pla\u011fa al\u0131nan &#8220;Ay Batt\u0131&#8221; ise, pop\u00fcler m\u00fczi\u011fimizin enstr\u00fcmantal \u015fark\u0131lar\u0131 aras\u0131nda \u00f6zel bir yere sahipti. Ayn\u0131 y\u0131l grupla ikinci ve son pla\u011f\u0131nda &#8220;A\u015fk\u0131n Olmad\u0131\u011f\u0131 Yerde&#8221; ve yine bir A\u015f\u0131k Veysel t\u00fcrk\u00fcs\u00fc &#8220;\u0130nsan M\u0131y\u0131m Mahluk Muyum Ot Muyum&#8221; \u015fark\u0131lar\u0131 yer ald\u0131.<\/p>\n<p style=\"text-align: justify;\">Bu plaktan sonra yap\u0131lan &#8220;Anadolu\u2019yum 75&#8221;, daha \u00f6nce yay\u0131nlanan ayn\u0131 adl\u0131 \u015fark\u0131ya bir g\u00f6ndermeydi. Bu \u015fark\u0131da Fikret K\u0131z\u0131lok, ilk kez <span class=\"mw-redirect\">Naz\u0131m Hikmet<\/span> \u015fiirinden yararland\u0131. B y\u00fcz\u00fcnde &#8220;Dara\u011fac\u0131&#8221; \u015fark\u0131s\u0131 yer ald\u0131. Son 45&#8217;li\u011fi ise Mart 1976&#8217;da yay\u0131nland\u0131. Mahzuni \u015eerif&#8217;ten &#8220;Biz Yanar\u0131z&#8221; ve vazge\u00e7emedi\u011fi Veysel&#8217;den &#8220;Sen Bir Ceylan Olsan&#8221; adl\u0131 t\u00fcrk\u00fcleri yorumlad\u0131 sanat\u00e7\u0131 bu pla\u011f\u0131nda. Plak ele\u015ftirildi. <em>Fikret K\u0131z\u0131lok\u2019un kendini yenileyece\u011fi g\u00fcnleri bekliyoruz<\/em> gibi ifadeler kullan\u0131lm\u0131\u015ft\u0131 bu ele\u015ftirilerde. K\u0131z\u0131lok, b\u00fct\u00fcn bunlar \u00fczerine ortadan kayboldu.<\/p>\n<p style=\"text-align: justify;\">1977 ortalar\u0131nda, 1971 &#8211; 1972 y\u0131llar\u0131nda yapt\u0131\u011f\u0131 ancak o g\u00fcne dek yay\u0131nlamad\u0131\u011f\u0131 kimi kay\u0131tlar\u0131 bir alb\u00fcm olarak piyasaya s\u00fcrd\u00fc. <span class=\"new\">Not Defterimden<\/span> ad\u0131n\u0131 ta\u015f\u0131yan bu alb\u00fcmde K\u0131z\u0131lok\u2019un deneysel \u00e7al\u0131\u015fmalar\u0131 vard\u0131: <span class=\"new\">Atonal<\/span> bir altyap\u0131 \u00fczerine <span class=\"mw-redirect\">Naz\u0131m Hikmet<\/span> \u015fiirini koydu ve kendi deyimiyle &#8220;\u015fark\u0131c\u0131l\u0131\u011f\u0131 de\u011fil, m\u00fczisyenli\u011fi&#8221; dener. Ancak d\u00f6nemin &#8220;nazik&#8221; siyasi ortam\u0131nda bu \u00e7al\u0131\u015fma fazla ortalarda g\u00f6z\u00fckmedi. Plak \u00e7\u0131kt\u0131ktan k\u0131sa bir s\u00fcre sonra toplat\u0131ld\u0131. (Yeniden yay\u0131nlanmas\u0131 ise 1993&#8217;\u00fc buldu.) Bu arada Var\u015fova&#8217;da bu alb\u00fcm\u00fcyle iki \u00f6d\u00fcl ald\u0131. Ancak, pla\u011f\u0131n toplat\u0131lmas\u0131 onu etkiledi ve Fikret K\u0131z\u0131lok, m\u00fczi\u011fi b\u0131rakt\u0131\u011f\u0131n\u0131 a\u00e7\u0131klad\u0131. O g\u00fcne dek 13 alt\u0131n plak ve \u00e7e\u015fitli \u00f6d\u00fcller alan sanat\u00e7\u0131, bundan sonra derin bir sessizli\u011fe g\u00f6m\u00fcld\u00fc. Buna gerek\u00e7e olarak da &#8220;haz\u0131rlad\u0131\u011f\u0131 yap\u0131tlar\u0131n ticari olmad\u0131\u011f\u0131 gerek\u00e7esiyle plakevleri taraf\u0131ndan geri \u00e7evrilmesini&#8221; g\u00f6sterdi ve bir daha profesyonel olarak m\u00fczik hayat\u0131na d\u00f6nmeyece\u011fini bildirdi. 1978&#8217;te o\u011flu <span class=\"new\">Ya\u011fmur K\u0131z\u0131lok<\/span> do\u011fdu.<\/p>\n<p style=\"text-align: justify;\">1983&#8217;te 5 senelik bir aradan sonra tabla, bas gitar, ney ve bendir e\u015fli\u011finde kaydetti\u011fi <span class=\"new\">Zaman Zaman<\/span> alb\u00fcm\u00fcn\u00fc yay\u0131nlad\u0131. En iyi alb\u00fcmlerinden biri olarak Zaman Zaman&#8217;da, klibinde ud \u00e7ald\u0131\u011f\u0131 alb\u00fcme ad\u0131n\u0131 veren \u015fark\u0131 Zaman Zaman, daha sonra yeniden yorumlanacak Yeter Ki, Sevda \u00c7i\u00e7e\u011fi, daha \u00f6nce 45&#8217;lik olarak okudu\u011fu G\u00fczel Ne G\u00fczel Olmu\u015fsun \u015fark\u0131s\u0131n\u0131n yeni yorumu ve daha bir \u00e7ok ba\u015far\u0131l\u0131 \u015fark\u0131 vard\u0131. Alb\u00fcm\u00fcn pla\u011f\u0131nda K\u0131z\u0131lok&#8217;un &#8220;Ege \u015eark\u0131lar\u0131&#8221;, &#8220;Veyselname&#8221; ve &#8220;\u0130nsanc\u0131klar&#8221; adl\u0131 alb\u00fcmlerinin yay\u0131nlanaca\u011f\u0131 s\u00f6ylense de bu ger\u00e7ekle\u015fmedi. Bu alb\u00fcmdeki &#8220;Sevda \u00c7i\u00e7e\u011fi&#8221;nin, Orhan Gencebay&#8217;\u0131n &#8220;Tanr\u0131ya Feryat&#8221; \u015fark\u0131s\u0131ndan esinlendi\u011fi iddia edilmi\u015ftir. Ancak K\u0131z\u0131lok \u015fark\u0131n\u0131n bir Bekta\u015fi nefesi tarz\u0131nda oldu\u011funu s\u00f6ylemi\u015ftir.<\/p>\n<p style=\"text-align: justify;\">Fikret K\u0131z\u0131lok 1980&#8217;lerin ba\u015f\u0131nda B\u00fclent Orta\u00e7gil ile tan\u0131\u015ft\u0131. \u0130kili \u00c7ekirdek Sanatevi projesine ba\u015flad\u0131lar. Bu projede T\u00fcrkiye&#8217;de pop\u00fcler m\u00fczi\u011fin d\u0131\u015f\u0131nda kalan gruplar, burada dinletiler yap\u0131p, bunlar kaydedilip s\u0131n\u0131rl\u0131 bi\u00e7imde bas\u0131l\u0131p da\u011f\u0131t\u0131l\u0131yordu. Para amac\u0131 g\u00fctmeyen bu projede, bir\u00e7ok sanat\u00e7\u0131 ilk sahne deneyimlerini ya\u015fad\u0131. Bu sanat\u00e7\u0131lar i\u00e7inde Erkan O\u011fur, Yeni T\u00fcrk\u00fc, Ezginin G\u00fcnl\u00fc\u011f\u00fc gibi bir \u00e7ok ki\u015fi vard\u0131. Bu d\u00f6nemde Fikret K\u0131z\u0131lok di\u015f hekimili\u011fini de b\u0131rakt\u0131 ve kendini sadece m\u00fczi\u011fe verdi. Fikret K\u0131z\u0131lok, burada da\u011f\u0131t\u0131lan \u00fcr\u00fcnlerde kay\u0131tlar\u0131 yapt\u0131. 1985&#8217;te B\u00fclent Orta\u00e7gil ile &#8220;Biz \u015eark\u0131lar\u0131m\u0131z\u0131&#8230;&#8221; alb\u00fcm\u00fc kaydetti. 1986&#8217;da ise bandroll\u00fc alb\u00fcm olan &#8220;Pencere \u00d6n\u00fc \u00c7i\u00e7e\u011fi&#8221; alb\u00fcm\u00fc \u00e7\u0131kartt\u0131. TRT&#8217;nin &#8220;Cumartesiden Cumartesiye&#8221; program\u0131 i\u00e7in \u00e7ocuk \u015fark\u0131lar\u0131 kaydettiler. Daha sonra yasalar nedeniyle alb\u00fcm yay\u0131nlamak zorla\u015f\u0131nca, evin \u00fcretkenli\u011fi azald\u0131, daha sonra da K\u0131z\u0131lok ve Orta\u00e7gil&#8217;in uyu\u015fmazl\u0131klar\u0131 ba\u015f g\u00f6sterince ikili yollar\u0131n\u0131 ay\u0131rd\u0131.<\/p>\n<p style=\"text-align: justify;\">K\u0131z\u0131lok, Orta\u00e7gil ile birlikte <span class=\"new\">Sonay Tanr\u0131sever<\/span>&#8216;in alb\u00fcm\u00fc &#8220;Gecenin \u00dc\u00e7\u00fcnde&#8221; alb\u00fcm\u00fcn\u00fc prod\u00fckt\u00f6rl\u00fc\u011f\u00fcn\u00fc yapt\u0131 ve Orta\u00e7gil&#8217;in &#8220;Mum&#8221; \u015fark\u0131s\u0131 d\u0131\u015f\u0131nda b\u00fct\u00fcn \u015fark\u0131lar\u0131 yazd\u0131. Ayn\u0131 y\u0131l <span class=\"new\">Sibel Sezal<\/span>&#8216;in &#8220;Bu Kalp Seni Unutur Mu?&#8221; alb\u00fcm\u00fcn\u00fc yine Orta\u00e7gil ile yap\u0131m\u0131n\u0131 \u00fcstlendi. \u015eark\u0131lar\u0131n \u00e7o\u011funu da <span class=\"new\">\u00d6zkan Samio\u011flu<\/span> ile yazd\u0131. Ayn\u0131 y\u0131l <span class=\"new\">Yana Yana<\/span> alb\u00fcm\u00fcn\u00fc \u00e7\u0131kard\u0131. Bu alb\u00fcmde Erkan O\u011fur, Fuat G\u00fcner, Fahir Atako\u011flu gibi sanat\u00e7\u0131lar, K\u0131z\u0131lok&#8217;a e\u015flik etti. Bu alb\u00fcmde prod\u00fckt\u00f6rl\u00fc\u011f\u00fcn\u00fc yapt\u0131\u011f\u0131 Sonay ve Sibel Sezal alb\u00fcmlerinden iki \u015fark\u0131y\u0131 do\u011frudan alb\u00fcmden al\u0131p \u00fcst\u00fcne vokallerini kaydetti. (S\u0131ras\u0131yla Gecenin \u00dc\u00e7\u00fcnde ve Bu Kalp Seni Unutur mu? \u015fark\u0131lar\u0131) Ele\u015ftirel &#8220;Why High One Why&#8221; \u015fark\u0131s\u0131n\u0131n geri vokallerinde H\u0131ncal Ulu\u00e7, Ferhan \u015eensoy, Grup G\u00fcndo\u011farken gibi isimler yer ald\u0131.<\/p>\n<p style=\"text-align: justify;\">1990&#8217;da <span class=\"new\">Olmuyo Olmuyo<\/span> alb\u00fcm\u00fc yay\u0131nland\u0131. Bu alb\u00fcm K\u0131z\u0131lok taraf\u0131ndan da ele\u015ftirilen, milletvekili se\u00e7imleri \u00f6ncesine yeti\u015ftirilmek i\u00e7in aceleye gelmi\u015f bir yap\u0131m olarak g\u00f6r\u00fclmektedir. \u00c7ekirdek Evi d\u00f6neminden Ninni, Entelekt\u00fcel, Alaturka Liberal, D\u00fc\u015fler \u015fark\u0131lar\u0131 da alb\u00fcmde yeni d\u00fczenlemeleriyle yer almaktayd\u0131. 1993&#8217;te Ferhan \u015eensoy&#8217;un &#8220;K\u00f6hne Bizans Operas\u0131&#8221;n\u0131n m\u00fcziklerini yapt\u0131. Ayn\u0131 y\u0131l ikinci e\u015fi Dicle K\u0131z\u0131lok ile evlendi.<\/p>\n<p style=\"text-align: justify;\">Bir s\u00fcre yine m\u00fczik \u00e7al\u0131\u015fmalar\u0131na ara veren K\u0131z\u0131lok, 1995&#8217;te Demirba\u015f \u015fark\u0131s\u0131 ile geri d\u00f6nd\u00fc. T\u00fcrkiye&#8217;deki en ba\u015far\u0131l\u0131 siyasal ta\u015flamalardan biri olan &#8220;Demirba\u015f&#8221;, S\u00fcleyman Demirel&#8217;in siyaset sahnesinden uzakla\u015famamas\u0131n\u0131 esprili bir dille anlatan bir \u015fark\u0131yd\u0131. Bu \u015fark\u0131n\u0131n i\u00e7inde bulundu\u011fu alb\u00fcmde &#8220;Ninni&#8221;, &#8220;En Entellekt\u00fcel&#8221;, &#8220;\u015eark\u0131daki Maymun&#8221; gibi eski ta\u015flamalar\u0131n yeni d\u00fczenlemeleri, &#8220;U\u011fur Mumcu&#8221; isimli bir \u015fark\u0131, Z\u00fclf\u00fc Livaneli ve Ahmet Kaya&#8217;ya ta\u015flamalarda bulunan &#8220;P\u015f\u015ft Barmen&#8221; \u015fark\u0131s\u0131 vard\u0131. Alb\u00fcm Deniz Som&#8217;un &#8220;Vaziyetler&#8221; kitab\u0131 ile birlikte sat\u0131l\u0131yordu. Ayn\u0131 y\u0131l &#8220;Demirba\u015f&#8221; ve &#8220;P\u015f\u015ft Barmen&#8221;in de yer ald\u0131\u011f\u0131, yeni \u015fark\u0131lardan olu\u015fan &#8220;Yadigar&#8221; alb\u00fcm\u00fc \u00e7\u0131kt\u0131. Bu alb\u00fcmden \u00e7\u0131kan &#8220;Kalbim&#8221; \u015fark\u0131s\u0131 dikkat \u00e7ekti.<\/p>\n<p style=\"text-align: justify;\">K\u0131z\u0131lok daha \u00f6nce 25 A\u011fustos 1975&#8217;te U\u011fur Mumcu&#8217;nun yazd\u0131\u011f\u0131 &#8220;Sesleni\u015f&#8221; yaz\u0131s\u0131n\u0131, 10 b\u00f6l\u00fcmde inceleyip senfonik \u015fiir olarak bestelemi\u015f, 1993&#8217;te Show TV&#8217;de bu \u00e7al\u0131\u015fman\u0131n bir b\u00f6l\u00fcm\u00fcn\u00fc Derya Baykal okumu\u015ftu. Bu \u00e7al\u0131\u015fma &#8220;Vurulduk Ey Halk\u0131m&#8221; ad\u0131yla alb\u00fcm haline getirildi ve 1996&#8217;da yay\u0131nland\u0131.<\/p>\n<p style=\"text-align: justify;\">1998&#8217;de Mustafa Kemal Atat\u00fcrk&#8217;\u00fcn hayat\u0131n\u0131 Atat\u00fcrk&#8217;\u00fcn a\u011fz\u0131ndan anlatt\u0131\u011f\u0131, ara\u015ft\u0131rmalar\u0131n\u0131, metin yazarl\u0131\u011f\u0131n\u0131, s\u00f6z ve bestelerini tamamen kendisinin yapt\u0131\u011f\u0131 veda alb\u00fcm\u00fc <span class=\"new\">Mustafa Kemal &#8211; Bir Devrimcinin G\u00fcncesi<\/span> ile destans\u0131, lirik bir m\u00fczik yapt\u0131. Alb\u00fcm yan\u0131nda konuyu anlatan bir kitapla piyasaya s\u00fcr\u00fclm\u00fc\u015ft\u00fc. 28 \u015eubat S\u00fcreci&#8217;ni ya\u015fayan T\u00fcrkiye&#8217;de K\u0131z\u0131lok saf\u0131n\u0131 g\u00f6stermi\u015fti. Bu alb\u00fcmden sonra &#8220;Suya Yaz\u0131lan \u015eark\u0131lar&#8221; adl\u0131 bir alb\u00fcm \u00e7\u0131karaca\u011f\u0131n\u0131 s\u00f6ylese de o alb\u00fcm hi\u00e7 yay\u0131nlanmad\u0131<\/p>\n<p style=\"text-align: justify;\">Devrimci&#8217;nin g\u00fcncesi sonras\u0131 Fikret K\u0131z\u0131lok, \u015fark\u0131c\u0131 olarak m\u00fczik d\u00fcnyas\u0131ndan uzakla\u015ft\u0131. 1995&#8217;te Fuat G\u00fcner ile <span class=\"mw-redirect\">MF\u00d6<\/span> hiti &#8220;Sak\u0131n Gelme&#8221; \u015fark\u0131s\u0131n\u0131n s\u00f6zlerini yazd\u0131. 1999&#8217;da Fuat G\u00fcner&#8217;in solo alb\u00fcm\u00fc i\u00e7in 4 \u015fark\u0131n\u0131n s\u00f6z\u00fcn\u00fc yazd\u0131. Ayn\u0131 y\u0131l Ferhan \u015eensoy&#8217;un yazd\u0131\u011f\u0131, Derya Baykal&#8217;\u0131n oynad\u0131\u011f\u0131 &#8220;\u015eu An Mutfaktay\u0131m&#8221; oyununun m\u00fcziklerini yapt\u0131. 60&#8217;l\u0131 y\u0131llardaki 45&#8217;liklerinin bir b\u00f6l\u00fcm\u00fc &#8220;G\u00fcn Ola Devren D\u00f6ne&#8221; ad\u0131yla bir alb\u00fcmde topland\u0131. 2001&#8217;de Sertab Erener&#8217;e &#8220;Oysa&#8221; ve &#8220;Kumsalda&#8221; \u015fark\u0131lar\u0131n\u0131 verdi ve Erener &#8220;Kumsalda&#8221;y\u0131 alb\u00fcm\u00fcn ilk klip par\u00e7as\u0131 yapt\u0131.<\/p>\n<p style=\"text-align: justify;\">Daha \u00f6nce 1998&#8217;de kalp krizi ge\u00e7iren K\u0131z\u0131lok, <span class=\"mw-redirect\">Bodrum<\/span>&#8216;da 2001 Temmuz&#8217;unda kalp krizi ge\u00e7irdi. \u0130stanbul&#8217;a getirilen K\u0131z\u0131lok&#8217;un durumu bir s\u00fcre d\u00fczeldi. Onu \u00f6l\u00fcmden kurtaran hem\u015fire i\u00e7in son bir \u015fiir yazd\u0131\u00a0 Kalp pili tak\u0131lsa da 22 Eyl\u00fcl 2001&#8217;de hayat\u0131n\u0131 kaybetti. \u00d6l\u00fcm\u00fcnden sonra daha \u00f6nce \u015fiirini besteledi\u011fi d\u00f6nemin ba\u015fbakan\u0131 B\u00fclent Ecevit: &#8220;<em>De\u011ferli besteci ve yorumcu Fikret K\u0131z\u0131lok&#8217;un zamans\u0131z aram\u0131zdan ayr\u0131l\u0131\u015f\u0131ndan \u00fcz\u00fcnt\u00fc duydum. Fikret K\u0131z\u0131lok, birbirinden g\u00fczel besteleri ve e\u015fsiz yorumculu\u011fu ile her d\u00f6nem b\u00fcy\u00fck be\u011feni toplam\u0131\u015f ve m\u00fczik tarihimizin \u00f6nc\u00fc sanat\u00e7\u0131lar\u0131ndan olmu\u015ftur. Merhuma Allah&#8217;tan rahmet, ailesi ve sanat\u00e7\u0131 dostlar\u0131na ba\u015fsa\u011fl\u0131\u011f\u0131 dilerim.<\/em>&#8221; a\u00e7\u0131klamas\u0131n\u0131 yapt\u0131. Orta\u00e7gil ise &#8220;<em>\u00d6l\u00fcm kar\u015f\u0131s\u0131nda ne s\u00f6ylenir bilemiyorum. \u00c7ok \u00fczg\u00fcn\u00fcm. Bir zamanlar birlikte \u00e7al\u0131\u015ft\u0131\u011f\u0131m\u0131z iyi bir dostumdu. Hem i\u015f orta\u011f\u0131m, hem iyi arkada\u015f\u0131md\u0131. Son y\u0131llarda kendisiyle fazla g\u00f6r\u00fc\u015fme imkan\u0131m\u0131z olmad\u0131 ama onu her zaman, \u00e7ok zeki ve iyi bir s\u00f6z yazar\u0131 olarak herkes gibi ben de hat\u0131rlayaca\u011f\u0131m.<\/em>&#8221; dedi. Sanat\u00e7\u0131, hayat\u0131n\u0131n son y\u0131llar\u0131n\u0131 ge\u00e7irdi\u011fi Bodrum&#8217;da defnedildi.<\/p>\n<p style=\"text-align: justify;\">Sanat\u00e7\u0131n\u0131n \u00f6l\u00fcm\u00fcnden sonra ad\u0131 Ankara&#8217;da bir parka verildi. Nisan 2002&#8217;de Sezen Aksu, MF\u00d6, B\u00fclent Orta\u00e7gil, Sertab Erener, G\u00fcndo\u011farken, Cahit Berkay gibi sanat\u00e7\u0131lar\u0131n kat\u0131ld\u0131\u011f\u0131 bir sayg\u0131 konseri verildi. Denizi \u00e7ok seven K\u0131z\u0131lok 2004&#8217;te ad\u0131na d\u00fczenlenen bir yelken yar\u0131\u015f\u0131yla da an\u0131ld\u0131.<\/p>\n<p style=\"text-align: justify;\">Son \u015fark\u0131s\u0131 &#8220;A\u015fk Var Ya&#8221;, Demir Demirkan ve Fuat G\u00fcner taraf\u0131ndan okundu. 2002&#8217;de D\u00fcnden Bug\u00fcne adl\u0131 Fikret K\u0131z\u0131lok toplamas\u0131 yay\u0131nland\u0131. Bu alb\u00fcmde daha \u00f6nce yay\u0131nlanmam\u0131\u015f Ama Babac\u0131\u011f\u0131m ve Kumsalda \u015fark\u0131s\u0131n\u0131n Frans\u0131zca orijinal demosu Plage Egoiste bulunmaktayd\u0131. 2007&#8217;de B\u00fclent Orta\u00e7gil ile \u00c7ekirdek y\u0131llar\u0131nda kaydettikleri \u00e7ocuk \u015fark\u0131lar\u0131ndan olu\u015fan &#8220;B\u00fcy\u00fckler \u0130\u00e7in \u00c7ocuk \u015eark\u0131lar\u0131&#8221; alb\u00fcm\u00fc yay\u0131nland\u0131. Dream TV&#8217;de &#8220;Bir Sanat\u00e7\u0131y\u0131 Anlamak&#8221; adl\u0131 bir belgesel ile an\u0131ld\u0131.<\/p>\n<p style=\"text-align: justify;\"><strong><span id=\"Ba.C5.9Fkalar.C4.B1_taraf.C4.B1ndan_yorumlanan_.C5.9Fark.C4.B1lar.C4.B1\" class=\"mw-headline\">Ba\u015fkalar\u0131 taraf\u0131ndan yorumlanan \u015fark\u0131lar\u0131<\/span><\/strong><\/p>\n<p style=\"text-align: justify;\">Fikret K\u0131z\u0131lok&#8217;un bir \u00e7ok \u015fark\u0131s\u0131 yeniden yorumland\u0131. Bunlardan baz\u0131lar\u0131:<\/p>\n<ul style=\"text-align: justify;\">\n<li>&#8220;Yeter Ki&#8221; Haluk Levent<\/li>\n<li>&#8220;G\u00f6n\u00fcl&#8221; Leman Sam, M\u00fcsl\u00fcm G\u00fcrses, <span class=\"new\">Bayhan G\u00fcrhan<\/span><\/li>\n<li>&#8220;Bu Kalp Seni Unutur Mu?&#8221; \u00c7elik Eri\u015f\u00e7i, <span class=\"new\">Taner<\/span><\/li>\n<li>&#8220;Haberin Var M\u0131?&#8221;: Funda Arar<\/li>\n<li>&#8220;Sevda \u00c7i\u00e7e\u011fi&#8221;: <span class=\"mw-redirect\">mor ve \u00f6tesi<\/span><\/li>\n<li>&#8220;Leylim Leylim&#8221;: Hilmi Yaray\u0131c\u0131<\/li>\n<li>&#8220;Emmo&#8221;: Hilmi Yaray\u0131c\u0131<\/li>\n<li>&#8220;Elalem&#8221;: Gripin<\/li>\n<\/ul>\n<p style=\"text-align: justify;\"><strong><span id=\"D.C3.BCnya_g.C3.B6r.C3.BC.C5.9F.C3.BC\" class=\"mw-headline\">D\u00fcnya g\u00f6r\u00fc\u015f\u00fc<\/span><\/strong><\/p>\n<p style=\"text-align: justify;\">K\u0131z\u0131lok son y\u0131llar\u0131nda kendini, &#8220;Ben Marksist\u2019in daha \u00f6tesinde bir kom\u00fcnistim&#8221; diyerek tan\u0131mlam\u0131\u015ft\u0131. Ayn\u0131 r\u00f6portajda 28 \u015eubat S\u00fcreci&#8217;ni destekledi\u011fini a\u00e7\u0131klam\u0131\u015f, S\u00fcleyman Demirel&#8217;i &#8220;En b\u00fcy\u00fck <span class=\"mw-redirect\">demagog<\/span>&#8220;, B\u00fclent Ecevit&#8217;e &#8220;iyi \u015fair ama siyasal hayat\u0131 zigzaglarla dolu&#8221;, Devlet Bah\u00e7eli&#8217;ye &#8220;\u0131l\u0131ml\u0131 ve d\u00fcr\u00fcst&#8221;, Necmettin Erbakan&#8217;a &#8220;T\u00fcrkiye&#8217;yi dinamitleyen adam&#8221;, Recep Tayyip Erdo\u011fan i\u00e7in de &#8220;yenilik\u00e7i de\u011fil, o da oyunun bir par\u00e7as\u0131&#8221; yorumlar\u0131n\u0131 yapm\u0131\u015ft\u0131.<\/p>\n<p style=\"text-align: justify;\">Sat\u0131\u015flar\u0131n\u0131n en \u00fcst noktas\u0131ndayken m\u00fczikten \u00e7ekilmesini a\u00e7\u0131klarken &#8220;D\u00fcnya halklar\u0131n\u0131n y\u00fczde 80&#8217;i bilin\u00e7siz, sadece \u00fcretim i\u00e7in ya\u015f\u0131yor, Amerika da dahil. Ger\u00e7ek entelekt\u00fcel y\u00fczde 5&#8217;i bile bulmaz. Demek ki cahil olan y\u00fczde 80&#8217;le ili\u015fki kurup me\u015fhur oluyorsun. B\u00f6yle me\u015fhur olmak asl\u0131nda utan\u0131lacak bir \u015fey, ben utan\u0131r\u0131m. De\u011ferli olmak \u00f6nemli. M\u00fczi\u011fim, sesim, \u015fark\u0131lar\u0131m tan\u0131ns\u0131n, ama ben tan\u0131nmayay\u0131m.&#8221; diyerek kitle problemine de\u011finmi\u015ftir.<\/p>\n<p style=\"text-align: justify;\"><strong><span id=\"Plaklar.C4.B1\" class=\"mw-headline\">Plaklar\u0131<\/span><\/strong><\/p>\n<p style=\"text-align: justify;\"><strong>Cahit Oben 4<\/strong><\/p>\n<ul style=\"text-align: justify;\">\n<li>1965: I Wanna Be Your Man \/ 36 24 36<\/li>\n<li>1965: Silifke&#8217;nin Yo\u011furdu \/ Hereke<\/li>\n<li>1965: Makaram Sar\u0131 Ba\u011flar \/ Halime<\/li>\n<\/ul>\n<p style=\"text-align: justify;\"><strong>Fikret K\u0131z\u0131lok ve \u00dc\u00e7 Veliaht<\/strong><\/p>\n<ul style=\"text-align: justify;\">\n<li>1965: Belle Marie \/ K\u0131z Ay\u015fe<\/li>\n<\/ul>\n<p style=\"text-align: justify;\"><strong>Fikret K\u0131z\u0131lok<\/strong><\/p>\n<ul style=\"text-align: justify;\">\n<li>1966: Ay Osman &#8211; Sevgilim \/ Colours &#8211; Baby<\/li>\n<li>1969: Uzun \u0130nce Bir Yolday\u0131m \/ Benim A\u015fk\u0131m Beni Ge\u00e7ti<\/li>\n<li>1970: Ya\u011fmur Olsam \/ Yumma G\u00f6z\u00fcn K\u00f6r Gibi<\/li>\n<li>1970: S\u00f6yle Saz\u0131m \/ G\u00fczel Ne G\u00fczel Olmu\u015fsun<\/li>\n<li>1971: Vurulmu\u015fum \/ Emmo<\/li>\n<li>1971: G\u00fcn Ola Devran D\u00f6ne \/ Anadolu&#8217;yum<\/li>\n<li>1972: Leylim Leylim (Kara Tren) \/ G\u00f6zlerinden Bellidir<\/li>\n<li>1973: K\u00f6ro\u011flu Da\u011flar\u0131 \/ Tutamad\u0131m Ellerini<\/li>\n<li>1973: Bac\u0131n \u00d6nde Ben Arkada \/ Koyverdin Gittin Beni<\/li>\n<li>1975: Anadolu&#8217;yum &#8217;75 \/ Dara\u011fac\u0131<\/li>\n<li>1976: Biz Yanar\u0131z \/ Sen Bir Ceylan Olsan<\/li>\n<\/ul>\n<p style=\"text-align: justify;\"><strong>Fikret K\u0131z\u0131lok ve Tehlikeli Madde<\/strong><\/p>\n<ul style=\"text-align: justify;\">\n<li>1974: A\u015fk\u0131n Olmad\u0131\u011f\u0131 Yerde \/ \u0130nsan m\u0131y\u0131m Mahluk muyum Ot muyum<\/li>\n<li>1974: Haberin Var m\u0131 \/ K\u00f6r Pencere \/ Ay Batt\u0131<\/li>\n<\/ul>\n<h3 style=\"text-align: justify;\"><span id=\"Alb.C3.BCmler\" class=\"mw-headline\">Alb\u00fcmler<\/span><\/h3>\n<p style=\"text-align: justify;\"><strong>Solo Alb\u00fcmler:<\/strong><\/p>\n<ul style=\"text-align: justify;\">\n<li>1977: <span class=\"new\">Not Defterimden<\/span><\/li>\n<li>1983: Zaman Zaman<\/li>\n<li>1990: <span class=\"new\">Yana Yana<\/span><\/li>\n<li>1992: <span class=\"new\">Olmuyo Olmuyo (D\u00fc\u015fler)<\/span><\/li>\n<li>1995: <span class=\"new\">Demirba\u015f<\/span><\/li>\n<li>1995: <span class=\"mw-redirect\">Yadigar<\/span><\/li>\n<\/ul>\n<p style=\"text-align: justify;\"><strong>Fikret K\u0131z\u0131lok &amp; B\u00fclent Orta\u00e7gil<\/strong><\/p>\n<ul style=\"text-align: justify;\">\n<li>1985: Biz \u015eark\u0131lar\u0131m\u0131z\u0131&#8230;<\/li>\n<li>1986: Pencere \u00d6n\u00fc \u00c7i\u00e7e\u011fi<\/li>\n<li>2007: B\u00fcy\u00fckler \u0130\u00e7in \u00c7ocuk \u015eark\u0131lar\u0131<\/li>\n<\/ul>\n<p style=\"text-align: justify;\"><strong>Toplama Alb\u00fcmler<\/strong><\/p>\n<ul style=\"text-align: justify;\">\n<li>1992: 68&#8217;ler<\/li>\n<li>1993: 68&#8217;ler 2<\/li>\n<li>1999: G\u00fcn Ola Devran D\u00f6ne 68-71<\/li>\n<li>2002: D\u00fcnden Bug\u00fcne<\/li>\n<li>2005: Fikret Kizilok (Singles 1970-1974)<\/li>\n<\/ul>\n<p style=\"text-align: justify;\"><strong>Kitapl\u0131 Kasetler:<\/strong><\/p>\n<ul style=\"text-align: justify;\">\n<li>1995: Demirba\u015f<\/li>\n<li>1996: Vurulduk Ey Halk\u0131m&#8230;<\/li>\n<li>1999: Bir Devrimcinin G\u00fcncesi<\/li>\n<\/ul>\n<p style=\"text-align: justify;\"><strong>Yer ald\u0131\u011f\u0131 alb\u00fcmler<\/strong><\/p>\n<ul style=\"text-align: justify;\">\n<li>1972: Kar\u0131\u015f\u0131k Aranjmanlar (Emmo ve Vurulmu\u015fum ile)<\/li>\n<li>2006: Bosporus Bridges &#8211; A Wide Selection of Turkish Jazz &amp; Funk 1968-1978 (Ay Batt\u0131 ile)<\/li>\n<li>2006: International Sad Hits &#8211; Volume One: Altaic Language Group (Yeter Ki, G\u00fczel Ne G\u00fczel Olmu\u015fsun, Fark Etmeden, Anadolu&#8217;yum ile)<\/li>\n<li>2006: Edip Akbayram \/ Fikret K\u0131z\u0131lok (Yumma G\u00f6z\u00fcn K\u00f6r Gibi, Ya\u011fmur Olsam, S\u00f6yle Saz\u0131m, G\u00fczel Ne G\u00fczel Olmu\u015fsun ile)<\/li>\n<\/ul>\n<p>\n<object width=\"400\" height=\"315\" data=\"http:\/\/www.humyo.com\/E\/10044311-281475283881899\/10044311-281475196214199\/10044311-281475196211285\/10044311-281475196217753\/10044311-281475196218251\/10044311-281475196221185\/10044311-281475283873349\/10044311-281475283874255\/10044311-281475196227557\/10044311-281475196230965\/10044311-281475196232811\/10044311-281475196233137\/10044311-281475196233393\/10044311-281475283875063\/10044311-281475283876157\/10044311-281475283877125\/10044311-281475283878321\/10044311-281475283879783\/10044311-281475283880821\" type=\"application\/x-shockwave-flash\"><param name=\"flashvars\" value=\"autostart=true&amp;imagestart=true&amp;displayheight=236\" \/><param name=\"src\" value=\"http:\/\/www.humyo.com\/E\/10044311-281475283881899\/10044311-281475196214199\/10044311-281475196211285\/10044311-281475196217753\/10044311-281475196218251\/10044311-281475196221185\/10044311-281475283873349\/10044311-281475283874255\/10044311-281475196227557\/10044311-281475196230965\/10044311-281475196232811\/10044311-281475196233137\/10044311-281475196233393\/10044311-281475283875063\/10044311-281475283876157\/10044311-281475283877125\/10044311-281475283878321\/10044311-281475283879783\/10044311-281475283880821\" \/><\/object><\/p>\n","protected":false},"excerpt":{"rendered":"<p>M\u00fcnir Fikret K\u0131z\u0131lok (10 Kas\u0131m 1946, \u0130stanbul &#8211; 22 Eyl\u00fcl 2001, Istanbul) 1946 y\u0131l\u0131nda \u0130stanbul&#8217;da do\u011fdu. 22 Eyl\u00fcl 2001&#8217;de bir hastanede uzun s\u00fcredir \u00e7ekti\u011fi kalp hastal\u0131\u011f\u0131 y\u00fcz\u00fcnden hayat\u0131n\u0131 kaybetti. Hafif T\u00fcrk m\u00fczi\u011fi i\u00e7in rock t\u0131n\u0131lar\u0131 ve deneysel \u00e7al\u0131\u015fmalar\u0131yla \u00e7ok \u00f6nemli bir sanat\u00e7\u0131yd\u0131. \u00d6\u011frenim hayat\u0131na Galatasaray Lisesi&#8217;nin ilkokul k\u0131sm\u0131nda ba\u015flad\u0131. M\u00fczikle de ilk tan\u0131\u015fmas\u0131 burada ger\u00e7ekle\u015fti. [&hellip;]<\/p>\n","protected":false},"author":1,"featured_media":0,"comment_status":"open","ping_status":"open","sticky":false,"template":"","format":"standard","meta":{"footnotes":""},"categories":[100],"tags":[],"class_list":{"0":"post-3951","1":"post","2":"type-post","3":"status-publish","4":"format-standard","6":"category-muzisyenler"},"yoast_head":"<!-- This site is optimized with the Yoast SEO Premium plugin v24.9 (Yoast SEO v24.9) - https:\/\/yoast.com\/wordpress\/plugins\/seo\/ -->\n<title>Bu Kalp Seni Unutur mu ? | Fikret KIZILOK ve \u015fark\u0131lar\u0131 - narteks.net<\/title>\n<meta name=\"robots\" content=\"index, follow, max-snippet:-1, max-image-preview:large, max-video-preview:-1\" \/>\n<link rel=\"canonical\" href=\"https:\/\/narteks.net\/index.php\/2010\/01\/11\/bu-kalp-seni-unutur-mu-fikret-kizilok-ve-sarkilari\/\" \/>\n<meta property=\"og:locale\" content=\"tr_TR\" \/>\n<meta property=\"og:type\" content=\"article\" \/>\n<meta property=\"og:title\" content=\"Bu Kalp Seni Unutur mu ? | Fikret KIZILOK ve \u015fark\u0131lar\u0131\" \/>\n<meta property=\"og:description\" content=\"M\u00fcnir Fikret K\u0131z\u0131lok (10 Kas\u0131m 1946, \u0130stanbul &#8211; 22 Eyl\u00fcl 2001, Istanbul) 1946 y\u0131l\u0131nda \u0130stanbul&#8217;da do\u011fdu. 22 Eyl\u00fcl 2001&#8217;de bir hastanede uzun s\u00fcredir \u00e7ekti\u011fi kalp hastal\u0131\u011f\u0131 y\u00fcz\u00fcnden hayat\u0131n\u0131 kaybetti. Hafif T\u00fcrk m\u00fczi\u011fi i\u00e7in rock t\u0131n\u0131lar\u0131 ve deneysel \u00e7al\u0131\u015fmalar\u0131yla \u00e7ok \u00f6nemli bir sanat\u00e7\u0131yd\u0131. \u00d6\u011frenim hayat\u0131na Galatasaray Lisesi&#8217;nin ilkokul k\u0131sm\u0131nda ba\u015flad\u0131. M\u00fczikle de ilk tan\u0131\u015fmas\u0131 burada ger\u00e7ekle\u015fti. [&hellip;]\" \/>\n<meta property=\"og:url\" content=\"https:\/\/narteks.net\/index.php\/2010\/01\/11\/bu-kalp-seni-unutur-mu-fikret-kizilok-ve-sarkilari\/\" \/>\n<meta property=\"og:site_name\" content=\"narteks.net\" \/>\n<meta property=\"article:published_time\" content=\"2010-01-11T07:02:05+00:00\" \/>\n<meta property=\"og:image\" content=\"https:\/\/narteks.net\/wp-content\/uploads\/narteks.png\" \/>\n\t<meta property=\"og:image:width\" content=\"300\" \/>\n\t<meta property=\"og:image:height\" content=\"90\" \/>\n\t<meta property=\"og:image:type\" content=\"image\/png\" \/>\n<meta name=\"author\" content=\"Tar\u0131k\" \/>\n<meta name=\"twitter:card\" content=\"summary_large_image\" \/>\n<meta name=\"twitter:creator\" content=\"@narteks\" \/>\n<meta name=\"twitter:site\" content=\"@narteks\" \/>\n<meta name=\"twitter:label1\" content=\"Yazan:\" \/>\n\t<meta name=\"twitter:data1\" content=\"Tar\u0131k\" \/>\n\t<meta name=\"twitter:label2\" content=\"Tahmini okuma s\u00fcresi\" \/>\n\t<meta name=\"twitter:data2\" content=\"19 dakika\" \/>\n<script type=\"application\/ld+json\" class=\"yoast-schema-graph\">{\"@context\":\"https:\/\/schema.org\",\"@graph\":[{\"@type\":\"Article\",\"@id\":\"https:\/\/narteks.net\/index.php\/2010\/01\/11\/bu-kalp-seni-unutur-mu-fikret-kizilok-ve-sarkilari\/#article\",\"isPartOf\":{\"@id\":\"https:\/\/narteks.net\/index.php\/2010\/01\/11\/bu-kalp-seni-unutur-mu-fikret-kizilok-ve-sarkilari\/\"},\"author\":{\"name\":\"Tar\u0131k\",\"@id\":\"https:\/\/narteks.net\/#\/schema\/person\/61f37d9834294b72d31d274e7ed79bca\"},\"headline\":\"Bu Kalp Seni Unutur mu ? | Fikret KIZILOK ve \u015fark\u0131lar\u0131\",\"datePublished\":\"2010-01-11T07:02:05+00:00\",\"mainEntityOfPage\":{\"@id\":\"https:\/\/narteks.net\/index.php\/2010\/01\/11\/bu-kalp-seni-unutur-mu-fikret-kizilok-ve-sarkilari\/\"},\"wordCount\":3851,\"commentCount\":0,\"publisher\":{\"@id\":\"https:\/\/narteks.net\/#organization\"},\"articleSection\":[\"M\u00fczisyenler\"],\"inLanguage\":\"tr\",\"potentialAction\":[{\"@type\":\"CommentAction\",\"name\":\"Comment\",\"target\":[\"https:\/\/narteks.net\/index.php\/2010\/01\/11\/bu-kalp-seni-unutur-mu-fikret-kizilok-ve-sarkilari\/#respond\"]}]},{\"@type\":\"WebPage\",\"@id\":\"https:\/\/narteks.net\/index.php\/2010\/01\/11\/bu-kalp-seni-unutur-mu-fikret-kizilok-ve-sarkilari\/\",\"url\":\"https:\/\/narteks.net\/index.php\/2010\/01\/11\/bu-kalp-seni-unutur-mu-fikret-kizilok-ve-sarkilari\/\",\"name\":\"Bu Kalp Seni Unutur mu ? | Fikret KIZILOK ve \u015fark\u0131lar\u0131 - narteks.net\",\"isPartOf\":{\"@id\":\"https:\/\/narteks.net\/#website\"},\"datePublished\":\"2010-01-11T07:02:05+00:00\",\"breadcrumb\":{\"@id\":\"https:\/\/narteks.net\/index.php\/2010\/01\/11\/bu-kalp-seni-unutur-mu-fikret-kizilok-ve-sarkilari\/#breadcrumb\"},\"inLanguage\":\"tr\",\"potentialAction\":[{\"@type\":\"ReadAction\",\"target\":[\"https:\/\/narteks.net\/index.php\/2010\/01\/11\/bu-kalp-seni-unutur-mu-fikret-kizilok-ve-sarkilari\/\"]}]},{\"@type\":\"BreadcrumbList\",\"@id\":\"https:\/\/narteks.net\/index.php\/2010\/01\/11\/bu-kalp-seni-unutur-mu-fikret-kizilok-ve-sarkilari\/#breadcrumb\",\"itemListElement\":[{\"@type\":\"ListItem\",\"position\":1,\"name\":\"Anasayfa\",\"item\":\"https:\/\/narteks.net\/\"},{\"@type\":\"ListItem\",\"position\":2,\"name\":\"Bu Kalp Seni Unutur mu ? | Fikret KIZILOK ve \u015fark\u0131lar\u0131\"}]},{\"@type\":\"WebSite\",\"@id\":\"https:\/\/narteks.net\/#website\",\"url\":\"https:\/\/narteks.net\/\",\"name\":\"narteks.net\",\"description\":\"K\u00fclt\u00fcr Sanat Edebiyat Felsefe\",\"publisher\":{\"@id\":\"https:\/\/narteks.net\/#organization\"},\"alternateName\":\"K\u00fclt\u00fcr Sanat Edebiyat Felsefe\",\"potentialAction\":[{\"@type\":\"SearchAction\",\"target\":{\"@type\":\"EntryPoint\",\"urlTemplate\":\"https:\/\/narteks.net\/?s={search_term_string}\"},\"query-input\":{\"@type\":\"PropertyValueSpecification\",\"valueRequired\":true,\"valueName\":\"search_term_string\"}}],\"inLanguage\":\"tr\"},{\"@type\":\"Organization\",\"@id\":\"https:\/\/narteks.net\/#organization\",\"name\":\"narteks.net\",\"url\":\"https:\/\/narteks.net\/\",\"logo\":{\"@type\":\"ImageObject\",\"inLanguage\":\"tr\",\"@id\":\"https:\/\/narteks.net\/#\/schema\/logo\/image\/\",\"url\":\"https:\/\/narteks.net\/wp-content\/uploads\/narteks.png\",\"contentUrl\":\"https:\/\/narteks.net\/wp-content\/uploads\/narteks.png\",\"width\":300,\"height\":90,\"caption\":\"narteks.net\"},\"image\":{\"@id\":\"https:\/\/narteks.net\/#\/schema\/logo\/image\/\"},\"sameAs\":[\"https:\/\/x.com\/narteks\",\"https:\/\/instagram.com\/narteksnet\"]},{\"@type\":\"Person\",\"@id\":\"https:\/\/narteks.net\/#\/schema\/person\/61f37d9834294b72d31d274e7ed79bca\",\"name\":\"Tar\u0131k\",\"image\":{\"@type\":\"ImageObject\",\"inLanguage\":\"tr\",\"@id\":\"https:\/\/narteks.net\/#\/schema\/person\/image\/\",\"url\":\"https:\/\/secure.gravatar.com\/avatar\/50865afb55632c4ae467e0af0930f6510aa2297d8014be502a55b14f3b7550cf?s=96&d=mm&r=g\",\"contentUrl\":\"https:\/\/secure.gravatar.com\/avatar\/50865afb55632c4ae467e0af0930f6510aa2297d8014be502a55b14f3b7550cf?s=96&d=mm&r=g\",\"caption\":\"Tar\u0131k\"},\"sameAs\":[\"http:\/\/narteks.net\"],\"url\":\"https:\/\/narteks.net\/index.php\/author\/narbak\/\"}]}<\/script>\n<!-- \/ Yoast SEO Premium plugin. -->","yoast_head_json":{"title":"Bu Kalp Seni Unutur mu ? | Fikret KIZILOK ve \u015fark\u0131lar\u0131 - narteks.net","robots":{"index":"index","follow":"follow","max-snippet":"max-snippet:-1","max-image-preview":"max-image-preview:large","max-video-preview":"max-video-preview:-1"},"canonical":"https:\/\/narteks.net\/index.php\/2010\/01\/11\/bu-kalp-seni-unutur-mu-fikret-kizilok-ve-sarkilari\/","og_locale":"tr_TR","og_type":"article","og_title":"Bu Kalp Seni Unutur mu ? | Fikret KIZILOK ve \u015fark\u0131lar\u0131","og_description":"M\u00fcnir Fikret K\u0131z\u0131lok (10 Kas\u0131m 1946, \u0130stanbul &#8211; 22 Eyl\u00fcl 2001, Istanbul) 1946 y\u0131l\u0131nda \u0130stanbul&#8217;da do\u011fdu. 22 Eyl\u00fcl 2001&#8217;de bir hastanede uzun s\u00fcredir \u00e7ekti\u011fi kalp hastal\u0131\u011f\u0131 y\u00fcz\u00fcnden hayat\u0131n\u0131 kaybetti. Hafif T\u00fcrk m\u00fczi\u011fi i\u00e7in rock t\u0131n\u0131lar\u0131 ve deneysel \u00e7al\u0131\u015fmalar\u0131yla \u00e7ok \u00f6nemli bir sanat\u00e7\u0131yd\u0131. \u00d6\u011frenim hayat\u0131na Galatasaray Lisesi&#8217;nin ilkokul k\u0131sm\u0131nda ba\u015flad\u0131. M\u00fczikle de ilk tan\u0131\u015fmas\u0131 burada ger\u00e7ekle\u015fti. [&hellip;]","og_url":"https:\/\/narteks.net\/index.php\/2010\/01\/11\/bu-kalp-seni-unutur-mu-fikret-kizilok-ve-sarkilari\/","og_site_name":"narteks.net","article_published_time":"2010-01-11T07:02:05+00:00","og_image":[{"width":300,"height":90,"url":"https:\/\/narteks.net\/wp-content\/uploads\/narteks.png","type":"image\/png"}],"author":"Tar\u0131k","twitter_card":"summary_large_image","twitter_creator":"@narteks","twitter_site":"@narteks","twitter_misc":{"Yazan:":"Tar\u0131k","Tahmini okuma s\u00fcresi":"19 dakika"},"schema":{"@context":"https:\/\/schema.org","@graph":[{"@type":"Article","@id":"https:\/\/narteks.net\/index.php\/2010\/01\/11\/bu-kalp-seni-unutur-mu-fikret-kizilok-ve-sarkilari\/#article","isPartOf":{"@id":"https:\/\/narteks.net\/index.php\/2010\/01\/11\/bu-kalp-seni-unutur-mu-fikret-kizilok-ve-sarkilari\/"},"author":{"name":"Tar\u0131k","@id":"https:\/\/narteks.net\/#\/schema\/person\/61f37d9834294b72d31d274e7ed79bca"},"headline":"Bu Kalp Seni Unutur mu ? | Fikret KIZILOK ve \u015fark\u0131lar\u0131","datePublished":"2010-01-11T07:02:05+00:00","mainEntityOfPage":{"@id":"https:\/\/narteks.net\/index.php\/2010\/01\/11\/bu-kalp-seni-unutur-mu-fikret-kizilok-ve-sarkilari\/"},"wordCount":3851,"commentCount":0,"publisher":{"@id":"https:\/\/narteks.net\/#organization"},"articleSection":["M\u00fczisyenler"],"inLanguage":"tr","potentialAction":[{"@type":"CommentAction","name":"Comment","target":["https:\/\/narteks.net\/index.php\/2010\/01\/11\/bu-kalp-seni-unutur-mu-fikret-kizilok-ve-sarkilari\/#respond"]}]},{"@type":"WebPage","@id":"https:\/\/narteks.net\/index.php\/2010\/01\/11\/bu-kalp-seni-unutur-mu-fikret-kizilok-ve-sarkilari\/","url":"https:\/\/narteks.net\/index.php\/2010\/01\/11\/bu-kalp-seni-unutur-mu-fikret-kizilok-ve-sarkilari\/","name":"Bu Kalp Seni Unutur mu ? | Fikret KIZILOK ve \u015fark\u0131lar\u0131 - narteks.net","isPartOf":{"@id":"https:\/\/narteks.net\/#website"},"datePublished":"2010-01-11T07:02:05+00:00","breadcrumb":{"@id":"https:\/\/narteks.net\/index.php\/2010\/01\/11\/bu-kalp-seni-unutur-mu-fikret-kizilok-ve-sarkilari\/#breadcrumb"},"inLanguage":"tr","potentialAction":[{"@type":"ReadAction","target":["https:\/\/narteks.net\/index.php\/2010\/01\/11\/bu-kalp-seni-unutur-mu-fikret-kizilok-ve-sarkilari\/"]}]},{"@type":"BreadcrumbList","@id":"https:\/\/narteks.net\/index.php\/2010\/01\/11\/bu-kalp-seni-unutur-mu-fikret-kizilok-ve-sarkilari\/#breadcrumb","itemListElement":[{"@type":"ListItem","position":1,"name":"Anasayfa","item":"https:\/\/narteks.net\/"},{"@type":"ListItem","position":2,"name":"Bu Kalp Seni Unutur mu ? | Fikret KIZILOK ve \u015fark\u0131lar\u0131"}]},{"@type":"WebSite","@id":"https:\/\/narteks.net\/#website","url":"https:\/\/narteks.net\/","name":"narteks.net","description":"K\u00fclt\u00fcr Sanat Edebiyat Felsefe","publisher":{"@id":"https:\/\/narteks.net\/#organization"},"alternateName":"K\u00fclt\u00fcr Sanat Edebiyat Felsefe","potentialAction":[{"@type":"SearchAction","target":{"@type":"EntryPoint","urlTemplate":"https:\/\/narteks.net\/?s={search_term_string}"},"query-input":{"@type":"PropertyValueSpecification","valueRequired":true,"valueName":"search_term_string"}}],"inLanguage":"tr"},{"@type":"Organization","@id":"https:\/\/narteks.net\/#organization","name":"narteks.net","url":"https:\/\/narteks.net\/","logo":{"@type":"ImageObject","inLanguage":"tr","@id":"https:\/\/narteks.net\/#\/schema\/logo\/image\/","url":"https:\/\/narteks.net\/wp-content\/uploads\/narteks.png","contentUrl":"https:\/\/narteks.net\/wp-content\/uploads\/narteks.png","width":300,"height":90,"caption":"narteks.net"},"image":{"@id":"https:\/\/narteks.net\/#\/schema\/logo\/image\/"},"sameAs":["https:\/\/x.com\/narteks","https:\/\/instagram.com\/narteksnet"]},{"@type":"Person","@id":"https:\/\/narteks.net\/#\/schema\/person\/61f37d9834294b72d31d274e7ed79bca","name":"Tar\u0131k","image":{"@type":"ImageObject","inLanguage":"tr","@id":"https:\/\/narteks.net\/#\/schema\/person\/image\/","url":"https:\/\/secure.gravatar.com\/avatar\/50865afb55632c4ae467e0af0930f6510aa2297d8014be502a55b14f3b7550cf?s=96&d=mm&r=g","contentUrl":"https:\/\/secure.gravatar.com\/avatar\/50865afb55632c4ae467e0af0930f6510aa2297d8014be502a55b14f3b7550cf?s=96&d=mm&r=g","caption":"Tar\u0131k"},"sameAs":["http:\/\/narteks.net"],"url":"https:\/\/narteks.net\/index.php\/author\/narbak\/"}]}},"_links":{"self":[{"href":"https:\/\/narteks.net\/index.php\/wp-json\/wp\/v2\/posts\/3951","targetHints":{"allow":["GET"]}}],"collection":[{"href":"https:\/\/narteks.net\/index.php\/wp-json\/wp\/v2\/posts"}],"about":[{"href":"https:\/\/narteks.net\/index.php\/wp-json\/wp\/v2\/types\/post"}],"author":[{"embeddable":true,"href":"https:\/\/narteks.net\/index.php\/wp-json\/wp\/v2\/users\/1"}],"replies":[{"embeddable":true,"href":"https:\/\/narteks.net\/index.php\/wp-json\/wp\/v2\/comments?post=3951"}],"version-history":[{"count":0,"href":"https:\/\/narteks.net\/index.php\/wp-json\/wp\/v2\/posts\/3951\/revisions"}],"wp:attachment":[{"href":"https:\/\/narteks.net\/index.php\/wp-json\/wp\/v2\/media?parent=3951"}],"wp:term":[{"taxonomy":"category","embeddable":true,"href":"https:\/\/narteks.net\/index.php\/wp-json\/wp\/v2\/categories?post=3951"},{"taxonomy":"post_tag","embeddable":true,"href":"https:\/\/narteks.net\/index.php\/wp-json\/wp\/v2\/tags?post=3951"}],"curies":[{"name":"wp","href":"https:\/\/api.w.org\/{rel}","templated":true}]}}