{"id":3952,"date":"2010-01-11T11:31:06","date_gmt":"2010-01-11T08:31:06","guid":{"rendered":"http:\/\/localhost\/wordpress\/2010\/01\/11\/mogollar-cahit-berkay-ve-sarkilari-narteksnet-te\/"},"modified":"2010-01-11T11:31:06","modified_gmt":"2010-01-11T08:31:06","slug":"mogollar-cahit-berkay-ve-sarkilari-narteksnet-te","status":"publish","type":"post","link":"https:\/\/narteks.net\/index.php\/2010\/01\/11\/mogollar-cahit-berkay-ve-sarkilari-narteksnet-te\/","title":{"rendered":"Mo\u011follar \/ Cahit Berkay ve \u015fark\u0131lar\u0131 narteks.net &#8216;te"},"content":{"rendered":"<p><img loading=\"lazy\" decoding=\"async\" src=\"images\/stories\/mogollar.jpg\" border=\"0\" width=\"155\" height=\"205\" style=\"float: left;\" \/><\/p>\n<p style=\"text-align: justify;\">1967&#8217;de <span class=\"new\">Sil\u00fcetler<\/span>&#8216;de \u00e7al\u0131\u015fan Aziz Azmet, Tahir Nejat \u00d6zy\u0131lmazel, Murat Ses ve Ayd\u0131n Daruga Vah\u015fi Kediler grubunun bas\u00e7\u0131s\u0131 <span class=\"new\">Haluk Kunt<\/span>&#8216;la birlikte grubu kurarlar. K\u0131sa bir s\u00fcre (yakla\u015f\u0131k 2 ay) sonra Sel\u00e7uk Alag\u00f6z grubunda \u00e7al\u0131\u015fan Cahit Berkay gruba kat\u0131l\u0131r ve Tahir Nejat \u00d6zy\u0131lmazel gruptan ayr\u0131l\u0131r.<\/p>\n<p style=\"text-align: justify;\">K\u0131sa bir s\u00fcre sonra yine bir ara Sel\u00e7uk Alag\u00f6z grubunda \u00e7al\u0131\u015fm\u0131\u015f olan ve Almanya\u2019da Cem Karaca <span class=\"new\">Apa\u015flarla<\/span> yapt\u0131\u011f\u0131 turneden d\u00f6nen <span class=\"new\">Hasan Sel<\/span> Haluk Kunt&#8217;un yerini al\u0131r. \u0130lk 45&#8217;likleri &#8220;Eastern Love\/<span class=\"new\">Art\u0131k \u00c7ok Ge\u00e7<\/span>&#8220;, \u015eubat 68&#8217;de \u00e7\u0131kar.<\/p>\n<p style=\"text-align: justify;\">Bu d\u00f6nemdeki par\u00e7alarda Azmet\/Ses ikilisinin, Lennon\/McCartney tarz\u0131 bir \u00e7al\u0131\u015fma beraberli\u011fi s\u00f6zkonusudur. Benzeri tonaliteye, bu ikilinin Sil\u00fcetler d\u00f6neminde, hatta Meteorlar d\u00f6neminde rastlamak m\u00fcmk\u00fcnd\u00fcr. Bu pla\u011f\u0131n hemen ard\u0131ndan &#8220;Mektup\/Lazy John&#8221;u yapan grup, Haziranda <span class=\"mw-redirect\">Alt\u0131n Mikrofon<\/span> yar\u0131\u015fmas\u0131na kat\u0131l\u0131r ve &#8220;Ilgaz&#8221; \u00fc\u00e7\u00fcnc\u00fc olur.<\/p>\n<p style=\"text-align: justify;\">Bu ba\u015far\u0131 ve ard\u0131ndan \u00e7\u0131kan 45&#8217;lik Mo\u011follar ad\u0131n\u0131n daha \u00e7ok insan taraf\u0131ndan duyulmas\u0131n\u0131 sa\u011flar. Konserler verirler. \u0130lgin\u00e7 konserlerdir bunlar; \u00f6rne\u011fin: Diskotek dergisi taraf\u0131ndan 3 Nisan 1968&#8217;de <span class=\"new\">\u0130stanbul Fita\u015f sinemas\u0131<\/span>&#8216;nda d\u00fczenlenen, Haramiler ve Kayg\u0131s\u0131zlar\u0131n da kat\u0131ld\u0131\u011f\u0131 konsere &#8220;silindir \u015fapkalar\u0131, uzun siyah fraklar\u0131 ile \u00fc\u00e7 keman bir viyolonsel ve bir trompet e\u015fli\u011finde&#8221; \u00e7\u0131kar Mo\u011follar elemanlar\u0131. \u0130lk solo konserlerini ise 19 Ekim 1968&#8217;de \u0130stanbul Fita\u015f Sinemas\u0131&#8217;nda verirler. Yabanc\u0131 \u015fark\u0131lar\u0131n yan\u0131 s\u0131ra kendi bestelerini de seslendiren Mo\u011follar, konserlerinde b\u00fcy\u00fck ilgi g\u00f6r\u00fcr. \u00dcnleri \u0130stanbul d\u0131\u015f\u0131na \u00e7\u0131kar, Anadolu&#8217;ya ula\u015f\u0131r. Ayn\u0131 tarihlerde d\u00f6rd\u00fcnc\u00fc plaklar\u0131n\u0131 \u00e7\u0131karan Mo\u011follar 1968&#8217;i tan\u0131nm\u0131\u015f bir grup olarak kapat\u0131r.Ve eski mo\u011flar g\u00f6\u00e7 eder.<\/p>\n<p style=\"text-align: justify;\"><strong><span id=\"Anadolu_Pop_D.C3.B6nemi\" class=\"mw-headline\">Anadolu Pop D\u00f6nemi<\/span><\/strong><\/p>\n<p style=\"text-align: justify;\">1969 y\u0131l\u0131n\u0131n \u015eubat ay\u0131nda grupta bir eleman de\u011fi\u015fimi ya\u015fan\u0131r. Ayd\u0131n Daruga gruptan ayr\u0131l\u0131r, yerini Sel\u00e7uk Alag\u00f6z grubunun eski davulcusu Engin Y\u00f6r\u00fcko\u011flu al\u0131r. Mo\u011follar 1969 y\u0131l\u0131n\u0131, neredeyse t\u00fcm T\u00fcrkiye\u2019yi kapsayan b\u00fcy\u00fck bir turneyle ge\u00e7irir. Bu turne s\u0131ras\u0131nda ya\u015fad\u0131klar\u0131 onlar\u0131n m\u00fczi\u011finde \u00f6nemli bir de\u011fi\u015fime neden olur. Turne \u00f6ncesinde \u0130stanbul&#8217;da verdikleri konserlerde kimi t\u00fcrk\u00fc d\u00fczenlemeleri ve halk m\u00fczi\u011fi sazlar\u0131n\u0131 kullanmalar\u0131 ilgi g\u00f6r\u00fcr, fakat bu turne Mo\u011follar&#8217;\u0131n Anadoluyu yak\u0131ndan tan\u0131malar\u0131n\u0131 sa\u011flar, bu da onlar\u0131n tarzlar\u0131n\u0131n daha belirginle\u015fmesini ger\u00e7ekle\u015ftirir ve Mo\u011follar bu tarza bir isim verirler: <span class=\"mw-redirect\">Anadolu Pop<\/span>. <span class=\"new\">Hey<\/span> dergisine bu ad\u0131 se\u00e7melerinin nedenini ve ama\u00e7lar\u0131n\u0131 \u015f\u00f6yle a\u00e7\u0131klarlar: &#8220;<em>&#8230;ispatlamak istedi\u011fimiz, halk m\u00fczi\u011fimizin \u00e7ok sesli bir ruha sahip olmas\u0131. Ayr\u0131ca folklorumuzdaki dinamizmin pop m\u00fczi\u011fin dinami\u011fine yak\u0131n olmas\u0131. Geri kalm\u0131\u015f pop\u00fcler m\u00fczi\u011fimizin ileri teknik ve zengin folklorumuzla birle\u015fmesiyle bir ki\u015filik kazanmas\u0131&#8230;<\/em>&#8220;<\/p>\n<p style=\"text-align: justify;\">Mo\u011follar, bu a\u00e7\u0131klamay\u0131 yapt\u0131klar\u0131 tarihlerde, Anadolu Pop&#8217;un yaln\u0131zca d\u00fczenlemelerden ibaret olmad\u0131\u011f\u0131n\u0131 ve bu tarzda beste de yap\u0131labilece\u011fini kan\u0131tlamak i\u00e7in bir 45&#8217;lik \u00e7\u0131kar\u0131rlar: &#8220;Da\u011f ve \u00c7ocuk\/\u0130mece&#8221;. Her iki par\u00e7a da yerli melodi ve ritimlerden yola \u00e7\u0131k\u0131larak yap\u0131lm\u0131\u015f bestelerdir, b\u00fcy\u00fck ilgi g\u00f6r\u00fcr. B\u00f6ylece Mo\u011follar, Anadolu Pop&#8217;un yarat\u0131c\u0131lar\u0131, &#8220;<span class=\"mw-redirect\">Da\u011f ve \u00c7ocuk<\/span>&#8221; da bestelenmi\u015f ilk Anadolu Pop hiti olarak tarihteki yerini al\u0131r. 1970&#8217;in ba\u015f\u0131nda Hasan Sel ayr\u0131l\u0131r, yerine daha \u00f6nce Erkin Koray d\u00f6rtl\u00fcs\u00fcnde bas \u00e7alan Taner \u00d6ng\u00fcr gelir. Daha sonra, Murat Ses&#8217;in tipik zurna bi\u00e7emli org sololar\u0131 ile Mo\u011follar, ayn\u0131 \u00e7izgide yollar\u0131na devam ederler (Garip \u00c7oban ve di\u011ferleri). Temmuz 1970&#8217;te bir eleman de\u011fi\u015fikli\u011fi daha ya\u015fan\u0131r, Aziz Azmet gruptan ayr\u0131l\u0131p solo \u00e7al\u0131\u015fmaya ba\u015flar ve o s\u0131ralarda yeni isim yapmaya ba\u015flayan <span class=\"mw-redirect\">\u00dc\u00e7 H\u00fcrel<\/span> ile bir s\u00fcre \u00e7al\u0131\u015f\u0131r. Aziz Azmet&#8217;in ayr\u0131l\u0131\u015f\u0131n\u0131n nedeni grubun t\u00fcrk\u00fclerle fazla i\u00e7li d\u0131\u015fl\u0131 olmas\u0131na muhalefet etmesi ve ba\u015fka aray\u0131\u015flar i\u00e7erisine girmesiydi.<\/p>\n<p style=\"text-align: justify;\">Aziz Azmet&#8217;in ayr\u0131l\u0131\u015f\u0131 \u00fczerine <span class=\"mw-redirect\">Ersen<\/span> gruba kat\u0131l\u0131r. Ersen&#8217;le &#8220;Ternek&#8221; 45&#8217;li\u011fini yaparlar, ancak bu birliktelik uzun s\u00fcrmez. 1970 A\u011fustos sonunda, Mo\u011follar Ersen&#8217;den ayr\u0131l\u0131r ve Paris&#8217;e gider.<\/p>\n<p style=\"text-align: justify;\"><strong><span id=\"Yurt_d.C4.B1.C5.9F.C4.B1_D.C3.B6nemi_ve_A.C4.9Fr.C4.B1_Da.C4.9F.C4.B1_Efsanesi\" class=\"mw-headline\">Yurt d\u0131\u015f\u0131 D\u00f6nemi ve A\u011fr\u0131 Da\u011f\u0131 Efsanesi<\/span><\/strong><\/p>\n<p style=\"text-align: justify;\">Paris&#8217;te Mo\u011follar, CBS firmas\u0131 ile \u00fc\u00e7 y\u0131ll\u0131k bir anla\u015fma imzalar ve Murat Ses&#8217;in bestelerinden olu\u015fan bir 45&#8217;lik &#8220;Behind the dark\/Hitchin&#8221; yaparlar (bu plak T\u00fcrkiye&#8217;de \u0130ngilizce olarak listeba\u015f\u0131 olur). Ayr\u0131ca &lt;Guild international du disque&gt; isimli bir plak \u015firketine de bir alb\u00fcm yaparlar. Bu alb\u00fcm &#8220;Danses et Rythmes de la Turquie-d&#8217;Hier d&#8217;Aujourd&#8217;hui&#8221; 1971 y\u0131l\u0131nda &lt;<span class=\"new\">Academie Charles Cros<\/span>&gt; b\u00fcy\u00fck plak \u00f6d\u00fcl\u00fcn\u00fc al\u0131r. Ad\u0131 ge\u00e7en plaktaki bestelerin ve gelenekselden d\u00fczenlemelerin tamam\u0131na yak\u0131n\u0131 Murat Ses&#8217;in kaleminden \u00e7\u0131km\u0131\u015ft\u0131r. (Kaynak: SACEM-Fransa ve MESAM-T\u00fcrkiye).<\/p>\n<p style=\"text-align: justify;\">Bu d\u00f6nemden kalan en \u00f6nemli Murat Ses bestesi, &#8220;A\u011fr\u0131 Da\u011f\u0131 Efsanesi&#8221;dir. Konserlerde zaman zaman 10-15 dakika kadar s\u00fcren bu par\u00e7ada Murat Ses&#8217;in uzun org improvizasyonlari dikkat \u00e7eker. Bu arada Mo\u011follar Paris&#8217;te o tarihlerde Bel\u00e7ika&#8217;da ya\u015famakta olan Bar\u0131\u015f Man\u00e7o ile kar\u015f\u0131la\u015f\u0131rlar ve onunla \u00e7al\u0131\u015fmaya ba\u015flarlar. Kurduklar\u0131 birlikteli\u011fe &#8220;<span class=\"new\">ManchoMongol<\/span>&#8221; ad\u0131n\u0131 verirler. Bar\u0131\u015f Man\u00e7o, bu konuda Hey dergisine \u015funlar\u0131 s\u00f6yler o tarihlerde: &#8220;<em>Art\u0131k biz bir b\u00fct\u00fcn\u00fcz. Ne ben Mo\u011follar&#8217;\u0131n \u015fark\u0131c\u0131s\u0131y\u0131m, ne de onlar benim grubum. Yepyeni bir grup olduk. Ad\u0131m\u0131z Man\u00e7oMongol. Kafaca anla\u015fan, ayn\u0131 fikir seviyesine gelmi\u015f olan bizler, yapt\u0131klar\u0131m\u0131z\u0131n daha iyi olmas\u0131 i\u00e7in, sesimizi b\u00fct\u00fcn d\u00fcnyaya kuvvetlice duyurabilmek i\u00e7in, ba\u015fba\u015fa vermenin zaman\u0131 geldi\u011fini anlad\u0131k.<\/em>&#8221; Ancak bu b\u00f6yle olmaz. Birlikte T\u00fcrkiyeye d\u00f6nen Bar\u0131\u015f Man\u00e7o ve Mo\u011follar, d\u00f6rt ay de\u011fi\u015fik y\u00f6relerde konserler verdikten sonra ayr\u0131l\u0131r. Geriye beraber yapt\u0131klar\u0131 iki 45&#8217;lik plak kal\u0131r. Bu arada Mo\u011follar&#8217;\u0131n Paris&#8217;te doldurduklar\u0131 alb\u00fcm Mart 1971&#8217;de Academie Charles Cross \u00f6d\u00fcl\u00fcn\u00fc al\u0131r. T\u00fcrkiyede b\u00fcy\u00fck yank\u0131s\u0131 olur bu \u00f6d\u00fcl\u00fcn. \u00d6rne\u011fin H\u00fcrriyet gazetesi tam sayfa olarak duyurur bu haberi: &#8220;Mo\u011follar&#8217;\u0131n davul ve zurna ile doldurdu\u011fu plak Akademi arma\u011fan\u0131 ald\u0131.&#8221;<\/p>\n<p style=\"text-align: justify;\">Ayn\u0131 tarihlerde, yine Paris&#8217;te CBS firmas\u0131ndan \u00e7\u0131kan s\u00f6z ve m\u00fczikleri Murat Ses&#8217;e ait 45&#8217;lik &#8220;Behind the Dark\/Hitchin&#8221; \u015f\u00f6yle sunulur dinleyiciye: &#8220;Pikab\u0131n\u0131z\u0131n kolunu pla\u011f\u0131n \u00fcst\u00fcne koyup dinlemeye ba\u015flad\u0131\u011f\u0131n\u0131z anda Do\u011fu&#8217;dan gelen bir grubun varl\u0131\u011f\u0131n\u0131 anlayacaks\u0131n\u0131z. Mo\u011follar, bir \u00e7e\u015fit &#8216;sitar&#8217; olan &#8216;ba\u011flama&#8217;y\u0131 pop m\u00fczi\u011fine iyi uygulamalar\u0131 ile dikkati \u00e7ekiyor. \u00d6\u011f\u00fctleyebilece\u011fimiz tek \u015fey, yaln\u0131zca T\u00fcrklerin bildi\u011fi bu ritmin ak\u0131\u015f\u0131na, sihirine kendinizi b\u0131rakman\u0131z.&#8221;<\/p>\n<p style=\"text-align: justify;\"><strong><span id=\"Gruptan_Eksilenler_ve_Namus_Belas.C4.B1\" class=\"mw-headline\">Gruptan Eksilenler ve Namus Belas\u0131<\/span><\/strong><\/p>\n<p style=\"text-align: justify;\">Bar\u0131\u015f Man\u00e7o&#8217;dan ayr\u0131ld\u0131ktan sonra tekrar Paris&#8217;e d\u00f6nen Mo\u011follar, bu kez Engin Y\u00f6r\u00fcko\u011flu&#8217;nu orada b\u0131rakarak T\u00fcrkiye&#8217;ye d\u00f6ner. Y\u00f6r\u00fcko\u011flu ani bir kararla, 31 Temmuz 1971&#8217;de Dominique Meraud ile evlenerek Paris&#8217;e yerle\u015fir. Bu beklenmedik ayr\u0131l\u0131k Mavi I\u015f\u0131klar&#8217;\u0131n davulcusu <span class=\"new\">Ayzer Danga<\/span> ile telafi edilmeye \u00e7al\u0131\u015f\u0131l\u0131r, bir sene bu formatta gider. &#8220;Alageyik Destan\u0131\/Mo\u011fol Halay\u0131&#8221; ve &#8220;Cigrik\/Sila&#8221; 45&#8217;li\u011fi bu d\u00f6nemde yap\u0131l\u0131r. Ancak A\u011fustos 1972&#8217;de Murat Ses gruptan ayr\u0131l\u0131r. Bu arada Selda ile bir 45&#8217;lik yapar Mo\u011follar. Daha sonra Ersen gruba yeniden kat\u0131l\u0131r.<\/p>\n<p style=\"text-align: justify;\">Aral\u0131k 1972&#8217;de ilgin\u00e7 bir olay ya\u015fan\u0131r: Cem Karaca ile \u00e7al\u0131\u015fan Karda\u015flar, <span class=\"mw-redirect\">Ersen<\/span> ile \u00e7al\u0131\u015fan Mo\u011follar solistlerini de\u011fi\u015firler. Bu g\u00f6r\u00fclmedik olay Mo\u011follar\u0131n tekrar g\u00fcndeme gelmesini sa\u011flar. Cem Karaca ve Mo\u011follar g\u00fc\u00e7l\u00fc bir birliktelik olu\u015fturmu\u015f ve uzun s\u00fcrecek bir dostlu\u011fun temeli at\u0131lm\u0131\u015f olur. \u00c7e\u015fitli konser turneleri ve plak \u00e7al\u0131\u015fmalar\u0131yla ge\u00e7en iki senelik bir zaman sonunda bu defa Taner \u00d6ng\u00fcr ile Ayzer Danga Mo\u011follar&#8217;dan ayr\u0131l\u0131r. Eskilerden bir tek Cahit Berkay kalm\u0131\u015ft\u0131r.<\/p>\n<p style=\"text-align: justify;\">Bu arada Cem Karaca ve Mo\u011follar&#8217;\u0131n en \u00f6nemli par\u00e7alar\u0131ndan biri &#8220;<span class=\"new\">Namus Belas\u0131<\/span>&#8221; \u00e7\u0131kar piyasaya. Bir s\u00fcre sonra Cahit Berkay Mo\u011follar&#8217;\u0131 da\u011f\u0131t\u0131p Fransa&#8217;ya gider orada Engin Y\u00f6r\u00fcko\u011flu ile bulu\u015fur, yanlar\u0131na kat\u0131lan \u00e7e\u015fitli m\u00fczisyenlerle Mo\u011follar ad\u0131 alt\u0131nda iki alb\u00fcm ve Ali R\u0131za Binbo\u011fa&#8217;yla birlikte bir 45&#8217;lik yaparlar. 1974 sonu ile 1976 y\u0131llar\u0131 aras\u0131nda Cahit Berkay ve Engin Y\u00f6r\u00fcko\u011flunun s\u00fcrd\u00fcrd\u00fc\u011f\u00fc Mo\u011follar 1976&#8217;da, aralar\u0131na kat\u0131lan m\u00fczisyen O\u011fuz Abadan&#8217;\u0131n da T\u00fcrkiye&#8217;ye geri d\u00f6nmesiyle \u00e7al\u0131\u015fmalar\u0131na son verir. Bu d\u00f6nemden kalan en \u00f6nemli alb\u00fcm, Fransa&#8217;da RCA firmas\u0131ndan \u00e7\u0131kan &#8220;<span class=\"new\">Hitit Sun<\/span>&#8221; T\u00fcrkiyede &#8220;D\u00fcm-Tek&#8221; tir. Bu alb\u00fcmde Cahit Berkay&#8217;\u0131n enstr\u00fcmental besteleri Anadolu Pop&#8217;tan jazz rock&#8217;a do\u011fru y\u00f6nelmeyi i\u015faretlemektedir.<\/p>\n<p style=\"text-align: justify;\"><strong><span id=\"Grubun_Da.C4.9F.C4.B1lmas.C4.B1\" class=\"mw-headline\">Grubun Da\u011f\u0131lmas\u0131<\/span><\/strong><\/p>\n<p style=\"text-align: justify;\">1976&#8217;dan sonra yaln\u0131zca bireysel \u00e7al\u0131\u015fmalar\u0131n\u0131 s\u00fcrd\u00fcr\u00fcr &#8216;\u00c7ekirdek&#8217; Mo\u011follar elemanlar\u0131. Cahit Berkay, film m\u00fczikleri yapar aradaki y\u0131llarda. &#8217;90&#8217;larda, Cem Karaca ve <span class=\"new\">U\u011fur Dikmen<\/span>&#8216;le <span class=\"mw-redirect\">Rock<\/span> kumpanyas\u0131 adl\u0131 grubu kurar, birlikte iki alb\u00fcm (Yiyin Efendiler ve Nerde Kalm\u0131\u015ft\u0131k)yaparlar.<\/p>\n<p style=\"text-align: justify;\">Engin Y\u00f6r\u00fcko\u011flu, Fransada \u00e7e\u015fitli jazz gruplar\u0131 kurar, sonralar\u0131 \u0130stanbul&#8217;da Jazz Stop isimli bir kul\u00fcp a\u00e7arak orada \u00e7almaya ba\u015flar.<\/p>\n<p style=\"text-align: justify;\">Taner \u00d6ng\u00fcr ise Dostlar (Edip Akbayram&#8217;\u0131n eski grubu), Dada\u015flar (Ersen&#8217;in 1974-1993 aras\u0131nda \u00e7al\u0131\u015ft\u0131\u011f\u0131 grup) ve Dervi\u015fan (Cem Karaca&#8217;n\u0131n eski grubu)&#8217;da \u00e7al\u0131\u015f\u0131r bir s\u00fcre. Daha sonra Almanya&#8217;ya yerle\u015fir. 1992&#8217;de T\u00fcrkiye&#8217;ye d\u00f6ner, &#8220;Alarm&#8221; isimli ilk solo alb\u00fcm\u00fcn\u00fc \u00e7\u0131kart\u0131r.<\/p>\n<p style=\"text-align: justify;\">Murat Ses, Kurtalan Ekspres&#8217;le \u00e7al\u0131\u015f\u0131r, bir ara k\u0131sa s\u00fcrelerle Dostlar ve Dervi\u015fan&#8217;la \u00e7al\u0131\u015f\u0131r, o d\u00f6nemden kalan en \u00f6nemli par\u00e7a, Dostlar&#8217;la yapm\u0131\u015f oldu\u011fu &#8216;Garip&#8217;tir. Daha sonra, kendi grubu A\u011fr\u0131 Da\u011f\u0131 Efsanesini kurar. 1979&#8217;dan itibaren Avusturya&#8217;ya yerle\u015fen Ses, halen orada ve ABD&#8217;de ya\u015famaktad\u0131r. Avusturya&#8217;da ve ABD&#8217;de, bu g\u00fcne kadar yedi solo alb\u00fcm \u00e7\u0131karm\u0131\u015ft\u0131r: Automaton (1990), Binfen (1995), Culduz (1999), Automaton Square (2005), Binfen 2005 Remix (2005), Electric Levantine (2006) ve Umami (2007).<\/p>\n<p style=\"text-align: justify;\"><strong><span id=\"Grubun_Tekrar_Bir_Araya_Geli.C5.9Fi\" class=\"mw-headline\">Grubun Tekrar Bir Araya Geli\u015fi<\/span><\/strong><\/p>\n<p style=\"text-align: justify;\">1992&#8217;de bir televizyon program\u0131nda dinledi\u011fi Mo\u011follar&#8217;dan etkilenen <span class=\"mw-redirect\">Leman<\/span> dergisi \u00e7izerlerinden <span class=\"new\">Kaan Ertem<\/span>, &#8220;Mo\u011follar tekrar bir araya gelsin&#8221; \u00e7a\u011fr\u0131s\u0131yla bir imza kampanyas\u0131 a\u00e7ar. 4000&#8217;den fazla imza toplan\u0131r bu kampanya dahilinde. Cahit Berkay, Taner \u00d6ng\u00fcr ve Engin Y\u00f6r\u00fcko\u011flu arada bir araya gelip bu konuyu g\u00f6r\u00fc\u015f\u00fcrler, yeniden Mo\u011follar&#8217;\u0131 kurmak konusunda teredd\u00fctleri vard\u0131r, ancak kampanya&#8217;ya gelen mektuplar onlara cesaret verir. Yanlar\u0131na gen\u00e7 bir m\u00fczisyen <span class=\"new\">Serhat Ers\u00f6z<\/span>&#8216;\u00fc alarak, 31 May\u0131s 1993&#8217;te \u0130stanbul Cemal Re\u015fit Rey konser salonunda verdikleri muhte\u015fem bir konserle geri d\u00f6nerler. 1994&#8217;te &#8220;Mo\u011follar94&#8221;, 1996&#8217;da &#8220;D\u00f6rt Renk&#8221;, 1998&#8217;de &#8220;30.y\u0131l&#8221;, 2000&#8217;de &#8220;Mo\u011follar 1968-2000&#8221; ve 2004&#8217;te &#8220;Y\u00fcr\u00fcd\u00fck Durmadan&#8221; alb\u00fcmlerini \u00e7\u0131kar\u0131rlar. 2007 y\u0131l\u0131nda Cem Karaca&#8217;n\u0131n o\u011flu <span class=\"new\">Emrah Karaca<\/span> solist olarak gruba kat\u0131l\u0131r.<\/p>\n<p><strong>Grubun \u00dcyeleri<\/strong><\/p>\n<p> Cahit Berkay &#8211; Gitar &amp; (di\u011fer anadolu sazlar\u0131)<\/p>\n<p> Engin Y\u00f6r\u00fcko\u011flu &#8211; Davul<\/p>\n<p> Taner \u00d6ng\u00fcr &#8211; Bass Gitar &amp; Gitar<\/p>\n<p> Serhat Ers\u00f6z &#8211; Klavye<\/p>\n<p> Emrah Karaca &#8211; Vokal<\/p>\n<p style=\"text-align: justify;\"><strong><span id=\"Grup_Elemanlar.C4.B1\" class=\"mw-headline\">Grup Elemanlar\u0131<\/span><\/strong><\/p>\n<p style=\"text-align: justify;\"><strong><span id=\"Cahit_Berkay\" class=\"mw-headline\">Cahit Berkay<\/span><\/strong><\/p>\n<p style=\"text-align: justify;\">1946&#8217;da Senirkent Isparta&#8217;da do\u011fan Cahit Berkay, m\u00fczik hayat\u0131na, 1962 y\u0131l\u0131nda Siyah inciler adl\u0131 grupta ba\u015flar. 1964&#8217;te Sel\u00e7uk Alag\u00f6z \u00fcn grubunda profesyonel m\u00fczik hayat\u0131na ad\u0131m atm\u0131\u015f olur. 1967 y\u0131l\u0131n\u0131n sonunda kat\u0131ld\u0131\u011f\u0131 Mo\u011follar&#8217;\u0131n zamanla beyni oldu. Berkay; grupta akustik, elektro gitar, yayl\u0131 tambur, \u0131kl\u0131\u011f, ba\u011flama \u00e7al\u0131yordu.<\/p>\n<p style=\"text-align: justify;\">Mo\u011follar d\u0131\u015f\u0131nda bireysel \u00e7al\u0131\u015fmalar y\u00fcr\u00fcterek bir\u00e7ok film m\u00fczi\u011fine de imza atan Cahit Berkay, 1978&#8217;de &#8220;F\u0131rat\u0131n cinleri&#8221;, 1982&#8217;de &#8220;K\u0131r\u0131k bir a\u015fk hik\u00e2yesi&#8221;, 1991&#8217;de &#8220;Gizli y\u00fcz&#8221; filim m\u00fczikleri ile Alt\u0131n Portakal \u00f6d\u00fcl\u00fcn\u00fc ald\u0131. 200&#8217;den fazla uzun metrajl\u0131 filim m\u00fczi\u011fi ve bir\u00e7ok dizi m\u00fczi\u011finin alt\u0131nda Cahit Berkay&#8217;\u0131n imzas\u0131 bulunmaktad\u0131r. 1997&#8217;de Cahit Berkay filim m\u00fczikleri alb\u00fcmleri serisinin birincisini yapt\u0131. Film m\u00fczikleri vol\u00fcm 2 , 1998&#8217;de, vol\u00fcm 3 ise 2001&#8217;de \u00e7\u0131kt\u0131..<\/p>\n<p style=\"text-align: justify;\"><strong><span id=\"Taner_.C3.96ng.C3.BCr\" class=\"mw-headline\">Taner \u00d6ng\u00fcr<\/span><\/strong><\/p>\n<p style=\"text-align: justify;\">1949&#8217;da \u0130stanbul&#8217;da do\u011fdu. M\u00fczik hayat\u0131na 16 ya\u015f\u0131nda Volkanlar isimli grupla Kontrabas \u00e7alarak ba\u015flad\u0131. Daha sonra s\u0131ras\u0131yla, Meteorlar, Okan Din\u00e7er Kontrastlar ve Erkin Koray d\u00f6rtl\u00fcs\u00fc ile \u00e7al\u0131\u015ft\u0131. 1969 y\u0131l\u0131nda Mo\u011follar&#8217;a kat\u0131lan \u00d6ng\u00fcr, grup&#8217;ta Bass gitar \u00e7al\u0131yordu 1974 y\u0131l\u0131nda Mo\u011follar&#8217;dan ayr\u0131larak Tank isimli bir grup kurdu. Fakat bu grup fazla uzun \u00f6m\u00fcrl\u00fc olamad\u0131. Daha sonra Ersen ve Dada\u015flar ile Cem Karaca Dervi\u015fan grubuyla \u00e7al\u0131\u015fan Taner \u00d6ng\u00fcr, 1980 y\u0131l\u0131nda Almanya&#8217;ya gitti. Frankfurt&#8217;ta Figo Anda\u00e7 ile Baba isimli bir proje \u00fczerinde 10 sene elektronik, psycodelic deneyler yapt\u0131lar. 1991 y\u0131l\u0131nda T\u00fcrkiye&#8217;ye d\u00f6nen Taner \u00d6ng\u00fcr 1993&#8217;te Alarm isimli bir solo alb\u00fcm yapt\u0131. 2005 y\u0131l\u0131nda ise yeni solo alb\u00fcm\u00fc i\u00e7in kaytlara ba\u015flad\u0131.<\/p>\n<p style=\"text-align: justify;\">Rock m\u00fczi\u011finin t\u00fcrkiye&#8217;deki isyan\u0131 olan Bar\u0131\u015farock&#8217;\u0131n hayata ge\u00e7irilmesinde bireysel anlamda b\u00fcy\u00fck katk\u0131lar\u0131 oldu ve her y\u0131lda olmaya devam etmektedir.<\/p>\n<p style=\"text-align: justify;\"><strong><span id=\"Engin_Y.C3.B6r.C3.BCko.C4.9Flu\" class=\"mw-headline\">Engin Y\u00f6r\u00fcko\u011flu<\/span><\/strong><\/p>\n<p style=\"text-align: justify;\">Mo\u011follar&#8217;\u0131n dedesi olarak tan\u0131mlanan Engin Y\u00f6r\u00fcko\u011flu, 1945&#8217;te \u0130stanbul&#8217;da do\u011fdu. M\u00fczi\u011fe 1963 y\u0131l\u0131nda G\u00f6lc\u00fck&#8217;te ba\u015flad\u0131. Daha sonra Sel\u00e7uk Alag\u00f6z&#8217;\u00fcn grubuna girdi. 1969 y\u0131l\u0131nda Mo\u011follar&#8217;a kat\u0131lana kadar burada \u00e7al\u0131\u015ft\u0131. Mo\u011follar&#8217;la gitti\u011fi Paris&#8217;te gruptan ayr\u0131ld\u0131. Daha sonraki y\u0131llarda Cahit Berkay ile Paris&#8217;te \u00e7e\u015fitli \u00e7al\u0131\u015fmalar yapt\u0131. Ayr\u0131ca Jazz m\u00fczi\u011fine y\u00f6neldi. \u00c7e\u015fitli triolar ve Quartetler kurdu. 1991&#8217;de T\u00fcrkiye&#8217;ye d\u00f6nen Y\u00f6r\u00fcko\u011flu, halen \u0130stanbul\/Beyo\u011flunda <span class=\"new\">Jazz Stop<\/span> isimli bir Jazz ve Rock kul\u00fcb\u00fc ve Bodrum K\u0131z\u0131la\u011fa\u00e7 k\u00f6y\u00fcnde de bir restaurant i\u015fletmektedir.<\/p>\n<p style=\"text-align: justify;\">Mo\u011follar hayranlar\u0131 taraf\u0131ndan \u00e7ok sevilen dede Engin Y\u00f6r\u00fcko\u011flu&#8217;n\u0131n \u00fcnl\u00fc \u00e7in\u00e7an solosu ise her konserde vazge\u00e7ilmez davul solosu olarak konserlerine gidenlere sunulmaktad\u0131r. Engin Y\u00f6r\u00fcko\u011flu 2007 y\u0131l\u0131nda akci\u011fer kanserine yakaland\u0131\u011f\u0131 i\u00e7in kemoterapi g\u00f6rmektedir.<\/p>\n<p style=\"text-align: justify;\">Mo\u011follar grubunun 40.y\u0131l\u0131,2008 y\u0131l\u0131nda da Dedesi olarak tan\u0131mlanan Engin Y\u00f6r\u00fcko\u011flu,G\u00fcm\u00fc\u015f uzun sa\u00e7lar\u0131n\u0131,g\u00fcm\u00fc\u015f b\u0131y\u0131k ve sakallar\u0131n\u0131 kesip tra\u015f k\u00f6p\u00fc\u011f\u00fc ve tra\u015f b\u0131\u00e7a\u011f\u0131yla g\u00fcm\u00fc\u015f sa\u00e7lar\u0131n\u0131,sakallar\u0131n\u0131 ve b\u0131y\u0131klar\u0131n\u0131 al\u0131p s\u0131f\u0131rlam\u0131\u015ft\u0131r.<\/p>\n<p style=\"text-align: justify;\"><strong><span id=\"Serhat_Ers.C3.B6z\" class=\"mw-headline\"><span class=\"new\">Serhat Ers\u00f6z<\/span><\/span><\/strong><\/p>\n<p style=\"text-align: justify;\">Mo\u011follar grubunun en gen\u00e7 eleman\u0131 olan Serhat Ers\u00f6z gruba 1993 y\u0131l\u0131nda kat\u0131lm\u0131\u015ft\u0131r ve grupta klavye \u00e7almaktad\u0131r..Mo\u011follar Grubunun 40.y\u0131l\u0131nda gen\u00e7 olarak da tan\u0131mlanan Serhat Ers\u00f6z,uzun sa\u00e7lar\u0131n\u0131 makineyle al\u0131p kuaf\u00f6rde kestirdi (2008).<\/p>\n<p style=\"text-align: justify;\"><strong><span id=\"Emrah_Karaca\" class=\"mw-headline\"><span class=\"new\">Emrah Karaca<\/span><\/span><\/strong><\/p>\n<p style=\"text-align: justify;\">Grubun solistidir, en yeni \u00fcye olarak 2008&#8217;de kat\u0131ld\u0131. Grubun kurucular\u0131ndan Cem Karaca&#8217;n\u0131n o\u011fludur.<\/p>\n<p>\n<object width=\"400\" height=\"315\" data=\"http:\/\/www.humyo.com\/E\/10044311-281475196548051\/10044311-281475196560309\/10044311-281475196497843\/10044311-281475196494559\/10044311-281475196502163\/10044311-281475196502447\/10044311-281475196505427\/10044311-281475196508207\/10044311-281475196512559\/10044311-281475196514311\/10044311-281475196514725\/10044311-281475196515749\/10044311-281475196567911\/10044311-281475196520881\/10044311-281475196526603\/10044311-281475196530443\/10044311-281475196546319\/10044311-281475196537269\/10044311-281475196540357\/10044311-281475196547381\/10044311-281475196554079\/10044311-281475196568475\/10044311-281475196570073\/10044311-281475196567367\/10044311-281475196567701\/10044311-281475196569319\" type=\"application\/x-shockwave-flash\"><param name=\"flashvars\" value=\"autostart=true&amp;imagestart=true&amp;displayheight=236\" \/><param name=\"src\" value=\"http:\/\/www.humyo.com\/E\/10044311-281475196548051\/10044311-281475196560309\/10044311-281475196497843\/10044311-281475196494559\/10044311-281475196502163\/10044311-281475196502447\/10044311-281475196505427\/10044311-281475196508207\/10044311-281475196512559\/10044311-281475196514311\/10044311-281475196514725\/10044311-281475196515749\/10044311-281475196567911\/10044311-281475196520881\/10044311-281475196526603\/10044311-281475196530443\/10044311-281475196546319\/10044311-281475196537269\/10044311-281475196540357\/10044311-281475196547381\/10044311-281475196554079\/10044311-281475196568475\/10044311-281475196570073\/10044311-281475196567367\/10044311-281475196567701\/10044311-281475196569319\" \/><\/object>\n<\/p>\n<p><strong>Alb\u00fcmleri<\/strong><\/p>\n<p>45likler<\/p>\n<p> Eastern Love \/ Art\u0131k \u00c7ok Ge\u00e7 (1968)<br \/> Mektup \/ Lazy John (1968)<br \/> Everlasting Love \/ Hard Work (1968)<br \/> Ilgaz \/ Kaleden Kaleye \u015eahin U\u00e7urdum (1968)<br \/> Sessiz Gemi \/ \u0130ndim Havuz Ba\u015f\u0131na (1972)<br \/> Da\u011f Ve \u00c7ocuk \/ \u0130mece (1970)<br \/> A\u011flama \/ Yaln\u0131zl\u0131\u011f\u0131n Ac\u0131kl\u0131 G\u00fcld\u00fcr\u00fcs\u00fc (1970)<br \/> Garip \u00c7oban \/ Berkay Oyun Havas\u0131 (1970)<br \/> Ternek \/ Hali\u00e7&#8217;te G\u00fcne\u015fin Bat\u0131\u015f\u0131 (Ersen&#8217;le birlikte) (1970)<br \/> Hitchin \/ Behind The Dark (1970)<br \/> Behind The Dark \/ Mad\u0131mak \/ Lorke (1971)<br \/> Hitchin \/ Hamsi (1971)<br \/> \u0130\u015fte Hendek \u0130\u015fte Deve\/Katip Arzuhalim Yaz Yare B\u00f6yle (Bar\u0131\u015f Man\u00e7o&#8217;yla birlikte Manchomongol olarak) (1971)<br \/> Binbo\u011fan\u0131n K\u0131z\u0131 \/ Ay Osman (Bar\u0131\u015f Man\u00e7o&#8217;yla birlikte Manchomongol olarak) (1971)<br \/> Yalan D\u00fcnya \/ Kalenin Dibinde (Selda Ba\u011fcan&#8217;la birlikte) (1972)<br \/> Alageyik Destan\u0131 \/ Mo\u011fol Halay\u0131 (1972)<br \/> \u00c7\u0131\u011fr\u0131k \/ S\u0131la (1972)<br \/> Sor Kendine \/ Garip G\u00f6nl\u00fcm (Ersen&#8217;le birlikte) (1972)<br \/> Obur D\u00fcnya \/ El \u00c7ek Tabib (Cem Karaca&#8217;yla birlikte) (1973)<br \/> Gel Gel \/ \u00dcz\u00fcm Kald\u0131 (Cem Karaca&#8217;yla birlikte) (1973)<br \/> Namus Belas\u0131 \/ Gurbet (Cem Karaca&#8217;yla birlikte) (1974)<br \/> Tanr\u0131lar\u0131n Arabalar\u0131 \/ Bu Nas\u0131l D\u00fcnya? (1974)<br \/> Birlik i\u00e7in Elele \/ Sevgimin Derdi Alb\u00fcmler (Ali R\u0131za Binbo\u011fa&#8217;yla birlikte) (1975)<\/p>\n<p><strong>Alb\u00fcmler<\/strong><\/p>\n<p> Anadolu Pop (1) (1971) (Uzun\u00e7alar)<br \/> Hittit Sun (2) (1975) (Uzun\u00e7alar)<br \/> Mo\u011follar (3) (1976) (Uzun\u00e7alar)<br \/> An\u0131larla Mo\u011follar ve Sil\u00fcetler (4) (1990)<br \/> Anadolupop 70&#8217;li Y\u0131llar (5) (1993)<br \/> Mo\u011follar&#8217;94 (1994-Berkay-Bayar M\u00fczik)<br \/> D\u00f6rt Renk (1996)<br \/> 30. Y\u0131l (1998-Emre Plak)<br \/> Mo\u011follar 1968-2000 (2000-Emre Plak)<br \/> Y\u00fcr\u00fcd\u00fck Durmadan (2004-Emre Plak)<br \/> Umut Yolunu Bulur (2009-Emre Plak)<\/p>\n","protected":false},"excerpt":{"rendered":"<p>1967&#8217;de Sil\u00fcetler&#8216;de \u00e7al\u0131\u015fan Aziz Azmet, Tahir Nejat \u00d6zy\u0131lmazel, Murat Ses ve Ayd\u0131n Daruga Vah\u015fi Kediler grubunun bas\u00e7\u0131s\u0131 Haluk Kunt&#8216;la birlikte grubu kurarlar. K\u0131sa bir s\u00fcre (yakla\u015f\u0131k 2 ay) sonra Sel\u00e7uk Alag\u00f6z grubunda \u00e7al\u0131\u015fan Cahit Berkay gruba kat\u0131l\u0131r ve Tahir Nejat \u00d6zy\u0131lmazel gruptan ayr\u0131l\u0131r. K\u0131sa bir s\u00fcre sonra yine bir ara Sel\u00e7uk Alag\u00f6z grubunda \u00e7al\u0131\u015fm\u0131\u015f olan [&hellip;]<\/p>\n","protected":false},"author":1,"featured_media":0,"comment_status":"open","ping_status":"open","sticky":false,"template":"","format":"standard","meta":{"footnotes":""},"categories":[127],"tags":[],"class_list":{"0":"post-3952","1":"post","2":"type-post","3":"status-publish","4":"format-standard","6":"category-muzik-gruplari"},"yoast_head":"<!-- This site is optimized with the Yoast SEO Premium plugin v24.9 (Yoast SEO v24.9) - https:\/\/yoast.com\/wordpress\/plugins\/seo\/ -->\n<title>Mo\u011follar \/ Cahit Berkay ve \u015fark\u0131lar\u0131 narteks.net &#039;te - narteks.net<\/title>\n<meta name=\"robots\" content=\"index, follow, max-snippet:-1, max-image-preview:large, max-video-preview:-1\" \/>\n<link rel=\"canonical\" href=\"https:\/\/narteks.net\/index.php\/2010\/01\/11\/mogollar-cahit-berkay-ve-sarkilari-narteksnet-te\/\" \/>\n<meta property=\"og:locale\" content=\"tr_TR\" \/>\n<meta property=\"og:type\" content=\"article\" \/>\n<meta property=\"og:title\" content=\"Mo\u011follar \/ Cahit Berkay ve \u015fark\u0131lar\u0131 narteks.net &#039;te\" \/>\n<meta property=\"og:description\" content=\"1967&#8217;de Sil\u00fcetler&#8216;de \u00e7al\u0131\u015fan Aziz Azmet, Tahir Nejat \u00d6zy\u0131lmazel, Murat Ses ve Ayd\u0131n Daruga Vah\u015fi Kediler grubunun bas\u00e7\u0131s\u0131 Haluk Kunt&#8216;la birlikte grubu kurarlar. K\u0131sa bir s\u00fcre (yakla\u015f\u0131k 2 ay) sonra Sel\u00e7uk Alag\u00f6z grubunda \u00e7al\u0131\u015fan Cahit Berkay gruba kat\u0131l\u0131r ve Tahir Nejat \u00d6zy\u0131lmazel gruptan ayr\u0131l\u0131r. K\u0131sa bir s\u00fcre sonra yine bir ara Sel\u00e7uk Alag\u00f6z grubunda \u00e7al\u0131\u015fm\u0131\u015f olan [&hellip;]\" \/>\n<meta property=\"og:url\" content=\"https:\/\/narteks.net\/index.php\/2010\/01\/11\/mogollar-cahit-berkay-ve-sarkilari-narteksnet-te\/\" \/>\n<meta property=\"og:site_name\" content=\"narteks.net\" \/>\n<meta property=\"article:published_time\" content=\"2010-01-11T08:31:06+00:00\" \/>\n<meta property=\"og:image\" content=\"https:\/\/narteks.net\/wp-content\/uploads\/narteks.png\" \/>\n\t<meta property=\"og:image:width\" content=\"300\" \/>\n\t<meta property=\"og:image:height\" content=\"90\" \/>\n\t<meta property=\"og:image:type\" content=\"image\/png\" \/>\n<meta name=\"author\" content=\"Tar\u0131k\" \/>\n<meta name=\"twitter:card\" content=\"summary_large_image\" \/>\n<meta name=\"twitter:creator\" content=\"@narteks\" \/>\n<meta name=\"twitter:site\" content=\"@narteks\" \/>\n<meta name=\"twitter:label1\" content=\"Yazan:\" \/>\n\t<meta name=\"twitter:data1\" content=\"Tar\u0131k\" \/>\n\t<meta name=\"twitter:label2\" content=\"Tahmini okuma s\u00fcresi\" \/>\n\t<meta name=\"twitter:data2\" content=\"14 dakika\" \/>\n<script type=\"application\/ld+json\" class=\"yoast-schema-graph\">{\"@context\":\"https:\/\/schema.org\",\"@graph\":[{\"@type\":\"Article\",\"@id\":\"https:\/\/narteks.net\/index.php\/2010\/01\/11\/mogollar-cahit-berkay-ve-sarkilari-narteksnet-te\/#article\",\"isPartOf\":{\"@id\":\"https:\/\/narteks.net\/index.php\/2010\/01\/11\/mogollar-cahit-berkay-ve-sarkilari-narteksnet-te\/\"},\"author\":{\"name\":\"Tar\u0131k\",\"@id\":\"https:\/\/narteks.net\/#\/schema\/person\/61f37d9834294b72d31d274e7ed79bca\"},\"headline\":\"Mo\u011follar \/ Cahit Berkay ve \u015fark\u0131lar\u0131 narteks.net &#8216;te\",\"datePublished\":\"2010-01-11T08:31:06+00:00\",\"mainEntityOfPage\":{\"@id\":\"https:\/\/narteks.net\/index.php\/2010\/01\/11\/mogollar-cahit-berkay-ve-sarkilari-narteksnet-te\/\"},\"wordCount\":2782,\"commentCount\":0,\"publisher\":{\"@id\":\"https:\/\/narteks.net\/#organization\"},\"articleSection\":[\"M\u00fczik Gruplar\u0131\"],\"inLanguage\":\"tr\",\"potentialAction\":[{\"@type\":\"CommentAction\",\"name\":\"Comment\",\"target\":[\"https:\/\/narteks.net\/index.php\/2010\/01\/11\/mogollar-cahit-berkay-ve-sarkilari-narteksnet-te\/#respond\"]}]},{\"@type\":\"WebPage\",\"@id\":\"https:\/\/narteks.net\/index.php\/2010\/01\/11\/mogollar-cahit-berkay-ve-sarkilari-narteksnet-te\/\",\"url\":\"https:\/\/narteks.net\/index.php\/2010\/01\/11\/mogollar-cahit-berkay-ve-sarkilari-narteksnet-te\/\",\"name\":\"Mo\u011follar \/ Cahit Berkay ve \u015fark\u0131lar\u0131 narteks.net 'te - narteks.net\",\"isPartOf\":{\"@id\":\"https:\/\/narteks.net\/#website\"},\"datePublished\":\"2010-01-11T08:31:06+00:00\",\"breadcrumb\":{\"@id\":\"https:\/\/narteks.net\/index.php\/2010\/01\/11\/mogollar-cahit-berkay-ve-sarkilari-narteksnet-te\/#breadcrumb\"},\"inLanguage\":\"tr\",\"potentialAction\":[{\"@type\":\"ReadAction\",\"target\":[\"https:\/\/narteks.net\/index.php\/2010\/01\/11\/mogollar-cahit-berkay-ve-sarkilari-narteksnet-te\/\"]}]},{\"@type\":\"BreadcrumbList\",\"@id\":\"https:\/\/narteks.net\/index.php\/2010\/01\/11\/mogollar-cahit-berkay-ve-sarkilari-narteksnet-te\/#breadcrumb\",\"itemListElement\":[{\"@type\":\"ListItem\",\"position\":1,\"name\":\"Anasayfa\",\"item\":\"https:\/\/narteks.net\/\"},{\"@type\":\"ListItem\",\"position\":2,\"name\":\"Mo\u011follar \/ Cahit Berkay ve \u015fark\u0131lar\u0131 narteks.net &#8216;te\"}]},{\"@type\":\"WebSite\",\"@id\":\"https:\/\/narteks.net\/#website\",\"url\":\"https:\/\/narteks.net\/\",\"name\":\"narteks.net\",\"description\":\"K\u00fclt\u00fcr Sanat Edebiyat Felsefe\",\"publisher\":{\"@id\":\"https:\/\/narteks.net\/#organization\"},\"alternateName\":\"K\u00fclt\u00fcr Sanat Edebiyat Felsefe\",\"potentialAction\":[{\"@type\":\"SearchAction\",\"target\":{\"@type\":\"EntryPoint\",\"urlTemplate\":\"https:\/\/narteks.net\/?s={search_term_string}\"},\"query-input\":{\"@type\":\"PropertyValueSpecification\",\"valueRequired\":true,\"valueName\":\"search_term_string\"}}],\"inLanguage\":\"tr\"},{\"@type\":\"Organization\",\"@id\":\"https:\/\/narteks.net\/#organization\",\"name\":\"narteks.net\",\"url\":\"https:\/\/narteks.net\/\",\"logo\":{\"@type\":\"ImageObject\",\"inLanguage\":\"tr\",\"@id\":\"https:\/\/narteks.net\/#\/schema\/logo\/image\/\",\"url\":\"https:\/\/narteks.net\/wp-content\/uploads\/narteks.png\",\"contentUrl\":\"https:\/\/narteks.net\/wp-content\/uploads\/narteks.png\",\"width\":300,\"height\":90,\"caption\":\"narteks.net\"},\"image\":{\"@id\":\"https:\/\/narteks.net\/#\/schema\/logo\/image\/\"},\"sameAs\":[\"https:\/\/x.com\/narteks\",\"https:\/\/instagram.com\/narteksnet\"]},{\"@type\":\"Person\",\"@id\":\"https:\/\/narteks.net\/#\/schema\/person\/61f37d9834294b72d31d274e7ed79bca\",\"name\":\"Tar\u0131k\",\"image\":{\"@type\":\"ImageObject\",\"inLanguage\":\"tr\",\"@id\":\"https:\/\/narteks.net\/#\/schema\/person\/image\/\",\"url\":\"https:\/\/secure.gravatar.com\/avatar\/50865afb55632c4ae467e0af0930f6510aa2297d8014be502a55b14f3b7550cf?s=96&d=mm&r=g\",\"contentUrl\":\"https:\/\/secure.gravatar.com\/avatar\/50865afb55632c4ae467e0af0930f6510aa2297d8014be502a55b14f3b7550cf?s=96&d=mm&r=g\",\"caption\":\"Tar\u0131k\"},\"sameAs\":[\"http:\/\/narteks.net\"],\"url\":\"https:\/\/narteks.net\/index.php\/author\/narbak\/\"}]}<\/script>\n<!-- \/ Yoast SEO Premium plugin. -->","yoast_head_json":{"title":"Mo\u011follar \/ Cahit Berkay ve \u015fark\u0131lar\u0131 narteks.net 'te - narteks.net","robots":{"index":"index","follow":"follow","max-snippet":"max-snippet:-1","max-image-preview":"max-image-preview:large","max-video-preview":"max-video-preview:-1"},"canonical":"https:\/\/narteks.net\/index.php\/2010\/01\/11\/mogollar-cahit-berkay-ve-sarkilari-narteksnet-te\/","og_locale":"tr_TR","og_type":"article","og_title":"Mo\u011follar \/ Cahit Berkay ve \u015fark\u0131lar\u0131 narteks.net 'te","og_description":"1967&#8217;de Sil\u00fcetler&#8216;de \u00e7al\u0131\u015fan Aziz Azmet, Tahir Nejat \u00d6zy\u0131lmazel, Murat Ses ve Ayd\u0131n Daruga Vah\u015fi Kediler grubunun bas\u00e7\u0131s\u0131 Haluk Kunt&#8216;la birlikte grubu kurarlar. K\u0131sa bir s\u00fcre (yakla\u015f\u0131k 2 ay) sonra Sel\u00e7uk Alag\u00f6z grubunda \u00e7al\u0131\u015fan Cahit Berkay gruba kat\u0131l\u0131r ve Tahir Nejat \u00d6zy\u0131lmazel gruptan ayr\u0131l\u0131r. K\u0131sa bir s\u00fcre sonra yine bir ara Sel\u00e7uk Alag\u00f6z grubunda \u00e7al\u0131\u015fm\u0131\u015f olan [&hellip;]","og_url":"https:\/\/narteks.net\/index.php\/2010\/01\/11\/mogollar-cahit-berkay-ve-sarkilari-narteksnet-te\/","og_site_name":"narteks.net","article_published_time":"2010-01-11T08:31:06+00:00","og_image":[{"width":300,"height":90,"url":"https:\/\/narteks.net\/wp-content\/uploads\/narteks.png","type":"image\/png"}],"author":"Tar\u0131k","twitter_card":"summary_large_image","twitter_creator":"@narteks","twitter_site":"@narteks","twitter_misc":{"Yazan:":"Tar\u0131k","Tahmini okuma s\u00fcresi":"14 dakika"},"schema":{"@context":"https:\/\/schema.org","@graph":[{"@type":"Article","@id":"https:\/\/narteks.net\/index.php\/2010\/01\/11\/mogollar-cahit-berkay-ve-sarkilari-narteksnet-te\/#article","isPartOf":{"@id":"https:\/\/narteks.net\/index.php\/2010\/01\/11\/mogollar-cahit-berkay-ve-sarkilari-narteksnet-te\/"},"author":{"name":"Tar\u0131k","@id":"https:\/\/narteks.net\/#\/schema\/person\/61f37d9834294b72d31d274e7ed79bca"},"headline":"Mo\u011follar \/ Cahit Berkay ve \u015fark\u0131lar\u0131 narteks.net &#8216;te","datePublished":"2010-01-11T08:31:06+00:00","mainEntityOfPage":{"@id":"https:\/\/narteks.net\/index.php\/2010\/01\/11\/mogollar-cahit-berkay-ve-sarkilari-narteksnet-te\/"},"wordCount":2782,"commentCount":0,"publisher":{"@id":"https:\/\/narteks.net\/#organization"},"articleSection":["M\u00fczik Gruplar\u0131"],"inLanguage":"tr","potentialAction":[{"@type":"CommentAction","name":"Comment","target":["https:\/\/narteks.net\/index.php\/2010\/01\/11\/mogollar-cahit-berkay-ve-sarkilari-narteksnet-te\/#respond"]}]},{"@type":"WebPage","@id":"https:\/\/narteks.net\/index.php\/2010\/01\/11\/mogollar-cahit-berkay-ve-sarkilari-narteksnet-te\/","url":"https:\/\/narteks.net\/index.php\/2010\/01\/11\/mogollar-cahit-berkay-ve-sarkilari-narteksnet-te\/","name":"Mo\u011follar \/ Cahit Berkay ve \u015fark\u0131lar\u0131 narteks.net 'te - narteks.net","isPartOf":{"@id":"https:\/\/narteks.net\/#website"},"datePublished":"2010-01-11T08:31:06+00:00","breadcrumb":{"@id":"https:\/\/narteks.net\/index.php\/2010\/01\/11\/mogollar-cahit-berkay-ve-sarkilari-narteksnet-te\/#breadcrumb"},"inLanguage":"tr","potentialAction":[{"@type":"ReadAction","target":["https:\/\/narteks.net\/index.php\/2010\/01\/11\/mogollar-cahit-berkay-ve-sarkilari-narteksnet-te\/"]}]},{"@type":"BreadcrumbList","@id":"https:\/\/narteks.net\/index.php\/2010\/01\/11\/mogollar-cahit-berkay-ve-sarkilari-narteksnet-te\/#breadcrumb","itemListElement":[{"@type":"ListItem","position":1,"name":"Anasayfa","item":"https:\/\/narteks.net\/"},{"@type":"ListItem","position":2,"name":"Mo\u011follar \/ Cahit Berkay ve \u015fark\u0131lar\u0131 narteks.net &#8216;te"}]},{"@type":"WebSite","@id":"https:\/\/narteks.net\/#website","url":"https:\/\/narteks.net\/","name":"narteks.net","description":"K\u00fclt\u00fcr Sanat Edebiyat Felsefe","publisher":{"@id":"https:\/\/narteks.net\/#organization"},"alternateName":"K\u00fclt\u00fcr Sanat Edebiyat Felsefe","potentialAction":[{"@type":"SearchAction","target":{"@type":"EntryPoint","urlTemplate":"https:\/\/narteks.net\/?s={search_term_string}"},"query-input":{"@type":"PropertyValueSpecification","valueRequired":true,"valueName":"search_term_string"}}],"inLanguage":"tr"},{"@type":"Organization","@id":"https:\/\/narteks.net\/#organization","name":"narteks.net","url":"https:\/\/narteks.net\/","logo":{"@type":"ImageObject","inLanguage":"tr","@id":"https:\/\/narteks.net\/#\/schema\/logo\/image\/","url":"https:\/\/narteks.net\/wp-content\/uploads\/narteks.png","contentUrl":"https:\/\/narteks.net\/wp-content\/uploads\/narteks.png","width":300,"height":90,"caption":"narteks.net"},"image":{"@id":"https:\/\/narteks.net\/#\/schema\/logo\/image\/"},"sameAs":["https:\/\/x.com\/narteks","https:\/\/instagram.com\/narteksnet"]},{"@type":"Person","@id":"https:\/\/narteks.net\/#\/schema\/person\/61f37d9834294b72d31d274e7ed79bca","name":"Tar\u0131k","image":{"@type":"ImageObject","inLanguage":"tr","@id":"https:\/\/narteks.net\/#\/schema\/person\/image\/","url":"https:\/\/secure.gravatar.com\/avatar\/50865afb55632c4ae467e0af0930f6510aa2297d8014be502a55b14f3b7550cf?s=96&d=mm&r=g","contentUrl":"https:\/\/secure.gravatar.com\/avatar\/50865afb55632c4ae467e0af0930f6510aa2297d8014be502a55b14f3b7550cf?s=96&d=mm&r=g","caption":"Tar\u0131k"},"sameAs":["http:\/\/narteks.net"],"url":"https:\/\/narteks.net\/index.php\/author\/narbak\/"}]}},"_links":{"self":[{"href":"https:\/\/narteks.net\/index.php\/wp-json\/wp\/v2\/posts\/3952","targetHints":{"allow":["GET"]}}],"collection":[{"href":"https:\/\/narteks.net\/index.php\/wp-json\/wp\/v2\/posts"}],"about":[{"href":"https:\/\/narteks.net\/index.php\/wp-json\/wp\/v2\/types\/post"}],"author":[{"embeddable":true,"href":"https:\/\/narteks.net\/index.php\/wp-json\/wp\/v2\/users\/1"}],"replies":[{"embeddable":true,"href":"https:\/\/narteks.net\/index.php\/wp-json\/wp\/v2\/comments?post=3952"}],"version-history":[{"count":0,"href":"https:\/\/narteks.net\/index.php\/wp-json\/wp\/v2\/posts\/3952\/revisions"}],"wp:attachment":[{"href":"https:\/\/narteks.net\/index.php\/wp-json\/wp\/v2\/media?parent=3952"}],"wp:term":[{"taxonomy":"category","embeddable":true,"href":"https:\/\/narteks.net\/index.php\/wp-json\/wp\/v2\/categories?post=3952"},{"taxonomy":"post_tag","embeddable":true,"href":"https:\/\/narteks.net\/index.php\/wp-json\/wp\/v2\/tags?post=3952"}],"curies":[{"name":"wp","href":"https:\/\/api.w.org\/{rel}","templated":true}]}}