{"id":3955,"date":"2010-01-11T17:26:19","date_gmt":"2010-01-11T14:26:19","guid":{"rendered":"http:\/\/localhost\/wordpress\/2010\/01\/11\/5-uluslararas-ici-filmleri-festivali\/"},"modified":"2010-01-11T17:26:19","modified_gmt":"2010-01-11T14:26:19","slug":"5-uluslararas-ici-filmleri-festivali","status":"publish","type":"post","link":"https:\/\/narteks.net\/index.php\/2010\/01\/11\/5-uluslararas-ici-filmleri-festivali\/","title":{"rendered":"5. uluslararas\u0131 i\u015f\u00e7i filmleri festivali"},"content":{"rendered":"<p><img loading=\"lazy\" decoding=\"async\" style=\"float: left;\" src=\"http:\/\/2.bp.blogspot.com\/_J0HioPqoesU\/SrNt53nVDcI\/AAAAAAAABnQ\/7SGKExMpjf0\/s320\/fdsfds.bmp\" width=\"159\" height=\"217\" border=\"0\" \/>5. uluslararas\u0131 i\u015f\u00e7i filmleri festivali<\/p>\n<p>5. uluslararas\u0131 i\u015f\u00e7i filmleri festivali, 1-7 may\u0131s 2010 tarihleri aras\u0131nda istanbul, ankara ve izmir&#8217;de e\u015f zamanl\u0131 olarak ba\u015flayacak. temel amac\u0131 t\u00fcrkiye ve d\u00fcnyadan emek\u00e7ilerin ya\u015famlar\u0131n\u0131 ve m\u00fccadele deneyimlerini izleyicilerle bulu\u015fturmak olan festivalin biletleri \u00fccretsiz. festival kapsam\u0131nda herhangi bir yar\u0131\u015fma yap\u0131lm\u0131yor ve filmler t\u00fcrkiyenin en b\u00fcy\u00fck 15 ilinde seyredilebilme \u00f6zelli\u011fi ta\u015f\u0131yor.<\/p>\n<p>5. uluslararas\u0131 i\u015f\u00e7i filmleri festivaline belgesel veya k\u0131sa-uzun kurmaca dal\u0131ndaki filmleri ile ba\u015fvuru yapmak isteyenlerin buradan ba\u015fvuru formunu doldurduktan sonra festival@sendika.org adresine g\u00f6ndermeleri gerekmektedir.<\/p>\n<p>son kat\u0131l\u0131m tarihi: 12 \u015fubat 2010<br \/>filmlerin son teslim tarihi: 19 mart 2010<\/p>\n","protected":false},"excerpt":{"rendered":"<p>5. uluslararas\u0131 i\u015f\u00e7i filmleri festivali 5. uluslararas\u0131 i\u015f\u00e7i filmleri festivali, 1-7 may\u0131s 2010 tarihleri aras\u0131nda istanbul, ankara ve izmir&#8217;de e\u015f zamanl\u0131 olarak ba\u015flayacak. temel amac\u0131 t\u00fcrkiye ve d\u00fcnyadan emek\u00e7ilerin ya\u015famlar\u0131n\u0131 ve m\u00fccadele deneyimlerini izleyicilerle bulu\u015fturmak olan festivalin biletleri \u00fccretsiz. festival kapsam\u0131nda herhangi bir yar\u0131\u015fma yap\u0131lm\u0131yor ve filmler t\u00fcrkiyenin en b\u00fcy\u00fck 15 ilinde seyredilebilme \u00f6zelli\u011fi ta\u015f\u0131yor. [&hellip;]<\/p>\n","protected":false},"author":1,"featured_media":0,"comment_status":"open","ping_status":"open","sticky":false,"template":"","format":"standard","meta":{"footnotes":""},"categories":[111],"tags":[],"class_list":{"0":"post-3955","1":"post","2":"type-post","3":"status-publish","4":"format-standard","6":"category-sinema-haberleri"},"yoast_head":"<!-- This site is optimized with the Yoast SEO Premium plugin v24.9 (Yoast SEO v24.9) - https:\/\/yoast.com\/wordpress\/plugins\/seo\/ -->\n<title>5. uluslararas\u0131 i\u015f\u00e7i filmleri festivali - narteks.net<\/title>\n<meta name=\"robots\" content=\"index, follow, max-snippet:-1, max-image-preview:large, max-video-preview:-1\" \/>\n<link rel=\"canonical\" href=\"https:\/\/narteks.net\/index.php\/2010\/01\/11\/5-uluslararas-ici-filmleri-festivali\/\" \/>\n<meta property=\"og:locale\" content=\"tr_TR\" \/>\n<meta property=\"og:type\" content=\"article\" \/>\n<meta property=\"og:title\" content=\"5. uluslararas\u0131 i\u015f\u00e7i filmleri festivali\" \/>\n<meta property=\"og:description\" content=\"5. uluslararas\u0131 i\u015f\u00e7i filmleri festivali 5. uluslararas\u0131 i\u015f\u00e7i filmleri festivali, 1-7 may\u0131s 2010 tarihleri aras\u0131nda istanbul, ankara ve izmir&#8217;de e\u015f zamanl\u0131 olarak ba\u015flayacak. temel amac\u0131 t\u00fcrkiye ve d\u00fcnyadan emek\u00e7ilerin ya\u015famlar\u0131n\u0131 ve m\u00fccadele deneyimlerini izleyicilerle bulu\u015fturmak olan festivalin biletleri \u00fccretsiz. festival kapsam\u0131nda herhangi bir yar\u0131\u015fma yap\u0131lm\u0131yor ve filmler t\u00fcrkiyenin en b\u00fcy\u00fck 15 ilinde seyredilebilme \u00f6zelli\u011fi ta\u015f\u0131yor. [&hellip;]\" \/>\n<meta property=\"og:url\" content=\"https:\/\/narteks.net\/index.php\/2010\/01\/11\/5-uluslararas-ici-filmleri-festivali\/\" \/>\n<meta property=\"og:site_name\" content=\"narteks.net\" \/>\n<meta property=\"article:published_time\" content=\"2010-01-11T14:26:19+00:00\" \/>\n<meta property=\"og:image\" content=\"http:\/\/2.bp.blogspot.com\/_J0HioPqoesU\/SrNt53nVDcI\/AAAAAAAABnQ\/7SGKExMpjf0\/s320\/fdsfds.bmp\" \/>\n<meta name=\"author\" content=\"Tar\u0131k\" \/>\n<meta name=\"twitter:card\" content=\"summary_large_image\" \/>\n<meta name=\"twitter:creator\" content=\"@narteks\" \/>\n<meta name=\"twitter:site\" content=\"@narteks\" \/>\n<meta name=\"twitter:label1\" content=\"Yazan:\" \/>\n\t<meta name=\"twitter:data1\" content=\"Tar\u0131k\" \/>\n\t<meta name=\"twitter:label2\" content=\"Tahmini okuma s\u00fcresi\" \/>\n\t<meta name=\"twitter:data2\" content=\"1 dakika\" \/>\n<script type=\"application\/ld+json\" class=\"yoast-schema-graph\">{\"@context\":\"https:\/\/schema.org\",\"@graph\":[{\"@type\":\"Article\",\"@id\":\"https:\/\/narteks.net\/index.php\/2010\/01\/11\/5-uluslararas-ici-filmleri-festivali\/#article\",\"isPartOf\":{\"@id\":\"https:\/\/narteks.net\/index.php\/2010\/01\/11\/5-uluslararas-ici-filmleri-festivali\/\"},\"author\":{\"name\":\"Tar\u0131k\",\"@id\":\"https:\/\/narteks.net\/#\/schema\/person\/61f37d9834294b72d31d274e7ed79bca\"},\"headline\":\"5. uluslararas\u0131 i\u015f\u00e7i filmleri festivali\",\"datePublished\":\"2010-01-11T14:26:19+00:00\",\"mainEntityOfPage\":{\"@id\":\"https:\/\/narteks.net\/index.php\/2010\/01\/11\/5-uluslararas-ici-filmleri-festivali\/\"},\"wordCount\":119,\"commentCount\":0,\"publisher\":{\"@id\":\"https:\/\/narteks.net\/#organization\"},\"image\":{\"@id\":\"https:\/\/narteks.net\/index.php\/2010\/01\/11\/5-uluslararas-ici-filmleri-festivali\/#primaryimage\"},\"thumbnailUrl\":\"http:\/\/2.bp.blogspot.com\/_J0HioPqoesU\/SrNt53nVDcI\/AAAAAAAABnQ\/7SGKExMpjf0\/s320\/fdsfds.bmp\",\"articleSection\":[\"Sinema Haberleri\"],\"inLanguage\":\"tr\",\"potentialAction\":[{\"@type\":\"CommentAction\",\"name\":\"Comment\",\"target\":[\"https:\/\/narteks.net\/index.php\/2010\/01\/11\/5-uluslararas-ici-filmleri-festivali\/#respond\"]}]},{\"@type\":\"WebPage\",\"@id\":\"https:\/\/narteks.net\/index.php\/2010\/01\/11\/5-uluslararas-ici-filmleri-festivali\/\",\"url\":\"https:\/\/narteks.net\/index.php\/2010\/01\/11\/5-uluslararas-ici-filmleri-festivali\/\",\"name\":\"5. uluslararas\u0131 i\u015f\u00e7i filmleri festivali - narteks.net\",\"isPartOf\":{\"@id\":\"https:\/\/narteks.net\/#website\"},\"primaryImageOfPage\":{\"@id\":\"https:\/\/narteks.net\/index.php\/2010\/01\/11\/5-uluslararas-ici-filmleri-festivali\/#primaryimage\"},\"image\":{\"@id\":\"https:\/\/narteks.net\/index.php\/2010\/01\/11\/5-uluslararas-ici-filmleri-festivali\/#primaryimage\"},\"thumbnailUrl\":\"http:\/\/2.bp.blogspot.com\/_J0HioPqoesU\/SrNt53nVDcI\/AAAAAAAABnQ\/7SGKExMpjf0\/s320\/fdsfds.bmp\",\"datePublished\":\"2010-01-11T14:26:19+00:00\",\"breadcrumb\":{\"@id\":\"https:\/\/narteks.net\/index.php\/2010\/01\/11\/5-uluslararas-ici-filmleri-festivali\/#breadcrumb\"},\"inLanguage\":\"tr\",\"potentialAction\":[{\"@type\":\"ReadAction\",\"target\":[\"https:\/\/narteks.net\/index.php\/2010\/01\/11\/5-uluslararas-ici-filmleri-festivali\/\"]}]},{\"@type\":\"ImageObject\",\"inLanguage\":\"tr\",\"@id\":\"https:\/\/narteks.net\/index.php\/2010\/01\/11\/5-uluslararas-ici-filmleri-festivali\/#primaryimage\",\"url\":\"http:\/\/2.bp.blogspot.com\/_J0HioPqoesU\/SrNt53nVDcI\/AAAAAAAABnQ\/7SGKExMpjf0\/s320\/fdsfds.bmp\",\"contentUrl\":\"http:\/\/2.bp.blogspot.com\/_J0HioPqoesU\/SrNt53nVDcI\/AAAAAAAABnQ\/7SGKExMpjf0\/s320\/fdsfds.bmp\"},{\"@type\":\"BreadcrumbList\",\"@id\":\"https:\/\/narteks.net\/index.php\/2010\/01\/11\/5-uluslararas-ici-filmleri-festivali\/#breadcrumb\",\"itemListElement\":[{\"@type\":\"ListItem\",\"position\":1,\"name\":\"Anasayfa\",\"item\":\"https:\/\/narteks.net\/\"},{\"@type\":\"ListItem\",\"position\":2,\"name\":\"5. uluslararas\u0131 i\u015f\u00e7i filmleri festivali\"}]},{\"@type\":\"WebSite\",\"@id\":\"https:\/\/narteks.net\/#website\",\"url\":\"https:\/\/narteks.net\/\",\"name\":\"narteks.net\",\"description\":\"K\u00fclt\u00fcr Sanat Edebiyat Felsefe\",\"publisher\":{\"@id\":\"https:\/\/narteks.net\/#organization\"},\"alternateName\":\"K\u00fclt\u00fcr Sanat Edebiyat Felsefe\",\"potentialAction\":[{\"@type\":\"SearchAction\",\"target\":{\"@type\":\"EntryPoint\",\"urlTemplate\":\"https:\/\/narteks.net\/?s={search_term_string}\"},\"query-input\":{\"@type\":\"PropertyValueSpecification\",\"valueRequired\":true,\"valueName\":\"search_term_string\"}}],\"inLanguage\":\"tr\"},{\"@type\":\"Organization\",\"@id\":\"https:\/\/narteks.net\/#organization\",\"name\":\"narteks.net\",\"url\":\"https:\/\/narteks.net\/\",\"logo\":{\"@type\":\"ImageObject\",\"inLanguage\":\"tr\",\"@id\":\"https:\/\/narteks.net\/#\/schema\/logo\/image\/\",\"url\":\"https:\/\/narteks.net\/wp-content\/uploads\/narteks.png\",\"contentUrl\":\"https:\/\/narteks.net\/wp-content\/uploads\/narteks.png\",\"width\":300,\"height\":90,\"caption\":\"narteks.net\"},\"image\":{\"@id\":\"https:\/\/narteks.net\/#\/schema\/logo\/image\/\"},\"sameAs\":[\"https:\/\/x.com\/narteks\",\"https:\/\/instagram.com\/narteksnet\"]},{\"@type\":\"Person\",\"@id\":\"https:\/\/narteks.net\/#\/schema\/person\/61f37d9834294b72d31d274e7ed79bca\",\"name\":\"Tar\u0131k\",\"image\":{\"@type\":\"ImageObject\",\"inLanguage\":\"tr\",\"@id\":\"https:\/\/narteks.net\/#\/schema\/person\/image\/\",\"url\":\"https:\/\/secure.gravatar.com\/avatar\/50865afb55632c4ae467e0af0930f6510aa2297d8014be502a55b14f3b7550cf?s=96&d=mm&r=g\",\"contentUrl\":\"https:\/\/secure.gravatar.com\/avatar\/50865afb55632c4ae467e0af0930f6510aa2297d8014be502a55b14f3b7550cf?s=96&d=mm&r=g\",\"caption\":\"Tar\u0131k\"},\"sameAs\":[\"http:\/\/narteks.net\"],\"url\":\"https:\/\/narteks.net\/index.php\/author\/narbak\/\"}]}<\/script>\n<!-- \/ Yoast SEO Premium plugin. -->","yoast_head_json":{"title":"5. uluslararas\u0131 i\u015f\u00e7i filmleri festivali - narteks.net","robots":{"index":"index","follow":"follow","max-snippet":"max-snippet:-1","max-image-preview":"max-image-preview:large","max-video-preview":"max-video-preview:-1"},"canonical":"https:\/\/narteks.net\/index.php\/2010\/01\/11\/5-uluslararas-ici-filmleri-festivali\/","og_locale":"tr_TR","og_type":"article","og_title":"5. uluslararas\u0131 i\u015f\u00e7i filmleri festivali","og_description":"5. uluslararas\u0131 i\u015f\u00e7i filmleri festivali 5. uluslararas\u0131 i\u015f\u00e7i filmleri festivali, 1-7 may\u0131s 2010 tarihleri aras\u0131nda istanbul, ankara ve izmir&#8217;de e\u015f zamanl\u0131 olarak ba\u015flayacak. temel amac\u0131 t\u00fcrkiye ve d\u00fcnyadan emek\u00e7ilerin ya\u015famlar\u0131n\u0131 ve m\u00fccadele deneyimlerini izleyicilerle bulu\u015fturmak olan festivalin biletleri \u00fccretsiz. festival kapsam\u0131nda herhangi bir yar\u0131\u015fma yap\u0131lm\u0131yor ve filmler t\u00fcrkiyenin en b\u00fcy\u00fck 15 ilinde seyredilebilme \u00f6zelli\u011fi ta\u015f\u0131yor. [&hellip;]","og_url":"https:\/\/narteks.net\/index.php\/2010\/01\/11\/5-uluslararas-ici-filmleri-festivali\/","og_site_name":"narteks.net","article_published_time":"2010-01-11T14:26:19+00:00","og_image":[{"url":"http:\/\/2.bp.blogspot.com\/_J0HioPqoesU\/SrNt53nVDcI\/AAAAAAAABnQ\/7SGKExMpjf0\/s320\/fdsfds.bmp","type":"","width":"","height":""}],"author":"Tar\u0131k","twitter_card":"summary_large_image","twitter_creator":"@narteks","twitter_site":"@narteks","twitter_misc":{"Yazan:":"Tar\u0131k","Tahmini okuma s\u00fcresi":"1 dakika"},"schema":{"@context":"https:\/\/schema.org","@graph":[{"@type":"Article","@id":"https:\/\/narteks.net\/index.php\/2010\/01\/11\/5-uluslararas-ici-filmleri-festivali\/#article","isPartOf":{"@id":"https:\/\/narteks.net\/index.php\/2010\/01\/11\/5-uluslararas-ici-filmleri-festivali\/"},"author":{"name":"Tar\u0131k","@id":"https:\/\/narteks.net\/#\/schema\/person\/61f37d9834294b72d31d274e7ed79bca"},"headline":"5. uluslararas\u0131 i\u015f\u00e7i filmleri festivali","datePublished":"2010-01-11T14:26:19+00:00","mainEntityOfPage":{"@id":"https:\/\/narteks.net\/index.php\/2010\/01\/11\/5-uluslararas-ici-filmleri-festivali\/"},"wordCount":119,"commentCount":0,"publisher":{"@id":"https:\/\/narteks.net\/#organization"},"image":{"@id":"https:\/\/narteks.net\/index.php\/2010\/01\/11\/5-uluslararas-ici-filmleri-festivali\/#primaryimage"},"thumbnailUrl":"http:\/\/2.bp.blogspot.com\/_J0HioPqoesU\/SrNt53nVDcI\/AAAAAAAABnQ\/7SGKExMpjf0\/s320\/fdsfds.bmp","articleSection":["Sinema Haberleri"],"inLanguage":"tr","potentialAction":[{"@type":"CommentAction","name":"Comment","target":["https:\/\/narteks.net\/index.php\/2010\/01\/11\/5-uluslararas-ici-filmleri-festivali\/#respond"]}]},{"@type":"WebPage","@id":"https:\/\/narteks.net\/index.php\/2010\/01\/11\/5-uluslararas-ici-filmleri-festivali\/","url":"https:\/\/narteks.net\/index.php\/2010\/01\/11\/5-uluslararas-ici-filmleri-festivali\/","name":"5. uluslararas\u0131 i\u015f\u00e7i filmleri festivali - narteks.net","isPartOf":{"@id":"https:\/\/narteks.net\/#website"},"primaryImageOfPage":{"@id":"https:\/\/narteks.net\/index.php\/2010\/01\/11\/5-uluslararas-ici-filmleri-festivali\/#primaryimage"},"image":{"@id":"https:\/\/narteks.net\/index.php\/2010\/01\/11\/5-uluslararas-ici-filmleri-festivali\/#primaryimage"},"thumbnailUrl":"http:\/\/2.bp.blogspot.com\/_J0HioPqoesU\/SrNt53nVDcI\/AAAAAAAABnQ\/7SGKExMpjf0\/s320\/fdsfds.bmp","datePublished":"2010-01-11T14:26:19+00:00","breadcrumb":{"@id":"https:\/\/narteks.net\/index.php\/2010\/01\/11\/5-uluslararas-ici-filmleri-festivali\/#breadcrumb"},"inLanguage":"tr","potentialAction":[{"@type":"ReadAction","target":["https:\/\/narteks.net\/index.php\/2010\/01\/11\/5-uluslararas-ici-filmleri-festivali\/"]}]},{"@type":"ImageObject","inLanguage":"tr","@id":"https:\/\/narteks.net\/index.php\/2010\/01\/11\/5-uluslararas-ici-filmleri-festivali\/#primaryimage","url":"http:\/\/2.bp.blogspot.com\/_J0HioPqoesU\/SrNt53nVDcI\/AAAAAAAABnQ\/7SGKExMpjf0\/s320\/fdsfds.bmp","contentUrl":"http:\/\/2.bp.blogspot.com\/_J0HioPqoesU\/SrNt53nVDcI\/AAAAAAAABnQ\/7SGKExMpjf0\/s320\/fdsfds.bmp"},{"@type":"BreadcrumbList","@id":"https:\/\/narteks.net\/index.php\/2010\/01\/11\/5-uluslararas-ici-filmleri-festivali\/#breadcrumb","itemListElement":[{"@type":"ListItem","position":1,"name":"Anasayfa","item":"https:\/\/narteks.net\/"},{"@type":"ListItem","position":2,"name":"5. uluslararas\u0131 i\u015f\u00e7i filmleri festivali"}]},{"@type":"WebSite","@id":"https:\/\/narteks.net\/#website","url":"https:\/\/narteks.net\/","name":"narteks.net","description":"K\u00fclt\u00fcr Sanat Edebiyat Felsefe","publisher":{"@id":"https:\/\/narteks.net\/#organization"},"alternateName":"K\u00fclt\u00fcr Sanat Edebiyat Felsefe","potentialAction":[{"@type":"SearchAction","target":{"@type":"EntryPoint","urlTemplate":"https:\/\/narteks.net\/?s={search_term_string}"},"query-input":{"@type":"PropertyValueSpecification","valueRequired":true,"valueName":"search_term_string"}}],"inLanguage":"tr"},{"@type":"Organization","@id":"https:\/\/narteks.net\/#organization","name":"narteks.net","url":"https:\/\/narteks.net\/","logo":{"@type":"ImageObject","inLanguage":"tr","@id":"https:\/\/narteks.net\/#\/schema\/logo\/image\/","url":"https:\/\/narteks.net\/wp-content\/uploads\/narteks.png","contentUrl":"https:\/\/narteks.net\/wp-content\/uploads\/narteks.png","width":300,"height":90,"caption":"narteks.net"},"image":{"@id":"https:\/\/narteks.net\/#\/schema\/logo\/image\/"},"sameAs":["https:\/\/x.com\/narteks","https:\/\/instagram.com\/narteksnet"]},{"@type":"Person","@id":"https:\/\/narteks.net\/#\/schema\/person\/61f37d9834294b72d31d274e7ed79bca","name":"Tar\u0131k","image":{"@type":"ImageObject","inLanguage":"tr","@id":"https:\/\/narteks.net\/#\/schema\/person\/image\/","url":"https:\/\/secure.gravatar.com\/avatar\/50865afb55632c4ae467e0af0930f6510aa2297d8014be502a55b14f3b7550cf?s=96&d=mm&r=g","contentUrl":"https:\/\/secure.gravatar.com\/avatar\/50865afb55632c4ae467e0af0930f6510aa2297d8014be502a55b14f3b7550cf?s=96&d=mm&r=g","caption":"Tar\u0131k"},"sameAs":["http:\/\/narteks.net"],"url":"https:\/\/narteks.net\/index.php\/author\/narbak\/"}]}},"_links":{"self":[{"href":"https:\/\/narteks.net\/index.php\/wp-json\/wp\/v2\/posts\/3955","targetHints":{"allow":["GET"]}}],"collection":[{"href":"https:\/\/narteks.net\/index.php\/wp-json\/wp\/v2\/posts"}],"about":[{"href":"https:\/\/narteks.net\/index.php\/wp-json\/wp\/v2\/types\/post"}],"author":[{"embeddable":true,"href":"https:\/\/narteks.net\/index.php\/wp-json\/wp\/v2\/users\/1"}],"replies":[{"embeddable":true,"href":"https:\/\/narteks.net\/index.php\/wp-json\/wp\/v2\/comments?post=3955"}],"version-history":[{"count":0,"href":"https:\/\/narteks.net\/index.php\/wp-json\/wp\/v2\/posts\/3955\/revisions"}],"wp:attachment":[{"href":"https:\/\/narteks.net\/index.php\/wp-json\/wp\/v2\/media?parent=3955"}],"wp:term":[{"taxonomy":"category","embeddable":true,"href":"https:\/\/narteks.net\/index.php\/wp-json\/wp\/v2\/categories?post=3955"},{"taxonomy":"post_tag","embeddable":true,"href":"https:\/\/narteks.net\/index.php\/wp-json\/wp\/v2\/tags?post=3955"}],"curies":[{"name":"wp","href":"https:\/\/api.w.org\/{rel}","templated":true}]}}