{"id":3956,"date":"2010-01-11T17:29:35","date_gmt":"2010-01-11T14:29:35","guid":{"rendered":"http:\/\/localhost\/wordpress\/2010\/01\/11\/10-ksa-ca-oerenci-filmleri-festivali\/"},"modified":"2010-01-11T17:29:35","modified_gmt":"2010-01-11T14:29:35","slug":"10-ksa-ca-oerenci-filmleri-festivali","status":"publish","type":"post","link":"https:\/\/narteks.net\/index.php\/2010\/01\/11\/10-ksa-ca-oerenci-filmleri-festivali\/","title":{"rendered":"10. k\u0131sa-ca \u00f6\u011frenci filmleri festivali"},"content":{"rendered":"<h2 style=\"text-align: justify;\"><img loading=\"lazy\" decoding=\"async\" style=\"float: left; border: 0;\" src=\"http:\/\/4.bp.blogspot.com\/_J0HioPqoesU\/S0jq6GzJkPI\/AAAAAAAAB-4\/58WXQyrnvLU\/s320\/hgfhgf.JPG\" width=\"155\" height=\"205\" border=\"0\" \/><\/h2>\n<h2 style=\"text-align: justify;\"><strong>10. k\u0131sa-ca \u00f6\u011frenci filmleri festivali<\/strong><\/h2>\n<p style=\"text-align: justify;\">10. k\u0131sa-ca \u00f6\u011frenci filmleri festivali, 31 mart-3 nisan 2010 tarihleri aras\u0131nda konya s\u00fcleyman demirel k\u00fclt\u00fcr merkezi&#8217;nde d\u00fczenlenecek. konya sel\u00e7uk \u00fcniversitesi ileti\u015fim fak\u00fcltesi taraf\u0131ndan d\u00fczenlenen k\u0131sa-ca \u00f6\u011frenci filmleri festivali j\u00fcri \u00f6zel \u00f6d\u00fcl\u00fc, kurmaca-belgesel ve deneysel dallar\u0131ndaki \u00f6d\u00fclleri ile iki de \u015feref \u00f6d\u00fcl\u00fc verecek. festivalde son kat\u0131l\u0131m tarihi ise 10 mart 2010.<\/p>\n","protected":false},"excerpt":{"rendered":"<p>10. k\u0131sa-ca \u00f6\u011frenci filmleri festivali 10. k\u0131sa-ca \u00f6\u011frenci filmleri festivali, 31 mart-3 nisan 2010 tarihleri aras\u0131nda konya s\u00fcleyman demirel k\u00fclt\u00fcr merkezi&#8217;nde d\u00fczenlenecek. konya sel\u00e7uk \u00fcniversitesi ileti\u015fim fak\u00fcltesi taraf\u0131ndan d\u00fczenlenen k\u0131sa-ca \u00f6\u011frenci filmleri festivali j\u00fcri \u00f6zel \u00f6d\u00fcl\u00fc, kurmaca-belgesel ve deneysel dallar\u0131ndaki \u00f6d\u00fclleri ile iki de \u015feref \u00f6d\u00fcl\u00fc verecek. festivalde son kat\u0131l\u0131m tarihi ise 10 mart 2010.<\/p>\n","protected":false},"author":1,"featured_media":0,"comment_status":"open","ping_status":"open","sticky":false,"template":"","format":"standard","meta":{"footnotes":""},"categories":[111],"tags":[],"class_list":{"0":"post-3956","1":"post","2":"type-post","3":"status-publish","4":"format-standard","6":"category-sinema-haberleri"},"yoast_head":"<!-- This site is optimized with the Yoast SEO Premium plugin v24.9 (Yoast SEO v24.9) - https:\/\/yoast.com\/wordpress\/plugins\/seo\/ -->\n<title>10. k\u0131sa-ca \u00f6\u011frenci filmleri festivali - narteks.net<\/title>\n<meta name=\"robots\" content=\"index, follow, max-snippet:-1, max-image-preview:large, max-video-preview:-1\" \/>\n<link rel=\"canonical\" href=\"https:\/\/narteks.net\/index.php\/2010\/01\/11\/10-ksa-ca-oerenci-filmleri-festivali\/\" \/>\n<meta property=\"og:locale\" content=\"tr_TR\" \/>\n<meta property=\"og:type\" content=\"article\" \/>\n<meta property=\"og:title\" content=\"10. k\u0131sa-ca \u00f6\u011frenci filmleri festivali\" \/>\n<meta property=\"og:description\" content=\"10. k\u0131sa-ca \u00f6\u011frenci filmleri festivali 10. k\u0131sa-ca \u00f6\u011frenci filmleri festivali, 31 mart-3 nisan 2010 tarihleri aras\u0131nda konya s\u00fcleyman demirel k\u00fclt\u00fcr merkezi&#8217;nde d\u00fczenlenecek. konya sel\u00e7uk \u00fcniversitesi ileti\u015fim fak\u00fcltesi taraf\u0131ndan d\u00fczenlenen k\u0131sa-ca \u00f6\u011frenci filmleri festivali j\u00fcri \u00f6zel \u00f6d\u00fcl\u00fc, kurmaca-belgesel ve deneysel dallar\u0131ndaki \u00f6d\u00fclleri ile iki de \u015feref \u00f6d\u00fcl\u00fc verecek. festivalde son kat\u0131l\u0131m tarihi ise 10 mart 2010.\" \/>\n<meta property=\"og:url\" content=\"https:\/\/narteks.net\/index.php\/2010\/01\/11\/10-ksa-ca-oerenci-filmleri-festivali\/\" \/>\n<meta property=\"og:site_name\" content=\"narteks.net\" \/>\n<meta property=\"article:published_time\" content=\"2010-01-11T14:29:35+00:00\" \/>\n<meta property=\"og:image\" content=\"http:\/\/4.bp.blogspot.com\/_J0HioPqoesU\/S0jq6GzJkPI\/AAAAAAAAB-4\/58WXQyrnvLU\/s320\/hgfhgf.JPG\" \/>\n<meta name=\"author\" content=\"Tar\u0131k\" \/>\n<meta name=\"twitter:card\" content=\"summary_large_image\" \/>\n<meta name=\"twitter:creator\" content=\"@narteks\" \/>\n<meta name=\"twitter:site\" content=\"@narteks\" \/>\n<meta name=\"twitter:label1\" content=\"Yazan:\" \/>\n\t<meta name=\"twitter:data1\" content=\"Tar\u0131k\" \/>\n<script type=\"application\/ld+json\" class=\"yoast-schema-graph\">{\"@context\":\"https:\/\/schema.org\",\"@graph\":[{\"@type\":\"Article\",\"@id\":\"https:\/\/narteks.net\/index.php\/2010\/01\/11\/10-ksa-ca-oerenci-filmleri-festivali\/#article\",\"isPartOf\":{\"@id\":\"https:\/\/narteks.net\/index.php\/2010\/01\/11\/10-ksa-ca-oerenci-filmleri-festivali\/\"},\"author\":{\"name\":\"Tar\u0131k\",\"@id\":\"https:\/\/narteks.net\/#\/schema\/person\/61f37d9834294b72d31d274e7ed79bca\"},\"headline\":\"10. k\u0131sa-ca \u00f6\u011frenci filmleri festivali\",\"datePublished\":\"2010-01-11T14:29:35+00:00\",\"mainEntityOfPage\":{\"@id\":\"https:\/\/narteks.net\/index.php\/2010\/01\/11\/10-ksa-ca-oerenci-filmleri-festivali\/\"},\"wordCount\":74,\"commentCount\":0,\"publisher\":{\"@id\":\"https:\/\/narteks.net\/#organization\"},\"image\":{\"@id\":\"https:\/\/narteks.net\/index.php\/2010\/01\/11\/10-ksa-ca-oerenci-filmleri-festivali\/#primaryimage\"},\"thumbnailUrl\":\"http:\/\/4.bp.blogspot.com\/_J0HioPqoesU\/S0jq6GzJkPI\/AAAAAAAAB-4\/58WXQyrnvLU\/s320\/hgfhgf.JPG\",\"articleSection\":[\"Sinema Haberleri\"],\"inLanguage\":\"tr\",\"potentialAction\":[{\"@type\":\"CommentAction\",\"name\":\"Comment\",\"target\":[\"https:\/\/narteks.net\/index.php\/2010\/01\/11\/10-ksa-ca-oerenci-filmleri-festivali\/#respond\"]}]},{\"@type\":\"WebPage\",\"@id\":\"https:\/\/narteks.net\/index.php\/2010\/01\/11\/10-ksa-ca-oerenci-filmleri-festivali\/\",\"url\":\"https:\/\/narteks.net\/index.php\/2010\/01\/11\/10-ksa-ca-oerenci-filmleri-festivali\/\",\"name\":\"10. k\u0131sa-ca \u00f6\u011frenci filmleri festivali - narteks.net\",\"isPartOf\":{\"@id\":\"https:\/\/narteks.net\/#website\"},\"primaryImageOfPage\":{\"@id\":\"https:\/\/narteks.net\/index.php\/2010\/01\/11\/10-ksa-ca-oerenci-filmleri-festivali\/#primaryimage\"},\"image\":{\"@id\":\"https:\/\/narteks.net\/index.php\/2010\/01\/11\/10-ksa-ca-oerenci-filmleri-festivali\/#primaryimage\"},\"thumbnailUrl\":\"http:\/\/4.bp.blogspot.com\/_J0HioPqoesU\/S0jq6GzJkPI\/AAAAAAAAB-4\/58WXQyrnvLU\/s320\/hgfhgf.JPG\",\"datePublished\":\"2010-01-11T14:29:35+00:00\",\"breadcrumb\":{\"@id\":\"https:\/\/narteks.net\/index.php\/2010\/01\/11\/10-ksa-ca-oerenci-filmleri-festivali\/#breadcrumb\"},\"inLanguage\":\"tr\",\"potentialAction\":[{\"@type\":\"ReadAction\",\"target\":[\"https:\/\/narteks.net\/index.php\/2010\/01\/11\/10-ksa-ca-oerenci-filmleri-festivali\/\"]}]},{\"@type\":\"ImageObject\",\"inLanguage\":\"tr\",\"@id\":\"https:\/\/narteks.net\/index.php\/2010\/01\/11\/10-ksa-ca-oerenci-filmleri-festivali\/#primaryimage\",\"url\":\"http:\/\/4.bp.blogspot.com\/_J0HioPqoesU\/S0jq6GzJkPI\/AAAAAAAAB-4\/58WXQyrnvLU\/s320\/hgfhgf.JPG\",\"contentUrl\":\"http:\/\/4.bp.blogspot.com\/_J0HioPqoesU\/S0jq6GzJkPI\/AAAAAAAAB-4\/58WXQyrnvLU\/s320\/hgfhgf.JPG\"},{\"@type\":\"BreadcrumbList\",\"@id\":\"https:\/\/narteks.net\/index.php\/2010\/01\/11\/10-ksa-ca-oerenci-filmleri-festivali\/#breadcrumb\",\"itemListElement\":[{\"@type\":\"ListItem\",\"position\":1,\"name\":\"Anasayfa\",\"item\":\"https:\/\/narteks.net\/\"},{\"@type\":\"ListItem\",\"position\":2,\"name\":\"10. k\u0131sa-ca \u00f6\u011frenci filmleri festivali\"}]},{\"@type\":\"WebSite\",\"@id\":\"https:\/\/narteks.net\/#website\",\"url\":\"https:\/\/narteks.net\/\",\"name\":\"narteks.net\",\"description\":\"K\u00fclt\u00fcr Sanat Edebiyat Felsefe\",\"publisher\":{\"@id\":\"https:\/\/narteks.net\/#organization\"},\"alternateName\":\"K\u00fclt\u00fcr Sanat Edebiyat Felsefe\",\"potentialAction\":[{\"@type\":\"SearchAction\",\"target\":{\"@type\":\"EntryPoint\",\"urlTemplate\":\"https:\/\/narteks.net\/?s={search_term_string}\"},\"query-input\":{\"@type\":\"PropertyValueSpecification\",\"valueRequired\":true,\"valueName\":\"search_term_string\"}}],\"inLanguage\":\"tr\"},{\"@type\":\"Organization\",\"@id\":\"https:\/\/narteks.net\/#organization\",\"name\":\"narteks.net\",\"url\":\"https:\/\/narteks.net\/\",\"logo\":{\"@type\":\"ImageObject\",\"inLanguage\":\"tr\",\"@id\":\"https:\/\/narteks.net\/#\/schema\/logo\/image\/\",\"url\":\"https:\/\/narteks.net\/wp-content\/uploads\/narteks.png\",\"contentUrl\":\"https:\/\/narteks.net\/wp-content\/uploads\/narteks.png\",\"width\":300,\"height\":90,\"caption\":\"narteks.net\"},\"image\":{\"@id\":\"https:\/\/narteks.net\/#\/schema\/logo\/image\/\"},\"sameAs\":[\"https:\/\/x.com\/narteks\",\"https:\/\/instagram.com\/narteksnet\"]},{\"@type\":\"Person\",\"@id\":\"https:\/\/narteks.net\/#\/schema\/person\/61f37d9834294b72d31d274e7ed79bca\",\"name\":\"Tar\u0131k\",\"image\":{\"@type\":\"ImageObject\",\"inLanguage\":\"tr\",\"@id\":\"https:\/\/narteks.net\/#\/schema\/person\/image\/\",\"url\":\"https:\/\/secure.gravatar.com\/avatar\/50865afb55632c4ae467e0af0930f6510aa2297d8014be502a55b14f3b7550cf?s=96&d=mm&r=g\",\"contentUrl\":\"https:\/\/secure.gravatar.com\/avatar\/50865afb55632c4ae467e0af0930f6510aa2297d8014be502a55b14f3b7550cf?s=96&d=mm&r=g\",\"caption\":\"Tar\u0131k\"},\"sameAs\":[\"http:\/\/narteks.net\"],\"url\":\"https:\/\/narteks.net\/index.php\/author\/narbak\/\"}]}<\/script>\n<!-- \/ Yoast SEO Premium plugin. -->","yoast_head_json":{"title":"10. k\u0131sa-ca \u00f6\u011frenci filmleri festivali - narteks.net","robots":{"index":"index","follow":"follow","max-snippet":"max-snippet:-1","max-image-preview":"max-image-preview:large","max-video-preview":"max-video-preview:-1"},"canonical":"https:\/\/narteks.net\/index.php\/2010\/01\/11\/10-ksa-ca-oerenci-filmleri-festivali\/","og_locale":"tr_TR","og_type":"article","og_title":"10. k\u0131sa-ca \u00f6\u011frenci filmleri festivali","og_description":"10. k\u0131sa-ca \u00f6\u011frenci filmleri festivali 10. k\u0131sa-ca \u00f6\u011frenci filmleri festivali, 31 mart-3 nisan 2010 tarihleri aras\u0131nda konya s\u00fcleyman demirel k\u00fclt\u00fcr merkezi&#8217;nde d\u00fczenlenecek. konya sel\u00e7uk \u00fcniversitesi ileti\u015fim fak\u00fcltesi taraf\u0131ndan d\u00fczenlenen k\u0131sa-ca \u00f6\u011frenci filmleri festivali j\u00fcri \u00f6zel \u00f6d\u00fcl\u00fc, kurmaca-belgesel ve deneysel dallar\u0131ndaki \u00f6d\u00fclleri ile iki de \u015feref \u00f6d\u00fcl\u00fc verecek. festivalde son kat\u0131l\u0131m tarihi ise 10 mart 2010.","og_url":"https:\/\/narteks.net\/index.php\/2010\/01\/11\/10-ksa-ca-oerenci-filmleri-festivali\/","og_site_name":"narteks.net","article_published_time":"2010-01-11T14:29:35+00:00","og_image":[{"url":"http:\/\/4.bp.blogspot.com\/_J0HioPqoesU\/S0jq6GzJkPI\/AAAAAAAAB-4\/58WXQyrnvLU\/s320\/hgfhgf.JPG","type":"","width":"","height":""}],"author":"Tar\u0131k","twitter_card":"summary_large_image","twitter_creator":"@narteks","twitter_site":"@narteks","twitter_misc":{"Yazan:":"Tar\u0131k"},"schema":{"@context":"https:\/\/schema.org","@graph":[{"@type":"Article","@id":"https:\/\/narteks.net\/index.php\/2010\/01\/11\/10-ksa-ca-oerenci-filmleri-festivali\/#article","isPartOf":{"@id":"https:\/\/narteks.net\/index.php\/2010\/01\/11\/10-ksa-ca-oerenci-filmleri-festivali\/"},"author":{"name":"Tar\u0131k","@id":"https:\/\/narteks.net\/#\/schema\/person\/61f37d9834294b72d31d274e7ed79bca"},"headline":"10. k\u0131sa-ca \u00f6\u011frenci filmleri festivali","datePublished":"2010-01-11T14:29:35+00:00","mainEntityOfPage":{"@id":"https:\/\/narteks.net\/index.php\/2010\/01\/11\/10-ksa-ca-oerenci-filmleri-festivali\/"},"wordCount":74,"commentCount":0,"publisher":{"@id":"https:\/\/narteks.net\/#organization"},"image":{"@id":"https:\/\/narteks.net\/index.php\/2010\/01\/11\/10-ksa-ca-oerenci-filmleri-festivali\/#primaryimage"},"thumbnailUrl":"http:\/\/4.bp.blogspot.com\/_J0HioPqoesU\/S0jq6GzJkPI\/AAAAAAAAB-4\/58WXQyrnvLU\/s320\/hgfhgf.JPG","articleSection":["Sinema Haberleri"],"inLanguage":"tr","potentialAction":[{"@type":"CommentAction","name":"Comment","target":["https:\/\/narteks.net\/index.php\/2010\/01\/11\/10-ksa-ca-oerenci-filmleri-festivali\/#respond"]}]},{"@type":"WebPage","@id":"https:\/\/narteks.net\/index.php\/2010\/01\/11\/10-ksa-ca-oerenci-filmleri-festivali\/","url":"https:\/\/narteks.net\/index.php\/2010\/01\/11\/10-ksa-ca-oerenci-filmleri-festivali\/","name":"10. k\u0131sa-ca \u00f6\u011frenci filmleri festivali - narteks.net","isPartOf":{"@id":"https:\/\/narteks.net\/#website"},"primaryImageOfPage":{"@id":"https:\/\/narteks.net\/index.php\/2010\/01\/11\/10-ksa-ca-oerenci-filmleri-festivali\/#primaryimage"},"image":{"@id":"https:\/\/narteks.net\/index.php\/2010\/01\/11\/10-ksa-ca-oerenci-filmleri-festivali\/#primaryimage"},"thumbnailUrl":"http:\/\/4.bp.blogspot.com\/_J0HioPqoesU\/S0jq6GzJkPI\/AAAAAAAAB-4\/58WXQyrnvLU\/s320\/hgfhgf.JPG","datePublished":"2010-01-11T14:29:35+00:00","breadcrumb":{"@id":"https:\/\/narteks.net\/index.php\/2010\/01\/11\/10-ksa-ca-oerenci-filmleri-festivali\/#breadcrumb"},"inLanguage":"tr","potentialAction":[{"@type":"ReadAction","target":["https:\/\/narteks.net\/index.php\/2010\/01\/11\/10-ksa-ca-oerenci-filmleri-festivali\/"]}]},{"@type":"ImageObject","inLanguage":"tr","@id":"https:\/\/narteks.net\/index.php\/2010\/01\/11\/10-ksa-ca-oerenci-filmleri-festivali\/#primaryimage","url":"http:\/\/4.bp.blogspot.com\/_J0HioPqoesU\/S0jq6GzJkPI\/AAAAAAAAB-4\/58WXQyrnvLU\/s320\/hgfhgf.JPG","contentUrl":"http:\/\/4.bp.blogspot.com\/_J0HioPqoesU\/S0jq6GzJkPI\/AAAAAAAAB-4\/58WXQyrnvLU\/s320\/hgfhgf.JPG"},{"@type":"BreadcrumbList","@id":"https:\/\/narteks.net\/index.php\/2010\/01\/11\/10-ksa-ca-oerenci-filmleri-festivali\/#breadcrumb","itemListElement":[{"@type":"ListItem","position":1,"name":"Anasayfa","item":"https:\/\/narteks.net\/"},{"@type":"ListItem","position":2,"name":"10. k\u0131sa-ca \u00f6\u011frenci filmleri festivali"}]},{"@type":"WebSite","@id":"https:\/\/narteks.net\/#website","url":"https:\/\/narteks.net\/","name":"narteks.net","description":"K\u00fclt\u00fcr Sanat Edebiyat Felsefe","publisher":{"@id":"https:\/\/narteks.net\/#organization"},"alternateName":"K\u00fclt\u00fcr Sanat Edebiyat Felsefe","potentialAction":[{"@type":"SearchAction","target":{"@type":"EntryPoint","urlTemplate":"https:\/\/narteks.net\/?s={search_term_string}"},"query-input":{"@type":"PropertyValueSpecification","valueRequired":true,"valueName":"search_term_string"}}],"inLanguage":"tr"},{"@type":"Organization","@id":"https:\/\/narteks.net\/#organization","name":"narteks.net","url":"https:\/\/narteks.net\/","logo":{"@type":"ImageObject","inLanguage":"tr","@id":"https:\/\/narteks.net\/#\/schema\/logo\/image\/","url":"https:\/\/narteks.net\/wp-content\/uploads\/narteks.png","contentUrl":"https:\/\/narteks.net\/wp-content\/uploads\/narteks.png","width":300,"height":90,"caption":"narteks.net"},"image":{"@id":"https:\/\/narteks.net\/#\/schema\/logo\/image\/"},"sameAs":["https:\/\/x.com\/narteks","https:\/\/instagram.com\/narteksnet"]},{"@type":"Person","@id":"https:\/\/narteks.net\/#\/schema\/person\/61f37d9834294b72d31d274e7ed79bca","name":"Tar\u0131k","image":{"@type":"ImageObject","inLanguage":"tr","@id":"https:\/\/narteks.net\/#\/schema\/person\/image\/","url":"https:\/\/secure.gravatar.com\/avatar\/50865afb55632c4ae467e0af0930f6510aa2297d8014be502a55b14f3b7550cf?s=96&d=mm&r=g","contentUrl":"https:\/\/secure.gravatar.com\/avatar\/50865afb55632c4ae467e0af0930f6510aa2297d8014be502a55b14f3b7550cf?s=96&d=mm&r=g","caption":"Tar\u0131k"},"sameAs":["http:\/\/narteks.net"],"url":"https:\/\/narteks.net\/index.php\/author\/narbak\/"}]}},"_links":{"self":[{"href":"https:\/\/narteks.net\/index.php\/wp-json\/wp\/v2\/posts\/3956","targetHints":{"allow":["GET"]}}],"collection":[{"href":"https:\/\/narteks.net\/index.php\/wp-json\/wp\/v2\/posts"}],"about":[{"href":"https:\/\/narteks.net\/index.php\/wp-json\/wp\/v2\/types\/post"}],"author":[{"embeddable":true,"href":"https:\/\/narteks.net\/index.php\/wp-json\/wp\/v2\/users\/1"}],"replies":[{"embeddable":true,"href":"https:\/\/narteks.net\/index.php\/wp-json\/wp\/v2\/comments?post=3956"}],"version-history":[{"count":0,"href":"https:\/\/narteks.net\/index.php\/wp-json\/wp\/v2\/posts\/3956\/revisions"}],"wp:attachment":[{"href":"https:\/\/narteks.net\/index.php\/wp-json\/wp\/v2\/media?parent=3956"}],"wp:term":[{"taxonomy":"category","embeddable":true,"href":"https:\/\/narteks.net\/index.php\/wp-json\/wp\/v2\/categories?post=3956"},{"taxonomy":"post_tag","embeddable":true,"href":"https:\/\/narteks.net\/index.php\/wp-json\/wp\/v2\/tags?post=3956"}],"curies":[{"name":"wp","href":"https:\/\/api.w.org\/{rel}","templated":true}]}}