{"id":3961,"date":"2010-01-12T17:09:12","date_gmt":"2010-01-12T14:09:12","guid":{"rendered":"http:\/\/localhost\/wordpress\/2010\/01\/12\/turk-muzigi-tarihinde-tek-basina-konser-verme-gelenegini-getiren-sanatci-munir-nurettin-selcuk-ve-sarkilari\/"},"modified":"2010-01-12T17:09:12","modified_gmt":"2010-01-12T14:09:12","slug":"turk-muzigi-tarihinde-tek-basina-konser-verme-gelenegini-getiren-sanatci-munir-nurettin-selcuk-ve-sarkilari","status":"publish","type":"post","link":"https:\/\/narteks.net\/index.php\/2010\/01\/12\/turk-muzigi-tarihinde-tek-basina-konser-verme-gelenegini-getiren-sanatci-munir-nurettin-selcuk-ve-sarkilari\/","title":{"rendered":"T\u00fcrk m\u00fczi\u011fi tarihinde tek ba\u015f\u0131na konser verme gelene\u011fini getiren sanat\u00e7\u0131 \/ M\u00fcnir Nurettin Sel\u00e7uk ve \u015fark\u0131lar\u0131"},"content":{"rendered":"<p><strong><img loading=\"lazy\" decoding=\"async\" src=\"images\/stories\/mnir_nurettin_seluk.jpg\" border=\"0\" width=\"155\" height=\"205\" style=\"float: left;\" \/><\/strong><\/p>\n<p style=\"text-align: justify;\">M\u00fcnir Nurettin Sel\u00e7uk, (d. 1900 \u0130stanbul &#8211; \u00f6. 27 Nisan 1981) T\u00fcrk m\u00fczisyen. 1901&#8217;de \u0130stanbul&#8217;un Sar\u0131yer semtinde do\u011fdu. Do\u011fum tarihi i\u00e7in \u00e7e\u015fitli kaynaklarda 1899, 1900, 1902 tarihleri de g\u00f6sterilmi\u015ftir. Divan\u0131 H\u00fcmayun muavini ve Dar\u00fclf\u00fcnun \u0130lahiyat \u015eubesi muallimlerinden Mehmed Nuri Bey ile Fatma Hanife Han\u0131m\u0131n o\u011fludur. On be\u015f ya\u015f\u0131nda Dar\u00fc&#8217;l Feyzi Musiki Cemiyeti&#8217;ne \u00f6\u011frenci olarak girdi; \u00fc\u00e7 y\u0131l sonra da, hanendelerinden biri oldu\u011fu bu toplulu\u011fun konserlerine \u00e7\u0131kt\u0131. 1907&#8217;de So\u011fuk\u00e7e\u015fme Asker\u00ee R\u00fc\u015fdiyesi&#8217;ni bitirip Kad\u0131k\u00f6y Sultan\u00ee&#8217;sine yaz\u0131ld\u0131. Ayn\u0131 y\u0131l Dar\u00fclelhan&#8217;a da girdi, Zekaizade Ahmed Efendi&#8217;den d\u00f6rt y\u0131l ders ald\u0131.<\/p>\n<p style=\"text-align: justify;\">1917 y\u0131l\u0131nda ailesinin \u0131srar\u0131 ile \u00f6\u011frenim i\u00e7in gitti\u011fi Macaristan\u2019dan geri d\u00f6nd\u00fc. Dar&#8217;\u00fcl Feyz&#8217;i Musiki Cemiyetine devam etti ve Zekaizade Ahmet Irsoy&#8217;dan ve Bestenigar Ziya Bey&#8217;den m\u00fczik dersleri ald\u0131. M\u00fcnir Nurettin, bestek\u00e2rl\u0131\u011fa 1920 y\u0131l\u0131nda Tevfik Fikret\u2019in \u201cBu bir ter\u00e2nedir\u201d \u015fiirine yapt\u0131\u011f\u0131 bir besteyle ba\u015flad\u0131. \u0130kinci olarak \u201cSensiz ey \u015f\u00fbh g\u00f6zlerim av\u00e2re kalbim a\u011fl\u0131yor\u201d g\u00fcfteli \u015fark\u0131s\u0131n\u0131 besteledi ve bu iki eserden sonra yirmi y\u0131l s\u00fcreyle beste yapmad\u0131.<\/p>\n<p>1923 y\u0131l\u0131nda askerli\u011fi s\u0131ras\u0131nda M\u0131z\u0131ka-\u0131 H\u00fcm\u00e2y\u00fbn\u2019da sonradan da Riyaset-i Cumhur Mus\u0131k\u00ee Heyeti\u2019nde \u00e7al\u0131\u015fan M\u00fcnir Nurettin, eski okuyu\u015fla yeni anlay\u0131\u015f\u0131 birle\u015ftirerek al\u0131\u015f\u0131lagelenden \u00e7ok farkl\u0131 bir \u00fcslupla, 1928\u2019de Sahibinin Sesi firmas\u0131nda ilk plaklar\u0131n\u0131 yaparak dikkatleri \u00fczerine \u00e7ekti ve ayn\u0131 y\u0131l Paris\u2019e giderek ses tekni\u011fi konusunda \u00f6\u011frenim g\u00f6rd\u00fc. Ayn\u0131 zamanda \u00f6zg\u00fcn bir ses tekni\u011fi e\u011fitimi g\u00f6rm\u00fc\u015f ilk T\u00fcrk m\u00fczi\u011fi ses sanat\u00e7\u0131s\u0131 olan M\u00fcnir Nurettin, 19. y\u00fczy\u0131l \u0130talyan opera \u015fark\u0131c\u0131l\u0131\u011f\u0131n\u0131n izlerini ta\u015f\u0131yan icra \u00fcslubu &#8220;Bel Canto&#8221;dan etkilendi.<\/p>\n<p>T\u00fcrk m\u00fczi\u011fi tarihinde tek ba\u015f\u0131na konser verme gelene\u011fini getiren sanat\u00e7\u0131, ilk solo konserini Paris d\u00f6n\u00fc\u015f\u00fc, 1930 y\u0131l\u0131nda, \u015fimdiki Dormen Tiyatrosu\u2019nda vererek b\u00fcy\u00fck ilgi toplad\u0131 ve hayranl\u0131k uyand\u0131rd\u0131. Konserlerde frak giyen ve ayakta \u015fark\u0131 s\u00f6yleyen, ayn\u0131 zamanda koro e\u015fli\u011finde solo okuma gelene\u011fini de ilk kez uygulayan sanat\u00e7\u0131 o oldu. Bat\u0131dan gelen opera, tango gibi etkileri, kendi T\u00fcrk m\u00fczi\u011fi okuyu\u015f \u00fcslubuna dahil etti.<\/p>\n<p>As\u0131l beste \u00e7al\u0131\u015fmalar\u0131na 1940-1941\u2019li y\u0131llardan sonra ba\u015flayan M\u00fcnir Nurettin, \u0130stanbul\u2019a d\u00f6nd\u00fckten sonra otuz y\u0131l\u0131 a\u015fk\u0131n bir s\u00fcreyle \u0130stanbul Belediye Konservatuar\u0131 \u0130cra Heyeti\u2019nde g\u00f6rev yapt\u0131. Bir\u00e7ok gen\u00e7 ku\u015fak sanat\u00e7\u0131s\u0131n\u0131n yeti\u015fmesine katk\u0131da bulunan M\u00fcnir Nurettin Sel\u00e7uk\u2019un \u00f6zel olarak ders verdi\u011fi ki\u015filer aras\u0131nda T\u00fcrk m\u00fczi\u011fi ses sanat\u00e7\u0131s\u0131 olan Al\u00e2eddin Yava\u015f\u00e7a vard\u0131r. D\u00fcnya m\u00fczik \u00e7evrelerinde de b\u00fcy\u00fck ilgi g\u00f6rm\u00fc\u015f olan sanat\u00e7\u0131, 27 Nisan 1981&#8217;de ya\u015fam\u0131n\u0131 yitirdi.<\/p>\n<p>M\u00fcnir Nurettin Sel\u00e7uk, sanat\u00e7\u0131 Timur Sel\u00e7uk&#8217;un babas\u0131d\u0131r.<\/p>\n<p style=\"text-align: justify;\"><strong>Baz\u0131 Yap\u0131tlar\u0131 <\/strong><\/p>\n<p> * Beni K\u00f6r Kuyularda Merdivensiz B\u0131rakt\u0131n<br \/> * G\u00fcl Y\u00fcz\u00fcnde G\u00f6reli Z\u00fclf-i Semen-say G\u00f6n\u00fcl<br \/> * Sak<br \/> * Safa-y\u0131 Metle Par\u0131ldas\u0131n Cam\u0131m\u0131z<br \/> * H\u00fclyama Do\u011fan Son G\u00fcne\u015fim<br \/> * Son Hevesimd<br \/> * Varal\u0131m Kuy-\u0131 Dilaraya G\u00f6n\u00fcl Hu Diyerek<br \/> * Bir S\u00f6z Dedi Canan ki Keramet Var \u0130\u00e7inde<br \/> * Rindlerin Ak\u015fam\u0131 (D\u00f6n\u00fclmez Ak\u015fam\u0131n Ufkunday\u0131z)<br \/> * Ne Do\u011fan G\u00fcne H\u00fckm\u00fcm Ge\u00e7er Ne Halden Anlayan Bulunur<br \/> * End\u00fcl\u00fcs\u2019te Raks<br \/> * Aziz \u0130stanbul<br \/> * Sessiz Gemi<br \/> * Rindlerin \u00d6l\u00fcm\u00fc<br \/> * Sen \u015eark\u0131 S\u00f6yledi\u011fin Zaman<br \/> * Dumanl\u0131 Ba\u015flar\u0131 G\u00f6klere Ermi\u015f<br \/> * Yedi Renk \u00dcst\u00fcne Hareli Da\u011flar<br \/> * S\u00f6yle Sevgilim<br \/> * Kalam\u0131\u015f<\/p>\n<p>\n<object width=\"400\" height=\"315\" data=\"http:\/\/www.humyo.com\/E\/10044311-281475201399203\/10044311-281475201401089\/10044311-281475201399889\/10044311-281475201415339\/10044311-281475201405927\/10044311-281475201401647\/10044311-281475201402099\/10044311-281475201403855\/10044311-281475201415937\/10044311-281475201404317\/10044311-281475201404897\/10044311-281475201405415\/10044311-281475201406419\/10044311-281475201403433\" type=\"application\/x-shockwave-flash\"><param name=\"flashvars\" value=\"autostart=true&amp;imagestart=true&amp;displayheight=236\" \/><param name=\"src\" value=\"http:\/\/www.humyo.com\/E\/10044311-281475201399203\/10044311-281475201401089\/10044311-281475201399889\/10044311-281475201415339\/10044311-281475201405927\/10044311-281475201401647\/10044311-281475201402099\/10044311-281475201403855\/10044311-281475201415937\/10044311-281475201404317\/10044311-281475201404897\/10044311-281475201405415\/10044311-281475201406419\/10044311-281475201403433\" \/><\/object><\/p>\n","protected":false},"excerpt":{"rendered":"<p>M\u00fcnir Nurettin Sel\u00e7uk, (d. 1900 \u0130stanbul &#8211; \u00f6. 27 Nisan 1981) T\u00fcrk m\u00fczisyen. 1901&#8217;de \u0130stanbul&#8217;un Sar\u0131yer semtinde do\u011fdu. Do\u011fum tarihi i\u00e7in \u00e7e\u015fitli kaynaklarda 1899, 1900, 1902 tarihleri de g\u00f6sterilmi\u015ftir. Divan\u0131 H\u00fcmayun muavini ve Dar\u00fclf\u00fcnun \u0130lahiyat \u015eubesi muallimlerinden Mehmed Nuri Bey ile Fatma Hanife Han\u0131m\u0131n o\u011fludur. On be\u015f ya\u015f\u0131nda Dar\u00fc&#8217;l Feyzi Musiki Cemiyeti&#8217;ne \u00f6\u011frenci olarak girdi; [&hellip;]<\/p>\n","protected":false},"author":1,"featured_media":0,"comment_status":"open","ping_status":"open","sticky":false,"template":"","format":"standard","meta":{"footnotes":""},"categories":[100],"tags":[],"class_list":{"0":"post-3961","1":"post","2":"type-post","3":"status-publish","4":"format-standard","6":"category-muzisyenler"},"yoast_head":"<!-- This site is optimized with the Yoast SEO Premium plugin v24.9 (Yoast SEO v24.9) - https:\/\/yoast.com\/wordpress\/plugins\/seo\/ -->\n<title>T\u00fcrk m\u00fczi\u011fi tarihinde tek ba\u015f\u0131na konser verme gelene\u011fini getiren sanat\u00e7\u0131 \/ M\u00fcnir Nurettin Sel\u00e7uk ve \u015fark\u0131lar\u0131 - narteks.net<\/title>\n<meta name=\"robots\" content=\"index, follow, max-snippet:-1, max-image-preview:large, max-video-preview:-1\" \/>\n<link rel=\"canonical\" href=\"https:\/\/narteks.net\/index.php\/2010\/01\/12\/turk-muzigi-tarihinde-tek-basina-konser-verme-gelenegini-getiren-sanatci-munir-nurettin-selcuk-ve-sarkilari\/\" \/>\n<meta property=\"og:locale\" content=\"tr_TR\" \/>\n<meta property=\"og:type\" content=\"article\" \/>\n<meta property=\"og:title\" content=\"T\u00fcrk m\u00fczi\u011fi tarihinde tek ba\u015f\u0131na konser verme gelene\u011fini getiren sanat\u00e7\u0131 \/ M\u00fcnir Nurettin Sel\u00e7uk ve \u015fark\u0131lar\u0131\" \/>\n<meta property=\"og:description\" content=\"M\u00fcnir Nurettin Sel\u00e7uk, (d. 1900 \u0130stanbul &#8211; \u00f6. 27 Nisan 1981) T\u00fcrk m\u00fczisyen. 1901&#8217;de \u0130stanbul&#8217;un Sar\u0131yer semtinde do\u011fdu. Do\u011fum tarihi i\u00e7in \u00e7e\u015fitli kaynaklarda 1899, 1900, 1902 tarihleri de g\u00f6sterilmi\u015ftir. Divan\u0131 H\u00fcmayun muavini ve Dar\u00fclf\u00fcnun \u0130lahiyat \u015eubesi muallimlerinden Mehmed Nuri Bey ile Fatma Hanife Han\u0131m\u0131n o\u011fludur. On be\u015f ya\u015f\u0131nda Dar\u00fc&#8217;l Feyzi Musiki Cemiyeti&#8217;ne \u00f6\u011frenci olarak girdi; [&hellip;]\" \/>\n<meta property=\"og:url\" content=\"https:\/\/narteks.net\/index.php\/2010\/01\/12\/turk-muzigi-tarihinde-tek-basina-konser-verme-gelenegini-getiren-sanatci-munir-nurettin-selcuk-ve-sarkilari\/\" \/>\n<meta property=\"og:site_name\" content=\"narteks.net\" \/>\n<meta property=\"article:published_time\" content=\"2010-01-12T14:09:12+00:00\" \/>\n<meta property=\"og:image\" content=\"https:\/\/narteks.net\/wp-content\/uploads\/narteks.png\" \/>\n\t<meta property=\"og:image:width\" content=\"300\" \/>\n\t<meta property=\"og:image:height\" content=\"90\" \/>\n\t<meta property=\"og:image:type\" content=\"image\/png\" \/>\n<meta name=\"author\" content=\"Tar\u0131k\" \/>\n<meta name=\"twitter:card\" content=\"summary_large_image\" \/>\n<meta name=\"twitter:creator\" content=\"@narteks\" \/>\n<meta name=\"twitter:site\" content=\"@narteks\" \/>\n<meta name=\"twitter:label1\" content=\"Yazan:\" \/>\n\t<meta name=\"twitter:data1\" content=\"Tar\u0131k\" \/>\n\t<meta name=\"twitter:label2\" content=\"Tahmini okuma s\u00fcresi\" \/>\n\t<meta name=\"twitter:data2\" content=\"3 dakika\" \/>\n<script type=\"application\/ld+json\" class=\"yoast-schema-graph\">{\"@context\":\"https:\/\/schema.org\",\"@graph\":[{\"@type\":\"Article\",\"@id\":\"https:\/\/narteks.net\/index.php\/2010\/01\/12\/turk-muzigi-tarihinde-tek-basina-konser-verme-gelenegini-getiren-sanatci-munir-nurettin-selcuk-ve-sarkilari\/#article\",\"isPartOf\":{\"@id\":\"https:\/\/narteks.net\/index.php\/2010\/01\/12\/turk-muzigi-tarihinde-tek-basina-konser-verme-gelenegini-getiren-sanatci-munir-nurettin-selcuk-ve-sarkilari\/\"},\"author\":{\"name\":\"Tar\u0131k\",\"@id\":\"https:\/\/narteks.net\/#\/schema\/person\/61f37d9834294b72d31d274e7ed79bca\"},\"headline\":\"T\u00fcrk m\u00fczi\u011fi tarihinde tek ba\u015f\u0131na konser verme gelene\u011fini getiren sanat\u00e7\u0131 \/ M\u00fcnir Nurettin Sel\u00e7uk ve \u015fark\u0131lar\u0131\",\"datePublished\":\"2010-01-12T14:09:12+00:00\",\"mainEntityOfPage\":{\"@id\":\"https:\/\/narteks.net\/index.php\/2010\/01\/12\/turk-muzigi-tarihinde-tek-basina-konser-verme-gelenegini-getiren-sanatci-munir-nurettin-selcuk-ve-sarkilari\/\"},\"wordCount\":653,\"commentCount\":0,\"publisher\":{\"@id\":\"https:\/\/narteks.net\/#organization\"},\"articleSection\":[\"M\u00fczisyenler\"],\"inLanguage\":\"tr\",\"potentialAction\":[{\"@type\":\"CommentAction\",\"name\":\"Comment\",\"target\":[\"https:\/\/narteks.net\/index.php\/2010\/01\/12\/turk-muzigi-tarihinde-tek-basina-konser-verme-gelenegini-getiren-sanatci-munir-nurettin-selcuk-ve-sarkilari\/#respond\"]}]},{\"@type\":\"WebPage\",\"@id\":\"https:\/\/narteks.net\/index.php\/2010\/01\/12\/turk-muzigi-tarihinde-tek-basina-konser-verme-gelenegini-getiren-sanatci-munir-nurettin-selcuk-ve-sarkilari\/\",\"url\":\"https:\/\/narteks.net\/index.php\/2010\/01\/12\/turk-muzigi-tarihinde-tek-basina-konser-verme-gelenegini-getiren-sanatci-munir-nurettin-selcuk-ve-sarkilari\/\",\"name\":\"T\u00fcrk m\u00fczi\u011fi tarihinde tek ba\u015f\u0131na konser verme gelene\u011fini getiren sanat\u00e7\u0131 \/ M\u00fcnir Nurettin Sel\u00e7uk ve \u015fark\u0131lar\u0131 - narteks.net\",\"isPartOf\":{\"@id\":\"https:\/\/narteks.net\/#website\"},\"datePublished\":\"2010-01-12T14:09:12+00:00\",\"breadcrumb\":{\"@id\":\"https:\/\/narteks.net\/index.php\/2010\/01\/12\/turk-muzigi-tarihinde-tek-basina-konser-verme-gelenegini-getiren-sanatci-munir-nurettin-selcuk-ve-sarkilari\/#breadcrumb\"},\"inLanguage\":\"tr\",\"potentialAction\":[{\"@type\":\"ReadAction\",\"target\":[\"https:\/\/narteks.net\/index.php\/2010\/01\/12\/turk-muzigi-tarihinde-tek-basina-konser-verme-gelenegini-getiren-sanatci-munir-nurettin-selcuk-ve-sarkilari\/\"]}]},{\"@type\":\"BreadcrumbList\",\"@id\":\"https:\/\/narteks.net\/index.php\/2010\/01\/12\/turk-muzigi-tarihinde-tek-basina-konser-verme-gelenegini-getiren-sanatci-munir-nurettin-selcuk-ve-sarkilari\/#breadcrumb\",\"itemListElement\":[{\"@type\":\"ListItem\",\"position\":1,\"name\":\"Anasayfa\",\"item\":\"https:\/\/narteks.net\/\"},{\"@type\":\"ListItem\",\"position\":2,\"name\":\"T\u00fcrk m\u00fczi\u011fi tarihinde tek ba\u015f\u0131na konser verme gelene\u011fini getiren sanat\u00e7\u0131 \/ M\u00fcnir Nurettin Sel\u00e7uk ve \u015fark\u0131lar\u0131\"}]},{\"@type\":\"WebSite\",\"@id\":\"https:\/\/narteks.net\/#website\",\"url\":\"https:\/\/narteks.net\/\",\"name\":\"narteks.net\",\"description\":\"K\u00fclt\u00fcr Sanat Edebiyat Felsefe\",\"publisher\":{\"@id\":\"https:\/\/narteks.net\/#organization\"},\"alternateName\":\"K\u00fclt\u00fcr Sanat Edebiyat Felsefe\",\"potentialAction\":[{\"@type\":\"SearchAction\",\"target\":{\"@type\":\"EntryPoint\",\"urlTemplate\":\"https:\/\/narteks.net\/?s={search_term_string}\"},\"query-input\":{\"@type\":\"PropertyValueSpecification\",\"valueRequired\":true,\"valueName\":\"search_term_string\"}}],\"inLanguage\":\"tr\"},{\"@type\":\"Organization\",\"@id\":\"https:\/\/narteks.net\/#organization\",\"name\":\"narteks.net\",\"url\":\"https:\/\/narteks.net\/\",\"logo\":{\"@type\":\"ImageObject\",\"inLanguage\":\"tr\",\"@id\":\"https:\/\/narteks.net\/#\/schema\/logo\/image\/\",\"url\":\"https:\/\/narteks.net\/wp-content\/uploads\/narteks.png\",\"contentUrl\":\"https:\/\/narteks.net\/wp-content\/uploads\/narteks.png\",\"width\":300,\"height\":90,\"caption\":\"narteks.net\"},\"image\":{\"@id\":\"https:\/\/narteks.net\/#\/schema\/logo\/image\/\"},\"sameAs\":[\"https:\/\/x.com\/narteks\",\"https:\/\/instagram.com\/narteksnet\"]},{\"@type\":\"Person\",\"@id\":\"https:\/\/narteks.net\/#\/schema\/person\/61f37d9834294b72d31d274e7ed79bca\",\"name\":\"Tar\u0131k\",\"image\":{\"@type\":\"ImageObject\",\"inLanguage\":\"tr\",\"@id\":\"https:\/\/narteks.net\/#\/schema\/person\/image\/\",\"url\":\"https:\/\/secure.gravatar.com\/avatar\/50865afb55632c4ae467e0af0930f6510aa2297d8014be502a55b14f3b7550cf?s=96&d=mm&r=g\",\"contentUrl\":\"https:\/\/secure.gravatar.com\/avatar\/50865afb55632c4ae467e0af0930f6510aa2297d8014be502a55b14f3b7550cf?s=96&d=mm&r=g\",\"caption\":\"Tar\u0131k\"},\"sameAs\":[\"http:\/\/narteks.net\"],\"url\":\"https:\/\/narteks.net\/index.php\/author\/narbak\/\"}]}<\/script>\n<!-- \/ Yoast SEO Premium plugin. -->","yoast_head_json":{"title":"T\u00fcrk m\u00fczi\u011fi tarihinde tek ba\u015f\u0131na konser verme gelene\u011fini getiren sanat\u00e7\u0131 \/ M\u00fcnir Nurettin Sel\u00e7uk ve \u015fark\u0131lar\u0131 - narteks.net","robots":{"index":"index","follow":"follow","max-snippet":"max-snippet:-1","max-image-preview":"max-image-preview:large","max-video-preview":"max-video-preview:-1"},"canonical":"https:\/\/narteks.net\/index.php\/2010\/01\/12\/turk-muzigi-tarihinde-tek-basina-konser-verme-gelenegini-getiren-sanatci-munir-nurettin-selcuk-ve-sarkilari\/","og_locale":"tr_TR","og_type":"article","og_title":"T\u00fcrk m\u00fczi\u011fi tarihinde tek ba\u015f\u0131na konser verme gelene\u011fini getiren sanat\u00e7\u0131 \/ M\u00fcnir Nurettin Sel\u00e7uk ve \u015fark\u0131lar\u0131","og_description":"M\u00fcnir Nurettin Sel\u00e7uk, (d. 1900 \u0130stanbul &#8211; \u00f6. 27 Nisan 1981) T\u00fcrk m\u00fczisyen. 1901&#8217;de \u0130stanbul&#8217;un Sar\u0131yer semtinde do\u011fdu. Do\u011fum tarihi i\u00e7in \u00e7e\u015fitli kaynaklarda 1899, 1900, 1902 tarihleri de g\u00f6sterilmi\u015ftir. Divan\u0131 H\u00fcmayun muavini ve Dar\u00fclf\u00fcnun \u0130lahiyat \u015eubesi muallimlerinden Mehmed Nuri Bey ile Fatma Hanife Han\u0131m\u0131n o\u011fludur. On be\u015f ya\u015f\u0131nda Dar\u00fc&#8217;l Feyzi Musiki Cemiyeti&#8217;ne \u00f6\u011frenci olarak girdi; [&hellip;]","og_url":"https:\/\/narteks.net\/index.php\/2010\/01\/12\/turk-muzigi-tarihinde-tek-basina-konser-verme-gelenegini-getiren-sanatci-munir-nurettin-selcuk-ve-sarkilari\/","og_site_name":"narteks.net","article_published_time":"2010-01-12T14:09:12+00:00","og_image":[{"width":300,"height":90,"url":"https:\/\/narteks.net\/wp-content\/uploads\/narteks.png","type":"image\/png"}],"author":"Tar\u0131k","twitter_card":"summary_large_image","twitter_creator":"@narteks","twitter_site":"@narteks","twitter_misc":{"Yazan:":"Tar\u0131k","Tahmini okuma s\u00fcresi":"3 dakika"},"schema":{"@context":"https:\/\/schema.org","@graph":[{"@type":"Article","@id":"https:\/\/narteks.net\/index.php\/2010\/01\/12\/turk-muzigi-tarihinde-tek-basina-konser-verme-gelenegini-getiren-sanatci-munir-nurettin-selcuk-ve-sarkilari\/#article","isPartOf":{"@id":"https:\/\/narteks.net\/index.php\/2010\/01\/12\/turk-muzigi-tarihinde-tek-basina-konser-verme-gelenegini-getiren-sanatci-munir-nurettin-selcuk-ve-sarkilari\/"},"author":{"name":"Tar\u0131k","@id":"https:\/\/narteks.net\/#\/schema\/person\/61f37d9834294b72d31d274e7ed79bca"},"headline":"T\u00fcrk m\u00fczi\u011fi tarihinde tek ba\u015f\u0131na konser verme gelene\u011fini getiren sanat\u00e7\u0131 \/ M\u00fcnir Nurettin Sel\u00e7uk ve \u015fark\u0131lar\u0131","datePublished":"2010-01-12T14:09:12+00:00","mainEntityOfPage":{"@id":"https:\/\/narteks.net\/index.php\/2010\/01\/12\/turk-muzigi-tarihinde-tek-basina-konser-verme-gelenegini-getiren-sanatci-munir-nurettin-selcuk-ve-sarkilari\/"},"wordCount":653,"commentCount":0,"publisher":{"@id":"https:\/\/narteks.net\/#organization"},"articleSection":["M\u00fczisyenler"],"inLanguage":"tr","potentialAction":[{"@type":"CommentAction","name":"Comment","target":["https:\/\/narteks.net\/index.php\/2010\/01\/12\/turk-muzigi-tarihinde-tek-basina-konser-verme-gelenegini-getiren-sanatci-munir-nurettin-selcuk-ve-sarkilari\/#respond"]}]},{"@type":"WebPage","@id":"https:\/\/narteks.net\/index.php\/2010\/01\/12\/turk-muzigi-tarihinde-tek-basina-konser-verme-gelenegini-getiren-sanatci-munir-nurettin-selcuk-ve-sarkilari\/","url":"https:\/\/narteks.net\/index.php\/2010\/01\/12\/turk-muzigi-tarihinde-tek-basina-konser-verme-gelenegini-getiren-sanatci-munir-nurettin-selcuk-ve-sarkilari\/","name":"T\u00fcrk m\u00fczi\u011fi tarihinde tek ba\u015f\u0131na konser verme gelene\u011fini getiren sanat\u00e7\u0131 \/ M\u00fcnir Nurettin Sel\u00e7uk ve \u015fark\u0131lar\u0131 - narteks.net","isPartOf":{"@id":"https:\/\/narteks.net\/#website"},"datePublished":"2010-01-12T14:09:12+00:00","breadcrumb":{"@id":"https:\/\/narteks.net\/index.php\/2010\/01\/12\/turk-muzigi-tarihinde-tek-basina-konser-verme-gelenegini-getiren-sanatci-munir-nurettin-selcuk-ve-sarkilari\/#breadcrumb"},"inLanguage":"tr","potentialAction":[{"@type":"ReadAction","target":["https:\/\/narteks.net\/index.php\/2010\/01\/12\/turk-muzigi-tarihinde-tek-basina-konser-verme-gelenegini-getiren-sanatci-munir-nurettin-selcuk-ve-sarkilari\/"]}]},{"@type":"BreadcrumbList","@id":"https:\/\/narteks.net\/index.php\/2010\/01\/12\/turk-muzigi-tarihinde-tek-basina-konser-verme-gelenegini-getiren-sanatci-munir-nurettin-selcuk-ve-sarkilari\/#breadcrumb","itemListElement":[{"@type":"ListItem","position":1,"name":"Anasayfa","item":"https:\/\/narteks.net\/"},{"@type":"ListItem","position":2,"name":"T\u00fcrk m\u00fczi\u011fi tarihinde tek ba\u015f\u0131na konser verme gelene\u011fini getiren sanat\u00e7\u0131 \/ M\u00fcnir Nurettin Sel\u00e7uk ve \u015fark\u0131lar\u0131"}]},{"@type":"WebSite","@id":"https:\/\/narteks.net\/#website","url":"https:\/\/narteks.net\/","name":"narteks.net","description":"K\u00fclt\u00fcr Sanat Edebiyat Felsefe","publisher":{"@id":"https:\/\/narteks.net\/#organization"},"alternateName":"K\u00fclt\u00fcr Sanat Edebiyat Felsefe","potentialAction":[{"@type":"SearchAction","target":{"@type":"EntryPoint","urlTemplate":"https:\/\/narteks.net\/?s={search_term_string}"},"query-input":{"@type":"PropertyValueSpecification","valueRequired":true,"valueName":"search_term_string"}}],"inLanguage":"tr"},{"@type":"Organization","@id":"https:\/\/narteks.net\/#organization","name":"narteks.net","url":"https:\/\/narteks.net\/","logo":{"@type":"ImageObject","inLanguage":"tr","@id":"https:\/\/narteks.net\/#\/schema\/logo\/image\/","url":"https:\/\/narteks.net\/wp-content\/uploads\/narteks.png","contentUrl":"https:\/\/narteks.net\/wp-content\/uploads\/narteks.png","width":300,"height":90,"caption":"narteks.net"},"image":{"@id":"https:\/\/narteks.net\/#\/schema\/logo\/image\/"},"sameAs":["https:\/\/x.com\/narteks","https:\/\/instagram.com\/narteksnet"]},{"@type":"Person","@id":"https:\/\/narteks.net\/#\/schema\/person\/61f37d9834294b72d31d274e7ed79bca","name":"Tar\u0131k","image":{"@type":"ImageObject","inLanguage":"tr","@id":"https:\/\/narteks.net\/#\/schema\/person\/image\/","url":"https:\/\/secure.gravatar.com\/avatar\/50865afb55632c4ae467e0af0930f6510aa2297d8014be502a55b14f3b7550cf?s=96&d=mm&r=g","contentUrl":"https:\/\/secure.gravatar.com\/avatar\/50865afb55632c4ae467e0af0930f6510aa2297d8014be502a55b14f3b7550cf?s=96&d=mm&r=g","caption":"Tar\u0131k"},"sameAs":["http:\/\/narteks.net"],"url":"https:\/\/narteks.net\/index.php\/author\/narbak\/"}]}},"_links":{"self":[{"href":"https:\/\/narteks.net\/index.php\/wp-json\/wp\/v2\/posts\/3961","targetHints":{"allow":["GET"]}}],"collection":[{"href":"https:\/\/narteks.net\/index.php\/wp-json\/wp\/v2\/posts"}],"about":[{"href":"https:\/\/narteks.net\/index.php\/wp-json\/wp\/v2\/types\/post"}],"author":[{"embeddable":true,"href":"https:\/\/narteks.net\/index.php\/wp-json\/wp\/v2\/users\/1"}],"replies":[{"embeddable":true,"href":"https:\/\/narteks.net\/index.php\/wp-json\/wp\/v2\/comments?post=3961"}],"version-history":[{"count":0,"href":"https:\/\/narteks.net\/index.php\/wp-json\/wp\/v2\/posts\/3961\/revisions"}],"wp:attachment":[{"href":"https:\/\/narteks.net\/index.php\/wp-json\/wp\/v2\/media?parent=3961"}],"wp:term":[{"taxonomy":"category","embeddable":true,"href":"https:\/\/narteks.net\/index.php\/wp-json\/wp\/v2\/categories?post=3961"},{"taxonomy":"post_tag","embeddable":true,"href":"https:\/\/narteks.net\/index.php\/wp-json\/wp\/v2\/tags?post=3961"}],"curies":[{"name":"wp","href":"https:\/\/api.w.org\/{rel}","templated":true}]}}