{"id":3969,"date":"2010-01-13T18:06:16","date_gmt":"2010-01-13T15:06:16","guid":{"rendered":"http:\/\/localhost\/wordpress\/2010\/01\/13\/sinirlarin-otesinde-pasaportsuz-sarkilar-ciwan-haco-ve-sarkilari-nartekste\/"},"modified":"2010-01-13T18:06:16","modified_gmt":"2010-01-13T15:06:16","slug":"sinirlarin-otesinde-pasaportsuz-sarkilar-ciwan-haco-ve-sarkilari-nartekste","status":"publish","type":"post","link":"https:\/\/narteks.net\/index.php\/2010\/01\/13\/sinirlarin-otesinde-pasaportsuz-sarkilar-ciwan-haco-ve-sarkilari-nartekste\/","title":{"rendered":"S\u0131n\u0131rlar\u0131n \u00f6tesinde pasaport&#8217;suz \u015fark\u0131lar | Ciwan HACO ve \u015fark\u0131lar\u0131 narteks&#8217;te"},"content":{"rendered":"<p><img loading=\"lazy\" decoding=\"async\" src=\"images\/stories\/ciwanhaco.jpg\" border=\"0\" width=\"155\" height=\"205\" style=\"float: left;\" \/><\/p>\n<p style=\"text-align: justify;\">1957 y\u0131l\u0131nda suriye&#8217;nin kam\u0131\u015flo kentinde d\u00fcnyaya gelen ciwan haco,lise \u00f6\u011freniminin ard\u0131ndan Almanya&#8217;n\u0131n bochum \u00fcniversitesinin m\u00fczik fak\u00fcltesinde 3 y\u0131l m\u00fczik \u00f6\u011frenimi g\u00f6rd\u00fc.Bir \u00e7ok avrupal\u0131 m\u00fczisyenle \u00e7al\u0131\u015fmalar yapan ciwan haco&#8217;nun T\u00fcrkiye\u2019de, \u2018S\u00ee \u00fb s\u00ea Gule\u2019,\u2019Dur\u00ee\u2019,\u201dBilur a m\u00een\u2019,\u2019Gula sor\u2019,\u2019Leyla\u2019 isimleri alb\u00fcmleri \u00e7\u0131kt\u0131. Ayr\u0131ca sanat\u00e7\u0131n\u0131n Avrupada da \u2018Pe\u015fmerge\u2019, \u2018Serhildan\u2019, \u2018Diyarbek\u00eer\u2019, \u2018Girt\u00eey\u00ean Azad\u00eey\u00ea\u2019 isimli alb\u00fcmleri yay\u0131nland\u0131.<\/p>\n<p><!--more--><\/p>\n<p>\u00a0<\/p>\n<p style=\"text-align: justify;\">Otantik k\u00fcrt m\u00fczi\u011fi \u00f6zelliklerini Pop-Folk ve Rock a\u011f\u0131rl\u0131kl\u0131 kal\u0131plar i\u00e7erisinde d\u00fczenleyerek, bu ezgilerin d\u00fcnyaya a\u00e7\u0131lmas\u0131n\u0131 sa\u011flayan sanat\u00e7\u0131, geleneksel olan\u0131 pop\u00fclerle\u015ftirdi.\u0130lk alb\u00fcmleri Emina ve Pe\u015fmerge&#8217;de geleneksel k\u00fcrt m\u00fczi\u011fi t\u00fcrk\u00fclerini seslendiren Haco,daha sonra caz-rock tarz\u0131nda unutulmaz eserler b\u0131rakm\u0131\u015ft\u0131r.K\u00fcrt m\u00fczi\u011fine \u00e7al\u0131\u015ft\u0131\u011f\u0131 d\u00fcnyaca \u00fcnl\u00fc gruplarla birlikte \u00fcst d\u00fczey m\u00fczik kalitesi ve yeni bir ufuk getirmi\u015ftir.Son iki alb\u00fcm\u00fcnde daha \u00e7ok pop a\u011f\u0131rl\u0131kl\u0131 par\u00e7alara y\u00f6nelen Haco \u00fcn\u00fcn\u00fc de daha \u00e7ok bu kasetleriyle kazanm\u0131\u015ft\u0131r.2003&#8217;te Batman\u2019da verdi\u011fi konsere 300 binden fazla seyirci kat\u0131lm\u0131\u015ft\u0131r.<br \/>1980&#8217;li y\u0131llarda korsan kasetleri ka\u00e7ak yollardan T\u00fcrkiye, \u0130ran, Irak ve Suriye&#8217;ye girdi\u011finde, m\u00fczik ser\u00fcveni \u00e7oktan ba\u015flam\u0131\u015f ve Almanya&#8217;da Bochum \u00dcniversitesi&#8217;nde m\u00fczik e\u011fitimi g\u00f6r\u00fcyordu Ciwan Haco. Kendine has bir tarz\u0131 vard\u0131; K\u00fcrt m\u00fczi\u011finde o zamana kadar al\u0131\u015f\u0131k olmayan bir &#8220;ses&#8221; olarak girdi. Pop, rock ve etno-caz t\u00fcr\u00fcn\u00fc, bir daha \u00e7\u0131kmamacas\u0131na K\u00fcrt m\u00fczi\u011fine sokarken, kocaman bir co\u011frafyada \u00e7ok b\u00fcy\u00fck bir hayran kitlesini yarat\u0131yordu. Arkas\u0131ndan gelecek bir s\u00fcr\u00fc m\u00fczisyene &#8220;\u00f6rnek&#8221; oluyor ve Avrupa&#8217;n\u0131n \u00f6nemli caz kul\u00fcplerinde sahneye \u00e7\u0131k\u0131yor, d\u00fcnyan\u0131n \u00e7e\u015fitli yerlerinde verdi\u011fi konserleri h\u0131ncah\u0131n\u00e7 doluyordu.<br \/>Ciwan HACO \u015eeyh Sait isyan\u0131ndan sonra, Midyat&#8217;tan Suriye&#8217;ye g\u00f6\u00e7 etmek zorunda kalan b\u00fcy\u00fck bir ailenin ferdidir. Ailenin atas\u0131, Haco A\u011fa olarak bilinir. \u015eeyh Sait isyan\u0131n\u0131n bast\u0131r\u0131lmas\u0131nda, devlete destek verirse e\u011fer birtak\u0131m &#8220;imtiyazlar&#8221; vaat edilir kendisine, ama her vaat gibi yerine getirilmez, Suriye&#8217;nin yollar\u0131 g\u00f6r\u00fcn\u00fcr Haco A\u011fa&#8217;ya mecburi. Suriye h\u00fck\u00fcmeti toprak verir kendisine, geni\u015f a\u015firetiyle buraya yerle\u015fir, ancak K\u00fcrtl\u00fc\u011f\u00fc ba\u015f\u0131na belad\u0131r, topraklar elinden al\u0131n\u0131r sonra, aile g\u00f6\u00e7e zorlan\u0131r, d\u00fcnyan\u0131n her yerine da\u011f\u0131l\u0131r aile fertleri.<\/p>\n<p style=\"text-align: justify;\">Ciwan haco&#8217; yu dinlemeden bu hayattan ayr\u0131lma&#8230;<\/p>\n<div>\n<object width=\"480\" height=\"398\" data=\"http:\/\/www.dailymotion.com\/swf\/x2oyyz&amp;related=0\" type=\"application\/x-shockwave-flash\"><param name=\"allowFullScreen\" value=\"true\" \/><param name=\"allowScriptAccess\" value=\"always\" \/><param name=\"src\" value=\"http:\/\/www.dailymotion.com\/swf\/x2oyyz&amp;related=0\" \/><param name=\"allowfullscreen\" value=\"true\" \/><\/object><br \/>\n<br \/><strong>Ciwan haco &#8211; dilketme<\/strong><br \/><em><a href=\"http:\/\/www.dailymotion.com\/tr\/channel\/music\"><br \/><\/a><\/em><\/div>\n<p><strong><span id=\"Alb.C3.BCmler\" class=\"mw-headline\">Alb\u00fcmler<\/span><\/strong><span class=\"editsection\" style=\"font-size: xx-small; font-weight: normal; float: none;\"> <\/span><\/p>\n<ul>\n<li><span class=\"new\">Em\u00eena Em\u00eena<\/span> (1970)<\/li>\n<li><span class=\"new\">P\u00ea\u015fmerge<\/span> (1979)<\/li>\n<li><span class=\"new\">Diyarbek\u00eer<\/span> (1981)<\/li>\n<li><span class=\"new\">Gula Sor<\/span> (1983)<\/li>\n<li><span class=\"new\">Leyla<\/span> (1985)<\/li>\n<li><span class=\"new\">Girt\u00eey\u00ean Azad\u00eey\u00ea<\/span> (1987)<\/li>\n<li><span class=\"new\">\u00c7aw Bella<\/span> (1989)<\/li>\n<li><span class=\"new\">S\u00ee \u00fb S\u00ea Gule<\/span> (1991)<\/li>\n<li><span class=\"new\">D\u00fbr\u00ee<\/span> (1994)<\/li>\n<li><span class=\"new\">Bil\u00fbra Min<\/span> (1997)<\/li>\n<li><span class=\"new\">Destana Eg\u00eedek\u00ee<\/span> (1998)<\/li>\n<li><span class=\"new\">Derya<\/span> (2003)<\/li>\n<li><span class=\"new\">Konsera Batman\u00ea<\/span> (2003) (VCD \u00fb DVD)<\/li>\n<li><span class=\"new\">Na Na<\/span> (2004)<\/li>\n<p>Off (2006)<\/p>\n<\/ul>\n<p>\n<object width=\"400\" height=\"315\" data=\"http:\/\/www.humyo.com\/E\/10044311-281475205279617\/10044311-281475205276419\/10044311-281475205277389\/10044311-281475205278735\/10044311-281475205280285\/10044311-281475205281297\/10044311-281475205282537\/10044311-281475205283327\/10044311-281475205283675\/10044311-281475205284331\/10044311-281475205284919\/10044311-281475205299319\/10044311-281475205287777\/10044311-281475205288617\/10044311-281475205290031\/10044311-281475205289531\/10044311-281475205290531\/10044311-281475205291417\/10044311-281475205286949\/10044311-281475205292379\/10044311-281475205278001\" type=\"application\/x-shockwave-flash\"><param name=\"flashvars\" value=\"autostart=true&amp;imagestart=true&amp;displayheight=236\" \/><param name=\"src\" value=\"http:\/\/www.humyo.com\/E\/10044311-281475205279617\/10044311-281475205276419\/10044311-281475205277389\/10044311-281475205278735\/10044311-281475205280285\/10044311-281475205281297\/10044311-281475205282537\/10044311-281475205283327\/10044311-281475205283675\/10044311-281475205284331\/10044311-281475205284919\/10044311-281475205299319\/10044311-281475205287777\/10044311-281475205288617\/10044311-281475205290031\/10044311-281475205289531\/10044311-281475205290531\/10044311-281475205291417\/10044311-281475205286949\/10044311-281475205292379\/10044311-281475205278001\" \/><\/object><\/p>\n","protected":false},"excerpt":{"rendered":"<p>1957 y\u0131l\u0131nda suriye&#8217;nin kam\u0131\u015flo kentinde d\u00fcnyaya gelen ciwan haco,lise \u00f6\u011freniminin ard\u0131ndan Almanya&#8217;n\u0131n bochum \u00fcniversitesinin m\u00fczik fak\u00fcltesinde 3 y\u0131l m\u00fczik \u00f6\u011frenimi g\u00f6rd\u00fc.Bir \u00e7ok avrupal\u0131 m\u00fczisyenle \u00e7al\u0131\u015fmalar yapan ciwan haco&#8217;nun T\u00fcrkiye\u2019de, \u2018S\u00ee \u00fb s\u00ea Gule\u2019,\u2019Dur\u00ee\u2019,\u201dBilur a m\u00een\u2019,\u2019Gula sor\u2019,\u2019Leyla\u2019 isimleri alb\u00fcmleri \u00e7\u0131kt\u0131. Ayr\u0131ca sanat\u00e7\u0131n\u0131n Avrupada da \u2018Pe\u015fmerge\u2019, \u2018Serhildan\u2019, \u2018Diyarbek\u00eer\u2019, \u2018Girt\u00eey\u00ean Azad\u00eey\u00ea\u2019 isimli alb\u00fcmleri yay\u0131nland\u0131.<\/p>\n","protected":false},"author":1,"featured_media":0,"comment_status":"open","ping_status":"open","sticky":false,"template":"","format":"standard","meta":{"footnotes":""},"categories":[125],"tags":[],"class_list":{"0":"post-3969","1":"post","2":"type-post","3":"status-publish","4":"format-standard","6":"category-dunya-dan-muzik"},"yoast_head":"<!-- This site is optimized with the Yoast SEO Premium plugin v24.9 (Yoast SEO v24.9) - https:\/\/yoast.com\/wordpress\/plugins\/seo\/ -->\n<title>S\u0131n\u0131rlar\u0131n \u00f6tesinde pasaport&#039;suz \u015fark\u0131lar | Ciwan HACO ve \u015fark\u0131lar\u0131 narteks&#039;te - narteks.net<\/title>\n<meta name=\"robots\" content=\"index, follow, max-snippet:-1, max-image-preview:large, max-video-preview:-1\" \/>\n<link rel=\"canonical\" href=\"https:\/\/narteks.net\/index.php\/2010\/01\/13\/sinirlarin-otesinde-pasaportsuz-sarkilar-ciwan-haco-ve-sarkilari-nartekste\/\" \/>\n<meta property=\"og:locale\" content=\"tr_TR\" \/>\n<meta property=\"og:type\" content=\"article\" \/>\n<meta property=\"og:title\" content=\"S\u0131n\u0131rlar\u0131n \u00f6tesinde pasaport&#039;suz \u015fark\u0131lar | Ciwan HACO ve \u015fark\u0131lar\u0131 narteks&#039;te\" \/>\n<meta property=\"og:description\" content=\"1957 y\u0131l\u0131nda suriye&#8217;nin kam\u0131\u015flo kentinde d\u00fcnyaya gelen ciwan haco,lise \u00f6\u011freniminin ard\u0131ndan Almanya&#8217;n\u0131n bochum \u00fcniversitesinin m\u00fczik fak\u00fcltesinde 3 y\u0131l m\u00fczik \u00f6\u011frenimi g\u00f6rd\u00fc.Bir \u00e7ok avrupal\u0131 m\u00fczisyenle \u00e7al\u0131\u015fmalar yapan ciwan haco&#8217;nun T\u00fcrkiye\u2019de, \u2018S\u00ee \u00fb s\u00ea Gule\u2019,\u2019Dur\u00ee\u2019,\u201dBilur a m\u00een\u2019,\u2019Gula sor\u2019,\u2019Leyla\u2019 isimleri alb\u00fcmleri \u00e7\u0131kt\u0131. Ayr\u0131ca sanat\u00e7\u0131n\u0131n Avrupada da \u2018Pe\u015fmerge\u2019, \u2018Serhildan\u2019, \u2018Diyarbek\u00eer\u2019, \u2018Girt\u00eey\u00ean Azad\u00eey\u00ea\u2019 isimli alb\u00fcmleri yay\u0131nland\u0131.\" \/>\n<meta property=\"og:url\" content=\"https:\/\/narteks.net\/index.php\/2010\/01\/13\/sinirlarin-otesinde-pasaportsuz-sarkilar-ciwan-haco-ve-sarkilari-nartekste\/\" \/>\n<meta property=\"og:site_name\" content=\"narteks.net\" \/>\n<meta property=\"article:published_time\" content=\"2010-01-13T15:06:16+00:00\" \/>\n<meta property=\"og:image\" content=\"https:\/\/narteks.net\/wp-content\/uploads\/narteks.png\" \/>\n\t<meta property=\"og:image:width\" content=\"300\" \/>\n\t<meta property=\"og:image:height\" content=\"90\" \/>\n\t<meta property=\"og:image:type\" content=\"image\/png\" \/>\n<meta name=\"author\" content=\"Tar\u0131k\" \/>\n<meta name=\"twitter:card\" content=\"summary_large_image\" \/>\n<meta name=\"twitter:creator\" content=\"@narteks\" \/>\n<meta name=\"twitter:site\" content=\"@narteks\" \/>\n<meta name=\"twitter:label1\" content=\"Yazan:\" \/>\n\t<meta name=\"twitter:data1\" content=\"Tar\u0131k\" \/>\n\t<meta name=\"twitter:label2\" content=\"Tahmini okuma s\u00fcresi\" \/>\n\t<meta name=\"twitter:data2\" content=\"2 dakika\" \/>\n<script type=\"application\/ld+json\" class=\"yoast-schema-graph\">{\"@context\":\"https:\/\/schema.org\",\"@graph\":[{\"@type\":\"Article\",\"@id\":\"https:\/\/narteks.net\/index.php\/2010\/01\/13\/sinirlarin-otesinde-pasaportsuz-sarkilar-ciwan-haco-ve-sarkilari-nartekste\/#article\",\"isPartOf\":{\"@id\":\"https:\/\/narteks.net\/index.php\/2010\/01\/13\/sinirlarin-otesinde-pasaportsuz-sarkilar-ciwan-haco-ve-sarkilari-nartekste\/\"},\"author\":{\"name\":\"Tar\u0131k\",\"@id\":\"https:\/\/narteks.net\/#\/schema\/person\/61f37d9834294b72d31d274e7ed79bca\"},\"headline\":\"S\u0131n\u0131rlar\u0131n \u00f6tesinde pasaport&#8217;suz \u015fark\u0131lar | Ciwan HACO ve \u015fark\u0131lar\u0131 narteks&#8217;te\",\"datePublished\":\"2010-01-13T15:06:16+00:00\",\"mainEntityOfPage\":{\"@id\":\"https:\/\/narteks.net\/index.php\/2010\/01\/13\/sinirlarin-otesinde-pasaportsuz-sarkilar-ciwan-haco-ve-sarkilari-nartekste\/\"},\"wordCount\":494,\"commentCount\":0,\"publisher\":{\"@id\":\"https:\/\/narteks.net\/#organization\"},\"articleSection\":[\"D\u00fcnya'dan M\u00fczik\"],\"inLanguage\":\"tr\",\"potentialAction\":[{\"@type\":\"CommentAction\",\"name\":\"Comment\",\"target\":[\"https:\/\/narteks.net\/index.php\/2010\/01\/13\/sinirlarin-otesinde-pasaportsuz-sarkilar-ciwan-haco-ve-sarkilari-nartekste\/#respond\"]}]},{\"@type\":\"WebPage\",\"@id\":\"https:\/\/narteks.net\/index.php\/2010\/01\/13\/sinirlarin-otesinde-pasaportsuz-sarkilar-ciwan-haco-ve-sarkilari-nartekste\/\",\"url\":\"https:\/\/narteks.net\/index.php\/2010\/01\/13\/sinirlarin-otesinde-pasaportsuz-sarkilar-ciwan-haco-ve-sarkilari-nartekste\/\",\"name\":\"S\u0131n\u0131rlar\u0131n \u00f6tesinde pasaport'suz \u015fark\u0131lar | Ciwan HACO ve \u015fark\u0131lar\u0131 narteks'te - narteks.net\",\"isPartOf\":{\"@id\":\"https:\/\/narteks.net\/#website\"},\"datePublished\":\"2010-01-13T15:06:16+00:00\",\"breadcrumb\":{\"@id\":\"https:\/\/narteks.net\/index.php\/2010\/01\/13\/sinirlarin-otesinde-pasaportsuz-sarkilar-ciwan-haco-ve-sarkilari-nartekste\/#breadcrumb\"},\"inLanguage\":\"tr\",\"potentialAction\":[{\"@type\":\"ReadAction\",\"target\":[\"https:\/\/narteks.net\/index.php\/2010\/01\/13\/sinirlarin-otesinde-pasaportsuz-sarkilar-ciwan-haco-ve-sarkilari-nartekste\/\"]}]},{\"@type\":\"BreadcrumbList\",\"@id\":\"https:\/\/narteks.net\/index.php\/2010\/01\/13\/sinirlarin-otesinde-pasaportsuz-sarkilar-ciwan-haco-ve-sarkilari-nartekste\/#breadcrumb\",\"itemListElement\":[{\"@type\":\"ListItem\",\"position\":1,\"name\":\"Anasayfa\",\"item\":\"https:\/\/narteks.net\/\"},{\"@type\":\"ListItem\",\"position\":2,\"name\":\"S\u0131n\u0131rlar\u0131n \u00f6tesinde pasaport&#8217;suz \u015fark\u0131lar | Ciwan HACO ve \u015fark\u0131lar\u0131 narteks&#8217;te\"}]},{\"@type\":\"WebSite\",\"@id\":\"https:\/\/narteks.net\/#website\",\"url\":\"https:\/\/narteks.net\/\",\"name\":\"narteks.net\",\"description\":\"K\u00fclt\u00fcr Sanat Edebiyat Felsefe\",\"publisher\":{\"@id\":\"https:\/\/narteks.net\/#organization\"},\"alternateName\":\"K\u00fclt\u00fcr Sanat Edebiyat Felsefe\",\"potentialAction\":[{\"@type\":\"SearchAction\",\"target\":{\"@type\":\"EntryPoint\",\"urlTemplate\":\"https:\/\/narteks.net\/?s={search_term_string}\"},\"query-input\":{\"@type\":\"PropertyValueSpecification\",\"valueRequired\":true,\"valueName\":\"search_term_string\"}}],\"inLanguage\":\"tr\"},{\"@type\":\"Organization\",\"@id\":\"https:\/\/narteks.net\/#organization\",\"name\":\"narteks.net\",\"url\":\"https:\/\/narteks.net\/\",\"logo\":{\"@type\":\"ImageObject\",\"inLanguage\":\"tr\",\"@id\":\"https:\/\/narteks.net\/#\/schema\/logo\/image\/\",\"url\":\"https:\/\/narteks.net\/wp-content\/uploads\/narteks.png\",\"contentUrl\":\"https:\/\/narteks.net\/wp-content\/uploads\/narteks.png\",\"width\":300,\"height\":90,\"caption\":\"narteks.net\"},\"image\":{\"@id\":\"https:\/\/narteks.net\/#\/schema\/logo\/image\/\"},\"sameAs\":[\"https:\/\/x.com\/narteks\",\"https:\/\/instagram.com\/narteksnet\"]},{\"@type\":\"Person\",\"@id\":\"https:\/\/narteks.net\/#\/schema\/person\/61f37d9834294b72d31d274e7ed79bca\",\"name\":\"Tar\u0131k\",\"image\":{\"@type\":\"ImageObject\",\"inLanguage\":\"tr\",\"@id\":\"https:\/\/narteks.net\/#\/schema\/person\/image\/\",\"url\":\"https:\/\/secure.gravatar.com\/avatar\/50865afb55632c4ae467e0af0930f6510aa2297d8014be502a55b14f3b7550cf?s=96&d=mm&r=g\",\"contentUrl\":\"https:\/\/secure.gravatar.com\/avatar\/50865afb55632c4ae467e0af0930f6510aa2297d8014be502a55b14f3b7550cf?s=96&d=mm&r=g\",\"caption\":\"Tar\u0131k\"},\"sameAs\":[\"http:\/\/narteks.net\"],\"url\":\"https:\/\/narteks.net\/index.php\/author\/narbak\/\"}]}<\/script>\n<!-- \/ Yoast SEO Premium plugin. -->","yoast_head_json":{"title":"S\u0131n\u0131rlar\u0131n \u00f6tesinde pasaport'suz \u015fark\u0131lar | Ciwan HACO ve \u015fark\u0131lar\u0131 narteks'te - narteks.net","robots":{"index":"index","follow":"follow","max-snippet":"max-snippet:-1","max-image-preview":"max-image-preview:large","max-video-preview":"max-video-preview:-1"},"canonical":"https:\/\/narteks.net\/index.php\/2010\/01\/13\/sinirlarin-otesinde-pasaportsuz-sarkilar-ciwan-haco-ve-sarkilari-nartekste\/","og_locale":"tr_TR","og_type":"article","og_title":"S\u0131n\u0131rlar\u0131n \u00f6tesinde pasaport'suz \u015fark\u0131lar | Ciwan HACO ve \u015fark\u0131lar\u0131 narteks'te","og_description":"1957 y\u0131l\u0131nda suriye&#8217;nin kam\u0131\u015flo kentinde d\u00fcnyaya gelen ciwan haco,lise \u00f6\u011freniminin ard\u0131ndan Almanya&#8217;n\u0131n bochum \u00fcniversitesinin m\u00fczik fak\u00fcltesinde 3 y\u0131l m\u00fczik \u00f6\u011frenimi g\u00f6rd\u00fc.Bir \u00e7ok avrupal\u0131 m\u00fczisyenle \u00e7al\u0131\u015fmalar yapan ciwan haco&#8217;nun T\u00fcrkiye\u2019de, \u2018S\u00ee \u00fb s\u00ea Gule\u2019,\u2019Dur\u00ee\u2019,\u201dBilur a m\u00een\u2019,\u2019Gula sor\u2019,\u2019Leyla\u2019 isimleri alb\u00fcmleri \u00e7\u0131kt\u0131. Ayr\u0131ca sanat\u00e7\u0131n\u0131n Avrupada da \u2018Pe\u015fmerge\u2019, \u2018Serhildan\u2019, \u2018Diyarbek\u00eer\u2019, \u2018Girt\u00eey\u00ean Azad\u00eey\u00ea\u2019 isimli alb\u00fcmleri yay\u0131nland\u0131.","og_url":"https:\/\/narteks.net\/index.php\/2010\/01\/13\/sinirlarin-otesinde-pasaportsuz-sarkilar-ciwan-haco-ve-sarkilari-nartekste\/","og_site_name":"narteks.net","article_published_time":"2010-01-13T15:06:16+00:00","og_image":[{"width":300,"height":90,"url":"https:\/\/narteks.net\/wp-content\/uploads\/narteks.png","type":"image\/png"}],"author":"Tar\u0131k","twitter_card":"summary_large_image","twitter_creator":"@narteks","twitter_site":"@narteks","twitter_misc":{"Yazan:":"Tar\u0131k","Tahmini okuma s\u00fcresi":"2 dakika"},"schema":{"@context":"https:\/\/schema.org","@graph":[{"@type":"Article","@id":"https:\/\/narteks.net\/index.php\/2010\/01\/13\/sinirlarin-otesinde-pasaportsuz-sarkilar-ciwan-haco-ve-sarkilari-nartekste\/#article","isPartOf":{"@id":"https:\/\/narteks.net\/index.php\/2010\/01\/13\/sinirlarin-otesinde-pasaportsuz-sarkilar-ciwan-haco-ve-sarkilari-nartekste\/"},"author":{"name":"Tar\u0131k","@id":"https:\/\/narteks.net\/#\/schema\/person\/61f37d9834294b72d31d274e7ed79bca"},"headline":"S\u0131n\u0131rlar\u0131n \u00f6tesinde pasaport&#8217;suz \u015fark\u0131lar | Ciwan HACO ve \u015fark\u0131lar\u0131 narteks&#8217;te","datePublished":"2010-01-13T15:06:16+00:00","mainEntityOfPage":{"@id":"https:\/\/narteks.net\/index.php\/2010\/01\/13\/sinirlarin-otesinde-pasaportsuz-sarkilar-ciwan-haco-ve-sarkilari-nartekste\/"},"wordCount":494,"commentCount":0,"publisher":{"@id":"https:\/\/narteks.net\/#organization"},"articleSection":["D\u00fcnya'dan M\u00fczik"],"inLanguage":"tr","potentialAction":[{"@type":"CommentAction","name":"Comment","target":["https:\/\/narteks.net\/index.php\/2010\/01\/13\/sinirlarin-otesinde-pasaportsuz-sarkilar-ciwan-haco-ve-sarkilari-nartekste\/#respond"]}]},{"@type":"WebPage","@id":"https:\/\/narteks.net\/index.php\/2010\/01\/13\/sinirlarin-otesinde-pasaportsuz-sarkilar-ciwan-haco-ve-sarkilari-nartekste\/","url":"https:\/\/narteks.net\/index.php\/2010\/01\/13\/sinirlarin-otesinde-pasaportsuz-sarkilar-ciwan-haco-ve-sarkilari-nartekste\/","name":"S\u0131n\u0131rlar\u0131n \u00f6tesinde pasaport'suz \u015fark\u0131lar | Ciwan HACO ve \u015fark\u0131lar\u0131 narteks'te - narteks.net","isPartOf":{"@id":"https:\/\/narteks.net\/#website"},"datePublished":"2010-01-13T15:06:16+00:00","breadcrumb":{"@id":"https:\/\/narteks.net\/index.php\/2010\/01\/13\/sinirlarin-otesinde-pasaportsuz-sarkilar-ciwan-haco-ve-sarkilari-nartekste\/#breadcrumb"},"inLanguage":"tr","potentialAction":[{"@type":"ReadAction","target":["https:\/\/narteks.net\/index.php\/2010\/01\/13\/sinirlarin-otesinde-pasaportsuz-sarkilar-ciwan-haco-ve-sarkilari-nartekste\/"]}]},{"@type":"BreadcrumbList","@id":"https:\/\/narteks.net\/index.php\/2010\/01\/13\/sinirlarin-otesinde-pasaportsuz-sarkilar-ciwan-haco-ve-sarkilari-nartekste\/#breadcrumb","itemListElement":[{"@type":"ListItem","position":1,"name":"Anasayfa","item":"https:\/\/narteks.net\/"},{"@type":"ListItem","position":2,"name":"S\u0131n\u0131rlar\u0131n \u00f6tesinde pasaport&#8217;suz \u015fark\u0131lar | Ciwan HACO ve \u015fark\u0131lar\u0131 narteks&#8217;te"}]},{"@type":"WebSite","@id":"https:\/\/narteks.net\/#website","url":"https:\/\/narteks.net\/","name":"narteks.net","description":"K\u00fclt\u00fcr Sanat Edebiyat Felsefe","publisher":{"@id":"https:\/\/narteks.net\/#organization"},"alternateName":"K\u00fclt\u00fcr Sanat Edebiyat Felsefe","potentialAction":[{"@type":"SearchAction","target":{"@type":"EntryPoint","urlTemplate":"https:\/\/narteks.net\/?s={search_term_string}"},"query-input":{"@type":"PropertyValueSpecification","valueRequired":true,"valueName":"search_term_string"}}],"inLanguage":"tr"},{"@type":"Organization","@id":"https:\/\/narteks.net\/#organization","name":"narteks.net","url":"https:\/\/narteks.net\/","logo":{"@type":"ImageObject","inLanguage":"tr","@id":"https:\/\/narteks.net\/#\/schema\/logo\/image\/","url":"https:\/\/narteks.net\/wp-content\/uploads\/narteks.png","contentUrl":"https:\/\/narteks.net\/wp-content\/uploads\/narteks.png","width":300,"height":90,"caption":"narteks.net"},"image":{"@id":"https:\/\/narteks.net\/#\/schema\/logo\/image\/"},"sameAs":["https:\/\/x.com\/narteks","https:\/\/instagram.com\/narteksnet"]},{"@type":"Person","@id":"https:\/\/narteks.net\/#\/schema\/person\/61f37d9834294b72d31d274e7ed79bca","name":"Tar\u0131k","image":{"@type":"ImageObject","inLanguage":"tr","@id":"https:\/\/narteks.net\/#\/schema\/person\/image\/","url":"https:\/\/secure.gravatar.com\/avatar\/50865afb55632c4ae467e0af0930f6510aa2297d8014be502a55b14f3b7550cf?s=96&d=mm&r=g","contentUrl":"https:\/\/secure.gravatar.com\/avatar\/50865afb55632c4ae467e0af0930f6510aa2297d8014be502a55b14f3b7550cf?s=96&d=mm&r=g","caption":"Tar\u0131k"},"sameAs":["http:\/\/narteks.net"],"url":"https:\/\/narteks.net\/index.php\/author\/narbak\/"}]}},"_links":{"self":[{"href":"https:\/\/narteks.net\/index.php\/wp-json\/wp\/v2\/posts\/3969","targetHints":{"allow":["GET"]}}],"collection":[{"href":"https:\/\/narteks.net\/index.php\/wp-json\/wp\/v2\/posts"}],"about":[{"href":"https:\/\/narteks.net\/index.php\/wp-json\/wp\/v2\/types\/post"}],"author":[{"embeddable":true,"href":"https:\/\/narteks.net\/index.php\/wp-json\/wp\/v2\/users\/1"}],"replies":[{"embeddable":true,"href":"https:\/\/narteks.net\/index.php\/wp-json\/wp\/v2\/comments?post=3969"}],"version-history":[{"count":0,"href":"https:\/\/narteks.net\/index.php\/wp-json\/wp\/v2\/posts\/3969\/revisions"}],"wp:attachment":[{"href":"https:\/\/narteks.net\/index.php\/wp-json\/wp\/v2\/media?parent=3969"}],"wp:term":[{"taxonomy":"category","embeddable":true,"href":"https:\/\/narteks.net\/index.php\/wp-json\/wp\/v2\/categories?post=3969"},{"taxonomy":"post_tag","embeddable":true,"href":"https:\/\/narteks.net\/index.php\/wp-json\/wp\/v2\/tags?post=3969"}],"curies":[{"name":"wp","href":"https:\/\/api.w.org\/{rel}","templated":true}]}}