{"id":397,"date":"2009-03-12T01:09:40","date_gmt":"2009-03-11T22:09:40","guid":{"rendered":"http:\/\/localhost\/wordpress\/2009\/03\/12\/rusvetle-musluman-olanlar-turan-dursun\/"},"modified":"2009-03-12T01:09:40","modified_gmt":"2009-03-11T22:09:40","slug":"rusvetle-musluman-olanlar-turan-dursun","status":"publish","type":"post","link":"https:\/\/narteks.net\/index.php\/2009\/03\/12\/rusvetle-musluman-olanlar-turan-dursun\/","title":{"rendered":"R\u00fc\u015fvetle M\u00fcsl\u00fcman Olanlar | Turan Dursun"},"content":{"rendered":"<p><img loading=\"lazy\" decoding=\"async\" style=\"float: left;\" src=\"images\/stories\/turan_dursun.jpg\" width=\"155\" height=\"205\" border=\"0\" \/><strong>R\u00dc\u015eVETLE M\u00dcSL\u00dcMAN OLANLAR<\/strong><\/p>\n<p style=\"text-align: justify;\">Malik \u0130bn-Avf, Muhammed&#8217;e kar\u015f\u0131 sava\u015fanlar\u0131n ba\u015fkumandan\u0131yd\u0131. 630 y\u0131l\u0131nda Huneyn, bir ba\u015fka ad\u0131yla Hevazin sava\u015f\u0131nda M\u00fcsl\u00fcmanlara yenilmi\u015fti. Mekke ile Taif aras\u0131ndaki Huneyn vadisinde yap\u0131lan sava\u015f, Araplar\u0131n Hevazin ve Sakif kabileleri ile , M\u00fcsl\u00fcmanlar aras\u0131nda olmu\u015ftu. Malik \u0130bn Avf, Huneyn&#8217;i; terk ederek Taif&#8217;e gitmi\u015fti. Kendisi \u0130slam d\u00fc\u015fman\u0131 idi. Ama \u00f6neriyi ilgi \u00e7ekici buldu. \u00c7\u00fcnk\u00fc \u00f6neri peygamberden geliyordu : E\u011fer M\u00fcsl\u00fcman olursa, t\u00fcm mallar\u0131 ve tutsak ailesi kendisine geri verilecek, ceza g\u00f6rmeyecek, dahas\u0131 100 deve alacak, bir de kendisine y\u00f6netimde yetki verilecekti. Hemen kabul etti ve M\u00fcsl\u00fcman oldu.<\/p>\n<p style=\"text-align: justify;\">Buhari, M\u00fctercimi Kamil Miras&#8217;a g\u00f6re bu \u00f6neri, &#8220;ola\u011fan\u00fcst\u00fc peygamberlik c\u00f6mertli\u011fi &#8220;idi.<\/p>\n<p>Ama temel tefsirlerden olan Taberi tefsirine g\u00f6re ise bu d\u00fcped\u00fcz &#8220;r\u00fc\u015fvet&#8221; idi. (Kaynak: Camiu&#8217;l-Beyan fi Tefsiri&#8217;l Kuran c.10, s.141)<\/p>\n<p>Peygamber;&#8221;R\u00fc\u015fvet verene de alana da Allah lanet etsin&#8221; demi\u015fti. R\u00fc\u015fveti veren \u0130slam\u0131n peygamberi idi.<\/p>\n<p>R\u00fc\u015fvet verilenler:&#8221;M\u00fcellefet\u00fc&#8217;l-Kulub&#8221;<\/p>\n<p>&#8220;M\u00fcellefet\u00fc&#8217;l-Kulub&#8221;, g\u00f6n\u00fclleri \u0130slama \u0131s\u0131nd\u0131r\u0131lan ve peki\u015ftirilen kimseler demektir. Hevazin sava\u015f\u0131ndan sonra Arap kabilelerindeki g\u00fc\u00e7l\u00fc ve etkili ki\u015filerin g\u00f6n\u00fclleri \u0130slama kazand\u0131r\u0131lmak isteniyordu. En iyi yol ganimetlerden pay vermekti. Ortada da bir ganimet vard\u0131. Hem de o tarihe kadar al\u0131nan ganimetlerden benzeri g\u00f6r\u00fclmedik derecede \u00e7oktu, bunlar:<\/p>\n<p>6000 kad\u0131n<br \/>24000 deve<br \/>40000 davar<br \/>4000 okiyye g\u00fcm\u00fc\u015f&#8217;t\u00fc. (Kaynak: Sahih-i Buhari)<\/p>\n<p>Peygamber kabile \u00fcyeleri aras\u0131nda kimlerin daha etkili, n\u00fcfuzlu oldu\u011funu \u00e7ok iyi biliyordu. M\u00fcellefet\u00fc&#8217;l-Kulub i\u00e7in , yani r\u00fc\u015fvet verilecekleri bunlar aras\u0131ndan se\u00e7ti.<\/p>\n<p>\u0130slam hukuk\u00e7ular\u0131 ne diyor ?<\/p>\n<p>Maliki fakihlerine g\u00f6re bunlar \u0130slama \u00f6zendirilmek istenen kafirlerdir. Kimilerine g\u00f6re de bunlar yar\u0131 M\u00fcsl\u00fcman olmu\u015f olanlard\u0131r. Ama m\u00fcsl\u00fcmanl\u0131k hen\u00fcz kalplerine yerle\u015fmemi\u015ftir.<\/p>\n<p>G\u00f6r\u00fcl\u00fcyor ki \u0130slam\u0131 g\u00fc\u00e7lendirmek i\u00e7in kimlerin g\u00fc\u00e7 ve destek sa\u011flayabileceklerine inan\u0131l\u0131yorsa, onlara r\u00fc\u015fvet kap\u0131s\u0131 a\u00e7\u0131k tutulmu\u015ftu. Toplumda g\u00fc\u00e7l\u00fc olacaklar\u0131 g\u00f6r\u00fclen kimseler, gerek ganimetlerden, gerek zekat mallar\u0131ndan yararland\u0131r\u0131lm\u0131\u015flard\u0131.<\/p>\n<p>Peygamberin, \u0130slam\u0131 g\u00fc\u00e7lendirmek gerek\u00e7esiyle, kimi insanlar\u0131 kazanmak i\u00e7in ba\u015fvurdu\u011fu \u00f6rt\u00fcl\u00fc \u00f6denek, ganimet, mal ve develeri, hurmal\u0131klar, araziler ve zekatt\u0131.<\/p>\n","protected":false},"excerpt":{"rendered":"<p>R\u00dc\u015eVETLE M\u00dcSL\u00dcMAN OLANLAR Malik \u0130bn-Avf, Muhammed&#8217;e kar\u015f\u0131 sava\u015fanlar\u0131n ba\u015fkumandan\u0131yd\u0131. 630 y\u0131l\u0131nda Huneyn, bir ba\u015fka ad\u0131yla Hevazin sava\u015f\u0131nda M\u00fcsl\u00fcmanlara yenilmi\u015fti. Mekke ile Taif aras\u0131ndaki Huneyn vadisinde yap\u0131lan sava\u015f, Araplar\u0131n Hevazin ve Sakif kabileleri ile , M\u00fcsl\u00fcmanlar aras\u0131nda olmu\u015ftu. Malik \u0130bn Avf, Huneyn&#8217;i; terk ederek Taif&#8217;e gitmi\u015fti. Kendisi \u0130slam d\u00fc\u015fman\u0131 idi. Ama \u00f6neriyi ilgi \u00e7ekici buldu. \u00c7\u00fcnk\u00fc [&hellip;]<\/p>\n","protected":false},"author":1,"featured_media":0,"comment_status":"open","ping_status":"open","sticky":false,"template":"","format":"standard","meta":{"footnotes":""},"categories":[54],"tags":[],"class_list":{"0":"post-397","1":"post","2":"type-post","3":"status-publish","4":"format-standard","6":"category-din"},"yoast_head":"<!-- This site is optimized with the Yoast SEO Premium plugin v24.9 (Yoast SEO v24.9) - https:\/\/yoast.com\/wordpress\/plugins\/seo\/ -->\n<title>R\u00fc\u015fvetle M\u00fcsl\u00fcman Olanlar | Turan Dursun - narteks.net<\/title>\n<meta name=\"robots\" content=\"index, follow, max-snippet:-1, max-image-preview:large, max-video-preview:-1\" \/>\n<link rel=\"canonical\" href=\"https:\/\/narteks.net\/index.php\/2009\/03\/12\/rusvetle-musluman-olanlar-turan-dursun\/\" \/>\n<meta property=\"og:locale\" content=\"tr_TR\" \/>\n<meta property=\"og:type\" content=\"article\" \/>\n<meta property=\"og:title\" content=\"R\u00fc\u015fvetle M\u00fcsl\u00fcman Olanlar | Turan Dursun\" \/>\n<meta property=\"og:description\" content=\"R\u00dc\u015eVETLE M\u00dcSL\u00dcMAN OLANLAR Malik \u0130bn-Avf, Muhammed&#8217;e kar\u015f\u0131 sava\u015fanlar\u0131n ba\u015fkumandan\u0131yd\u0131. 630 y\u0131l\u0131nda Huneyn, bir ba\u015fka ad\u0131yla Hevazin sava\u015f\u0131nda M\u00fcsl\u00fcmanlara yenilmi\u015fti. Mekke ile Taif aras\u0131ndaki Huneyn vadisinde yap\u0131lan sava\u015f, Araplar\u0131n Hevazin ve Sakif kabileleri ile , M\u00fcsl\u00fcmanlar aras\u0131nda olmu\u015ftu. Malik \u0130bn Avf, Huneyn&#8217;i; terk ederek Taif&#8217;e gitmi\u015fti. Kendisi \u0130slam d\u00fc\u015fman\u0131 idi. Ama \u00f6neriyi ilgi \u00e7ekici buldu. \u00c7\u00fcnk\u00fc [&hellip;]\" \/>\n<meta property=\"og:url\" content=\"https:\/\/narteks.net\/index.php\/2009\/03\/12\/rusvetle-musluman-olanlar-turan-dursun\/\" \/>\n<meta property=\"og:site_name\" content=\"narteks.net\" \/>\n<meta property=\"article:published_time\" content=\"2009-03-11T22:09:40+00:00\" \/>\n<meta property=\"og:image\" content=\"https:\/\/narteks.net\/wp-content\/uploads\/narteks.png\" \/>\n\t<meta property=\"og:image:width\" content=\"300\" \/>\n\t<meta property=\"og:image:height\" content=\"90\" \/>\n\t<meta property=\"og:image:type\" content=\"image\/png\" \/>\n<meta name=\"author\" content=\"Tar\u0131k\" \/>\n<meta name=\"twitter:card\" content=\"summary_large_image\" \/>\n<meta name=\"twitter:creator\" content=\"@narteks\" \/>\n<meta name=\"twitter:site\" content=\"@narteks\" \/>\n<meta name=\"twitter:label1\" content=\"Yazan:\" \/>\n\t<meta name=\"twitter:data1\" content=\"Tar\u0131k\" \/>\n\t<meta name=\"twitter:label2\" content=\"Tahmini okuma s\u00fcresi\" \/>\n\t<meta name=\"twitter:data2\" content=\"2 dakika\" \/>\n<script type=\"application\/ld+json\" class=\"yoast-schema-graph\">{\"@context\":\"https:\/\/schema.org\",\"@graph\":[{\"@type\":\"Article\",\"@id\":\"https:\/\/narteks.net\/index.php\/2009\/03\/12\/rusvetle-musluman-olanlar-turan-dursun\/#article\",\"isPartOf\":{\"@id\":\"https:\/\/narteks.net\/index.php\/2009\/03\/12\/rusvetle-musluman-olanlar-turan-dursun\/\"},\"author\":{\"name\":\"Tar\u0131k\",\"@id\":\"https:\/\/narteks.net\/#\/schema\/person\/61f37d9834294b72d31d274e7ed79bca\"},\"headline\":\"R\u00fc\u015fvetle M\u00fcsl\u00fcman Olanlar | Turan Dursun\",\"datePublished\":\"2009-03-11T22:09:40+00:00\",\"mainEntityOfPage\":{\"@id\":\"https:\/\/narteks.net\/index.php\/2009\/03\/12\/rusvetle-musluman-olanlar-turan-dursun\/\"},\"wordCount\":400,\"commentCount\":0,\"publisher\":{\"@id\":\"https:\/\/narteks.net\/#organization\"},\"articleSection\":[\"Din\"],\"inLanguage\":\"tr\",\"potentialAction\":[{\"@type\":\"CommentAction\",\"name\":\"Comment\",\"target\":[\"https:\/\/narteks.net\/index.php\/2009\/03\/12\/rusvetle-musluman-olanlar-turan-dursun\/#respond\"]}]},{\"@type\":\"WebPage\",\"@id\":\"https:\/\/narteks.net\/index.php\/2009\/03\/12\/rusvetle-musluman-olanlar-turan-dursun\/\",\"url\":\"https:\/\/narteks.net\/index.php\/2009\/03\/12\/rusvetle-musluman-olanlar-turan-dursun\/\",\"name\":\"R\u00fc\u015fvetle M\u00fcsl\u00fcman Olanlar | Turan Dursun - narteks.net\",\"isPartOf\":{\"@id\":\"https:\/\/narteks.net\/#website\"},\"datePublished\":\"2009-03-11T22:09:40+00:00\",\"breadcrumb\":{\"@id\":\"https:\/\/narteks.net\/index.php\/2009\/03\/12\/rusvetle-musluman-olanlar-turan-dursun\/#breadcrumb\"},\"inLanguage\":\"tr\",\"potentialAction\":[{\"@type\":\"ReadAction\",\"target\":[\"https:\/\/narteks.net\/index.php\/2009\/03\/12\/rusvetle-musluman-olanlar-turan-dursun\/\"]}]},{\"@type\":\"BreadcrumbList\",\"@id\":\"https:\/\/narteks.net\/index.php\/2009\/03\/12\/rusvetle-musluman-olanlar-turan-dursun\/#breadcrumb\",\"itemListElement\":[{\"@type\":\"ListItem\",\"position\":1,\"name\":\"Anasayfa\",\"item\":\"https:\/\/narteks.net\/\"},{\"@type\":\"ListItem\",\"position\":2,\"name\":\"R\u00fc\u015fvetle M\u00fcsl\u00fcman Olanlar | Turan Dursun\"}]},{\"@type\":\"WebSite\",\"@id\":\"https:\/\/narteks.net\/#website\",\"url\":\"https:\/\/narteks.net\/\",\"name\":\"narteks.net\",\"description\":\"K\u00fclt\u00fcr Sanat Edebiyat Felsefe\",\"publisher\":{\"@id\":\"https:\/\/narteks.net\/#organization\"},\"alternateName\":\"K\u00fclt\u00fcr Sanat Edebiyat Felsefe\",\"potentialAction\":[{\"@type\":\"SearchAction\",\"target\":{\"@type\":\"EntryPoint\",\"urlTemplate\":\"https:\/\/narteks.net\/?s={search_term_string}\"},\"query-input\":{\"@type\":\"PropertyValueSpecification\",\"valueRequired\":true,\"valueName\":\"search_term_string\"}}],\"inLanguage\":\"tr\"},{\"@type\":\"Organization\",\"@id\":\"https:\/\/narteks.net\/#organization\",\"name\":\"narteks.net\",\"url\":\"https:\/\/narteks.net\/\",\"logo\":{\"@type\":\"ImageObject\",\"inLanguage\":\"tr\",\"@id\":\"https:\/\/narteks.net\/#\/schema\/logo\/image\/\",\"url\":\"https:\/\/narteks.net\/wp-content\/uploads\/narteks.png\",\"contentUrl\":\"https:\/\/narteks.net\/wp-content\/uploads\/narteks.png\",\"width\":300,\"height\":90,\"caption\":\"narteks.net\"},\"image\":{\"@id\":\"https:\/\/narteks.net\/#\/schema\/logo\/image\/\"},\"sameAs\":[\"https:\/\/x.com\/narteks\",\"https:\/\/instagram.com\/narteksnet\"]},{\"@type\":\"Person\",\"@id\":\"https:\/\/narteks.net\/#\/schema\/person\/61f37d9834294b72d31d274e7ed79bca\",\"name\":\"Tar\u0131k\",\"image\":{\"@type\":\"ImageObject\",\"inLanguage\":\"tr\",\"@id\":\"https:\/\/narteks.net\/#\/schema\/person\/image\/\",\"url\":\"https:\/\/secure.gravatar.com\/avatar\/50865afb55632c4ae467e0af0930f6510aa2297d8014be502a55b14f3b7550cf?s=96&d=mm&r=g\",\"contentUrl\":\"https:\/\/secure.gravatar.com\/avatar\/50865afb55632c4ae467e0af0930f6510aa2297d8014be502a55b14f3b7550cf?s=96&d=mm&r=g\",\"caption\":\"Tar\u0131k\"},\"sameAs\":[\"http:\/\/narteks.net\"],\"url\":\"https:\/\/narteks.net\/index.php\/author\/narbak\/\"}]}<\/script>\n<!-- \/ Yoast SEO Premium plugin. -->","yoast_head_json":{"title":"R\u00fc\u015fvetle M\u00fcsl\u00fcman Olanlar | Turan Dursun - narteks.net","robots":{"index":"index","follow":"follow","max-snippet":"max-snippet:-1","max-image-preview":"max-image-preview:large","max-video-preview":"max-video-preview:-1"},"canonical":"https:\/\/narteks.net\/index.php\/2009\/03\/12\/rusvetle-musluman-olanlar-turan-dursun\/","og_locale":"tr_TR","og_type":"article","og_title":"R\u00fc\u015fvetle M\u00fcsl\u00fcman Olanlar | Turan Dursun","og_description":"R\u00dc\u015eVETLE M\u00dcSL\u00dcMAN OLANLAR Malik \u0130bn-Avf, Muhammed&#8217;e kar\u015f\u0131 sava\u015fanlar\u0131n ba\u015fkumandan\u0131yd\u0131. 630 y\u0131l\u0131nda Huneyn, bir ba\u015fka ad\u0131yla Hevazin sava\u015f\u0131nda M\u00fcsl\u00fcmanlara yenilmi\u015fti. Mekke ile Taif aras\u0131ndaki Huneyn vadisinde yap\u0131lan sava\u015f, Araplar\u0131n Hevazin ve Sakif kabileleri ile , M\u00fcsl\u00fcmanlar aras\u0131nda olmu\u015ftu. Malik \u0130bn Avf, Huneyn&#8217;i; terk ederek Taif&#8217;e gitmi\u015fti. Kendisi \u0130slam d\u00fc\u015fman\u0131 idi. Ama \u00f6neriyi ilgi \u00e7ekici buldu. \u00c7\u00fcnk\u00fc [&hellip;]","og_url":"https:\/\/narteks.net\/index.php\/2009\/03\/12\/rusvetle-musluman-olanlar-turan-dursun\/","og_site_name":"narteks.net","article_published_time":"2009-03-11T22:09:40+00:00","og_image":[{"width":300,"height":90,"url":"https:\/\/narteks.net\/wp-content\/uploads\/narteks.png","type":"image\/png"}],"author":"Tar\u0131k","twitter_card":"summary_large_image","twitter_creator":"@narteks","twitter_site":"@narteks","twitter_misc":{"Yazan:":"Tar\u0131k","Tahmini okuma s\u00fcresi":"2 dakika"},"schema":{"@context":"https:\/\/schema.org","@graph":[{"@type":"Article","@id":"https:\/\/narteks.net\/index.php\/2009\/03\/12\/rusvetle-musluman-olanlar-turan-dursun\/#article","isPartOf":{"@id":"https:\/\/narteks.net\/index.php\/2009\/03\/12\/rusvetle-musluman-olanlar-turan-dursun\/"},"author":{"name":"Tar\u0131k","@id":"https:\/\/narteks.net\/#\/schema\/person\/61f37d9834294b72d31d274e7ed79bca"},"headline":"R\u00fc\u015fvetle M\u00fcsl\u00fcman Olanlar | Turan Dursun","datePublished":"2009-03-11T22:09:40+00:00","mainEntityOfPage":{"@id":"https:\/\/narteks.net\/index.php\/2009\/03\/12\/rusvetle-musluman-olanlar-turan-dursun\/"},"wordCount":400,"commentCount":0,"publisher":{"@id":"https:\/\/narteks.net\/#organization"},"articleSection":["Din"],"inLanguage":"tr","potentialAction":[{"@type":"CommentAction","name":"Comment","target":["https:\/\/narteks.net\/index.php\/2009\/03\/12\/rusvetle-musluman-olanlar-turan-dursun\/#respond"]}]},{"@type":"WebPage","@id":"https:\/\/narteks.net\/index.php\/2009\/03\/12\/rusvetle-musluman-olanlar-turan-dursun\/","url":"https:\/\/narteks.net\/index.php\/2009\/03\/12\/rusvetle-musluman-olanlar-turan-dursun\/","name":"R\u00fc\u015fvetle M\u00fcsl\u00fcman Olanlar | Turan Dursun - narteks.net","isPartOf":{"@id":"https:\/\/narteks.net\/#website"},"datePublished":"2009-03-11T22:09:40+00:00","breadcrumb":{"@id":"https:\/\/narteks.net\/index.php\/2009\/03\/12\/rusvetle-musluman-olanlar-turan-dursun\/#breadcrumb"},"inLanguage":"tr","potentialAction":[{"@type":"ReadAction","target":["https:\/\/narteks.net\/index.php\/2009\/03\/12\/rusvetle-musluman-olanlar-turan-dursun\/"]}]},{"@type":"BreadcrumbList","@id":"https:\/\/narteks.net\/index.php\/2009\/03\/12\/rusvetle-musluman-olanlar-turan-dursun\/#breadcrumb","itemListElement":[{"@type":"ListItem","position":1,"name":"Anasayfa","item":"https:\/\/narteks.net\/"},{"@type":"ListItem","position":2,"name":"R\u00fc\u015fvetle M\u00fcsl\u00fcman Olanlar | Turan Dursun"}]},{"@type":"WebSite","@id":"https:\/\/narteks.net\/#website","url":"https:\/\/narteks.net\/","name":"narteks.net","description":"K\u00fclt\u00fcr Sanat Edebiyat Felsefe","publisher":{"@id":"https:\/\/narteks.net\/#organization"},"alternateName":"K\u00fclt\u00fcr Sanat Edebiyat Felsefe","potentialAction":[{"@type":"SearchAction","target":{"@type":"EntryPoint","urlTemplate":"https:\/\/narteks.net\/?s={search_term_string}"},"query-input":{"@type":"PropertyValueSpecification","valueRequired":true,"valueName":"search_term_string"}}],"inLanguage":"tr"},{"@type":"Organization","@id":"https:\/\/narteks.net\/#organization","name":"narteks.net","url":"https:\/\/narteks.net\/","logo":{"@type":"ImageObject","inLanguage":"tr","@id":"https:\/\/narteks.net\/#\/schema\/logo\/image\/","url":"https:\/\/narteks.net\/wp-content\/uploads\/narteks.png","contentUrl":"https:\/\/narteks.net\/wp-content\/uploads\/narteks.png","width":300,"height":90,"caption":"narteks.net"},"image":{"@id":"https:\/\/narteks.net\/#\/schema\/logo\/image\/"},"sameAs":["https:\/\/x.com\/narteks","https:\/\/instagram.com\/narteksnet"]},{"@type":"Person","@id":"https:\/\/narteks.net\/#\/schema\/person\/61f37d9834294b72d31d274e7ed79bca","name":"Tar\u0131k","image":{"@type":"ImageObject","inLanguage":"tr","@id":"https:\/\/narteks.net\/#\/schema\/person\/image\/","url":"https:\/\/secure.gravatar.com\/avatar\/50865afb55632c4ae467e0af0930f6510aa2297d8014be502a55b14f3b7550cf?s=96&d=mm&r=g","contentUrl":"https:\/\/secure.gravatar.com\/avatar\/50865afb55632c4ae467e0af0930f6510aa2297d8014be502a55b14f3b7550cf?s=96&d=mm&r=g","caption":"Tar\u0131k"},"sameAs":["http:\/\/narteks.net"],"url":"https:\/\/narteks.net\/index.php\/author\/narbak\/"}]}},"_links":{"self":[{"href":"https:\/\/narteks.net\/index.php\/wp-json\/wp\/v2\/posts\/397","targetHints":{"allow":["GET"]}}],"collection":[{"href":"https:\/\/narteks.net\/index.php\/wp-json\/wp\/v2\/posts"}],"about":[{"href":"https:\/\/narteks.net\/index.php\/wp-json\/wp\/v2\/types\/post"}],"author":[{"embeddable":true,"href":"https:\/\/narteks.net\/index.php\/wp-json\/wp\/v2\/users\/1"}],"replies":[{"embeddable":true,"href":"https:\/\/narteks.net\/index.php\/wp-json\/wp\/v2\/comments?post=397"}],"version-history":[{"count":0,"href":"https:\/\/narteks.net\/index.php\/wp-json\/wp\/v2\/posts\/397\/revisions"}],"wp:attachment":[{"href":"https:\/\/narteks.net\/index.php\/wp-json\/wp\/v2\/media?parent=397"}],"wp:term":[{"taxonomy":"category","embeddable":true,"href":"https:\/\/narteks.net\/index.php\/wp-json\/wp\/v2\/categories?post=397"},{"taxonomy":"post_tag","embeddable":true,"href":"https:\/\/narteks.net\/index.php\/wp-json\/wp\/v2\/tags?post=397"}],"curies":[{"name":"wp","href":"https:\/\/api.w.org\/{rel}","templated":true}]}}