{"id":3974,"date":"2010-03-02T01:00:00","date_gmt":"2010-03-01T22:00:00","guid":{"rendered":"http:\/\/localhost\/wordpress\/2010\/03\/02\/bu-benimyani-yalniz-bir-kadin-fars-siirinin-en-onemli-kadin-sairi-furug-ferruhzad\/"},"modified":"2010-03-02T01:00:00","modified_gmt":"2010-03-01T22:00:00","slug":"bu-benimyani-yalniz-bir-kadin-fars-siirinin-en-onemli-kadin-sairi-furug-ferruhzad","status":"publish","type":"post","link":"https:\/\/narteks.net\/index.php\/2010\/03\/02\/bu-benimyani-yalniz-bir-kadin-fars-siirinin-en-onemli-kadin-sairi-furug-ferruhzad\/","title":{"rendered":"Bu benim,yani yaln\u0131z bir kad\u0131n | Fars \u015fiiri&#8217;nin en \u00f6nemli kad\u0131n \u015fairi &#8211; Furu\u011f FERRUHZAD"},"content":{"rendered":"<p style=\"text-align: justify;\"><img loading=\"lazy\" decoding=\"async\" src=\"images\/stories\/fferruhzad.jpg\" border=\"0\" width=\"155\" height=\"205\" \/><\/p>\n<p style=\"text-align: justify;\">Ola ki&#8230;<br \/>Ola ki.. ama ne sonsuz bo\u015fluk&#8230;<br \/>G\u00fcne\u015f \u00f6lm\u00fc\u015ft\u00fc<br \/>Kim  bilebilirdi art\u0131k<br \/>Y\u00fcreklerden ka\u00e7an o \u00fczg\u00fcn<br \/> g\u00fcvercinin<br \/>\u0130nan\u00e7  oldu\u011funu&#8230;<\/p>\n<p>Ah tutsa\u011f\u0131n sesi&#8230;<br \/>B\u00fcy\u00fckl\u00fc\u011f\u00fc senin umutsuzlu\u011funun<br \/>I\u015f\u0131\u011fa  bir k\u00fc\u00e7\u00fck yol a\u00e7mayacak m\u0131<br \/>Bu u\u011fursuz gecenin bir k\u00f6\u015fesinden?<br \/>Ah  tutsa\u011f\u0131n sesi&#8230;<\/p>\n<p style=\"text-align: justify;\"><strong>F.Ferruhzad<\/strong><\/p>\n<p style=\"text-align: justify;\">20.YY. Fars \u015fiirinin en \u00f6nemli \u015fairidir Furu\u011f Ferruhzad. Tahran&#8217;da bir albay\u0131n ve yar\u0131 asil bir annenin k\u0131z\u0131 olarak 5 Ocak 1935 de do\u011fdu. On alt\u0131 ya\u015f\u0131nda \u0130ran\u2019\u0131n \u00fcnl\u00fc simalar\u0131ndan Pevez \u015eapur ile evlendi. O\u011flu Kamiyar,1953\u2019te do\u011fdu. 1954 de e\u015finden bo\u015fanmas\u0131n\u0131n ard\u0131ndan bir daha o\u011flunu g\u00f6remedi.<\/p>\n<p style=\"text-align: justify;\">\u015eiirin yan\u0131 s\u0131ra sinema ve tiyatro ile de ilgilendi. \u00c7e\u015fitli gazetelerde edit\u00f6rl\u00fck yapt\u0131. On alt\u0131 ya\u015f\u0131nda iken yay\u0131nlad\u0131\u011f\u0131 Esir adl\u0131 ilk \u015fiir kitab\u0131n\u0131n ard\u0131ndan 1956 da Duvar isimli ikinci \u015fiir kitab\u0131n\u0131 yay\u0131nlad\u0131. Yirmi iki ya\u015f\u0131nda yazar ve y\u00f6netmen \u0130brahim G\u00fcl\u00fcstan\u2019la tan\u0131\u015ft\u0131 ve sinemaya ba\u015flad\u0131.<\/p>\n<p style=\"text-align: justify;\">Sinemada oyunculuk, senaristlik, kameramanl\u0131k,y\u00f6netmen yard\u0131mc\u0131l\u0131\u011f\u0131, dublaj, montaj ve yarat\u0131c\u0131 film edit\u00f6rl\u00fc\u011f\u00fc yapt\u0131. 1962 y\u0131l\u0131nda yapt\u0131\u011f\u0131 bir belgesel filmi o y\u0131l \u0130talya\u2019da Belgesel Filimler Festivalinde birincili\u011fi elde etti. 1963 y\u0131l\u0131nda yapt\u0131\u011f\u0131 \u201cKara Ev\u201d filmi, Almanya&#8217;da d\u00fczenlenen Ober Havzen Film Festivalinde en iyi film \u00f6d\u00fcl\u00fcn\u00fc ald\u0131. Bu filmin \u00e7ekimleri i\u00e7in gitti\u011fi Tebriz C\u00fczaml\u0131lar Evi\u2019nde tan\u0131d\u0131\u011f\u0131 k\u00fc\u00e7\u00fck H\u00fcseyin\u2019i evlat edindi.<\/p>\n<p style=\"text-align: justify;\">1962 y\u0131l\u0131nda Unesco Ferruhzad hakk\u0131nda bir belgesel film yay\u0131nlad\u0131. Ayn\u0131 y\u0131l Beernardo Bertolicci de \u0130ran\u2019a gelerek Ferruhzad\u2019la ilgili bir belgesel yapt\u0131.<br \/>1964 y\u0131l\u0131nda \u015fiirinde d\u00f6n\u00fcm noktas\u0131 say\u0131lan \u201cYeniden Do\u011fu\u015f\u201d isimli kitab\u0131nu yay\u0131nlad\u0131<br \/>Hen\u00fcz 33 ya\u015f\u0131nda iken bir trafik kazas\u0131nda hayata veda etti. \u00d6l\u00fcm\u00fc ile yar\u0131m kalan \u201c\u0130nanal\u0131m So\u011fuk Mevsimin Ba\u015flang\u0131c\u0131na\u201d isimli \u015fiir kitab\u0131 1974\u2019te yay\u0131nland\u0131.<\/p>\n<p><strong>Kitaplar\u0131:<\/strong><\/p>\n<p>1955-\u201cTutsak\u201d<br \/>1956-\u201cDuvar\u201d<br \/>1957-\u201c\u0130syan\u201d<br \/>1963-Yeniden Do\u011fu\u015f<br \/>1967 -son kitab\u0131 \u201c\u0130nanal\u0131m So\u011fuk Mevsimin Ba\u015flang\u0131c\u0131na\u201d y\u0131 tamamlayamadan \u00f6ld\u00fc<\/p>\n<p>Ay\u0131n yaln\u0131zl\u0131\u011f\u0131<br \/>onu ba\u011f\u0131\u015flas\u0131n<br \/>soru<br \/>Ben senden \u00f6l\u00fcrd\u00fcm<br \/>hediye<br \/>Akbaba<br \/>Cuma<br \/>\u0130nanal\u0131m So\u011fuk Mevsimin Ba\u015flang\u0131c\u0131na<br \/>K\u0131z\u0131l G\u00fcl<br \/>Pencere<br \/>R\u00fczg\u00e2r Bizi G\u00f6t\u00fcrecek<br \/>Tutsak<br \/>Yeniden Merhaba Diyece\u011fim G\u00fcne\u015fe<br \/>Yery\u00fcz\u00fc Ayetleri<br \/>Ye\u015fil D\u00fc\u015f<\/p>\n<p><strong>\u015eair&#8217;in \u015fiirlerine Narteks.net \u015eair ve \u015eiir b\u00f6l\u00fcm\u00fcnden ula\u015fabilirsiniz&#8230;<\/strong><\/p>\n","protected":false},"excerpt":{"rendered":"<p>Ola ki&#8230;Ola ki.. ama ne sonsuz bo\u015fluk&#8230;G\u00fcne\u015f \u00f6lm\u00fc\u015ft\u00fcKim bilebilirdi art\u0131kY\u00fcreklerden ka\u00e7an o \u00fczg\u00fcn g\u00fcvercinin\u0130nan\u00e7 oldu\u011funu&#8230; Ah tutsa\u011f\u0131n sesi&#8230;B\u00fcy\u00fckl\u00fc\u011f\u00fc senin umutsuzlu\u011fununI\u015f\u0131\u011fa bir k\u00fc\u00e7\u00fck yol a\u00e7mayacak m\u0131Bu u\u011fursuz gecenin bir k\u00f6\u015fesinden?Ah tutsa\u011f\u0131n sesi&#8230; F.Ferruhzad 20.YY. Fars \u015fiirinin en \u00f6nemli \u015fairidir Furu\u011f Ferruhzad. Tahran&#8217;da bir albay\u0131n ve yar\u0131 asil bir annenin k\u0131z\u0131 olarak 5 Ocak 1935 de do\u011fdu. [&hellip;]<\/p>\n","protected":false},"author":1,"featured_media":0,"comment_status":"open","ping_status":"open","sticky":false,"template":"","format":"standard","meta":{"footnotes":""},"categories":[131],"tags":[],"class_list":{"0":"post-3974","1":"post","2":"type-post","3":"status-publish","4":"format-standard","6":"category-furug-ferruhzad"},"yoast_head":"<!-- This site is optimized with the Yoast SEO Premium plugin v24.9 (Yoast SEO v24.9) - https:\/\/yoast.com\/wordpress\/plugins\/seo\/ -->\n<title>Bu benim,yani yaln\u0131z bir kad\u0131n | Fars \u015fiiri&#039;nin en \u00f6nemli kad\u0131n \u015fairi - Furu\u011f FERRUHZAD - narteks.net<\/title>\n<meta name=\"robots\" content=\"index, follow, max-snippet:-1, max-image-preview:large, max-video-preview:-1\" \/>\n<link rel=\"canonical\" href=\"https:\/\/narteks.net\/index.php\/2010\/03\/02\/bu-benimyani-yalniz-bir-kadin-fars-siirinin-en-onemli-kadin-sairi-furug-ferruhzad\/\" \/>\n<meta property=\"og:locale\" content=\"tr_TR\" \/>\n<meta property=\"og:type\" content=\"article\" \/>\n<meta property=\"og:title\" content=\"Bu benim,yani yaln\u0131z bir kad\u0131n | Fars \u015fiiri&#039;nin en \u00f6nemli kad\u0131n \u015fairi - Furu\u011f FERRUHZAD\" \/>\n<meta property=\"og:description\" content=\"Ola ki&#8230;Ola ki.. ama ne sonsuz bo\u015fluk&#8230;G\u00fcne\u015f \u00f6lm\u00fc\u015ft\u00fcKim bilebilirdi art\u0131kY\u00fcreklerden ka\u00e7an o \u00fczg\u00fcn g\u00fcvercinin\u0130nan\u00e7 oldu\u011funu&#8230; Ah tutsa\u011f\u0131n sesi&#8230;B\u00fcy\u00fckl\u00fc\u011f\u00fc senin umutsuzlu\u011fununI\u015f\u0131\u011fa bir k\u00fc\u00e7\u00fck yol a\u00e7mayacak m\u0131Bu u\u011fursuz gecenin bir k\u00f6\u015fesinden?Ah tutsa\u011f\u0131n sesi&#8230; F.Ferruhzad 20.YY. Fars \u015fiirinin en \u00f6nemli \u015fairidir Furu\u011f Ferruhzad. Tahran&#8217;da bir albay\u0131n ve yar\u0131 asil bir annenin k\u0131z\u0131 olarak 5 Ocak 1935 de do\u011fdu. [&hellip;]\" \/>\n<meta property=\"og:url\" content=\"https:\/\/narteks.net\/index.php\/2010\/03\/02\/bu-benimyani-yalniz-bir-kadin-fars-siirinin-en-onemli-kadin-sairi-furug-ferruhzad\/\" \/>\n<meta property=\"og:site_name\" content=\"narteks.net\" \/>\n<meta property=\"article:published_time\" content=\"2010-03-01T22:00:00+00:00\" \/>\n<meta property=\"og:image\" content=\"https:\/\/narteks.net\/wp-content\/uploads\/narteks.png\" \/>\n\t<meta property=\"og:image:width\" content=\"300\" \/>\n\t<meta property=\"og:image:height\" content=\"90\" \/>\n\t<meta property=\"og:image:type\" content=\"image\/png\" \/>\n<meta name=\"author\" content=\"Tar\u0131k\" \/>\n<meta name=\"twitter:card\" content=\"summary_large_image\" \/>\n<meta name=\"twitter:creator\" content=\"@narteks\" \/>\n<meta name=\"twitter:site\" content=\"@narteks\" \/>\n<meta name=\"twitter:label1\" content=\"Yazan:\" \/>\n\t<meta name=\"twitter:data1\" content=\"Tar\u0131k\" \/>\n\t<meta name=\"twitter:label2\" content=\"Tahmini okuma s\u00fcresi\" \/>\n\t<meta name=\"twitter:data2\" content=\"2 dakika\" \/>\n<script type=\"application\/ld+json\" class=\"yoast-schema-graph\">{\"@context\":\"https:\/\/schema.org\",\"@graph\":[{\"@type\":\"Article\",\"@id\":\"https:\/\/narteks.net\/index.php\/2010\/03\/02\/bu-benimyani-yalniz-bir-kadin-fars-siirinin-en-onemli-kadin-sairi-furug-ferruhzad\/#article\",\"isPartOf\":{\"@id\":\"https:\/\/narteks.net\/index.php\/2010\/03\/02\/bu-benimyani-yalniz-bir-kadin-fars-siirinin-en-onemli-kadin-sairi-furug-ferruhzad\/\"},\"author\":{\"name\":\"Tar\u0131k\",\"@id\":\"https:\/\/narteks.net\/#\/schema\/person\/61f37d9834294b72d31d274e7ed79bca\"},\"headline\":\"Bu benim,yani yaln\u0131z bir kad\u0131n | Fars \u015fiiri&#8217;nin en \u00f6nemli kad\u0131n \u015fairi &#8211; Furu\u011f FERRUHZAD\",\"datePublished\":\"2010-03-01T22:00:00+00:00\",\"mainEntityOfPage\":{\"@id\":\"https:\/\/narteks.net\/index.php\/2010\/03\/02\/bu-benimyani-yalniz-bir-kadin-fars-siirinin-en-onemli-kadin-sairi-furug-ferruhzad\/\"},\"wordCount\":433,\"commentCount\":0,\"publisher\":{\"@id\":\"https:\/\/narteks.net\/#organization\"},\"articleSection\":[\"Furu\u011f FERRUHZAD\"],\"inLanguage\":\"tr\",\"potentialAction\":[{\"@type\":\"CommentAction\",\"name\":\"Comment\",\"target\":[\"https:\/\/narteks.net\/index.php\/2010\/03\/02\/bu-benimyani-yalniz-bir-kadin-fars-siirinin-en-onemli-kadin-sairi-furug-ferruhzad\/#respond\"]}]},{\"@type\":\"WebPage\",\"@id\":\"https:\/\/narteks.net\/index.php\/2010\/03\/02\/bu-benimyani-yalniz-bir-kadin-fars-siirinin-en-onemli-kadin-sairi-furug-ferruhzad\/\",\"url\":\"https:\/\/narteks.net\/index.php\/2010\/03\/02\/bu-benimyani-yalniz-bir-kadin-fars-siirinin-en-onemli-kadin-sairi-furug-ferruhzad\/\",\"name\":\"Bu benim,yani yaln\u0131z bir kad\u0131n | Fars \u015fiiri'nin en \u00f6nemli kad\u0131n \u015fairi - Furu\u011f FERRUHZAD - narteks.net\",\"isPartOf\":{\"@id\":\"https:\/\/narteks.net\/#website\"},\"datePublished\":\"2010-03-01T22:00:00+00:00\",\"breadcrumb\":{\"@id\":\"https:\/\/narteks.net\/index.php\/2010\/03\/02\/bu-benimyani-yalniz-bir-kadin-fars-siirinin-en-onemli-kadin-sairi-furug-ferruhzad\/#breadcrumb\"},\"inLanguage\":\"tr\",\"potentialAction\":[{\"@type\":\"ReadAction\",\"target\":[\"https:\/\/narteks.net\/index.php\/2010\/03\/02\/bu-benimyani-yalniz-bir-kadin-fars-siirinin-en-onemli-kadin-sairi-furug-ferruhzad\/\"]}]},{\"@type\":\"BreadcrumbList\",\"@id\":\"https:\/\/narteks.net\/index.php\/2010\/03\/02\/bu-benimyani-yalniz-bir-kadin-fars-siirinin-en-onemli-kadin-sairi-furug-ferruhzad\/#breadcrumb\",\"itemListElement\":[{\"@type\":\"ListItem\",\"position\":1,\"name\":\"Anasayfa\",\"item\":\"https:\/\/narteks.net\/\"},{\"@type\":\"ListItem\",\"position\":2,\"name\":\"Bu benim,yani yaln\u0131z bir kad\u0131n | Fars \u015fiiri&#8217;nin en \u00f6nemli kad\u0131n \u015fairi &#8211; Furu\u011f FERRUHZAD\"}]},{\"@type\":\"WebSite\",\"@id\":\"https:\/\/narteks.net\/#website\",\"url\":\"https:\/\/narteks.net\/\",\"name\":\"narteks.net\",\"description\":\"K\u00fclt\u00fcr Sanat Edebiyat Felsefe\",\"publisher\":{\"@id\":\"https:\/\/narteks.net\/#organization\"},\"alternateName\":\"K\u00fclt\u00fcr Sanat Edebiyat Felsefe\",\"potentialAction\":[{\"@type\":\"SearchAction\",\"target\":{\"@type\":\"EntryPoint\",\"urlTemplate\":\"https:\/\/narteks.net\/?s={search_term_string}\"},\"query-input\":{\"@type\":\"PropertyValueSpecification\",\"valueRequired\":true,\"valueName\":\"search_term_string\"}}],\"inLanguage\":\"tr\"},{\"@type\":\"Organization\",\"@id\":\"https:\/\/narteks.net\/#organization\",\"name\":\"narteks.net\",\"url\":\"https:\/\/narteks.net\/\",\"logo\":{\"@type\":\"ImageObject\",\"inLanguage\":\"tr\",\"@id\":\"https:\/\/narteks.net\/#\/schema\/logo\/image\/\",\"url\":\"https:\/\/narteks.net\/wp-content\/uploads\/narteks.png\",\"contentUrl\":\"https:\/\/narteks.net\/wp-content\/uploads\/narteks.png\",\"width\":300,\"height\":90,\"caption\":\"narteks.net\"},\"image\":{\"@id\":\"https:\/\/narteks.net\/#\/schema\/logo\/image\/\"},\"sameAs\":[\"https:\/\/x.com\/narteks\",\"https:\/\/instagram.com\/narteksnet\"]},{\"@type\":\"Person\",\"@id\":\"https:\/\/narteks.net\/#\/schema\/person\/61f37d9834294b72d31d274e7ed79bca\",\"name\":\"Tar\u0131k\",\"image\":{\"@type\":\"ImageObject\",\"inLanguage\":\"tr\",\"@id\":\"https:\/\/narteks.net\/#\/schema\/person\/image\/\",\"url\":\"https:\/\/secure.gravatar.com\/avatar\/50865afb55632c4ae467e0af0930f6510aa2297d8014be502a55b14f3b7550cf?s=96&d=mm&r=g\",\"contentUrl\":\"https:\/\/secure.gravatar.com\/avatar\/50865afb55632c4ae467e0af0930f6510aa2297d8014be502a55b14f3b7550cf?s=96&d=mm&r=g\",\"caption\":\"Tar\u0131k\"},\"sameAs\":[\"http:\/\/narteks.net\"],\"url\":\"https:\/\/narteks.net\/index.php\/author\/narbak\/\"}]}<\/script>\n<!-- \/ Yoast SEO Premium plugin. -->","yoast_head_json":{"title":"Bu benim,yani yaln\u0131z bir kad\u0131n | Fars \u015fiiri'nin en \u00f6nemli kad\u0131n \u015fairi - Furu\u011f FERRUHZAD - narteks.net","robots":{"index":"index","follow":"follow","max-snippet":"max-snippet:-1","max-image-preview":"max-image-preview:large","max-video-preview":"max-video-preview:-1"},"canonical":"https:\/\/narteks.net\/index.php\/2010\/03\/02\/bu-benimyani-yalniz-bir-kadin-fars-siirinin-en-onemli-kadin-sairi-furug-ferruhzad\/","og_locale":"tr_TR","og_type":"article","og_title":"Bu benim,yani yaln\u0131z bir kad\u0131n | Fars \u015fiiri'nin en \u00f6nemli kad\u0131n \u015fairi - Furu\u011f FERRUHZAD","og_description":"Ola ki&#8230;Ola ki.. ama ne sonsuz bo\u015fluk&#8230;G\u00fcne\u015f \u00f6lm\u00fc\u015ft\u00fcKim bilebilirdi art\u0131kY\u00fcreklerden ka\u00e7an o \u00fczg\u00fcn g\u00fcvercinin\u0130nan\u00e7 oldu\u011funu&#8230; Ah tutsa\u011f\u0131n sesi&#8230;B\u00fcy\u00fckl\u00fc\u011f\u00fc senin umutsuzlu\u011fununI\u015f\u0131\u011fa bir k\u00fc\u00e7\u00fck yol a\u00e7mayacak m\u0131Bu u\u011fursuz gecenin bir k\u00f6\u015fesinden?Ah tutsa\u011f\u0131n sesi&#8230; F.Ferruhzad 20.YY. Fars \u015fiirinin en \u00f6nemli \u015fairidir Furu\u011f Ferruhzad. Tahran&#8217;da bir albay\u0131n ve yar\u0131 asil bir annenin k\u0131z\u0131 olarak 5 Ocak 1935 de do\u011fdu. [&hellip;]","og_url":"https:\/\/narteks.net\/index.php\/2010\/03\/02\/bu-benimyani-yalniz-bir-kadin-fars-siirinin-en-onemli-kadin-sairi-furug-ferruhzad\/","og_site_name":"narteks.net","article_published_time":"2010-03-01T22:00:00+00:00","og_image":[{"width":300,"height":90,"url":"https:\/\/narteks.net\/wp-content\/uploads\/narteks.png","type":"image\/png"}],"author":"Tar\u0131k","twitter_card":"summary_large_image","twitter_creator":"@narteks","twitter_site":"@narteks","twitter_misc":{"Yazan:":"Tar\u0131k","Tahmini okuma s\u00fcresi":"2 dakika"},"schema":{"@context":"https:\/\/schema.org","@graph":[{"@type":"Article","@id":"https:\/\/narteks.net\/index.php\/2010\/03\/02\/bu-benimyani-yalniz-bir-kadin-fars-siirinin-en-onemli-kadin-sairi-furug-ferruhzad\/#article","isPartOf":{"@id":"https:\/\/narteks.net\/index.php\/2010\/03\/02\/bu-benimyani-yalniz-bir-kadin-fars-siirinin-en-onemli-kadin-sairi-furug-ferruhzad\/"},"author":{"name":"Tar\u0131k","@id":"https:\/\/narteks.net\/#\/schema\/person\/61f37d9834294b72d31d274e7ed79bca"},"headline":"Bu benim,yani yaln\u0131z bir kad\u0131n | Fars \u015fiiri&#8217;nin en \u00f6nemli kad\u0131n \u015fairi &#8211; Furu\u011f FERRUHZAD","datePublished":"2010-03-01T22:00:00+00:00","mainEntityOfPage":{"@id":"https:\/\/narteks.net\/index.php\/2010\/03\/02\/bu-benimyani-yalniz-bir-kadin-fars-siirinin-en-onemli-kadin-sairi-furug-ferruhzad\/"},"wordCount":433,"commentCount":0,"publisher":{"@id":"https:\/\/narteks.net\/#organization"},"articleSection":["Furu\u011f FERRUHZAD"],"inLanguage":"tr","potentialAction":[{"@type":"CommentAction","name":"Comment","target":["https:\/\/narteks.net\/index.php\/2010\/03\/02\/bu-benimyani-yalniz-bir-kadin-fars-siirinin-en-onemli-kadin-sairi-furug-ferruhzad\/#respond"]}]},{"@type":"WebPage","@id":"https:\/\/narteks.net\/index.php\/2010\/03\/02\/bu-benimyani-yalniz-bir-kadin-fars-siirinin-en-onemli-kadin-sairi-furug-ferruhzad\/","url":"https:\/\/narteks.net\/index.php\/2010\/03\/02\/bu-benimyani-yalniz-bir-kadin-fars-siirinin-en-onemli-kadin-sairi-furug-ferruhzad\/","name":"Bu benim,yani yaln\u0131z bir kad\u0131n | Fars \u015fiiri'nin en \u00f6nemli kad\u0131n \u015fairi - Furu\u011f FERRUHZAD - narteks.net","isPartOf":{"@id":"https:\/\/narteks.net\/#website"},"datePublished":"2010-03-01T22:00:00+00:00","breadcrumb":{"@id":"https:\/\/narteks.net\/index.php\/2010\/03\/02\/bu-benimyani-yalniz-bir-kadin-fars-siirinin-en-onemli-kadin-sairi-furug-ferruhzad\/#breadcrumb"},"inLanguage":"tr","potentialAction":[{"@type":"ReadAction","target":["https:\/\/narteks.net\/index.php\/2010\/03\/02\/bu-benimyani-yalniz-bir-kadin-fars-siirinin-en-onemli-kadin-sairi-furug-ferruhzad\/"]}]},{"@type":"BreadcrumbList","@id":"https:\/\/narteks.net\/index.php\/2010\/03\/02\/bu-benimyani-yalniz-bir-kadin-fars-siirinin-en-onemli-kadin-sairi-furug-ferruhzad\/#breadcrumb","itemListElement":[{"@type":"ListItem","position":1,"name":"Anasayfa","item":"https:\/\/narteks.net\/"},{"@type":"ListItem","position":2,"name":"Bu benim,yani yaln\u0131z bir kad\u0131n | Fars \u015fiiri&#8217;nin en \u00f6nemli kad\u0131n \u015fairi &#8211; Furu\u011f FERRUHZAD"}]},{"@type":"WebSite","@id":"https:\/\/narteks.net\/#website","url":"https:\/\/narteks.net\/","name":"narteks.net","description":"K\u00fclt\u00fcr Sanat Edebiyat Felsefe","publisher":{"@id":"https:\/\/narteks.net\/#organization"},"alternateName":"K\u00fclt\u00fcr Sanat Edebiyat Felsefe","potentialAction":[{"@type":"SearchAction","target":{"@type":"EntryPoint","urlTemplate":"https:\/\/narteks.net\/?s={search_term_string}"},"query-input":{"@type":"PropertyValueSpecification","valueRequired":true,"valueName":"search_term_string"}}],"inLanguage":"tr"},{"@type":"Organization","@id":"https:\/\/narteks.net\/#organization","name":"narteks.net","url":"https:\/\/narteks.net\/","logo":{"@type":"ImageObject","inLanguage":"tr","@id":"https:\/\/narteks.net\/#\/schema\/logo\/image\/","url":"https:\/\/narteks.net\/wp-content\/uploads\/narteks.png","contentUrl":"https:\/\/narteks.net\/wp-content\/uploads\/narteks.png","width":300,"height":90,"caption":"narteks.net"},"image":{"@id":"https:\/\/narteks.net\/#\/schema\/logo\/image\/"},"sameAs":["https:\/\/x.com\/narteks","https:\/\/instagram.com\/narteksnet"]},{"@type":"Person","@id":"https:\/\/narteks.net\/#\/schema\/person\/61f37d9834294b72d31d274e7ed79bca","name":"Tar\u0131k","image":{"@type":"ImageObject","inLanguage":"tr","@id":"https:\/\/narteks.net\/#\/schema\/person\/image\/","url":"https:\/\/secure.gravatar.com\/avatar\/50865afb55632c4ae467e0af0930f6510aa2297d8014be502a55b14f3b7550cf?s=96&d=mm&r=g","contentUrl":"https:\/\/secure.gravatar.com\/avatar\/50865afb55632c4ae467e0af0930f6510aa2297d8014be502a55b14f3b7550cf?s=96&d=mm&r=g","caption":"Tar\u0131k"},"sameAs":["http:\/\/narteks.net"],"url":"https:\/\/narteks.net\/index.php\/author\/narbak\/"}]}},"_links":{"self":[{"href":"https:\/\/narteks.net\/index.php\/wp-json\/wp\/v2\/posts\/3974","targetHints":{"allow":["GET"]}}],"collection":[{"href":"https:\/\/narteks.net\/index.php\/wp-json\/wp\/v2\/posts"}],"about":[{"href":"https:\/\/narteks.net\/index.php\/wp-json\/wp\/v2\/types\/post"}],"author":[{"embeddable":true,"href":"https:\/\/narteks.net\/index.php\/wp-json\/wp\/v2\/users\/1"}],"replies":[{"embeddable":true,"href":"https:\/\/narteks.net\/index.php\/wp-json\/wp\/v2\/comments?post=3974"}],"version-history":[{"count":0,"href":"https:\/\/narteks.net\/index.php\/wp-json\/wp\/v2\/posts\/3974\/revisions"}],"wp:attachment":[{"href":"https:\/\/narteks.net\/index.php\/wp-json\/wp\/v2\/media?parent=3974"}],"wp:term":[{"taxonomy":"category","embeddable":true,"href":"https:\/\/narteks.net\/index.php\/wp-json\/wp\/v2\/categories?post=3974"},{"taxonomy":"post_tag","embeddable":true,"href":"https:\/\/narteks.net\/index.php\/wp-json\/wp\/v2\/tags?post=3974"}],"curies":[{"name":"wp","href":"https:\/\/api.w.org\/{rel}","templated":true}]}}