{"id":3977,"date":"2010-01-14T11:56:12","date_gmt":"2010-01-14T08:56:12","guid":{"rendered":"http:\/\/localhost\/wordpress\/2010\/01\/14\/sadece-ses-kalicidir\/"},"modified":"2010-01-14T11:56:12","modified_gmt":"2010-01-14T08:56:12","slug":"sadece-ses-kalicidir","status":"publish","type":"post","link":"https:\/\/narteks.net\/index.php\/2010\/01\/14\/sadece-ses-kalicidir\/","title":{"rendered":"SADECE SES KALICIDIR"},"content":{"rendered":"<p>\u00a0<\/p>\n<p>Ne i\u00e7in durmal\u0131y\u0131m ? Ne i\u00e7in ? <br \/>Ku\u015flar \u00e7o\u011ful mavili\u011fi aramaya gitmi\u015fler <br \/>Ufuk dikeydir, <br \/>Ufuk dikeydir ve hareket f\u0131skiye gibi <br \/>G\u00f6r\u00fcn\u00fcmde \u0131\u015f\u0131kl\u0131 y\u0131ld\u0131zlar oynuyor <br \/>yery\u00fcz\u00fc, y\u00fckseklikte kendini tekrarl\u0131yor <br \/>Ve g\u00f6ky\u00fcz\u00fc kuyular\u0131 ili\u015fki ba\u011flant\u0131lar\u0131na d\u00f6n\u00fc\u015f\u00fcyor <br \/>Ve g\u00fcnd\u00fcz \u00f6yle geni\u015ftir ki<br \/>gazetenin k\u00fc\u00e7\u00fck beynine s\u0131\u011fm\u0131yor.<\/p>\n<p>Ne i\u00e7in durmal\u0131y\u0131m? <br \/>Yol hayatin k\u0131lcal damarlar\u0131 aras\u0131ndan ge\u00e7iyor. <br \/>\u00c7evrenin niteli\u011fi t\u00fcm koku\u015fmu\u015f h\u00fccreleri \u00f6ld\u00fcrecek, <br \/>Ve \u015fafa\u011f\u0131n kimyasal atmosferinde <br \/>Sadece ses kalacak, <br \/>Zaman zerreciklerine ba\u011flanan ses.<\/p>\n<p>Ne i\u00e7in durmal\u0131y\u0131m?<br \/>batakl\u0131k; koku\u015fmu\u015f b\u00f6ceklerin \u00e7o\u011fald\u0131\u011f\u0131 yerden <br \/>ba\u015fka ne olabilir?<br \/>Morgun benli\u011fi \u00f6l\u00fclerin \u015fi\u015fmi\u015f cesetlerinden ibarettir. <\/p>\n<p>Ve ate\u015f b\u00f6ce\u011fi&#8230;AH<br \/>Ate\u015f b\u00f6ce\u011finin konu\u015ftu\u011fu an<br \/>Karanl\u0131ktaki al\u00e7ak adam koflanan <br \/>erkekli\u011fini gizliyor<\/p>\n<p>Ne i\u00e7in durmal\u0131y\u0131m?<br \/>Kur\u015funlu harflerin i\u015fbirli\u011fi bo\u015funad\u0131r<br \/>ve kur\u015funlu harflerin i\u015fbirli\u011fi <br \/>bu de\u011fersiz d\u00fc\u015f\u00fcnceyi kurtarmaz.<\/p>\n<p>Ben a\u011fa\u00e7lar\u0131n soyundan\u0131m<br \/>Ve bu &#8220;bayat&#8221; havay\u0131 solumak kederlendiriyor beni, <br \/>\u00d6len bir ku\u015f u\u00e7u\u015fu unutmamay\u0131 \u00f6\u011f\u00fctledi bana<br \/>T\u00fcm g\u00fc\u00e7lerin sonu g\u00fcne\u015fin ger\u00e7e\u011fi <br \/>ve \u0131\u015f\u0131\u011f\u0131n bilinciyle birle\u015fmekten ibarettir, <br \/>birle\u015fmek.<\/p>\n<p>Yel de\u011firmenlerinin \u00e7\u00fcr\u00fcmesi do\u011fald\u0131r, <br \/>ne i\u00e7in durmal\u0131y\u0131m? <br \/>Ben ye\u015fil bu\u011fday salk\u0131mlar\u0131n\u0131 <br \/>g\u00f6\u011fs\u00fcme alarak, s\u00fctle besliyorum, <br \/>Ses,ses, sadece ses, <br \/>su ak\u0131\u015f\u0131n\u0131n sesi<br \/>ve di\u015fi toprak kabu\u011fu \u00fczerine<br \/>y\u0131ld\u0131z \u0131\u015f\u0131\u011f\u0131n\u0131n d\u00fc\u015f\u00fc\u015f sesi ve a\u015fk\u0131n yay\u0131lma sesi<br \/>Ses, ses, sadece ses kal\u0131c\u0131d\u0131r.<\/p>\n<p>C\u00fccelerin \u00fclkesinde <br \/>S\u0131f\u0131r \u00fczerine dola\u015f\u0131yor \u00f6l\u00e7\u00fc mihenkleri <br \/>Ne i\u00e7in durmal\u0131y\u0131m? <br \/>Ben d\u00f6rt unsura itaat ediyorum <br \/>Ve y\u00fcre\u011fimin yasalar\u0131n\u0131<br \/>k\u00f6rlerin yerel h\u00fck\u00fcmeti d\u00fczenlemiyor.<\/p>\n<p>B\u00f6ce\u011fin etle sar\u0131l\u0131 bo\u015flukta, yarars\u0131z dola\u015f\u0131m\u0131 ve <br \/>vah\u015fice ulumalar<br \/>beni ilgilendirmiyor.<\/p>\n<p>Beni \u00e7i\u00e7eklerin kanl\u0131 soyu ya\u015famaya sorumlu k\u0131lm\u0131\u015f <br \/>biliyor musun ? \u00c7i\u00e7eklerin kanl\u0131 soyu.<\/p>\n<p>Furu\u011f FERRUHZAD<\/p>\n<p>\u00c7eviren: Cavit Mukaddes<br \/>\u0130nanal\u0131m So\u011fuk Mevsimin Ba\u015flang\u0131c\u0131na\u2019dan<\/p>\n","protected":false},"excerpt":{"rendered":"<p>\u00a0 Ne i\u00e7in durmal\u0131y\u0131m ? Ne i\u00e7in ? Ku\u015flar \u00e7o\u011ful mavili\u011fi aramaya gitmi\u015fler Ufuk dikeydir, Ufuk dikeydir ve hareket f\u0131skiye gibi G\u00f6r\u00fcn\u00fcmde \u0131\u015f\u0131kl\u0131 y\u0131ld\u0131zlar oynuyor yery\u00fcz\u00fc, y\u00fckseklikte kendini tekrarl\u0131yor Ve g\u00f6ky\u00fcz\u00fc kuyular\u0131 ili\u015fki ba\u011flant\u0131lar\u0131na d\u00f6n\u00fc\u015f\u00fcyor Ve g\u00fcnd\u00fcz \u00f6yle geni\u015ftir kigazetenin k\u00fc\u00e7\u00fck beynine s\u0131\u011fm\u0131yor. Ne i\u00e7in durmal\u0131y\u0131m? Yol hayatin k\u0131lcal damarlar\u0131 aras\u0131ndan ge\u00e7iyor. \u00c7evrenin niteli\u011fi t\u00fcm [&hellip;]<\/p>\n","protected":false},"author":1,"featured_media":0,"comment_status":"open","ping_status":"open","sticky":false,"template":"","format":"standard","meta":{"footnotes":""},"categories":[131],"tags":[],"class_list":{"0":"post-3977","1":"post","2":"type-post","3":"status-publish","4":"format-standard","6":"category-furug-ferruhzad"},"yoast_head":"<!-- This site is optimized with the Yoast SEO Premium plugin v24.9 (Yoast SEO v24.9) - https:\/\/yoast.com\/wordpress\/plugins\/seo\/ -->\n<title>SADECE SES KALICIDIR - narteks.net<\/title>\n<meta name=\"robots\" content=\"index, follow, max-snippet:-1, max-image-preview:large, max-video-preview:-1\" \/>\n<link rel=\"canonical\" href=\"https:\/\/narteks.net\/index.php\/2010\/01\/14\/sadece-ses-kalicidir\/\" \/>\n<meta property=\"og:locale\" content=\"tr_TR\" \/>\n<meta property=\"og:type\" content=\"article\" \/>\n<meta property=\"og:title\" content=\"SADECE SES KALICIDIR\" \/>\n<meta property=\"og:description\" content=\"\u00a0 Ne i\u00e7in durmal\u0131y\u0131m ? Ne i\u00e7in ? Ku\u015flar \u00e7o\u011ful mavili\u011fi aramaya gitmi\u015fler Ufuk dikeydir, Ufuk dikeydir ve hareket f\u0131skiye gibi G\u00f6r\u00fcn\u00fcmde \u0131\u015f\u0131kl\u0131 y\u0131ld\u0131zlar oynuyor yery\u00fcz\u00fc, y\u00fckseklikte kendini tekrarl\u0131yor Ve g\u00f6ky\u00fcz\u00fc kuyular\u0131 ili\u015fki ba\u011flant\u0131lar\u0131na d\u00f6n\u00fc\u015f\u00fcyor Ve g\u00fcnd\u00fcz \u00f6yle geni\u015ftir kigazetenin k\u00fc\u00e7\u00fck beynine s\u0131\u011fm\u0131yor. Ne i\u00e7in durmal\u0131y\u0131m? Yol hayatin k\u0131lcal damarlar\u0131 aras\u0131ndan ge\u00e7iyor. \u00c7evrenin niteli\u011fi t\u00fcm [&hellip;]\" \/>\n<meta property=\"og:url\" content=\"https:\/\/narteks.net\/index.php\/2010\/01\/14\/sadece-ses-kalicidir\/\" \/>\n<meta property=\"og:site_name\" content=\"narteks.net\" \/>\n<meta property=\"article:published_time\" content=\"2010-01-14T08:56:12+00:00\" \/>\n<meta property=\"og:image\" content=\"https:\/\/narteks.net\/wp-content\/uploads\/narteks.png\" \/>\n\t<meta property=\"og:image:width\" content=\"300\" \/>\n\t<meta property=\"og:image:height\" content=\"90\" \/>\n\t<meta property=\"og:image:type\" content=\"image\/png\" \/>\n<meta name=\"author\" content=\"Tar\u0131k\" \/>\n<meta name=\"twitter:card\" content=\"summary_large_image\" \/>\n<meta name=\"twitter:creator\" content=\"@narteks\" \/>\n<meta name=\"twitter:site\" content=\"@narteks\" \/>\n<meta name=\"twitter:label1\" content=\"Yazan:\" \/>\n\t<meta name=\"twitter:data1\" content=\"Tar\u0131k\" \/>\n\t<meta name=\"twitter:label2\" content=\"Tahmini okuma s\u00fcresi\" \/>\n\t<meta name=\"twitter:data2\" content=\"2 dakika\" \/>\n<script type=\"application\/ld+json\" class=\"yoast-schema-graph\">{\"@context\":\"https:\/\/schema.org\",\"@graph\":[{\"@type\":\"Article\",\"@id\":\"https:\/\/narteks.net\/index.php\/2010\/01\/14\/sadece-ses-kalicidir\/#article\",\"isPartOf\":{\"@id\":\"https:\/\/narteks.net\/index.php\/2010\/01\/14\/sadece-ses-kalicidir\/\"},\"author\":{\"name\":\"Tar\u0131k\",\"@id\":\"https:\/\/narteks.net\/#\/schema\/person\/61f37d9834294b72d31d274e7ed79bca\"},\"headline\":\"SADECE SES KALICIDIR\",\"datePublished\":\"2010-01-14T08:56:12+00:00\",\"mainEntityOfPage\":{\"@id\":\"https:\/\/narteks.net\/index.php\/2010\/01\/14\/sadece-ses-kalicidir\/\"},\"wordCount\":378,\"commentCount\":0,\"publisher\":{\"@id\":\"https:\/\/narteks.net\/#organization\"},\"articleSection\":[\"Furu\u011f FERRUHZAD\"],\"inLanguage\":\"tr\",\"potentialAction\":[{\"@type\":\"CommentAction\",\"name\":\"Comment\",\"target\":[\"https:\/\/narteks.net\/index.php\/2010\/01\/14\/sadece-ses-kalicidir\/#respond\"]}]},{\"@type\":\"WebPage\",\"@id\":\"https:\/\/narteks.net\/index.php\/2010\/01\/14\/sadece-ses-kalicidir\/\",\"url\":\"https:\/\/narteks.net\/index.php\/2010\/01\/14\/sadece-ses-kalicidir\/\",\"name\":\"SADECE SES KALICIDIR - narteks.net\",\"isPartOf\":{\"@id\":\"https:\/\/narteks.net\/#website\"},\"datePublished\":\"2010-01-14T08:56:12+00:00\",\"breadcrumb\":{\"@id\":\"https:\/\/narteks.net\/index.php\/2010\/01\/14\/sadece-ses-kalicidir\/#breadcrumb\"},\"inLanguage\":\"tr\",\"potentialAction\":[{\"@type\":\"ReadAction\",\"target\":[\"https:\/\/narteks.net\/index.php\/2010\/01\/14\/sadece-ses-kalicidir\/\"]}]},{\"@type\":\"BreadcrumbList\",\"@id\":\"https:\/\/narteks.net\/index.php\/2010\/01\/14\/sadece-ses-kalicidir\/#breadcrumb\",\"itemListElement\":[{\"@type\":\"ListItem\",\"position\":1,\"name\":\"Anasayfa\",\"item\":\"https:\/\/narteks.net\/\"},{\"@type\":\"ListItem\",\"position\":2,\"name\":\"SADECE SES KALICIDIR\"}]},{\"@type\":\"WebSite\",\"@id\":\"https:\/\/narteks.net\/#website\",\"url\":\"https:\/\/narteks.net\/\",\"name\":\"narteks.net\",\"description\":\"K\u00fclt\u00fcr Sanat Edebiyat Felsefe\",\"publisher\":{\"@id\":\"https:\/\/narteks.net\/#organization\"},\"alternateName\":\"K\u00fclt\u00fcr Sanat Edebiyat Felsefe\",\"potentialAction\":[{\"@type\":\"SearchAction\",\"target\":{\"@type\":\"EntryPoint\",\"urlTemplate\":\"https:\/\/narteks.net\/?s={search_term_string}\"},\"query-input\":{\"@type\":\"PropertyValueSpecification\",\"valueRequired\":true,\"valueName\":\"search_term_string\"}}],\"inLanguage\":\"tr\"},{\"@type\":\"Organization\",\"@id\":\"https:\/\/narteks.net\/#organization\",\"name\":\"narteks.net\",\"url\":\"https:\/\/narteks.net\/\",\"logo\":{\"@type\":\"ImageObject\",\"inLanguage\":\"tr\",\"@id\":\"https:\/\/narteks.net\/#\/schema\/logo\/image\/\",\"url\":\"https:\/\/narteks.net\/wp-content\/uploads\/narteks.png\",\"contentUrl\":\"https:\/\/narteks.net\/wp-content\/uploads\/narteks.png\",\"width\":300,\"height\":90,\"caption\":\"narteks.net\"},\"image\":{\"@id\":\"https:\/\/narteks.net\/#\/schema\/logo\/image\/\"},\"sameAs\":[\"https:\/\/x.com\/narteks\",\"https:\/\/instagram.com\/narteksnet\"]},{\"@type\":\"Person\",\"@id\":\"https:\/\/narteks.net\/#\/schema\/person\/61f37d9834294b72d31d274e7ed79bca\",\"name\":\"Tar\u0131k\",\"image\":{\"@type\":\"ImageObject\",\"inLanguage\":\"tr\",\"@id\":\"https:\/\/narteks.net\/#\/schema\/person\/image\/\",\"url\":\"https:\/\/secure.gravatar.com\/avatar\/50865afb55632c4ae467e0af0930f6510aa2297d8014be502a55b14f3b7550cf?s=96&d=mm&r=g\",\"contentUrl\":\"https:\/\/secure.gravatar.com\/avatar\/50865afb55632c4ae467e0af0930f6510aa2297d8014be502a55b14f3b7550cf?s=96&d=mm&r=g\",\"caption\":\"Tar\u0131k\"},\"sameAs\":[\"http:\/\/narteks.net\"],\"url\":\"https:\/\/narteks.net\/index.php\/author\/narbak\/\"}]}<\/script>\n<!-- \/ Yoast SEO Premium plugin. -->","yoast_head_json":{"title":"SADECE SES KALICIDIR - narteks.net","robots":{"index":"index","follow":"follow","max-snippet":"max-snippet:-1","max-image-preview":"max-image-preview:large","max-video-preview":"max-video-preview:-1"},"canonical":"https:\/\/narteks.net\/index.php\/2010\/01\/14\/sadece-ses-kalicidir\/","og_locale":"tr_TR","og_type":"article","og_title":"SADECE SES KALICIDIR","og_description":"\u00a0 Ne i\u00e7in durmal\u0131y\u0131m ? Ne i\u00e7in ? Ku\u015flar \u00e7o\u011ful mavili\u011fi aramaya gitmi\u015fler Ufuk dikeydir, Ufuk dikeydir ve hareket f\u0131skiye gibi G\u00f6r\u00fcn\u00fcmde \u0131\u015f\u0131kl\u0131 y\u0131ld\u0131zlar oynuyor yery\u00fcz\u00fc, y\u00fckseklikte kendini tekrarl\u0131yor Ve g\u00f6ky\u00fcz\u00fc kuyular\u0131 ili\u015fki ba\u011flant\u0131lar\u0131na d\u00f6n\u00fc\u015f\u00fcyor Ve g\u00fcnd\u00fcz \u00f6yle geni\u015ftir kigazetenin k\u00fc\u00e7\u00fck beynine s\u0131\u011fm\u0131yor. Ne i\u00e7in durmal\u0131y\u0131m? Yol hayatin k\u0131lcal damarlar\u0131 aras\u0131ndan ge\u00e7iyor. \u00c7evrenin niteli\u011fi t\u00fcm [&hellip;]","og_url":"https:\/\/narteks.net\/index.php\/2010\/01\/14\/sadece-ses-kalicidir\/","og_site_name":"narteks.net","article_published_time":"2010-01-14T08:56:12+00:00","og_image":[{"width":300,"height":90,"url":"https:\/\/narteks.net\/wp-content\/uploads\/narteks.png","type":"image\/png"}],"author":"Tar\u0131k","twitter_card":"summary_large_image","twitter_creator":"@narteks","twitter_site":"@narteks","twitter_misc":{"Yazan:":"Tar\u0131k","Tahmini okuma s\u00fcresi":"2 dakika"},"schema":{"@context":"https:\/\/schema.org","@graph":[{"@type":"Article","@id":"https:\/\/narteks.net\/index.php\/2010\/01\/14\/sadece-ses-kalicidir\/#article","isPartOf":{"@id":"https:\/\/narteks.net\/index.php\/2010\/01\/14\/sadece-ses-kalicidir\/"},"author":{"name":"Tar\u0131k","@id":"https:\/\/narteks.net\/#\/schema\/person\/61f37d9834294b72d31d274e7ed79bca"},"headline":"SADECE SES KALICIDIR","datePublished":"2010-01-14T08:56:12+00:00","mainEntityOfPage":{"@id":"https:\/\/narteks.net\/index.php\/2010\/01\/14\/sadece-ses-kalicidir\/"},"wordCount":378,"commentCount":0,"publisher":{"@id":"https:\/\/narteks.net\/#organization"},"articleSection":["Furu\u011f FERRUHZAD"],"inLanguage":"tr","potentialAction":[{"@type":"CommentAction","name":"Comment","target":["https:\/\/narteks.net\/index.php\/2010\/01\/14\/sadece-ses-kalicidir\/#respond"]}]},{"@type":"WebPage","@id":"https:\/\/narteks.net\/index.php\/2010\/01\/14\/sadece-ses-kalicidir\/","url":"https:\/\/narteks.net\/index.php\/2010\/01\/14\/sadece-ses-kalicidir\/","name":"SADECE SES KALICIDIR - narteks.net","isPartOf":{"@id":"https:\/\/narteks.net\/#website"},"datePublished":"2010-01-14T08:56:12+00:00","breadcrumb":{"@id":"https:\/\/narteks.net\/index.php\/2010\/01\/14\/sadece-ses-kalicidir\/#breadcrumb"},"inLanguage":"tr","potentialAction":[{"@type":"ReadAction","target":["https:\/\/narteks.net\/index.php\/2010\/01\/14\/sadece-ses-kalicidir\/"]}]},{"@type":"BreadcrumbList","@id":"https:\/\/narteks.net\/index.php\/2010\/01\/14\/sadece-ses-kalicidir\/#breadcrumb","itemListElement":[{"@type":"ListItem","position":1,"name":"Anasayfa","item":"https:\/\/narteks.net\/"},{"@type":"ListItem","position":2,"name":"SADECE SES KALICIDIR"}]},{"@type":"WebSite","@id":"https:\/\/narteks.net\/#website","url":"https:\/\/narteks.net\/","name":"narteks.net","description":"K\u00fclt\u00fcr Sanat Edebiyat Felsefe","publisher":{"@id":"https:\/\/narteks.net\/#organization"},"alternateName":"K\u00fclt\u00fcr Sanat Edebiyat Felsefe","potentialAction":[{"@type":"SearchAction","target":{"@type":"EntryPoint","urlTemplate":"https:\/\/narteks.net\/?s={search_term_string}"},"query-input":{"@type":"PropertyValueSpecification","valueRequired":true,"valueName":"search_term_string"}}],"inLanguage":"tr"},{"@type":"Organization","@id":"https:\/\/narteks.net\/#organization","name":"narteks.net","url":"https:\/\/narteks.net\/","logo":{"@type":"ImageObject","inLanguage":"tr","@id":"https:\/\/narteks.net\/#\/schema\/logo\/image\/","url":"https:\/\/narteks.net\/wp-content\/uploads\/narteks.png","contentUrl":"https:\/\/narteks.net\/wp-content\/uploads\/narteks.png","width":300,"height":90,"caption":"narteks.net"},"image":{"@id":"https:\/\/narteks.net\/#\/schema\/logo\/image\/"},"sameAs":["https:\/\/x.com\/narteks","https:\/\/instagram.com\/narteksnet"]},{"@type":"Person","@id":"https:\/\/narteks.net\/#\/schema\/person\/61f37d9834294b72d31d274e7ed79bca","name":"Tar\u0131k","image":{"@type":"ImageObject","inLanguage":"tr","@id":"https:\/\/narteks.net\/#\/schema\/person\/image\/","url":"https:\/\/secure.gravatar.com\/avatar\/50865afb55632c4ae467e0af0930f6510aa2297d8014be502a55b14f3b7550cf?s=96&d=mm&r=g","contentUrl":"https:\/\/secure.gravatar.com\/avatar\/50865afb55632c4ae467e0af0930f6510aa2297d8014be502a55b14f3b7550cf?s=96&d=mm&r=g","caption":"Tar\u0131k"},"sameAs":["http:\/\/narteks.net"],"url":"https:\/\/narteks.net\/index.php\/author\/narbak\/"}]}},"_links":{"self":[{"href":"https:\/\/narteks.net\/index.php\/wp-json\/wp\/v2\/posts\/3977","targetHints":{"allow":["GET"]}}],"collection":[{"href":"https:\/\/narteks.net\/index.php\/wp-json\/wp\/v2\/posts"}],"about":[{"href":"https:\/\/narteks.net\/index.php\/wp-json\/wp\/v2\/types\/post"}],"author":[{"embeddable":true,"href":"https:\/\/narteks.net\/index.php\/wp-json\/wp\/v2\/users\/1"}],"replies":[{"embeddable":true,"href":"https:\/\/narteks.net\/index.php\/wp-json\/wp\/v2\/comments?post=3977"}],"version-history":[{"count":0,"href":"https:\/\/narteks.net\/index.php\/wp-json\/wp\/v2\/posts\/3977\/revisions"}],"wp:attachment":[{"href":"https:\/\/narteks.net\/index.php\/wp-json\/wp\/v2\/media?parent=3977"}],"wp:term":[{"taxonomy":"category","embeddable":true,"href":"https:\/\/narteks.net\/index.php\/wp-json\/wp\/v2\/categories?post=3977"},{"taxonomy":"post_tag","embeddable":true,"href":"https:\/\/narteks.net\/index.php\/wp-json\/wp\/v2\/tags?post=3977"}],"curies":[{"name":"wp","href":"https:\/\/api.w.org\/{rel}","templated":true}]}}