{"id":398,"date":"2009-03-12T01:12:49","date_gmt":"2009-03-11T22:12:49","guid":{"rendered":"http:\/\/localhost\/wordpress\/2009\/03\/12\/kuranin-tanrisi-nerede-turan-dursun\/"},"modified":"2009-03-12T01:12:49","modified_gmt":"2009-03-11T22:12:49","slug":"kuranin-tanrisi-nerede-turan-dursun","status":"publish","type":"post","link":"https:\/\/narteks.net\/index.php\/2009\/03\/12\/kuranin-tanrisi-nerede-turan-dursun\/","title":{"rendered":"Kuran&#8217;\u0131n Tanr\u0131s\u0131 Nerede? | Turan Dursun"},"content":{"rendered":"<p><img loading=\"lazy\" decoding=\"async\" style=\"float: left;\" src=\"http:\/\/upload.wikimedia.org\/wikipedia\/commons\/thumb\/a\/ae\/Hokusai_Phoenix.jpg\/606px-Hokusai_Phoenix.jpg\" alt=\"hygt\" width=\"155\" height=\"203\" border=\"0\" \/><\/p>\n<p style=\"text-align: justify;\">M\u00fclk suresinin 16. Ve 17. ayetlerinin, Diyanet&#8217;in resmi \u00e7evirisindeki anlam\u0131 \u015f\u00f6yle:<\/p>\n<p>&#8220;G\u00f6kte olan&#8217;\u0131n, sizi yerin dibine ge\u00e7irmesinden g\u00fcvende mi siniz ? O zaman, yer sars\u0131ld\u0131k\u00e7a sars\u0131l\u0131r. G\u00f6kte olan&#8217;\u0131n, ba\u015f\u0131n\u0131za ta\u015f ya\u011fd\u0131rmas\u0131ndan g\u00fcvende misiniz ? Benim uyarmam\u0131n nas\u0131l oldu\u011funu yak\u0131nda bileceksiniz.&#8221;<\/p>\n<p>Ayetlerin ba\u015f\u0131nda, &#8220;men fi&#8217;Sokak-Sema&#8221; yer al\u0131yor. G\u00f6kte olan anlam\u0131nda. Bu g\u00f6kte olan kim ?<\/p>\n<p>Ku\u015fkusuz, anlat\u0131lmak istenen, &#8220;Tanr\u0131&#8221;.<\/p>\n<p>Demek ki bu ayetlerde, &#8220;Tanr\u0131&#8221;n\u0131n g\u00f6kte oldu\u011fu, \u00e7ok a\u00e7\u0131k bi\u00e7imde anlat\u0131lmakta.<\/p>\n<p>&#8220;Tanr\u0131&#8221; i\u00e7in &#8220;g\u00f6kte olan&#8221; denmesi, bir \u00e7ok konuda oldu\u011fu gibi \u015fa\u015fk\u0131nl\u0131\u011fa ve<\/p>\n<p>bocalamalara yol a\u00e7m\u0131\u015f M\u00fcsl\u00fcman yorumcular aras\u0131nda. Bir kesimi, buna da<\/p>\n<p>dayanarak \u015f\u00f6yle demi\u015flerdir:<\/p>\n<p>-Tanr\u0131n\u0131n yeri yurdu vard\u0131r. (Bkz. F. Razi, e&#8217;t -Tefsiru&#8217;l-Kebir, 30\/69)<\/p>\n<p>Ne var ki buna kar\u015f\u0131l\u0131k \u015fu sorular sorulmu\u015f:<\/p>\n<p>-Tanr\u0131 g\u00f6kte olsa, tanr\u0131n\u0131n g\u00f6kten daha k\u00fc\u00e7\u00fck olmas\u0131 gerekir. B\u00f6yle bir \u015fey nas\u0131l d\u00fc\u015f\u00fcnebilir?<\/p>\n<p>-Tanr\u0131n\u0131n g\u00f6kte oldu\u011fu d\u00fc\u015f\u00fcn\u00fcl\u00fcrse, varl\u0131\u011f\u0131n\u0131n ve varl\u0131\u011f\u0131n\u0131 s\u00fcrd\u00fcrebilmesinin, bir ba\u015fka \u015feye ba\u011fl\u0131 oldu\u011funu da d\u00fc\u015f\u00fcnmek gerekir. Bu nas\u0131l olabilir ? (Bkz. Elmal\u0131l\u0131 Hamdi Yaz\u0131r, Hak Dini Kur&#8217;an Dili, 7\/5233)<\/p>\n<p>Kuran yorumcular\u0131ndan, &#8220;g\u00f6kte olma&#8221; y\u0131 , &#8220;yerinin yurdunun olmas\u0131&#8221;n\u0131, &#8220;Tanr\u0131&#8221; ya, &#8220;Tanr\u0131&#8221; kavram\u0131na yak\u0131\u015ft\u0131rmayanlar pek \u00e7ok. Ne var ki Kur&#8217;an&#8217;\u0131n kendisinin, bunu &#8220;Tanr\u0131&#8221;ya yak\u0131\u015ft\u0131rd\u0131\u011f\u0131 ve \u00f6yle anlatt\u0131\u011f\u0131 da bir ger\u00e7ek. Yorumcular, zorlamal\u0131 yorumlara sapsalar da bu ger\u00e7e\u011fi de\u011fi\u015ftirememekte. \u0130lkel insanlar da, &#8220;Tanr\u0131&#8221;y\u0131 g\u00f6kte g\u00f6rmezler miydi ve &#8220;\u00e7a\u011fda\u015f ilkeller&#8221;de \u00f6yle g\u00f6rm\u00fcyorlar m\u0131? Ebu M\u00fcslim de, ayetlerde Tanr\u0131 i\u00e7in &#8220;g\u00f6kte olan&#8221; denmesini, Araplar\u0131n, Tanr\u0131&#8217;y\u0131 g\u00f6kte g\u00f6rmelerine ba\u011fl\u0131yor. (Bkz. F. Razi, 30\/70)<\/p>\n<p>Bakara Suresinin 210. ayetinde de \u015f\u00f6yle denir:<\/p>\n<p>&#8220;Onlar, Tanr\u0131&#8217;n\u0131n ve meleklerin, g\u00f6lgeli bulutlar (ya da buluttan g\u00f6lgeler) i\u00e7inde gelmesini beklerler yaln\u0131zca. Ve i\u015fin bitirilivermesini&#8230;\u0130\u015fler, Tanr\u0131&#8217;ya d\u00f6ner.&#8221;<br \/>Diyanet \u00e7evirisinde &#8220;Allah&#8217;\u0131n azb\u0131n\u0131n ve meleklerin tepelerine binip&#8230;&#8221;bi\u00e7iminde bir anlam veriliyor. Ayetin s\u00f6zleri, b\u00f6yle bir anlama elveri\u015fli de\u011fil. Ayette, &#8220;Allah&#8217;\u0131n azab\u0131n\u0131n gelmesinden de\u011fil ; kendisinin bulutlar i\u00e7inde gelmesinden s\u00f6z ediliyor. Ayette a\u00e7\u0131k\u00e7a yer ald\u0131\u011f\u0131 halde, tanr\u0131n\u0131n bulutlar i\u00e7inde gelmesi Tanr\u0131&#8217;ya yak\u0131\u015ft\u0131r\u0131lmad\u0131\u011f\u0131 i\u00e7in, \u00e7eviriye yorum kat\u0131l\u0131yor ve &#8220;Allah&#8217;\u0131n azab\u0131n\u0131n&#8230;&#8221; deniliyor. Bu yorum, kimi Kuran yorumlar\u0131nda da var. ( \u00d6rne\u011fin bkz. Tefsiru&#8217;n -Nesefi, 1\/105; Tefsiru&#8217;l-Celaleyn, 1\/31;Taberi, Camiu&#8217;l-Beyan,2\/191-192; F.Razi, 5\/215 )<\/p>\n<p>&#8220;Tanr\u0131&#8221;n\u0131n bulutlar i\u00e7inde gelmesi Tevrat&#8217;ta da var. Kaynakda zaten oras\u0131. \u015eunlar\u0131 okuyoruz Tevrat&#8217;ta:<\/p>\n<p>&#8220;Ey Efendi Tanr\u0131m, \u00e7ok b\u00fcy\u00fcks\u00fcn ! (&#8230;) Sensin bulutlar\u0131 kendine araba edinen&#8230;&#8221; (Tevrat, Mezmurlar, 104:1-2 ) &#8220;\u0130\u015fte Efendi Tanr\u0131, h\u0131zl\u0131 bir buluta binmi\u015f olarak M\u0131s\u0131r&#8217;a gidiyor. Onun bulunmas\u0131ndan M\u0131s\u0131r&#8217;\u0131n putlar\u0131 titreyecek&#8230;&#8221; ( Tevrat, \u0130\u015faya, 19:1 )<\/p>\n<p>Bununla birlikte Kuran&#8217;\u0131n Tanr\u0131&#8217;s\u0131n\u0131n da, Tevrat&#8217;\u0131n Tanr\u0131&#8217;s\u0131n\u0131n da as\u0131l yeri, &#8220;taht\u0131-saray\u0131&#8221; demek olan &#8220;ar\u015f&#8221;\u0131, &#8220;g\u00f6klerin \u00fcst\u00fcnde&#8221;dir. Kuran&#8217;da, yeri ve g\u00f6kleri yaratt\u0131ktan sonra &#8220;ar\u015fa dayand\u0131\u011f\u0131&#8221; bildirilir. Hadislerde de &#8220;Ar\u015f&#8221;\u0131n, g\u00f6klerin \u00fcst\u00fcnde bulundu\u011fu bildirilir. Ar\u015f&#8217;a ve Tanr\u0131&#8217;n\u0131n \u00fczerinde bulundu\u011fu bildirilen &#8220;sekiz da\u011f ke\u00e7isi&#8221; ne ili\u015fkin ayet ve hadisler sunuldu\u011funda ayr\u0131nt\u0131lar g\u00f6r\u00fclecektir. Ayr\u0131ca unutmamak gerekir ki, Muhammed&#8217;in de, &#8220;Tanr\u0131&#8217;yla g\u00f6r\u00fc\u015f\u00fcp konu\u015fmak i\u00e7in g\u00f6klerin \u00f6tesine, O&#8217;nun &#8220;ar\u015f&#8221;\u0131na gitti\u011fi bildirilir (Mirac olay\u0131). Tevrat&#8217;ta da \u015fu t\u00fcr anlat\u0131mlar g\u00f6ze \u00e7arpar: &#8220;G\u00f6klerin g\u00f6\u011f\u00fc \u00fcst\u00fcne binmi\u015f olana ezgiler s\u00f6yleyin!&#8221; (Tevrat, Mezmurlar, 68:33) &#8220;Efendi Tanr\u0131, kutsal tap\u0131na\u011f\u0131ndad\u0131r. O&#8217;nun taht\u0131 g\u00f6klerdedir.&#8221; (Mezmurlar, 11:4) &#8220;Efendi Tanr\u0131, taht\u0131n\u0131 g\u00f6klerde kurdu.&#8221;<\/p>\n<p>\u0130lk \u00e7a\u011flar\u0131n ilkellerinin de, \u00e7a\u011fda\u015f ilkellerin de &#8220;tanr\u0131&#8221;lar\u0131n\u0131n yeri g\u00f6klerdir.<br \/>Tanr\u0131&#8217;n\u0131n as\u0131l yerinin g\u00f6klerde oldu\u011fu bildiriliyor. Ama bu, Tanr\u0131&#8217;n\u0131n o yerden, zaman zaman inmesine engel de\u011fil. Kuran&#8217;da Tanr\u0131&#8217;n\u0131n &#8220;k\u0131yamet g\u00fcn\u00fc, meleklerle birlikte gelece\u011fi&#8221; (Fecr:22), &#8220;Taht\u0131&#8217;n\u0131 ta\u015f\u0131yan 8 melekle gelece\u011fi&#8221;(el Hakke: 17) bildirilir. Hadis\u00e7ilerce tart\u0131\u015fmas\u0131z sa\u011flaml\u0131ktaki bir hadiste de Muhammed, \u015f\u00f6yle der:<\/p>\n<p>&#8220;Efendi Tanr\u0131m\u0131z, her gece, gecenin son \u00fc\u00e7te biri kald\u0131\u011f\u0131nda, d\u00fcnya g\u00f6\u011f\u00fcne iner&#8230;&#8221;(Bkz. Buhari, e&#8217;s -Sahih, Kitabu&#8217;tanr\u0131-Tehac\u00fcd\/14;Tecrid, hadis no:590)<\/p>\n<p>Tanr\u0131&#8217;n\u0131n d\u00fcnya g\u00f6\u011f\u00fcne inmesini Tanr\u0131&#8217;ya yak\u0131\u015ft\u0131ramayan M\u00fcsl\u00fcman yorumcular, &#8220;te&#8217;vil&#8221; yoluna sap\u0131p yorumlarla durumu kurtarmaya \u00e7abalarlar. Ama \u0130bn Teymiyye gibi bu yola kar\u015f\u0131 \u00e7\u0131kanlar, s\u00f6zlerden ne anla\u015f\u0131l\u0131yorsa \u00f6yle anlamak gerekti\u011fini savunurlar. (Bkz. \u0130bn Teymiyye, Der&#8217;u Tearuzi&#8217;l-Akli ve&#8217;n -Nakl Arap\u00e7a,1971, 1\/15)<\/p>\n","protected":false},"excerpt":{"rendered":"<p>M\u00fclk suresinin 16. Ve 17. ayetlerinin, Diyanet&#8217;in resmi \u00e7evirisindeki anlam\u0131 \u015f\u00f6yle: &#8220;G\u00f6kte olan&#8217;\u0131n, sizi yerin dibine ge\u00e7irmesinden g\u00fcvende mi siniz ? O zaman, yer sars\u0131ld\u0131k\u00e7a sars\u0131l\u0131r. G\u00f6kte olan&#8217;\u0131n, ba\u015f\u0131n\u0131za ta\u015f ya\u011fd\u0131rmas\u0131ndan g\u00fcvende misiniz ? Benim uyarmam\u0131n nas\u0131l oldu\u011funu yak\u0131nda bileceksiniz.&#8221; Ayetlerin ba\u015f\u0131nda, &#8220;men fi&#8217;Sokak-Sema&#8221; yer al\u0131yor. G\u00f6kte olan anlam\u0131nda. Bu g\u00f6kte olan kim ? Ku\u015fkusuz, [&hellip;]<\/p>\n","protected":false},"author":1,"featured_media":0,"comment_status":"open","ping_status":"open","sticky":false,"template":"","format":"standard","meta":{"footnotes":""},"categories":[54],"tags":[],"class_list":{"0":"post-398","1":"post","2":"type-post","3":"status-publish","4":"format-standard","6":"category-din"},"yoast_head":"<!-- This site is optimized with the Yoast SEO Premium plugin v24.9 (Yoast SEO v24.9) - https:\/\/yoast.com\/wordpress\/plugins\/seo\/ -->\n<title>Kuran&#039;\u0131n Tanr\u0131s\u0131 Nerede? | Turan Dursun - narteks.net<\/title>\n<meta name=\"robots\" content=\"index, follow, max-snippet:-1, max-image-preview:large, max-video-preview:-1\" \/>\n<link rel=\"canonical\" href=\"https:\/\/narteks.net\/index.php\/2009\/03\/12\/kuranin-tanrisi-nerede-turan-dursun\/\" \/>\n<meta property=\"og:locale\" content=\"tr_TR\" \/>\n<meta property=\"og:type\" content=\"article\" \/>\n<meta property=\"og:title\" content=\"Kuran&#039;\u0131n Tanr\u0131s\u0131 Nerede? | Turan Dursun\" \/>\n<meta property=\"og:description\" content=\"M\u00fclk suresinin 16. Ve 17. ayetlerinin, Diyanet&#8217;in resmi \u00e7evirisindeki anlam\u0131 \u015f\u00f6yle: &#8220;G\u00f6kte olan&#8217;\u0131n, sizi yerin dibine ge\u00e7irmesinden g\u00fcvende mi siniz ? O zaman, yer sars\u0131ld\u0131k\u00e7a sars\u0131l\u0131r. G\u00f6kte olan&#8217;\u0131n, ba\u015f\u0131n\u0131za ta\u015f ya\u011fd\u0131rmas\u0131ndan g\u00fcvende misiniz ? Benim uyarmam\u0131n nas\u0131l oldu\u011funu yak\u0131nda bileceksiniz.&#8221; Ayetlerin ba\u015f\u0131nda, &#8220;men fi&#8217;Sokak-Sema&#8221; yer al\u0131yor. G\u00f6kte olan anlam\u0131nda. Bu g\u00f6kte olan kim ? Ku\u015fkusuz, [&hellip;]\" \/>\n<meta property=\"og:url\" content=\"https:\/\/narteks.net\/index.php\/2009\/03\/12\/kuranin-tanrisi-nerede-turan-dursun\/\" \/>\n<meta property=\"og:site_name\" content=\"narteks.net\" \/>\n<meta property=\"article:published_time\" content=\"2009-03-11T22:12:49+00:00\" \/>\n<meta property=\"og:image\" content=\"http:\/\/upload.wikimedia.org\/wikipedia\/commons\/thumb\/a\/ae\/Hokusai_Phoenix.jpg\/606px-Hokusai_Phoenix.jpg\" \/>\n<meta name=\"author\" content=\"Tar\u0131k\" \/>\n<meta name=\"twitter:card\" content=\"summary_large_image\" \/>\n<meta name=\"twitter:creator\" content=\"@narteks\" \/>\n<meta name=\"twitter:site\" content=\"@narteks\" \/>\n<meta name=\"twitter:label1\" content=\"Yazan:\" \/>\n\t<meta name=\"twitter:data1\" content=\"Tar\u0131k\" \/>\n\t<meta name=\"twitter:label2\" content=\"Tahmini okuma s\u00fcresi\" \/>\n\t<meta name=\"twitter:data2\" content=\"4 dakika\" \/>\n<script type=\"application\/ld+json\" class=\"yoast-schema-graph\">{\"@context\":\"https:\/\/schema.org\",\"@graph\":[{\"@type\":\"Article\",\"@id\":\"https:\/\/narteks.net\/index.php\/2009\/03\/12\/kuranin-tanrisi-nerede-turan-dursun\/#article\",\"isPartOf\":{\"@id\":\"https:\/\/narteks.net\/index.php\/2009\/03\/12\/kuranin-tanrisi-nerede-turan-dursun\/\"},\"author\":{\"name\":\"Tar\u0131k\",\"@id\":\"https:\/\/narteks.net\/#\/schema\/person\/61f37d9834294b72d31d274e7ed79bca\"},\"headline\":\"Kuran&#8217;\u0131n Tanr\u0131s\u0131 Nerede? | Turan Dursun\",\"datePublished\":\"2009-03-11T22:12:49+00:00\",\"mainEntityOfPage\":{\"@id\":\"https:\/\/narteks.net\/index.php\/2009\/03\/12\/kuranin-tanrisi-nerede-turan-dursun\/\"},\"wordCount\":826,\"commentCount\":0,\"publisher\":{\"@id\":\"https:\/\/narteks.net\/#organization\"},\"image\":{\"@id\":\"https:\/\/narteks.net\/index.php\/2009\/03\/12\/kuranin-tanrisi-nerede-turan-dursun\/#primaryimage\"},\"thumbnailUrl\":\"http:\/\/upload.wikimedia.org\/wikipedia\/commons\/thumb\/a\/ae\/Hokusai_Phoenix.jpg\/606px-Hokusai_Phoenix.jpg\",\"articleSection\":[\"Din\"],\"inLanguage\":\"tr\",\"potentialAction\":[{\"@type\":\"CommentAction\",\"name\":\"Comment\",\"target\":[\"https:\/\/narteks.net\/index.php\/2009\/03\/12\/kuranin-tanrisi-nerede-turan-dursun\/#respond\"]}]},{\"@type\":\"WebPage\",\"@id\":\"https:\/\/narteks.net\/index.php\/2009\/03\/12\/kuranin-tanrisi-nerede-turan-dursun\/\",\"url\":\"https:\/\/narteks.net\/index.php\/2009\/03\/12\/kuranin-tanrisi-nerede-turan-dursun\/\",\"name\":\"Kuran'\u0131n Tanr\u0131s\u0131 Nerede? | Turan Dursun - narteks.net\",\"isPartOf\":{\"@id\":\"https:\/\/narteks.net\/#website\"},\"primaryImageOfPage\":{\"@id\":\"https:\/\/narteks.net\/index.php\/2009\/03\/12\/kuranin-tanrisi-nerede-turan-dursun\/#primaryimage\"},\"image\":{\"@id\":\"https:\/\/narteks.net\/index.php\/2009\/03\/12\/kuranin-tanrisi-nerede-turan-dursun\/#primaryimage\"},\"thumbnailUrl\":\"http:\/\/upload.wikimedia.org\/wikipedia\/commons\/thumb\/a\/ae\/Hokusai_Phoenix.jpg\/606px-Hokusai_Phoenix.jpg\",\"datePublished\":\"2009-03-11T22:12:49+00:00\",\"breadcrumb\":{\"@id\":\"https:\/\/narteks.net\/index.php\/2009\/03\/12\/kuranin-tanrisi-nerede-turan-dursun\/#breadcrumb\"},\"inLanguage\":\"tr\",\"potentialAction\":[{\"@type\":\"ReadAction\",\"target\":[\"https:\/\/narteks.net\/index.php\/2009\/03\/12\/kuranin-tanrisi-nerede-turan-dursun\/\"]}]},{\"@type\":\"ImageObject\",\"inLanguage\":\"tr\",\"@id\":\"https:\/\/narteks.net\/index.php\/2009\/03\/12\/kuranin-tanrisi-nerede-turan-dursun\/#primaryimage\",\"url\":\"http:\/\/upload.wikimedia.org\/wikipedia\/commons\/thumb\/a\/ae\/Hokusai_Phoenix.jpg\/606px-Hokusai_Phoenix.jpg\",\"contentUrl\":\"http:\/\/upload.wikimedia.org\/wikipedia\/commons\/thumb\/a\/ae\/Hokusai_Phoenix.jpg\/606px-Hokusai_Phoenix.jpg\"},{\"@type\":\"BreadcrumbList\",\"@id\":\"https:\/\/narteks.net\/index.php\/2009\/03\/12\/kuranin-tanrisi-nerede-turan-dursun\/#breadcrumb\",\"itemListElement\":[{\"@type\":\"ListItem\",\"position\":1,\"name\":\"Anasayfa\",\"item\":\"https:\/\/narteks.net\/\"},{\"@type\":\"ListItem\",\"position\":2,\"name\":\"Kuran&#8217;\u0131n Tanr\u0131s\u0131 Nerede? | Turan Dursun\"}]},{\"@type\":\"WebSite\",\"@id\":\"https:\/\/narteks.net\/#website\",\"url\":\"https:\/\/narteks.net\/\",\"name\":\"narteks.net\",\"description\":\"K\u00fclt\u00fcr Sanat Edebiyat Felsefe\",\"publisher\":{\"@id\":\"https:\/\/narteks.net\/#organization\"},\"alternateName\":\"K\u00fclt\u00fcr Sanat Edebiyat Felsefe\",\"potentialAction\":[{\"@type\":\"SearchAction\",\"target\":{\"@type\":\"EntryPoint\",\"urlTemplate\":\"https:\/\/narteks.net\/?s={search_term_string}\"},\"query-input\":{\"@type\":\"PropertyValueSpecification\",\"valueRequired\":true,\"valueName\":\"search_term_string\"}}],\"inLanguage\":\"tr\"},{\"@type\":\"Organization\",\"@id\":\"https:\/\/narteks.net\/#organization\",\"name\":\"narteks.net\",\"url\":\"https:\/\/narteks.net\/\",\"logo\":{\"@type\":\"ImageObject\",\"inLanguage\":\"tr\",\"@id\":\"https:\/\/narteks.net\/#\/schema\/logo\/image\/\",\"url\":\"https:\/\/narteks.net\/wp-content\/uploads\/narteks.png\",\"contentUrl\":\"https:\/\/narteks.net\/wp-content\/uploads\/narteks.png\",\"width\":300,\"height\":90,\"caption\":\"narteks.net\"},\"image\":{\"@id\":\"https:\/\/narteks.net\/#\/schema\/logo\/image\/\"},\"sameAs\":[\"https:\/\/x.com\/narteks\",\"https:\/\/instagram.com\/narteksnet\"]},{\"@type\":\"Person\",\"@id\":\"https:\/\/narteks.net\/#\/schema\/person\/61f37d9834294b72d31d274e7ed79bca\",\"name\":\"Tar\u0131k\",\"image\":{\"@type\":\"ImageObject\",\"inLanguage\":\"tr\",\"@id\":\"https:\/\/narteks.net\/#\/schema\/person\/image\/\",\"url\":\"https:\/\/secure.gravatar.com\/avatar\/50865afb55632c4ae467e0af0930f6510aa2297d8014be502a55b14f3b7550cf?s=96&d=mm&r=g\",\"contentUrl\":\"https:\/\/secure.gravatar.com\/avatar\/50865afb55632c4ae467e0af0930f6510aa2297d8014be502a55b14f3b7550cf?s=96&d=mm&r=g\",\"caption\":\"Tar\u0131k\"},\"sameAs\":[\"http:\/\/narteks.net\"],\"url\":\"https:\/\/narteks.net\/index.php\/author\/narbak\/\"}]}<\/script>\n<!-- \/ Yoast SEO Premium plugin. -->","yoast_head_json":{"title":"Kuran'\u0131n Tanr\u0131s\u0131 Nerede? | Turan Dursun - narteks.net","robots":{"index":"index","follow":"follow","max-snippet":"max-snippet:-1","max-image-preview":"max-image-preview:large","max-video-preview":"max-video-preview:-1"},"canonical":"https:\/\/narteks.net\/index.php\/2009\/03\/12\/kuranin-tanrisi-nerede-turan-dursun\/","og_locale":"tr_TR","og_type":"article","og_title":"Kuran'\u0131n Tanr\u0131s\u0131 Nerede? | Turan Dursun","og_description":"M\u00fclk suresinin 16. Ve 17. ayetlerinin, Diyanet&#8217;in resmi \u00e7evirisindeki anlam\u0131 \u015f\u00f6yle: &#8220;G\u00f6kte olan&#8217;\u0131n, sizi yerin dibine ge\u00e7irmesinden g\u00fcvende mi siniz ? O zaman, yer sars\u0131ld\u0131k\u00e7a sars\u0131l\u0131r. G\u00f6kte olan&#8217;\u0131n, ba\u015f\u0131n\u0131za ta\u015f ya\u011fd\u0131rmas\u0131ndan g\u00fcvende misiniz ? Benim uyarmam\u0131n nas\u0131l oldu\u011funu yak\u0131nda bileceksiniz.&#8221; Ayetlerin ba\u015f\u0131nda, &#8220;men fi&#8217;Sokak-Sema&#8221; yer al\u0131yor. G\u00f6kte olan anlam\u0131nda. Bu g\u00f6kte olan kim ? Ku\u015fkusuz, [&hellip;]","og_url":"https:\/\/narteks.net\/index.php\/2009\/03\/12\/kuranin-tanrisi-nerede-turan-dursun\/","og_site_name":"narteks.net","article_published_time":"2009-03-11T22:12:49+00:00","og_image":[{"url":"http:\/\/upload.wikimedia.org\/wikipedia\/commons\/thumb\/a\/ae\/Hokusai_Phoenix.jpg\/606px-Hokusai_Phoenix.jpg","type":"","width":"","height":""}],"author":"Tar\u0131k","twitter_card":"summary_large_image","twitter_creator":"@narteks","twitter_site":"@narteks","twitter_misc":{"Yazan:":"Tar\u0131k","Tahmini okuma s\u00fcresi":"4 dakika"},"schema":{"@context":"https:\/\/schema.org","@graph":[{"@type":"Article","@id":"https:\/\/narteks.net\/index.php\/2009\/03\/12\/kuranin-tanrisi-nerede-turan-dursun\/#article","isPartOf":{"@id":"https:\/\/narteks.net\/index.php\/2009\/03\/12\/kuranin-tanrisi-nerede-turan-dursun\/"},"author":{"name":"Tar\u0131k","@id":"https:\/\/narteks.net\/#\/schema\/person\/61f37d9834294b72d31d274e7ed79bca"},"headline":"Kuran&#8217;\u0131n Tanr\u0131s\u0131 Nerede? | Turan Dursun","datePublished":"2009-03-11T22:12:49+00:00","mainEntityOfPage":{"@id":"https:\/\/narteks.net\/index.php\/2009\/03\/12\/kuranin-tanrisi-nerede-turan-dursun\/"},"wordCount":826,"commentCount":0,"publisher":{"@id":"https:\/\/narteks.net\/#organization"},"image":{"@id":"https:\/\/narteks.net\/index.php\/2009\/03\/12\/kuranin-tanrisi-nerede-turan-dursun\/#primaryimage"},"thumbnailUrl":"http:\/\/upload.wikimedia.org\/wikipedia\/commons\/thumb\/a\/ae\/Hokusai_Phoenix.jpg\/606px-Hokusai_Phoenix.jpg","articleSection":["Din"],"inLanguage":"tr","potentialAction":[{"@type":"CommentAction","name":"Comment","target":["https:\/\/narteks.net\/index.php\/2009\/03\/12\/kuranin-tanrisi-nerede-turan-dursun\/#respond"]}]},{"@type":"WebPage","@id":"https:\/\/narteks.net\/index.php\/2009\/03\/12\/kuranin-tanrisi-nerede-turan-dursun\/","url":"https:\/\/narteks.net\/index.php\/2009\/03\/12\/kuranin-tanrisi-nerede-turan-dursun\/","name":"Kuran'\u0131n Tanr\u0131s\u0131 Nerede? | Turan Dursun - narteks.net","isPartOf":{"@id":"https:\/\/narteks.net\/#website"},"primaryImageOfPage":{"@id":"https:\/\/narteks.net\/index.php\/2009\/03\/12\/kuranin-tanrisi-nerede-turan-dursun\/#primaryimage"},"image":{"@id":"https:\/\/narteks.net\/index.php\/2009\/03\/12\/kuranin-tanrisi-nerede-turan-dursun\/#primaryimage"},"thumbnailUrl":"http:\/\/upload.wikimedia.org\/wikipedia\/commons\/thumb\/a\/ae\/Hokusai_Phoenix.jpg\/606px-Hokusai_Phoenix.jpg","datePublished":"2009-03-11T22:12:49+00:00","breadcrumb":{"@id":"https:\/\/narteks.net\/index.php\/2009\/03\/12\/kuranin-tanrisi-nerede-turan-dursun\/#breadcrumb"},"inLanguage":"tr","potentialAction":[{"@type":"ReadAction","target":["https:\/\/narteks.net\/index.php\/2009\/03\/12\/kuranin-tanrisi-nerede-turan-dursun\/"]}]},{"@type":"ImageObject","inLanguage":"tr","@id":"https:\/\/narteks.net\/index.php\/2009\/03\/12\/kuranin-tanrisi-nerede-turan-dursun\/#primaryimage","url":"http:\/\/upload.wikimedia.org\/wikipedia\/commons\/thumb\/a\/ae\/Hokusai_Phoenix.jpg\/606px-Hokusai_Phoenix.jpg","contentUrl":"http:\/\/upload.wikimedia.org\/wikipedia\/commons\/thumb\/a\/ae\/Hokusai_Phoenix.jpg\/606px-Hokusai_Phoenix.jpg"},{"@type":"BreadcrumbList","@id":"https:\/\/narteks.net\/index.php\/2009\/03\/12\/kuranin-tanrisi-nerede-turan-dursun\/#breadcrumb","itemListElement":[{"@type":"ListItem","position":1,"name":"Anasayfa","item":"https:\/\/narteks.net\/"},{"@type":"ListItem","position":2,"name":"Kuran&#8217;\u0131n Tanr\u0131s\u0131 Nerede? | Turan Dursun"}]},{"@type":"WebSite","@id":"https:\/\/narteks.net\/#website","url":"https:\/\/narteks.net\/","name":"narteks.net","description":"K\u00fclt\u00fcr Sanat Edebiyat Felsefe","publisher":{"@id":"https:\/\/narteks.net\/#organization"},"alternateName":"K\u00fclt\u00fcr Sanat Edebiyat Felsefe","potentialAction":[{"@type":"SearchAction","target":{"@type":"EntryPoint","urlTemplate":"https:\/\/narteks.net\/?s={search_term_string}"},"query-input":{"@type":"PropertyValueSpecification","valueRequired":true,"valueName":"search_term_string"}}],"inLanguage":"tr"},{"@type":"Organization","@id":"https:\/\/narteks.net\/#organization","name":"narteks.net","url":"https:\/\/narteks.net\/","logo":{"@type":"ImageObject","inLanguage":"tr","@id":"https:\/\/narteks.net\/#\/schema\/logo\/image\/","url":"https:\/\/narteks.net\/wp-content\/uploads\/narteks.png","contentUrl":"https:\/\/narteks.net\/wp-content\/uploads\/narteks.png","width":300,"height":90,"caption":"narteks.net"},"image":{"@id":"https:\/\/narteks.net\/#\/schema\/logo\/image\/"},"sameAs":["https:\/\/x.com\/narteks","https:\/\/instagram.com\/narteksnet"]},{"@type":"Person","@id":"https:\/\/narteks.net\/#\/schema\/person\/61f37d9834294b72d31d274e7ed79bca","name":"Tar\u0131k","image":{"@type":"ImageObject","inLanguage":"tr","@id":"https:\/\/narteks.net\/#\/schema\/person\/image\/","url":"https:\/\/secure.gravatar.com\/avatar\/50865afb55632c4ae467e0af0930f6510aa2297d8014be502a55b14f3b7550cf?s=96&d=mm&r=g","contentUrl":"https:\/\/secure.gravatar.com\/avatar\/50865afb55632c4ae467e0af0930f6510aa2297d8014be502a55b14f3b7550cf?s=96&d=mm&r=g","caption":"Tar\u0131k"},"sameAs":["http:\/\/narteks.net"],"url":"https:\/\/narteks.net\/index.php\/author\/narbak\/"}]}},"_links":{"self":[{"href":"https:\/\/narteks.net\/index.php\/wp-json\/wp\/v2\/posts\/398","targetHints":{"allow":["GET"]}}],"collection":[{"href":"https:\/\/narteks.net\/index.php\/wp-json\/wp\/v2\/posts"}],"about":[{"href":"https:\/\/narteks.net\/index.php\/wp-json\/wp\/v2\/types\/post"}],"author":[{"embeddable":true,"href":"https:\/\/narteks.net\/index.php\/wp-json\/wp\/v2\/users\/1"}],"replies":[{"embeddable":true,"href":"https:\/\/narteks.net\/index.php\/wp-json\/wp\/v2\/comments?post=398"}],"version-history":[{"count":0,"href":"https:\/\/narteks.net\/index.php\/wp-json\/wp\/v2\/posts\/398\/revisions"}],"wp:attachment":[{"href":"https:\/\/narteks.net\/index.php\/wp-json\/wp\/v2\/media?parent=398"}],"wp:term":[{"taxonomy":"category","embeddable":true,"href":"https:\/\/narteks.net\/index.php\/wp-json\/wp\/v2\/categories?post=398"},{"taxonomy":"post_tag","embeddable":true,"href":"https:\/\/narteks.net\/index.php\/wp-json\/wp\/v2\/tags?post=398"}],"curies":[{"name":"wp","href":"https:\/\/api.w.org\/{rel}","templated":true}]}}