{"id":399,"date":"2009-03-12T01:14:55","date_gmt":"2009-03-11T22:14:55","guid":{"rendered":"http:\/\/localhost\/wordpress\/2009\/03\/12\/muhammed-bildiklerini-kimden-ogrendi-turan-dursun\/"},"modified":"2009-03-12T01:14:55","modified_gmt":"2009-03-11T22:14:55","slug":"muhammed-bildiklerini-kimden-ogrendi-turan-dursun","status":"publish","type":"post","link":"https:\/\/narteks.net\/index.php\/2009\/03\/12\/muhammed-bildiklerini-kimden-ogrendi-turan-dursun\/","title":{"rendered":"Muhammed bildiklerini kimden \u00f6\u011frendi ? | Turan Dursun"},"content":{"rendered":"<p style=\"text-align: justify;\"><img loading=\"lazy\" decoding=\"async\" style=\"float: left;\" src=\"images\/stories\/turan_dursun.jpg\" width=\"155\" height=\"205\" \/>Muhammed&#8217;in \u00d6\u011fretmenleri mi?<br \/>Bel&#8217;am, Yai\u015f, Addas, Yessar, Cebr, \u0130ranl\u0131 Selman Konuya ili\u015fkin Kur&#8217;an ne diyor?<\/p>\n<p>Kur&#8217;an&#8217;daki &#8220;Tanr\u0131&#8221;, her zamanki gibi ant i\u00e7erek a\u00e7\u0131klama yap\u0131yor:<\/p>\n<p>&#8220;And olsun ki biz, onlar\u0131n:&#8217;O&#8217;na (Muhammed&#8217;e) bir insan \u00f6\u011fretiyor kesinlikle.&#8217; Dediklerini biliyoruz. Savlar\u0131n\u0131 dayand\u0131rd\u0131klar\u0131 kimsenin dili yabanc\u0131d\u0131r. Buysa (Kur&#8217;an), apa\u00e7\u0131k bir Arap\u00e7a&#8217;d\u0131r.&#8221;(Nahl, ayet:103)<\/p>\n<p>Bundan sonraki ayetlerde, &#8220;inanmayanlar&#8221; korkutuluyor, &#8220;yalanc\u0131, iftirac\u0131&#8221; olarak nitelendiriliyor ve &#8220;i\u015fkenceli bir ceza&#8221;yla cezaland\u0131r\u0131lacaklar\u0131 bildiriliyor.<\/p>\n<p>Yukar\u0131daki ayette, Muhammed&#8217;e \u00f6\u011freticilik etti\u011fi s\u00f6ylenen kimsenin, &#8220;Arap olmad\u0131\u011f\u0131, yabanc\u0131 oldu\u011fu&#8221; belirtiliyor.<\/p>\n<p>Yunanl\u0131 Bel&#8217;am, Yai\u015f..<\/p>\n<p>Kimilerine g\u00f6re, Muhammed&#8217;in \u00f6\u011fretmeni, bir Yunanl\u0131 k\u00f6leydi. Bel&#8217;am ad\u0131nda bir k\u00f6le.<\/p>\n<p>\u0130bn Abbas anlat\u0131yor:<\/p>\n<p>&#8220;Peygamber, Mekke&#8217;de k\u00f6le olan birine \u00f6\u011fretimde bulunuyordu. Yabanc\u0131yd\u0131. Puta tapard\u0131. Ad\u0131 da Bel&#8217;am&#8217;d\u0131. Peygamberin yan\u0131na giri\u015finde ve \u00e7\u0131k\u0131\u015f\u0131nda putataparlar g\u00f6r\u00fcyorlard\u0131. &#8216;Muhammed&#8217;e her \u015feyi \u00f6\u011freten Bel&#8217;am&#8217;d\u0131r..&#8217; diye konu\u015ftular.&#8221; (Bkz. Taberi, Cami&#8217;ul-Beyan, 14\/119)<\/p>\n<p>Ya da Yai\u015f&#8217;ti \u00fczerinde durulan k\u00f6le. Bel&#8217;am i\u00e7in s\u00f6ylenen, Yai\u015f i\u00e7in de s\u00f6yleniyordu. &#8220;Yai\u015f, Muhammed&#8217;e \u00f6\u011fretmenlik yap\u0131yor&#8221; deniyordu. (Bkz. Ayn\u0131 yer)<\/p>\n<p>Ya da, Muhammed&#8217;e \u00f6\u011freticilik eden k\u00f6le, Cebr&#8217;di. (Bkz. Ayn\u0131 yer)<\/p>\n<p>Ya da, Yemenli CEBR, YESSAR, ADDAS.<\/p>\n<p>&#8220;Hadrami&#8217;lerin iki gen\u00e7 k\u00f6leleri vard\u0131. Yemen halk\u0131ndan olan bu iki k\u00f6leden birinin ad\u0131 Yessar, \u00f6b\u00fcr\u00fcn\u00fcn ad\u0131 Cebr&#8217;di&#8221; diye aktar\u0131l\u0131r. Bu iki k\u00f6lelerin sahiplerinin tan\u0131kl\u0131\u011f\u0131 \u015f\u00f6yle:<\/p>\n<p>&#8220;Bizim iki gen\u00e7 k\u00f6lemiz vard\u0131. Kendi dilleriyle kitaplar\u0131n\u0131 okurlard\u0131. Peygamber de bunlara u\u011frar, durup bunlar\u0131 dinlerdi. \u0130\u015fte bunun i\u00e7in, putataparlar, &#8216;Muhammed, bunlardan \u00f6\u011freniyor..&#8217; dediler.&#8221; (Taberi, 14\/119) Fahruddin Razi&#8217;nin yer verdi\u011fi aktarmada, bunlar\u0131n yan\u0131nda bir \u00fc\u00e7\u00fcnc\u00fc k\u00f6le daha var: Huvayt\u0131b&#8217;\u0131n k\u00f6lesi Addas. (Bkz. F.Razi, tefsir, 24\/50)<\/p>\n<p>G\u00f6r\u00fcl\u00fcyor ki, ister Yunanl\u0131, ister yemenli olsunlar, k\u00f6lelerin Muhammed&#8217;le ili\u015fkilerine bak\u0131\u015flar de\u011fi\u015fik a\u00e7\u0131lardan:<\/p>\n<p>M\u00fcsl\u00fcmanlar\u0131n bak\u0131\u015flar\u0131 ve savlar\u0131 ba\u015fka, &#8220;putatapar&#8221; dedikleri inanmazlar\u0131n bak\u0131\u015flar\u0131 ve savlar\u0131 ba\u015fka.<\/p>\n<p>M\u00fcsl\u00fcmanlardan kimine g\u00f6re: Muhammed&#8217;le k\u00f6leler aras\u0131nda bir &#8220;\u00f6\u011fretme ve \u00f6\u011frenme&#8221; ili\u015fkisi vard\u0131, ama \u00f6\u011freten Muhammed&#8217;di, \u00f6\u011frenenlerse k\u00f6leler. Inanmayanlara g\u00f6reyse bunun tam tersi ger\u00e7ekti. Yani, \u00f6\u011freten k\u00f6lelerdi. Muhammed&#8217;se \u00f6\u011freniyordu onlardan.<\/p>\n<p>M\u00fcsl\u00fcmanlardan kimine g\u00f6re de, aradaki ili\u015fki, &#8220;okuma ve dinlenme&#8221; ili\u015fkisini ge\u00e7miyordu. K\u00f6leler, kutsal kitaplar\u0131n\u0131 kendi dillerinde okuyorlar, &#8220;peygamber&#8221; de &#8220;dinliyordu&#8221; yaln\u0131zca.<\/p>\n<p>M\u00fcsl\u00fcmanlar\u0131n bu savlar\u0131 kar\u015f\u0131s\u0131nda \u015fu soru yan\u0131ts\u0131z kal\u0131yor:<\/p>\n<p>&#8220;Dillerini bilmiyordu&#8221;ysa, Muhammed&#8217;in bu k\u00f6leler aras\u0131ndaki s\u00fcrekli i\u015fi neydi? Ve kendi dilleriyle okuduklar\u0131n\u0131 Muhammed&#8217;in dinlemesinin ne yarar\u0131 oluyordu?<\/p>\n<p>K\u0131sacas\u0131, m\u00fcsl\u00fcmanlar\u0131n savlar\u0131, akla s\u0131\u011facak t\u00fcrden de\u011fil. Iman nereli?<\/p>\n<p>Muhammed&#8217;in kendisinden bir a\u00e7\u0131klamas\u0131 bu konuda olduk\u00e7a \u0131\u015f\u0131k tutucu:<\/p>\n<p>&#8220;Iman, Yemen&#8217;lidir.&#8221;<\/p>\n<p>Bu hadis, Buhari&#8217;nin &#8220;e&#8217;s-Sahih&#8221;inin de i\u00e7inde bulundu\u011fu en sa\u011flam kabul edilen hadis kitaplar\u0131nda yer alm\u0131\u015ft\u0131r. Hadis&#8217;e g\u00f6re, &#8220;hikmet (bilgi, bilgelik) de Yemen&#8217;lidir.&#8221; Dahas\u0131: &#8220;F\u0131k\u0131h da Yemen&#8217;lidir,&#8221; hadise g\u00f6re. (Bkz.Buhari, e&#8217;s-Sahih, Kitabu&#8217;l-Me\u011fazi\/74; Tecrid, hadis no:1362; M\u00fcslim, e&#8217;s-Sahih, Kitabu&#8217;l-Iman\/81-91, hadis no:51-52, ve \u00f6teki hadis kitaplar\u0131.)<\/p>\n<p>Bu hadis, incelemecilere g\u00f6re, sa\u011flaml\u0131\u011f\u0131n en y\u00fcksek basama\u011f\u0131nda olan &#8220;mutevat\u0131r hadis&#8221;ler aras\u0131ndad\u0131r, ve peygamberin arkada\u015flar\u0131ndan onbir ki\u015fi taraf\u0131ndan aktar\u0131lm\u0131\u015ft\u0131r. (Bkz.Ebu&#8217;l-Feyz Muhammed, Lukatu&#8217;l-Lai&#8217;l-M\u00fctenasire Fi Ahadisi&#8217;l-Mutevat\u0131re, Beyrut,1985, s.42-43,hadis no:10)<\/p>\n<p>Kimi yorumcu, buradaki &#8220;Yemen&#8221;i, birtak\u0131m zorlamal\u0131 yorumlarla, &#8220;Mekke ve Medine&#8221; olarak g\u00f6stermeye \u00e7abalar. (Bkz.Tecrid,1362 no.lu hadis,Kamil Miras&#8217;\u0131n izah\u0131.) Ne var ki, hadisin kimi aktar\u0131l\u0131\u015f\u0131nda &#8220;Yemenliler&#8221;den de a\u00e7\u0131k\u00e7a s\u00f6zedilir. Yani, buradaki Yemen, co\u011frafyada herkesin bildi\u011fi Yemen&#8217;dir.<\/p>\n<p>Demek ki, bu hadise g\u00f6re, &#8220;iman\u0131&#8221;yla, &#8220;hikmet&#8221;iyle ve &#8220;f\u0131kh&#8221;\u0131yla (buradaki &#8216;f\u0131kh&#8217;, s\u00f6zl\u00fck anlam\u0131nda olmal\u0131) Islam, yabanc\u0131 k\u00f6kenlidir, &#8220;Yemen&#8221;lidir.<\/p>\n<p>&#8220;Muhammed&#8217;e \u00f6\u011freten, Iranl\u0131 Selman&#8217;d\u0131r ya da..&#8221; (Selman Farisi).<\/p>\n<p>Kimileri de, Nahl Suresi&#8217;nin 103.ayetinde s\u00f6z\u00fc edilen yabanc\u0131n\u0131n, Iranl\u0131 Selman oldu\u011fu g\u00f6r\u00fc\u015f\u00fcnde.(Bkz. Taberi,ayn\u0131 yer.)<\/p>\n<p>Sonradan M\u00fcsl\u00fcman kimli\u011fiyle ortaya \u00e7\u0131kan ve m\u00fcsl\u00fcmanlar aras\u0131nda b\u00fcy\u00fck \u00fcn kazanan Selman&#8217;\u0131n, Muhammed&#8217;le son derece s\u0131k\u0131 bir ili\u015fki ve i\u015fbirli\u011fi i\u00e7inde bulundu\u011fu, herkes\u00e7e biliniyor. &#8220;M\u00fcsl\u00fcman&#8221; olmas\u0131, Selman&#8217;a \u00e7ok \u015fey sa\u011flam\u0131\u015ft\u0131r. En ba\u015fta, \u00f6zg\u00fcrl\u00fc\u011f\u00fc, yani, &#8220;k\u00f6lelikten kurtulma&#8221;y\u0131. Sonra da \u00fcn\u00fc, sayg\u0131nl\u0131\u011f\u0131 ve maddi, manevi \u00e7\u0131karlar\u0131..<\/p>\n<p>Ya da, s\u00f6z\u00fc edilen &#8220;yabanc\u0131&#8221;, \u00f6nc M\u00fcsl\u00fcman olup sonra Islam&#8217;\u0131 b\u0131rakan bir &#8220;vahiy katibi&#8221;dir. Bunu ileri s\u00fcrenler de var. (Bkz. Taberi, ayn\u0131 yer) &#8220;Vahiy katibi&#8221;nin ba\u015f\u0131na gelenler:<\/p>\n<p>Adam, \u00f6nce m\u00fcsl\u00fcman olmu\u015ftur. Selman gibi o da Muhammed&#8217;le i\u015fbirli\u011fi halindedir. Ama sonra ne olursa olur, b\u0131rak\u0131r Islam&#8217;\u0131. Ve bir de a\u00e7\u0131klama yapar:<\/p>\n<p>&#8220;Muhammed&#8217;e ben \u00f6\u011fretiyordum, ve benim \u00f6\u011frettiklerim Kur&#8217;an&#8217;a vahiy olarak yaz\u0131l\u0131yordu..&#8221;<\/p>\n<p>Sonra, adam ya \u00f6ld\u00fc, ya da \u00f6ld\u00fcr\u00fcld\u00fc. \u00d6l\u00fcs\u00fcne gelince, bir t\u00fcrl\u00fc g\u00f6m\u00fcld\u00fc\u011f\u00fc yerde kalm\u0131yordu. Muhammed&#8217;in adamlar\u0131 \u015funu yay\u0131yordu:<\/p>\n<p>&#8220;Bu olay, Tanr\u0131&#8217;n\u0131n gazab\u0131n\u0131n yans\u0131mas\u0131d\u0131r. Adam, Tanr\u0131&#8217;y\u0131 \u00e7ok \u00f6fkelendirdi. \u015eimdi durum ortada. G\u00f6m\u00fcl\u00fcyor, toprak da kabul etmiyor, edemiyor, Tanr\u0131&#8217;dan korkuyor. Onun i\u00e7in de kafiri, mezar\u0131n\u0131n d\u0131\u015f\u0131na f\u0131rlat\u0131yor. &#8216;\u0130bret almak&#8217; gerek..&#8221;<\/p>\n<p>Adam g\u00f6m\u00fcl\u00fcyordu, ama, birka\u00e7 g\u00fcn sonra, sabahleyin bak\u0131l\u0131yordu ki, adam mezar\u0131n d\u0131\u015f\u0131nda. Birka\u00e7 kez olmu\u015ftu bu.(\u00d6zellikle sabah cesedin mezar\u0131n\u0131n d\u0131\u015f\u0131nda bulunmas\u0131 \u015f\u00fcphe uyand\u0131r\u0131c\u0131d\u0131r. \u00c7\u00fcnk\u00fc Muhammed&#8217; in taraftarlar\u0131n\u0131n gece adam\u0131n mezar\u0131n\u0131 kaz\u0131p cesedi d\u0131\u015far\u0131 \u00e7\u0131karmalar\u0131 y\u00fcksek ihtimaldir. E\u011fer cesedi d\u0131\u015far\u0131 \u00e7\u0131kartan tanr\u0131 idi ve amac\u0131 ibret vermek idiyse bu i\u015fi neden gece yap\u0131yordu? Yoksa gece, birilerini gizlemek i\u00e7in iyi bir ortam m\u0131yd\u0131?)<\/p>\n<p>Muhammed&#8217;in arkada\u015flar\u0131ndan Enes (Malik O\u011flu), \u00e7ok sonra, \u015f\u00f6yle anlatacakt\u0131r olay\u0131:<\/p>\n<p>&#8220;Bir adam vard\u0131. Neccaro\u011fullar\u0131ndan..Hristiyan&#8217;d\u0131, M\u00fcsl\u00fcman olmu\u015ftu. Bakara ve Ali \u0130mran surelerini okumu\u015ftu. Peygambere de vahiy yaz\u0131yordu. Sonra, yeniden Hristiyan oldu ve ka\u00e7\u0131p Hristiyanlara kat\u0131ld\u0131. &#8216;Ben ne \u00f6\u011fretip kendisi i\u00e7in yazd\u0131msa, Muhammed yaln\u0131zca onu bilir, ba\u015fka bir \u015fey bilmez,&#8217; demeye ba\u015flad\u0131.&#8221; (Bkz.Buhari, e&#8217;s-Sahih, Kitabu&#8217;l Menak\u0131b\/25,c.4,s.181-182;Tecrid, hadis no:1477)<\/p>\n<p>Enes&#8217;in anlatt\u0131\u011f\u0131na g\u00f6re, Tanr\u0131 adama \u00f6fkelenmi\u015f, boynunu kopararak \u00f6ld\u00fcrm\u00fc\u015f. Hristiyanlar, g\u00f6mm\u00fc\u015flr adam\u0131. Ama sabah bakm\u0131\u015flar, \u00f6l\u00fcs\u00fc ortada. Ve kefensiz. Hristiyanlar, &#8220;Muhammed adamlar\u0131 kefenini soymu\u015f, kendisini de i\u015fte b\u00f6yle ortada b\u0131rakm\u0131\u015flar..&#8221; diye konu\u015fmu\u015flar. Adam\u0131 bir daha g\u00f6mm\u00fc\u015fler. Bu kez biraz daha derince. Ertesi g\u00fcn sabah yine ayn\u0131 durum. Sonra ayn\u0131 konu\u015fmalar. Sonra yeniden ve daha derine g\u00f6mme. Sonra ayn\u0131 durum ve ayn\u0131 yorumlar. Bir kez daha ve derince g\u00f6mme. Ayn\u0131 durum. Bakm\u0131\u015flar ki bu b\u00f6yle s\u00fcr\u00fcp gidecek, adam\u0131 g\u00f6mmekten vazge\u00e7mi\u015fler art\u0131k.<\/p>\n<p>Bu adam\u0131n s\u00f6yledi\u011fini s\u00f6ylemi\u015f, yani &#8220;ben ne diyorsam, ne yaz\u0131yorsam o vahiy oluyor..&#8221; demi\u015f, muhammed&#8217;in &#8220;Tanr\u0131&#8217;dan falan vahiy almad\u0131\u011f\u0131n\u0131&#8221; s\u00f6yleyerek, Islam&#8217;\u0131 b\u0131rakm\u0131\u015f birisi daha vard\u0131: Ebu Serh O\u011flu Sa&#8217;d O\u011flu Abdullah. Ama , onun ba\u015f\u0131na yukar\u0131daki olay gelmedi nedense..Muhammed taraf\u0131ndan idam\u0131na karar verilmi\u015fti. Ne var ki, Halife Osman&#8217;\u0131n s\u00fct karde\u015fiydi. Ve Osman&#8217;\u0131n araya girmesiyle, ba\u011f\u0131\u015fland\u0131. Sonra, M\u0131s\u0131r Valisi bile oldu. (\u00d6lm.656-657. Bkz. Islam Ansiklopedisi.)<\/p>\n<p>Ayetteki Cevap<\/p>\n<p>&#8220;Muhammed&#8217;e \u00f6\u011freten Tanr\u0131 de\u011fil, insand\u0131r..&#8221; diyenlere, ayette verilen cevap ne \u00f6l\u00e7\u00fcde doyurucu?<\/p>\n<p>Cevap, yukar\u0131da verilen ayetin anlam\u0131nda da g\u00f6r\u00fclece\u011fi gibi \u015f\u00f6yle:<\/p>\n<p>Muhammed&#8217;e \u00f6\u011fretti\u011fi s\u00f6ylenen ki\u015fi, Arab de\u011fildir, yabanc\u0131 biridir. Kur&#8217;an&#8217;sa apa\u00e7\u0131k Arap\u00e7a&#8217;d\u0131r. \u00d6yleyse, Muhammed&#8217;e s\u00f6z\u00fc edilen ki\u015fi \u00f6gretmi\u015f olamaz.<\/p>\n<p>Oysa, Arap\u00e7a&#8217;y\u0131 bilen yabanc\u0131 biri de Muhammed&#8217;e &#8220;eskilerin s\u00f6ylencesi&#8221;nden, &#8220;Tevrat&#8221;tan, &#8220;Incil&#8221;den, ba\u015fka &#8220;kutsal metin&#8221;lerden birtak\u0131m &#8220;bilgiler&#8221; verebilirdi. Ileri s\u00fcr\u00fclen de bu. Muhammed, ald\u0131\u011f\u0131 bilgileri, Arap\u00e7a kal\u0131plara d\u00f6k\u00fcp, kendi uslubu i\u00e7inde sunmu\u015f olamaz m\u0131yd\u0131? Kald\u0131 ki, &#8220;apa\u00e7\u0131k Arap\u00e7a&#8221; diye nitelenen Kur&#8217;an&#8217;da; Yunanca, S\u00fcryanca, Ibranca, Kopt\u00e7a.. gibi dillerden bir\u00e7ok s\u00f6zc\u00fck bulundu\u011funu, m\u00fcsl\u00fcman incelemeciler bile \u00f6rnekleriyle yaz\u0131yor. (Bkz. Suyuti, el Itkan Fi Ulumi&#8217;l-Kur&#8217;an, Arap\u00e7a, M\u0131s\u0131r, 1978, 1\/178-185)<\/p>\n<p>Kur&#8217;an&#8217;da bu denli de\u011fi\u015fik yabanc\u0131 s\u00f6zc\u00fcklerin bulunmas\u0131 da &#8220;Muhammed&#8217;e yabanc\u0131n\u0131n (ya da yabanc\u0131lar\u0131n) bilgi verdi\u011fi, \u00f6\u011fretti\u011fi&#8221; yolundaki sav\u0131 desteklemez mi?<\/p>\n<p>Muhammed&#8217;e bir yabanc\u0131n\u0131n ya da yabanc\u0131lar\u0131n yan\u0131nda, bir ya da birka\u00e7 Arap da \u00f6gretmi\u015f olabilir.<\/p>\n<p>\u0130slam i\u00e7in \u00e7ok \u00f6nemli bir kaynak, &#8220;M\u00fcseyime&#8221;dir.<\/p>\n<p>M\u00fcseylime, m\u00fcslimcik demektir. M\u00fcsl\u00fcmanlar, onu k\u00fc\u00e7\u00fcmsemek i\u00e7in b\u00f6yle demi\u015fler, ayr\u0131ca da &#8220;kezzab&#8221; yani &#8220;\u00e7ok yalanc\u0131&#8221; demeyi uygun g\u00f6rm\u00fc\u015flerdir. M\u00fcsl\u00fcmanlar\u0131n bir s\u00f6vg\u00fcs\u00fcd\u00fcr bu. Anla\u015f\u0131l\u0131yor ki, onun kendi ad\u0131 &#8220;M\u00fcslim&#8221;di. Bu ad\u0131 ta\u015f\u0131m\u0131\u015f olmas\u0131 \u00e7ok \u00f6nemlidir. &#8220;Islam&#8221; ve &#8220;m\u00fcslim&#8221; s\u00f6zc\u00fcklerinin kayna\u011f\u0131na g\u00f6t\u00fcr\u00fcr niteliktedir.<\/p>\n<p>M\u00fcsl\u00fcmanlarca s\u00f6v\u00fclen, a\u015fa\u011f\u0131lanan bu ki\u015fiye, &#8220;Rahman&#8221;, &#8220;Yemame Rahman\u0131 (Yemameli Rahman&#8221; da deniyordu. Yani adam asl\u0131nda b\u00f6yle \u00fcnl\u00fcyd\u00fc. Bu da \u00e7ok ilgin\u00e7.<\/p>\n<p>Bir ba\u015fka ilgin\u00e7 olan da, Mekke&#8217;lilerin, Muhammed&#8217;e s\u00f6yledikleri \u015fu s\u00f6zler:<\/p>\n<p>&#8220;Bize ula\u015fan bilgiye g\u00f6re, sana \u00f6\u011freten (Tanr\u0131 de\u011fil), Yemame&#8217;deki \u015fu adamd\u0131r. Rahman denen adam. Tanr\u0131&#8217;ya ant i\u00e7erek s\u00f6yleriz ki, biz Rahman&#8217;a inanmay\u0131z.&#8221; (Bkz. Ibn Ishak, Siyer, tahkik ve ta&#8217;lik: Muhammed Hamidullah, Arap\u00e7a, Konya, 1981, s.180, f\u0131kra: 254)<\/p>\n<p>Mekkeli&#8217;lerin bu s\u00f6yledikleri nedensiz miydi?<\/p>\n<p>M\u00fcseylime, daha do\u011frusu &#8220;M\u00fcslim&#8221;, bir ba\u015fka ad\u0131yla &#8220;Rahman&#8221;, Yemame&#8217;nin Hanifeo\u011fullar\u0131 kabilesindendi.<\/p>\n<p>Ilgi\u00e7 \u00fc\u00e7 ad: &#8220;M\u00fcslim&#8221;, &#8220;Hanife&#8221;, &#8220;Rahman&#8221;.Bu adlar, hele ilk ikisi bir araya gelince daha da ilgin\u00e7lik kazan\u0131yor: Kur&#8217;an&#8217;da islam inan\u0131rlar\u0131n\u0131n, &#8220;m\u00fcslim&#8221;lerin &#8220;ad babas\u0131&#8221; olarak tan\u0131t\u0131lan Ibrahim (bkz.Hacc,ayet:78) i\u00e7in hem &#8220;Hanif&#8221; hem de &#8220;M\u00fcslim&#8221; denir. (Bkz.Bakara:135; Ali Imran:67,95; Nisa:125; En&#8217;am:161; Nahl:120,123.) &#8220;Peygamber&#8221; olarak yer alan Ibrahim, k\u0131sa anlam\u0131 ile &#8220;y\u0131ld\u0131z tap\u0131m\u0131&#8221; demek olan Sabiilik Dini&#8217;nin &#8220;peygamberi&#8221;ydi. Islam kaynaklar\u0131ndan yapt\u0131\u011f\u0131m incelemelerden vard\u0131\u011f\u0131m sonu\u00e7 bu. Muhammed de ilk ortaya \u00e7\u0131kt\u0131\u011f\u0131nda Sabii olarak niteleniyordu. (Bkz.Buhari,e&#8217;s-Sahih,Kitabu&#8217;t Teyemm\u00fcm,\/6,c.1,s.89) Sabii&#8217;li\u011fin dili S\u00fcryanca&#8217;yd\u0131. &#8220;Allah&#8221;, &#8220;Kur&#8217;an&#8221;, &#8220;Furkan&#8221;, &#8220;kitab&#8221;, &#8220;melek&#8221; ve daha bir \u00e7ok s\u00f6zc\u00fck gibi &#8220;Islm&#8221;, &#8220;m\u00fcslim&#8221;, &#8220;hanif&#8221;, ve &#8220;Rahman&#8221; da bu dilden geliyordu. (Bkz.Aziz G\u00fcnel,T\u00fcrk S\u00fcryaniler Tarihi,Diyarbak\u0131r,1970,s.46-48;Suyuti el Itkan,1\/180-184;Do\u011fubilimci Arthur Jeffery,The Foreign Vocabulary of the Quran,Kahire,1938,s.12 ve \u00f6tk.) Yine benim incelemelerimden vard\u0131\u011f\u0131m sonuca g\u00f6re: Y\u0131ld\u0131z tap\u0131m\u0131, &#8220;Sabiilik&#8221; ad\u0131 alt\u0131nda, Yahudilik ve Hristiyanl\u0131k dinlerine de kaynakl\u0131k eden bir din olarak kurumla\u015f\u0131rken, \u00f6zellikle Ortado\u011fu&#8217;da &#8220;M\u00fcslimler&#8221;i ve &#8220;Hanifler&#8221;i i\u00e7ine al\u0131yordu. \u00d6nce, &#8220;M\u00fcslimler&#8221; vard\u0131, sonra &#8220;Hanifler&#8221; kolu meydana geldi. Ibrahim, bu kolun &#8220;peygamberi&#8221;ydi. I\u015fte, &#8220;Yemame Rahman\u0131&#8221; diye \u00fcnl\u00fc &#8220;M\u00fcslim (M\u00fcseylime)&#8221; ve ondan \u00e7ok \u015fey \u00f6\u011frendi\u011fi anla\u015f\u0131lan Muhammed de bu kola ba\u011fl\u0131yd\u0131. (Sabiilik konusunda geni\u015f bilgi i\u00e7in, bkz. Eren Kutsuz-Turan Dursun, &#8216;Sa\u00e7ak Dergisi&#8217;, Subat 1988, say\u0131 49.)<\/p>\n<p>Yemame Rahman\u0131, Muhammed&#8217;in yararland\u0131\u011f\u0131 kaynaklardan yaln\u0131zca biri olabilir.<\/p>\n<p>Yukar\u0131da ad\u0131 ge\u00e7enler ve daha ba\u015fkalar\u0131, tek tek de, t\u00fcm\u00fc birden de Muhammed&#8217;in &#8220;\u00f6\u011fretmenleri&#8221; olabilirler. Furkan sures&#8217;nin 4.ayetine g\u00f6re, Muhammed&#8217;in yard\u0131mc\u0131lar\u0131ndan, yani \u00f6\u011fretmenlerinden &#8220;kavm&#8221;, yani &#8220;topluluk&#8221; diye s\u00f6zedilmistir. Bu ve bunu izleyen iki ayetin anlam\u0131 \u015f\u00f6yle: (Diyanet&#8217;in resmi \u00e7evirisi)<\/p>\n<p>&#8220;\u0130nkar edenler, &#8216;Bu Kur&#8217;an, Muhammed&#8217;in uydurmas\u0131d\u0131r. Ona ba\u015fka bir topluluk yard\u0131m etmi\u015ftir.&#8217; Diyerek haks\u0131z ve as\u0131ls\u0131z bir s\u00f6z uydurdular. &#8216;Kur&#8217;an \u00f6ncekilerin masallar\u0131d\u0131r. Ba\u015fkalar\u0131na yazd\u0131r\u0131l\u0131p, sabah ak\u015fam onu okunmaktad\u0131r&#8217; dediler. Ey Muhammed, de ki: &#8216;O&#8217;nu g\u00f6klerin ve yerin s\u0131rr\u0131n\u0131 bilen indirmi\u015ftir. \u015e\u00fcphesiz O, ba\u011f\u0131\u015flayand\u0131r, merhamet edendir.&#8221; (Furkan, ayet:4-6)<\/p>\n<p>Buna g\u00f6re, Kur&#8217;an&#8217;\u0131n &#8220;uydurma&#8221; oldu\u011funu s\u00f6yleyenler, \u015funlar\u0131 da s\u00f6yl\u00fcyorlar:<\/p>\n<p>1)Muhammed&#8217;e bir topluluk yard\u0131mc\u0131 oluyor,<br \/>2)Muhammed, Kur&#8217;an ayetlerini, ba\u015fkalar\u0131ndan al\u0131p yazd\u0131r\u0131yor,<br \/>3)Muhammed&#8217;e sabah ak\u015fam okunuyor,<br \/>4)Ayetler, &#8220;eskilerin masallar\u0131ndan&#8221; olu\u015fuyor.<\/p>\n<p>Buna kar\u015f\u0131l\u0131k, Kur&#8217;an&#8217;\u0131n cevab\u0131 \u015fudur:<\/p>\n<p>&#8220;Yalan ve haks\u0131zca iddia. Kur&#8217;an&#8217;\u0131n ayetlerini Tanr\u0131 indirmi\u015ftir. O, g\u00f6klerin ve yerlerin gizini bilir..&#8221; Hars O\u011flu Nadr, Muhammed&#8217;in kendisini &#8220;Tanr\u0131&#8217;n\u0131n el\u00e7isi&#8221;, yani Tanr\u0131&#8217;yla insanlar aras\u0131nda yer alm\u0131\u015f, Tanr\u0131&#8217;n\u0131n bildirilerini insanlara iletme g\u00f6revini \u00fcstlenmi\u015f biri olarak tan\u0131tmaya y\u00f6neldi\u011finde, ve &#8220;Kur&#8217;an ayetlerini&#8221; sunmas\u0131 kar\u015f\u0131s\u0131nda Mekkelileri uyarma yoluna gitmi\u015fti. Ve \u015f\u00f6yle demi\u015fti:<\/p>\n<p>&#8220;Sak\u0131n inanmay\u0131n bu adama. &#8216;Tanr\u0131&#8217;dand\u0131r&#8217; diye ileri s\u00fcrd\u00fcklerinin t\u00fcm\u00fc, eski masallard\u0131r. Ben size, onunkilerden daha g\u00fczellerini s\u00f6yleyebilirim..&#8221; Iran krallar\u0131na, Iran&#8217;l\u0131 masal kahramanlar\u0131na ait s\u00f6ylencelerden \u00f6rnekler aktarabilece\u011fini s\u00f6yl\u00fcyor, anlat\u0131p duruyordu Nadr.(Bkz. Taberi, Camiu&#8217;l-Beyan,18\/137-138)<\/p>\n<p>Nadr, hakl\u0131 m\u0131yd\u0131? &#8220;Eskilerin masallar\u0131ndan&#8221; var m\u0131yd\u0131 Kur&#8217;an&#8217;da?<\/p>\n<p>Bilindi\u011fi gibi,Kur&#8217;an&#8217;da &#8220;k\u0131ssa&#8221; denen bir\u00e7ok \u00f6yk\u00fc var. Bir \u00e7o\u011fu; ba\u015fta Tevrat; Yahudi kaynaklar\u0131nda, kimileri Incil&#8217;lerde yer al\u0131r. Incelendi\u011finde g\u00f6r\u00fcl\u00fcr ki, bunlar\u0131n bir k\u0131sm\u0131, Tevrat&#8217;tan da \u00e7ok \u00f6nceki \u00e7a\u011flar\u0131n s\u00f6ylencelerinde aynen var. \u00d6rne\u011fin, &#8220;Nuh Tufan\u0131&#8221;na ili\u015fkin \u00f6yk\u00fc, &#8220;G\u0131lgam\u0131\u015f Destan\u0131&#8221;nda hemen hemen ayn\u0131d\u0131r. Daha ba\u015fka \u00f6rnekler de verilebilir.<\/p>\n<p>Mekke&#8217;de, Medine&#8217;de ve \u00e7evrelerinde \u00e7e\u015fitli din ve inan\u00e7lar\u0131n inan\u0131rlar\u0131 vard\u0131. \u00c7e\u015fitli toplumlar\u0131n &#8220;s\u00f6ylenceleri&#8221;ni, &#8220;kutsal metinler&#8221;ini bilenler az de\u011fildi. Muhammed&#8217;in \u00f6zg\u00fcrl\u00fcklerini s\u00f6z verdi\u011fi ve i\u015fbirli\u011fi yoluna gitti\u011fi k\u00f6lelerden de bu nitelikte olanlar bulundu\u011fu biliniyor. Daha \u00f6nce adlar\u0131na yer verilen Bel&#8217;am, Yai\u015f, Yessar, Addas, Cebr, Iran&#8217;l\u0131 Selman..da bunlardan.<\/p>\n<p>Bunlar\u0131n ya da ba\u015fkalar\u0131n\u0131n, Kur&#8217;an&#8217;\u0131n olu\u015fmas\u0131 i\u00e7in Muhammed&#8217;e yard\u0131m etmi\u015f, \u00f6\u011fretmenlik etmi\u015f olmalar\u0131n\u0131 d\u00fc\u015f\u00fcnmek akla uzak de\u011fil. Akl\u0131n ve mant\u0131\u011f\u0131n kabul edemeyece\u011fi \u015fey, &#8220;Tanr\u0131&#8217;n\u0131n, insanlara g\u00f6kten mesaj g\u00f6ndermesi&#8221; ve bunun i\u00e7in \u015fu ya da bu insan\u0131 arac\u0131 olarak se\u00e7mesidir. Bunu insan akl\u0131 de\u011fil, ancak, ak\u0131lla ilgisi olmayan &#8220;iman&#8221; kabul eder.<\/p>\n<p>Turan Dursun<\/p>\n","protected":false},"excerpt":{"rendered":"<p>Muhammed&#8217;in \u00d6\u011fretmenleri mi?Bel&#8217;am, Yai\u015f, Addas, Yessar, Cebr, \u0130ranl\u0131 Selman Konuya ili\u015fkin Kur&#8217;an ne diyor? Kur&#8217;an&#8217;daki &#8220;Tanr\u0131&#8221;, her zamanki gibi ant i\u00e7erek a\u00e7\u0131klama yap\u0131yor: &#8220;And olsun ki biz, onlar\u0131n:&#8217;O&#8217;na (Muhammed&#8217;e) bir insan \u00f6\u011fretiyor kesinlikle.&#8217; Dediklerini biliyoruz. Savlar\u0131n\u0131 dayand\u0131rd\u0131klar\u0131 kimsenin dili yabanc\u0131d\u0131r. Buysa (Kur&#8217;an), apa\u00e7\u0131k bir Arap\u00e7a&#8217;d\u0131r.&#8221;(Nahl, ayet:103) Bundan sonraki ayetlerde, &#8220;inanmayanlar&#8221; korkutuluyor, &#8220;yalanc\u0131, iftirac\u0131&#8221; olarak nitelendiriliyor [&hellip;]<\/p>\n","protected":false},"author":1,"featured_media":0,"comment_status":"open","ping_status":"open","sticky":false,"template":"","format":"standard","meta":{"footnotes":""},"categories":[54],"tags":[],"class_list":{"0":"post-399","1":"post","2":"type-post","3":"status-publish","4":"format-standard","6":"category-din"},"yoast_head":"<!-- This site is optimized with the Yoast SEO Premium plugin v24.9 (Yoast SEO v24.9) - https:\/\/yoast.com\/wordpress\/plugins\/seo\/ -->\n<title>Muhammed bildiklerini kimden \u00f6\u011frendi ? | Turan Dursun - narteks.net<\/title>\n<meta name=\"robots\" content=\"index, follow, max-snippet:-1, max-image-preview:large, max-video-preview:-1\" \/>\n<link rel=\"canonical\" href=\"https:\/\/narteks.net\/index.php\/2009\/03\/12\/muhammed-bildiklerini-kimden-ogrendi-turan-dursun\/\" \/>\n<meta property=\"og:locale\" content=\"tr_TR\" \/>\n<meta property=\"og:type\" content=\"article\" \/>\n<meta property=\"og:title\" content=\"Muhammed bildiklerini kimden \u00f6\u011frendi ? | Turan Dursun\" \/>\n<meta property=\"og:description\" content=\"Muhammed&#8217;in \u00d6\u011fretmenleri mi?Bel&#8217;am, Yai\u015f, Addas, Yessar, Cebr, \u0130ranl\u0131 Selman Konuya ili\u015fkin Kur&#8217;an ne diyor? Kur&#8217;an&#8217;daki &#8220;Tanr\u0131&#8221;, her zamanki gibi ant i\u00e7erek a\u00e7\u0131klama yap\u0131yor: &#8220;And olsun ki biz, onlar\u0131n:&#8217;O&#8217;na (Muhammed&#8217;e) bir insan \u00f6\u011fretiyor kesinlikle.&#8217; Dediklerini biliyoruz. Savlar\u0131n\u0131 dayand\u0131rd\u0131klar\u0131 kimsenin dili yabanc\u0131d\u0131r. Buysa (Kur&#8217;an), apa\u00e7\u0131k bir Arap\u00e7a&#8217;d\u0131r.&#8221;(Nahl, ayet:103) Bundan sonraki ayetlerde, &#8220;inanmayanlar&#8221; korkutuluyor, &#8220;yalanc\u0131, iftirac\u0131&#8221; olarak nitelendiriliyor [&hellip;]\" \/>\n<meta property=\"og:url\" content=\"https:\/\/narteks.net\/index.php\/2009\/03\/12\/muhammed-bildiklerini-kimden-ogrendi-turan-dursun\/\" \/>\n<meta property=\"og:site_name\" content=\"narteks.net\" \/>\n<meta property=\"article:published_time\" content=\"2009-03-11T22:14:55+00:00\" \/>\n<meta property=\"og:image\" content=\"https:\/\/narteks.net\/wp-content\/uploads\/narteks.png\" \/>\n\t<meta property=\"og:image:width\" content=\"300\" \/>\n\t<meta property=\"og:image:height\" content=\"90\" \/>\n\t<meta property=\"og:image:type\" content=\"image\/png\" \/>\n<meta name=\"author\" content=\"Tar\u0131k\" \/>\n<meta name=\"twitter:card\" content=\"summary_large_image\" \/>\n<meta name=\"twitter:creator\" content=\"@narteks\" \/>\n<meta name=\"twitter:site\" content=\"@narteks\" \/>\n<meta name=\"twitter:label1\" content=\"Yazan:\" \/>\n\t<meta name=\"twitter:data1\" content=\"Tar\u0131k\" \/>\n\t<meta name=\"twitter:label2\" content=\"Tahmini okuma s\u00fcresi\" \/>\n\t<meta name=\"twitter:data2\" content=\"12 dakika\" \/>\n<script type=\"application\/ld+json\" class=\"yoast-schema-graph\">{\"@context\":\"https:\/\/schema.org\",\"@graph\":[{\"@type\":\"Article\",\"@id\":\"https:\/\/narteks.net\/index.php\/2009\/03\/12\/muhammed-bildiklerini-kimden-ogrendi-turan-dursun\/#article\",\"isPartOf\":{\"@id\":\"https:\/\/narteks.net\/index.php\/2009\/03\/12\/muhammed-bildiklerini-kimden-ogrendi-turan-dursun\/\"},\"author\":{\"name\":\"Tar\u0131k\",\"@id\":\"https:\/\/narteks.net\/#\/schema\/person\/61f37d9834294b72d31d274e7ed79bca\"},\"headline\":\"Muhammed bildiklerini kimden \u00f6\u011frendi ? | Turan Dursun\",\"datePublished\":\"2009-03-11T22:14:55+00:00\",\"mainEntityOfPage\":{\"@id\":\"https:\/\/narteks.net\/index.php\/2009\/03\/12\/muhammed-bildiklerini-kimden-ogrendi-turan-dursun\/\"},\"wordCount\":2468,\"commentCount\":0,\"publisher\":{\"@id\":\"https:\/\/narteks.net\/#organization\"},\"articleSection\":[\"Din\"],\"inLanguage\":\"tr\",\"potentialAction\":[{\"@type\":\"CommentAction\",\"name\":\"Comment\",\"target\":[\"https:\/\/narteks.net\/index.php\/2009\/03\/12\/muhammed-bildiklerini-kimden-ogrendi-turan-dursun\/#respond\"]}]},{\"@type\":\"WebPage\",\"@id\":\"https:\/\/narteks.net\/index.php\/2009\/03\/12\/muhammed-bildiklerini-kimden-ogrendi-turan-dursun\/\",\"url\":\"https:\/\/narteks.net\/index.php\/2009\/03\/12\/muhammed-bildiklerini-kimden-ogrendi-turan-dursun\/\",\"name\":\"Muhammed bildiklerini kimden \u00f6\u011frendi ? | Turan Dursun - narteks.net\",\"isPartOf\":{\"@id\":\"https:\/\/narteks.net\/#website\"},\"datePublished\":\"2009-03-11T22:14:55+00:00\",\"breadcrumb\":{\"@id\":\"https:\/\/narteks.net\/index.php\/2009\/03\/12\/muhammed-bildiklerini-kimden-ogrendi-turan-dursun\/#breadcrumb\"},\"inLanguage\":\"tr\",\"potentialAction\":[{\"@type\":\"ReadAction\",\"target\":[\"https:\/\/narteks.net\/index.php\/2009\/03\/12\/muhammed-bildiklerini-kimden-ogrendi-turan-dursun\/\"]}]},{\"@type\":\"BreadcrumbList\",\"@id\":\"https:\/\/narteks.net\/index.php\/2009\/03\/12\/muhammed-bildiklerini-kimden-ogrendi-turan-dursun\/#breadcrumb\",\"itemListElement\":[{\"@type\":\"ListItem\",\"position\":1,\"name\":\"Anasayfa\",\"item\":\"https:\/\/narteks.net\/\"},{\"@type\":\"ListItem\",\"position\":2,\"name\":\"Muhammed bildiklerini kimden \u00f6\u011frendi ? | Turan Dursun\"}]},{\"@type\":\"WebSite\",\"@id\":\"https:\/\/narteks.net\/#website\",\"url\":\"https:\/\/narteks.net\/\",\"name\":\"narteks.net\",\"description\":\"K\u00fclt\u00fcr Sanat Edebiyat Felsefe\",\"publisher\":{\"@id\":\"https:\/\/narteks.net\/#organization\"},\"alternateName\":\"K\u00fclt\u00fcr Sanat Edebiyat Felsefe\",\"potentialAction\":[{\"@type\":\"SearchAction\",\"target\":{\"@type\":\"EntryPoint\",\"urlTemplate\":\"https:\/\/narteks.net\/?s={search_term_string}\"},\"query-input\":{\"@type\":\"PropertyValueSpecification\",\"valueRequired\":true,\"valueName\":\"search_term_string\"}}],\"inLanguage\":\"tr\"},{\"@type\":\"Organization\",\"@id\":\"https:\/\/narteks.net\/#organization\",\"name\":\"narteks.net\",\"url\":\"https:\/\/narteks.net\/\",\"logo\":{\"@type\":\"ImageObject\",\"inLanguage\":\"tr\",\"@id\":\"https:\/\/narteks.net\/#\/schema\/logo\/image\/\",\"url\":\"https:\/\/narteks.net\/wp-content\/uploads\/narteks.png\",\"contentUrl\":\"https:\/\/narteks.net\/wp-content\/uploads\/narteks.png\",\"width\":300,\"height\":90,\"caption\":\"narteks.net\"},\"image\":{\"@id\":\"https:\/\/narteks.net\/#\/schema\/logo\/image\/\"},\"sameAs\":[\"https:\/\/x.com\/narteks\",\"https:\/\/instagram.com\/narteksnet\"]},{\"@type\":\"Person\",\"@id\":\"https:\/\/narteks.net\/#\/schema\/person\/61f37d9834294b72d31d274e7ed79bca\",\"name\":\"Tar\u0131k\",\"image\":{\"@type\":\"ImageObject\",\"inLanguage\":\"tr\",\"@id\":\"https:\/\/narteks.net\/#\/schema\/person\/image\/\",\"url\":\"https:\/\/secure.gravatar.com\/avatar\/50865afb55632c4ae467e0af0930f6510aa2297d8014be502a55b14f3b7550cf?s=96&d=mm&r=g\",\"contentUrl\":\"https:\/\/secure.gravatar.com\/avatar\/50865afb55632c4ae467e0af0930f6510aa2297d8014be502a55b14f3b7550cf?s=96&d=mm&r=g\",\"caption\":\"Tar\u0131k\"},\"sameAs\":[\"http:\/\/narteks.net\"],\"url\":\"https:\/\/narteks.net\/index.php\/author\/narbak\/\"}]}<\/script>\n<!-- \/ Yoast SEO Premium plugin. -->","yoast_head_json":{"title":"Muhammed bildiklerini kimden \u00f6\u011frendi ? | Turan Dursun - narteks.net","robots":{"index":"index","follow":"follow","max-snippet":"max-snippet:-1","max-image-preview":"max-image-preview:large","max-video-preview":"max-video-preview:-1"},"canonical":"https:\/\/narteks.net\/index.php\/2009\/03\/12\/muhammed-bildiklerini-kimden-ogrendi-turan-dursun\/","og_locale":"tr_TR","og_type":"article","og_title":"Muhammed bildiklerini kimden \u00f6\u011frendi ? | Turan Dursun","og_description":"Muhammed&#8217;in \u00d6\u011fretmenleri mi?Bel&#8217;am, Yai\u015f, Addas, Yessar, Cebr, \u0130ranl\u0131 Selman Konuya ili\u015fkin Kur&#8217;an ne diyor? Kur&#8217;an&#8217;daki &#8220;Tanr\u0131&#8221;, her zamanki gibi ant i\u00e7erek a\u00e7\u0131klama yap\u0131yor: &#8220;And olsun ki biz, onlar\u0131n:&#8217;O&#8217;na (Muhammed&#8217;e) bir insan \u00f6\u011fretiyor kesinlikle.&#8217; Dediklerini biliyoruz. Savlar\u0131n\u0131 dayand\u0131rd\u0131klar\u0131 kimsenin dili yabanc\u0131d\u0131r. Buysa (Kur&#8217;an), apa\u00e7\u0131k bir Arap\u00e7a&#8217;d\u0131r.&#8221;(Nahl, ayet:103) Bundan sonraki ayetlerde, &#8220;inanmayanlar&#8221; korkutuluyor, &#8220;yalanc\u0131, iftirac\u0131&#8221; olarak nitelendiriliyor [&hellip;]","og_url":"https:\/\/narteks.net\/index.php\/2009\/03\/12\/muhammed-bildiklerini-kimden-ogrendi-turan-dursun\/","og_site_name":"narteks.net","article_published_time":"2009-03-11T22:14:55+00:00","og_image":[{"width":300,"height":90,"url":"https:\/\/narteks.net\/wp-content\/uploads\/narteks.png","type":"image\/png"}],"author":"Tar\u0131k","twitter_card":"summary_large_image","twitter_creator":"@narteks","twitter_site":"@narteks","twitter_misc":{"Yazan:":"Tar\u0131k","Tahmini okuma s\u00fcresi":"12 dakika"},"schema":{"@context":"https:\/\/schema.org","@graph":[{"@type":"Article","@id":"https:\/\/narteks.net\/index.php\/2009\/03\/12\/muhammed-bildiklerini-kimden-ogrendi-turan-dursun\/#article","isPartOf":{"@id":"https:\/\/narteks.net\/index.php\/2009\/03\/12\/muhammed-bildiklerini-kimden-ogrendi-turan-dursun\/"},"author":{"name":"Tar\u0131k","@id":"https:\/\/narteks.net\/#\/schema\/person\/61f37d9834294b72d31d274e7ed79bca"},"headline":"Muhammed bildiklerini kimden \u00f6\u011frendi ? | Turan Dursun","datePublished":"2009-03-11T22:14:55+00:00","mainEntityOfPage":{"@id":"https:\/\/narteks.net\/index.php\/2009\/03\/12\/muhammed-bildiklerini-kimden-ogrendi-turan-dursun\/"},"wordCount":2468,"commentCount":0,"publisher":{"@id":"https:\/\/narteks.net\/#organization"},"articleSection":["Din"],"inLanguage":"tr","potentialAction":[{"@type":"CommentAction","name":"Comment","target":["https:\/\/narteks.net\/index.php\/2009\/03\/12\/muhammed-bildiklerini-kimden-ogrendi-turan-dursun\/#respond"]}]},{"@type":"WebPage","@id":"https:\/\/narteks.net\/index.php\/2009\/03\/12\/muhammed-bildiklerini-kimden-ogrendi-turan-dursun\/","url":"https:\/\/narteks.net\/index.php\/2009\/03\/12\/muhammed-bildiklerini-kimden-ogrendi-turan-dursun\/","name":"Muhammed bildiklerini kimden \u00f6\u011frendi ? | Turan Dursun - narteks.net","isPartOf":{"@id":"https:\/\/narteks.net\/#website"},"datePublished":"2009-03-11T22:14:55+00:00","breadcrumb":{"@id":"https:\/\/narteks.net\/index.php\/2009\/03\/12\/muhammed-bildiklerini-kimden-ogrendi-turan-dursun\/#breadcrumb"},"inLanguage":"tr","potentialAction":[{"@type":"ReadAction","target":["https:\/\/narteks.net\/index.php\/2009\/03\/12\/muhammed-bildiklerini-kimden-ogrendi-turan-dursun\/"]}]},{"@type":"BreadcrumbList","@id":"https:\/\/narteks.net\/index.php\/2009\/03\/12\/muhammed-bildiklerini-kimden-ogrendi-turan-dursun\/#breadcrumb","itemListElement":[{"@type":"ListItem","position":1,"name":"Anasayfa","item":"https:\/\/narteks.net\/"},{"@type":"ListItem","position":2,"name":"Muhammed bildiklerini kimden \u00f6\u011frendi ? | Turan Dursun"}]},{"@type":"WebSite","@id":"https:\/\/narteks.net\/#website","url":"https:\/\/narteks.net\/","name":"narteks.net","description":"K\u00fclt\u00fcr Sanat Edebiyat Felsefe","publisher":{"@id":"https:\/\/narteks.net\/#organization"},"alternateName":"K\u00fclt\u00fcr Sanat Edebiyat Felsefe","potentialAction":[{"@type":"SearchAction","target":{"@type":"EntryPoint","urlTemplate":"https:\/\/narteks.net\/?s={search_term_string}"},"query-input":{"@type":"PropertyValueSpecification","valueRequired":true,"valueName":"search_term_string"}}],"inLanguage":"tr"},{"@type":"Organization","@id":"https:\/\/narteks.net\/#organization","name":"narteks.net","url":"https:\/\/narteks.net\/","logo":{"@type":"ImageObject","inLanguage":"tr","@id":"https:\/\/narteks.net\/#\/schema\/logo\/image\/","url":"https:\/\/narteks.net\/wp-content\/uploads\/narteks.png","contentUrl":"https:\/\/narteks.net\/wp-content\/uploads\/narteks.png","width":300,"height":90,"caption":"narteks.net"},"image":{"@id":"https:\/\/narteks.net\/#\/schema\/logo\/image\/"},"sameAs":["https:\/\/x.com\/narteks","https:\/\/instagram.com\/narteksnet"]},{"@type":"Person","@id":"https:\/\/narteks.net\/#\/schema\/person\/61f37d9834294b72d31d274e7ed79bca","name":"Tar\u0131k","image":{"@type":"ImageObject","inLanguage":"tr","@id":"https:\/\/narteks.net\/#\/schema\/person\/image\/","url":"https:\/\/secure.gravatar.com\/avatar\/50865afb55632c4ae467e0af0930f6510aa2297d8014be502a55b14f3b7550cf?s=96&d=mm&r=g","contentUrl":"https:\/\/secure.gravatar.com\/avatar\/50865afb55632c4ae467e0af0930f6510aa2297d8014be502a55b14f3b7550cf?s=96&d=mm&r=g","caption":"Tar\u0131k"},"sameAs":["http:\/\/narteks.net"],"url":"https:\/\/narteks.net\/index.php\/author\/narbak\/"}]}},"_links":{"self":[{"href":"https:\/\/narteks.net\/index.php\/wp-json\/wp\/v2\/posts\/399","targetHints":{"allow":["GET"]}}],"collection":[{"href":"https:\/\/narteks.net\/index.php\/wp-json\/wp\/v2\/posts"}],"about":[{"href":"https:\/\/narteks.net\/index.php\/wp-json\/wp\/v2\/types\/post"}],"author":[{"embeddable":true,"href":"https:\/\/narteks.net\/index.php\/wp-json\/wp\/v2\/users\/1"}],"replies":[{"embeddable":true,"href":"https:\/\/narteks.net\/index.php\/wp-json\/wp\/v2\/comments?post=399"}],"version-history":[{"count":0,"href":"https:\/\/narteks.net\/index.php\/wp-json\/wp\/v2\/posts\/399\/revisions"}],"wp:attachment":[{"href":"https:\/\/narteks.net\/index.php\/wp-json\/wp\/v2\/media?parent=399"}],"wp:term":[{"taxonomy":"category","embeddable":true,"href":"https:\/\/narteks.net\/index.php\/wp-json\/wp\/v2\/categories?post=399"},{"taxonomy":"post_tag","embeddable":true,"href":"https:\/\/narteks.net\/index.php\/wp-json\/wp\/v2\/tags?post=399"}],"curies":[{"name":"wp","href":"https:\/\/api.w.org\/{rel}","templated":true}]}}