{"id":3991,"date":"2010-01-14T12:07:37","date_gmt":"2010-01-14T09:07:37","guid":{"rendered":"http:\/\/localhost\/wordpress\/2010\/01\/14\/pencere-2\/"},"modified":"2010-01-14T12:07:37","modified_gmt":"2010-01-14T09:07:37","slug":"pencere-2","status":"publish","type":"post","link":"https:\/\/narteks.net\/index.php\/2010\/01\/14\/pencere-2\/","title":{"rendered":"PENCERE"},"content":{"rendered":"<p>\u00a0<\/p>\n<p>Bir pencere, bakmaya<br \/>Bir pencere, duymaya<br \/>Bir pencere, yery\u00fcz\u00fcn\u00fcn y\u00fcre\u011fine ula\u015fan t\u0131pk\u0131 bir kuyu gibi<br \/>Tekrarlanan mavi \u015fefkatin enginlerine a\u00e7\u0131lan.<br \/>Yaln\u0131zl\u0131\u011f\u0131n k\u00fc\u00e7\u00fcc\u00fck ellerini<br \/>C\u00f6mert y\u0131ld\u0131zlar\u0131n verdi\u011fi gece bah\u015fi\u015fi kokular\u0131yla<br \/>Dolduran bir pencere<br \/>Belki de konuk etmek i\u00e7in g\u00fcne\u015fi \u015famdan \u00e7i\u00e7eklerinin gurbetine<br \/>Bir pencere, yeter bana<\/p>\n<p>Oyuncak bebeklerin \u00fclkesinden geliyorum ben<br \/>Bir resimli kitap bah\u00e7esinde<br \/>K\u00e2\u011f\u0131t a\u011fa\u00e7lar\u0131n g\u00f6lgesi alt\u0131ndan<br \/>Toprak yollar\u0131nda ge\u00e7ip giden<br \/>Kurum mevsiminden, k\u0131s\u0131r a\u015fk ve dostluk deneylerinin<br \/>S\u0131ralar\u0131nda veremli okullar\u0131n<br \/>Alfabelerin soluk harflerinin b\u00fcy\u00fcd\u00fc\u011f\u00fc y\u0131llardan<br \/>Ve karatahtaya ta\u015f s\u00f6zc\u00fc\u011f\u00fcn\u00fc yazar yazmaz \u00e7ocuklar<br \/>Ulu a\u011fa\u00e7lardan s\u0131\u011f\u0131rc\u0131klar\u0131n \u00e7\u0131\u011fl\u0131k \u00e7\u0131\u011fl\u0131\u011fa kanat \u00e7\u0131rparak<br \/>U\u00e7up gittikleri<br \/>O andan<br \/>Etobur bitkilerin k\u00f6klerinden geliyorum ben<br \/>Ve h\u00e2l\u00e2 ba\u015f\u0131m<br \/>Dopdolu<br \/>Bir deftere toplu i\u011fnelerle<br \/>\u00c7ak\u0131lan<br \/>O kelebe\u011fin yabanc\u0131 sesiyle<\/p>\n<p>As\u0131l\u0131nca g\u00fcvenim adaletin koptu kopacak ipiyle<br \/>Ve b\u00fct\u00fcn kentte<br \/>Par\u0131ldayan \u0131\u015f\u0131klar\u0131m\u0131n y\u00fcre\u011fini par\u00e7a par\u00e7a edince onlar<br \/>Koyu renk mendiliyle yasan\u0131n, ba\u011flad\u0131klar\u0131nda<br \/>A\u015fk\u0131m\u0131n \u00e7ocuksu g\u00f6zlerini<br \/>Ve iste\u011fimin ac\u0131 \u015fakaklar\u0131ndan<br \/>F\u0131\u015fk\u0131rd\u0131\u011f\u0131nda kan<br \/>Ya\u015fam\u0131m art\u0131k<br \/>Hi\u00e7bir \u015fey olmad\u0131\u011f\u0131nda, hi\u00e7bir \u015fey olmad\u0131\u011f\u0131nda duvar saatinin<br \/> tiktaklar\u0131ndan ba\u015fka<br \/>Anlad\u0131m birden yolum yok yolum yok yolum yok<br \/>\u00c7\u0131lg\u0131nca sevmekten ba\u015fka<\/p>\n<p>Bir pencere yeter bana bir tek pencere<br \/>Bilince ve bak\u0131\u015fa ve suskunlu\u011fa<br \/>\u0130\u015fte \u00f6ylesine boy atm\u0131\u015f ki ceviz fidan\u0131<br \/>Anlatabilir art\u0131k gen\u00e7 yapraklar\u0131na t\u00fcm bir duvar\u0131<br \/>Ve sor aynadan<br \/>Ad\u0131n\u0131 kurtar\u0131c\u0131n\u0131n<br \/>Ve i\u015fte senden daha yaln\u0131z de\u011fil mi<br \/>Ayaklar\u0131n\u0131n alt\u0131nda titreyen yery\u00fcz\u00fc?<br \/>Y\u0131k\u0131nt\u0131 el\u00e7ili\u011fini, peygamberler<br \/>Kendileriyle birlikte getirmediler mi \u00e7a\u011f\u0131m\u0131za?<br \/>Ve yank\u0131lar\u0131 de\u011fil mi o kutsal metinlerin<br \/>Bu patlamalar art arda<br \/>Bu zehirli bulutlar?<br \/>Ey dost, ey karde\u015f, ey herkes!<br \/>Yaz\u0131n tarihini g\u00fcl soyk\u0131r\u0131m\u0131n\u0131n<br \/>Aya vard\u0131\u011f\u0131n\u0131zda!<\/p>\n<p>D\u00fc\u015fler<br \/>Ne kadar safsalar o y\u00fckseklikten d\u00fc\u015fer \u00f6l\u00fcrler<br \/>\u015eimdi d\u00f6rt yaprakl\u0131 bir yoncay\u0131 kokluyorum ben<br \/>Eski d\u00fc\u015f\u00fcncelerin g\u00f6m\u00fct\u00fcnde boy atm\u0131\u015f yonca<br \/>Ve soruyorum safl\u0131\u011f\u0131n ve bekleyi\u015fin kefeninde toprak olan o kad\u0131n<br \/> gen\u00e7li\u011fim miydi benim?<br \/>\u00c7\u0131kabilecek miyim yeniden o merak merdivenlerinden?<br \/>Merhaba diyebilecek miyim o iyi Tanr\u0131&#8217;ya \u00e7at\u0131larda dola\u015fan?<\/p>\n<p>Seziyorum zaman ge\u00e7ip gitti art\u0131k<br \/>Seziyorum an, tarihin yapraklar\u0131ndan benim pay\u0131ma d\u00fc\u015fendir<br \/>Seziyorum aldat\u0131c\u0131 bir aral\u0131kt\u0131r bu masa sa\u00e7lar\u0131mla o garip ve kederli<br \/>adam\u0131n elleri aras\u0131nda<\/p>\n<p>Bir \u015fey s\u00f6yle bana<br \/>Teninin t\u00fcm sevgisini sana ba\u011f\u0131\u015flayan insan<br \/>Ne istiyor diri kalma duygusundan ba\u015fka?<br \/>Bir \u015fey s\u00f6yle bana<br \/>K\u0131y\u0131s\u0131nday\u0131m pencerenin<br \/>Ve g\u00fcne\u015fle ba\u011flant\u0131da&#8230;<\/p>\n<p>Furu\u011f FERRUHZAD<\/p>\n<p>\u00c7eviri: Onat KUTLAR &#8211; Celal HOSROV\u015eAH\u0130<\/p>\n","protected":false},"excerpt":{"rendered":"<p>\u00a0 Bir pencere, bakmayaBir pencere, duymayaBir pencere, yery\u00fcz\u00fcn\u00fcn y\u00fcre\u011fine ula\u015fan t\u0131pk\u0131 bir kuyu gibiTekrarlanan mavi \u015fefkatin enginlerine a\u00e7\u0131lan.Yaln\u0131zl\u0131\u011f\u0131n k\u00fc\u00e7\u00fcc\u00fck elleriniC\u00f6mert y\u0131ld\u0131zlar\u0131n verdi\u011fi gece bah\u015fi\u015fi kokular\u0131ylaDolduran bir pencereBelki de konuk etmek i\u00e7in g\u00fcne\u015fi \u015famdan \u00e7i\u00e7eklerinin gurbetineBir pencere, yeter bana Oyuncak bebeklerin \u00fclkesinden geliyorum benBir resimli kitap bah\u00e7esindeK\u00e2\u011f\u0131t a\u011fa\u00e7lar\u0131n g\u00f6lgesi alt\u0131ndanToprak yollar\u0131nda ge\u00e7ip gidenKurum mevsiminden, k\u0131s\u0131r a\u015fk [&hellip;]<\/p>\n","protected":false},"author":1,"featured_media":0,"comment_status":"open","ping_status":"open","sticky":false,"template":"","format":"standard","meta":{"footnotes":""},"categories":[131],"tags":[],"class_list":{"0":"post-3991","1":"post","2":"type-post","3":"status-publish","4":"format-standard","6":"category-furug-ferruhzad"},"yoast_head":"<!-- This site is optimized with the Yoast SEO Premium plugin v24.9 (Yoast SEO v24.9) - https:\/\/yoast.com\/wordpress\/plugins\/seo\/ -->\n<title>PENCERE - narteks.net<\/title>\n<meta name=\"robots\" content=\"index, follow, max-snippet:-1, max-image-preview:large, max-video-preview:-1\" \/>\n<link rel=\"canonical\" href=\"https:\/\/narteks.net\/index.php\/2010\/01\/14\/pencere-2\/\" \/>\n<meta property=\"og:locale\" content=\"tr_TR\" \/>\n<meta property=\"og:type\" content=\"article\" \/>\n<meta property=\"og:title\" content=\"PENCERE\" \/>\n<meta property=\"og:description\" content=\"\u00a0 Bir pencere, bakmayaBir pencere, duymayaBir pencere, yery\u00fcz\u00fcn\u00fcn y\u00fcre\u011fine ula\u015fan t\u0131pk\u0131 bir kuyu gibiTekrarlanan mavi \u015fefkatin enginlerine a\u00e7\u0131lan.Yaln\u0131zl\u0131\u011f\u0131n k\u00fc\u00e7\u00fcc\u00fck elleriniC\u00f6mert y\u0131ld\u0131zlar\u0131n verdi\u011fi gece bah\u015fi\u015fi kokular\u0131ylaDolduran bir pencereBelki de konuk etmek i\u00e7in g\u00fcne\u015fi \u015famdan \u00e7i\u00e7eklerinin gurbetineBir pencere, yeter bana Oyuncak bebeklerin \u00fclkesinden geliyorum benBir resimli kitap bah\u00e7esindeK\u00e2\u011f\u0131t a\u011fa\u00e7lar\u0131n g\u00f6lgesi alt\u0131ndanToprak yollar\u0131nda ge\u00e7ip gidenKurum mevsiminden, k\u0131s\u0131r a\u015fk [&hellip;]\" \/>\n<meta property=\"og:url\" content=\"https:\/\/narteks.net\/index.php\/2010\/01\/14\/pencere-2\/\" \/>\n<meta property=\"og:site_name\" content=\"narteks.net\" \/>\n<meta property=\"article:published_time\" content=\"2010-01-14T09:07:37+00:00\" \/>\n<meta property=\"og:image\" content=\"https:\/\/narteks.net\/wp-content\/uploads\/narteks.png\" \/>\n\t<meta property=\"og:image:width\" content=\"300\" \/>\n\t<meta property=\"og:image:height\" content=\"90\" \/>\n\t<meta property=\"og:image:type\" content=\"image\/png\" \/>\n<meta name=\"author\" content=\"Tar\u0131k\" \/>\n<meta name=\"twitter:card\" content=\"summary_large_image\" \/>\n<meta name=\"twitter:creator\" content=\"@narteks\" \/>\n<meta name=\"twitter:site\" content=\"@narteks\" \/>\n<meta name=\"twitter:label1\" content=\"Yazan:\" \/>\n\t<meta name=\"twitter:data1\" content=\"Tar\u0131k\" \/>\n\t<meta name=\"twitter:label2\" content=\"Tahmini okuma s\u00fcresi\" \/>\n\t<meta name=\"twitter:data2\" content=\"2 dakika\" \/>\n<script type=\"application\/ld+json\" class=\"yoast-schema-graph\">{\"@context\":\"https:\/\/schema.org\",\"@graph\":[{\"@type\":\"Article\",\"@id\":\"https:\/\/narteks.net\/index.php\/2010\/01\/14\/pencere-2\/#article\",\"isPartOf\":{\"@id\":\"https:\/\/narteks.net\/index.php\/2010\/01\/14\/pencere-2\/\"},\"author\":{\"name\":\"Tar\u0131k\",\"@id\":\"https:\/\/narteks.net\/#\/schema\/person\/61f37d9834294b72d31d274e7ed79bca\"},\"headline\":\"PENCERE\",\"datePublished\":\"2010-01-14T09:07:37+00:00\",\"mainEntityOfPage\":{\"@id\":\"https:\/\/narteks.net\/index.php\/2010\/01\/14\/pencere-2\/\"},\"wordCount\":471,\"commentCount\":0,\"publisher\":{\"@id\":\"https:\/\/narteks.net\/#organization\"},\"articleSection\":[\"Furu\u011f FERRUHZAD\"],\"inLanguage\":\"tr\",\"potentialAction\":[{\"@type\":\"CommentAction\",\"name\":\"Comment\",\"target\":[\"https:\/\/narteks.net\/index.php\/2010\/01\/14\/pencere-2\/#respond\"]}]},{\"@type\":\"WebPage\",\"@id\":\"https:\/\/narteks.net\/index.php\/2010\/01\/14\/pencere-2\/\",\"url\":\"https:\/\/narteks.net\/index.php\/2010\/01\/14\/pencere-2\/\",\"name\":\"PENCERE - narteks.net\",\"isPartOf\":{\"@id\":\"https:\/\/narteks.net\/#website\"},\"datePublished\":\"2010-01-14T09:07:37+00:00\",\"breadcrumb\":{\"@id\":\"https:\/\/narteks.net\/index.php\/2010\/01\/14\/pencere-2\/#breadcrumb\"},\"inLanguage\":\"tr\",\"potentialAction\":[{\"@type\":\"ReadAction\",\"target\":[\"https:\/\/narteks.net\/index.php\/2010\/01\/14\/pencere-2\/\"]}]},{\"@type\":\"BreadcrumbList\",\"@id\":\"https:\/\/narteks.net\/index.php\/2010\/01\/14\/pencere-2\/#breadcrumb\",\"itemListElement\":[{\"@type\":\"ListItem\",\"position\":1,\"name\":\"Anasayfa\",\"item\":\"https:\/\/narteks.net\/\"},{\"@type\":\"ListItem\",\"position\":2,\"name\":\"PENCERE\"}]},{\"@type\":\"WebSite\",\"@id\":\"https:\/\/narteks.net\/#website\",\"url\":\"https:\/\/narteks.net\/\",\"name\":\"narteks.net\",\"description\":\"K\u00fclt\u00fcr Sanat Edebiyat Felsefe\",\"publisher\":{\"@id\":\"https:\/\/narteks.net\/#organization\"},\"alternateName\":\"K\u00fclt\u00fcr Sanat Edebiyat Felsefe\",\"potentialAction\":[{\"@type\":\"SearchAction\",\"target\":{\"@type\":\"EntryPoint\",\"urlTemplate\":\"https:\/\/narteks.net\/?s={search_term_string}\"},\"query-input\":{\"@type\":\"PropertyValueSpecification\",\"valueRequired\":true,\"valueName\":\"search_term_string\"}}],\"inLanguage\":\"tr\"},{\"@type\":\"Organization\",\"@id\":\"https:\/\/narteks.net\/#organization\",\"name\":\"narteks.net\",\"url\":\"https:\/\/narteks.net\/\",\"logo\":{\"@type\":\"ImageObject\",\"inLanguage\":\"tr\",\"@id\":\"https:\/\/narteks.net\/#\/schema\/logo\/image\/\",\"url\":\"https:\/\/narteks.net\/wp-content\/uploads\/narteks.png\",\"contentUrl\":\"https:\/\/narteks.net\/wp-content\/uploads\/narteks.png\",\"width\":300,\"height\":90,\"caption\":\"narteks.net\"},\"image\":{\"@id\":\"https:\/\/narteks.net\/#\/schema\/logo\/image\/\"},\"sameAs\":[\"https:\/\/x.com\/narteks\",\"https:\/\/instagram.com\/narteksnet\"]},{\"@type\":\"Person\",\"@id\":\"https:\/\/narteks.net\/#\/schema\/person\/61f37d9834294b72d31d274e7ed79bca\",\"name\":\"Tar\u0131k\",\"image\":{\"@type\":\"ImageObject\",\"inLanguage\":\"tr\",\"@id\":\"https:\/\/narteks.net\/#\/schema\/person\/image\/\",\"url\":\"https:\/\/secure.gravatar.com\/avatar\/50865afb55632c4ae467e0af0930f6510aa2297d8014be502a55b14f3b7550cf?s=96&d=mm&r=g\",\"contentUrl\":\"https:\/\/secure.gravatar.com\/avatar\/50865afb55632c4ae467e0af0930f6510aa2297d8014be502a55b14f3b7550cf?s=96&d=mm&r=g\",\"caption\":\"Tar\u0131k\"},\"sameAs\":[\"http:\/\/narteks.net\"],\"url\":\"https:\/\/narteks.net\/index.php\/author\/narbak\/\"}]}<\/script>\n<!-- \/ Yoast SEO Premium plugin. -->","yoast_head_json":{"title":"PENCERE - narteks.net","robots":{"index":"index","follow":"follow","max-snippet":"max-snippet:-1","max-image-preview":"max-image-preview:large","max-video-preview":"max-video-preview:-1"},"canonical":"https:\/\/narteks.net\/index.php\/2010\/01\/14\/pencere-2\/","og_locale":"tr_TR","og_type":"article","og_title":"PENCERE","og_description":"\u00a0 Bir pencere, bakmayaBir pencere, duymayaBir pencere, yery\u00fcz\u00fcn\u00fcn y\u00fcre\u011fine ula\u015fan t\u0131pk\u0131 bir kuyu gibiTekrarlanan mavi \u015fefkatin enginlerine a\u00e7\u0131lan.Yaln\u0131zl\u0131\u011f\u0131n k\u00fc\u00e7\u00fcc\u00fck elleriniC\u00f6mert y\u0131ld\u0131zlar\u0131n verdi\u011fi gece bah\u015fi\u015fi kokular\u0131ylaDolduran bir pencereBelki de konuk etmek i\u00e7in g\u00fcne\u015fi \u015famdan \u00e7i\u00e7eklerinin gurbetineBir pencere, yeter bana Oyuncak bebeklerin \u00fclkesinden geliyorum benBir resimli kitap bah\u00e7esindeK\u00e2\u011f\u0131t a\u011fa\u00e7lar\u0131n g\u00f6lgesi alt\u0131ndanToprak yollar\u0131nda ge\u00e7ip gidenKurum mevsiminden, k\u0131s\u0131r a\u015fk [&hellip;]","og_url":"https:\/\/narteks.net\/index.php\/2010\/01\/14\/pencere-2\/","og_site_name":"narteks.net","article_published_time":"2010-01-14T09:07:37+00:00","og_image":[{"width":300,"height":90,"url":"https:\/\/narteks.net\/wp-content\/uploads\/narteks.png","type":"image\/png"}],"author":"Tar\u0131k","twitter_card":"summary_large_image","twitter_creator":"@narteks","twitter_site":"@narteks","twitter_misc":{"Yazan:":"Tar\u0131k","Tahmini okuma s\u00fcresi":"2 dakika"},"schema":{"@context":"https:\/\/schema.org","@graph":[{"@type":"Article","@id":"https:\/\/narteks.net\/index.php\/2010\/01\/14\/pencere-2\/#article","isPartOf":{"@id":"https:\/\/narteks.net\/index.php\/2010\/01\/14\/pencere-2\/"},"author":{"name":"Tar\u0131k","@id":"https:\/\/narteks.net\/#\/schema\/person\/61f37d9834294b72d31d274e7ed79bca"},"headline":"PENCERE","datePublished":"2010-01-14T09:07:37+00:00","mainEntityOfPage":{"@id":"https:\/\/narteks.net\/index.php\/2010\/01\/14\/pencere-2\/"},"wordCount":471,"commentCount":0,"publisher":{"@id":"https:\/\/narteks.net\/#organization"},"articleSection":["Furu\u011f FERRUHZAD"],"inLanguage":"tr","potentialAction":[{"@type":"CommentAction","name":"Comment","target":["https:\/\/narteks.net\/index.php\/2010\/01\/14\/pencere-2\/#respond"]}]},{"@type":"WebPage","@id":"https:\/\/narteks.net\/index.php\/2010\/01\/14\/pencere-2\/","url":"https:\/\/narteks.net\/index.php\/2010\/01\/14\/pencere-2\/","name":"PENCERE - narteks.net","isPartOf":{"@id":"https:\/\/narteks.net\/#website"},"datePublished":"2010-01-14T09:07:37+00:00","breadcrumb":{"@id":"https:\/\/narteks.net\/index.php\/2010\/01\/14\/pencere-2\/#breadcrumb"},"inLanguage":"tr","potentialAction":[{"@type":"ReadAction","target":["https:\/\/narteks.net\/index.php\/2010\/01\/14\/pencere-2\/"]}]},{"@type":"BreadcrumbList","@id":"https:\/\/narteks.net\/index.php\/2010\/01\/14\/pencere-2\/#breadcrumb","itemListElement":[{"@type":"ListItem","position":1,"name":"Anasayfa","item":"https:\/\/narteks.net\/"},{"@type":"ListItem","position":2,"name":"PENCERE"}]},{"@type":"WebSite","@id":"https:\/\/narteks.net\/#website","url":"https:\/\/narteks.net\/","name":"narteks.net","description":"K\u00fclt\u00fcr Sanat Edebiyat Felsefe","publisher":{"@id":"https:\/\/narteks.net\/#organization"},"alternateName":"K\u00fclt\u00fcr Sanat Edebiyat Felsefe","potentialAction":[{"@type":"SearchAction","target":{"@type":"EntryPoint","urlTemplate":"https:\/\/narteks.net\/?s={search_term_string}"},"query-input":{"@type":"PropertyValueSpecification","valueRequired":true,"valueName":"search_term_string"}}],"inLanguage":"tr"},{"@type":"Organization","@id":"https:\/\/narteks.net\/#organization","name":"narteks.net","url":"https:\/\/narteks.net\/","logo":{"@type":"ImageObject","inLanguage":"tr","@id":"https:\/\/narteks.net\/#\/schema\/logo\/image\/","url":"https:\/\/narteks.net\/wp-content\/uploads\/narteks.png","contentUrl":"https:\/\/narteks.net\/wp-content\/uploads\/narteks.png","width":300,"height":90,"caption":"narteks.net"},"image":{"@id":"https:\/\/narteks.net\/#\/schema\/logo\/image\/"},"sameAs":["https:\/\/x.com\/narteks","https:\/\/instagram.com\/narteksnet"]},{"@type":"Person","@id":"https:\/\/narteks.net\/#\/schema\/person\/61f37d9834294b72d31d274e7ed79bca","name":"Tar\u0131k","image":{"@type":"ImageObject","inLanguage":"tr","@id":"https:\/\/narteks.net\/#\/schema\/person\/image\/","url":"https:\/\/secure.gravatar.com\/avatar\/50865afb55632c4ae467e0af0930f6510aa2297d8014be502a55b14f3b7550cf?s=96&d=mm&r=g","contentUrl":"https:\/\/secure.gravatar.com\/avatar\/50865afb55632c4ae467e0af0930f6510aa2297d8014be502a55b14f3b7550cf?s=96&d=mm&r=g","caption":"Tar\u0131k"},"sameAs":["http:\/\/narteks.net"],"url":"https:\/\/narteks.net\/index.php\/author\/narbak\/"}]}},"_links":{"self":[{"href":"https:\/\/narteks.net\/index.php\/wp-json\/wp\/v2\/posts\/3991","targetHints":{"allow":["GET"]}}],"collection":[{"href":"https:\/\/narteks.net\/index.php\/wp-json\/wp\/v2\/posts"}],"about":[{"href":"https:\/\/narteks.net\/index.php\/wp-json\/wp\/v2\/types\/post"}],"author":[{"embeddable":true,"href":"https:\/\/narteks.net\/index.php\/wp-json\/wp\/v2\/users\/1"}],"replies":[{"embeddable":true,"href":"https:\/\/narteks.net\/index.php\/wp-json\/wp\/v2\/comments?post=3991"}],"version-history":[{"count":0,"href":"https:\/\/narteks.net\/index.php\/wp-json\/wp\/v2\/posts\/3991\/revisions"}],"wp:attachment":[{"href":"https:\/\/narteks.net\/index.php\/wp-json\/wp\/v2\/media?parent=3991"}],"wp:term":[{"taxonomy":"category","embeddable":true,"href":"https:\/\/narteks.net\/index.php\/wp-json\/wp\/v2\/categories?post=3991"},{"taxonomy":"post_tag","embeddable":true,"href":"https:\/\/narteks.net\/index.php\/wp-json\/wp\/v2\/tags?post=3991"}],"curies":[{"name":"wp","href":"https:\/\/api.w.org\/{rel}","templated":true}]}}