{"id":3996,"date":"2010-01-14T12:11:17","date_gmt":"2010-01-14T09:11:17","guid":{"rendered":"http:\/\/localhost\/wordpress\/2010\/01\/14\/yesil-dus\/"},"modified":"2010-01-14T12:11:17","modified_gmt":"2010-01-14T09:11:17","slug":"yesil-dus","status":"publish","type":"post","link":"https:\/\/narteks.net\/index.php\/2010\/01\/14\/yesil-dus\/","title":{"rendered":"YE\u015e\u0130L D\u00dc\u015e"},"content":{"rendered":"<p>\u00a0<\/p>\n<p>B\u00fct\u00fcn g\u00fcn a\u011flad\u0131m aynada<br \/>Penceremi a\u011fa\u00e7lar\u0131n ye\u015fil d\u00fc\u015f\u00fcne<br \/>A\u00e7m\u0131\u015ft\u0131 bahar<br \/>G\u00f6vdem s\u0131\u011fm\u0131yordu yaln\u0131zl\u0131\u011f\u0131n kozas\u0131na ve<br \/>Kokusu k\u00e2\u011f\u0131tlardan \u00f6r\u00fclm\u00fc\u015f tac\u0131m\u0131n<br \/>Kaplam\u0131\u015ft\u0131 g\u00f6ky\u00fcz\u00fcn\u00fc ba\u015ftan ba\u015fa<br \/>O g\u00fcne\u015fsiz \u00fclkenin<\/p>\n<p>Yapam\u0131yordum art\u0131k yapam\u0131yordum<br \/>Soka\u011f\u0131n sesi bast\u0131r\u0131yordu birden ve ku\u015flar\u0131n sesi<br \/>Kaybolu\u015funun sesi paltoluk \u00e7ocuk kuma\u015f\u0131 toplar\u0131n\u0131n<br \/>\u015eamatas\u0131 \u00e7ocuklar\u0131n<br \/>\u0130plerin ucunda y\u00fckselen<br \/>U\u00e7urtmalar\u0131n dans\u0131<br \/>Sabun k\u00f6p\u00fckleri gibi<br \/>Ve r\u00fczg\u00e2r<br \/>Sevi\u015fmenin en derin ve karanl\u0131k an\u0131nda esmeye ba\u015flayan r\u00fczg\u00e2r<br \/>Zorluyordu<br \/>Surlar\u0131n\u0131 g\u00fcvenimin sessiz kalesinin<br \/>Kendi ad\u0131yla \u00e7a\u011f\u0131r\u0131yordu y\u00fcre\u011fimi \u00e7ok eski \u00e7atlaklardan s\u0131zarak<\/p>\n<p>B\u00fct\u00fcn g\u00fcn g\u00f6zlerimi diktim<br \/>G\u00f6zlerine ya\u015fam\u0131n<br \/>O korkak ve kayg\u0131l\u0131 g\u00f6zlere<br \/>Bak\u0131\u015f\u0131mdan ka\u00e7an<br \/>Ve yalanc\u0131lar gibi gizleniveren<br \/>G\u00f6zkapaklar\u0131n\u0131n tehlikesiz s\u0131\u011f\u0131na\u011f\u0131na<\/p>\n<p>Hangi tepe hangi doruk?<br \/>T\u00fcm\u00fc dolamba\u00e7l\u0131 yollar\u0131n<br \/>Bir kavu\u015fma noktas\u0131 ve son<br \/>Bulmuyorlar m\u0131 o so\u011fuk ve yok edici a\u011f\u0131zda?<br \/>Ve ne derdiniz bana ey yal\u0131n ve aldat\u0131c\u0131 s\u00f6zc\u00fckler?<br \/>Ne verdiniz tenin ve iste\u011fin ka\u00e7\u0131\u015f\u0131ndan ba\u015fka?<br \/>Daha da yalanc\u0131 olmaz m\u0131yd\u0131<br \/>Ba\u015f\u0131ma koydu\u011fum ve kokular sa\u00e7an<br \/>K\u00e2\u011f\u0131ttan yap\u0131lm\u0131\u015f ta\u00e7tan daha yalanc\u0131<br \/>Sa\u00e7lar\u0131ma ili\u015ftirdi\u011fim bir \u00e7i\u00e7ek?<\/p>\n<p>Nas\u0131l da tutuldum \u00e7\u00f6l\u00fcn ruhuna<br \/>Ve uzakla\u015ft\u0131rd\u0131 beni ay\u0131n b\u00fcy\u00fcs\u00fc s\u00fcr\u00fcn\u00fcn inan\u00e7lar\u0131ndan<br \/>Nas\u0131l b\u00fcy\u00fcd\u00fc y\u00fcre\u011fimin yar\u0131m kalm\u0131\u015fl\u0131\u011f\u0131<br \/>Tamamlayamad\u0131 bir t\u00fcrl\u00fc hi\u00e7 olan yar\u0131m \u00f6b\u00fcr yar\u0131m\u0131<br \/>Durdum nas\u0131l ve g\u00f6rd\u00fcm kay\u0131yor<br \/>Ayaklar\u0131m\u0131n alt\u0131ndaki toprak<br \/>Ve ge\u00e7miyor tenimin bombo\u015f bekleyi\u015fine<br \/>S\u0131cakl\u0131\u011f\u0131 tenimin<\/p>\n<p>Hangi tepe hangi doruk?<br \/>Koruyun beni ey kayg\u0131l\u0131 \u0131\u015f\u0131klar<br \/>Ayd\u0131nl\u0131k evler<br \/>\u00c7ama\u015f\u0131rlar\u0131n \u0131t\u0131rl\u0131 t\u00fcts\u00fclerle g\u00fcne\u015fli \u00e7at\u0131lar\u0131nda sal\u0131nd\u0131\u011f\u0131<br \/>Koruyun beni ey olgun ve saf kad\u0131nlar<br \/>Parmaklar\u0131 \u00e7ocu\u011fun zevkten \u00e7\u0131ld\u0131rt\u0131c\u0131 k\u0131p\u0131rt\u0131lar\u0131n\u0131 izleyen tenleri \u00fcst\u00fcnde<br \/>G\u00f6\u011f\u00fcslerinden s\u00fct kokusuyla kar\u0131\u015f\u0131k taze esintiler gelen<\/p>\n<p>Hangi tepe hangi doruk?<br \/>Beni koruyun ey ate\u015f dolu ocaklar, u\u011fur boncuklar\u0131<br \/>Karanl\u0131k mutfaklardaki t\u00fcrk\u00fcs\u00fc bak\u0131r kaplar\u0131n<br \/>Y\u00fcre\u011fi biraz s\u0131kk\u0131n m\u0131r\u0131lt\u0131s\u0131 diki\u015f makinalar\u0131n\u0131n<br \/>Kavgas\u0131 s\u00fcr\u00fcp giden s\u00fcp\u00fcrgelerle hal\u0131lar\u0131n<br \/>Koruyun beni ey tutkulu a\u015fklar<br \/>Yata\u011f\u0131m\u0131z\u0131 \u00fcremenin ac\u0131 iste\u011fi<br \/>Cad\u0131 sular\u0131 ve kan damlalar\u0131yla donat\u0131yor<\/p>\n<p>B\u00fct\u00fcn bir g\u00fcn boyu b\u00fct\u00fcn bir g\u00fcn<br \/>Terk edilmi\u015f terk edilmi\u015f bir ceset gibi su y\u00fcz\u00fcnde<br \/>\u0130lerledim \u00fcrk\u00fct\u00fcc\u00fc kayal\u0131klara<br \/>En derin deniz ma\u011faralar\u0131na ve<br \/>En etobur bal\u0131klara<br \/>Durmadan gerildi s\u0131rt\u0131m\u0131n incecik omurgas\u0131<br \/>Bir \u00f6l\u00fcm duygusuyla<\/p>\n<p>Yapam\u0131yordum art\u0131k yapam\u0131yordum<br \/>Yads\u0131yarak y\u00fckseliyordu yoldan ayak seslerim<br \/>Daha b\u00fcy\u00fckt\u00fc umutsuzlu\u011fum sab\u0131rdan<br \/>Ve ge\u00e7iyordu bahar o yemye\u015fil d\u00fc\u015f<br \/>Penceremden<br \/>Sesleniyordu y\u00fcre\u011fime:<br \/>&#8220;Bak<br \/>Hi\u00e7bir zaman ilerlemedin<br \/>Batt\u0131n sen!&#8221;<\/p>\n<p>Furu\u011f FERRUHZAD<\/p>\n<p>\u00c7eviri: Onat KUTLAR &#8211; Celal HOSROV\u015eAH\u0130<\/p>\n","protected":false},"excerpt":{"rendered":"<p>\u00a0 B\u00fct\u00fcn g\u00fcn a\u011flad\u0131m aynadaPenceremi a\u011fa\u00e7lar\u0131n ye\u015fil d\u00fc\u015f\u00fcneA\u00e7m\u0131\u015ft\u0131 baharG\u00f6vdem s\u0131\u011fm\u0131yordu yaln\u0131zl\u0131\u011f\u0131n kozas\u0131na veKokusu k\u00e2\u011f\u0131tlardan \u00f6r\u00fclm\u00fc\u015f tac\u0131m\u0131nKaplam\u0131\u015ft\u0131 g\u00f6ky\u00fcz\u00fcn\u00fc ba\u015ftan ba\u015faO g\u00fcne\u015fsiz \u00fclkenin Yapam\u0131yordum art\u0131k yapam\u0131yordumSoka\u011f\u0131n sesi bast\u0131r\u0131yordu birden ve ku\u015flar\u0131n sesiKaybolu\u015funun sesi paltoluk \u00e7ocuk kuma\u015f\u0131 toplar\u0131n\u0131n\u015eamatas\u0131 \u00e7ocuklar\u0131n\u0130plerin ucunda y\u00fckselenU\u00e7urtmalar\u0131n dans\u0131Sabun k\u00f6p\u00fckleri gibiVe r\u00fczg\u00e2rSevi\u015fmenin en derin ve karanl\u0131k an\u0131nda esmeye ba\u015flayan r\u00fczg\u00e2rZorluyorduSurlar\u0131n\u0131 g\u00fcvenimin sessiz kalesininKendi ad\u0131yla \u00e7a\u011f\u0131r\u0131yordu [&hellip;]<\/p>\n","protected":false},"author":1,"featured_media":0,"comment_status":"open","ping_status":"open","sticky":false,"template":"","format":"standard","meta":{"footnotes":""},"categories":[131],"tags":[],"class_list":{"0":"post-3996","1":"post","2":"type-post","3":"status-publish","4":"format-standard","6":"category-furug-ferruhzad"},"yoast_head":"<!-- This site is optimized with the Yoast SEO Premium plugin v24.9 (Yoast SEO v24.9) - https:\/\/yoast.com\/wordpress\/plugins\/seo\/ -->\n<title>YE\u015e\u0130L D\u00dc\u015e - narteks.net<\/title>\n<meta name=\"robots\" content=\"index, follow, max-snippet:-1, max-image-preview:large, max-video-preview:-1\" \/>\n<link rel=\"canonical\" href=\"https:\/\/narteks.net\/index.php\/2010\/01\/14\/yesil-dus\/\" \/>\n<meta property=\"og:locale\" content=\"tr_TR\" \/>\n<meta property=\"og:type\" content=\"article\" \/>\n<meta property=\"og:title\" content=\"YE\u015e\u0130L D\u00dc\u015e\" \/>\n<meta property=\"og:description\" content=\"\u00a0 B\u00fct\u00fcn g\u00fcn a\u011flad\u0131m aynadaPenceremi a\u011fa\u00e7lar\u0131n ye\u015fil d\u00fc\u015f\u00fcneA\u00e7m\u0131\u015ft\u0131 baharG\u00f6vdem s\u0131\u011fm\u0131yordu yaln\u0131zl\u0131\u011f\u0131n kozas\u0131na veKokusu k\u00e2\u011f\u0131tlardan \u00f6r\u00fclm\u00fc\u015f tac\u0131m\u0131nKaplam\u0131\u015ft\u0131 g\u00f6ky\u00fcz\u00fcn\u00fc ba\u015ftan ba\u015faO g\u00fcne\u015fsiz \u00fclkenin Yapam\u0131yordum art\u0131k yapam\u0131yordumSoka\u011f\u0131n sesi bast\u0131r\u0131yordu birden ve ku\u015flar\u0131n sesiKaybolu\u015funun sesi paltoluk \u00e7ocuk kuma\u015f\u0131 toplar\u0131n\u0131n\u015eamatas\u0131 \u00e7ocuklar\u0131n\u0130plerin ucunda y\u00fckselenU\u00e7urtmalar\u0131n dans\u0131Sabun k\u00f6p\u00fckleri gibiVe r\u00fczg\u00e2rSevi\u015fmenin en derin ve karanl\u0131k an\u0131nda esmeye ba\u015flayan r\u00fczg\u00e2rZorluyorduSurlar\u0131n\u0131 g\u00fcvenimin sessiz kalesininKendi ad\u0131yla \u00e7a\u011f\u0131r\u0131yordu [&hellip;]\" \/>\n<meta property=\"og:url\" content=\"https:\/\/narteks.net\/index.php\/2010\/01\/14\/yesil-dus\/\" \/>\n<meta property=\"og:site_name\" content=\"narteks.net\" \/>\n<meta property=\"article:published_time\" content=\"2010-01-14T09:11:17+00:00\" \/>\n<meta property=\"og:image\" content=\"https:\/\/narteks.net\/wp-content\/uploads\/narteks.png\" \/>\n\t<meta property=\"og:image:width\" content=\"300\" \/>\n\t<meta property=\"og:image:height\" content=\"90\" \/>\n\t<meta property=\"og:image:type\" content=\"image\/png\" \/>\n<meta name=\"author\" content=\"Tar\u0131k\" \/>\n<meta name=\"twitter:card\" content=\"summary_large_image\" \/>\n<meta name=\"twitter:creator\" content=\"@narteks\" \/>\n<meta name=\"twitter:site\" content=\"@narteks\" \/>\n<meta name=\"twitter:label1\" content=\"Yazan:\" \/>\n\t<meta name=\"twitter:data1\" content=\"Tar\u0131k\" \/>\n\t<meta name=\"twitter:label2\" content=\"Tahmini okuma s\u00fcresi\" \/>\n\t<meta name=\"twitter:data2\" content=\"3 dakika\" \/>\n<script type=\"application\/ld+json\" class=\"yoast-schema-graph\">{\"@context\":\"https:\/\/schema.org\",\"@graph\":[{\"@type\":\"Article\",\"@id\":\"https:\/\/narteks.net\/index.php\/2010\/01\/14\/yesil-dus\/#article\",\"isPartOf\":{\"@id\":\"https:\/\/narteks.net\/index.php\/2010\/01\/14\/yesil-dus\/\"},\"author\":{\"name\":\"Tar\u0131k\",\"@id\":\"https:\/\/narteks.net\/#\/schema\/person\/61f37d9834294b72d31d274e7ed79bca\"},\"headline\":\"YE\u015e\u0130L D\u00dc\u015e\",\"datePublished\":\"2010-01-14T09:11:17+00:00\",\"mainEntityOfPage\":{\"@id\":\"https:\/\/narteks.net\/index.php\/2010\/01\/14\/yesil-dus\/\"},\"wordCount\":525,\"commentCount\":0,\"publisher\":{\"@id\":\"https:\/\/narteks.net\/#organization\"},\"articleSection\":[\"Furu\u011f FERRUHZAD\"],\"inLanguage\":\"tr\",\"potentialAction\":[{\"@type\":\"CommentAction\",\"name\":\"Comment\",\"target\":[\"https:\/\/narteks.net\/index.php\/2010\/01\/14\/yesil-dus\/#respond\"]}]},{\"@type\":\"WebPage\",\"@id\":\"https:\/\/narteks.net\/index.php\/2010\/01\/14\/yesil-dus\/\",\"url\":\"https:\/\/narteks.net\/index.php\/2010\/01\/14\/yesil-dus\/\",\"name\":\"YE\u015e\u0130L D\u00dc\u015e - narteks.net\",\"isPartOf\":{\"@id\":\"https:\/\/narteks.net\/#website\"},\"datePublished\":\"2010-01-14T09:11:17+00:00\",\"breadcrumb\":{\"@id\":\"https:\/\/narteks.net\/index.php\/2010\/01\/14\/yesil-dus\/#breadcrumb\"},\"inLanguage\":\"tr\",\"potentialAction\":[{\"@type\":\"ReadAction\",\"target\":[\"https:\/\/narteks.net\/index.php\/2010\/01\/14\/yesil-dus\/\"]}]},{\"@type\":\"BreadcrumbList\",\"@id\":\"https:\/\/narteks.net\/index.php\/2010\/01\/14\/yesil-dus\/#breadcrumb\",\"itemListElement\":[{\"@type\":\"ListItem\",\"position\":1,\"name\":\"Anasayfa\",\"item\":\"https:\/\/narteks.net\/\"},{\"@type\":\"ListItem\",\"position\":2,\"name\":\"YE\u015e\u0130L D\u00dc\u015e\"}]},{\"@type\":\"WebSite\",\"@id\":\"https:\/\/narteks.net\/#website\",\"url\":\"https:\/\/narteks.net\/\",\"name\":\"narteks.net\",\"description\":\"K\u00fclt\u00fcr Sanat Edebiyat Felsefe\",\"publisher\":{\"@id\":\"https:\/\/narteks.net\/#organization\"},\"alternateName\":\"K\u00fclt\u00fcr Sanat Edebiyat Felsefe\",\"potentialAction\":[{\"@type\":\"SearchAction\",\"target\":{\"@type\":\"EntryPoint\",\"urlTemplate\":\"https:\/\/narteks.net\/?s={search_term_string}\"},\"query-input\":{\"@type\":\"PropertyValueSpecification\",\"valueRequired\":true,\"valueName\":\"search_term_string\"}}],\"inLanguage\":\"tr\"},{\"@type\":\"Organization\",\"@id\":\"https:\/\/narteks.net\/#organization\",\"name\":\"narteks.net\",\"url\":\"https:\/\/narteks.net\/\",\"logo\":{\"@type\":\"ImageObject\",\"inLanguage\":\"tr\",\"@id\":\"https:\/\/narteks.net\/#\/schema\/logo\/image\/\",\"url\":\"https:\/\/narteks.net\/wp-content\/uploads\/narteks.png\",\"contentUrl\":\"https:\/\/narteks.net\/wp-content\/uploads\/narteks.png\",\"width\":300,\"height\":90,\"caption\":\"narteks.net\"},\"image\":{\"@id\":\"https:\/\/narteks.net\/#\/schema\/logo\/image\/\"},\"sameAs\":[\"https:\/\/x.com\/narteks\",\"https:\/\/instagram.com\/narteksnet\"]},{\"@type\":\"Person\",\"@id\":\"https:\/\/narteks.net\/#\/schema\/person\/61f37d9834294b72d31d274e7ed79bca\",\"name\":\"Tar\u0131k\",\"image\":{\"@type\":\"ImageObject\",\"inLanguage\":\"tr\",\"@id\":\"https:\/\/narteks.net\/#\/schema\/person\/image\/\",\"url\":\"https:\/\/secure.gravatar.com\/avatar\/50865afb55632c4ae467e0af0930f6510aa2297d8014be502a55b14f3b7550cf?s=96&d=mm&r=g\",\"contentUrl\":\"https:\/\/secure.gravatar.com\/avatar\/50865afb55632c4ae467e0af0930f6510aa2297d8014be502a55b14f3b7550cf?s=96&d=mm&r=g\",\"caption\":\"Tar\u0131k\"},\"sameAs\":[\"http:\/\/narteks.net\"],\"url\":\"https:\/\/narteks.net\/index.php\/author\/narbak\/\"}]}<\/script>\n<!-- \/ Yoast SEO Premium plugin. -->","yoast_head_json":{"title":"YE\u015e\u0130L D\u00dc\u015e - narteks.net","robots":{"index":"index","follow":"follow","max-snippet":"max-snippet:-1","max-image-preview":"max-image-preview:large","max-video-preview":"max-video-preview:-1"},"canonical":"https:\/\/narteks.net\/index.php\/2010\/01\/14\/yesil-dus\/","og_locale":"tr_TR","og_type":"article","og_title":"YE\u015e\u0130L D\u00dc\u015e","og_description":"\u00a0 B\u00fct\u00fcn g\u00fcn a\u011flad\u0131m aynadaPenceremi a\u011fa\u00e7lar\u0131n ye\u015fil d\u00fc\u015f\u00fcneA\u00e7m\u0131\u015ft\u0131 baharG\u00f6vdem s\u0131\u011fm\u0131yordu yaln\u0131zl\u0131\u011f\u0131n kozas\u0131na veKokusu k\u00e2\u011f\u0131tlardan \u00f6r\u00fclm\u00fc\u015f tac\u0131m\u0131nKaplam\u0131\u015ft\u0131 g\u00f6ky\u00fcz\u00fcn\u00fc ba\u015ftan ba\u015faO g\u00fcne\u015fsiz \u00fclkenin Yapam\u0131yordum art\u0131k yapam\u0131yordumSoka\u011f\u0131n sesi bast\u0131r\u0131yordu birden ve ku\u015flar\u0131n sesiKaybolu\u015funun sesi paltoluk \u00e7ocuk kuma\u015f\u0131 toplar\u0131n\u0131n\u015eamatas\u0131 \u00e7ocuklar\u0131n\u0130plerin ucunda y\u00fckselenU\u00e7urtmalar\u0131n dans\u0131Sabun k\u00f6p\u00fckleri gibiVe r\u00fczg\u00e2rSevi\u015fmenin en derin ve karanl\u0131k an\u0131nda esmeye ba\u015flayan r\u00fczg\u00e2rZorluyorduSurlar\u0131n\u0131 g\u00fcvenimin sessiz kalesininKendi ad\u0131yla \u00e7a\u011f\u0131r\u0131yordu [&hellip;]","og_url":"https:\/\/narteks.net\/index.php\/2010\/01\/14\/yesil-dus\/","og_site_name":"narteks.net","article_published_time":"2010-01-14T09:11:17+00:00","og_image":[{"width":300,"height":90,"url":"https:\/\/narteks.net\/wp-content\/uploads\/narteks.png","type":"image\/png"}],"author":"Tar\u0131k","twitter_card":"summary_large_image","twitter_creator":"@narteks","twitter_site":"@narteks","twitter_misc":{"Yazan:":"Tar\u0131k","Tahmini okuma s\u00fcresi":"3 dakika"},"schema":{"@context":"https:\/\/schema.org","@graph":[{"@type":"Article","@id":"https:\/\/narteks.net\/index.php\/2010\/01\/14\/yesil-dus\/#article","isPartOf":{"@id":"https:\/\/narteks.net\/index.php\/2010\/01\/14\/yesil-dus\/"},"author":{"name":"Tar\u0131k","@id":"https:\/\/narteks.net\/#\/schema\/person\/61f37d9834294b72d31d274e7ed79bca"},"headline":"YE\u015e\u0130L D\u00dc\u015e","datePublished":"2010-01-14T09:11:17+00:00","mainEntityOfPage":{"@id":"https:\/\/narteks.net\/index.php\/2010\/01\/14\/yesil-dus\/"},"wordCount":525,"commentCount":0,"publisher":{"@id":"https:\/\/narteks.net\/#organization"},"articleSection":["Furu\u011f FERRUHZAD"],"inLanguage":"tr","potentialAction":[{"@type":"CommentAction","name":"Comment","target":["https:\/\/narteks.net\/index.php\/2010\/01\/14\/yesil-dus\/#respond"]}]},{"@type":"WebPage","@id":"https:\/\/narteks.net\/index.php\/2010\/01\/14\/yesil-dus\/","url":"https:\/\/narteks.net\/index.php\/2010\/01\/14\/yesil-dus\/","name":"YE\u015e\u0130L D\u00dc\u015e - narteks.net","isPartOf":{"@id":"https:\/\/narteks.net\/#website"},"datePublished":"2010-01-14T09:11:17+00:00","breadcrumb":{"@id":"https:\/\/narteks.net\/index.php\/2010\/01\/14\/yesil-dus\/#breadcrumb"},"inLanguage":"tr","potentialAction":[{"@type":"ReadAction","target":["https:\/\/narteks.net\/index.php\/2010\/01\/14\/yesil-dus\/"]}]},{"@type":"BreadcrumbList","@id":"https:\/\/narteks.net\/index.php\/2010\/01\/14\/yesil-dus\/#breadcrumb","itemListElement":[{"@type":"ListItem","position":1,"name":"Anasayfa","item":"https:\/\/narteks.net\/"},{"@type":"ListItem","position":2,"name":"YE\u015e\u0130L D\u00dc\u015e"}]},{"@type":"WebSite","@id":"https:\/\/narteks.net\/#website","url":"https:\/\/narteks.net\/","name":"narteks.net","description":"K\u00fclt\u00fcr Sanat Edebiyat Felsefe","publisher":{"@id":"https:\/\/narteks.net\/#organization"},"alternateName":"K\u00fclt\u00fcr Sanat Edebiyat Felsefe","potentialAction":[{"@type":"SearchAction","target":{"@type":"EntryPoint","urlTemplate":"https:\/\/narteks.net\/?s={search_term_string}"},"query-input":{"@type":"PropertyValueSpecification","valueRequired":true,"valueName":"search_term_string"}}],"inLanguage":"tr"},{"@type":"Organization","@id":"https:\/\/narteks.net\/#organization","name":"narteks.net","url":"https:\/\/narteks.net\/","logo":{"@type":"ImageObject","inLanguage":"tr","@id":"https:\/\/narteks.net\/#\/schema\/logo\/image\/","url":"https:\/\/narteks.net\/wp-content\/uploads\/narteks.png","contentUrl":"https:\/\/narteks.net\/wp-content\/uploads\/narteks.png","width":300,"height":90,"caption":"narteks.net"},"image":{"@id":"https:\/\/narteks.net\/#\/schema\/logo\/image\/"},"sameAs":["https:\/\/x.com\/narteks","https:\/\/instagram.com\/narteksnet"]},{"@type":"Person","@id":"https:\/\/narteks.net\/#\/schema\/person\/61f37d9834294b72d31d274e7ed79bca","name":"Tar\u0131k","image":{"@type":"ImageObject","inLanguage":"tr","@id":"https:\/\/narteks.net\/#\/schema\/person\/image\/","url":"https:\/\/secure.gravatar.com\/avatar\/50865afb55632c4ae467e0af0930f6510aa2297d8014be502a55b14f3b7550cf?s=96&d=mm&r=g","contentUrl":"https:\/\/secure.gravatar.com\/avatar\/50865afb55632c4ae467e0af0930f6510aa2297d8014be502a55b14f3b7550cf?s=96&d=mm&r=g","caption":"Tar\u0131k"},"sameAs":["http:\/\/narteks.net"],"url":"https:\/\/narteks.net\/index.php\/author\/narbak\/"}]}},"_links":{"self":[{"href":"https:\/\/narteks.net\/index.php\/wp-json\/wp\/v2\/posts\/3996","targetHints":{"allow":["GET"]}}],"collection":[{"href":"https:\/\/narteks.net\/index.php\/wp-json\/wp\/v2\/posts"}],"about":[{"href":"https:\/\/narteks.net\/index.php\/wp-json\/wp\/v2\/types\/post"}],"author":[{"embeddable":true,"href":"https:\/\/narteks.net\/index.php\/wp-json\/wp\/v2\/users\/1"}],"replies":[{"embeddable":true,"href":"https:\/\/narteks.net\/index.php\/wp-json\/wp\/v2\/comments?post=3996"}],"version-history":[{"count":0,"href":"https:\/\/narteks.net\/index.php\/wp-json\/wp\/v2\/posts\/3996\/revisions"}],"wp:attachment":[{"href":"https:\/\/narteks.net\/index.php\/wp-json\/wp\/v2\/media?parent=3996"}],"wp:term":[{"taxonomy":"category","embeddable":true,"href":"https:\/\/narteks.net\/index.php\/wp-json\/wp\/v2\/categories?post=3996"},{"taxonomy":"post_tag","embeddable":true,"href":"https:\/\/narteks.net\/index.php\/wp-json\/wp\/v2\/tags?post=3996"}],"curies":[{"name":"wp","href":"https:\/\/api.w.org\/{rel}","templated":true}]}}