{"id":3997,"date":"2010-01-14T13:49:32","date_gmt":"2010-01-14T10:49:32","guid":{"rendered":"http:\/\/localhost\/wordpress\/2010\/01\/14\/rebabin-modern-sekli-olan-kemana-melankolik-bir-anlam-katan-adam-farid-farjad-ve-eserleri\/"},"modified":"2010-01-14T13:49:32","modified_gmt":"2010-01-14T10:49:32","slug":"rebabin-modern-sekli-olan-kemana-melankolik-bir-anlam-katan-adam-farid-farjad-ve-eserleri","status":"publish","type":"post","link":"https:\/\/narteks.net\/index.php\/2010\/01\/14\/rebabin-modern-sekli-olan-kemana-melankolik-bir-anlam-katan-adam-farid-farjad-ve-eserleri\/","title":{"rendered":"Rebab&#8217;\u0131n modern \u015fekli olan kemana melankolik bir anlam katan adam | Farid Farjad ve Eserleri"},"content":{"rendered":"<p><img loading=\"lazy\" decoding=\"async\" src=\"images\/stories\/farid-farjad-keman.jpg\" border=\"0\" width=\"155\" height=\"205\" style=\"float: left;\" \/><\/p>\n<p style=\"text-align: justify;\">Eski bir Fars \u00e7alg\u0131s\u0131 olan Rebab&#8217;\u0131n modern \u015fekli olan kemana belki de tarihi ba\u011flar\u0131 nedeniyle bu kadar melankolik bir anlam y\u00fckleyebilen FARID FARJAD \u0130ranl\u0131 bir keman virt\u00fc\u00f6z\u00fc.<br \/> Farid Farjad, 1938 y\u0131l\u0131nda Tahran\u2019da do\u011fdu. 1966 y\u0131l\u0131nda Tahran M\u00fczik Konservatuar\u2019\u0131nda klasik m\u00fczik \u00fczerine master yapt\u0131. Bundan sonraki d\u00f6nemde Tahran Senfoni Orkestra\u2019s\u0131nda \u00f6nemli g\u00f6revler ald\u0131. Fars Halk M\u00fczi\u011fi\u2019nde \u00e7ok derin bir birikime sahip olan Farjad, keman ile Bat\u0131 Klasik M\u00fczi\u011fi \u00fczerinde de \u00e7al\u0131\u015fmalarda bulundu. Bat\u0131 Klasik M\u00fczi\u011fi \u00fczerindeki \u00e7al\u0131\u015fmalar\u0131 Fars m\u00fczi\u011finin geli\u015fiminde b\u00fcy\u00fck \u00f6neme sahiptir.<\/p>\n<p style=\"text-align: justify;\">\u015eu anda d\u00fcnya \u00fczerindeki en iyi keman virt\u00fc\u00f6zlerinden biri olan Farjad\u2019\u0131n An Roozha I, An Roozha II, An Roozha III, An Roozha IV ,An Roozha V olmak \u00fczere be\u015f alb\u00fcml\u00fck alb\u00fcm serisi yay\u0131mland\u0131. Ayr\u0131ca sanat\u00e7\u0131n\u0131n Golha Orkestras\u0131 adl\u0131 kolektif bir alb\u00fcmde de eserleri yay\u0131mland\u0131.<\/p>\n<p>Anroozha serisinin ilk d\u00f6rd\u00fcnde Farjad&#8217;a Abdi Yamini, be\u015finci alb\u00fcmde e\u015fi Mitra Tavakkoli Farjad piyano ile e\u015flik etmi\u015ftir.<\/p>\n<p><strong>Alb\u00fcmleri<\/strong><\/p>\n<p>Anroozha 1 (1989)<\/p>\n<p>001 &#8211; Farid Farjad Dokhtare Booyr Ahmady 5:59<br \/>002 &#8211; Farid Farjad Shekare Ahoo Va Jane Maryam 4:52<br \/>003 &#8211; Farid Farjad Simin Bary 3:50<br \/>004 &#8211; Farid Farjad Ahange Azari 8:47<br \/>005 &#8211; Farid Farjad Goleh Sang 3:33<br \/>006 &#8211; Farid Farjad Mara Beboos 5:02<br \/>007 &#8211; Farid Farjad Daryache Noor 3:55<br \/>008 &#8211; Farid Farjad Tak Derakhti 4:03<br \/>009 &#8211; Farid Farjad Sari Galin 3:37<br \/>010 &#8211; Farid Farjad Shaneh 2:49<\/p>\n<p>Anroozha 2 (1989)<\/p>\n<p>1. Farid Farjad Sahel Va Darya 6:22<br \/>2. Farid Farjad Shabhaye Tehran 4:19<br \/>3.Farid Farjad Amad Nobahar 4:17<br \/>4. Farid Farjad Soghati 5:20<br \/>5. Farid Farjad Ahange Mahali 4:38<br \/>6. Farid Farjad Ghoghaye Setaregan 3:23<br \/>7. Farid Farjad Bazgashteh 6:00<br \/>8. Farid Farjad Leyli Menal 4:44<br \/>9. Farid Farjad Mahali 1:42<br \/>10. Farid Farjad Nefrin 5:03<br \/>11. Farid Farjad Aylirigh 4:33<br \/>12. Farid Farjad Mahali Dar Na Jan 6:06<\/p>\n<p>Anroozha 3 (1990)<br \/>Anroozha 4 (1997)<br \/>Anroozha 5 (2007)<\/p>\n<div>\n<object width=\"480\" height=\"365\" data=\"http:\/\/www.dailymotion.com\/swf\/x5iy67&amp;related=0\" type=\"application\/x-shockwave-flash\"><param name=\"allowFullScreen\" value=\"true\" \/><param name=\"allowScriptAccess\" value=\"always\" \/><param name=\"src\" value=\"http:\/\/www.dailymotion.com\/swf\/x5iy67&amp;related=0\" \/><param name=\"allowfullscreen\" value=\"true\" \/><\/object><br \/>\n<br \/><strong><a href=\"http:\/\/www.dailymotion.com\/video\/x5iy67_grandhatipaga-farid-farjad_music\">GrandHatipAga &#8211;  Farid Farjad<\/a><\/strong><\/div>\n<p>\n<object width=\"400\" height=\"300\" data=\"http:\/\/www.humyo.com\/E\/10422871-281475393153799\/10422871-281475393162919\/10422871-281475393162929\/10422871-281475393162943\/10422871-281475393162979\/10422871-281475393163011\/10422871-281475393195675\/10422871-281475393195793\/10422871-281475393195857\/10422871-281475393195911\/10422871-281475393195997\/10422871-281475393196083\/10422871-281475393196157\/10422871-281475393196229\/10422871-281475393196303\/10422871-281475393196361\/10422871-281475393196469\/10422871-281475393196597\/10422871-281475393196689\/10422871-281475393196795\/10422871-281475393196873\/10422871-281475393196933?a=p7Wh4z77oJA%2Cffu323QuO7M%2C9ai7-vHb1C4%2CX-WFd5amHMY%2CNGrWeZKnOeg%2CHhWQ2mGlyuQ%2CXgdsrvINKwk%2CHGnoSMEbBXQ%2CHYaHFc_VjZw%2C0oLbA6sqjFA%2C5V9Tzt2Rs4g%2CnqoI4iLyLQ8%2CgtuC3MC8Tew%2CnMJf0cjmchg%2CZAgblRuM-rw%2COnKFWCJkg9I%2C3QkOd5TQ3SQ%2CvL-UFmsImSc%2CpmpfxQd0jng%2C-0yDFfMKDDI%2C9m2w0Sh5a4s%2CzXcXsZOWFF4\" type=\"application\/x-shockwave-flash\"><param name=\"flashvars\" value=\"autostart=true&amp;\" \/><param name=\"src\" value=\"http:\/\/www.humyo.com\/E\/10422871-281475393153799\/10422871-281475393162919\/10422871-281475393162929\/10422871-281475393162943\/10422871-281475393162979\/10422871-281475393163011\/10422871-281475393195675\/10422871-281475393195793\/10422871-281475393195857\/10422871-281475393195911\/10422871-281475393195997\/10422871-281475393196083\/10422871-281475393196157\/10422871-281475393196229\/10422871-281475393196303\/10422871-281475393196361\/10422871-281475393196469\/10422871-281475393196597\/10422871-281475393196689\/10422871-281475393196795\/10422871-281475393196873\/10422871-281475393196933?a=p7Wh4z77oJA%2Cffu323QuO7M%2C9ai7-vHb1C4%2CX-WFd5amHMY%2CNGrWeZKnOeg%2CHhWQ2mGlyuQ%2CXgdsrvINKwk%2CHGnoSMEbBXQ%2CHYaHFc_VjZw%2C0oLbA6sqjFA%2C5V9Tzt2Rs4g%2CnqoI4iLyLQ8%2CgtuC3MC8Tew%2CnMJf0cjmchg%2CZAgblRuM-rw%2COnKFWCJkg9I%2C3QkOd5TQ3SQ%2CvL-UFmsImSc%2CpmpfxQd0jng%2C-0yDFfMKDDI%2C9m2w0Sh5a4s%2CzXcXsZOWFF4\" \/><\/object><\/p>\n","protected":false},"excerpt":{"rendered":"<p>Eski bir Fars \u00e7alg\u0131s\u0131 olan Rebab&#8217;\u0131n modern \u015fekli olan kemana belki de tarihi ba\u011flar\u0131 nedeniyle bu kadar melankolik bir anlam y\u00fckleyebilen FARID FARJAD \u0130ranl\u0131 bir keman virt\u00fc\u00f6z\u00fc. Farid Farjad, 1938 y\u0131l\u0131nda Tahran\u2019da do\u011fdu. 1966 y\u0131l\u0131nda Tahran M\u00fczik Konservatuar\u2019\u0131nda klasik m\u00fczik \u00fczerine master yapt\u0131. Bundan sonraki d\u00f6nemde Tahran Senfoni Orkestra\u2019s\u0131nda \u00f6nemli g\u00f6revler ald\u0131. Fars Halk M\u00fczi\u011fi\u2019nde [&hellip;]<\/p>\n","protected":false},"author":1,"featured_media":0,"comment_status":"open","ping_status":"open","sticky":false,"template":"","format":"standard","meta":{"footnotes":""},"categories":[125],"tags":[],"class_list":{"0":"post-3997","1":"post","2":"type-post","3":"status-publish","4":"format-standard","6":"category-dunya-dan-muzik"},"yoast_head":"<!-- This site is optimized with the Yoast SEO Premium plugin v24.9 (Yoast SEO v24.9) - https:\/\/yoast.com\/wordpress\/plugins\/seo\/ -->\n<title>Rebab&#039;\u0131n modern \u015fekli olan kemana melankolik bir anlam katan adam | Farid Farjad ve Eserleri - narteks.net<\/title>\n<meta name=\"robots\" content=\"index, follow, max-snippet:-1, max-image-preview:large, max-video-preview:-1\" \/>\n<link rel=\"canonical\" href=\"https:\/\/narteks.net\/index.php\/2010\/01\/14\/rebabin-modern-sekli-olan-kemana-melankolik-bir-anlam-katan-adam-farid-farjad-ve-eserleri\/\" \/>\n<meta property=\"og:locale\" content=\"tr_TR\" \/>\n<meta property=\"og:type\" content=\"article\" \/>\n<meta property=\"og:title\" content=\"Rebab&#039;\u0131n modern \u015fekli olan kemana melankolik bir anlam katan adam | Farid Farjad ve Eserleri\" \/>\n<meta property=\"og:description\" content=\"Eski bir Fars \u00e7alg\u0131s\u0131 olan Rebab&#8217;\u0131n modern \u015fekli olan kemana belki de tarihi ba\u011flar\u0131 nedeniyle bu kadar melankolik bir anlam y\u00fckleyebilen FARID FARJAD \u0130ranl\u0131 bir keman virt\u00fc\u00f6z\u00fc. Farid Farjad, 1938 y\u0131l\u0131nda Tahran\u2019da do\u011fdu. 1966 y\u0131l\u0131nda Tahran M\u00fczik Konservatuar\u2019\u0131nda klasik m\u00fczik \u00fczerine master yapt\u0131. Bundan sonraki d\u00f6nemde Tahran Senfoni Orkestra\u2019s\u0131nda \u00f6nemli g\u00f6revler ald\u0131. Fars Halk M\u00fczi\u011fi\u2019nde [&hellip;]\" \/>\n<meta property=\"og:url\" content=\"https:\/\/narteks.net\/index.php\/2010\/01\/14\/rebabin-modern-sekli-olan-kemana-melankolik-bir-anlam-katan-adam-farid-farjad-ve-eserleri\/\" \/>\n<meta property=\"og:site_name\" content=\"narteks.net\" \/>\n<meta property=\"article:published_time\" content=\"2010-01-14T10:49:32+00:00\" \/>\n<meta property=\"og:image\" content=\"https:\/\/narteks.net\/wp-content\/uploads\/narteks.png\" \/>\n\t<meta property=\"og:image:width\" content=\"300\" \/>\n\t<meta property=\"og:image:height\" content=\"90\" \/>\n\t<meta property=\"og:image:type\" content=\"image\/png\" \/>\n<meta name=\"author\" content=\"Tar\u0131k\" \/>\n<meta name=\"twitter:card\" content=\"summary_large_image\" \/>\n<meta name=\"twitter:creator\" content=\"@narteks\" \/>\n<meta name=\"twitter:site\" content=\"@narteks\" \/>\n<meta name=\"twitter:label1\" content=\"Yazan:\" \/>\n\t<meta name=\"twitter:data1\" content=\"Tar\u0131k\" \/>\n\t<meta name=\"twitter:label2\" content=\"Tahmini okuma s\u00fcresi\" \/>\n\t<meta name=\"twitter:data2\" content=\"2 dakika\" \/>\n<script type=\"application\/ld+json\" class=\"yoast-schema-graph\">{\"@context\":\"https:\/\/schema.org\",\"@graph\":[{\"@type\":\"Article\",\"@id\":\"https:\/\/narteks.net\/index.php\/2010\/01\/14\/rebabin-modern-sekli-olan-kemana-melankolik-bir-anlam-katan-adam-farid-farjad-ve-eserleri\/#article\",\"isPartOf\":{\"@id\":\"https:\/\/narteks.net\/index.php\/2010\/01\/14\/rebabin-modern-sekli-olan-kemana-melankolik-bir-anlam-katan-adam-farid-farjad-ve-eserleri\/\"},\"author\":{\"name\":\"Tar\u0131k\",\"@id\":\"https:\/\/narteks.net\/#\/schema\/person\/61f37d9834294b72d31d274e7ed79bca\"},\"headline\":\"Rebab&#8217;\u0131n modern \u015fekli olan kemana melankolik bir anlam katan adam | Farid Farjad ve Eserleri\",\"datePublished\":\"2010-01-14T10:49:32+00:00\",\"mainEntityOfPage\":{\"@id\":\"https:\/\/narteks.net\/index.php\/2010\/01\/14\/rebabin-modern-sekli-olan-kemana-melankolik-bir-anlam-katan-adam-farid-farjad-ve-eserleri\/\"},\"wordCount\":317,\"commentCount\":0,\"publisher\":{\"@id\":\"https:\/\/narteks.net\/#organization\"},\"articleSection\":[\"D\u00fcnya'dan M\u00fczik\"],\"inLanguage\":\"tr\",\"potentialAction\":[{\"@type\":\"CommentAction\",\"name\":\"Comment\",\"target\":[\"https:\/\/narteks.net\/index.php\/2010\/01\/14\/rebabin-modern-sekli-olan-kemana-melankolik-bir-anlam-katan-adam-farid-farjad-ve-eserleri\/#respond\"]}]},{\"@type\":\"WebPage\",\"@id\":\"https:\/\/narteks.net\/index.php\/2010\/01\/14\/rebabin-modern-sekli-olan-kemana-melankolik-bir-anlam-katan-adam-farid-farjad-ve-eserleri\/\",\"url\":\"https:\/\/narteks.net\/index.php\/2010\/01\/14\/rebabin-modern-sekli-olan-kemana-melankolik-bir-anlam-katan-adam-farid-farjad-ve-eserleri\/\",\"name\":\"Rebab'\u0131n modern \u015fekli olan kemana melankolik bir anlam katan adam | Farid Farjad ve Eserleri - narteks.net\",\"isPartOf\":{\"@id\":\"https:\/\/narteks.net\/#website\"},\"datePublished\":\"2010-01-14T10:49:32+00:00\",\"breadcrumb\":{\"@id\":\"https:\/\/narteks.net\/index.php\/2010\/01\/14\/rebabin-modern-sekli-olan-kemana-melankolik-bir-anlam-katan-adam-farid-farjad-ve-eserleri\/#breadcrumb\"},\"inLanguage\":\"tr\",\"potentialAction\":[{\"@type\":\"ReadAction\",\"target\":[\"https:\/\/narteks.net\/index.php\/2010\/01\/14\/rebabin-modern-sekli-olan-kemana-melankolik-bir-anlam-katan-adam-farid-farjad-ve-eserleri\/\"]}]},{\"@type\":\"BreadcrumbList\",\"@id\":\"https:\/\/narteks.net\/index.php\/2010\/01\/14\/rebabin-modern-sekli-olan-kemana-melankolik-bir-anlam-katan-adam-farid-farjad-ve-eserleri\/#breadcrumb\",\"itemListElement\":[{\"@type\":\"ListItem\",\"position\":1,\"name\":\"Anasayfa\",\"item\":\"https:\/\/narteks.net\/\"},{\"@type\":\"ListItem\",\"position\":2,\"name\":\"Rebab&#8217;\u0131n modern \u015fekli olan kemana melankolik bir anlam katan adam | Farid Farjad ve Eserleri\"}]},{\"@type\":\"WebSite\",\"@id\":\"https:\/\/narteks.net\/#website\",\"url\":\"https:\/\/narteks.net\/\",\"name\":\"narteks.net\",\"description\":\"K\u00fclt\u00fcr Sanat Edebiyat Felsefe\",\"publisher\":{\"@id\":\"https:\/\/narteks.net\/#organization\"},\"alternateName\":\"K\u00fclt\u00fcr Sanat Edebiyat Felsefe\",\"potentialAction\":[{\"@type\":\"SearchAction\",\"target\":{\"@type\":\"EntryPoint\",\"urlTemplate\":\"https:\/\/narteks.net\/?s={search_term_string}\"},\"query-input\":{\"@type\":\"PropertyValueSpecification\",\"valueRequired\":true,\"valueName\":\"search_term_string\"}}],\"inLanguage\":\"tr\"},{\"@type\":\"Organization\",\"@id\":\"https:\/\/narteks.net\/#organization\",\"name\":\"narteks.net\",\"url\":\"https:\/\/narteks.net\/\",\"logo\":{\"@type\":\"ImageObject\",\"inLanguage\":\"tr\",\"@id\":\"https:\/\/narteks.net\/#\/schema\/logo\/image\/\",\"url\":\"https:\/\/narteks.net\/wp-content\/uploads\/narteks.png\",\"contentUrl\":\"https:\/\/narteks.net\/wp-content\/uploads\/narteks.png\",\"width\":300,\"height\":90,\"caption\":\"narteks.net\"},\"image\":{\"@id\":\"https:\/\/narteks.net\/#\/schema\/logo\/image\/\"},\"sameAs\":[\"https:\/\/x.com\/narteks\",\"https:\/\/instagram.com\/narteksnet\"]},{\"@type\":\"Person\",\"@id\":\"https:\/\/narteks.net\/#\/schema\/person\/61f37d9834294b72d31d274e7ed79bca\",\"name\":\"Tar\u0131k\",\"image\":{\"@type\":\"ImageObject\",\"inLanguage\":\"tr\",\"@id\":\"https:\/\/narteks.net\/#\/schema\/person\/image\/\",\"url\":\"https:\/\/secure.gravatar.com\/avatar\/50865afb55632c4ae467e0af0930f6510aa2297d8014be502a55b14f3b7550cf?s=96&d=mm&r=g\",\"contentUrl\":\"https:\/\/secure.gravatar.com\/avatar\/50865afb55632c4ae467e0af0930f6510aa2297d8014be502a55b14f3b7550cf?s=96&d=mm&r=g\",\"caption\":\"Tar\u0131k\"},\"sameAs\":[\"http:\/\/narteks.net\"],\"url\":\"https:\/\/narteks.net\/index.php\/author\/narbak\/\"}]}<\/script>\n<!-- \/ Yoast SEO Premium plugin. -->","yoast_head_json":{"title":"Rebab'\u0131n modern \u015fekli olan kemana melankolik bir anlam katan adam | Farid Farjad ve Eserleri - narteks.net","robots":{"index":"index","follow":"follow","max-snippet":"max-snippet:-1","max-image-preview":"max-image-preview:large","max-video-preview":"max-video-preview:-1"},"canonical":"https:\/\/narteks.net\/index.php\/2010\/01\/14\/rebabin-modern-sekli-olan-kemana-melankolik-bir-anlam-katan-adam-farid-farjad-ve-eserleri\/","og_locale":"tr_TR","og_type":"article","og_title":"Rebab'\u0131n modern \u015fekli olan kemana melankolik bir anlam katan adam | Farid Farjad ve Eserleri","og_description":"Eski bir Fars \u00e7alg\u0131s\u0131 olan Rebab&#8217;\u0131n modern \u015fekli olan kemana belki de tarihi ba\u011flar\u0131 nedeniyle bu kadar melankolik bir anlam y\u00fckleyebilen FARID FARJAD \u0130ranl\u0131 bir keman virt\u00fc\u00f6z\u00fc. Farid Farjad, 1938 y\u0131l\u0131nda Tahran\u2019da do\u011fdu. 1966 y\u0131l\u0131nda Tahran M\u00fczik Konservatuar\u2019\u0131nda klasik m\u00fczik \u00fczerine master yapt\u0131. Bundan sonraki d\u00f6nemde Tahran Senfoni Orkestra\u2019s\u0131nda \u00f6nemli g\u00f6revler ald\u0131. Fars Halk M\u00fczi\u011fi\u2019nde [&hellip;]","og_url":"https:\/\/narteks.net\/index.php\/2010\/01\/14\/rebabin-modern-sekli-olan-kemana-melankolik-bir-anlam-katan-adam-farid-farjad-ve-eserleri\/","og_site_name":"narteks.net","article_published_time":"2010-01-14T10:49:32+00:00","og_image":[{"width":300,"height":90,"url":"https:\/\/narteks.net\/wp-content\/uploads\/narteks.png","type":"image\/png"}],"author":"Tar\u0131k","twitter_card":"summary_large_image","twitter_creator":"@narteks","twitter_site":"@narteks","twitter_misc":{"Yazan:":"Tar\u0131k","Tahmini okuma s\u00fcresi":"2 dakika"},"schema":{"@context":"https:\/\/schema.org","@graph":[{"@type":"Article","@id":"https:\/\/narteks.net\/index.php\/2010\/01\/14\/rebabin-modern-sekli-olan-kemana-melankolik-bir-anlam-katan-adam-farid-farjad-ve-eserleri\/#article","isPartOf":{"@id":"https:\/\/narteks.net\/index.php\/2010\/01\/14\/rebabin-modern-sekli-olan-kemana-melankolik-bir-anlam-katan-adam-farid-farjad-ve-eserleri\/"},"author":{"name":"Tar\u0131k","@id":"https:\/\/narteks.net\/#\/schema\/person\/61f37d9834294b72d31d274e7ed79bca"},"headline":"Rebab&#8217;\u0131n modern \u015fekli olan kemana melankolik bir anlam katan adam | Farid Farjad ve Eserleri","datePublished":"2010-01-14T10:49:32+00:00","mainEntityOfPage":{"@id":"https:\/\/narteks.net\/index.php\/2010\/01\/14\/rebabin-modern-sekli-olan-kemana-melankolik-bir-anlam-katan-adam-farid-farjad-ve-eserleri\/"},"wordCount":317,"commentCount":0,"publisher":{"@id":"https:\/\/narteks.net\/#organization"},"articleSection":["D\u00fcnya'dan M\u00fczik"],"inLanguage":"tr","potentialAction":[{"@type":"CommentAction","name":"Comment","target":["https:\/\/narteks.net\/index.php\/2010\/01\/14\/rebabin-modern-sekli-olan-kemana-melankolik-bir-anlam-katan-adam-farid-farjad-ve-eserleri\/#respond"]}]},{"@type":"WebPage","@id":"https:\/\/narteks.net\/index.php\/2010\/01\/14\/rebabin-modern-sekli-olan-kemana-melankolik-bir-anlam-katan-adam-farid-farjad-ve-eserleri\/","url":"https:\/\/narteks.net\/index.php\/2010\/01\/14\/rebabin-modern-sekli-olan-kemana-melankolik-bir-anlam-katan-adam-farid-farjad-ve-eserleri\/","name":"Rebab'\u0131n modern \u015fekli olan kemana melankolik bir anlam katan adam | Farid Farjad ve Eserleri - narteks.net","isPartOf":{"@id":"https:\/\/narteks.net\/#website"},"datePublished":"2010-01-14T10:49:32+00:00","breadcrumb":{"@id":"https:\/\/narteks.net\/index.php\/2010\/01\/14\/rebabin-modern-sekli-olan-kemana-melankolik-bir-anlam-katan-adam-farid-farjad-ve-eserleri\/#breadcrumb"},"inLanguage":"tr","potentialAction":[{"@type":"ReadAction","target":["https:\/\/narteks.net\/index.php\/2010\/01\/14\/rebabin-modern-sekli-olan-kemana-melankolik-bir-anlam-katan-adam-farid-farjad-ve-eserleri\/"]}]},{"@type":"BreadcrumbList","@id":"https:\/\/narteks.net\/index.php\/2010\/01\/14\/rebabin-modern-sekli-olan-kemana-melankolik-bir-anlam-katan-adam-farid-farjad-ve-eserleri\/#breadcrumb","itemListElement":[{"@type":"ListItem","position":1,"name":"Anasayfa","item":"https:\/\/narteks.net\/"},{"@type":"ListItem","position":2,"name":"Rebab&#8217;\u0131n modern \u015fekli olan kemana melankolik bir anlam katan adam | Farid Farjad ve Eserleri"}]},{"@type":"WebSite","@id":"https:\/\/narteks.net\/#website","url":"https:\/\/narteks.net\/","name":"narteks.net","description":"K\u00fclt\u00fcr Sanat Edebiyat Felsefe","publisher":{"@id":"https:\/\/narteks.net\/#organization"},"alternateName":"K\u00fclt\u00fcr Sanat Edebiyat Felsefe","potentialAction":[{"@type":"SearchAction","target":{"@type":"EntryPoint","urlTemplate":"https:\/\/narteks.net\/?s={search_term_string}"},"query-input":{"@type":"PropertyValueSpecification","valueRequired":true,"valueName":"search_term_string"}}],"inLanguage":"tr"},{"@type":"Organization","@id":"https:\/\/narteks.net\/#organization","name":"narteks.net","url":"https:\/\/narteks.net\/","logo":{"@type":"ImageObject","inLanguage":"tr","@id":"https:\/\/narteks.net\/#\/schema\/logo\/image\/","url":"https:\/\/narteks.net\/wp-content\/uploads\/narteks.png","contentUrl":"https:\/\/narteks.net\/wp-content\/uploads\/narteks.png","width":300,"height":90,"caption":"narteks.net"},"image":{"@id":"https:\/\/narteks.net\/#\/schema\/logo\/image\/"},"sameAs":["https:\/\/x.com\/narteks","https:\/\/instagram.com\/narteksnet"]},{"@type":"Person","@id":"https:\/\/narteks.net\/#\/schema\/person\/61f37d9834294b72d31d274e7ed79bca","name":"Tar\u0131k","image":{"@type":"ImageObject","inLanguage":"tr","@id":"https:\/\/narteks.net\/#\/schema\/person\/image\/","url":"https:\/\/secure.gravatar.com\/avatar\/50865afb55632c4ae467e0af0930f6510aa2297d8014be502a55b14f3b7550cf?s=96&d=mm&r=g","contentUrl":"https:\/\/secure.gravatar.com\/avatar\/50865afb55632c4ae467e0af0930f6510aa2297d8014be502a55b14f3b7550cf?s=96&d=mm&r=g","caption":"Tar\u0131k"},"sameAs":["http:\/\/narteks.net"],"url":"https:\/\/narteks.net\/index.php\/author\/narbak\/"}]}},"_links":{"self":[{"href":"https:\/\/narteks.net\/index.php\/wp-json\/wp\/v2\/posts\/3997","targetHints":{"allow":["GET"]}}],"collection":[{"href":"https:\/\/narteks.net\/index.php\/wp-json\/wp\/v2\/posts"}],"about":[{"href":"https:\/\/narteks.net\/index.php\/wp-json\/wp\/v2\/types\/post"}],"author":[{"embeddable":true,"href":"https:\/\/narteks.net\/index.php\/wp-json\/wp\/v2\/users\/1"}],"replies":[{"embeddable":true,"href":"https:\/\/narteks.net\/index.php\/wp-json\/wp\/v2\/comments?post=3997"}],"version-history":[{"count":0,"href":"https:\/\/narteks.net\/index.php\/wp-json\/wp\/v2\/posts\/3997\/revisions"}],"wp:attachment":[{"href":"https:\/\/narteks.net\/index.php\/wp-json\/wp\/v2\/media?parent=3997"}],"wp:term":[{"taxonomy":"category","embeddable":true,"href":"https:\/\/narteks.net\/index.php\/wp-json\/wp\/v2\/categories?post=3997"},{"taxonomy":"post_tag","embeddable":true,"href":"https:\/\/narteks.net\/index.php\/wp-json\/wp\/v2\/tags?post=3997"}],"curies":[{"name":"wp","href":"https:\/\/api.w.org\/{rel}","templated":true}]}}